{"id":8848,"date":"2023-05-11T12:16:46","date_gmt":"2023-05-11T12:16:46","guid":{"rendered":"https:\/\/proagrolab.com.ar\/?p=8848"},"modified":"2023-05-11T15:52:03","modified_gmt":"2023-05-11T15:52:03","slug":"conozca-las-formas-de-hacer-el-proceso-de-secado-de-la-ubre","status":"publish","type":"post","link":"https:\/\/proagrolab.com.ar\/en\/conozca-las-formas-de-hacer-el-proceso-de-secado-de-la-ubre\/","title":{"rendered":"\u00bfCu\u00e1les son las formas de hacer el proceso de secado de la ubre?"},"content":{"rendered":"<p class=\"qtranxs-available-languages-message qtranxs-available-languages-message-en\"> <\/p><p><\/p>\n<div class=\"single-teaser\">Con el proceso de secado de la ubre se busca dejar descansar la gl\u00e1ndula mamaria de la vaca durante un tiempo para que esta se recupere y prepare para <strong>producir<\/strong> <b>leche en cantidad y calidad<\/b>.<\/div>\n<div class=\"single-teaser\">Este proceso se puede realizar de <strong>2 formas<\/strong>: una de ellas es el <strong>secado brusco<\/strong>, que se lleva a cabo mediante la utilizaci\u00f3n de <strong>antibi\u00f3ticos de acci\u00f3n lenta<\/strong>; y el otro m\u00e9todo es el<strong> secado gradual<\/strong>.<\/div>\n<div class=\"single-detail\">\n<div>\u00a0<\/div>\n<div>El productor tradicional percibe al ganado seco como improductivo y no tiene en cuenta que se trata de un per\u00edodo de adaptaci\u00f3n. <strong>De un correcto secado depender\u00e1 una posterior lactancia<\/strong>.<\/div>\n<div>\u00a0<\/div>\n<div>Eduar Ram\u00edrez Ospina, m\u00e9dico veterinario y experto en manejo animal, explic\u00f3 que el secado en las hembras se debe realizar de acuerdo a la pre\u00f1ez que tengan. Apunt\u00f3 que <strong>lo ideal ser\u00eda darle un descanso a la gl\u00e1ndula mamaria como m\u00ednimo de 60 d\u00edas previos al siguiente parto<\/strong>.<\/div>\n<div>\u00a0<\/div>\n<div>Si el <strong>per\u00edodo de secado es corto la vaca no producir\u00e1 un buen calostro para la cr\u00eda,<\/strong> <strong>ni tendr\u00e1 una buena producci\u00f3n de leche.<\/strong> <em>\u201cEl animal debe secarse m\u00e1ximo cuando est\u00e1 sobre los 7 meses de pre\u00f1ez. Muchos ganaderos no palpan y secan la vaca cuando est\u00e1 pr\u00f3xima al parto. Como no le otorgan un tiempo m\u00ednimo de descanso a la ubre, lo m\u00e1s probable es que el pr\u00f3ximo per\u00edodo de lactancia sea regular\u201c<\/em>, asever\u00f3.<\/div>\n<div>\u00a0<\/div>\n<div>Leonardo S\u00e1nchez, m\u00e9dico veterinario, se\u00f1al\u00f3 que una vez la vaca est\u00e1 seca, <strong>debe recibir forrajes de alta calidad sin concentrados.<\/strong> Posteriormente, se ir\u00e1 preparando para recibir este \u00faltimo alimento que generar\u00e1 en ella una reserva de nutrientes para cuando produzca leche. <em>\u201cCon eso se garantizar\u00e1 el pico de la lactancia\u201d<\/em>, recalc\u00f3.<\/div>\n<div>\u00a0<\/div>\n<div>En cuanto a las formas de secar, Ram\u00edrez Ospina indic\u00f3 que hay dos. En el<strong> secado brusco<\/strong>, se utilizan antibi\u00f3ticos de acci\u00f3n lenta. El productor o encargado debe orde\u00f1ar por \u00faltima vez a la vaca, aplicar el producto en cada cuarto mamario y el animal se secar\u00e1 por acci\u00f3n del medicamento.<\/div>\n<\/div>\n<div>\u00a0<\/div>\n<div>Desde <strong>Laboratorio Proagro<\/strong> recomendamos <a href=\"https:\/\/proagrolab.com.ar\/producto\/pro-sec\/\"><strong>Pro-sec, <\/strong><\/a>una jeringa de secado con una asociaci\u00f3n antibi\u00f3tica (Penicilina + Neomicina) de amplio espectro que act\u00faa contra los microorganismos causantes de mastitis, <strong>combatiendo las mastitis no curadas<\/strong> <strong>durante la lactancia<\/strong> y <strong>previniendo nuevas infecciones mamarias<\/strong> en las primeras 3 semanas del per\u00edodo seco.\u00a0<\/div>\n<div class=\"single-detail\">\n<div>\u00a0<\/div>\n<div>En el <strong>secado gradual, <\/strong>con el solo hecho de dejar de estimular la gl\u00e1ndula mamaria poco a poco se produce el secado, es decir, en vez de orde\u00f1ar 2 veces al d\u00eda, se puede hacer una vez durante 1 o 2 d\u00edas y luego se va aumentando el tiempo entre una extracci\u00f3n y otra.\u00a0<\/div>\n<\/div>\n<div>\u00a0<\/div>\n<div>Fuente:\u00a0<a href=\"http:\/\/www.agromeat.com\/194584\/conozca-las-formas-de-hacer-el-proceso-de-secado-de-la-ubre\">http:\/\/www.agromeat.com\/194584\/conozca-las-formas-de-hacer-el-proceso-de-secado-de-la-ubre<\/a><\/div>\n<p><\/p>","protected":false},"excerpt":{"rendered":"<p>Con el proceso de secado de la ubre se busca dejar descansar la gl\u00e1ndula mamaria de la vaca durante un tiempo para que esta se recupere y prepare para producir leche en cantidad y calidad. Este proceso se puede realizar de 2 formas: una de ellas es el secado brusco, que se lleva a cabo mediante la utilizaci\u00f3n de antibi\u00f3ticos de acci\u00f3n lenta; y el otro m\u00e9todo es el secado gradual. \u00a0 El productor tradicional percibe al ganado seco como improductivo y no tiene en cuenta que se trata de un per\u00edodo de adaptaci\u00f3n. De un correcto secado depender\u00e1 una posterior lactancia. \u00a0 Eduar Ram\u00edrez Ospina, m\u00e9dico veterinario y experto en manejo animal, explic\u00f3 que el secado en las hembras se debe realizar de acuerdo a la pre\u00f1ez que tengan. Apunt\u00f3 que lo ideal ser\u00eda darle un descanso a la gl\u00e1ndula mamaria como m\u00ednimo de 60 d\u00edas previos al siguiente parto. \u00a0 Si el per\u00edodo de secado es corto la vaca no producir\u00e1 un buen calostro para la cr\u00eda, ni tendr\u00e1 una buena producci\u00f3n de leche. \u201cEl animal debe secarse m\u00e1ximo cuando est\u00e1 sobre los 7 meses de pre\u00f1ez. Muchos ganaderos no palpan y secan la vaca cuando est\u00e1 pr\u00f3xima [&hellip;]<\/p>\n","protected":false},"author":3,"featured_media":27491,"comment_status":"closed","ping_status":"open","sticky":false,"template":"","format":"image","meta":{"_acf_changed":false,"footnotes":""},"categories":[56],"tags":[],"class_list":["post-8848","post","type-post","status-publish","format-image","has-post-thumbnail","hentry","category-infoganadero","post_format-post-format-image"],"acf":[],"yoast_head":"<!-- This site is optimized with the Yoast SEO plugin v27.5 - https:\/\/yoast.com\/product\/yoast-seo-wordpress\/ -->\n<title>\u00bfCu\u00e1les son las formas de hacer el proceso de secado de la ubre? | Proagro<\/title>\n<meta name=\"robots\" content=\"index, follow, max-snippet:-1, max-image-preview:large, max-video-preview:-1\" \/>\n<link rel=\"canonical\" href=\"https:\/\/proagrolab.com.ar\/en\/conozca-las-formas-de-hacer-el-proceso-de-secado-de-la-ubre\/\" \/>\n<meta property=\"og:locale\" content=\"en_US\" \/>\n<meta property=\"og:type\" content=\"article\" \/>\n<meta property=\"og:title\" content=\"\u00bfCu\u00e1les son las formas de hacer el proceso de secado de la ubre? | Proagro\" \/>\n<meta property=\"og:description\" content=\"Con el proceso de secado de la ubre se busca dejar descansar la gl\u00e1ndula mamaria de la vaca durante un tiempo para que esta se recupere y prepare para producir leche en cantidad y calidad. Este proceso se puede realizar de 2 formas: una de ellas es el secado brusco, que se lleva a cabo mediante la utilizaci\u00f3n de antibi\u00f3ticos de acci\u00f3n lenta; y el otro m\u00e9todo es el secado gradual. \u00a0 El productor tradicional percibe al ganado seco como improductivo y no tiene en cuenta que se trata de un per\u00edodo de adaptaci\u00f3n. De un correcto secado depender\u00e1 una posterior lactancia. \u00a0 Eduar Ram\u00edrez Ospina, m\u00e9dico veterinario y experto en manejo animal, explic\u00f3 que el secado en las hembras se debe realizar de acuerdo a la pre\u00f1ez que tengan. Apunt\u00f3 que lo ideal ser\u00eda darle un descanso a la gl\u00e1ndula mamaria como m\u00ednimo de 60 d\u00edas previos al siguiente parto. \u00a0 Si el per\u00edodo de secado es corto la vaca no producir\u00e1 un buen calostro para la cr\u00eda, ni tendr\u00e1 una buena producci\u00f3n de leche. \u201cEl animal debe secarse m\u00e1ximo cuando est\u00e1 sobre los 7 meses de pre\u00f1ez. Muchos ganaderos no palpan y secan la vaca cuando est\u00e1 pr\u00f3xima [&hellip;]\" \/>\n<meta property=\"og:url\" content=\"https:\/\/proagrolab.com.ar\/conozca-las-formas-de-hacer-el-proceso-de-secado-de-la-ubre\/\" \/>\n<meta property=\"og:site_name\" content=\"Proagro\" \/>\n<meta property=\"article:publisher\" content=\"http:\/\/www.facebook.com\/proagrolab\" \/>\n<meta property=\"article:published_time\" content=\"2023-05-11T12:16:46+00:00\" \/>\n<meta property=\"article:modified_time\" content=\"2023-05-11T15:52:03+00:00\" \/>\n<meta property=\"og:image\" content=\"https:\/\/proagrolab.com.ar\/wp-content\/uploads\/2016\/11\/Proagro_Blog_Pro-sec_734x291-2.jpg\" \/>\n\t<meta property=\"og:image:width\" content=\"735\" \/>\n\t<meta property=\"og:image:height\" content=\"292\" \/>\n\t<meta property=\"og:image:type\" content=\"image\/jpeg\" \/>\n<meta name=\"author\" content=\"Editor Proagro\" \/>\n<meta name=\"twitter:card\" content=\"summary_large_image\" \/>\n<meta name=\"twitter:label1\" content=\"Written by\" \/>\n\t<meta name=\"twitter:data1\" content=\"Editor Proagro\" \/>\n\t<meta name=\"twitter:label2\" content=\"Est. reading time\" \/>\n\t<meta name=\"twitter:data2\" content=\"2 minutes\" \/>\n<script type=\"application\/ld+json\" class=\"yoast-schema-graph\">{\"@context\":\"https:\\\/\\\/schema.org\",\"@graph\":[{\"@type\":\"Article\",\"@id\":\"https:\\\/\\\/proagrolab.com.ar\\\/conozca-las-formas-de-hacer-el-proceso-de-secado-de-la-ubre\\\/#article\",\"isPartOf\":{\"@id\":\"https:\\\/\\\/proagrolab.com.ar\\\/conozca-las-formas-de-hacer-el-proceso-de-secado-de-la-ubre\\\/\"},\"author\":{\"name\":\"Editor Proagro\",\"@id\":\"https:\\\/\\\/proagrolab.com.ar\\\/#\\\/schema\\\/person\\\/b23080c7caf108441a11c7bf48f17d4d\"},\"headline\":\"\u00bfCu\u00e1les son las formas de hacer el proceso de secado de la ubre?\",\"datePublished\":\"2023-05-11T12:16:46+00:00\",\"dateModified\":\"2023-05-11T15:52:03+00:00\",\"mainEntityOfPage\":{\"@id\":\"https:\\\/\\\/proagrolab.com.ar\\\/conozca-las-formas-de-hacer-el-proceso-de-secado-de-la-ubre\\\/\"},\"wordCount\":483,\"publisher\":{\"@id\":\"https:\\\/\\\/proagrolab.com.ar\\\/#organization\"},\"image\":{\"@id\":\"https:\\\/\\\/proagrolab.com.ar\\\/conozca-las-formas-de-hacer-el-proceso-de-secado-de-la-ubre\\\/#primaryimage\"},\"thumbnailUrl\":\"https:\\\/\\\/proagrolab.com.ar\\\/wp-content\\\/uploads\\\/2016\\\/11\\\/Proagro_Blog_Pro-sec_734x291-2.jpg\",\"articleSection\":[\"News\"],\"inLanguage\":\"en-US\"},{\"@type\":\"WebPage\",\"@id\":\"https:\\\/\\\/proagrolab.com.ar\\\/conozca-las-formas-de-hacer-el-proceso-de-secado-de-la-ubre\\\/\",\"url\":\"https:\\\/\\\/proagrolab.com.ar\\\/conozca-las-formas-de-hacer-el-proceso-de-secado-de-la-ubre\\\/\",\"name\":\"\u00bfCu\u00e1les son las formas de hacer el proceso de secado de la ubre? | Proagro\",\"isPartOf\":{\"@id\":\"https:\\\/\\\/proagrolab.com.ar\\\/#website\"},\"primaryImageOfPage\":{\"@id\":\"https:\\\/\\\/proagrolab.com.ar\\\/conozca-las-formas-de-hacer-el-proceso-de-secado-de-la-ubre\\\/#primaryimage\"},\"image\":{\"@id\":\"https:\\\/\\\/proagrolab.com.ar\\\/conozca-las-formas-de-hacer-el-proceso-de-secado-de-la-ubre\\\/#primaryimage\"},\"thumbnailUrl\":\"https:\\\/\\\/proagrolab.com.ar\\\/wp-content\\\/uploads\\\/2016\\\/11\\\/Proagro_Blog_Pro-sec_734x291-2.jpg\",\"datePublished\":\"2023-05-11T12:16:46+00:00\",\"dateModified\":\"2023-05-11T15:52:03+00:00\",\"breadcrumb\":{\"@id\":\"https:\\\/\\\/proagrolab.com.ar\\\/conozca-las-formas-de-hacer-el-proceso-de-secado-de-la-ubre\\\/#breadcrumb\"},\"inLanguage\":\"en-US\",\"potentialAction\":[{\"@type\":\"ReadAction\",\"target\":[\"https:\\\/\\\/proagrolab.com.ar\\\/conozca-las-formas-de-hacer-el-proceso-de-secado-de-la-ubre\\\/\"]}]},{\"@type\":\"ImageObject\",\"inLanguage\":\"en-US\",\"@id\":\"https:\\\/\\\/proagrolab.com.ar\\\/conozca-las-formas-de-hacer-el-proceso-de-secado-de-la-ubre\\\/#primaryimage\",\"url\":\"https:\\\/\\\/proagrolab.com.ar\\\/wp-content\\\/uploads\\\/2016\\\/11\\\/Proagro_Blog_Pro-sec_734x291-2.jpg\",\"contentUrl\":\"https:\\\/\\\/proagrolab.com.ar\\\/wp-content\\\/uploads\\\/2016\\\/11\\\/Proagro_Blog_Pro-sec_734x291-2.jpg\",\"width\":735,\"height\":292},{\"@type\":\"BreadcrumbList\",\"@id\":\"https:\\\/\\\/proagrolab.com.ar\\\/conozca-las-formas-de-hacer-el-proceso-de-secado-de-la-ubre\\\/#breadcrumb\",\"itemListElement\":[{\"@type\":\"ListItem\",\"position\":1,\"name\":\"Portada\",\"item\":\"https:\\\/\\\/proagrolab.com.ar\\\/\"},{\"@type\":\"ListItem\",\"position\":2,\"name\":\"\u00bfCu\u00e1les son las formas de hacer el proceso de secado de la ubre?\"}]},{\"@type\":\"WebSite\",\"@id\":\"https:\\\/\\\/proagrolab.com.ar\\\/#website\",\"url\":\"https:\\\/\\\/proagrolab.com.ar\\\/\",\"name\":\"Proagro Laboratorio Veterinario\",\"description\":\"Veterinary laboratory\",\"publisher\":{\"@id\":\"https:\\\/\\\/proagrolab.com.ar\\\/#organization\"},\"potentialAction\":[{\"@type\":\"SearchAction\",\"target\":{\"@type\":\"EntryPoint\",\"urlTemplate\":\"https:\\\/\\\/proagrolab.com.ar\\\/?s={search_term_string}\"},\"query-input\":{\"@type\":\"PropertyValueSpecification\",\"valueRequired\":true,\"valueName\":\"search_term_string\"}}],\"inLanguage\":\"en-US\"},{\"@type\":\"Organization\",\"@id\":\"https:\\\/\\\/proagrolab.com.ar\\\/#organization\",\"name\":\"Proagro\",\"url\":\"https:\\\/\\\/proagrolab.com.ar\\\/\",\"logo\":{\"@type\":\"ImageObject\",\"inLanguage\":\"en-US\",\"@id\":\"https:\\\/\\\/proagrolab.com.ar\\\/#\\\/schema\\\/logo\\\/image\\\/\",\"url\":\"https:\\\/\\\/proagrolab.com.ar\\\/wp-content\\\/uploads\\\/2020\\\/04\\\/logo-retina.png\",\"contentUrl\":\"https:\\\/\\\/proagrolab.com.ar\\\/wp-content\\\/uploads\\\/2020\\\/04\\\/logo-retina.png\",\"width\":478,\"height\":120,\"caption\":\"Proagro\"},\"image\":{\"@id\":\"https:\\\/\\\/proagrolab.com.ar\\\/#\\\/schema\\\/logo\\\/image\\\/\"},\"sameAs\":[\"http:\\\/\\\/www.facebook.com\\\/proagrolab\",\"https:\\\/\\\/www.instagram.com\\\/proagrolab\\\/\",\"https:\\\/\\\/www.linkedin.com\\\/company\\\/laboratorio-proagro-s-a\\\/\"]},{\"@type\":\"Person\",\"@id\":\"https:\\\/\\\/proagrolab.com.ar\\\/#\\\/schema\\\/person\\\/b23080c7caf108441a11c7bf48f17d4d\",\"name\":\"Editor Proagro\"}]}<\/script>\n<!-- \/ Yoast SEO plugin. -->","yoast_head_json":{"title":"\u00bfCu\u00e1les son las formas de hacer el proceso de secado de la ubre? | Proagro","robots":{"index":"index","follow":"follow","max-snippet":"max-snippet:-1","max-image-preview":"max-image-preview:large","max-video-preview":"max-video-preview:-1"},"canonical":"https:\/\/proagrolab.com.ar\/en\/conozca-las-formas-de-hacer-el-proceso-de-secado-de-la-ubre\/","og_locale":"en_US","og_type":"article","og_title":"\u00bfCu\u00e1les son las formas de hacer el proceso de secado de la ubre? | Proagro","og_description":"Con el proceso de secado de la ubre se busca dejar descansar la gl\u00e1ndula mamaria de la vaca durante un tiempo para que esta se recupere y prepare para producir leche en cantidad y calidad. Este proceso se puede realizar de 2 formas: una de ellas es el secado brusco, que se lleva a cabo mediante la utilizaci\u00f3n de antibi\u00f3ticos de acci\u00f3n lenta; y el otro m\u00e9todo es el secado gradual. \u00a0 El productor tradicional percibe al ganado seco como improductivo y no tiene en cuenta que se trata de un per\u00edodo de adaptaci\u00f3n. De un correcto secado depender\u00e1 una posterior lactancia. \u00a0 Eduar Ram\u00edrez Ospina, m\u00e9dico veterinario y experto en manejo animal, explic\u00f3 que el secado en las hembras se debe realizar de acuerdo a la pre\u00f1ez que tengan. Apunt\u00f3 que lo ideal ser\u00eda darle un descanso a la gl\u00e1ndula mamaria como m\u00ednimo de 60 d\u00edas previos al siguiente parto. \u00a0 Si el per\u00edodo de secado es corto la vaca no producir\u00e1 un buen calostro para la cr\u00eda, ni tendr\u00e1 una buena producci\u00f3n de leche. \u201cEl animal debe secarse m\u00e1ximo cuando est\u00e1 sobre los 7 meses de pre\u00f1ez. Muchos ganaderos no palpan y secan la vaca cuando est\u00e1 pr\u00f3xima [&hellip;]","og_url":"https:\/\/proagrolab.com.ar\/conozca-las-formas-de-hacer-el-proceso-de-secado-de-la-ubre\/","og_site_name":"Proagro","article_publisher":"http:\/\/www.facebook.com\/proagrolab","article_published_time":"2023-05-11T12:16:46+00:00","article_modified_time":"2023-05-11T15:52:03+00:00","og_image":[{"width":735,"height":292,"url":"https:\/\/proagrolab.com.ar\/wp-content\/uploads\/2016\/11\/Proagro_Blog_Pro-sec_734x291-2.jpg","type":"image\/jpeg"}],"author":"Editor Proagro","twitter_card":"summary_large_image","twitter_misc":{"Written by":"Editor Proagro","Est. reading time":"2 minutes"},"schema":{"@context":"https:\/\/schema.org","@graph":[{"@type":"Article","@id":"https:\/\/proagrolab.com.ar\/conozca-las-formas-de-hacer-el-proceso-de-secado-de-la-ubre\/#article","isPartOf":{"@id":"https:\/\/proagrolab.com.ar\/conozca-las-formas-de-hacer-el-proceso-de-secado-de-la-ubre\/"},"author":{"name":"Editor Proagro","@id":"https:\/\/proagrolab.com.ar\/#\/schema\/person\/b23080c7caf108441a11c7bf48f17d4d"},"headline":"\u00bfCu\u00e1les son las formas de hacer el proceso de secado de la ubre?","datePublished":"2023-05-11T12:16:46+00:00","dateModified":"2023-05-11T15:52:03+00:00","mainEntityOfPage":{"@id":"https:\/\/proagrolab.com.ar\/conozca-las-formas-de-hacer-el-proceso-de-secado-de-la-ubre\/"},"wordCount":483,"publisher":{"@id":"https:\/\/proagrolab.com.ar\/#organization"},"image":{"@id":"https:\/\/proagrolab.com.ar\/conozca-las-formas-de-hacer-el-proceso-de-secado-de-la-ubre\/#primaryimage"},"thumbnailUrl":"https:\/\/proagrolab.com.ar\/wp-content\/uploads\/2016\/11\/Proagro_Blog_Pro-sec_734x291-2.jpg","articleSection":["News"],"inLanguage":"en-US"},{"@type":"WebPage","@id":"https:\/\/proagrolab.com.ar\/conozca-las-formas-de-hacer-el-proceso-de-secado-de-la-ubre\/","url":"https:\/\/proagrolab.com.ar\/conozca-las-formas-de-hacer-el-proceso-de-secado-de-la-ubre\/","name":"\u00bfCu\u00e1les son las formas de hacer el proceso de secado de la ubre? | Proagro","isPartOf":{"@id":"https:\/\/proagrolab.com.ar\/#website"},"primaryImageOfPage":{"@id":"https:\/\/proagrolab.com.ar\/conozca-las-formas-de-hacer-el-proceso-de-secado-de-la-ubre\/#primaryimage"},"image":{"@id":"https:\/\/proagrolab.com.ar\/conozca-las-formas-de-hacer-el-proceso-de-secado-de-la-ubre\/#primaryimage"},"thumbnailUrl":"https:\/\/proagrolab.com.ar\/wp-content\/uploads\/2016\/11\/Proagro_Blog_Pro-sec_734x291-2.jpg","datePublished":"2023-05-11T12:16:46+00:00","dateModified":"2023-05-11T15:52:03+00:00","breadcrumb":{"@id":"https:\/\/proagrolab.com.ar\/conozca-las-formas-de-hacer-el-proceso-de-secado-de-la-ubre\/#breadcrumb"},"inLanguage":"en-US","potentialAction":[{"@type":"ReadAction","target":["https:\/\/proagrolab.com.ar\/conozca-las-formas-de-hacer-el-proceso-de-secado-de-la-ubre\/"]}]},{"@type":"ImageObject","inLanguage":"en-US","@id":"https:\/\/proagrolab.com.ar\/conozca-las-formas-de-hacer-el-proceso-de-secado-de-la-ubre\/#primaryimage","url":"https:\/\/proagrolab.com.ar\/wp-content\/uploads\/2016\/11\/Proagro_Blog_Pro-sec_734x291-2.jpg","contentUrl":"https:\/\/proagrolab.com.ar\/wp-content\/uploads\/2016\/11\/Proagro_Blog_Pro-sec_734x291-2.jpg","width":735,"height":292},{"@type":"BreadcrumbList","@id":"https:\/\/proagrolab.com.ar\/conozca-las-formas-de-hacer-el-proceso-de-secado-de-la-ubre\/#breadcrumb","itemListElement":[{"@type":"ListItem","position":1,"name":"Portada","item":"https:\/\/proagrolab.com.ar\/"},{"@type":"ListItem","position":2,"name":"\u00bfCu\u00e1les son las formas de hacer el proceso de secado de la ubre?"}]},{"@type":"WebSite","@id":"https:\/\/proagrolab.com.ar\/#website","url":"https:\/\/proagrolab.com.ar\/","name":"Proagro Laboratorio Veterinario","description":"Veterinary laboratory","publisher":{"@id":"https:\/\/proagrolab.com.ar\/#organization"},"potentialAction":[{"@type":"SearchAction","target":{"@type":"EntryPoint","urlTemplate":"https:\/\/proagrolab.com.ar\/?s={search_term_string}"},"query-input":{"@type":"PropertyValueSpecification","valueRequired":true,"valueName":"search_term_string"}}],"inLanguage":"en-US"},{"@type":"Organization","@id":"https:\/\/proagrolab.com.ar\/#organization","name":"Proagro","url":"https:\/\/proagrolab.com.ar\/","logo":{"@type":"ImageObject","inLanguage":"en-US","@id":"https:\/\/proagrolab.com.ar\/#\/schema\/logo\/image\/","url":"https:\/\/proagrolab.com.ar\/wp-content\/uploads\/2020\/04\/logo-retina.png","contentUrl":"https:\/\/proagrolab.com.ar\/wp-content\/uploads\/2020\/04\/logo-retina.png","width":478,"height":120,"caption":"Proagro"},"image":{"@id":"https:\/\/proagrolab.com.ar\/#\/schema\/logo\/image\/"},"sameAs":["http:\/\/www.facebook.com\/proagrolab","https:\/\/www.instagram.com\/proagrolab\/","https:\/\/www.linkedin.com\/company\/laboratorio-proagro-s-a\/"]},{"@type":"Person","@id":"https:\/\/proagrolab.com.ar\/#\/schema\/person\/b23080c7caf108441a11c7bf48f17d4d","name":"Editor Proagro"}]}},"_links":{"self":[{"href":"https:\/\/proagrolab.com.ar\/en\/wp-json\/wp\/v2\/posts\/8848","targetHints":{"allow":["GET"]}}],"collection":[{"href":"https:\/\/proagrolab.com.ar\/en\/wp-json\/wp\/v2\/posts"}],"about":[{"href":"https:\/\/proagrolab.com.ar\/en\/wp-json\/wp\/v2\/types\/post"}],"author":[{"embeddable":true,"href":"https:\/\/proagrolab.com.ar\/en\/wp-json\/wp\/v2\/users\/3"}],"replies":[{"embeddable":true,"href":"https:\/\/proagrolab.com.ar\/en\/wp-json\/wp\/v2\/comments?post=8848"}],"version-history":[{"count":9,"href":"https:\/\/proagrolab.com.ar\/en\/wp-json\/wp\/v2\/posts\/8848\/revisions"}],"predecessor-version":[{"id":27279,"href":"https:\/\/proagrolab.com.ar\/en\/wp-json\/wp\/v2\/posts\/8848\/revisions\/27279"}],"wp:featuredmedia":[{"embeddable":true,"href":"https:\/\/proagrolab.com.ar\/en\/wp-json\/wp\/v2\/media\/27491"}],"wp:attachment":[{"href":"https:\/\/proagrolab.com.ar\/en\/wp-json\/wp\/v2\/media?parent=8848"}],"wp:term":[{"taxonomy":"category","embeddable":true,"href":"https:\/\/proagrolab.com.ar\/en\/wp-json\/wp\/v2\/categories?post=8848"},{"taxonomy":"post_tag","embeddable":true,"href":"https:\/\/proagrolab.com.ar\/en\/wp-json\/wp\/v2\/tags?post=8848"}],"curies":[{"name":"wp","href":"https:\/\/api.w.org\/{rel}","templated":true}]}}