{"id":7208,"date":"2015-09-22T14:54:48","date_gmt":"2015-09-22T14:54:48","guid":{"rendered":"https:\/\/proagrolab.com.ar\/?p=7208"},"modified":"2020-07-02T12:57:48","modified_gmt":"2020-07-02T12:57:48","slug":"lecheria-si-no-hay-fondo-anticiclico-habra-protestas","status":"publish","type":"post","link":"https:\/\/proagrolab.com.ar\/en\/lecheria-si-no-hay-fondo-anticiclico-habra-protestas\/","title":{"rendered":"Lecher\u00eda: si no hay fondo antic\u00edclico, habr\u00e1 protestas"},"content":{"rendered":"<p><font color=\"Black\"><i><b>Piden al Estado, junto a otras entidades, la creaci\u00f3n de un fondo antic\u00edclico para garantizar un piso de 3 pesos por litro. Federaci\u00f3n Agraria denunci\u00f3 que la baja del precio de la leche, hace insostenible la producci\u00f3n.<\/b><br \/>\nPor Lecher\u00eda Latina.<\/i><\/p>\n<p>Federaci\u00f3n Agraria denunci\u00f3 que la baja del precio de la leche, hace insostenible la producci\u00f3n. Piden al Estado, junto a otras entidades, la creaci\u00f3n de un fondo antic\u00edclico para garantizar un piso de 3 pesos por litro. En la reuni\u00f3n del martes \u00faltimo, los integrantes de la comisi\u00f3n de lecher\u00eda de Federaci\u00f3n Agraria Argentina (FAA) resolvieron que, en caso de que el gobierno no responda al pedido de la creaci\u00f3n de un fondo especial para el sector, realizar\u00e1n protestas en la primera semana de octubre.<\/p>\n<p>La titular de esa comisi\u00f3n es la productora de la localidad de Alicia, Marisa Boschetti . En di\u00e1logo con Diario Rural, la dirigente se\u00f1al\u00f3 que es urgente que el Gobierno \u201cconvoque a todos los integrantes de la cadena para poner en funcionamiento ese fondo antic\u00edclico\u201d. Record\u00f3 que el 25 de agosto, en la \u00faltima reuni\u00f3n t\u00e9cnica a la que asisten organizaciones de productores y de la industria (no todas), \u201cles explicamos que en un primer momento ese fondo se tiene que integrar con aporte estatal, el que se ir\u00e1 reintegrando cuando se activen las exportaciones\u201d.<\/p>\n<p>El destino de ese fondo \u201ces garantizar un piso de 3 pesos a 3,10 pesos a los productores, para que no tengamos que trabajar por debajo de los costos\u201d, agreg\u00f3. \u201cHasta el momento, no tuvimos respuesta\u201d, dijo la mujer, que se presenta como candidata a primera vocal en la estructura nacional de FAA de la lista ya oficializada.<\/p>\n<p>\u201cEn el Congreso (donde elegir\u00e1n las autoridades) que se llevar\u00e1 a cabo la semana pr\u00f3xima, definiremos c\u00f3mo seguir. En principio, si no tenemos respuestas, se realizar\u00e1n medidas de protesta entre el 28 de setiembre y el 2 de octubre\u201d, adelant\u00f3. Cabe recordar que la propia Boschetti adelant\u00f3 que ya algunas industrias notificaron que la leche seguir\u00e1 bajando, anunciando que en octubre abonar\u00e1n 2,20 pesos por litro.<\/p>\n<p>\u201cExigimos que el Gobierno nacional convoque a una reuni\u00f3n urgente, en la que est\u00e9n todas las partes de la cadena, incluida la gran industria nucleada en el CIL, cuyos representantes faltaron en las \u00faltimas convocatorias a espacios de este tipo, o hicieron caso omiso a acuerdos que hab\u00edan firmado previamente\u201d, se\u00f1alaron a trav\u00e9s de un comunicado emitido por Federaci\u00f3n Agraria, en el que adem\u00e1s, denuncian que \u201cmientras el eslab\u00f3n comercial remarca sus precios entre el 119% y el 843 %, la producci\u00f3n no cubre sus costos\u201d.<\/p>\n<p><i>Fuente: http:\/\/www.fyo.com\/noticia\/152521\/lecheria-si-no-hay-fondo-anticiclico-habra-protestas<\/i><\/font><\/p>","protected":false},"excerpt":{"rendered":"<p>Piden al Estado, junto a otras entidades, la creaci\u00f3n de un fondo antic\u00edclico para garantizar un piso de 3 pesos por litro. Federaci\u00f3n Agraria denunci\u00f3 que la baja del precio de la leche, hace insostenible la producci\u00f3n. Por Lecher\u00eda Latina. Federaci\u00f3n Agraria denunci\u00f3 que la baja del precio de la leche, hace insostenible la producci\u00f3n. Piden al Estado, junto a otras entidades, la creaci\u00f3n de un fondo antic\u00edclico para garantizar un piso de 3 pesos por litro. En la reuni\u00f3n del martes \u00faltimo, los integrantes de la comisi\u00f3n de lecher\u00eda de Federaci\u00f3n Agraria Argentina (FAA) resolvieron que, en caso de que el gobierno no responda al pedido de la creaci\u00f3n de un fondo especial para el sector, realizar\u00e1n protestas en la primera semana de octubre. La titular de esa comisi\u00f3n es la productora de la localidad de Alicia, Marisa Boschetti . En di\u00e1logo con Diario Rural, la dirigente se\u00f1al\u00f3 que es urgente que el Gobierno \u201cconvoque a todos los integrantes de la cadena para poner en funcionamiento ese fondo antic\u00edclico\u201d. Record\u00f3 que el 25 de agosto, en la \u00faltima reuni\u00f3n t\u00e9cnica a la que asisten organizaciones de productores y de la industria (no todas), \u201cles explicamos que en un primer [&hellip;]<\/p>\n","protected":false},"author":6,"featured_media":7210,"comment_status":"closed","ping_status":"open","sticky":false,"template":"","format":"standard","meta":{"_acf_changed":false,"footnotes":""},"categories":[56],"tags":[81,82,79],"class_list":["post-7208","post","type-post","status-publish","format-standard","has-post-thumbnail","hentry","category-infoganadero","tag-bovinos","tag-lecheria","tag-noticias"],"acf":[],"yoast_head":"<!-- This site is optimized with the Yoast SEO plugin v27.4 - https:\/\/yoast.com\/product\/yoast-seo-wordpress\/ -->\n<title>Lecher\u00eda: si no hay fondo antic\u00edclico, habr\u00e1 protestas | Proagro<\/title>\n<meta name=\"robots\" content=\"index, follow, max-snippet:-1, max-image-preview:large, max-video-preview:-1\" \/>\n<link rel=\"canonical\" href=\"https:\/\/proagrolab.com.ar\/en\/lecheria-si-no-hay-fondo-anticiclico-habra-protestas\/\" \/>\n<meta property=\"og:locale\" content=\"en_US\" \/>\n<meta property=\"og:type\" content=\"article\" \/>\n<meta property=\"og:title\" content=\"Lecher\u00eda: si no hay fondo antic\u00edclico, habr\u00e1 protestas | Proagro\" \/>\n<meta property=\"og:description\" content=\"Piden al Estado, junto a otras entidades, la creaci\u00f3n de un fondo antic\u00edclico para garantizar un piso de 3 pesos por litro. Federaci\u00f3n Agraria denunci\u00f3 que la baja del precio de la leche, hace insostenible la producci\u00f3n. Por Lecher\u00eda Latina. Federaci\u00f3n Agraria denunci\u00f3 que la baja del precio de la leche, hace insostenible la producci\u00f3n. Piden al Estado, junto a otras entidades, la creaci\u00f3n de un fondo antic\u00edclico para garantizar un piso de 3 pesos por litro. En la reuni\u00f3n del martes \u00faltimo, los integrantes de la comisi\u00f3n de lecher\u00eda de Federaci\u00f3n Agraria Argentina (FAA) resolvieron que, en caso de que el gobierno no responda al pedido de la creaci\u00f3n de un fondo especial para el sector, realizar\u00e1n protestas en la primera semana de octubre. La titular de esa comisi\u00f3n es la productora de la localidad de Alicia, Marisa Boschetti . En di\u00e1logo con Diario Rural, la dirigente se\u00f1al\u00f3 que es urgente que el Gobierno \u201cconvoque a todos los integrantes de la cadena para poner en funcionamiento ese fondo antic\u00edclico\u201d. Record\u00f3 que el 25 de agosto, en la \u00faltima reuni\u00f3n t\u00e9cnica a la que asisten organizaciones de productores y de la industria (no todas), \u201cles explicamos que en un primer [&hellip;]\" \/>\n<meta property=\"og:url\" content=\"https:\/\/proagrolab.com.ar\/lecheria-si-no-hay-fondo-anticiclico-habra-protestas\/\" \/>\n<meta property=\"og:site_name\" content=\"Proagro\" \/>\n<meta property=\"article:publisher\" content=\"http:\/\/www.facebook.com\/proagrolab\" \/>\n<meta property=\"article:published_time\" content=\"2015-09-22T14:54:48+00:00\" \/>\n<meta property=\"article:modified_time\" content=\"2020-07-02T12:57:48+00:00\" \/>\n<meta property=\"og:image\" content=\"https:\/\/proagrolab.com.ar\/wp-content\/uploads\/2015\/09\/Tambo-1.jpg\" \/>\n\t<meta property=\"og:image:width\" content=\"1145\" \/>\n\t<meta property=\"og:image:height\" content=\"395\" \/>\n\t<meta property=\"og:image:type\" content=\"image\/jpeg\" \/>\n<meta name=\"author\" content=\"Admin Proagro\" \/>\n<meta name=\"twitter:card\" content=\"summary_large_image\" \/>\n<meta name=\"twitter:label1\" content=\"Written by\" \/>\n\t<meta name=\"twitter:data1\" content=\"Admin Proagro\" \/>\n\t<meta name=\"twitter:label2\" content=\"Est. reading time\" \/>\n\t<meta name=\"twitter:data2\" content=\"5 minutes\" \/>\n<script type=\"application\/ld+json\" class=\"yoast-schema-graph\">{\"@context\":\"https:\\\/\\\/schema.org\",\"@graph\":[{\"@type\":\"Article\",\"@id\":\"https:\\\/\\\/proagrolab.com.ar\\\/lecheria-si-no-hay-fondo-anticiclico-habra-protestas\\\/#article\",\"isPartOf\":{\"@id\":\"https:\\\/\\\/proagrolab.com.ar\\\/lecheria-si-no-hay-fondo-anticiclico-habra-protestas\\\/\"},\"author\":{\"name\":\"Admin Proagro\",\"@id\":\"https:\\\/\\\/proagrolab.com.ar\\\/#\\\/schema\\\/person\\\/3e30f2f0f9eadcc02d50ed3664562373\"},\"headline\":\"Lecher\u00eda: si no hay fondo antic\u00edclico, habr\u00e1 protestas\",\"datePublished\":\"2015-09-22T14:54:48+00:00\",\"dateModified\":\"2020-07-02T12:57:48+00:00\",\"mainEntityOfPage\":{\"@id\":\"https:\\\/\\\/proagrolab.com.ar\\\/lecheria-si-no-hay-fondo-anticiclico-habra-protestas\\\/\"},\"wordCount\":940,\"publisher\":{\"@id\":\"https:\\\/\\\/proagrolab.com.ar\\\/#organization\"},\"image\":{\"@id\":\"https:\\\/\\\/proagrolab.com.ar\\\/lecheria-si-no-hay-fondo-anticiclico-habra-protestas\\\/#primaryimage\"},\"thumbnailUrl\":\"https:\\\/\\\/proagrolab.com.ar\\\/wp-content\\\/uploads\\\/2015\\\/09\\\/Tambo-1.jpg\",\"keywords\":[\"bovinos\",\"\",\"Noticias\"],\"articleSection\":[\"News\"],\"inLanguage\":\"en-US\"},{\"@type\":\"WebPage\",\"@id\":\"https:\\\/\\\/proagrolab.com.ar\\\/lecheria-si-no-hay-fondo-anticiclico-habra-protestas\\\/\",\"url\":\"https:\\\/\\\/proagrolab.com.ar\\\/lecheria-si-no-hay-fondo-anticiclico-habra-protestas\\\/\",\"name\":\"Lecher\u00eda: si no hay fondo antic\u00edclico, habr\u00e1 protestasLecher\u00eda: si no hay fondo antic\u00edclico, habr\u00e1 protestas | Proagro\",\"isPartOf\":{\"@id\":\"https:\\\/\\\/proagrolab.com.ar\\\/#website\"},\"primaryImageOfPage\":{\"@id\":\"https:\\\/\\\/proagrolab.com.ar\\\/lecheria-si-no-hay-fondo-anticiclico-habra-protestas\\\/#primaryimage\"},\"image\":{\"@id\":\"https:\\\/\\\/proagrolab.com.ar\\\/lecheria-si-no-hay-fondo-anticiclico-habra-protestas\\\/#primaryimage\"},\"thumbnailUrl\":\"https:\\\/\\\/proagrolab.com.ar\\\/wp-content\\\/uploads\\\/2015\\\/09\\\/Tambo-1.jpg\",\"datePublished\":\"2015-09-22T14:54:48+00:00\",\"dateModified\":\"2020-07-02T12:57:48+00:00\",\"breadcrumb\":{\"@id\":\"https:\\\/\\\/proagrolab.com.ar\\\/lecheria-si-no-hay-fondo-anticiclico-habra-protestas\\\/#breadcrumb\"},\"inLanguage\":\"en-US\",\"potentialAction\":[{\"@type\":\"ReadAction\",\"target\":[\"https:\\\/\\\/proagrolab.com.ar\\\/lecheria-si-no-hay-fondo-anticiclico-habra-protestas\\\/\"]}]},{\"@type\":\"ImageObject\",\"inLanguage\":\"en-US\",\"@id\":\"https:\\\/\\\/proagrolab.com.ar\\\/lecheria-si-no-hay-fondo-anticiclico-habra-protestas\\\/#primaryimage\",\"url\":\"https:\\\/\\\/proagrolab.com.ar\\\/wp-content\\\/uploads\\\/2015\\\/09\\\/Tambo-1.jpg\",\"contentUrl\":\"https:\\\/\\\/proagrolab.com.ar\\\/wp-content\\\/uploads\\\/2015\\\/09\\\/Tambo-1.jpg\",\"width\":1145,\"height\":395},{\"@type\":\"BreadcrumbList\",\"@id\":\"https:\\\/\\\/proagrolab.com.ar\\\/lecheria-si-no-hay-fondo-anticiclico-habra-protestas\\\/#breadcrumb\",\"itemListElement\":[{\"@type\":\"ListItem\",\"position\":1,\"name\":\"Portada\",\"item\":\"https:\\\/\\\/proagrolab.com.ar\\\/\"},{\"@type\":\"ListItem\",\"position\":2,\"name\":\"Lecher\u00eda: si no hay fondo antic\u00edclico, habr\u00e1 protestas\"}]},{\"@type\":\"WebSite\",\"@id\":\"https:\\\/\\\/proagrolab.com.ar\\\/#website\",\"url\":\"https:\\\/\\\/proagrolab.com.ar\\\/\",\"name\":\"Proagro Laboratorio Veterinario\",\"description\":\"Veterinary laboratory\",\"publisher\":{\"@id\":\"https:\\\/\\\/proagrolab.com.ar\\\/#organization\"},\"potentialAction\":[{\"@type\":\"SearchAction\",\"target\":{\"@type\":\"EntryPoint\",\"urlTemplate\":\"https:\\\/\\\/proagrolab.com.ar\\\/?s={search_term_string}\"},\"query-input\":{\"@type\":\"PropertyValueSpecification\",\"valueRequired\":true,\"valueName\":\"search_term_string\"}}],\"inLanguage\":\"en-US\"},{\"@type\":\"Organization\",\"@id\":\"https:\\\/\\\/proagrolab.com.ar\\\/#organization\",\"name\":\"Proagro\",\"url\":\"https:\\\/\\\/proagrolab.com.ar\\\/\",\"logo\":{\"@type\":\"ImageObject\",\"inLanguage\":\"en-US\",\"@id\":\"https:\\\/\\\/proagrolab.com.ar\\\/#\\\/schema\\\/logo\\\/image\\\/\",\"url\":\"https:\\\/\\\/proagrolab.com.ar\\\/wp-content\\\/uploads\\\/2020\\\/04\\\/logo-retina.png\",\"contentUrl\":\"https:\\\/\\\/proagrolab.com.ar\\\/wp-content\\\/uploads\\\/2020\\\/04\\\/logo-retina.png\",\"width\":478,\"height\":120,\"caption\":\"Proagro\"},\"image\":{\"@id\":\"https:\\\/\\\/proagrolab.com.ar\\\/#\\\/schema\\\/logo\\\/image\\\/\"},\"sameAs\":[\"http:\\\/\\\/www.facebook.com\\\/proagrolab\",\"https:\\\/\\\/www.instagram.com\\\/proagrolab\\\/\",\"https:\\\/\\\/www.linkedin.com\\\/company\\\/laboratorio-proagro-s-a\\\/\"]},{\"@type\":\"Person\",\"@id\":\"https:\\\/\\\/proagrolab.com.ar\\\/#\\\/schema\\\/person\\\/3e30f2f0f9eadcc02d50ed3664562373\",\"name\":\"Admin Proagro\",\"sameAs\":[\"http:\\\/\\\/www.sistemas7g.com\"]}]}<\/script>\n<!-- \/ Yoast SEO plugin. -->","yoast_head_json":{"title":"Lecher\u00eda: si no hay fondo antic\u00edclico, habr\u00e1 protestas | Proagro","robots":{"index":"index","follow":"follow","max-snippet":"max-snippet:-1","max-image-preview":"max-image-preview:large","max-video-preview":"max-video-preview:-1"},"canonical":"https:\/\/proagrolab.com.ar\/en\/lecheria-si-no-hay-fondo-anticiclico-habra-protestas\/","og_locale":"en_US","og_type":"article","og_title":"Lecher\u00eda: si no hay fondo antic\u00edclico, habr\u00e1 protestas | Proagro","og_description":"Piden al Estado, junto a otras entidades, la creaci\u00f3n de un fondo antic\u00edclico para garantizar un piso de 3 pesos por litro. Federaci\u00f3n Agraria denunci\u00f3 que la baja del precio de la leche, hace insostenible la producci\u00f3n. Por Lecher\u00eda Latina. Federaci\u00f3n Agraria denunci\u00f3 que la baja del precio de la leche, hace insostenible la producci\u00f3n. Piden al Estado, junto a otras entidades, la creaci\u00f3n de un fondo antic\u00edclico para garantizar un piso de 3 pesos por litro. En la reuni\u00f3n del martes \u00faltimo, los integrantes de la comisi\u00f3n de lecher\u00eda de Federaci\u00f3n Agraria Argentina (FAA) resolvieron que, en caso de que el gobierno no responda al pedido de la creaci\u00f3n de un fondo especial para el sector, realizar\u00e1n protestas en la primera semana de octubre. La titular de esa comisi\u00f3n es la productora de la localidad de Alicia, Marisa Boschetti . En di\u00e1logo con Diario Rural, la dirigente se\u00f1al\u00f3 que es urgente que el Gobierno \u201cconvoque a todos los integrantes de la cadena para poner en funcionamiento ese fondo antic\u00edclico\u201d. Record\u00f3 que el 25 de agosto, en la \u00faltima reuni\u00f3n t\u00e9cnica a la que asisten organizaciones de productores y de la industria (no todas), \u201cles explicamos que en un primer [&hellip;]","og_url":"https:\/\/proagrolab.com.ar\/lecheria-si-no-hay-fondo-anticiclico-habra-protestas\/","og_site_name":"Proagro","article_publisher":"http:\/\/www.facebook.com\/proagrolab","article_published_time":"2015-09-22T14:54:48+00:00","article_modified_time":"2020-07-02T12:57:48+00:00","og_image":[{"width":1145,"height":395,"url":"https:\/\/proagrolab.com.ar\/wp-content\/uploads\/2015\/09\/Tambo-1.jpg","type":"image\/jpeg"}],"author":"Admin Proagro","twitter_card":"summary_large_image","twitter_misc":{"Written by":"Admin Proagro","Est. reading time":"5 minutes"},"schema":{"@context":"https:\/\/schema.org","@graph":[{"@type":"Article","@id":"https:\/\/proagrolab.com.ar\/lecheria-si-no-hay-fondo-anticiclico-habra-protestas\/#article","isPartOf":{"@id":"https:\/\/proagrolab.com.ar\/lecheria-si-no-hay-fondo-anticiclico-habra-protestas\/"},"author":{"name":"Admin Proagro","@id":"https:\/\/proagrolab.com.ar\/#\/schema\/person\/3e30f2f0f9eadcc02d50ed3664562373"},"headline":"Lecher\u00eda: si no hay fondo antic\u00edclico, habr\u00e1 protestas","datePublished":"2015-09-22T14:54:48+00:00","dateModified":"2020-07-02T12:57:48+00:00","mainEntityOfPage":{"@id":"https:\/\/proagrolab.com.ar\/lecheria-si-no-hay-fondo-anticiclico-habra-protestas\/"},"wordCount":940,"publisher":{"@id":"https:\/\/proagrolab.com.ar\/#organization"},"image":{"@id":"https:\/\/proagrolab.com.ar\/lecheria-si-no-hay-fondo-anticiclico-habra-protestas\/#primaryimage"},"thumbnailUrl":"https:\/\/proagrolab.com.ar\/wp-content\/uploads\/2015\/09\/Tambo-1.jpg","keywords":["bovinos","","Noticias"],"articleSection":["News"],"inLanguage":"en-US"},{"@type":"WebPage","@id":"https:\/\/proagrolab.com.ar\/lecheria-si-no-hay-fondo-anticiclico-habra-protestas\/","url":"https:\/\/proagrolab.com.ar\/lecheria-si-no-hay-fondo-anticiclico-habra-protestas\/","name":"Lecher\u00eda: si no hay fondo antic\u00edclico, habr\u00e1 protestasLecher\u00eda: si no hay fondo antic\u00edclico, habr\u00e1 protestas | Proagro","isPartOf":{"@id":"https:\/\/proagrolab.com.ar\/#website"},"primaryImageOfPage":{"@id":"https:\/\/proagrolab.com.ar\/lecheria-si-no-hay-fondo-anticiclico-habra-protestas\/#primaryimage"},"image":{"@id":"https:\/\/proagrolab.com.ar\/lecheria-si-no-hay-fondo-anticiclico-habra-protestas\/#primaryimage"},"thumbnailUrl":"https:\/\/proagrolab.com.ar\/wp-content\/uploads\/2015\/09\/Tambo-1.jpg","datePublished":"2015-09-22T14:54:48+00:00","dateModified":"2020-07-02T12:57:48+00:00","breadcrumb":{"@id":"https:\/\/proagrolab.com.ar\/lecheria-si-no-hay-fondo-anticiclico-habra-protestas\/#breadcrumb"},"inLanguage":"en-US","potentialAction":[{"@type":"ReadAction","target":["https:\/\/proagrolab.com.ar\/lecheria-si-no-hay-fondo-anticiclico-habra-protestas\/"]}]},{"@type":"ImageObject","inLanguage":"en-US","@id":"https:\/\/proagrolab.com.ar\/lecheria-si-no-hay-fondo-anticiclico-habra-protestas\/#primaryimage","url":"https:\/\/proagrolab.com.ar\/wp-content\/uploads\/2015\/09\/Tambo-1.jpg","contentUrl":"https:\/\/proagrolab.com.ar\/wp-content\/uploads\/2015\/09\/Tambo-1.jpg","width":1145,"height":395},{"@type":"BreadcrumbList","@id":"https:\/\/proagrolab.com.ar\/lecheria-si-no-hay-fondo-anticiclico-habra-protestas\/#breadcrumb","itemListElement":[{"@type":"ListItem","position":1,"name":"Portada","item":"https:\/\/proagrolab.com.ar\/"},{"@type":"ListItem","position":2,"name":"Lecher\u00eda: si no hay fondo antic\u00edclico, habr\u00e1 protestas"}]},{"@type":"WebSite","@id":"https:\/\/proagrolab.com.ar\/#website","url":"https:\/\/proagrolab.com.ar\/","name":"Proagro Laboratorio Veterinario","description":"Veterinary laboratory","publisher":{"@id":"https:\/\/proagrolab.com.ar\/#organization"},"potentialAction":[{"@type":"SearchAction","target":{"@type":"EntryPoint","urlTemplate":"https:\/\/proagrolab.com.ar\/?s={search_term_string}"},"query-input":{"@type":"PropertyValueSpecification","valueRequired":true,"valueName":"search_term_string"}}],"inLanguage":"en-US"},{"@type":"Organization","@id":"https:\/\/proagrolab.com.ar\/#organization","name":"Proagro","url":"https:\/\/proagrolab.com.ar\/","logo":{"@type":"ImageObject","inLanguage":"en-US","@id":"https:\/\/proagrolab.com.ar\/#\/schema\/logo\/image\/","url":"https:\/\/proagrolab.com.ar\/wp-content\/uploads\/2020\/04\/logo-retina.png","contentUrl":"https:\/\/proagrolab.com.ar\/wp-content\/uploads\/2020\/04\/logo-retina.png","width":478,"height":120,"caption":"Proagro"},"image":{"@id":"https:\/\/proagrolab.com.ar\/#\/schema\/logo\/image\/"},"sameAs":["http:\/\/www.facebook.com\/proagrolab","https:\/\/www.instagram.com\/proagrolab\/","https:\/\/www.linkedin.com\/company\/laboratorio-proagro-s-a\/"]},{"@type":"Person","@id":"https:\/\/proagrolab.com.ar\/#\/schema\/person\/3e30f2f0f9eadcc02d50ed3664562373","name":"Admin Proagro","sameAs":["http:\/\/www.sistemas7g.com"]}]}},"_links":{"self":[{"href":"https:\/\/proagrolab.com.ar\/en\/wp-json\/wp\/v2\/posts\/7208","targetHints":{"allow":["GET"]}}],"collection":[{"href":"https:\/\/proagrolab.com.ar\/en\/wp-json\/wp\/v2\/posts"}],"about":[{"href":"https:\/\/proagrolab.com.ar\/en\/wp-json\/wp\/v2\/types\/post"}],"author":[{"embeddable":true,"href":"https:\/\/proagrolab.com.ar\/en\/wp-json\/wp\/v2\/users\/6"}],"replies":[{"embeddable":true,"href":"https:\/\/proagrolab.com.ar\/en\/wp-json\/wp\/v2\/comments?post=7208"}],"version-history":[{"count":1,"href":"https:\/\/proagrolab.com.ar\/en\/wp-json\/wp\/v2\/posts\/7208\/revisions"}],"predecessor-version":[{"id":13889,"href":"https:\/\/proagrolab.com.ar\/en\/wp-json\/wp\/v2\/posts\/7208\/revisions\/13889"}],"wp:featuredmedia":[{"embeddable":true,"href":"https:\/\/proagrolab.com.ar\/en\/wp-json\/wp\/v2\/media\/7210"}],"wp:attachment":[{"href":"https:\/\/proagrolab.com.ar\/en\/wp-json\/wp\/v2\/media?parent=7208"}],"wp:term":[{"taxonomy":"category","embeddable":true,"href":"https:\/\/proagrolab.com.ar\/en\/wp-json\/wp\/v2\/categories?post=7208"},{"taxonomy":"post_tag","embeddable":true,"href":"https:\/\/proagrolab.com.ar\/en\/wp-json\/wp\/v2\/tags?post=7208"}],"curies":[{"name":"wp","href":"https:\/\/api.w.org\/{rel}","templated":true}]}}