{"id":7073,"date":"2015-08-07T16:39:53","date_gmt":"2015-08-07T16:39:53","guid":{"rendered":"https:\/\/proagrolab.com.ar\/?p=7073"},"modified":"2020-06-29T19:19:13","modified_gmt":"2020-06-29T19:19:13","slug":"la-crecida-del-parana-obliga-a-mover-a-la-hacienda","status":"publish","type":"post","link":"https:\/\/proagrolab.com.ar\/en\/la-crecida-del-parana-obliga-a-mover-a-la-hacienda\/","title":{"rendered":"La crecida del Paran\u00e1 obliga a mover a la hacienda"},"content":{"rendered":"<p class=\"qtranxs-available-languages-message qtranxs-available-languages-message-en\"> <\/p><p><\/p>\n<div class=\"field field-name-field-bajada field-type-text-long field-label-hidden\"><strong><em>En la costa de Entre R\u00edos y Santa Fe, arrean a los animales que engordaban en la zona de islas a campos m\u00e1s altos por el repunte del r\u00edo Paran\u00e1, pero faltan recursos forrajeros.<\/em><\/strong><\/div>\n<p class=\"authoring\"><em>Por <span class=\"source\">Clar\u00edn Rural.<\/span><\/em><\/p>\n<div class=\"share-print-bar clearfix\">\u00a0<\/div>\n<div class=\"field field-name-body field-type-text-with-summary field-label-hidden\">\n<p>Una nueva creciente del <strong>r\u00edo Paran\u00e1<\/strong> obliga a productores que cr\u00edan y engordan en islas frente a los <strong>provincias de Entre R\u00edos, Santa Fe y Corrientes<\/strong> a aplicar estrategias de manejo para guarecer los <strong>animales de la inundaci\u00f3n<\/strong>, que llega en pleno invierno, y a analizar c\u00f3mo evitar p\u00e9rdidas en tiempos de <strong>escasez de recursos forrajeros<\/strong>.<\/p>\n<p>Las <strong>barcazas que transportan<\/strong> hacienda surcan d\u00eda y noche las aguas del Paran\u00e1 frente a las costas de las <strong>provincias del Litoral<\/strong>. La llegada de la creciente pone en alerta y movimiento a productores, asesores y t\u00e9cnicos. La ganader\u00eda en <strong>zona de islas<\/strong> tiene esta caracter\u00edstica y si bien quienes trabajan con esta modalidad la conocen, cada vez, es diferente. Este a\u00f1o, son las vacas por parir y los terneros los de<strong> mayor riesgo<\/strong> y los primeros a trasladar.<\/p>\n<p>El <strong>veterinario Adolfo Sacchi<\/strong>, encargado de establecimientos <strong>productivos en el sur correntino<\/strong> y en el norte de Entre R\u00edos, dijo\u00a0que la creciente de este a\u00f1o es mayor que la de 2014, con el agravante de que en los lotes donde se pueden alojar los animales hasta que baje el\u00a0<strong>agua hay pocas pasturas<\/strong>.<\/p>\n<p><em>\u201cEs una situaci\u00f3n compleja, porque si bien hay <strong>chacras disponibles<\/strong>, por la merma en la agricultura, la \u00fanica forma de alimentarlos correctamente, ser\u00e1 con suplementaci\u00f3n y eso sube los costos\u201d<\/em>, explic\u00f3. Adem\u00e1s, cont\u00f3 que no hay demanda ni buenos precios para los novillos gordos, que est\u00e1n en las islas<strong> listos para venderse<\/strong>, ya que al tener cerrados los mercados externos, no hay donde colocarlos.<\/p>\n<p><strong>Ricardo Palamedi<\/strong>, <strong>productor ganadero<\/strong> en islas de Santa Fe y due\u00f1o de barcazas en La Paz, Entre R\u00edos, explic\u00f3 que la clave es prevenir, trasladar las categor\u00edas de mayor riesgo y evitar que en las zonas bajas el agua <strong>alcance a los animales<\/strong>.\u00a0<em>\u201cAl estar en una provincia vecina, se requieren permisos para <strong>mover la hacienda<\/strong> que suelen demorar varios d\u00edas. Por eso tambi\u00e9n es importante <strong>actuar con tiempo<\/strong>\u201d<\/em>, recomend\u00f3. En su caso tiene que manejar rodeos en una <strong>extensi\u00f3n de 40 kil\u00f3metros<\/strong>, entre La Paz y San Javier en Santa Fe.<\/p>\n<p>Con veinte a\u00f1os de experiencia en el servicio de <strong>traslado de animales<\/strong> por el r\u00edo, Palamedi explic\u00f3 que cada creciente es un momento de <strong>incertidumbre y p\u00e9rdidas econ\u00f3micas<\/strong> para los productores, que ven incrementados sus costos por la <strong>necesidad de arrendar campos<\/strong> en tierra firme, suplementar la alimentaci\u00f3n y pagar fletes de cami\u00f3n y barco.<\/p>\n<p>El <strong>veterinario Ignacio P\u00e9rez<\/strong>, que maneja campos en islas ubicadas entre los<strong> r\u00edos Paran\u00e1 y Corrientes<\/strong>, indic\u00f3 que cada zona requiere un manejo diferente. En el sur correntino, la hacienda se traslada tropeando y vadeando por los arroyos. <em>\u201cEl <strong>fr\u00edo complica el trabajo<\/strong> de los troperos, que van a caballo arreando. B\u00e1sicamente trabajamos con novillos como categor\u00eda principal y disponemos de campos que siempre est\u00e1n reservados para las posibles crecientes. Son unos 10 kil\u00f3metros de agua a recorrer y siempre <strong>evitamos moverlos<\/strong> antes de que lleguen los picos de agua, as\u00ed sufren menos\u201d<\/em>, cont\u00f3.<\/p>\n<p>Para el t\u00e9cnico, a\u00f1o a a\u00f1o, el agua alcanza sus <strong>valores m\u00e1ximos<\/strong> de creciente con menor cantidad de d\u00edas frente a puntos estrat\u00e9gicos como Iguaz\u00fa. <em>\u201cAntes ten\u00edamos un tiempo de unos 15 a 20 d\u00edas de ventana. Ahora en una semana tenemos que mover todas las categor\u00edas <strong>porque llega m\u00e1s r\u00e1pidamente<\/strong>\u201d<\/em>, explic\u00f3.<\/p>\n<p>Ambos productores indicaron que la <strong>producci\u00f3n de carne<\/strong> en las islas ha visto mermados sus rendimientos por un retroceso en la disponibilidad de forraje. <em>\u201cTanto en las islas altas como en las bajas del sur de Corrientes, no logramos obtener ni una jaula completa de <strong>novillos gordos esta temporada<\/strong>, porque en enero tuvimos una suba del r\u00edo que afect\u00f3 los campos bajos y tambi\u00e9n nos oblig\u00f3 a<strong> trasladar la hacienda<\/strong> y terminarla en tierra firme\u201d<\/em>, record\u00f3 P\u00e9rez.<\/p>\n<p>Especialistas en el manejo ganadero en Islas de la <strong>Agencia de Extensi\u00f3n del INTA de Diamante<\/strong>, en Entre R\u00edos, junto al asesor privado <strong>Cesar Burne<\/strong>, resumieron, algunas recomendaciones para evitar<strong> p\u00e9rdidas ante crecientes<\/strong>.\u00a0<em>\u201cLos animales gordos, terminados, son los primeros que deben venderse, para bajar los requerimientos <strong>nutricionales del rodeo<\/strong>. Tambi\u00e9n deben descartarse vacas en mal estado que no superar\u00e1n la <strong>situaci\u00f3n de estr\u00e9s<\/strong>\u201d<\/em>, aconsej\u00f3 Burne.<\/p>\n<p>Las vaquillonas y terneros de menos de <strong>300 kilos<\/strong> deben ser las que mejor alimentaci\u00f3n reciban. Tambi\u00e9n recomend\u00f3 la <strong>suplementaci\u00f3n gradual con ma\u00edz<\/strong>, teniendo en cuenta el per\u00edodo de acostumbramiento que se requiere, subiendo escalonadamente el <strong>porcentaje de grano<\/strong> en la dieta. <em>\u201cEn las islas los animales comen forrajes con alto porcentaje de agua, en los que la proporci\u00f3n de materia seca no supera al 15%. Por lo tanto, al realizar estos cambios sugeridos, se debe <strong>suministrar agua<\/strong>\u201d<\/em>, avis\u00f3.<\/p>\n<p>Son ajustes de manejo importantes para reducir las <strong>p\u00e9rdidas en el marco<\/strong> de una situaci\u00f3n muy compleja para los productores, desde lo log\u00edstico y financiero, y <strong>estresante para los animales<\/strong>.<\/p>\n<\/div>\n<p><em>Fuente:\u00a0http:\/\/www.fyo.com\/noticia\/151439\/crecida-parana-obliga-mover-hacienda<\/em><\/p>\n<p>&nbsp;<\/p>\n<p><\/p>","protected":false},"excerpt":{"rendered":"<p>En la costa de Entre R\u00edos y Santa Fe, arrean a los animales que engordaban en la zona de islas a campos m\u00e1s altos por el repunte del r\u00edo Paran\u00e1, pero faltan recursos forrajeros. Por Clar\u00edn Rural. \u00a0 Una nueva creciente del r\u00edo Paran\u00e1 obliga a productores que cr\u00edan y engordan en islas frente a los provincias de Entre R\u00edos, Santa Fe y Corrientes a aplicar estrategias de manejo para guarecer los animales de la inundaci\u00f3n, que llega en pleno invierno, y a analizar c\u00f3mo evitar p\u00e9rdidas en tiempos de escasez de recursos forrajeros. Las barcazas que transportan hacienda surcan d\u00eda y noche las aguas del Paran\u00e1 frente a las costas de las provincias del Litoral. La llegada de la creciente pone en alerta y movimiento a productores, asesores y t\u00e9cnicos. La ganader\u00eda en zona de islas tiene esta caracter\u00edstica y si bien quienes trabajan con esta modalidad la conocen, cada vez, es diferente. Este a\u00f1o, son las vacas por parir y los terneros los de mayor riesgo y los primeros a trasladar. El veterinario Adolfo Sacchi, encargado de establecimientos productivos en el sur correntino y en el norte de Entre R\u00edos, dijo\u00a0que la creciente de este a\u00f1o es mayor [&hellip;]<\/p>\n","protected":false},"author":6,"featured_media":7074,"comment_status":"closed","ping_status":"open","sticky":false,"template":"","format":"standard","meta":{"_acf_changed":false,"footnotes":""},"categories":[56],"tags":[81,80,78,79],"class_list":["post-7073","post","type-post","status-publish","format-standard","has-post-thumbnail","hentry","category-infoganadero","tag-bovinos","tag-ganaderia","tag-infoganadero","tag-noticias"],"acf":[],"yoast_head":"<!-- This site is optimized with the Yoast SEO plugin v27.4 - https:\/\/yoast.com\/product\/yoast-seo-wordpress\/ -->\n<title>La crecida del Paran\u00e1 obliga a mover a la hacienda | Proagro<\/title>\n<meta name=\"robots\" content=\"index, follow, max-snippet:-1, max-image-preview:large, max-video-preview:-1\" \/>\n<link rel=\"canonical\" href=\"https:\/\/proagrolab.com.ar\/en\/la-crecida-del-parana-obliga-a-mover-a-la-hacienda\/\" \/>\n<meta property=\"og:locale\" content=\"en_US\" \/>\n<meta property=\"og:type\" content=\"article\" \/>\n<meta property=\"og:title\" content=\"La crecida del Paran\u00e1 obliga a mover a la hacienda | Proagro\" \/>\n<meta property=\"og:description\" content=\"En la costa de Entre R\u00edos y Santa Fe, arrean a los animales que engordaban en la zona de islas a campos m\u00e1s altos por el repunte del r\u00edo Paran\u00e1, pero faltan recursos forrajeros. Por Clar\u00edn Rural. \u00a0 Una nueva creciente del r\u00edo Paran\u00e1 obliga a productores que cr\u00edan y engordan en islas frente a los provincias de Entre R\u00edos, Santa Fe y Corrientes a aplicar estrategias de manejo para guarecer los animales de la inundaci\u00f3n, que llega en pleno invierno, y a analizar c\u00f3mo evitar p\u00e9rdidas en tiempos de escasez de recursos forrajeros. Las barcazas que transportan hacienda surcan d\u00eda y noche las aguas del Paran\u00e1 frente a las costas de las provincias del Litoral. La llegada de la creciente pone en alerta y movimiento a productores, asesores y t\u00e9cnicos. La ganader\u00eda en zona de islas tiene esta caracter\u00edstica y si bien quienes trabajan con esta modalidad la conocen, cada vez, es diferente. Este a\u00f1o, son las vacas por parir y los terneros los de mayor riesgo y los primeros a trasladar. El veterinario Adolfo Sacchi, encargado de establecimientos productivos en el sur correntino y en el norte de Entre R\u00edos, dijo\u00a0que la creciente de este a\u00f1o es mayor [&hellip;]\" \/>\n<meta property=\"og:url\" content=\"https:\/\/proagrolab.com.ar\/la-crecida-del-parana-obliga-a-mover-a-la-hacienda\/\" \/>\n<meta property=\"og:site_name\" content=\"Proagro\" \/>\n<meta property=\"article:publisher\" content=\"http:\/\/www.facebook.com\/proagrolab\" \/>\n<meta property=\"article:published_time\" content=\"2015-08-07T16:39:53+00:00\" \/>\n<meta property=\"article:modified_time\" content=\"2020-06-29T19:19:13+00:00\" \/>\n<meta property=\"og:image\" content=\"https:\/\/proagrolab.com.ar\/wp-content\/uploads\/2015\/08\/Portada-P\u00e1gina-Nueva.jpg\" \/>\n\t<meta property=\"og:image:width\" content=\"1146\" \/>\n\t<meta property=\"og:image:height\" content=\"395\" \/>\n\t<meta property=\"og:image:type\" content=\"image\/jpeg\" \/>\n<meta name=\"author\" content=\"Admin Proagro\" \/>\n<meta name=\"twitter:card\" content=\"summary_large_image\" \/>\n<meta name=\"twitter:label1\" content=\"Written by\" \/>\n\t<meta name=\"twitter:data1\" content=\"Admin Proagro\" \/>\n\t<meta name=\"twitter:label2\" content=\"Est. reading time\" \/>\n\t<meta name=\"twitter:data2\" content=\"5 minutes\" \/>\n<script type=\"application\/ld+json\" class=\"yoast-schema-graph\">{\"@context\":\"https:\\\/\\\/schema.org\",\"@graph\":[{\"@type\":\"Article\",\"@id\":\"https:\\\/\\\/proagrolab.com.ar\\\/la-crecida-del-parana-obliga-a-mover-a-la-hacienda\\\/#article\",\"isPartOf\":{\"@id\":\"https:\\\/\\\/proagrolab.com.ar\\\/la-crecida-del-parana-obliga-a-mover-a-la-hacienda\\\/\"},\"author\":{\"name\":\"Admin Proagro\",\"@id\":\"https:\\\/\\\/proagrolab.com.ar\\\/#\\\/schema\\\/person\\\/3e30f2f0f9eadcc02d50ed3664562373\"},\"headline\":\"La crecida del Paran\u00e1 obliga a mover a la hacienda\",\"datePublished\":\"2015-08-07T16:39:53+00:00\",\"dateModified\":\"2020-06-29T19:19:13+00:00\",\"mainEntityOfPage\":{\"@id\":\"https:\\\/\\\/proagrolab.com.ar\\\/la-crecida-del-parana-obliga-a-mover-a-la-hacienda\\\/\"},\"wordCount\":918,\"publisher\":{\"@id\":\"https:\\\/\\\/proagrolab.com.ar\\\/#organization\"},\"image\":{\"@id\":\"https:\\\/\\\/proagrolab.com.ar\\\/la-crecida-del-parana-obliga-a-mover-a-la-hacienda\\\/#primaryimage\"},\"thumbnailUrl\":\"https:\\\/\\\/proagrolab.com.ar\\\/wp-content\\\/uploads\\\/2015\\\/08\\\/Portada-P\u00e1gina-Nueva.jpg\",\"keywords\":[\"bovinos\",\"Ganader\u00eda\",\"News\",\"Noticias\"],\"articleSection\":[\"News\"],\"inLanguage\":\"en-US\"},{\"@type\":\"WebPage\",\"@id\":\"https:\\\/\\\/proagrolab.com.ar\\\/la-crecida-del-parana-obliga-a-mover-a-la-hacienda\\\/\",\"url\":\"https:\\\/\\\/proagrolab.com.ar\\\/la-crecida-del-parana-obliga-a-mover-a-la-hacienda\\\/\",\"name\":\"La crecida del Paran\u00e1 obliga a mover a la hacienda | Proagro\",\"isPartOf\":{\"@id\":\"https:\\\/\\\/proagrolab.com.ar\\\/#website\"},\"primaryImageOfPage\":{\"@id\":\"https:\\\/\\\/proagrolab.com.ar\\\/la-crecida-del-parana-obliga-a-mover-a-la-hacienda\\\/#primaryimage\"},\"image\":{\"@id\":\"https:\\\/\\\/proagrolab.com.ar\\\/la-crecida-del-parana-obliga-a-mover-a-la-hacienda\\\/#primaryimage\"},\"thumbnailUrl\":\"https:\\\/\\\/proagrolab.com.ar\\\/wp-content\\\/uploads\\\/2015\\\/08\\\/Portada-P\u00e1gina-Nueva.jpg\",\"datePublished\":\"2015-08-07T16:39:53+00:00\",\"dateModified\":\"2020-06-29T19:19:13+00:00\",\"breadcrumb\":{\"@id\":\"https:\\\/\\\/proagrolab.com.ar\\\/la-crecida-del-parana-obliga-a-mover-a-la-hacienda\\\/#breadcrumb\"},\"inLanguage\":\"en-US\",\"potentialAction\":[{\"@type\":\"ReadAction\",\"target\":[\"https:\\\/\\\/proagrolab.com.ar\\\/la-crecida-del-parana-obliga-a-mover-a-la-hacienda\\\/\"]}]},{\"@type\":\"ImageObject\",\"inLanguage\":\"en-US\",\"@id\":\"https:\\\/\\\/proagrolab.com.ar\\\/la-crecida-del-parana-obliga-a-mover-a-la-hacienda\\\/#primaryimage\",\"url\":\"https:\\\/\\\/proagrolab.com.ar\\\/wp-content\\\/uploads\\\/2015\\\/08\\\/Portada-P\u00e1gina-Nueva.jpg\",\"contentUrl\":\"https:\\\/\\\/proagrolab.com.ar\\\/wp-content\\\/uploads\\\/2015\\\/08\\\/Portada-P\u00e1gina-Nueva.jpg\",\"width\":1146,\"height\":395},{\"@type\":\"BreadcrumbList\",\"@id\":\"https:\\\/\\\/proagrolab.com.ar\\\/la-crecida-del-parana-obliga-a-mover-a-la-hacienda\\\/#breadcrumb\",\"itemListElement\":[{\"@type\":\"ListItem\",\"position\":1,\"name\":\"Portada\",\"item\":\"https:\\\/\\\/proagrolab.com.ar\\\/\"},{\"@type\":\"ListItem\",\"position\":2,\"name\":\"La crecida del Paran\u00e1 obliga a mover a la hacienda\"}]},{\"@type\":\"WebSite\",\"@id\":\"https:\\\/\\\/proagrolab.com.ar\\\/#website\",\"url\":\"https:\\\/\\\/proagrolab.com.ar\\\/\",\"name\":\"Proagro Laboratorio Veterinario\",\"description\":\"Veterinary laboratory\",\"publisher\":{\"@id\":\"https:\\\/\\\/proagrolab.com.ar\\\/#organization\"},\"potentialAction\":[{\"@type\":\"SearchAction\",\"target\":{\"@type\":\"EntryPoint\",\"urlTemplate\":\"https:\\\/\\\/proagrolab.com.ar\\\/?s={search_term_string}\"},\"query-input\":{\"@type\":\"PropertyValueSpecification\",\"valueRequired\":true,\"valueName\":\"search_term_string\"}}],\"inLanguage\":\"en-US\"},{\"@type\":\"Organization\",\"@id\":\"https:\\\/\\\/proagrolab.com.ar\\\/#organization\",\"name\":\"Proagro\",\"url\":\"https:\\\/\\\/proagrolab.com.ar\\\/\",\"logo\":{\"@type\":\"ImageObject\",\"inLanguage\":\"en-US\",\"@id\":\"https:\\\/\\\/proagrolab.com.ar\\\/#\\\/schema\\\/logo\\\/image\\\/\",\"url\":\"https:\\\/\\\/proagrolab.com.ar\\\/wp-content\\\/uploads\\\/2020\\\/04\\\/logo-retina.png\",\"contentUrl\":\"https:\\\/\\\/proagrolab.com.ar\\\/wp-content\\\/uploads\\\/2020\\\/04\\\/logo-retina.png\",\"width\":478,\"height\":120,\"caption\":\"Proagro\"},\"image\":{\"@id\":\"https:\\\/\\\/proagrolab.com.ar\\\/#\\\/schema\\\/logo\\\/image\\\/\"},\"sameAs\":[\"http:\\\/\\\/www.facebook.com\\\/proagrolab\",\"https:\\\/\\\/www.instagram.com\\\/proagrolab\\\/\",\"https:\\\/\\\/www.linkedin.com\\\/company\\\/laboratorio-proagro-s-a\\\/\"]},{\"@type\":\"Person\",\"@id\":\"https:\\\/\\\/proagrolab.com.ar\\\/#\\\/schema\\\/person\\\/3e30f2f0f9eadcc02d50ed3664562373\",\"name\":\"Admin Proagro\",\"sameAs\":[\"http:\\\/\\\/www.sistemas7g.com\"]}]}<\/script>\n<!-- \/ Yoast SEO plugin. -->","yoast_head_json":{"title":"La crecida del Paran\u00e1 obliga a mover a la hacienda | Proagro","robots":{"index":"index","follow":"follow","max-snippet":"max-snippet:-1","max-image-preview":"max-image-preview:large","max-video-preview":"max-video-preview:-1"},"canonical":"https:\/\/proagrolab.com.ar\/en\/la-crecida-del-parana-obliga-a-mover-a-la-hacienda\/","og_locale":"en_US","og_type":"article","og_title":"La crecida del Paran\u00e1 obliga a mover a la hacienda | Proagro","og_description":"En la costa de Entre R\u00edos y Santa Fe, arrean a los animales que engordaban en la zona de islas a campos m\u00e1s altos por el repunte del r\u00edo Paran\u00e1, pero faltan recursos forrajeros. Por Clar\u00edn Rural. \u00a0 Una nueva creciente del r\u00edo Paran\u00e1 obliga a productores que cr\u00edan y engordan en islas frente a los provincias de Entre R\u00edos, Santa Fe y Corrientes a aplicar estrategias de manejo para guarecer los animales de la inundaci\u00f3n, que llega en pleno invierno, y a analizar c\u00f3mo evitar p\u00e9rdidas en tiempos de escasez de recursos forrajeros. Las barcazas que transportan hacienda surcan d\u00eda y noche las aguas del Paran\u00e1 frente a las costas de las provincias del Litoral. La llegada de la creciente pone en alerta y movimiento a productores, asesores y t\u00e9cnicos. La ganader\u00eda en zona de islas tiene esta caracter\u00edstica y si bien quienes trabajan con esta modalidad la conocen, cada vez, es diferente. Este a\u00f1o, son las vacas por parir y los terneros los de mayor riesgo y los primeros a trasladar. El veterinario Adolfo Sacchi, encargado de establecimientos productivos en el sur correntino y en el norte de Entre R\u00edos, dijo\u00a0que la creciente de este a\u00f1o es mayor [&hellip;]","og_url":"https:\/\/proagrolab.com.ar\/la-crecida-del-parana-obliga-a-mover-a-la-hacienda\/","og_site_name":"Proagro","article_publisher":"http:\/\/www.facebook.com\/proagrolab","article_published_time":"2015-08-07T16:39:53+00:00","article_modified_time":"2020-06-29T19:19:13+00:00","og_image":[{"width":1146,"height":395,"url":"https:\/\/proagrolab.com.ar\/wp-content\/uploads\/2015\/08\/Portada-P\u00e1gina-Nueva.jpg","type":"image\/jpeg"}],"author":"Admin Proagro","twitter_card":"summary_large_image","twitter_misc":{"Written by":"Admin Proagro","Est. reading time":"5 minutes"},"schema":{"@context":"https:\/\/schema.org","@graph":[{"@type":"Article","@id":"https:\/\/proagrolab.com.ar\/la-crecida-del-parana-obliga-a-mover-a-la-hacienda\/#article","isPartOf":{"@id":"https:\/\/proagrolab.com.ar\/la-crecida-del-parana-obliga-a-mover-a-la-hacienda\/"},"author":{"name":"Admin Proagro","@id":"https:\/\/proagrolab.com.ar\/#\/schema\/person\/3e30f2f0f9eadcc02d50ed3664562373"},"headline":"La crecida del Paran\u00e1 obliga a mover a la hacienda","datePublished":"2015-08-07T16:39:53+00:00","dateModified":"2020-06-29T19:19:13+00:00","mainEntityOfPage":{"@id":"https:\/\/proagrolab.com.ar\/la-crecida-del-parana-obliga-a-mover-a-la-hacienda\/"},"wordCount":918,"publisher":{"@id":"https:\/\/proagrolab.com.ar\/#organization"},"image":{"@id":"https:\/\/proagrolab.com.ar\/la-crecida-del-parana-obliga-a-mover-a-la-hacienda\/#primaryimage"},"thumbnailUrl":"https:\/\/proagrolab.com.ar\/wp-content\/uploads\/2015\/08\/Portada-P\u00e1gina-Nueva.jpg","keywords":["bovinos","Ganader\u00eda","News","Noticias"],"articleSection":["News"],"inLanguage":"en-US"},{"@type":"WebPage","@id":"https:\/\/proagrolab.com.ar\/la-crecida-del-parana-obliga-a-mover-a-la-hacienda\/","url":"https:\/\/proagrolab.com.ar\/la-crecida-del-parana-obliga-a-mover-a-la-hacienda\/","name":"La crecida del Paran\u00e1 obliga a mover a la hacienda | Proagro","isPartOf":{"@id":"https:\/\/proagrolab.com.ar\/#website"},"primaryImageOfPage":{"@id":"https:\/\/proagrolab.com.ar\/la-crecida-del-parana-obliga-a-mover-a-la-hacienda\/#primaryimage"},"image":{"@id":"https:\/\/proagrolab.com.ar\/la-crecida-del-parana-obliga-a-mover-a-la-hacienda\/#primaryimage"},"thumbnailUrl":"https:\/\/proagrolab.com.ar\/wp-content\/uploads\/2015\/08\/Portada-P\u00e1gina-Nueva.jpg","datePublished":"2015-08-07T16:39:53+00:00","dateModified":"2020-06-29T19:19:13+00:00","breadcrumb":{"@id":"https:\/\/proagrolab.com.ar\/la-crecida-del-parana-obliga-a-mover-a-la-hacienda\/#breadcrumb"},"inLanguage":"en-US","potentialAction":[{"@type":"ReadAction","target":["https:\/\/proagrolab.com.ar\/la-crecida-del-parana-obliga-a-mover-a-la-hacienda\/"]}]},{"@type":"ImageObject","inLanguage":"en-US","@id":"https:\/\/proagrolab.com.ar\/la-crecida-del-parana-obliga-a-mover-a-la-hacienda\/#primaryimage","url":"https:\/\/proagrolab.com.ar\/wp-content\/uploads\/2015\/08\/Portada-P\u00e1gina-Nueva.jpg","contentUrl":"https:\/\/proagrolab.com.ar\/wp-content\/uploads\/2015\/08\/Portada-P\u00e1gina-Nueva.jpg","width":1146,"height":395},{"@type":"BreadcrumbList","@id":"https:\/\/proagrolab.com.ar\/la-crecida-del-parana-obliga-a-mover-a-la-hacienda\/#breadcrumb","itemListElement":[{"@type":"ListItem","position":1,"name":"Portada","item":"https:\/\/proagrolab.com.ar\/"},{"@type":"ListItem","position":2,"name":"La crecida del Paran\u00e1 obliga a mover a la hacienda"}]},{"@type":"WebSite","@id":"https:\/\/proagrolab.com.ar\/#website","url":"https:\/\/proagrolab.com.ar\/","name":"Proagro Laboratorio Veterinario","description":"Veterinary laboratory","publisher":{"@id":"https:\/\/proagrolab.com.ar\/#organization"},"potentialAction":[{"@type":"SearchAction","target":{"@type":"EntryPoint","urlTemplate":"https:\/\/proagrolab.com.ar\/?s={search_term_string}"},"query-input":{"@type":"PropertyValueSpecification","valueRequired":true,"valueName":"search_term_string"}}],"inLanguage":"en-US"},{"@type":"Organization","@id":"https:\/\/proagrolab.com.ar\/#organization","name":"Proagro","url":"https:\/\/proagrolab.com.ar\/","logo":{"@type":"ImageObject","inLanguage":"en-US","@id":"https:\/\/proagrolab.com.ar\/#\/schema\/logo\/image\/","url":"https:\/\/proagrolab.com.ar\/wp-content\/uploads\/2020\/04\/logo-retina.png","contentUrl":"https:\/\/proagrolab.com.ar\/wp-content\/uploads\/2020\/04\/logo-retina.png","width":478,"height":120,"caption":"Proagro"},"image":{"@id":"https:\/\/proagrolab.com.ar\/#\/schema\/logo\/image\/"},"sameAs":["http:\/\/www.facebook.com\/proagrolab","https:\/\/www.instagram.com\/proagrolab\/","https:\/\/www.linkedin.com\/company\/laboratorio-proagro-s-a\/"]},{"@type":"Person","@id":"https:\/\/proagrolab.com.ar\/#\/schema\/person\/3e30f2f0f9eadcc02d50ed3664562373","name":"Admin Proagro","sameAs":["http:\/\/www.sistemas7g.com"]}]}},"_links":{"self":[{"href":"https:\/\/proagrolab.com.ar\/en\/wp-json\/wp\/v2\/posts\/7073","targetHints":{"allow":["GET"]}}],"collection":[{"href":"https:\/\/proagrolab.com.ar\/en\/wp-json\/wp\/v2\/posts"}],"about":[{"href":"https:\/\/proagrolab.com.ar\/en\/wp-json\/wp\/v2\/types\/post"}],"author":[{"embeddable":true,"href":"https:\/\/proagrolab.com.ar\/en\/wp-json\/wp\/v2\/users\/6"}],"replies":[{"embeddable":true,"href":"https:\/\/proagrolab.com.ar\/en\/wp-json\/wp\/v2\/comments?post=7073"}],"version-history":[{"count":1,"href":"https:\/\/proagrolab.com.ar\/en\/wp-json\/wp\/v2\/posts\/7073\/revisions"}],"predecessor-version":[{"id":14043,"href":"https:\/\/proagrolab.com.ar\/en\/wp-json\/wp\/v2\/posts\/7073\/revisions\/14043"}],"wp:featuredmedia":[{"embeddable":true,"href":"https:\/\/proagrolab.com.ar\/en\/wp-json\/wp\/v2\/media\/7074"}],"wp:attachment":[{"href":"https:\/\/proagrolab.com.ar\/en\/wp-json\/wp\/v2\/media?parent=7073"}],"wp:term":[{"taxonomy":"category","embeddable":true,"href":"https:\/\/proagrolab.com.ar\/en\/wp-json\/wp\/v2\/categories?post=7073"},{"taxonomy":"post_tag","embeddable":true,"href":"https:\/\/proagrolab.com.ar\/en\/wp-json\/wp\/v2\/tags?post=7073"}],"curies":[{"name":"wp","href":"https:\/\/api.w.org\/{rel}","templated":true}]}}