{"id":7046,"date":"2015-08-05T13:18:28","date_gmt":"2015-08-05T13:18:28","guid":{"rendered":"https:\/\/proagrolab.com.ar\/?p=7046"},"modified":"2020-06-29T18:50:29","modified_gmt":"2020-06-29T18:50:29","slug":"postergan-una-nueva-baja-en-la-leche","status":"publish","type":"post","link":"https:\/\/proagrolab.com.ar\/en\/postergan-una-nueva-baja-en-la-leche\/","title":{"rendered":"Postergan una nueva baja en la leche"},"content":{"rendered":"<p class=\"qtranxs-available-languages-message qtranxs-available-languages-message-en\"> <\/p><p><\/p>\n<div class=\"field field-name-field-bajada field-type-text-long field-label-hidden\"><em><strong>El Gobierno logr\u00f3 imponer que el sector postergue por unos d\u00edas el pago a los productores por la leche producida en julio pasado.\u00a0Las industrias frenaron pagos a los tamberos hasta el martes.<\/strong><\/em><\/div>\n<p class=\"authoring\"><em>Por <span class=\"author\">Fernando Bertello <\/span>| <span class=\"source\">Diario La Naci\u00f3n.<\/span><\/em><\/p>\n<div class=\"field field-name-body field-type-text-with-summary field-label-hidden\">\n<p>El Gobierno <strong>descart\u00f3 por el momento<\/strong> la aplicaci\u00f3n de la ley de abastecimiento para la industria lechera, pero logr\u00f3 imponer que el sector postergue por unos d\u00edas el pago a los <strong>productores por la leche producida<\/strong> en julio pasado, que pensaba liquidar con nuevas bajas de precios.<\/p>\n<p>Ayer, en el marco de una <strong>mesa t\u00e9cnica y pol\u00edtica<\/strong> para la lecher\u00eda que se conform\u00f3 en el \u00e1mbito de la <strong>Secretar\u00eda de Comercio<\/strong>, el <strong>subsecretario de Comercio, Ariel Langer<\/strong>, no trat\u00f3 la implementaci\u00f3n de la <strong>ley de abastecimiento<\/strong>, como hab\u00eda trascendido. Sin embargo, le arranc\u00f3 una tregua al sector industrial. Consigui\u00f3 que frene la impresi\u00f3n de las liquidaciones de julio y que las <strong>deje sin efecto<\/strong> si ya lo hab\u00eda hecho.<\/p>\n<p><em>&#8220;Para las liquidaciones de julio, que<strong> suelen salir del 7 al 10<\/strong>, se va a esperar al 11&#8243;<\/em>, se\u00f1al\u00f3 <strong>Mariano Vidal<\/strong>, representante de la <strong>Asociaci\u00f3n de Productores Lecheros Argentinos (APLA)<\/strong>. Ese d\u00eda habr\u00e1 un nuevo encuentro y deber\u00eda salir una <em><strong>&#8220;resoluci\u00f3n en conjunto&#8221;<\/strong><\/em> por los precios, seg\u00fan afirm\u00f3 Vidal.<\/p>\n<p>En los \u00faltimos d\u00edas, <strong>funcionarios oficiales<\/strong> se encargaron de llamar de manera directa a industrias que estaban imprimiendo las <strong>liquidaciones con precios rebajados<\/strong>. La pretensi\u00f3n de los tamberos es que al menos se respeten los valores de junio, que ya ten\u00edan un <strong>recorte de 10 centavos por litro<\/strong>. <em>&#8220;Algunas van a poder mantener el precio, otras acercarse al valor de junio y otras estar\u00e1n con una peque\u00f1a baja recurriendo al <strong>m\u00e1ximo esfuerzo posible<\/strong>&#8220;<\/em>, admiti\u00f3 <strong>Miguel Paul\u00f3n<\/strong>, <strong>presidente del Centro de la Industria Lechera (CIL)<\/strong>.<\/p>\n<p>Adem\u00e1s de tamberos, industriales y funcionarios de <strong>gobiernos provinciales de C\u00f3rdoba, Buenos Aires y Santa Fe<\/strong>, en el encuentro de ayer hubo representantes del <strong>Banco Naci\u00f3n<\/strong>. Con ellos, seg\u00fan trascendi\u00f3, se comenzar\u00e1 a evaluar el pasivo de productores que a comienzos de a\u00f1o tuvieron inundaciones y hoy enfrentan dificultades econ\u00f3micas.<\/p>\n<p>Tambi\u00e9n asistieron <strong>representantes de los supermercados<\/strong>. Con este sector se evaluar\u00e1n medidas en los pr\u00f3ximas d\u00edas para aumentar el <strong>consumo de productos l\u00e1cteos<\/strong>, de modo de ayudar a aliviar los excedentes que hoy tiene la producci\u00f3n. <em>&#8220;Se va a avanzar en alguna <strong>medida pro consumo<\/strong> para sostener el mercado interno&#8221;<\/em>, indic\u00f3 <strong>Diego Manavella<\/strong>, <strong>presidente de la<\/strong>\u00a0<strong>C\u00e1mara de Productores de Leche de C\u00f3rdoba<\/strong>.<\/p>\n<p>El encuentro tambi\u00e9n cont\u00f3 con la presencia de <strong>autoridades y t\u00e9cnicos de la Canciller\u00eda<\/strong>. Respecto de este punto, la intenci\u00f3n del Gobierno es buscar alg\u00fan acuerdo internacional que pueda ayudar a la exportaci\u00f3n de los productos. En la reuni\u00f3n de ayer se habl\u00f3, entre otros pa\u00edses, de exportar a Cuba, que compra <strong>unas 50.000 toneladas<\/strong> por a\u00f1o en el mundo.<\/p>\n<p>La evaluaci\u00f3n que hicieron los tamberos de la<strong> reuni\u00f3n de ayer es positiva<\/strong>, aunque saben que a\u00fan no les alcanza para mejorar la situaci\u00f3n de la actividad. <em>&#8220;Esto es un paso m\u00e1s. Vamos a estar conformes el d\u00eda que nos den la <strong>rentabilidad que necesitamos<\/strong>&#8220;<\/em>, concluy\u00f3 Vidal.<\/p>\n<\/div>\n<p><em>Fuente:\u00a0http:\/\/www.fyo.com\/noticia\/151402\/postergan-nueva-baja-leche<\/em><\/p>\n<p><\/p>","protected":false},"excerpt":{"rendered":"<p>El Gobierno logr\u00f3 imponer que el sector postergue por unos d\u00edas el pago a los productores por la leche producida en julio pasado.\u00a0Las industrias frenaron pagos a los tamberos hasta el martes. Por Fernando Bertello | Diario La Naci\u00f3n. El Gobierno descart\u00f3 por el momento la aplicaci\u00f3n de la ley de abastecimiento para la industria lechera, pero logr\u00f3 imponer que el sector postergue por unos d\u00edas el pago a los productores por la leche producida en julio pasado, que pensaba liquidar con nuevas bajas de precios. Ayer, en el marco de una mesa t\u00e9cnica y pol\u00edtica para la lecher\u00eda que se conform\u00f3 en el \u00e1mbito de la Secretar\u00eda de Comercio, el subsecretario de Comercio, Ariel Langer, no trat\u00f3 la implementaci\u00f3n de la ley de abastecimiento, como hab\u00eda trascendido. Sin embargo, le arranc\u00f3 una tregua al sector industrial. Consigui\u00f3 que frene la impresi\u00f3n de las liquidaciones de julio y que las deje sin efecto si ya lo hab\u00eda hecho. &#8220;Para las liquidaciones de julio, que suelen salir del 7 al 10, se va a esperar al 11&#8243;, se\u00f1al\u00f3 Mariano Vidal, representante de la Asociaci\u00f3n de Productores Lecheros Argentinos (APLA). Ese d\u00eda habr\u00e1 un nuevo encuentro y deber\u00eda salir una &#8220;resoluci\u00f3n en [&hellip;]<\/p>\n","protected":false},"author":6,"featured_media":7047,"comment_status":"closed","ping_status":"open","sticky":false,"template":"","format":"standard","meta":{"_acf_changed":false,"footnotes":""},"categories":[56],"tags":[81,82,79],"class_list":["post-7046","post","type-post","status-publish","format-standard","has-post-thumbnail","hentry","category-infoganadero","tag-bovinos","tag-lecheria","tag-noticias"],"acf":[],"yoast_head":"<!-- This site is optimized with the Yoast SEO plugin v27.4 - https:\/\/yoast.com\/product\/yoast-seo-wordpress\/ -->\n<title>Postergan una nueva baja en la leche | Proagro<\/title>\n<meta name=\"robots\" content=\"index, follow, max-snippet:-1, max-image-preview:large, max-video-preview:-1\" \/>\n<link rel=\"canonical\" href=\"https:\/\/proagrolab.com.ar\/en\/postergan-una-nueva-baja-en-la-leche\/\" \/>\n<meta property=\"og:locale\" content=\"en_US\" \/>\n<meta property=\"og:type\" content=\"article\" \/>\n<meta property=\"og:title\" content=\"Postergan una nueva baja en la leche | Proagro\" \/>\n<meta property=\"og:description\" content=\"El Gobierno logr\u00f3 imponer que el sector postergue por unos d\u00edas el pago a los productores por la leche producida en julio pasado.\u00a0Las industrias frenaron pagos a los tamberos hasta el martes. Por Fernando Bertello | Diario La Naci\u00f3n. El Gobierno descart\u00f3 por el momento la aplicaci\u00f3n de la ley de abastecimiento para la industria lechera, pero logr\u00f3 imponer que el sector postergue por unos d\u00edas el pago a los productores por la leche producida en julio pasado, que pensaba liquidar con nuevas bajas de precios. Ayer, en el marco de una mesa t\u00e9cnica y pol\u00edtica para la lecher\u00eda que se conform\u00f3 en el \u00e1mbito de la Secretar\u00eda de Comercio, el subsecretario de Comercio, Ariel Langer, no trat\u00f3 la implementaci\u00f3n de la ley de abastecimiento, como hab\u00eda trascendido. Sin embargo, le arranc\u00f3 una tregua al sector industrial. Consigui\u00f3 que frene la impresi\u00f3n de las liquidaciones de julio y que las deje sin efecto si ya lo hab\u00eda hecho. &#8220;Para las liquidaciones de julio, que suelen salir del 7 al 10, se va a esperar al 11&#8243;, se\u00f1al\u00f3 Mariano Vidal, representante de la Asociaci\u00f3n de Productores Lecheros Argentinos (APLA). Ese d\u00eda habr\u00e1 un nuevo encuentro y deber\u00eda salir una &#8220;resoluci\u00f3n en [&hellip;]\" \/>\n<meta property=\"og:url\" content=\"https:\/\/proagrolab.com.ar\/postergan-una-nueva-baja-en-la-leche\/\" \/>\n<meta property=\"og:site_name\" content=\"Proagro\" \/>\n<meta property=\"article:publisher\" content=\"http:\/\/www.facebook.com\/proagrolab\" \/>\n<meta property=\"article:published_time\" content=\"2015-08-05T13:18:28+00:00\" \/>\n<meta property=\"article:modified_time\" content=\"2020-06-29T18:50:29+00:00\" \/>\n<meta property=\"og:image\" content=\"https:\/\/proagrolab.com.ar\/wp-content\/uploads\/2015\/08\/Lecher\u00eda.jpg\" \/>\n\t<meta property=\"og:image:width\" content=\"1100\" \/>\n\t<meta property=\"og:image:height\" content=\"400\" \/>\n\t<meta property=\"og:image:type\" content=\"image\/jpeg\" \/>\n<meta name=\"author\" content=\"Admin Proagro\" \/>\n<meta name=\"twitter:card\" content=\"summary_large_image\" \/>\n<meta name=\"twitter:label1\" content=\"Written by\" \/>\n\t<meta name=\"twitter:data1\" content=\"Admin Proagro\" \/>\n\t<meta name=\"twitter:label2\" content=\"Est. reading time\" \/>\n\t<meta name=\"twitter:data2\" content=\"3 minutes\" \/>\n<script type=\"application\/ld+json\" class=\"yoast-schema-graph\">{\"@context\":\"https:\\\/\\\/schema.org\",\"@graph\":[{\"@type\":\"Article\",\"@id\":\"https:\\\/\\\/proagrolab.com.ar\\\/postergan-una-nueva-baja-en-la-leche\\\/#article\",\"isPartOf\":{\"@id\":\"https:\\\/\\\/proagrolab.com.ar\\\/postergan-una-nueva-baja-en-la-leche\\\/\"},\"author\":{\"name\":\"Admin Proagro\",\"@id\":\"https:\\\/\\\/proagrolab.com.ar\\\/#\\\/schema\\\/person\\\/3e30f2f0f9eadcc02d50ed3664562373\"},\"headline\":\"Postergan una nueva baja en la leche\",\"datePublished\":\"2015-08-05T13:18:28+00:00\",\"dateModified\":\"2020-06-29T18:50:29+00:00\",\"mainEntityOfPage\":{\"@id\":\"https:\\\/\\\/proagrolab.com.ar\\\/postergan-una-nueva-baja-en-la-leche\\\/\"},\"wordCount\":574,\"publisher\":{\"@id\":\"https:\\\/\\\/proagrolab.com.ar\\\/#organization\"},\"image\":{\"@id\":\"https:\\\/\\\/proagrolab.com.ar\\\/postergan-una-nueva-baja-en-la-leche\\\/#primaryimage\"},\"thumbnailUrl\":\"https:\\\/\\\/proagrolab.com.ar\\\/wp-content\\\/uploads\\\/2015\\\/08\\\/Lecher\u00eda.jpg\",\"keywords\":[\"bovinos\",\"\",\"Noticias\"],\"articleSection\":[\"News\"],\"inLanguage\":\"en-US\"},{\"@type\":\"WebPage\",\"@id\":\"https:\\\/\\\/proagrolab.com.ar\\\/postergan-una-nueva-baja-en-la-leche\\\/\",\"url\":\"https:\\\/\\\/proagrolab.com.ar\\\/postergan-una-nueva-baja-en-la-leche\\\/\",\"name\":\"Postergan una nueva baja en la leche | Proagro\",\"isPartOf\":{\"@id\":\"https:\\\/\\\/proagrolab.com.ar\\\/#website\"},\"primaryImageOfPage\":{\"@id\":\"https:\\\/\\\/proagrolab.com.ar\\\/postergan-una-nueva-baja-en-la-leche\\\/#primaryimage\"},\"image\":{\"@id\":\"https:\\\/\\\/proagrolab.com.ar\\\/postergan-una-nueva-baja-en-la-leche\\\/#primaryimage\"},\"thumbnailUrl\":\"https:\\\/\\\/proagrolab.com.ar\\\/wp-content\\\/uploads\\\/2015\\\/08\\\/Lecher\u00eda.jpg\",\"datePublished\":\"2015-08-05T13:18:28+00:00\",\"dateModified\":\"2020-06-29T18:50:29+00:00\",\"breadcrumb\":{\"@id\":\"https:\\\/\\\/proagrolab.com.ar\\\/postergan-una-nueva-baja-en-la-leche\\\/#breadcrumb\"},\"inLanguage\":\"en-US\",\"potentialAction\":[{\"@type\":\"ReadAction\",\"target\":[\"https:\\\/\\\/proagrolab.com.ar\\\/postergan-una-nueva-baja-en-la-leche\\\/\"]}]},{\"@type\":\"ImageObject\",\"inLanguage\":\"en-US\",\"@id\":\"https:\\\/\\\/proagrolab.com.ar\\\/postergan-una-nueva-baja-en-la-leche\\\/#primaryimage\",\"url\":\"https:\\\/\\\/proagrolab.com.ar\\\/wp-content\\\/uploads\\\/2015\\\/08\\\/Lecher\u00eda.jpg\",\"contentUrl\":\"https:\\\/\\\/proagrolab.com.ar\\\/wp-content\\\/uploads\\\/2015\\\/08\\\/Lecher\u00eda.jpg\",\"width\":1100,\"height\":400,\"caption\":\"Healthy Holstein dairy cows feed at a farm in central Washington in this December, 24, 2003 file photo. Many of the more than 60,000 dairy farms in the United States have been cutting costs, selling off their cows, or leaving the dairy business altogether as milk prices plummet 35 percent in just the past two months while dairy farm operating costs remain uncomfortably high. To match feature FINANCIAL\\\/DAIRY-FARMS REUTERS\\\/Jeff Green\\\/Files (UNITED STATES) FINANCIAL\\\/DAIRY-FARMS\"},{\"@type\":\"BreadcrumbList\",\"@id\":\"https:\\\/\\\/proagrolab.com.ar\\\/postergan-una-nueva-baja-en-la-leche\\\/#breadcrumb\",\"itemListElement\":[{\"@type\":\"ListItem\",\"position\":1,\"name\":\"Portada\",\"item\":\"https:\\\/\\\/proagrolab.com.ar\\\/\"},{\"@type\":\"ListItem\",\"position\":2,\"name\":\"Postergan una nueva baja en la leche\"}]},{\"@type\":\"WebSite\",\"@id\":\"https:\\\/\\\/proagrolab.com.ar\\\/#website\",\"url\":\"https:\\\/\\\/proagrolab.com.ar\\\/\",\"name\":\"Proagro Laboratorio Veterinario\",\"description\":\"Veterinary laboratory\",\"publisher\":{\"@id\":\"https:\\\/\\\/proagrolab.com.ar\\\/#organization\"},\"potentialAction\":[{\"@type\":\"SearchAction\",\"target\":{\"@type\":\"EntryPoint\",\"urlTemplate\":\"https:\\\/\\\/proagrolab.com.ar\\\/?s={search_term_string}\"},\"query-input\":{\"@type\":\"PropertyValueSpecification\",\"valueRequired\":true,\"valueName\":\"search_term_string\"}}],\"inLanguage\":\"en-US\"},{\"@type\":\"Organization\",\"@id\":\"https:\\\/\\\/proagrolab.com.ar\\\/#organization\",\"name\":\"Proagro\",\"url\":\"https:\\\/\\\/proagrolab.com.ar\\\/\",\"logo\":{\"@type\":\"ImageObject\",\"inLanguage\":\"en-US\",\"@id\":\"https:\\\/\\\/proagrolab.com.ar\\\/#\\\/schema\\\/logo\\\/image\\\/\",\"url\":\"https:\\\/\\\/proagrolab.com.ar\\\/wp-content\\\/uploads\\\/2020\\\/04\\\/logo-retina.png\",\"contentUrl\":\"https:\\\/\\\/proagrolab.com.ar\\\/wp-content\\\/uploads\\\/2020\\\/04\\\/logo-retina.png\",\"width\":478,\"height\":120,\"caption\":\"Proagro\"},\"image\":{\"@id\":\"https:\\\/\\\/proagrolab.com.ar\\\/#\\\/schema\\\/logo\\\/image\\\/\"},\"sameAs\":[\"http:\\\/\\\/www.facebook.com\\\/proagrolab\",\"https:\\\/\\\/www.instagram.com\\\/proagrolab\\\/\",\"https:\\\/\\\/www.linkedin.com\\\/company\\\/laboratorio-proagro-s-a\\\/\"]},{\"@type\":\"Person\",\"@id\":\"https:\\\/\\\/proagrolab.com.ar\\\/#\\\/schema\\\/person\\\/3e30f2f0f9eadcc02d50ed3664562373\",\"name\":\"Admin Proagro\",\"sameAs\":[\"http:\\\/\\\/www.sistemas7g.com\"]}]}<\/script>\n<!-- \/ Yoast SEO plugin. -->","yoast_head_json":{"title":"Postergan una nueva baja en la leche | Proagro","robots":{"index":"index","follow":"follow","max-snippet":"max-snippet:-1","max-image-preview":"max-image-preview:large","max-video-preview":"max-video-preview:-1"},"canonical":"https:\/\/proagrolab.com.ar\/en\/postergan-una-nueva-baja-en-la-leche\/","og_locale":"en_US","og_type":"article","og_title":"Postergan una nueva baja en la leche | Proagro","og_description":"El Gobierno logr\u00f3 imponer que el sector postergue por unos d\u00edas el pago a los productores por la leche producida en julio pasado.\u00a0Las industrias frenaron pagos a los tamberos hasta el martes. Por Fernando Bertello | Diario La Naci\u00f3n. El Gobierno descart\u00f3 por el momento la aplicaci\u00f3n de la ley de abastecimiento para la industria lechera, pero logr\u00f3 imponer que el sector postergue por unos d\u00edas el pago a los productores por la leche producida en julio pasado, que pensaba liquidar con nuevas bajas de precios. Ayer, en el marco de una mesa t\u00e9cnica y pol\u00edtica para la lecher\u00eda que se conform\u00f3 en el \u00e1mbito de la Secretar\u00eda de Comercio, el subsecretario de Comercio, Ariel Langer, no trat\u00f3 la implementaci\u00f3n de la ley de abastecimiento, como hab\u00eda trascendido. Sin embargo, le arranc\u00f3 una tregua al sector industrial. Consigui\u00f3 que frene la impresi\u00f3n de las liquidaciones de julio y que las deje sin efecto si ya lo hab\u00eda hecho. &#8220;Para las liquidaciones de julio, que suelen salir del 7 al 10, se va a esperar al 11&#8243;, se\u00f1al\u00f3 Mariano Vidal, representante de la Asociaci\u00f3n de Productores Lecheros Argentinos (APLA). Ese d\u00eda habr\u00e1 un nuevo encuentro y deber\u00eda salir una &#8220;resoluci\u00f3n en [&hellip;]","og_url":"https:\/\/proagrolab.com.ar\/postergan-una-nueva-baja-en-la-leche\/","og_site_name":"Proagro","article_publisher":"http:\/\/www.facebook.com\/proagrolab","article_published_time":"2015-08-05T13:18:28+00:00","article_modified_time":"2020-06-29T18:50:29+00:00","og_image":[{"width":1100,"height":400,"url":"https:\/\/proagrolab.com.ar\/wp-content\/uploads\/2015\/08\/Lecher\u00eda.jpg","type":"image\/jpeg"}],"author":"Admin Proagro","twitter_card":"summary_large_image","twitter_misc":{"Written by":"Admin Proagro","Est. reading time":"3 minutes"},"schema":{"@context":"https:\/\/schema.org","@graph":[{"@type":"Article","@id":"https:\/\/proagrolab.com.ar\/postergan-una-nueva-baja-en-la-leche\/#article","isPartOf":{"@id":"https:\/\/proagrolab.com.ar\/postergan-una-nueva-baja-en-la-leche\/"},"author":{"name":"Admin Proagro","@id":"https:\/\/proagrolab.com.ar\/#\/schema\/person\/3e30f2f0f9eadcc02d50ed3664562373"},"headline":"Postergan una nueva baja en la leche","datePublished":"2015-08-05T13:18:28+00:00","dateModified":"2020-06-29T18:50:29+00:00","mainEntityOfPage":{"@id":"https:\/\/proagrolab.com.ar\/postergan-una-nueva-baja-en-la-leche\/"},"wordCount":574,"publisher":{"@id":"https:\/\/proagrolab.com.ar\/#organization"},"image":{"@id":"https:\/\/proagrolab.com.ar\/postergan-una-nueva-baja-en-la-leche\/#primaryimage"},"thumbnailUrl":"https:\/\/proagrolab.com.ar\/wp-content\/uploads\/2015\/08\/Lecher\u00eda.jpg","keywords":["bovinos","","Noticias"],"articleSection":["News"],"inLanguage":"en-US"},{"@type":"WebPage","@id":"https:\/\/proagrolab.com.ar\/postergan-una-nueva-baja-en-la-leche\/","url":"https:\/\/proagrolab.com.ar\/postergan-una-nueva-baja-en-la-leche\/","name":"Postergan una nueva baja en la leche | Proagro","isPartOf":{"@id":"https:\/\/proagrolab.com.ar\/#website"},"primaryImageOfPage":{"@id":"https:\/\/proagrolab.com.ar\/postergan-una-nueva-baja-en-la-leche\/#primaryimage"},"image":{"@id":"https:\/\/proagrolab.com.ar\/postergan-una-nueva-baja-en-la-leche\/#primaryimage"},"thumbnailUrl":"https:\/\/proagrolab.com.ar\/wp-content\/uploads\/2015\/08\/Lecher\u00eda.jpg","datePublished":"2015-08-05T13:18:28+00:00","dateModified":"2020-06-29T18:50:29+00:00","breadcrumb":{"@id":"https:\/\/proagrolab.com.ar\/postergan-una-nueva-baja-en-la-leche\/#breadcrumb"},"inLanguage":"en-US","potentialAction":[{"@type":"ReadAction","target":["https:\/\/proagrolab.com.ar\/postergan-una-nueva-baja-en-la-leche\/"]}]},{"@type":"ImageObject","inLanguage":"en-US","@id":"https:\/\/proagrolab.com.ar\/postergan-una-nueva-baja-en-la-leche\/#primaryimage","url":"https:\/\/proagrolab.com.ar\/wp-content\/uploads\/2015\/08\/Lecher\u00eda.jpg","contentUrl":"https:\/\/proagrolab.com.ar\/wp-content\/uploads\/2015\/08\/Lecher\u00eda.jpg","width":1100,"height":400,"caption":"Healthy Holstein dairy cows feed at a farm in central Washington in this December, 24, 2003 file photo. Many of the more than 60,000 dairy farms in the United States have been cutting costs, selling off their cows, or leaving the dairy business altogether as milk prices plummet 35 percent in just the past two months while dairy farm operating costs remain uncomfortably high. To match feature FINANCIAL\/DAIRY-FARMS REUTERS\/Jeff Green\/Files (UNITED STATES) FINANCIAL\/DAIRY-FARMS"},{"@type":"BreadcrumbList","@id":"https:\/\/proagrolab.com.ar\/postergan-una-nueva-baja-en-la-leche\/#breadcrumb","itemListElement":[{"@type":"ListItem","position":1,"name":"Portada","item":"https:\/\/proagrolab.com.ar\/"},{"@type":"ListItem","position":2,"name":"Postergan una nueva baja en la leche"}]},{"@type":"WebSite","@id":"https:\/\/proagrolab.com.ar\/#website","url":"https:\/\/proagrolab.com.ar\/","name":"Proagro Laboratorio Veterinario","description":"Veterinary laboratory","publisher":{"@id":"https:\/\/proagrolab.com.ar\/#organization"},"potentialAction":[{"@type":"SearchAction","target":{"@type":"EntryPoint","urlTemplate":"https:\/\/proagrolab.com.ar\/?s={search_term_string}"},"query-input":{"@type":"PropertyValueSpecification","valueRequired":true,"valueName":"search_term_string"}}],"inLanguage":"en-US"},{"@type":"Organization","@id":"https:\/\/proagrolab.com.ar\/#organization","name":"Proagro","url":"https:\/\/proagrolab.com.ar\/","logo":{"@type":"ImageObject","inLanguage":"en-US","@id":"https:\/\/proagrolab.com.ar\/#\/schema\/logo\/image\/","url":"https:\/\/proagrolab.com.ar\/wp-content\/uploads\/2020\/04\/logo-retina.png","contentUrl":"https:\/\/proagrolab.com.ar\/wp-content\/uploads\/2020\/04\/logo-retina.png","width":478,"height":120,"caption":"Proagro"},"image":{"@id":"https:\/\/proagrolab.com.ar\/#\/schema\/logo\/image\/"},"sameAs":["http:\/\/www.facebook.com\/proagrolab","https:\/\/www.instagram.com\/proagrolab\/","https:\/\/www.linkedin.com\/company\/laboratorio-proagro-s-a\/"]},{"@type":"Person","@id":"https:\/\/proagrolab.com.ar\/#\/schema\/person\/3e30f2f0f9eadcc02d50ed3664562373","name":"Admin Proagro","sameAs":["http:\/\/www.sistemas7g.com"]}]}},"_links":{"self":[{"href":"https:\/\/proagrolab.com.ar\/en\/wp-json\/wp\/v2\/posts\/7046","targetHints":{"allow":["GET"]}}],"collection":[{"href":"https:\/\/proagrolab.com.ar\/en\/wp-json\/wp\/v2\/posts"}],"about":[{"href":"https:\/\/proagrolab.com.ar\/en\/wp-json\/wp\/v2\/types\/post"}],"author":[{"embeddable":true,"href":"https:\/\/proagrolab.com.ar\/en\/wp-json\/wp\/v2\/users\/6"}],"replies":[{"embeddable":true,"href":"https:\/\/proagrolab.com.ar\/en\/wp-json\/wp\/v2\/comments?post=7046"}],"version-history":[{"count":1,"href":"https:\/\/proagrolab.com.ar\/en\/wp-json\/wp\/v2\/posts\/7046\/revisions"}],"predecessor-version":[{"id":13896,"href":"https:\/\/proagrolab.com.ar\/en\/wp-json\/wp\/v2\/posts\/7046\/revisions\/13896"}],"wp:featuredmedia":[{"embeddable":true,"href":"https:\/\/proagrolab.com.ar\/en\/wp-json\/wp\/v2\/media\/7047"}],"wp:attachment":[{"href":"https:\/\/proagrolab.com.ar\/en\/wp-json\/wp\/v2\/media?parent=7046"}],"wp:term":[{"taxonomy":"category","embeddable":true,"href":"https:\/\/proagrolab.com.ar\/en\/wp-json\/wp\/v2\/categories?post=7046"},{"taxonomy":"post_tag","embeddable":true,"href":"https:\/\/proagrolab.com.ar\/en\/wp-json\/wp\/v2\/tags?post=7046"}],"curies":[{"name":"wp","href":"https:\/\/api.w.org\/{rel}","templated":true}]}}