{"id":7043,"date":"2015-07-31T15:51:54","date_gmt":"2015-07-31T15:51:54","guid":{"rendered":"https:\/\/proagrolab.com.ar\/?p=7043"},"modified":"2020-06-29T19:19:07","modified_gmt":"2020-06-29T19:19:07","slug":"mesa-nacional-propone-medidas-crisis-tambera","status":"publish","type":"post","link":"https:\/\/proagrolab.com.ar\/en\/mesa-nacional-propone-medidas-crisis-tambera\/","title":{"rendered":"La Mesa Nacional propone medidas para la crisis tambera"},"content":{"rendered":"<p class=\"qtranxs-available-languages-message qtranxs-available-languages-message-en\"> <\/p><p><\/p>\n<div class=\"field field-name-field-bajada field-type-text-long field-label-hidden\"><em><strong>Frente a la coyuntura que atraviesan los tamberos propone, entre otras cosas, la creaci\u00f3n de un fondo a cargo de los productores para estimular la exportaci\u00f3n.\u00a0La baja del precio de la leche en tranquera de tambo amenaza con profundizarse.<\/strong><\/em><\/div>\n<p class=\"authoring\"><em>Por <span class=\"source\">Prensa fyo.<\/span><\/em><\/p>\n<div class=\"field field-name-body field-type-text-with-summary field-label-hidden\">\n<p>La <a href=\"http:\/\/www.fyo.com\/tags\/precio-leche\" target=\"_blank\" rel=\"noopener noreferrer\">baja del precio de la leche<\/a> en tranquera de tambo implementada por el sector industrial a partir del mes de mayo, que amenaza con profundizarse en los meses siguientes, <em>&#8220;somete a los productores a una grave situaci\u00f3n de quebranto cuyas principales consecuencias se traducir\u00e1n en el <a href=\"http:\/\/www.fyo.com\/noticia\/149815\/diez-anos-han-cerrado-50-tambos\" target=\"_blank\" rel=\"noopener noreferrer\">cierre de tambos<\/a>, el achicamiento de los rodeos, la <strong>p\u00e9rdida de puestos de trabajo<\/strong>\u00a0 y el deterioro de la cadena de pago&#8221;<\/em>, advirtieron desde la <strong>Mesa Nacional de Productores de Leche<\/strong>.<\/p>\n<p>La dirigencia del sector entiende que <em>&#8220;la excepcional circunstancia que se le da a la lecher\u00eda en el contexto de una <strong>profunda crisis de precios<\/strong> en el mercado global, agravado en nuestro caso por las <strong>malas pol\u00edticas<\/strong> instrumentadas desde el gobierno, la <strong>elevada inflaci\u00f3n<\/strong> y el <strong>alto costo\u00a0<\/strong>del financiamiento, torna necesaria la implementaci\u00f3n por parte del Estado de medidas que amortig\u00fcen el peso de la crisis, contribuyendo as\u00ed a preservar la continuidad de una actividad de vital importancia para las econom\u00edas regionales&#8221;<\/em>.<\/p>\n<p>Por esto, la Mesa Nacional de Productores de Leche propone <strong>adoptar con urgencia<\/strong> las siguientes medidas:<\/p>\n<ul class=\"lista-manual-ul-li lihacienda\">\n<li>Crear un fondo de reparaci\u00f3n para el sector de la producci\u00f3n primaria con el fin de aumentar la <strong>compensaci\u00f3n<\/strong> a partir de la leche entregada en julio a un peso por litro ($1) de leche por dos a\u00f1os, para toda la producci\u00f3n de leche.<\/li>\n<li>Un fondo a cargo de los productores para <strong>estimular la exportaci\u00f3n<\/strong> de productos l\u00e1cteos.<\/li>\n<\/ul>\n<ul class=\"lista-manual-ul-li lihacienda\">\n<li>Poner a disposici\u00f3n de los productores un <strong>monto de financiamiento<\/strong> equivalente a tres meses de producci\u00f3n, con <strong>tasa cero<\/strong>, un per\u00edodo de gracia de un a\u00f1o y 48 meses para su devoluci\u00f3n.<\/li>\n<li><strong>Devoluci\u00f3n autom\u00e1tica<\/strong> del IVA de exportaci\u00f3n, contra certificado de embarque.<\/li>\n<li>Aumentar los <strong>reintegros de exportaci\u00f3n<\/strong> a sus niveles m\u00e1ximos permitidos y aplicarlos contra entrega de documentaci\u00f3n de embarque.<\/li>\n<li>Eliminaci\u00f3n de toda <strong>regulaci\u00f3n<\/strong> a la venta de productos l\u00e1cteos.<\/li>\n<li>Disminuir la excesiva carga impositiva que pesa sobre el sector.<\/li>\n<\/ul>\n<p><em>Fuente:\u00a0http:\/\/www.fyo.com\/noticia\/151278\/mesa-nacional-propone-medidas-crisis-tambera<\/em><\/p>\n<\/div>\n<p><\/p>","protected":false},"excerpt":{"rendered":"<p>Frente a la coyuntura que atraviesan los tamberos propone, entre otras cosas, la creaci\u00f3n de un fondo a cargo de los productores para estimular la exportaci\u00f3n.\u00a0La baja del precio de la leche en tranquera de tambo amenaza con profundizarse. Por Prensa fyo. La baja del precio de la leche en tranquera de tambo implementada por el sector industrial a partir del mes de mayo, que amenaza con profundizarse en los meses siguientes, &#8220;somete a los productores a una grave situaci\u00f3n de quebranto cuyas principales consecuencias se traducir\u00e1n en el cierre de tambos, el achicamiento de los rodeos, la p\u00e9rdida de puestos de trabajo\u00a0 y el deterioro de la cadena de pago&#8221;, advirtieron desde la Mesa Nacional de Productores de Leche. La dirigencia del sector entiende que &#8220;la excepcional circunstancia que se le da a la lecher\u00eda en el contexto de una profunda crisis de precios en el mercado global, agravado en nuestro caso por las malas pol\u00edticas instrumentadas desde el gobierno, la elevada inflaci\u00f3n y el alto costo\u00a0del financiamiento, torna necesaria la implementaci\u00f3n por parte del Estado de medidas que amortig\u00fcen el peso de la crisis, contribuyendo as\u00ed a preservar la continuidad de una actividad de vital importancia para las [&hellip;]<\/p>\n","protected":false},"author":6,"featured_media":7039,"comment_status":"closed","ping_status":"open","sticky":false,"template":"","format":"standard","meta":{"_acf_changed":false,"footnotes":""},"categories":[56],"tags":[80,86,78,79],"class_list":["post-7043","post","type-post","status-publish","format-standard","has-post-thumbnail","hentry","category-infoganadero","tag-ganaderia","tag-hacienda","tag-infoganadero","tag-noticias"],"acf":[],"yoast_head":"<!-- This site is optimized with the Yoast SEO plugin v27.4 - https:\/\/yoast.com\/product\/yoast-seo-wordpress\/ -->\n<title>La Mesa Nacional propone medidas para la crisis tambera | Proagro<\/title>\n<meta name=\"robots\" content=\"index, follow, max-snippet:-1, max-image-preview:large, max-video-preview:-1\" \/>\n<link rel=\"canonical\" href=\"https:\/\/proagrolab.com.ar\/en\/mesa-nacional-propone-medidas-crisis-tambera\/\" \/>\n<meta property=\"og:locale\" content=\"en_US\" \/>\n<meta property=\"og:type\" content=\"article\" \/>\n<meta property=\"og:title\" content=\"La Mesa Nacional propone medidas para la crisis tambera | Proagro\" \/>\n<meta property=\"og:description\" content=\"Frente a la coyuntura que atraviesan los tamberos propone, entre otras cosas, la creaci\u00f3n de un fondo a cargo de los productores para estimular la exportaci\u00f3n.\u00a0La baja del precio de la leche en tranquera de tambo amenaza con profundizarse. Por Prensa fyo. La baja del precio de la leche en tranquera de tambo implementada por el sector industrial a partir del mes de mayo, que amenaza con profundizarse en los meses siguientes, &#8220;somete a los productores a una grave situaci\u00f3n de quebranto cuyas principales consecuencias se traducir\u00e1n en el cierre de tambos, el achicamiento de los rodeos, la p\u00e9rdida de puestos de trabajo\u00a0 y el deterioro de la cadena de pago&#8221;, advirtieron desde la Mesa Nacional de Productores de Leche. La dirigencia del sector entiende que &#8220;la excepcional circunstancia que se le da a la lecher\u00eda en el contexto de una profunda crisis de precios en el mercado global, agravado en nuestro caso por las malas pol\u00edticas instrumentadas desde el gobierno, la elevada inflaci\u00f3n y el alto costo\u00a0del financiamiento, torna necesaria la implementaci\u00f3n por parte del Estado de medidas que amortig\u00fcen el peso de la crisis, contribuyendo as\u00ed a preservar la continuidad de una actividad de vital importancia para las [&hellip;]\" \/>\n<meta property=\"og:url\" content=\"https:\/\/proagrolab.com.ar\/mesa-nacional-propone-medidas-crisis-tambera\/\" \/>\n<meta property=\"og:site_name\" content=\"Proagro\" \/>\n<meta property=\"article:publisher\" content=\"http:\/\/www.facebook.com\/proagrolab\" \/>\n<meta property=\"article:published_time\" content=\"2015-07-31T15:51:54+00:00\" \/>\n<meta property=\"article:modified_time\" content=\"2020-06-29T19:19:07+00:00\" \/>\n<meta property=\"og:image\" content=\"https:\/\/proagrolab.com.ar\/wp-content\/uploads\/2015\/07\/Portada-P\u00e1gina-Nueva1.jpg\" \/>\n\t<meta property=\"og:image:width\" content=\"1146\" \/>\n\t<meta property=\"og:image:height\" content=\"395\" \/>\n\t<meta property=\"og:image:type\" content=\"image\/jpeg\" \/>\n<meta name=\"author\" content=\"Admin Proagro\" \/>\n<meta name=\"twitter:card\" content=\"summary_large_image\" \/>\n<meta name=\"twitter:label1\" content=\"Written by\" \/>\n\t<meta name=\"twitter:data1\" content=\"Admin Proagro\" \/>\n\t<meta name=\"twitter:label2\" content=\"Est. reading time\" \/>\n\t<meta name=\"twitter:data2\" content=\"2 minutes\" \/>\n<script type=\"application\/ld+json\" class=\"yoast-schema-graph\">{\"@context\":\"https:\\\/\\\/schema.org\",\"@graph\":[{\"@type\":\"Article\",\"@id\":\"https:\\\/\\\/proagrolab.com.ar\\\/mesa-nacional-propone-medidas-crisis-tambera\\\/#article\",\"isPartOf\":{\"@id\":\"https:\\\/\\\/proagrolab.com.ar\\\/mesa-nacional-propone-medidas-crisis-tambera\\\/\"},\"author\":{\"name\":\"Admin Proagro\",\"@id\":\"https:\\\/\\\/proagrolab.com.ar\\\/#\\\/schema\\\/person\\\/3e30f2f0f9eadcc02d50ed3664562373\"},\"headline\":\"La Mesa Nacional propone medidas para la crisis tambera\",\"datePublished\":\"2015-07-31T15:51:54+00:00\",\"dateModified\":\"2020-06-29T19:19:07+00:00\",\"mainEntityOfPage\":{\"@id\":\"https:\\\/\\\/proagrolab.com.ar\\\/mesa-nacional-propone-medidas-crisis-tambera\\\/\"},\"wordCount\":404,\"publisher\":{\"@id\":\"https:\\\/\\\/proagrolab.com.ar\\\/#organization\"},\"image\":{\"@id\":\"https:\\\/\\\/proagrolab.com.ar\\\/mesa-nacional-propone-medidas-crisis-tambera\\\/#primaryimage\"},\"thumbnailUrl\":\"https:\\\/\\\/proagrolab.com.ar\\\/wp-content\\\/uploads\\\/2015\\\/07\\\/Portada-P\u00e1gina-Nueva1.jpg\",\"keywords\":[\"Ganader\u00eda\",\"Hacienda\",\"News\",\"Noticias\"],\"articleSection\":[\"News\"],\"inLanguage\":\"en-US\"},{\"@type\":\"WebPage\",\"@id\":\"https:\\\/\\\/proagrolab.com.ar\\\/mesa-nacional-propone-medidas-crisis-tambera\\\/\",\"url\":\"https:\\\/\\\/proagrolab.com.ar\\\/mesa-nacional-propone-medidas-crisis-tambera\\\/\",\"name\":\"La Mesa Nacional propone medidas para la crisis tambera | Proagro\",\"isPartOf\":{\"@id\":\"https:\\\/\\\/proagrolab.com.ar\\\/#website\"},\"primaryImageOfPage\":{\"@id\":\"https:\\\/\\\/proagrolab.com.ar\\\/mesa-nacional-propone-medidas-crisis-tambera\\\/#primaryimage\"},\"image\":{\"@id\":\"https:\\\/\\\/proagrolab.com.ar\\\/mesa-nacional-propone-medidas-crisis-tambera\\\/#primaryimage\"},\"thumbnailUrl\":\"https:\\\/\\\/proagrolab.com.ar\\\/wp-content\\\/uploads\\\/2015\\\/07\\\/Portada-P\u00e1gina-Nueva1.jpg\",\"datePublished\":\"2015-07-31T15:51:54+00:00\",\"dateModified\":\"2020-06-29T19:19:07+00:00\",\"breadcrumb\":{\"@id\":\"https:\\\/\\\/proagrolab.com.ar\\\/mesa-nacional-propone-medidas-crisis-tambera\\\/#breadcrumb\"},\"inLanguage\":\"en-US\",\"potentialAction\":[{\"@type\":\"ReadAction\",\"target\":[\"https:\\\/\\\/proagrolab.com.ar\\\/mesa-nacional-propone-medidas-crisis-tambera\\\/\"]}]},{\"@type\":\"ImageObject\",\"inLanguage\":\"en-US\",\"@id\":\"https:\\\/\\\/proagrolab.com.ar\\\/mesa-nacional-propone-medidas-crisis-tambera\\\/#primaryimage\",\"url\":\"https:\\\/\\\/proagrolab.com.ar\\\/wp-content\\\/uploads\\\/2015\\\/07\\\/Portada-P\u00e1gina-Nueva1.jpg\",\"contentUrl\":\"https:\\\/\\\/proagrolab.com.ar\\\/wp-content\\\/uploads\\\/2015\\\/07\\\/Portada-P\u00e1gina-Nueva1.jpg\",\"width\":1146,\"height\":395},{\"@type\":\"BreadcrumbList\",\"@id\":\"https:\\\/\\\/proagrolab.com.ar\\\/mesa-nacional-propone-medidas-crisis-tambera\\\/#breadcrumb\",\"itemListElement\":[{\"@type\":\"ListItem\",\"position\":1,\"name\":\"Portada\",\"item\":\"https:\\\/\\\/proagrolab.com.ar\\\/\"},{\"@type\":\"ListItem\",\"position\":2,\"name\":\"La Mesa Nacional propone medidas para la crisis tambera\"}]},{\"@type\":\"WebSite\",\"@id\":\"https:\\\/\\\/proagrolab.com.ar\\\/#website\",\"url\":\"https:\\\/\\\/proagrolab.com.ar\\\/\",\"name\":\"Proagro Laboratorio Veterinario\",\"description\":\"Veterinary laboratory\",\"publisher\":{\"@id\":\"https:\\\/\\\/proagrolab.com.ar\\\/#organization\"},\"potentialAction\":[{\"@type\":\"SearchAction\",\"target\":{\"@type\":\"EntryPoint\",\"urlTemplate\":\"https:\\\/\\\/proagrolab.com.ar\\\/?s={search_term_string}\"},\"query-input\":{\"@type\":\"PropertyValueSpecification\",\"valueRequired\":true,\"valueName\":\"search_term_string\"}}],\"inLanguage\":\"en-US\"},{\"@type\":\"Organization\",\"@id\":\"https:\\\/\\\/proagrolab.com.ar\\\/#organization\",\"name\":\"Proagro\",\"url\":\"https:\\\/\\\/proagrolab.com.ar\\\/\",\"logo\":{\"@type\":\"ImageObject\",\"inLanguage\":\"en-US\",\"@id\":\"https:\\\/\\\/proagrolab.com.ar\\\/#\\\/schema\\\/logo\\\/image\\\/\",\"url\":\"https:\\\/\\\/proagrolab.com.ar\\\/wp-content\\\/uploads\\\/2020\\\/04\\\/logo-retina.png\",\"contentUrl\":\"https:\\\/\\\/proagrolab.com.ar\\\/wp-content\\\/uploads\\\/2020\\\/04\\\/logo-retina.png\",\"width\":478,\"height\":120,\"caption\":\"Proagro\"},\"image\":{\"@id\":\"https:\\\/\\\/proagrolab.com.ar\\\/#\\\/schema\\\/logo\\\/image\\\/\"},\"sameAs\":[\"http:\\\/\\\/www.facebook.com\\\/proagrolab\",\"https:\\\/\\\/www.instagram.com\\\/proagrolab\\\/\",\"https:\\\/\\\/www.linkedin.com\\\/company\\\/laboratorio-proagro-s-a\\\/\"]},{\"@type\":\"Person\",\"@id\":\"https:\\\/\\\/proagrolab.com.ar\\\/#\\\/schema\\\/person\\\/3e30f2f0f9eadcc02d50ed3664562373\",\"name\":\"Admin Proagro\",\"sameAs\":[\"http:\\\/\\\/www.sistemas7g.com\"]}]}<\/script>\n<!-- \/ Yoast SEO plugin. -->","yoast_head_json":{"title":"La Mesa Nacional propone medidas para la crisis tambera | Proagro","robots":{"index":"index","follow":"follow","max-snippet":"max-snippet:-1","max-image-preview":"max-image-preview:large","max-video-preview":"max-video-preview:-1"},"canonical":"https:\/\/proagrolab.com.ar\/en\/mesa-nacional-propone-medidas-crisis-tambera\/","og_locale":"en_US","og_type":"article","og_title":"La Mesa Nacional propone medidas para la crisis tambera | Proagro","og_description":"Frente a la coyuntura que atraviesan los tamberos propone, entre otras cosas, la creaci\u00f3n de un fondo a cargo de los productores para estimular la exportaci\u00f3n.\u00a0La baja del precio de la leche en tranquera de tambo amenaza con profundizarse. Por Prensa fyo. La baja del precio de la leche en tranquera de tambo implementada por el sector industrial a partir del mes de mayo, que amenaza con profundizarse en los meses siguientes, &#8220;somete a los productores a una grave situaci\u00f3n de quebranto cuyas principales consecuencias se traducir\u00e1n en el cierre de tambos, el achicamiento de los rodeos, la p\u00e9rdida de puestos de trabajo\u00a0 y el deterioro de la cadena de pago&#8221;, advirtieron desde la Mesa Nacional de Productores de Leche. La dirigencia del sector entiende que &#8220;la excepcional circunstancia que se le da a la lecher\u00eda en el contexto de una profunda crisis de precios en el mercado global, agravado en nuestro caso por las malas pol\u00edticas instrumentadas desde el gobierno, la elevada inflaci\u00f3n y el alto costo\u00a0del financiamiento, torna necesaria la implementaci\u00f3n por parte del Estado de medidas que amortig\u00fcen el peso de la crisis, contribuyendo as\u00ed a preservar la continuidad de una actividad de vital importancia para las [&hellip;]","og_url":"https:\/\/proagrolab.com.ar\/mesa-nacional-propone-medidas-crisis-tambera\/","og_site_name":"Proagro","article_publisher":"http:\/\/www.facebook.com\/proagrolab","article_published_time":"2015-07-31T15:51:54+00:00","article_modified_time":"2020-06-29T19:19:07+00:00","og_image":[{"width":1146,"height":395,"url":"https:\/\/proagrolab.com.ar\/wp-content\/uploads\/2015\/07\/Portada-P\u00e1gina-Nueva1.jpg","type":"image\/jpeg"}],"author":"Admin Proagro","twitter_card":"summary_large_image","twitter_misc":{"Written by":"Admin Proagro","Est. reading time":"2 minutes"},"schema":{"@context":"https:\/\/schema.org","@graph":[{"@type":"Article","@id":"https:\/\/proagrolab.com.ar\/mesa-nacional-propone-medidas-crisis-tambera\/#article","isPartOf":{"@id":"https:\/\/proagrolab.com.ar\/mesa-nacional-propone-medidas-crisis-tambera\/"},"author":{"name":"Admin Proagro","@id":"https:\/\/proagrolab.com.ar\/#\/schema\/person\/3e30f2f0f9eadcc02d50ed3664562373"},"headline":"La Mesa Nacional propone medidas para la crisis tambera","datePublished":"2015-07-31T15:51:54+00:00","dateModified":"2020-06-29T19:19:07+00:00","mainEntityOfPage":{"@id":"https:\/\/proagrolab.com.ar\/mesa-nacional-propone-medidas-crisis-tambera\/"},"wordCount":404,"publisher":{"@id":"https:\/\/proagrolab.com.ar\/#organization"},"image":{"@id":"https:\/\/proagrolab.com.ar\/mesa-nacional-propone-medidas-crisis-tambera\/#primaryimage"},"thumbnailUrl":"https:\/\/proagrolab.com.ar\/wp-content\/uploads\/2015\/07\/Portada-P\u00e1gina-Nueva1.jpg","keywords":["Ganader\u00eda","Hacienda","News","Noticias"],"articleSection":["News"],"inLanguage":"en-US"},{"@type":"WebPage","@id":"https:\/\/proagrolab.com.ar\/mesa-nacional-propone-medidas-crisis-tambera\/","url":"https:\/\/proagrolab.com.ar\/mesa-nacional-propone-medidas-crisis-tambera\/","name":"La Mesa Nacional propone medidas para la crisis tambera | Proagro","isPartOf":{"@id":"https:\/\/proagrolab.com.ar\/#website"},"primaryImageOfPage":{"@id":"https:\/\/proagrolab.com.ar\/mesa-nacional-propone-medidas-crisis-tambera\/#primaryimage"},"image":{"@id":"https:\/\/proagrolab.com.ar\/mesa-nacional-propone-medidas-crisis-tambera\/#primaryimage"},"thumbnailUrl":"https:\/\/proagrolab.com.ar\/wp-content\/uploads\/2015\/07\/Portada-P\u00e1gina-Nueva1.jpg","datePublished":"2015-07-31T15:51:54+00:00","dateModified":"2020-06-29T19:19:07+00:00","breadcrumb":{"@id":"https:\/\/proagrolab.com.ar\/mesa-nacional-propone-medidas-crisis-tambera\/#breadcrumb"},"inLanguage":"en-US","potentialAction":[{"@type":"ReadAction","target":["https:\/\/proagrolab.com.ar\/mesa-nacional-propone-medidas-crisis-tambera\/"]}]},{"@type":"ImageObject","inLanguage":"en-US","@id":"https:\/\/proagrolab.com.ar\/mesa-nacional-propone-medidas-crisis-tambera\/#primaryimage","url":"https:\/\/proagrolab.com.ar\/wp-content\/uploads\/2015\/07\/Portada-P\u00e1gina-Nueva1.jpg","contentUrl":"https:\/\/proagrolab.com.ar\/wp-content\/uploads\/2015\/07\/Portada-P\u00e1gina-Nueva1.jpg","width":1146,"height":395},{"@type":"BreadcrumbList","@id":"https:\/\/proagrolab.com.ar\/mesa-nacional-propone-medidas-crisis-tambera\/#breadcrumb","itemListElement":[{"@type":"ListItem","position":1,"name":"Portada","item":"https:\/\/proagrolab.com.ar\/"},{"@type":"ListItem","position":2,"name":"La Mesa Nacional propone medidas para la crisis tambera"}]},{"@type":"WebSite","@id":"https:\/\/proagrolab.com.ar\/#website","url":"https:\/\/proagrolab.com.ar\/","name":"Proagro Laboratorio Veterinario","description":"Veterinary laboratory","publisher":{"@id":"https:\/\/proagrolab.com.ar\/#organization"},"potentialAction":[{"@type":"SearchAction","target":{"@type":"EntryPoint","urlTemplate":"https:\/\/proagrolab.com.ar\/?s={search_term_string}"},"query-input":{"@type":"PropertyValueSpecification","valueRequired":true,"valueName":"search_term_string"}}],"inLanguage":"en-US"},{"@type":"Organization","@id":"https:\/\/proagrolab.com.ar\/#organization","name":"Proagro","url":"https:\/\/proagrolab.com.ar\/","logo":{"@type":"ImageObject","inLanguage":"en-US","@id":"https:\/\/proagrolab.com.ar\/#\/schema\/logo\/image\/","url":"https:\/\/proagrolab.com.ar\/wp-content\/uploads\/2020\/04\/logo-retina.png","contentUrl":"https:\/\/proagrolab.com.ar\/wp-content\/uploads\/2020\/04\/logo-retina.png","width":478,"height":120,"caption":"Proagro"},"image":{"@id":"https:\/\/proagrolab.com.ar\/#\/schema\/logo\/image\/"},"sameAs":["http:\/\/www.facebook.com\/proagrolab","https:\/\/www.instagram.com\/proagrolab\/","https:\/\/www.linkedin.com\/company\/laboratorio-proagro-s-a\/"]},{"@type":"Person","@id":"https:\/\/proagrolab.com.ar\/#\/schema\/person\/3e30f2f0f9eadcc02d50ed3664562373","name":"Admin Proagro","sameAs":["http:\/\/www.sistemas7g.com"]}]}},"_links":{"self":[{"href":"https:\/\/proagrolab.com.ar\/en\/wp-json\/wp\/v2\/posts\/7043","targetHints":{"allow":["GET"]}}],"collection":[{"href":"https:\/\/proagrolab.com.ar\/en\/wp-json\/wp\/v2\/posts"}],"about":[{"href":"https:\/\/proagrolab.com.ar\/en\/wp-json\/wp\/v2\/types\/post"}],"author":[{"embeddable":true,"href":"https:\/\/proagrolab.com.ar\/en\/wp-json\/wp\/v2\/users\/6"}],"replies":[{"embeddable":true,"href":"https:\/\/proagrolab.com.ar\/en\/wp-json\/wp\/v2\/comments?post=7043"}],"version-history":[{"count":1,"href":"https:\/\/proagrolab.com.ar\/en\/wp-json\/wp\/v2\/posts\/7043\/revisions"}],"predecessor-version":[{"id":14042,"href":"https:\/\/proagrolab.com.ar\/en\/wp-json\/wp\/v2\/posts\/7043\/revisions\/14042"}],"wp:featuredmedia":[{"embeddable":true,"href":"https:\/\/proagrolab.com.ar\/en\/wp-json\/wp\/v2\/media\/7039"}],"wp:attachment":[{"href":"https:\/\/proagrolab.com.ar\/en\/wp-json\/wp\/v2\/media?parent=7043"}],"wp:term":[{"taxonomy":"category","embeddable":true,"href":"https:\/\/proagrolab.com.ar\/en\/wp-json\/wp\/v2\/categories?post=7043"},{"taxonomy":"post_tag","embeddable":true,"href":"https:\/\/proagrolab.com.ar\/en\/wp-json\/wp\/v2\/tags?post=7043"}],"curies":[{"name":"wp","href":"https:\/\/api.w.org\/{rel}","templated":true}]}}