{"id":7038,"date":"2015-07-31T15:31:24","date_gmt":"2015-07-31T15:31:24","guid":{"rendered":"https:\/\/proagrolab.com.ar\/?p=7038"},"modified":"2020-06-29T19:18:59","modified_gmt":"2020-06-29T19:18:59","slug":"pese-a-la-lluvia-se-lucieron-los-pesos-pesados-de-la-ganaderia","status":"publish","type":"post","link":"https:\/\/proagrolab.com.ar\/en\/pese-a-la-lluvia-se-lucieron-los-pesos-pesados-de-la-ganaderia\/","title":{"rendered":"Pese a la lluvia, se lucieron los pesos pesados de la ganader\u00eda"},"content":{"rendered":"<p class=\"qtranxs-available-languages-message qtranxs-available-languages-message-en\"> <\/p><p><\/p>\n<div class=\"field field-name-field-bajada field-type-text-long field-label-hidden\"><strong><em>En la Rural se consagraron el Gran Campe\u00f3n Macho de la raza Polled Hereford y la mejor hembra Angus.\u00a0El Gran Campe\u00f3n Macho Polled Hereford se luci\u00f3 en la Pista Central.<\/em><\/strong><\/div>\n<p class=\"authoring\"><em>Por <span class=\"author\">Roberto Seifert <\/span>| <span class=\"source\">Diario La Naci\u00f3n.<\/span><\/em><\/p>\n<p class=\"authoring\">Ni la intensa lluvia pudo con el entusiasmo de los caba\u00f1eros de las <strong>razas Polled Hereford y Angus<\/strong>, que ayer tuvieron una jornada de algarab\u00eda en la Pista Central, con la selecci\u00f3n de sus mejores ejemplares, machos para unos y hembras para los otros. Adem\u00e1s, en los pasillos a\u00fan resonaban los ecos de las<strong> buenas ventas realizadas<\/strong> anteanoche con los Brangus.<\/p>\n<div class=\"field field-name-body field-type-text-with-summary field-label-hidden\">\n<p>El jurado<strong> Gustavo Ambroggio<\/strong> transit\u00f3 con paciencia la <strong>pista &#8220;pesada&#8221; de Palermo<\/strong> antes de consagrar al Gran Campe\u00f3n Macho Polled Hereford al lote 609, un toro expuesto por Terra Garba, nacido el 20 de abril de 2013 en la caba\u00f1a La Pelada, en Castelli. <em>&#8220;En esta raza es la primera vez que la caba\u00f1a <strong>saca un Gran Campe\u00f3n<\/strong>&#8220;<\/em>, dijo <strong>Carlos Reyes Terrabussi<\/strong>, presidente de la firma. Y a\u00f1adi\u00f3: <em>&#8220;Es un animalito que tiene un<strong> muy buen tama\u00f1o<\/strong>, largo y moderado, no es muy alto, con un buen \u00edndice de grasa y sin ser exagerado; creemos que puede dar mucho&#8221;<\/em>. El caba\u00f1ero adelant\u00f3 que ese toro <strong>saldr\u00eda a la venta<\/strong> en el remate que se iniciaba al cierre de esta edici\u00f3n.<\/p>\n<p>En cuanto al Reservado de <strong>Gran Campe\u00f3n Macho<\/strong>, box 625, de <strong>Antiguas Estancias Don Roberto<\/strong>, Ambroggio dijo que era un <strong>toro important\u00edsimo<\/strong>, pero advirti\u00f3 que le preocupaba su peso. <em>&#8220;Es un toro de cerca de los 1200 kilos y nosotros tenemos que bajarle el peso y volver a encontrar la <strong>funcionalidad de la raza<\/strong>&#8220;<\/em>, se\u00f1al\u00f3.<\/p>\n<p>Por su parte, el presidente de la <strong>Asociaci\u00f3n Argentina Criadores de Hereford<\/strong>, <strong>Alejandro de La Tour<\/strong>, dijo que hab\u00eda visto una fila muy buena, con animales de tama\u00f1o moderado. <em>&#8220;Ac\u00e1 vimos una excelente muestra de lo que busca la raza, muy en l\u00ednea con lo que tiene que ser el<strong> novillo de exportaci\u00f3n<\/strong>&#8220;.<\/em><\/p>\n<p>En la vereda de enfrente, la raza Angus festejaba la consagraci\u00f3n de su <strong>Gran Campe\u00f3n Hembra,<\/strong> que fue para el box 458, de los expositores<strong> The House Group y Carlos Ojea Rull\u00e1n<\/strong>. <em>&#8220;Es una vaca que naci\u00f3 hace casi dos a\u00f1os en La Juanita, Roque P\u00e9rez. Es impresionante y femenina, con <strong>mucha costilla y ubre<\/strong>&#8220;<\/em>, dijo el criador <strong>Carlos Ojea Rull\u00e1n<\/strong>. Su socio, <strong>Mario Tinto<\/strong>, de <strong>The House Group<\/strong>, caba\u00f1a La Fe, de Col\u00f3n, provincia de Buenos Aires, dijo: <em>&#8220;Siento una emoci\u00f3n tremenda porque hace 14 a\u00f1os que <strong>venimos a Palermo<\/strong> y \u00e9sta es la primera vez que ganamos&#8221;<\/em>. Y reconoci\u00f3 que a\u00fan no estaban decididos en cuanto a qu\u00e9 hacer respecto de la venta que se <strong>realizar\u00e1 ma\u00f1ana por la tarde<\/strong>.<\/p>\n<p>Anteanoche se realiz\u00f3 la venta de los <strong>reproductores Brangus<\/strong>. <em>&#8220;El resultado estuvo dentro de las expectativas; \u00e9ste es un a\u00f1o particular, de transici\u00f3n, pero se vendi\u00f3 bien&#8221;<\/em>, dijo el director ejecutivo de la <strong>Asociaci\u00f3n Brangus<\/strong>, <strong>Facundo Rivolta<\/strong>. Del ejemplar Gran Campe\u00f3n Hembra se vendi\u00f3 el 50%, sin la cr\u00eda, en $ 390.000, con lo cual el <strong>valor final ser\u00eda $ 780.000<\/strong> si se proyectara lo pagado a su totalidad. Fue adquirido por los <strong>Guasunchos<\/strong>, en sociedad con <strong>Caba\u00f1a Los Lazos<\/strong>, de Paraguay. En tanto, el <strong>Gran Campe\u00f3n Macho<\/strong> se vendi\u00f3 en $ 250.000, adquirido por el <strong>Centro de Inseminaci\u00f3n Artificial de Venado Tuerto<\/strong>.<\/p>\n<p>Tambi\u00e9n se vendi\u00f3 el <strong>Gran Campe\u00f3n Macho<\/strong> de la raza Caballo de Polo, box 1492, de Ricardo Fornieles. Este alaz\u00e1n, nacido en noviembre de 2012, fue adquirido en US$ 52.000 por el uruguayo <strong>Bernardo de Lisa<\/strong>.<\/p>\n<p><em>Fuente:\u00a0http:\/\/www.fyo.com\/noticia\/151298\/pese-lluvia-se-lucieron-pesos-pesados-ganaderia<\/em><\/p>\n<\/div>\n<p><\/p>","protected":false},"excerpt":{"rendered":"<p>En la Rural se consagraron el Gran Campe\u00f3n Macho de la raza Polled Hereford y la mejor hembra Angus.\u00a0El Gran Campe\u00f3n Macho Polled Hereford se luci\u00f3 en la Pista Central. Por Roberto Seifert | Diario La Naci\u00f3n. Ni la intensa lluvia pudo con el entusiasmo de los caba\u00f1eros de las razas Polled Hereford y Angus, que ayer tuvieron una jornada de algarab\u00eda en la Pista Central, con la selecci\u00f3n de sus mejores ejemplares, machos para unos y hembras para los otros. Adem\u00e1s, en los pasillos a\u00fan resonaban los ecos de las buenas ventas realizadas anteanoche con los Brangus. El jurado Gustavo Ambroggio transit\u00f3 con paciencia la pista &#8220;pesada&#8221; de Palermo antes de consagrar al Gran Campe\u00f3n Macho Polled Hereford al lote 609, un toro expuesto por Terra Garba, nacido el 20 de abril de 2013 en la caba\u00f1a La Pelada, en Castelli. &#8220;En esta raza es la primera vez que la caba\u00f1a saca un Gran Campe\u00f3n&#8220;, dijo Carlos Reyes Terrabussi, presidente de la firma. Y a\u00f1adi\u00f3: &#8220;Es un animalito que tiene un muy buen tama\u00f1o, largo y moderado, no es muy alto, con un buen \u00edndice de grasa y sin ser exagerado; creemos que puede dar mucho&#8221;. El caba\u00f1ero adelant\u00f3 [&hellip;]<\/p>\n","protected":false},"author":6,"featured_media":7039,"comment_status":"closed","ping_status":"open","sticky":false,"template":"","format":"standard","meta":{"_acf_changed":false,"footnotes":""},"categories":[56],"tags":[80,86,78,79],"class_list":["post-7038","post","type-post","status-publish","format-standard","has-post-thumbnail","hentry","category-infoganadero","tag-ganaderia","tag-hacienda","tag-infoganadero","tag-noticias"],"acf":[],"yoast_head":"<!-- This site is optimized with the Yoast SEO plugin v27.4 - https:\/\/yoast.com\/product\/yoast-seo-wordpress\/ -->\n<title>Pese a la lluvia, se lucieron los pesos pesados de la ganader\u00eda | Proagro<\/title>\n<meta name=\"robots\" content=\"index, follow, max-snippet:-1, max-image-preview:large, max-video-preview:-1\" \/>\n<link rel=\"canonical\" href=\"https:\/\/proagrolab.com.ar\/en\/pese-a-la-lluvia-se-lucieron-los-pesos-pesados-de-la-ganaderia\/\" \/>\n<meta property=\"og:locale\" content=\"en_US\" \/>\n<meta property=\"og:type\" content=\"article\" \/>\n<meta property=\"og:title\" content=\"Pese a la lluvia, se lucieron los pesos pesados de la ganader\u00eda | Proagro\" \/>\n<meta property=\"og:description\" content=\"En la Rural se consagraron el Gran Campe\u00f3n Macho de la raza Polled Hereford y la mejor hembra Angus.\u00a0El Gran Campe\u00f3n Macho Polled Hereford se luci\u00f3 en la Pista Central. Por Roberto Seifert | Diario La Naci\u00f3n. Ni la intensa lluvia pudo con el entusiasmo de los caba\u00f1eros de las razas Polled Hereford y Angus, que ayer tuvieron una jornada de algarab\u00eda en la Pista Central, con la selecci\u00f3n de sus mejores ejemplares, machos para unos y hembras para los otros. Adem\u00e1s, en los pasillos a\u00fan resonaban los ecos de las buenas ventas realizadas anteanoche con los Brangus. El jurado Gustavo Ambroggio transit\u00f3 con paciencia la pista &#8220;pesada&#8221; de Palermo antes de consagrar al Gran Campe\u00f3n Macho Polled Hereford al lote 609, un toro expuesto por Terra Garba, nacido el 20 de abril de 2013 en la caba\u00f1a La Pelada, en Castelli. &#8220;En esta raza es la primera vez que la caba\u00f1a saca un Gran Campe\u00f3n&#8220;, dijo Carlos Reyes Terrabussi, presidente de la firma. Y a\u00f1adi\u00f3: &#8220;Es un animalito que tiene un muy buen tama\u00f1o, largo y moderado, no es muy alto, con un buen \u00edndice de grasa y sin ser exagerado; creemos que puede dar mucho&#8221;. El caba\u00f1ero adelant\u00f3 [&hellip;]\" \/>\n<meta property=\"og:url\" content=\"https:\/\/proagrolab.com.ar\/pese-a-la-lluvia-se-lucieron-los-pesos-pesados-de-la-ganaderia\/\" \/>\n<meta property=\"og:site_name\" content=\"Proagro\" \/>\n<meta property=\"article:publisher\" content=\"http:\/\/www.facebook.com\/proagrolab\" \/>\n<meta property=\"article:published_time\" content=\"2015-07-31T15:31:24+00:00\" \/>\n<meta property=\"article:modified_time\" content=\"2020-06-29T19:18:59+00:00\" \/>\n<meta property=\"og:image\" content=\"https:\/\/proagrolab.com.ar\/wp-content\/uploads\/2015\/07\/Portada-P\u00e1gina-Nueva1.jpg\" \/>\n\t<meta property=\"og:image:width\" content=\"1146\" \/>\n\t<meta property=\"og:image:height\" content=\"395\" \/>\n\t<meta property=\"og:image:type\" content=\"image\/jpeg\" \/>\n<meta name=\"author\" content=\"Admin Proagro\" \/>\n<meta name=\"twitter:card\" content=\"summary_large_image\" \/>\n<meta name=\"twitter:label1\" content=\"Written by\" \/>\n\t<meta name=\"twitter:data1\" content=\"Admin Proagro\" \/>\n\t<meta name=\"twitter:label2\" content=\"Est. reading time\" \/>\n\t<meta name=\"twitter:data2\" content=\"3 minutes\" \/>\n<script type=\"application\/ld+json\" class=\"yoast-schema-graph\">{\"@context\":\"https:\\\/\\\/schema.org\",\"@graph\":[{\"@type\":\"Article\",\"@id\":\"https:\\\/\\\/proagrolab.com.ar\\\/pese-a-la-lluvia-se-lucieron-los-pesos-pesados-de-la-ganaderia\\\/#article\",\"isPartOf\":{\"@id\":\"https:\\\/\\\/proagrolab.com.ar\\\/pese-a-la-lluvia-se-lucieron-los-pesos-pesados-de-la-ganaderia\\\/\"},\"author\":{\"name\":\"Admin Proagro\",\"@id\":\"https:\\\/\\\/proagrolab.com.ar\\\/#\\\/schema\\\/person\\\/3e30f2f0f9eadcc02d50ed3664562373\"},\"headline\":\"Pese a la lluvia, se lucieron los pesos pesados de la ganader\u00eda\",\"datePublished\":\"2015-07-31T15:31:24+00:00\",\"dateModified\":\"2020-06-29T19:18:59+00:00\",\"mainEntityOfPage\":{\"@id\":\"https:\\\/\\\/proagrolab.com.ar\\\/pese-a-la-lluvia-se-lucieron-los-pesos-pesados-de-la-ganaderia\\\/\"},\"wordCount\":639,\"publisher\":{\"@id\":\"https:\\\/\\\/proagrolab.com.ar\\\/#organization\"},\"image\":{\"@id\":\"https:\\\/\\\/proagrolab.com.ar\\\/pese-a-la-lluvia-se-lucieron-los-pesos-pesados-de-la-ganaderia\\\/#primaryimage\"},\"thumbnailUrl\":\"https:\\\/\\\/proagrolab.com.ar\\\/wp-content\\\/uploads\\\/2015\\\/07\\\/Portada-P\u00e1gina-Nueva1.jpg\",\"keywords\":[\"Ganader\u00eda\",\"Hacienda\",\"News\",\"Noticias\"],\"articleSection\":[\"News\"],\"inLanguage\":\"en-US\"},{\"@type\":\"WebPage\",\"@id\":\"https:\\\/\\\/proagrolab.com.ar\\\/pese-a-la-lluvia-se-lucieron-los-pesos-pesados-de-la-ganaderia\\\/\",\"url\":\"https:\\\/\\\/proagrolab.com.ar\\\/pese-a-la-lluvia-se-lucieron-los-pesos-pesados-de-la-ganaderia\\\/\",\"name\":\"Pese a la lluvia, se lucieron los pesos pesados de la ganader\u00eda | Proagro\",\"isPartOf\":{\"@id\":\"https:\\\/\\\/proagrolab.com.ar\\\/#website\"},\"primaryImageOfPage\":{\"@id\":\"https:\\\/\\\/proagrolab.com.ar\\\/pese-a-la-lluvia-se-lucieron-los-pesos-pesados-de-la-ganaderia\\\/#primaryimage\"},\"image\":{\"@id\":\"https:\\\/\\\/proagrolab.com.ar\\\/pese-a-la-lluvia-se-lucieron-los-pesos-pesados-de-la-ganaderia\\\/#primaryimage\"},\"thumbnailUrl\":\"https:\\\/\\\/proagrolab.com.ar\\\/wp-content\\\/uploads\\\/2015\\\/07\\\/Portada-P\u00e1gina-Nueva1.jpg\",\"datePublished\":\"2015-07-31T15:31:24+00:00\",\"dateModified\":\"2020-06-29T19:18:59+00:00\",\"breadcrumb\":{\"@id\":\"https:\\\/\\\/proagrolab.com.ar\\\/pese-a-la-lluvia-se-lucieron-los-pesos-pesados-de-la-ganaderia\\\/#breadcrumb\"},\"inLanguage\":\"en-US\",\"potentialAction\":[{\"@type\":\"ReadAction\",\"target\":[\"https:\\\/\\\/proagrolab.com.ar\\\/pese-a-la-lluvia-se-lucieron-los-pesos-pesados-de-la-ganaderia\\\/\"]}]},{\"@type\":\"ImageObject\",\"inLanguage\":\"en-US\",\"@id\":\"https:\\\/\\\/proagrolab.com.ar\\\/pese-a-la-lluvia-se-lucieron-los-pesos-pesados-de-la-ganaderia\\\/#primaryimage\",\"url\":\"https:\\\/\\\/proagrolab.com.ar\\\/wp-content\\\/uploads\\\/2015\\\/07\\\/Portada-P\u00e1gina-Nueva1.jpg\",\"contentUrl\":\"https:\\\/\\\/proagrolab.com.ar\\\/wp-content\\\/uploads\\\/2015\\\/07\\\/Portada-P\u00e1gina-Nueva1.jpg\",\"width\":1146,\"height\":395},{\"@type\":\"BreadcrumbList\",\"@id\":\"https:\\\/\\\/proagrolab.com.ar\\\/pese-a-la-lluvia-se-lucieron-los-pesos-pesados-de-la-ganaderia\\\/#breadcrumb\",\"itemListElement\":[{\"@type\":\"ListItem\",\"position\":1,\"name\":\"Portada\",\"item\":\"https:\\\/\\\/proagrolab.com.ar\\\/\"},{\"@type\":\"ListItem\",\"position\":2,\"name\":\"Pese a la lluvia, se lucieron los pesos pesados de la ganader\u00eda\"}]},{\"@type\":\"WebSite\",\"@id\":\"https:\\\/\\\/proagrolab.com.ar\\\/#website\",\"url\":\"https:\\\/\\\/proagrolab.com.ar\\\/\",\"name\":\"Proagro Laboratorio Veterinario\",\"description\":\"Veterinary laboratory\",\"publisher\":{\"@id\":\"https:\\\/\\\/proagrolab.com.ar\\\/#organization\"},\"potentialAction\":[{\"@type\":\"SearchAction\",\"target\":{\"@type\":\"EntryPoint\",\"urlTemplate\":\"https:\\\/\\\/proagrolab.com.ar\\\/?s={search_term_string}\"},\"query-input\":{\"@type\":\"PropertyValueSpecification\",\"valueRequired\":true,\"valueName\":\"search_term_string\"}}],\"inLanguage\":\"en-US\"},{\"@type\":\"Organization\",\"@id\":\"https:\\\/\\\/proagrolab.com.ar\\\/#organization\",\"name\":\"Proagro\",\"url\":\"https:\\\/\\\/proagrolab.com.ar\\\/\",\"logo\":{\"@type\":\"ImageObject\",\"inLanguage\":\"en-US\",\"@id\":\"https:\\\/\\\/proagrolab.com.ar\\\/#\\\/schema\\\/logo\\\/image\\\/\",\"url\":\"https:\\\/\\\/proagrolab.com.ar\\\/wp-content\\\/uploads\\\/2020\\\/04\\\/logo-retina.png\",\"contentUrl\":\"https:\\\/\\\/proagrolab.com.ar\\\/wp-content\\\/uploads\\\/2020\\\/04\\\/logo-retina.png\",\"width\":478,\"height\":120,\"caption\":\"Proagro\"},\"image\":{\"@id\":\"https:\\\/\\\/proagrolab.com.ar\\\/#\\\/schema\\\/logo\\\/image\\\/\"},\"sameAs\":[\"http:\\\/\\\/www.facebook.com\\\/proagrolab\",\"https:\\\/\\\/www.instagram.com\\\/proagrolab\\\/\",\"https:\\\/\\\/www.linkedin.com\\\/company\\\/laboratorio-proagro-s-a\\\/\"]},{\"@type\":\"Person\",\"@id\":\"https:\\\/\\\/proagrolab.com.ar\\\/#\\\/schema\\\/person\\\/3e30f2f0f9eadcc02d50ed3664562373\",\"name\":\"Admin Proagro\",\"sameAs\":[\"http:\\\/\\\/www.sistemas7g.com\"]}]}<\/script>\n<!-- \/ Yoast SEO plugin. -->","yoast_head_json":{"title":"Pese a la lluvia, se lucieron los pesos pesados de la ganader\u00eda | Proagro","robots":{"index":"index","follow":"follow","max-snippet":"max-snippet:-1","max-image-preview":"max-image-preview:large","max-video-preview":"max-video-preview:-1"},"canonical":"https:\/\/proagrolab.com.ar\/en\/pese-a-la-lluvia-se-lucieron-los-pesos-pesados-de-la-ganaderia\/","og_locale":"en_US","og_type":"article","og_title":"Pese a la lluvia, se lucieron los pesos pesados de la ganader\u00eda | Proagro","og_description":"En la Rural se consagraron el Gran Campe\u00f3n Macho de la raza Polled Hereford y la mejor hembra Angus.\u00a0El Gran Campe\u00f3n Macho Polled Hereford se luci\u00f3 en la Pista Central. Por Roberto Seifert | Diario La Naci\u00f3n. Ni la intensa lluvia pudo con el entusiasmo de los caba\u00f1eros de las razas Polled Hereford y Angus, que ayer tuvieron una jornada de algarab\u00eda en la Pista Central, con la selecci\u00f3n de sus mejores ejemplares, machos para unos y hembras para los otros. Adem\u00e1s, en los pasillos a\u00fan resonaban los ecos de las buenas ventas realizadas anteanoche con los Brangus. El jurado Gustavo Ambroggio transit\u00f3 con paciencia la pista &#8220;pesada&#8221; de Palermo antes de consagrar al Gran Campe\u00f3n Macho Polled Hereford al lote 609, un toro expuesto por Terra Garba, nacido el 20 de abril de 2013 en la caba\u00f1a La Pelada, en Castelli. &#8220;En esta raza es la primera vez que la caba\u00f1a saca un Gran Campe\u00f3n&#8220;, dijo Carlos Reyes Terrabussi, presidente de la firma. Y a\u00f1adi\u00f3: &#8220;Es un animalito que tiene un muy buen tama\u00f1o, largo y moderado, no es muy alto, con un buen \u00edndice de grasa y sin ser exagerado; creemos que puede dar mucho&#8221;. El caba\u00f1ero adelant\u00f3 [&hellip;]","og_url":"https:\/\/proagrolab.com.ar\/pese-a-la-lluvia-se-lucieron-los-pesos-pesados-de-la-ganaderia\/","og_site_name":"Proagro","article_publisher":"http:\/\/www.facebook.com\/proagrolab","article_published_time":"2015-07-31T15:31:24+00:00","article_modified_time":"2020-06-29T19:18:59+00:00","og_image":[{"width":1146,"height":395,"url":"https:\/\/proagrolab.com.ar\/wp-content\/uploads\/2015\/07\/Portada-P\u00e1gina-Nueva1.jpg","type":"image\/jpeg"}],"author":"Admin Proagro","twitter_card":"summary_large_image","twitter_misc":{"Written by":"Admin Proagro","Est. reading time":"3 minutes"},"schema":{"@context":"https:\/\/schema.org","@graph":[{"@type":"Article","@id":"https:\/\/proagrolab.com.ar\/pese-a-la-lluvia-se-lucieron-los-pesos-pesados-de-la-ganaderia\/#article","isPartOf":{"@id":"https:\/\/proagrolab.com.ar\/pese-a-la-lluvia-se-lucieron-los-pesos-pesados-de-la-ganaderia\/"},"author":{"name":"Admin Proagro","@id":"https:\/\/proagrolab.com.ar\/#\/schema\/person\/3e30f2f0f9eadcc02d50ed3664562373"},"headline":"Pese a la lluvia, se lucieron los pesos pesados de la ganader\u00eda","datePublished":"2015-07-31T15:31:24+00:00","dateModified":"2020-06-29T19:18:59+00:00","mainEntityOfPage":{"@id":"https:\/\/proagrolab.com.ar\/pese-a-la-lluvia-se-lucieron-los-pesos-pesados-de-la-ganaderia\/"},"wordCount":639,"publisher":{"@id":"https:\/\/proagrolab.com.ar\/#organization"},"image":{"@id":"https:\/\/proagrolab.com.ar\/pese-a-la-lluvia-se-lucieron-los-pesos-pesados-de-la-ganaderia\/#primaryimage"},"thumbnailUrl":"https:\/\/proagrolab.com.ar\/wp-content\/uploads\/2015\/07\/Portada-P\u00e1gina-Nueva1.jpg","keywords":["Ganader\u00eda","Hacienda","News","Noticias"],"articleSection":["News"],"inLanguage":"en-US"},{"@type":"WebPage","@id":"https:\/\/proagrolab.com.ar\/pese-a-la-lluvia-se-lucieron-los-pesos-pesados-de-la-ganaderia\/","url":"https:\/\/proagrolab.com.ar\/pese-a-la-lluvia-se-lucieron-los-pesos-pesados-de-la-ganaderia\/","name":"Pese a la lluvia, se lucieron los pesos pesados de la ganader\u00eda | Proagro","isPartOf":{"@id":"https:\/\/proagrolab.com.ar\/#website"},"primaryImageOfPage":{"@id":"https:\/\/proagrolab.com.ar\/pese-a-la-lluvia-se-lucieron-los-pesos-pesados-de-la-ganaderia\/#primaryimage"},"image":{"@id":"https:\/\/proagrolab.com.ar\/pese-a-la-lluvia-se-lucieron-los-pesos-pesados-de-la-ganaderia\/#primaryimage"},"thumbnailUrl":"https:\/\/proagrolab.com.ar\/wp-content\/uploads\/2015\/07\/Portada-P\u00e1gina-Nueva1.jpg","datePublished":"2015-07-31T15:31:24+00:00","dateModified":"2020-06-29T19:18:59+00:00","breadcrumb":{"@id":"https:\/\/proagrolab.com.ar\/pese-a-la-lluvia-se-lucieron-los-pesos-pesados-de-la-ganaderia\/#breadcrumb"},"inLanguage":"en-US","potentialAction":[{"@type":"ReadAction","target":["https:\/\/proagrolab.com.ar\/pese-a-la-lluvia-se-lucieron-los-pesos-pesados-de-la-ganaderia\/"]}]},{"@type":"ImageObject","inLanguage":"en-US","@id":"https:\/\/proagrolab.com.ar\/pese-a-la-lluvia-se-lucieron-los-pesos-pesados-de-la-ganaderia\/#primaryimage","url":"https:\/\/proagrolab.com.ar\/wp-content\/uploads\/2015\/07\/Portada-P\u00e1gina-Nueva1.jpg","contentUrl":"https:\/\/proagrolab.com.ar\/wp-content\/uploads\/2015\/07\/Portada-P\u00e1gina-Nueva1.jpg","width":1146,"height":395},{"@type":"BreadcrumbList","@id":"https:\/\/proagrolab.com.ar\/pese-a-la-lluvia-se-lucieron-los-pesos-pesados-de-la-ganaderia\/#breadcrumb","itemListElement":[{"@type":"ListItem","position":1,"name":"Portada","item":"https:\/\/proagrolab.com.ar\/"},{"@type":"ListItem","position":2,"name":"Pese a la lluvia, se lucieron los pesos pesados de la ganader\u00eda"}]},{"@type":"WebSite","@id":"https:\/\/proagrolab.com.ar\/#website","url":"https:\/\/proagrolab.com.ar\/","name":"Proagro Laboratorio Veterinario","description":"Veterinary laboratory","publisher":{"@id":"https:\/\/proagrolab.com.ar\/#organization"},"potentialAction":[{"@type":"SearchAction","target":{"@type":"EntryPoint","urlTemplate":"https:\/\/proagrolab.com.ar\/?s={search_term_string}"},"query-input":{"@type":"PropertyValueSpecification","valueRequired":true,"valueName":"search_term_string"}}],"inLanguage":"en-US"},{"@type":"Organization","@id":"https:\/\/proagrolab.com.ar\/#organization","name":"Proagro","url":"https:\/\/proagrolab.com.ar\/","logo":{"@type":"ImageObject","inLanguage":"en-US","@id":"https:\/\/proagrolab.com.ar\/#\/schema\/logo\/image\/","url":"https:\/\/proagrolab.com.ar\/wp-content\/uploads\/2020\/04\/logo-retina.png","contentUrl":"https:\/\/proagrolab.com.ar\/wp-content\/uploads\/2020\/04\/logo-retina.png","width":478,"height":120,"caption":"Proagro"},"image":{"@id":"https:\/\/proagrolab.com.ar\/#\/schema\/logo\/image\/"},"sameAs":["http:\/\/www.facebook.com\/proagrolab","https:\/\/www.instagram.com\/proagrolab\/","https:\/\/www.linkedin.com\/company\/laboratorio-proagro-s-a\/"]},{"@type":"Person","@id":"https:\/\/proagrolab.com.ar\/#\/schema\/person\/3e30f2f0f9eadcc02d50ed3664562373","name":"Admin Proagro","sameAs":["http:\/\/www.sistemas7g.com"]}]}},"_links":{"self":[{"href":"https:\/\/proagrolab.com.ar\/en\/wp-json\/wp\/v2\/posts\/7038","targetHints":{"allow":["GET"]}}],"collection":[{"href":"https:\/\/proagrolab.com.ar\/en\/wp-json\/wp\/v2\/posts"}],"about":[{"href":"https:\/\/proagrolab.com.ar\/en\/wp-json\/wp\/v2\/types\/post"}],"author":[{"embeddable":true,"href":"https:\/\/proagrolab.com.ar\/en\/wp-json\/wp\/v2\/users\/6"}],"replies":[{"embeddable":true,"href":"https:\/\/proagrolab.com.ar\/en\/wp-json\/wp\/v2\/comments?post=7038"}],"version-history":[{"count":1,"href":"https:\/\/proagrolab.com.ar\/en\/wp-json\/wp\/v2\/posts\/7038\/revisions"}],"predecessor-version":[{"id":14040,"href":"https:\/\/proagrolab.com.ar\/en\/wp-json\/wp\/v2\/posts\/7038\/revisions\/14040"}],"wp:featuredmedia":[{"embeddable":true,"href":"https:\/\/proagrolab.com.ar\/en\/wp-json\/wp\/v2\/media\/7039"}],"wp:attachment":[{"href":"https:\/\/proagrolab.com.ar\/en\/wp-json\/wp\/v2\/media?parent=7038"}],"wp:term":[{"taxonomy":"category","embeddable":true,"href":"https:\/\/proagrolab.com.ar\/en\/wp-json\/wp\/v2\/categories?post=7038"},{"taxonomy":"post_tag","embeddable":true,"href":"https:\/\/proagrolab.com.ar\/en\/wp-json\/wp\/v2\/tags?post=7038"}],"curies":[{"name":"wp","href":"https:\/\/api.w.org\/{rel}","templated":true}]}}