{"id":7020,"date":"2015-07-24T16:12:46","date_gmt":"2015-07-24T16:12:46","guid":{"rendered":"https:\/\/proagrolab.com.ar\/?p=7020"},"modified":"2020-06-29T19:18:51","modified_gmt":"2020-06-29T19:18:51","slug":"llego-la-solucion-al-conflicto-de-los-tamberos","status":"publish","type":"post","link":"https:\/\/proagrolab.com.ar\/en\/llego-la-solucion-al-conflicto-de-los-tamberos\/","title":{"rendered":"Lleg\u00f3 la soluci\u00f3n al conflicto de los tamberos"},"content":{"rendered":"<p class=\"qtranxs-available-languages-message qtranxs-available-languages-message-en\"> <\/p><p><\/p>\n<div class=\"field field-name-field-bajada field-type-text-long field-label-hidden\"><em><strong>Ayer se lleg\u00f3 a un acuerdo para destrabar el conflicto que en los \u00faltimos d\u00edas deriv\u00f3 en que se derramaran miles de litros.\u00a0No habr\u00e1 m\u00e1s recortes y se levantaron el paro y los bloqueos.<\/strong><\/em><\/div>\n<p class=\"authoring\"><em>Por <span class=\"author\">Fernando Bertello <\/span>| <span class=\"source\">Diario La Naci\u00f3n.<\/span><\/em><\/p>\n<p class=\"authoring\">\u00a0<\/p>\n<div class=\"field field-name-body field-type-text-with-summary field-label-hidden\">\n<p>Luego de una extensa jornada de negociaciones entre <strong>industriales lecheros, tamberos, el gremio<\/strong> de los trabajadores y el <strong>Gobierno<\/strong>, ayer se lleg\u00f3 a un acuerdo para destrabar el conflicto que en los \u00faltimos d\u00edas deriv\u00f3 en que se <a href=\"http:\/\/www.fyo.com\/noticia\/151007\/tiran-leche-crisis-sectorial\" target=\"_blank\" rel=\"noopener noreferrer\">derramaran miles de litros<\/a> en la principal cuenca lechera de <strong>Santa Fe y otras regiones<\/strong>.<\/p>\n<p>Luego de los recortes, en junio pasado, en el <a href=\"http:\/\/www.fyo.com\/tags\/precio-leche\" target=\"_blank\" rel=\"noopener noreferrer\">precio que pagan<\/a> por la leche, las empresas no deber\u00edan aplicar <strong>nuevas bajas a los tamberos<\/strong>. Por otra parte, compensar\u00e1n econ\u00f3micamente a quienes tiraron la producci\u00f3n por falta de <strong>capacidad de almacenamiento<\/strong>. Adem\u00e1s, accedieron a conformar una mesa pol\u00edtica y t\u00e9cnica con los mismos <strong>tamberos y el Gobierno<\/strong>.\u00a0Como contrapartida, se levantaron los<strong> bloqueos a las usinas<\/strong> y el paro de <strong>Atilra<\/strong>, el <strong>gremio de los trabajadores<\/strong> que se solidariz\u00f3 con la situaci\u00f3n de los tamberos.\u00a0<\/p>\n<p>En junio pasado, los tamberos sufrieron una baja de <strong>15 centavos por litro<\/strong> en la leche. Seg\u00fan<strong> Marcelo Garello<\/strong>, <strong>presidente de la<\/strong> <strong>Asociaci\u00f3n de Productores Lecheros de Argentina<\/strong> (<strong>APLA<\/strong>), con el convenio de ayer <em>&#8220;no deber\u00eda haber <strong>modificaciones en los precios<\/strong>&#8220;<\/em>.\u00a0El acta que se firm\u00f3 dice que las <strong>usinas deber\u00e1n <em>&#8220;acercarse&#8221;<\/em><\/strong> a los valores de junio, aunque de acuerdo a las <em><strong>&#8220;realidades y posibilidades de pago&#8221;<\/strong><\/em> de cada empresa.<\/p>\n<p>De todos modos, de acuerdo con Garello, el punto m\u00e1s importante es la <strong>conformaci\u00f3n de una mesa<\/strong> pol\u00edtica y t\u00e9cnica de trabajo entre productores, industriales y el Gobierno, que empezar\u00e1 a trabajar a partir del pr\u00f3ximo martes. Del accionar de esa mesa surgir\u00e1, seg\u00fan dijo, el precio de agosto y un <strong>marco regulatorio general<\/strong>.<\/p>\n<p>De acuerdo con los industriales, si continuaba el <strong>paro de Atilra<\/strong> a partir de ma\u00f1ana comenzar\u00edan a registrarse faltantes en las g\u00f3ndolas. Las industrias insistieron ayer que les resultaba dif\u00edcil mantener los precios con las ca\u00eddas en el mercado internacional. A todo esto, las <strong>20 empresas m\u00e1s grandes<\/strong> <strong>deben $ 3600 millones<\/strong>.<\/p>\n<p><em>&#8220;No logramos todo lo que quer\u00edamos, que era <strong>retrotraer el valor<\/strong> al mes de mayo, pero evitamos con el movimiento generado por APLA junto con <strong>Atilra y Atlara\u00a0<\/strong>que no bajen entre 30 y 40 centavos m\u00e1s por litro, que es lo que iba a aplicar la industria si nos hubi\u00e9semos quedado sin hacer nada. Pero lo m\u00e1s importante es que logramos que los industriales acepten el dialogo con todos los actores de la<strong> cadena l\u00e1ctea<\/strong>, donde tambi\u00e9n vamos a tratar de acercar a la <strong>cadena de comercializaci\u00f3n<\/strong>&#8220;<\/em>, subray\u00f3 un vocero de APLA.<\/p>\n<p><em>Fuente:\u00a0http:\/\/www.fyo.com\/noticia\/151097\/solucion-conflicto-tamberos<\/em><\/p>\n<\/div>\n<p><\/p>","protected":false},"excerpt":{"rendered":"<p>Ayer se lleg\u00f3 a un acuerdo para destrabar el conflicto que en los \u00faltimos d\u00edas deriv\u00f3 en que se derramaran miles de litros.\u00a0No habr\u00e1 m\u00e1s recortes y se levantaron el paro y los bloqueos. Por Fernando Bertello | Diario La Naci\u00f3n. \u00a0 Luego de una extensa jornada de negociaciones entre industriales lecheros, tamberos, el gremio de los trabajadores y el Gobierno, ayer se lleg\u00f3 a un acuerdo para destrabar el conflicto que en los \u00faltimos d\u00edas deriv\u00f3 en que se derramaran miles de litros en la principal cuenca lechera de Santa Fe y otras regiones. Luego de los recortes, en junio pasado, en el precio que pagan por la leche, las empresas no deber\u00edan aplicar nuevas bajas a los tamberos. Por otra parte, compensar\u00e1n econ\u00f3micamente a quienes tiraron la producci\u00f3n por falta de capacidad de almacenamiento. Adem\u00e1s, accedieron a conformar una mesa pol\u00edtica y t\u00e9cnica con los mismos tamberos y el Gobierno.\u00a0Como contrapartida, se levantaron los bloqueos a las usinas y el paro de Atilra, el gremio de los trabajadores que se solidariz\u00f3 con la situaci\u00f3n de los tamberos.\u00a0 En junio pasado, los tamberos sufrieron una baja de 15 centavos por litro en la leche. Seg\u00fan Marcelo Garello, presidente de [&hellip;]<\/p>\n","protected":false},"author":6,"featured_media":7016,"comment_status":"closed","ping_status":"open","sticky":false,"template":"","format":"standard","meta":{"_acf_changed":false,"footnotes":""},"categories":[56],"tags":[81,78,82,79],"class_list":["post-7020","post","type-post","status-publish","format-standard","has-post-thumbnail","hentry","category-infoganadero","tag-bovinos","tag-infoganadero","tag-lecheria","tag-noticias"],"acf":[],"yoast_head":"<!-- This site is optimized with the Yoast SEO plugin v27.4 - https:\/\/yoast.com\/product\/yoast-seo-wordpress\/ -->\n<title>Lleg\u00f3 la soluci\u00f3n al conflicto de los tamberos | Proagro<\/title>\n<meta name=\"robots\" content=\"index, follow, max-snippet:-1, max-image-preview:large, max-video-preview:-1\" \/>\n<link rel=\"canonical\" href=\"https:\/\/proagrolab.com.ar\/en\/llego-la-solucion-al-conflicto-de-los-tamberos\/\" \/>\n<meta property=\"og:locale\" content=\"en_US\" \/>\n<meta property=\"og:type\" content=\"article\" \/>\n<meta property=\"og:title\" content=\"Lleg\u00f3 la soluci\u00f3n al conflicto de los tamberos | Proagro\" \/>\n<meta property=\"og:description\" content=\"Ayer se lleg\u00f3 a un acuerdo para destrabar el conflicto que en los \u00faltimos d\u00edas deriv\u00f3 en que se derramaran miles de litros.\u00a0No habr\u00e1 m\u00e1s recortes y se levantaron el paro y los bloqueos. Por Fernando Bertello | Diario La Naci\u00f3n. \u00a0 Luego de una extensa jornada de negociaciones entre industriales lecheros, tamberos, el gremio de los trabajadores y el Gobierno, ayer se lleg\u00f3 a un acuerdo para destrabar el conflicto que en los \u00faltimos d\u00edas deriv\u00f3 en que se derramaran miles de litros en la principal cuenca lechera de Santa Fe y otras regiones. Luego de los recortes, en junio pasado, en el precio que pagan por la leche, las empresas no deber\u00edan aplicar nuevas bajas a los tamberos. Por otra parte, compensar\u00e1n econ\u00f3micamente a quienes tiraron la producci\u00f3n por falta de capacidad de almacenamiento. Adem\u00e1s, accedieron a conformar una mesa pol\u00edtica y t\u00e9cnica con los mismos tamberos y el Gobierno.\u00a0Como contrapartida, se levantaron los bloqueos a las usinas y el paro de Atilra, el gremio de los trabajadores que se solidariz\u00f3 con la situaci\u00f3n de los tamberos.\u00a0 En junio pasado, los tamberos sufrieron una baja de 15 centavos por litro en la leche. Seg\u00fan Marcelo Garello, presidente de [&hellip;]\" \/>\n<meta property=\"og:url\" content=\"https:\/\/proagrolab.com.ar\/llego-la-solucion-al-conflicto-de-los-tamberos\/\" \/>\n<meta property=\"og:site_name\" content=\"Proagro\" \/>\n<meta property=\"article:publisher\" content=\"http:\/\/www.facebook.com\/proagrolab\" \/>\n<meta property=\"article:published_time\" content=\"2015-07-24T16:12:46+00:00\" \/>\n<meta property=\"article:modified_time\" content=\"2020-06-29T19:18:51+00:00\" \/>\n<meta property=\"og:image\" content=\"https:\/\/proagrolab.com.ar\/wp-content\/uploads\/2015\/07\/Portada-P\u00e1gina-Nueva-24-07.jpg\" \/>\n\t<meta property=\"og:image:width\" content=\"1146\" \/>\n\t<meta property=\"og:image:height\" content=\"395\" \/>\n\t<meta property=\"og:image:type\" content=\"image\/jpeg\" \/>\n<meta name=\"author\" content=\"Admin Proagro\" \/>\n<meta name=\"twitter:card\" content=\"summary_large_image\" \/>\n<meta name=\"twitter:label1\" content=\"Written by\" \/>\n\t<meta name=\"twitter:data1\" content=\"Admin Proagro\" \/>\n\t<meta name=\"twitter:label2\" content=\"Est. reading time\" \/>\n\t<meta name=\"twitter:data2\" content=\"2 minutes\" \/>\n<script type=\"application\/ld+json\" class=\"yoast-schema-graph\">{\"@context\":\"https:\\\/\\\/schema.org\",\"@graph\":[{\"@type\":\"Article\",\"@id\":\"https:\\\/\\\/proagrolab.com.ar\\\/llego-la-solucion-al-conflicto-de-los-tamberos\\\/#article\",\"isPartOf\":{\"@id\":\"https:\\\/\\\/proagrolab.com.ar\\\/llego-la-solucion-al-conflicto-de-los-tamberos\\\/\"},\"author\":{\"name\":\"Admin Proagro\",\"@id\":\"https:\\\/\\\/proagrolab.com.ar\\\/#\\\/schema\\\/person\\\/3e30f2f0f9eadcc02d50ed3664562373\"},\"headline\":\"Lleg\u00f3 la soluci\u00f3n al conflicto de los tamberos\",\"datePublished\":\"2015-07-24T16:12:46+00:00\",\"dateModified\":\"2020-06-29T19:18:51+00:00\",\"mainEntityOfPage\":{\"@id\":\"https:\\\/\\\/proagrolab.com.ar\\\/llego-la-solucion-al-conflicto-de-los-tamberos\\\/\"},\"wordCount\":493,\"publisher\":{\"@id\":\"https:\\\/\\\/proagrolab.com.ar\\\/#organization\"},\"image\":{\"@id\":\"https:\\\/\\\/proagrolab.com.ar\\\/llego-la-solucion-al-conflicto-de-los-tamberos\\\/#primaryimage\"},\"thumbnailUrl\":\"https:\\\/\\\/proagrolab.com.ar\\\/wp-content\\\/uploads\\\/2015\\\/07\\\/Portada-P\u00e1gina-Nueva-24-07.jpg\",\"keywords\":[\"bovinos\",\"News\",\"\",\"Noticias\"],\"articleSection\":[\"News\"],\"inLanguage\":\"en-US\"},{\"@type\":\"WebPage\",\"@id\":\"https:\\\/\\\/proagrolab.com.ar\\\/llego-la-solucion-al-conflicto-de-los-tamberos\\\/\",\"url\":\"https:\\\/\\\/proagrolab.com.ar\\\/llego-la-solucion-al-conflicto-de-los-tamberos\\\/\",\"name\":\"Lleg\u00f3 la soluci\u00f3n al conflicto de los tamberos | Proagro\",\"isPartOf\":{\"@id\":\"https:\\\/\\\/proagrolab.com.ar\\\/#website\"},\"primaryImageOfPage\":{\"@id\":\"https:\\\/\\\/proagrolab.com.ar\\\/llego-la-solucion-al-conflicto-de-los-tamberos\\\/#primaryimage\"},\"image\":{\"@id\":\"https:\\\/\\\/proagrolab.com.ar\\\/llego-la-solucion-al-conflicto-de-los-tamberos\\\/#primaryimage\"},\"thumbnailUrl\":\"https:\\\/\\\/proagrolab.com.ar\\\/wp-content\\\/uploads\\\/2015\\\/07\\\/Portada-P\u00e1gina-Nueva-24-07.jpg\",\"datePublished\":\"2015-07-24T16:12:46+00:00\",\"dateModified\":\"2020-06-29T19:18:51+00:00\",\"breadcrumb\":{\"@id\":\"https:\\\/\\\/proagrolab.com.ar\\\/llego-la-solucion-al-conflicto-de-los-tamberos\\\/#breadcrumb\"},\"inLanguage\":\"en-US\",\"potentialAction\":[{\"@type\":\"ReadAction\",\"target\":[\"https:\\\/\\\/proagrolab.com.ar\\\/llego-la-solucion-al-conflicto-de-los-tamberos\\\/\"]}]},{\"@type\":\"ImageObject\",\"inLanguage\":\"en-US\",\"@id\":\"https:\\\/\\\/proagrolab.com.ar\\\/llego-la-solucion-al-conflicto-de-los-tamberos\\\/#primaryimage\",\"url\":\"https:\\\/\\\/proagrolab.com.ar\\\/wp-content\\\/uploads\\\/2015\\\/07\\\/Portada-P\u00e1gina-Nueva-24-07.jpg\",\"contentUrl\":\"https:\\\/\\\/proagrolab.com.ar\\\/wp-content\\\/uploads\\\/2015\\\/07\\\/Portada-P\u00e1gina-Nueva-24-07.jpg\",\"width\":1146,\"height\":395},{\"@type\":\"BreadcrumbList\",\"@id\":\"https:\\\/\\\/proagrolab.com.ar\\\/llego-la-solucion-al-conflicto-de-los-tamberos\\\/#breadcrumb\",\"itemListElement\":[{\"@type\":\"ListItem\",\"position\":1,\"name\":\"Portada\",\"item\":\"https:\\\/\\\/proagrolab.com.ar\\\/\"},{\"@type\":\"ListItem\",\"position\":2,\"name\":\"Lleg\u00f3 la soluci\u00f3n al conflicto de los tamberos\"}]},{\"@type\":\"WebSite\",\"@id\":\"https:\\\/\\\/proagrolab.com.ar\\\/#website\",\"url\":\"https:\\\/\\\/proagrolab.com.ar\\\/\",\"name\":\"Proagro Laboratorio Veterinario\",\"description\":\"Veterinary laboratory\",\"publisher\":{\"@id\":\"https:\\\/\\\/proagrolab.com.ar\\\/#organization\"},\"potentialAction\":[{\"@type\":\"SearchAction\",\"target\":{\"@type\":\"EntryPoint\",\"urlTemplate\":\"https:\\\/\\\/proagrolab.com.ar\\\/?s={search_term_string}\"},\"query-input\":{\"@type\":\"PropertyValueSpecification\",\"valueRequired\":true,\"valueName\":\"search_term_string\"}}],\"inLanguage\":\"en-US\"},{\"@type\":\"Organization\",\"@id\":\"https:\\\/\\\/proagrolab.com.ar\\\/#organization\",\"name\":\"Proagro\",\"url\":\"https:\\\/\\\/proagrolab.com.ar\\\/\",\"logo\":{\"@type\":\"ImageObject\",\"inLanguage\":\"en-US\",\"@id\":\"https:\\\/\\\/proagrolab.com.ar\\\/#\\\/schema\\\/logo\\\/image\\\/\",\"url\":\"https:\\\/\\\/proagrolab.com.ar\\\/wp-content\\\/uploads\\\/2020\\\/04\\\/logo-retina.png\",\"contentUrl\":\"https:\\\/\\\/proagrolab.com.ar\\\/wp-content\\\/uploads\\\/2020\\\/04\\\/logo-retina.png\",\"width\":478,\"height\":120,\"caption\":\"Proagro\"},\"image\":{\"@id\":\"https:\\\/\\\/proagrolab.com.ar\\\/#\\\/schema\\\/logo\\\/image\\\/\"},\"sameAs\":[\"http:\\\/\\\/www.facebook.com\\\/proagrolab\",\"https:\\\/\\\/www.instagram.com\\\/proagrolab\\\/\",\"https:\\\/\\\/www.linkedin.com\\\/company\\\/laboratorio-proagro-s-a\\\/\"]},{\"@type\":\"Person\",\"@id\":\"https:\\\/\\\/proagrolab.com.ar\\\/#\\\/schema\\\/person\\\/3e30f2f0f9eadcc02d50ed3664562373\",\"name\":\"Admin Proagro\",\"sameAs\":[\"http:\\\/\\\/www.sistemas7g.com\"]}]}<\/script>\n<!-- \/ Yoast SEO plugin. -->","yoast_head_json":{"title":"Lleg\u00f3 la soluci\u00f3n al conflicto de los tamberos | Proagro","robots":{"index":"index","follow":"follow","max-snippet":"max-snippet:-1","max-image-preview":"max-image-preview:large","max-video-preview":"max-video-preview:-1"},"canonical":"https:\/\/proagrolab.com.ar\/en\/llego-la-solucion-al-conflicto-de-los-tamberos\/","og_locale":"en_US","og_type":"article","og_title":"Lleg\u00f3 la soluci\u00f3n al conflicto de los tamberos | Proagro","og_description":"Ayer se lleg\u00f3 a un acuerdo para destrabar el conflicto que en los \u00faltimos d\u00edas deriv\u00f3 en que se derramaran miles de litros.\u00a0No habr\u00e1 m\u00e1s recortes y se levantaron el paro y los bloqueos. Por Fernando Bertello | Diario La Naci\u00f3n. \u00a0 Luego de una extensa jornada de negociaciones entre industriales lecheros, tamberos, el gremio de los trabajadores y el Gobierno, ayer se lleg\u00f3 a un acuerdo para destrabar el conflicto que en los \u00faltimos d\u00edas deriv\u00f3 en que se derramaran miles de litros en la principal cuenca lechera de Santa Fe y otras regiones. Luego de los recortes, en junio pasado, en el precio que pagan por la leche, las empresas no deber\u00edan aplicar nuevas bajas a los tamberos. Por otra parte, compensar\u00e1n econ\u00f3micamente a quienes tiraron la producci\u00f3n por falta de capacidad de almacenamiento. Adem\u00e1s, accedieron a conformar una mesa pol\u00edtica y t\u00e9cnica con los mismos tamberos y el Gobierno.\u00a0Como contrapartida, se levantaron los bloqueos a las usinas y el paro de Atilra, el gremio de los trabajadores que se solidariz\u00f3 con la situaci\u00f3n de los tamberos.\u00a0 En junio pasado, los tamberos sufrieron una baja de 15 centavos por litro en la leche. Seg\u00fan Marcelo Garello, presidente de [&hellip;]","og_url":"https:\/\/proagrolab.com.ar\/llego-la-solucion-al-conflicto-de-los-tamberos\/","og_site_name":"Proagro","article_publisher":"http:\/\/www.facebook.com\/proagrolab","article_published_time":"2015-07-24T16:12:46+00:00","article_modified_time":"2020-06-29T19:18:51+00:00","og_image":[{"width":1146,"height":395,"url":"https:\/\/proagrolab.com.ar\/wp-content\/uploads\/2015\/07\/Portada-P\u00e1gina-Nueva-24-07.jpg","type":"image\/jpeg"}],"author":"Admin Proagro","twitter_card":"summary_large_image","twitter_misc":{"Written by":"Admin Proagro","Est. reading time":"2 minutes"},"schema":{"@context":"https:\/\/schema.org","@graph":[{"@type":"Article","@id":"https:\/\/proagrolab.com.ar\/llego-la-solucion-al-conflicto-de-los-tamberos\/#article","isPartOf":{"@id":"https:\/\/proagrolab.com.ar\/llego-la-solucion-al-conflicto-de-los-tamberos\/"},"author":{"name":"Admin Proagro","@id":"https:\/\/proagrolab.com.ar\/#\/schema\/person\/3e30f2f0f9eadcc02d50ed3664562373"},"headline":"Lleg\u00f3 la soluci\u00f3n al conflicto de los tamberos","datePublished":"2015-07-24T16:12:46+00:00","dateModified":"2020-06-29T19:18:51+00:00","mainEntityOfPage":{"@id":"https:\/\/proagrolab.com.ar\/llego-la-solucion-al-conflicto-de-los-tamberos\/"},"wordCount":493,"publisher":{"@id":"https:\/\/proagrolab.com.ar\/#organization"},"image":{"@id":"https:\/\/proagrolab.com.ar\/llego-la-solucion-al-conflicto-de-los-tamberos\/#primaryimage"},"thumbnailUrl":"https:\/\/proagrolab.com.ar\/wp-content\/uploads\/2015\/07\/Portada-P\u00e1gina-Nueva-24-07.jpg","keywords":["bovinos","News","","Noticias"],"articleSection":["News"],"inLanguage":"en-US"},{"@type":"WebPage","@id":"https:\/\/proagrolab.com.ar\/llego-la-solucion-al-conflicto-de-los-tamberos\/","url":"https:\/\/proagrolab.com.ar\/llego-la-solucion-al-conflicto-de-los-tamberos\/","name":"Lleg\u00f3 la soluci\u00f3n al conflicto de los tamberos | Proagro","isPartOf":{"@id":"https:\/\/proagrolab.com.ar\/#website"},"primaryImageOfPage":{"@id":"https:\/\/proagrolab.com.ar\/llego-la-solucion-al-conflicto-de-los-tamberos\/#primaryimage"},"image":{"@id":"https:\/\/proagrolab.com.ar\/llego-la-solucion-al-conflicto-de-los-tamberos\/#primaryimage"},"thumbnailUrl":"https:\/\/proagrolab.com.ar\/wp-content\/uploads\/2015\/07\/Portada-P\u00e1gina-Nueva-24-07.jpg","datePublished":"2015-07-24T16:12:46+00:00","dateModified":"2020-06-29T19:18:51+00:00","breadcrumb":{"@id":"https:\/\/proagrolab.com.ar\/llego-la-solucion-al-conflicto-de-los-tamberos\/#breadcrumb"},"inLanguage":"en-US","potentialAction":[{"@type":"ReadAction","target":["https:\/\/proagrolab.com.ar\/llego-la-solucion-al-conflicto-de-los-tamberos\/"]}]},{"@type":"ImageObject","inLanguage":"en-US","@id":"https:\/\/proagrolab.com.ar\/llego-la-solucion-al-conflicto-de-los-tamberos\/#primaryimage","url":"https:\/\/proagrolab.com.ar\/wp-content\/uploads\/2015\/07\/Portada-P\u00e1gina-Nueva-24-07.jpg","contentUrl":"https:\/\/proagrolab.com.ar\/wp-content\/uploads\/2015\/07\/Portada-P\u00e1gina-Nueva-24-07.jpg","width":1146,"height":395},{"@type":"BreadcrumbList","@id":"https:\/\/proagrolab.com.ar\/llego-la-solucion-al-conflicto-de-los-tamberos\/#breadcrumb","itemListElement":[{"@type":"ListItem","position":1,"name":"Portada","item":"https:\/\/proagrolab.com.ar\/"},{"@type":"ListItem","position":2,"name":"Lleg\u00f3 la soluci\u00f3n al conflicto de los tamberos"}]},{"@type":"WebSite","@id":"https:\/\/proagrolab.com.ar\/#website","url":"https:\/\/proagrolab.com.ar\/","name":"Proagro Laboratorio Veterinario","description":"Veterinary laboratory","publisher":{"@id":"https:\/\/proagrolab.com.ar\/#organization"},"potentialAction":[{"@type":"SearchAction","target":{"@type":"EntryPoint","urlTemplate":"https:\/\/proagrolab.com.ar\/?s={search_term_string}"},"query-input":{"@type":"PropertyValueSpecification","valueRequired":true,"valueName":"search_term_string"}}],"inLanguage":"en-US"},{"@type":"Organization","@id":"https:\/\/proagrolab.com.ar\/#organization","name":"Proagro","url":"https:\/\/proagrolab.com.ar\/","logo":{"@type":"ImageObject","inLanguage":"en-US","@id":"https:\/\/proagrolab.com.ar\/#\/schema\/logo\/image\/","url":"https:\/\/proagrolab.com.ar\/wp-content\/uploads\/2020\/04\/logo-retina.png","contentUrl":"https:\/\/proagrolab.com.ar\/wp-content\/uploads\/2020\/04\/logo-retina.png","width":478,"height":120,"caption":"Proagro"},"image":{"@id":"https:\/\/proagrolab.com.ar\/#\/schema\/logo\/image\/"},"sameAs":["http:\/\/www.facebook.com\/proagrolab","https:\/\/www.instagram.com\/proagrolab\/","https:\/\/www.linkedin.com\/company\/laboratorio-proagro-s-a\/"]},{"@type":"Person","@id":"https:\/\/proagrolab.com.ar\/#\/schema\/person\/3e30f2f0f9eadcc02d50ed3664562373","name":"Admin Proagro","sameAs":["http:\/\/www.sistemas7g.com"]}]}},"_links":{"self":[{"href":"https:\/\/proagrolab.com.ar\/en\/wp-json\/wp\/v2\/posts\/7020","targetHints":{"allow":["GET"]}}],"collection":[{"href":"https:\/\/proagrolab.com.ar\/en\/wp-json\/wp\/v2\/posts"}],"about":[{"href":"https:\/\/proagrolab.com.ar\/en\/wp-json\/wp\/v2\/types\/post"}],"author":[{"embeddable":true,"href":"https:\/\/proagrolab.com.ar\/en\/wp-json\/wp\/v2\/users\/6"}],"replies":[{"embeddable":true,"href":"https:\/\/proagrolab.com.ar\/en\/wp-json\/wp\/v2\/comments?post=7020"}],"version-history":[{"count":1,"href":"https:\/\/proagrolab.com.ar\/en\/wp-json\/wp\/v2\/posts\/7020\/revisions"}],"predecessor-version":[{"id":14039,"href":"https:\/\/proagrolab.com.ar\/en\/wp-json\/wp\/v2\/posts\/7020\/revisions\/14039"}],"wp:featuredmedia":[{"embeddable":true,"href":"https:\/\/proagrolab.com.ar\/en\/wp-json\/wp\/v2\/media\/7016"}],"wp:attachment":[{"href":"https:\/\/proagrolab.com.ar\/en\/wp-json\/wp\/v2\/media?parent=7020"}],"wp:term":[{"taxonomy":"category","embeddable":true,"href":"https:\/\/proagrolab.com.ar\/en\/wp-json\/wp\/v2\/categories?post=7020"},{"taxonomy":"post_tag","embeddable":true,"href":"https:\/\/proagrolab.com.ar\/en\/wp-json\/wp\/v2\/tags?post=7020"}],"curies":[{"name":"wp","href":"https:\/\/api.w.org\/{rel}","templated":true}]}}