{"id":6994,"date":"2015-07-23T15:09:43","date_gmt":"2015-07-23T15:09:43","guid":{"rendered":"https:\/\/proagrolab.com.ar\/?p=6994"},"modified":"2020-06-29T18:50:43","modified_gmt":"2020-06-29T18:50:43","slug":"abrio-sus-puertas-la-exposicion-rural-en-palermo","status":"publish","type":"post","link":"https:\/\/proagrolab.com.ar\/en\/abrio-sus-puertas-la-exposicion-rural-en-palermo\/","title":{"rendered":"Abri\u00f3 sus puertas la Exposici\u00f3n Rural en Palermo"},"content":{"rendered":"<p class=\"qtranxs-available-languages-message qtranxs-available-languages-message-en\"> <\/p><p><\/p>\n<p>Esta ma\u00f1ana, <strong>Luis Miguel Etchevehere<\/strong>, <strong>presidente de la Sociedad Rural Argentina (SRA)<\/strong>, junto al Jefe de Gabinete de Gobierno de la Ciudad de Buenos Aires y Jefe de Gobierno electo, Horacio Rodr\u00edguez Larreta, llevaron adelante el corte de cintas con el que abri\u00f3 sus puertas la <strong>129\u00b0 Exposici\u00f3n de Ganader\u00eda, Agricultura e Industria Internacional<\/strong>.<\/p>\n<div class=\"texto_nota\">\n<p><em>\u201cEn la Exposici\u00f3n Rural van a poder ver, como todos los a\u00f1os, las tendencias que va marcando el campo argentino a nivel mundial\u201d<\/em>, afirm\u00f3 Etchevehere y agreg\u00f3 que durante la muestra <em>\u201cse seleccionan los mejores animales para que puedan producir alimentos en calidad y cantidad que, en definitiva, van a ir a satisfacer la mesa de los argentinos\u201d<\/em>. Tambi\u00e9n coment\u00f3 que <em>\u201cel campo argentino es primer mundo, marca tendencia a nivel mundial en gen\u00e9tica y producci\u00f3n sustentable\u201d<\/em>.<\/p>\n<p>Durante su discurso, Etchevehere dijo que <em>\u201cesa potencialidad del campo necesita un contexto adecuado. De esa manera se podr\u00edan generar 1,1 mill\u00f3n de puestos de trabajo en la medida de tener las condiciones necesarias. Esto es lo que est\u00e1 en juego en esta elecci\u00f3n.\u00a0Venimos de 12 a\u00f1os de pol\u00edticas del oficialismo que han perjudicado la actividad agropecuaria\u201d<\/em>, afirm\u00f3. \u201c<em>No s\u00f3lo perjudic\u00f3 al campo, perjudic\u00f3 a todo el interior argentino\u201d<\/em>, se lament\u00f3 Etchevehere. En este sentido, reclam\u00f3 <em>\u201csoluciones simples\u201d<\/em> y que <em>\u201clos candidatos se comprometan antes del acto eleccionario\u201d<\/em>.<\/p>\n<p>Tambi\u00e9n acompa\u00f1aron a Luis Miguel Etchevehere en el corte de cintas el <strong>vicepresidente de la SRA<\/strong>, <strong>Daniel Pelegrina<\/strong>; el <strong>vicepresidente 2\u00b0<\/strong>, <strong>Nicol\u00e1s Pino<\/strong>; el <strong>presidente del directorio de La Rural S.A.<\/strong>, <strong>Gast\u00f3n Lernoud<\/strong>; <strong>Ger\u00f3nimo \u201cMomo\u201d Venegas<\/strong>, <strong>secretario general de UATRE<\/strong>; y los representantes de la <strong>Mesa de Enlace<\/strong>, <strong>Rub\u00e9n Ferrero (Confederaciones Rurales Argentinas) <\/strong>y<strong> Egidio Mailland (CONINAGRO)<\/strong>.<\/p>\n<\/div>\n<div class=\"texto_nota\">\u00a0<\/div>\n<div class=\"texto_nota\">El lunes, a dos d\u00edas de que comience la Expo, el toro <strong>&#8220;Francisco&#8221;<\/strong>, bautizado de esa manera en honor al Papa, fue el primer animal en ingresar al predio de Palermo de la Sociedad Rural Argentina.\u00a0Se trata de un ejemplar de la raza <strong>Polled Hereford<\/strong>, perteneciente a la caba\u00f1a Jotab\u00e9 de Caldenes, de la ciudad bonaerense de General Villegas, de <strong>760 kilos de peso<\/strong>.<\/div>\n<div class=\"texto_nota\">\u00a0<\/div>\n<div class=\"texto_nota\"><em>Fuente:\u00a0SRA.<\/em><\/div>\n<div class=\"texto_nota\">\u00a0<\/div>\n<p><\/p>","protected":false},"excerpt":{"rendered":"<p>Esta ma\u00f1ana, Luis Miguel Etchevehere, presidente de la Sociedad Rural Argentina (SRA), junto al Jefe de Gabinete de Gobierno de la Ciudad de Buenos Aires y Jefe de Gobierno electo, Horacio Rodr\u00edguez Larreta, llevaron adelante el corte de cintas con el que abri\u00f3 sus puertas la 129\u00b0 Exposici\u00f3n de Ganader\u00eda, Agricultura e Industria Internacional. \u201cEn la Exposici\u00f3n Rural van a poder ver, como todos los a\u00f1os, las tendencias que va marcando el campo argentino a nivel mundial\u201d, afirm\u00f3 Etchevehere y agreg\u00f3 que durante la muestra \u201cse seleccionan los mejores animales para que puedan producir alimentos en calidad y cantidad que, en definitiva, van a ir a satisfacer la mesa de los argentinos\u201d. Tambi\u00e9n coment\u00f3 que \u201cel campo argentino es primer mundo, marca tendencia a nivel mundial en gen\u00e9tica y producci\u00f3n sustentable\u201d. Durante su discurso, Etchevehere dijo que \u201cesa potencialidad del campo necesita un contexto adecuado. De esa manera se podr\u00edan generar 1,1 mill\u00f3n de puestos de trabajo en la medida de tener las condiciones necesarias. Esto es lo que est\u00e1 en juego en esta elecci\u00f3n.\u00a0Venimos de 12 a\u00f1os de pol\u00edticas del oficialismo que han perjudicado la actividad agropecuaria\u201d, afirm\u00f3. \u201cNo s\u00f3lo perjudic\u00f3 al campo, perjudic\u00f3 a todo el interior argentino\u201d, [&hellip;]<\/p>\n","protected":false},"author":6,"featured_media":6995,"comment_status":"closed","ping_status":"open","sticky":false,"template":"","format":"standard","meta":{"_acf_changed":false,"footnotes":""},"categories":[56],"tags":[81,80,82,79],"class_list":["post-6994","post","type-post","status-publish","format-standard","has-post-thumbnail","hentry","category-infoganadero","tag-bovinos","tag-ganaderia","tag-lecheria","tag-noticias"],"acf":[],"yoast_head":"<!-- This site is optimized with the Yoast SEO plugin v27.4 - https:\/\/yoast.com\/product\/yoast-seo-wordpress\/ -->\n<title>Abri\u00f3 sus puertas la Exposici\u00f3n Rural en Palermo | Proagro<\/title>\n<meta name=\"robots\" content=\"index, follow, max-snippet:-1, max-image-preview:large, max-video-preview:-1\" \/>\n<link rel=\"canonical\" href=\"https:\/\/proagrolab.com.ar\/en\/abrio-sus-puertas-la-exposicion-rural-en-palermo\/\" \/>\n<meta property=\"og:locale\" content=\"en_US\" \/>\n<meta property=\"og:type\" content=\"article\" \/>\n<meta property=\"og:title\" content=\"Abri\u00f3 sus puertas la Exposici\u00f3n Rural en Palermo | Proagro\" \/>\n<meta property=\"og:description\" content=\"Esta ma\u00f1ana, Luis Miguel Etchevehere, presidente de la Sociedad Rural Argentina (SRA), junto al Jefe de Gabinete de Gobierno de la Ciudad de Buenos Aires y Jefe de Gobierno electo, Horacio Rodr\u00edguez Larreta, llevaron adelante el corte de cintas con el que abri\u00f3 sus puertas la 129\u00b0 Exposici\u00f3n de Ganader\u00eda, Agricultura e Industria Internacional. \u201cEn la Exposici\u00f3n Rural van a poder ver, como todos los a\u00f1os, las tendencias que va marcando el campo argentino a nivel mundial\u201d, afirm\u00f3 Etchevehere y agreg\u00f3 que durante la muestra \u201cse seleccionan los mejores animales para que puedan producir alimentos en calidad y cantidad que, en definitiva, van a ir a satisfacer la mesa de los argentinos\u201d. Tambi\u00e9n coment\u00f3 que \u201cel campo argentino es primer mundo, marca tendencia a nivel mundial en gen\u00e9tica y producci\u00f3n sustentable\u201d. Durante su discurso, Etchevehere dijo que \u201cesa potencialidad del campo necesita un contexto adecuado. De esa manera se podr\u00edan generar 1,1 mill\u00f3n de puestos de trabajo en la medida de tener las condiciones necesarias. Esto es lo que est\u00e1 en juego en esta elecci\u00f3n.\u00a0Venimos de 12 a\u00f1os de pol\u00edticas del oficialismo que han perjudicado la actividad agropecuaria\u201d, afirm\u00f3. \u201cNo s\u00f3lo perjudic\u00f3 al campo, perjudic\u00f3 a todo el interior argentino\u201d, [&hellip;]\" \/>\n<meta property=\"og:url\" content=\"https:\/\/proagrolab.com.ar\/abrio-sus-puertas-la-exposicion-rural-en-palermo\/\" \/>\n<meta property=\"og:site_name\" content=\"Proagro\" \/>\n<meta property=\"article:publisher\" content=\"http:\/\/www.facebook.com\/proagrolab\" \/>\n<meta property=\"article:published_time\" content=\"2015-07-23T15:09:43+00:00\" \/>\n<meta property=\"article:modified_time\" content=\"2020-06-29T18:50:43+00:00\" \/>\n<meta property=\"og:image\" content=\"https:\/\/proagrolab.com.ar\/wp-content\/uploads\/2015\/07\/Toro-Francisco-1.jpg\" \/>\n\t<meta property=\"og:image:width\" content=\"660\" \/>\n\t<meta property=\"og:image:height\" content=\"370\" \/>\n\t<meta property=\"og:image:type\" content=\"image\/jpeg\" \/>\n<meta name=\"author\" content=\"Admin Proagro\" \/>\n<meta name=\"twitter:card\" content=\"summary_large_image\" \/>\n<meta name=\"twitter:label1\" content=\"Written by\" \/>\n\t<meta name=\"twitter:data1\" content=\"Admin Proagro\" \/>\n\t<meta name=\"twitter:label2\" content=\"Est. reading time\" \/>\n\t<meta name=\"twitter:data2\" content=\"2 minutes\" \/>\n<script type=\"application\/ld+json\" class=\"yoast-schema-graph\">{\"@context\":\"https:\\\/\\\/schema.org\",\"@graph\":[{\"@type\":\"Article\",\"@id\":\"https:\\\/\\\/proagrolab.com.ar\\\/abrio-sus-puertas-la-exposicion-rural-en-palermo\\\/#article\",\"isPartOf\":{\"@id\":\"https:\\\/\\\/proagrolab.com.ar\\\/abrio-sus-puertas-la-exposicion-rural-en-palermo\\\/\"},\"author\":{\"name\":\"Admin Proagro\",\"@id\":\"https:\\\/\\\/proagrolab.com.ar\\\/#\\\/schema\\\/person\\\/3e30f2f0f9eadcc02d50ed3664562373\"},\"headline\":\"Abri\u00f3 sus puertas la Exposici\u00f3n Rural en Palermo\",\"datePublished\":\"2015-07-23T15:09:43+00:00\",\"dateModified\":\"2020-06-29T18:50:43+00:00\",\"mainEntityOfPage\":{\"@id\":\"https:\\\/\\\/proagrolab.com.ar\\\/abrio-sus-puertas-la-exposicion-rural-en-palermo\\\/\"},\"wordCount\":372,\"publisher\":{\"@id\":\"https:\\\/\\\/proagrolab.com.ar\\\/#organization\"},\"image\":{\"@id\":\"https:\\\/\\\/proagrolab.com.ar\\\/abrio-sus-puertas-la-exposicion-rural-en-palermo\\\/#primaryimage\"},\"thumbnailUrl\":\"https:\\\/\\\/proagrolab.com.ar\\\/wp-content\\\/uploads\\\/2015\\\/07\\\/Toro-Francisco-1.jpg\",\"keywords\":[\"bovinos\",\"Ganader\u00eda\",\"\",\"Noticias\"],\"articleSection\":[\"News\"],\"inLanguage\":\"en-US\"},{\"@type\":\"WebPage\",\"@id\":\"https:\\\/\\\/proagrolab.com.ar\\\/abrio-sus-puertas-la-exposicion-rural-en-palermo\\\/\",\"url\":\"https:\\\/\\\/proagrolab.com.ar\\\/abrio-sus-puertas-la-exposicion-rural-en-palermo\\\/\",\"name\":\"Abri\u00f3 sus puertas la Exposici\u00f3n Rural en Palermo | Proagro\",\"isPartOf\":{\"@id\":\"https:\\\/\\\/proagrolab.com.ar\\\/#website\"},\"primaryImageOfPage\":{\"@id\":\"https:\\\/\\\/proagrolab.com.ar\\\/abrio-sus-puertas-la-exposicion-rural-en-palermo\\\/#primaryimage\"},\"image\":{\"@id\":\"https:\\\/\\\/proagrolab.com.ar\\\/abrio-sus-puertas-la-exposicion-rural-en-palermo\\\/#primaryimage\"},\"thumbnailUrl\":\"https:\\\/\\\/proagrolab.com.ar\\\/wp-content\\\/uploads\\\/2015\\\/07\\\/Toro-Francisco-1.jpg\",\"datePublished\":\"2015-07-23T15:09:43+00:00\",\"dateModified\":\"2020-06-29T18:50:43+00:00\",\"breadcrumb\":{\"@id\":\"https:\\\/\\\/proagrolab.com.ar\\\/abrio-sus-puertas-la-exposicion-rural-en-palermo\\\/#breadcrumb\"},\"inLanguage\":\"en-US\",\"potentialAction\":[{\"@type\":\"ReadAction\",\"target\":[\"https:\\\/\\\/proagrolab.com.ar\\\/abrio-sus-puertas-la-exposicion-rural-en-palermo\\\/\"]}]},{\"@type\":\"ImageObject\",\"inLanguage\":\"en-US\",\"@id\":\"https:\\\/\\\/proagrolab.com.ar\\\/abrio-sus-puertas-la-exposicion-rural-en-palermo\\\/#primaryimage\",\"url\":\"https:\\\/\\\/proagrolab.com.ar\\\/wp-content\\\/uploads\\\/2015\\\/07\\\/Toro-Francisco-1.jpg\",\"contentUrl\":\"https:\\\/\\\/proagrolab.com.ar\\\/wp-content\\\/uploads\\\/2015\\\/07\\\/Toro-Francisco-1.jpg\",\"width\":660,\"height\":370},{\"@type\":\"BreadcrumbList\",\"@id\":\"https:\\\/\\\/proagrolab.com.ar\\\/abrio-sus-puertas-la-exposicion-rural-en-palermo\\\/#breadcrumb\",\"itemListElement\":[{\"@type\":\"ListItem\",\"position\":1,\"name\":\"Portada\",\"item\":\"https:\\\/\\\/proagrolab.com.ar\\\/\"},{\"@type\":\"ListItem\",\"position\":2,\"name\":\"Abri\u00f3 sus puertas la Exposici\u00f3n Rural en Palermo\"}]},{\"@type\":\"WebSite\",\"@id\":\"https:\\\/\\\/proagrolab.com.ar\\\/#website\",\"url\":\"https:\\\/\\\/proagrolab.com.ar\\\/\",\"name\":\"Proagro Laboratorio Veterinario\",\"description\":\"Veterinary laboratory\",\"publisher\":{\"@id\":\"https:\\\/\\\/proagrolab.com.ar\\\/#organization\"},\"potentialAction\":[{\"@type\":\"SearchAction\",\"target\":{\"@type\":\"EntryPoint\",\"urlTemplate\":\"https:\\\/\\\/proagrolab.com.ar\\\/?s={search_term_string}\"},\"query-input\":{\"@type\":\"PropertyValueSpecification\",\"valueRequired\":true,\"valueName\":\"search_term_string\"}}],\"inLanguage\":\"en-US\"},{\"@type\":\"Organization\",\"@id\":\"https:\\\/\\\/proagrolab.com.ar\\\/#organization\",\"name\":\"Proagro\",\"url\":\"https:\\\/\\\/proagrolab.com.ar\\\/\",\"logo\":{\"@type\":\"ImageObject\",\"inLanguage\":\"en-US\",\"@id\":\"https:\\\/\\\/proagrolab.com.ar\\\/#\\\/schema\\\/logo\\\/image\\\/\",\"url\":\"https:\\\/\\\/proagrolab.com.ar\\\/wp-content\\\/uploads\\\/2020\\\/04\\\/logo-retina.png\",\"contentUrl\":\"https:\\\/\\\/proagrolab.com.ar\\\/wp-content\\\/uploads\\\/2020\\\/04\\\/logo-retina.png\",\"width\":478,\"height\":120,\"caption\":\"Proagro\"},\"image\":{\"@id\":\"https:\\\/\\\/proagrolab.com.ar\\\/#\\\/schema\\\/logo\\\/image\\\/\"},\"sameAs\":[\"http:\\\/\\\/www.facebook.com\\\/proagrolab\",\"https:\\\/\\\/www.instagram.com\\\/proagrolab\\\/\",\"https:\\\/\\\/www.linkedin.com\\\/company\\\/laboratorio-proagro-s-a\\\/\"]},{\"@type\":\"Person\",\"@id\":\"https:\\\/\\\/proagrolab.com.ar\\\/#\\\/schema\\\/person\\\/3e30f2f0f9eadcc02d50ed3664562373\",\"name\":\"Admin Proagro\",\"sameAs\":[\"http:\\\/\\\/www.sistemas7g.com\"]}]}<\/script>\n<!-- \/ Yoast SEO plugin. -->","yoast_head_json":{"title":"Abri\u00f3 sus puertas la Exposici\u00f3n Rural en Palermo | Proagro","robots":{"index":"index","follow":"follow","max-snippet":"max-snippet:-1","max-image-preview":"max-image-preview:large","max-video-preview":"max-video-preview:-1"},"canonical":"https:\/\/proagrolab.com.ar\/en\/abrio-sus-puertas-la-exposicion-rural-en-palermo\/","og_locale":"en_US","og_type":"article","og_title":"Abri\u00f3 sus puertas la Exposici\u00f3n Rural en Palermo | Proagro","og_description":"Esta ma\u00f1ana, Luis Miguel Etchevehere, presidente de la Sociedad Rural Argentina (SRA), junto al Jefe de Gabinete de Gobierno de la Ciudad de Buenos Aires y Jefe de Gobierno electo, Horacio Rodr\u00edguez Larreta, llevaron adelante el corte de cintas con el que abri\u00f3 sus puertas la 129\u00b0 Exposici\u00f3n de Ganader\u00eda, Agricultura e Industria Internacional. \u201cEn la Exposici\u00f3n Rural van a poder ver, como todos los a\u00f1os, las tendencias que va marcando el campo argentino a nivel mundial\u201d, afirm\u00f3 Etchevehere y agreg\u00f3 que durante la muestra \u201cse seleccionan los mejores animales para que puedan producir alimentos en calidad y cantidad que, en definitiva, van a ir a satisfacer la mesa de los argentinos\u201d. Tambi\u00e9n coment\u00f3 que \u201cel campo argentino es primer mundo, marca tendencia a nivel mundial en gen\u00e9tica y producci\u00f3n sustentable\u201d. Durante su discurso, Etchevehere dijo que \u201cesa potencialidad del campo necesita un contexto adecuado. De esa manera se podr\u00edan generar 1,1 mill\u00f3n de puestos de trabajo en la medida de tener las condiciones necesarias. Esto es lo que est\u00e1 en juego en esta elecci\u00f3n.\u00a0Venimos de 12 a\u00f1os de pol\u00edticas del oficialismo que han perjudicado la actividad agropecuaria\u201d, afirm\u00f3. \u201cNo s\u00f3lo perjudic\u00f3 al campo, perjudic\u00f3 a todo el interior argentino\u201d, [&hellip;]","og_url":"https:\/\/proagrolab.com.ar\/abrio-sus-puertas-la-exposicion-rural-en-palermo\/","og_site_name":"Proagro","article_publisher":"http:\/\/www.facebook.com\/proagrolab","article_published_time":"2015-07-23T15:09:43+00:00","article_modified_time":"2020-06-29T18:50:43+00:00","og_image":[{"width":660,"height":370,"url":"https:\/\/proagrolab.com.ar\/wp-content\/uploads\/2015\/07\/Toro-Francisco-1.jpg","type":"image\/jpeg"}],"author":"Admin Proagro","twitter_card":"summary_large_image","twitter_misc":{"Written by":"Admin Proagro","Est. reading time":"2 minutes"},"schema":{"@context":"https:\/\/schema.org","@graph":[{"@type":"Article","@id":"https:\/\/proagrolab.com.ar\/abrio-sus-puertas-la-exposicion-rural-en-palermo\/#article","isPartOf":{"@id":"https:\/\/proagrolab.com.ar\/abrio-sus-puertas-la-exposicion-rural-en-palermo\/"},"author":{"name":"Admin Proagro","@id":"https:\/\/proagrolab.com.ar\/#\/schema\/person\/3e30f2f0f9eadcc02d50ed3664562373"},"headline":"Abri\u00f3 sus puertas la Exposici\u00f3n Rural en Palermo","datePublished":"2015-07-23T15:09:43+00:00","dateModified":"2020-06-29T18:50:43+00:00","mainEntityOfPage":{"@id":"https:\/\/proagrolab.com.ar\/abrio-sus-puertas-la-exposicion-rural-en-palermo\/"},"wordCount":372,"publisher":{"@id":"https:\/\/proagrolab.com.ar\/#organization"},"image":{"@id":"https:\/\/proagrolab.com.ar\/abrio-sus-puertas-la-exposicion-rural-en-palermo\/#primaryimage"},"thumbnailUrl":"https:\/\/proagrolab.com.ar\/wp-content\/uploads\/2015\/07\/Toro-Francisco-1.jpg","keywords":["bovinos","Ganader\u00eda","","Noticias"],"articleSection":["News"],"inLanguage":"en-US"},{"@type":"WebPage","@id":"https:\/\/proagrolab.com.ar\/abrio-sus-puertas-la-exposicion-rural-en-palermo\/","url":"https:\/\/proagrolab.com.ar\/abrio-sus-puertas-la-exposicion-rural-en-palermo\/","name":"Abri\u00f3 sus puertas la Exposici\u00f3n Rural en Palermo | Proagro","isPartOf":{"@id":"https:\/\/proagrolab.com.ar\/#website"},"primaryImageOfPage":{"@id":"https:\/\/proagrolab.com.ar\/abrio-sus-puertas-la-exposicion-rural-en-palermo\/#primaryimage"},"image":{"@id":"https:\/\/proagrolab.com.ar\/abrio-sus-puertas-la-exposicion-rural-en-palermo\/#primaryimage"},"thumbnailUrl":"https:\/\/proagrolab.com.ar\/wp-content\/uploads\/2015\/07\/Toro-Francisco-1.jpg","datePublished":"2015-07-23T15:09:43+00:00","dateModified":"2020-06-29T18:50:43+00:00","breadcrumb":{"@id":"https:\/\/proagrolab.com.ar\/abrio-sus-puertas-la-exposicion-rural-en-palermo\/#breadcrumb"},"inLanguage":"en-US","potentialAction":[{"@type":"ReadAction","target":["https:\/\/proagrolab.com.ar\/abrio-sus-puertas-la-exposicion-rural-en-palermo\/"]}]},{"@type":"ImageObject","inLanguage":"en-US","@id":"https:\/\/proagrolab.com.ar\/abrio-sus-puertas-la-exposicion-rural-en-palermo\/#primaryimage","url":"https:\/\/proagrolab.com.ar\/wp-content\/uploads\/2015\/07\/Toro-Francisco-1.jpg","contentUrl":"https:\/\/proagrolab.com.ar\/wp-content\/uploads\/2015\/07\/Toro-Francisco-1.jpg","width":660,"height":370},{"@type":"BreadcrumbList","@id":"https:\/\/proagrolab.com.ar\/abrio-sus-puertas-la-exposicion-rural-en-palermo\/#breadcrumb","itemListElement":[{"@type":"ListItem","position":1,"name":"Portada","item":"https:\/\/proagrolab.com.ar\/"},{"@type":"ListItem","position":2,"name":"Abri\u00f3 sus puertas la Exposici\u00f3n Rural en Palermo"}]},{"@type":"WebSite","@id":"https:\/\/proagrolab.com.ar\/#website","url":"https:\/\/proagrolab.com.ar\/","name":"Proagro Laboratorio Veterinario","description":"Veterinary laboratory","publisher":{"@id":"https:\/\/proagrolab.com.ar\/#organization"},"potentialAction":[{"@type":"SearchAction","target":{"@type":"EntryPoint","urlTemplate":"https:\/\/proagrolab.com.ar\/?s={search_term_string}"},"query-input":{"@type":"PropertyValueSpecification","valueRequired":true,"valueName":"search_term_string"}}],"inLanguage":"en-US"},{"@type":"Organization","@id":"https:\/\/proagrolab.com.ar\/#organization","name":"Proagro","url":"https:\/\/proagrolab.com.ar\/","logo":{"@type":"ImageObject","inLanguage":"en-US","@id":"https:\/\/proagrolab.com.ar\/#\/schema\/logo\/image\/","url":"https:\/\/proagrolab.com.ar\/wp-content\/uploads\/2020\/04\/logo-retina.png","contentUrl":"https:\/\/proagrolab.com.ar\/wp-content\/uploads\/2020\/04\/logo-retina.png","width":478,"height":120,"caption":"Proagro"},"image":{"@id":"https:\/\/proagrolab.com.ar\/#\/schema\/logo\/image\/"},"sameAs":["http:\/\/www.facebook.com\/proagrolab","https:\/\/www.instagram.com\/proagrolab\/","https:\/\/www.linkedin.com\/company\/laboratorio-proagro-s-a\/"]},{"@type":"Person","@id":"https:\/\/proagrolab.com.ar\/#\/schema\/person\/3e30f2f0f9eadcc02d50ed3664562373","name":"Admin Proagro","sameAs":["http:\/\/www.sistemas7g.com"]}]}},"_links":{"self":[{"href":"https:\/\/proagrolab.com.ar\/en\/wp-json\/wp\/v2\/posts\/6994","targetHints":{"allow":["GET"]}}],"collection":[{"href":"https:\/\/proagrolab.com.ar\/en\/wp-json\/wp\/v2\/posts"}],"about":[{"href":"https:\/\/proagrolab.com.ar\/en\/wp-json\/wp\/v2\/types\/post"}],"author":[{"embeddable":true,"href":"https:\/\/proagrolab.com.ar\/en\/wp-json\/wp\/v2\/users\/6"}],"replies":[{"embeddable":true,"href":"https:\/\/proagrolab.com.ar\/en\/wp-json\/wp\/v2\/comments?post=6994"}],"version-history":[{"count":1,"href":"https:\/\/proagrolab.com.ar\/en\/wp-json\/wp\/v2\/posts\/6994\/revisions"}],"predecessor-version":[{"id":13898,"href":"https:\/\/proagrolab.com.ar\/en\/wp-json\/wp\/v2\/posts\/6994\/revisions\/13898"}],"wp:featuredmedia":[{"embeddable":true,"href":"https:\/\/proagrolab.com.ar\/en\/wp-json\/wp\/v2\/media\/6995"}],"wp:attachment":[{"href":"https:\/\/proagrolab.com.ar\/en\/wp-json\/wp\/v2\/media?parent=6994"}],"wp:term":[{"taxonomy":"category","embeddable":true,"href":"https:\/\/proagrolab.com.ar\/en\/wp-json\/wp\/v2\/categories?post=6994"},{"taxonomy":"post_tag","embeddable":true,"href":"https:\/\/proagrolab.com.ar\/en\/wp-json\/wp\/v2\/tags?post=6994"}],"curies":[{"name":"wp","href":"https:\/\/api.w.org\/{rel}","templated":true}]}}