{"id":6965,"date":"2015-07-17T14:58:47","date_gmt":"2015-07-17T14:58:47","guid":{"rendered":"https:\/\/proagrolab.com.ar\/?p=6965"},"modified":"2020-06-29T19:22:16","modified_gmt":"2020-06-29T19:22:16","slug":"carnes-suspenden-embarques-a-china","status":"publish","type":"post","link":"https:\/\/proagrolab.com.ar\/en\/carnes-suspenden-embarques-a-china\/","title":{"rendered":"Carnes: suspenden embarques a China"},"content":{"rendered":"<p class=\"qtranxs-available-languages-message qtranxs-available-languages-message-en\"> <\/p><p><\/p>\n<div class=\"field field-name-field-bajada field-type-text-long field-label-hidden\"><strong><em>El Gobierno suspendi\u00f3 por una semana los embarques de carne vacuna a China, hoy el principal comprador del pa\u00eds en cortes congelados.\u00a0En lo que va del a\u00f1o China se consolid\u00f3 como el principal destino de exportaci\u00f3n para el pa\u00eds en cortes congelados.<\/em><\/strong><\/div>\n<p class=\"authoring\"><em>Por <span class=\"author\">Fernando Bertello <\/span>| <span class=\"source\">Diario La Naci\u00f3n.<\/span><\/em><\/p>\n<p class=\"authoring\">\u00a0<\/p>\n<div class=\"field field-name-body field-type-text-with-summary field-label-hidden\">\n<p>El Gobierno suspendi\u00f3 por una semana los <strong>embarques de carne vacuna a China<\/strong>, hoy el principal comprador del pa\u00eds en <strong>cortes congelados.\u00a0<\/strong>El motivo que lo llev\u00f3 a <strong>tomar esa decisi\u00f3n<\/strong> es que hace unas semanas se detect\u00f3 en vacas lecheras de Santiago del Estero y el centro oeste de Santa Fe <strong>estomatitis vesicular<\/strong>, una enfermedad infecciosa que afecta con lesiones <strong>vesiculares y ulcerativas<\/strong> en las mamas a los animales, pero que no se<strong> traslada a la carne.<\/strong><\/p>\n<p>Para la hacienda se trata de una enfermedad de <strong>muy bajo riesgo de mortalidad<\/strong> y, si bien sus s\u00edntomas pueden llegar a ser confundibles en algunas ocasiones con <strong>fiebre aftosa<\/strong>, no es de impacto comercial para la actividad.<\/p>\n<p>Las autoridades sanitarias argentinas <strong>denunciaron ante China<\/strong> la presencia de la enfermedad porque as\u00ed est\u00e1 estipulado en un convenio sanitario rec\u00edproco. Como China sostiene que es <strong>libre de esta enfermedad<\/strong>, hab\u00eda solicitado su inclusi\u00f3n en el protocolo sanitario rec\u00edproco.\u00a0La \u00faltima vez que se hab\u00eda detectado una infecci\u00f3n de <strong>estomatitis vesicular<\/strong> en el pa\u00eds fue en 1986. Adem\u00e1s del <strong>ganado bovino<\/strong>, puede afectar a los caballos y a la producci\u00f3n porcina.<\/p>\n<p>De acuerdo con <strong>fuentes empresariales<\/strong>, este episodio no afecta los v\u00ednculos con otros mercados compradores. En rigor, no es una enfermedad de denuncia obligatoria ante la <strong>Organizaci\u00f3n Mundial de Epizootias (OIE)<\/strong>, \u00f3rgano rector a nivel sanitario.<\/p>\n<p>Ayer, representantes de los <strong>frigor\u00edficos exportadores<\/strong> mantuvieron un encuentro con autoridades sanitarias. All\u00ed les dijeron que no cargaran carne a China por una semana porque <strong>no ser\u00e1n certificadas<\/strong> las exportaciones por este episodio sanitario.\u00a0El tema est\u00e1 en an\u00e1lisis en el <strong>Ministerio de Agricultura<\/strong>. Trascendi\u00f3 que en los pr\u00f3ximos d\u00edas funcionarios oficiales viajar\u00edan a China para tomar contacto directo con sus pares en ese pa\u00eds y\u00a0<strong>abrir una negociaci\u00f3n<\/strong>.<\/p>\n<p><em>&#8220;Para este caso se va a tener que hacer una <strong>negociaci\u00f3n de Ministerio a Ministerio<\/strong>. El mercado chino no est\u00e1 cerrado, pero se va a tener que explicar lo ocurrido y as\u00ed evitar alguna suspensi\u00f3n m\u00e1s prolongada&#8221;<\/em>, cont\u00f3 una fuente empresaria. <em>&#8220;Nos pidieron que por una<strong> semana no carguemos<\/strong>&#8220;<\/em>, a\u00f1adi\u00f3 otra fuente del sector privado.<\/p>\n<p><strong>Comprador clave.<\/strong> De acuerdo con el \u00faltimo informe de la <strong>C\u00e1mara de la Industria y el Comercio de Carnes\u00a0(CICCRA)<\/strong>, en lo que va del a\u00f1o China se consolid\u00f3 como el principal destino de exportaci\u00f3n para el pa\u00eds en <strong>cortes congelados<\/strong>.<\/p>\n<p>En total se exportaron <strong>17.050 toneladas peso producto<\/strong> al mercado chino, un 35,2% del total de lo embarques. Con relaci\u00f3n a un a\u00f1o atr\u00e1s el gigante asi\u00e1tico casi cuadruplic\u00f3 sus compras, con un incremento anual de <strong>266,9 por ciento<\/strong>.<\/p>\n<\/div>\n<p>&nbsp;<\/p>\n<p><em>Fuente:\u00a0http:\/\/www.fyo.com\/noticia\/150881\/carnes-suspenden-embarques-china<\/em><\/p>\n<p><\/p>","protected":false},"excerpt":{"rendered":"<p>El Gobierno suspendi\u00f3 por una semana los embarques de carne vacuna a China, hoy el principal comprador del pa\u00eds en cortes congelados.\u00a0En lo que va del a\u00f1o China se consolid\u00f3 como el principal destino de exportaci\u00f3n para el pa\u00eds en cortes congelados. Por Fernando Bertello | Diario La Naci\u00f3n. \u00a0 El Gobierno suspendi\u00f3 por una semana los embarques de carne vacuna a China, hoy el principal comprador del pa\u00eds en cortes congelados.\u00a0El motivo que lo llev\u00f3 a tomar esa decisi\u00f3n es que hace unas semanas se detect\u00f3 en vacas lecheras de Santiago del Estero y el centro oeste de Santa Fe estomatitis vesicular, una enfermedad infecciosa que afecta con lesiones vesiculares y ulcerativas en las mamas a los animales, pero que no se traslada a la carne. Para la hacienda se trata de una enfermedad de muy bajo riesgo de mortalidad y, si bien sus s\u00edntomas pueden llegar a ser confundibles en algunas ocasiones con fiebre aftosa, no es de impacto comercial para la actividad. Las autoridades sanitarias argentinas denunciaron ante China la presencia de la enfermedad porque as\u00ed est\u00e1 estipulado en un convenio sanitario rec\u00edproco. Como China sostiene que es libre de esta enfermedad, hab\u00eda solicitado su inclusi\u00f3n en [&hellip;]<\/p>\n","protected":false},"author":3,"featured_media":6962,"comment_status":"closed","ping_status":"open","sticky":false,"template":"","format":"standard","meta":{"_acf_changed":false,"footnotes":""},"categories":[56],"tags":[81,80,78,79],"class_list":["post-6965","post","type-post","status-publish","format-standard","has-post-thumbnail","hentry","category-infoganadero","tag-bovinos","tag-ganaderia","tag-infoganadero","tag-noticias"],"acf":[],"yoast_head":"<!-- This site is optimized with the Yoast SEO plugin v27.4 - https:\/\/yoast.com\/product\/yoast-seo-wordpress\/ -->\n<title>Carnes: suspenden embarques a China | Proagro<\/title>\n<meta name=\"robots\" content=\"index, follow, max-snippet:-1, max-image-preview:large, max-video-preview:-1\" \/>\n<link rel=\"canonical\" href=\"https:\/\/proagrolab.com.ar\/en\/carnes-suspenden-embarques-a-china\/\" \/>\n<meta property=\"og:locale\" content=\"en_US\" \/>\n<meta property=\"og:type\" content=\"article\" \/>\n<meta property=\"og:title\" content=\"Carnes: suspenden embarques a China | Proagro\" \/>\n<meta property=\"og:description\" content=\"El Gobierno suspendi\u00f3 por una semana los embarques de carne vacuna a China, hoy el principal comprador del pa\u00eds en cortes congelados.\u00a0En lo que va del a\u00f1o China se consolid\u00f3 como el principal destino de exportaci\u00f3n para el pa\u00eds en cortes congelados. Por Fernando Bertello | Diario La Naci\u00f3n. \u00a0 El Gobierno suspendi\u00f3 por una semana los embarques de carne vacuna a China, hoy el principal comprador del pa\u00eds en cortes congelados.\u00a0El motivo que lo llev\u00f3 a tomar esa decisi\u00f3n es que hace unas semanas se detect\u00f3 en vacas lecheras de Santiago del Estero y el centro oeste de Santa Fe estomatitis vesicular, una enfermedad infecciosa que afecta con lesiones vesiculares y ulcerativas en las mamas a los animales, pero que no se traslada a la carne. Para la hacienda se trata de una enfermedad de muy bajo riesgo de mortalidad y, si bien sus s\u00edntomas pueden llegar a ser confundibles en algunas ocasiones con fiebre aftosa, no es de impacto comercial para la actividad. Las autoridades sanitarias argentinas denunciaron ante China la presencia de la enfermedad porque as\u00ed est\u00e1 estipulado en un convenio sanitario rec\u00edproco. Como China sostiene que es libre de esta enfermedad, hab\u00eda solicitado su inclusi\u00f3n en [&hellip;]\" \/>\n<meta property=\"og:url\" content=\"https:\/\/proagrolab.com.ar\/carnes-suspenden-embarques-a-china\/\" \/>\n<meta property=\"og:site_name\" content=\"Proagro\" \/>\n<meta property=\"article:publisher\" content=\"http:\/\/www.facebook.com\/proagrolab\" \/>\n<meta property=\"article:published_time\" content=\"2015-07-17T14:58:47+00:00\" \/>\n<meta property=\"article:modified_time\" content=\"2020-06-29T19:22:16+00:00\" \/>\n<meta property=\"og:image\" content=\"https:\/\/proagrolab.com.ar\/wp-content\/uploads\/2015\/07\/Portada-P\u00e1gina-Nueva-17-07.jpg\" \/>\n\t<meta property=\"og:image:width\" content=\"1146\" \/>\n\t<meta property=\"og:image:height\" content=\"395\" \/>\n\t<meta property=\"og:image:type\" content=\"image\/jpeg\" \/>\n<meta name=\"author\" content=\"Editor Proagro\" \/>\n<meta name=\"twitter:card\" content=\"summary_large_image\" \/>\n<meta name=\"twitter:label1\" content=\"Written by\" \/>\n\t<meta name=\"twitter:data1\" content=\"Editor Proagro\" \/>\n\t<meta name=\"twitter:label2\" content=\"Est. reading time\" \/>\n\t<meta name=\"twitter:data2\" content=\"3 minutes\" \/>\n<script type=\"application\/ld+json\" class=\"yoast-schema-graph\">{\"@context\":\"https:\\\/\\\/schema.org\",\"@graph\":[{\"@type\":\"Article\",\"@id\":\"https:\\\/\\\/proagrolab.com.ar\\\/carnes-suspenden-embarques-a-china\\\/#article\",\"isPartOf\":{\"@id\":\"https:\\\/\\\/proagrolab.com.ar\\\/carnes-suspenden-embarques-a-china\\\/\"},\"author\":{\"name\":\"Editor Proagro\",\"@id\":\"https:\\\/\\\/proagrolab.com.ar\\\/#\\\/schema\\\/person\\\/b23080c7caf108441a11c7bf48f17d4d\"},\"headline\":\"Carnes: suspenden embarques a China\",\"datePublished\":\"2015-07-17T14:58:47+00:00\",\"dateModified\":\"2020-06-29T19:22:16+00:00\",\"mainEntityOfPage\":{\"@id\":\"https:\\\/\\\/proagrolab.com.ar\\\/carnes-suspenden-embarques-a-china\\\/\"},\"wordCount\":524,\"publisher\":{\"@id\":\"https:\\\/\\\/proagrolab.com.ar\\\/#organization\"},\"image\":{\"@id\":\"https:\\\/\\\/proagrolab.com.ar\\\/carnes-suspenden-embarques-a-china\\\/#primaryimage\"},\"thumbnailUrl\":\"https:\\\/\\\/proagrolab.com.ar\\\/wp-content\\\/uploads\\\/2015\\\/07\\\/Portada-P\u00e1gina-Nueva-17-07.jpg\",\"keywords\":[\"bovinos\",\"Ganader\u00eda\",\"News\",\"Noticias\"],\"articleSection\":[\"News\"],\"inLanguage\":\"en-US\"},{\"@type\":\"WebPage\",\"@id\":\"https:\\\/\\\/proagrolab.com.ar\\\/carnes-suspenden-embarques-a-china\\\/\",\"url\":\"https:\\\/\\\/proagrolab.com.ar\\\/carnes-suspenden-embarques-a-china\\\/\",\"name\":\"Carnes: suspenden embarques a China | Proagro\",\"isPartOf\":{\"@id\":\"https:\\\/\\\/proagrolab.com.ar\\\/#website\"},\"primaryImageOfPage\":{\"@id\":\"https:\\\/\\\/proagrolab.com.ar\\\/carnes-suspenden-embarques-a-china\\\/#primaryimage\"},\"image\":{\"@id\":\"https:\\\/\\\/proagrolab.com.ar\\\/carnes-suspenden-embarques-a-china\\\/#primaryimage\"},\"thumbnailUrl\":\"https:\\\/\\\/proagrolab.com.ar\\\/wp-content\\\/uploads\\\/2015\\\/07\\\/Portada-P\u00e1gina-Nueva-17-07.jpg\",\"datePublished\":\"2015-07-17T14:58:47+00:00\",\"dateModified\":\"2020-06-29T19:22:16+00:00\",\"breadcrumb\":{\"@id\":\"https:\\\/\\\/proagrolab.com.ar\\\/carnes-suspenden-embarques-a-china\\\/#breadcrumb\"},\"inLanguage\":\"en-US\",\"potentialAction\":[{\"@type\":\"ReadAction\",\"target\":[\"https:\\\/\\\/proagrolab.com.ar\\\/carnes-suspenden-embarques-a-china\\\/\"]}]},{\"@type\":\"ImageObject\",\"inLanguage\":\"en-US\",\"@id\":\"https:\\\/\\\/proagrolab.com.ar\\\/carnes-suspenden-embarques-a-china\\\/#primaryimage\",\"url\":\"https:\\\/\\\/proagrolab.com.ar\\\/wp-content\\\/uploads\\\/2015\\\/07\\\/Portada-P\u00e1gina-Nueva-17-07.jpg\",\"contentUrl\":\"https:\\\/\\\/proagrolab.com.ar\\\/wp-content\\\/uploads\\\/2015\\\/07\\\/Portada-P\u00e1gina-Nueva-17-07.jpg\",\"width\":1146,\"height\":395},{\"@type\":\"BreadcrumbList\",\"@id\":\"https:\\\/\\\/proagrolab.com.ar\\\/carnes-suspenden-embarques-a-china\\\/#breadcrumb\",\"itemListElement\":[{\"@type\":\"ListItem\",\"position\":1,\"name\":\"Portada\",\"item\":\"https:\\\/\\\/proagrolab.com.ar\\\/\"},{\"@type\":\"ListItem\",\"position\":2,\"name\":\"Carnes: suspenden embarques a China\"}]},{\"@type\":\"WebSite\",\"@id\":\"https:\\\/\\\/proagrolab.com.ar\\\/#website\",\"url\":\"https:\\\/\\\/proagrolab.com.ar\\\/\",\"name\":\"Proagro Laboratorio Veterinario\",\"description\":\"Veterinary laboratory\",\"publisher\":{\"@id\":\"https:\\\/\\\/proagrolab.com.ar\\\/#organization\"},\"potentialAction\":[{\"@type\":\"SearchAction\",\"target\":{\"@type\":\"EntryPoint\",\"urlTemplate\":\"https:\\\/\\\/proagrolab.com.ar\\\/?s={search_term_string}\"},\"query-input\":{\"@type\":\"PropertyValueSpecification\",\"valueRequired\":true,\"valueName\":\"search_term_string\"}}],\"inLanguage\":\"en-US\"},{\"@type\":\"Organization\",\"@id\":\"https:\\\/\\\/proagrolab.com.ar\\\/#organization\",\"name\":\"Proagro\",\"url\":\"https:\\\/\\\/proagrolab.com.ar\\\/\",\"logo\":{\"@type\":\"ImageObject\",\"inLanguage\":\"en-US\",\"@id\":\"https:\\\/\\\/proagrolab.com.ar\\\/#\\\/schema\\\/logo\\\/image\\\/\",\"url\":\"https:\\\/\\\/proagrolab.com.ar\\\/wp-content\\\/uploads\\\/2020\\\/04\\\/logo-retina.png\",\"contentUrl\":\"https:\\\/\\\/proagrolab.com.ar\\\/wp-content\\\/uploads\\\/2020\\\/04\\\/logo-retina.png\",\"width\":478,\"height\":120,\"caption\":\"Proagro\"},\"image\":{\"@id\":\"https:\\\/\\\/proagrolab.com.ar\\\/#\\\/schema\\\/logo\\\/image\\\/\"},\"sameAs\":[\"http:\\\/\\\/www.facebook.com\\\/proagrolab\",\"https:\\\/\\\/www.instagram.com\\\/proagrolab\\\/\",\"https:\\\/\\\/www.linkedin.com\\\/company\\\/laboratorio-proagro-s-a\\\/\"]},{\"@type\":\"Person\",\"@id\":\"https:\\\/\\\/proagrolab.com.ar\\\/#\\\/schema\\\/person\\\/b23080c7caf108441a11c7bf48f17d4d\",\"name\":\"Editor Proagro\"}]}<\/script>\n<!-- \/ Yoast SEO plugin. -->","yoast_head_json":{"title":"Carnes: suspenden embarques a China | Proagro","robots":{"index":"index","follow":"follow","max-snippet":"max-snippet:-1","max-image-preview":"max-image-preview:large","max-video-preview":"max-video-preview:-1"},"canonical":"https:\/\/proagrolab.com.ar\/en\/carnes-suspenden-embarques-a-china\/","og_locale":"en_US","og_type":"article","og_title":"Carnes: suspenden embarques a China | Proagro","og_description":"El Gobierno suspendi\u00f3 por una semana los embarques de carne vacuna a China, hoy el principal comprador del pa\u00eds en cortes congelados.\u00a0En lo que va del a\u00f1o China se consolid\u00f3 como el principal destino de exportaci\u00f3n para el pa\u00eds en cortes congelados. Por Fernando Bertello | Diario La Naci\u00f3n. \u00a0 El Gobierno suspendi\u00f3 por una semana los embarques de carne vacuna a China, hoy el principal comprador del pa\u00eds en cortes congelados.\u00a0El motivo que lo llev\u00f3 a tomar esa decisi\u00f3n es que hace unas semanas se detect\u00f3 en vacas lecheras de Santiago del Estero y el centro oeste de Santa Fe estomatitis vesicular, una enfermedad infecciosa que afecta con lesiones vesiculares y ulcerativas en las mamas a los animales, pero que no se traslada a la carne. Para la hacienda se trata de una enfermedad de muy bajo riesgo de mortalidad y, si bien sus s\u00edntomas pueden llegar a ser confundibles en algunas ocasiones con fiebre aftosa, no es de impacto comercial para la actividad. Las autoridades sanitarias argentinas denunciaron ante China la presencia de la enfermedad porque as\u00ed est\u00e1 estipulado en un convenio sanitario rec\u00edproco. Como China sostiene que es libre de esta enfermedad, hab\u00eda solicitado su inclusi\u00f3n en [&hellip;]","og_url":"https:\/\/proagrolab.com.ar\/carnes-suspenden-embarques-a-china\/","og_site_name":"Proagro","article_publisher":"http:\/\/www.facebook.com\/proagrolab","article_published_time":"2015-07-17T14:58:47+00:00","article_modified_time":"2020-06-29T19:22:16+00:00","og_image":[{"width":1146,"height":395,"url":"https:\/\/proagrolab.com.ar\/wp-content\/uploads\/2015\/07\/Portada-P\u00e1gina-Nueva-17-07.jpg","type":"image\/jpeg"}],"author":"Editor Proagro","twitter_card":"summary_large_image","twitter_misc":{"Written by":"Editor Proagro","Est. reading time":"3 minutes"},"schema":{"@context":"https:\/\/schema.org","@graph":[{"@type":"Article","@id":"https:\/\/proagrolab.com.ar\/carnes-suspenden-embarques-a-china\/#article","isPartOf":{"@id":"https:\/\/proagrolab.com.ar\/carnes-suspenden-embarques-a-china\/"},"author":{"name":"Editor Proagro","@id":"https:\/\/proagrolab.com.ar\/#\/schema\/person\/b23080c7caf108441a11c7bf48f17d4d"},"headline":"Carnes: suspenden embarques a China","datePublished":"2015-07-17T14:58:47+00:00","dateModified":"2020-06-29T19:22:16+00:00","mainEntityOfPage":{"@id":"https:\/\/proagrolab.com.ar\/carnes-suspenden-embarques-a-china\/"},"wordCount":524,"publisher":{"@id":"https:\/\/proagrolab.com.ar\/#organization"},"image":{"@id":"https:\/\/proagrolab.com.ar\/carnes-suspenden-embarques-a-china\/#primaryimage"},"thumbnailUrl":"https:\/\/proagrolab.com.ar\/wp-content\/uploads\/2015\/07\/Portada-P\u00e1gina-Nueva-17-07.jpg","keywords":["bovinos","Ganader\u00eda","News","Noticias"],"articleSection":["News"],"inLanguage":"en-US"},{"@type":"WebPage","@id":"https:\/\/proagrolab.com.ar\/carnes-suspenden-embarques-a-china\/","url":"https:\/\/proagrolab.com.ar\/carnes-suspenden-embarques-a-china\/","name":"Carnes: suspenden embarques a China | Proagro","isPartOf":{"@id":"https:\/\/proagrolab.com.ar\/#website"},"primaryImageOfPage":{"@id":"https:\/\/proagrolab.com.ar\/carnes-suspenden-embarques-a-china\/#primaryimage"},"image":{"@id":"https:\/\/proagrolab.com.ar\/carnes-suspenden-embarques-a-china\/#primaryimage"},"thumbnailUrl":"https:\/\/proagrolab.com.ar\/wp-content\/uploads\/2015\/07\/Portada-P\u00e1gina-Nueva-17-07.jpg","datePublished":"2015-07-17T14:58:47+00:00","dateModified":"2020-06-29T19:22:16+00:00","breadcrumb":{"@id":"https:\/\/proagrolab.com.ar\/carnes-suspenden-embarques-a-china\/#breadcrumb"},"inLanguage":"en-US","potentialAction":[{"@type":"ReadAction","target":["https:\/\/proagrolab.com.ar\/carnes-suspenden-embarques-a-china\/"]}]},{"@type":"ImageObject","inLanguage":"en-US","@id":"https:\/\/proagrolab.com.ar\/carnes-suspenden-embarques-a-china\/#primaryimage","url":"https:\/\/proagrolab.com.ar\/wp-content\/uploads\/2015\/07\/Portada-P\u00e1gina-Nueva-17-07.jpg","contentUrl":"https:\/\/proagrolab.com.ar\/wp-content\/uploads\/2015\/07\/Portada-P\u00e1gina-Nueva-17-07.jpg","width":1146,"height":395},{"@type":"BreadcrumbList","@id":"https:\/\/proagrolab.com.ar\/carnes-suspenden-embarques-a-china\/#breadcrumb","itemListElement":[{"@type":"ListItem","position":1,"name":"Portada","item":"https:\/\/proagrolab.com.ar\/"},{"@type":"ListItem","position":2,"name":"Carnes: suspenden embarques a China"}]},{"@type":"WebSite","@id":"https:\/\/proagrolab.com.ar\/#website","url":"https:\/\/proagrolab.com.ar\/","name":"Proagro Laboratorio Veterinario","description":"Veterinary laboratory","publisher":{"@id":"https:\/\/proagrolab.com.ar\/#organization"},"potentialAction":[{"@type":"SearchAction","target":{"@type":"EntryPoint","urlTemplate":"https:\/\/proagrolab.com.ar\/?s={search_term_string}"},"query-input":{"@type":"PropertyValueSpecification","valueRequired":true,"valueName":"search_term_string"}}],"inLanguage":"en-US"},{"@type":"Organization","@id":"https:\/\/proagrolab.com.ar\/#organization","name":"Proagro","url":"https:\/\/proagrolab.com.ar\/","logo":{"@type":"ImageObject","inLanguage":"en-US","@id":"https:\/\/proagrolab.com.ar\/#\/schema\/logo\/image\/","url":"https:\/\/proagrolab.com.ar\/wp-content\/uploads\/2020\/04\/logo-retina.png","contentUrl":"https:\/\/proagrolab.com.ar\/wp-content\/uploads\/2020\/04\/logo-retina.png","width":478,"height":120,"caption":"Proagro"},"image":{"@id":"https:\/\/proagrolab.com.ar\/#\/schema\/logo\/image\/"},"sameAs":["http:\/\/www.facebook.com\/proagrolab","https:\/\/www.instagram.com\/proagrolab\/","https:\/\/www.linkedin.com\/company\/laboratorio-proagro-s-a\/"]},{"@type":"Person","@id":"https:\/\/proagrolab.com.ar\/#\/schema\/person\/b23080c7caf108441a11c7bf48f17d4d","name":"Editor Proagro"}]}},"_links":{"self":[{"href":"https:\/\/proagrolab.com.ar\/en\/wp-json\/wp\/v2\/posts\/6965","targetHints":{"allow":["GET"]}}],"collection":[{"href":"https:\/\/proagrolab.com.ar\/en\/wp-json\/wp\/v2\/posts"}],"about":[{"href":"https:\/\/proagrolab.com.ar\/en\/wp-json\/wp\/v2\/types\/post"}],"author":[{"embeddable":true,"href":"https:\/\/proagrolab.com.ar\/en\/wp-json\/wp\/v2\/users\/3"}],"replies":[{"embeddable":true,"href":"https:\/\/proagrolab.com.ar\/en\/wp-json\/wp\/v2\/comments?post=6965"}],"version-history":[{"count":1,"href":"https:\/\/proagrolab.com.ar\/en\/wp-json\/wp\/v2\/posts\/6965\/revisions"}],"predecessor-version":[{"id":14074,"href":"https:\/\/proagrolab.com.ar\/en\/wp-json\/wp\/v2\/posts\/6965\/revisions\/14074"}],"wp:featuredmedia":[{"embeddable":true,"href":"https:\/\/proagrolab.com.ar\/en\/wp-json\/wp\/v2\/media\/6962"}],"wp:attachment":[{"href":"https:\/\/proagrolab.com.ar\/en\/wp-json\/wp\/v2\/media?parent=6965"}],"wp:term":[{"taxonomy":"category","embeddable":true,"href":"https:\/\/proagrolab.com.ar\/en\/wp-json\/wp\/v2\/categories?post=6965"},{"taxonomy":"post_tag","embeddable":true,"href":"https:\/\/proagrolab.com.ar\/en\/wp-json\/wp\/v2\/tags?post=6965"}],"curies":[{"name":"wp","href":"https:\/\/api.w.org\/{rel}","templated":true}]}}