{"id":6954,"date":"2015-07-16T12:54:22","date_gmt":"2015-07-16T12:54:22","guid":{"rendered":"https:\/\/proagrolab.com.ar\/?p=6954"},"modified":"2020-06-29T19:22:04","modified_gmt":"2020-06-29T19:22:04","slug":"el-area-abandonada-por-la-soja-regresara-a-la-ganaderia","status":"publish","type":"post","link":"https:\/\/proagrolab.com.ar\/en\/el-area-abandonada-por-la-soja-regresara-a-la-ganaderia\/","title":{"rendered":"El \u00e1rea abandonada por la soja regresar\u00e1 a la ganader\u00eda"},"content":{"rendered":"<p class=\"qtranxs-available-languages-message qtranxs-available-languages-message-en\"> <\/p><p><\/p>\n<div class=\"field field-name-field-bajada field-type-text-long field-label-hidden\"><strong><em>La producci\u00f3n de soja se despide de las zonas extrapampeanas; el \u00e1rea abandonada por la oleaginosa regresar\u00e1 a la ganader\u00eda.\u00a0Tambi\u00e9n habr\u00e1 reducci\u00f3n de la superficie de girasol.<\/em><\/strong><\/div>\n<p class=\"authoring\"><em>Por <span class=\"source\">Valor Soja.<\/span><\/em><\/p>\n<p class=\"authoring\">En los \u00faltimos a\u00f1os muchos\u00a0<strong>ambientalistas <\/strong>hablaron de c\u00f3mo la soja generaba un<strong> \u201cdesierto verde\u201d<\/strong> en el campo argentino. Pero ahora este proceso parece revertirse.\u00a0En las <strong>zonas mixtas extrapampeanas,\u00a0<\/strong>aquellas que quedan a m\u00e1s de 450 kil\u00f3metros de las principales <strong>terminales portuarias,\u00a0<\/strong>la mayor parte de los productores abandonar\u00e1n este a\u00f1o la siembra de soja para destinar esa \u00e1rea a la actividad ganadera. Tambi\u00e9n <strong>caer\u00e1 la superficie de girasol<\/strong>.<\/p>\n<div class=\"field field-name-body field-type-text-with-summary field-label-hidden\">\n<p>En la actual coyuntura el \u00fanico cultivo viable en las <strong>zonas extrapampeanas<\/strong> de C\u00f3rdoba. San Luis y La Pampa es el ma\u00edz para consumo propio. Es decir: el cereal destinado a transformarse\u00a0<em>in situ\u00a0<\/em>en <strong>prote\u00ednas animales<\/strong>.<\/p>\n<p>Los <strong>lotes liberados de soja y girasol<\/strong> pasar\u00e1n a ma\u00edz, pasturas y verdeos. Para aprovechar al m\u00e1ximo esa nueva superficie disponible los <strong>empresarios agropecuarios<\/strong> est\u00e1n reteniendo todos los vientres bovinos que pueden. El crecimiento en <strong>base a compras de hembras<\/strong> no es una alternativa v\u00e1lida para la mayor\u00eda por el\u00a0<a href=\"http:\/\/www.valorsoja.com\/2015\/06\/06\/con-la-licuacion-politica-de-massa-la-inversion-en-vientres-a-los-valores-actuales-se-transformo-en-una-apuesta-de-alto-riego\/\" target=\"_blank\" rel=\"noopener noreferrer\">elevad\u00edsimo precio de las vacas<\/a>.<\/p>\n<p>El <strong>crecimiento de la ganader\u00eda<\/strong> en las zonas extrapampeanas es producto de la falta de alternativas: no sucede porque sea un negocio\u00a0<em>brillante<\/em>\u00a0en s\u00ed mismo, sino porque la agricultura all\u00ed es inviable por los bajos precios combinados con altos costos de flete. Se trata, en definitiva, de una opci\u00f3n orientada a la<strong> lograr la\u00a0<em>supervivencia.<\/em><\/strong><\/p>\n<p>A diferencia de las <strong>regiones pampeanas agr\u00edcolas<\/strong> con tradici\u00f3n ganadera, como por ejemplo la Cuenca del Salado, en las cuales\u00a0<a href=\"http:\/\/www.valorsoja.com\/2015\/02\/02\/contratos-de-arrendamientos-ganaderos-con-clausula-de-amortizaciones-una-herramienta-para-poner-en-produccion-campos-abandonados-por-la-agricultura\/#.VaFYlbWebGs\" target=\"_blank\" rel=\"noopener noreferrer\">se elimin\u00f3 de los campos buena parte de la infraestructura ganadera para pasarse completamente a la producci\u00f3n de grano<\/a>s, las zonas extrampampeanas nunca dejaron de lado la actividad pecuaria (lo que permite un regreso a la ganader\u00eda <strong>sin mayores dificultades).<\/strong><\/p>\n<p>El \u00faltimo informe mensual de la <strong>C\u00e1mara de la Industria y Comercio de Carnes de la Republica argentina<\/strong> (<strong>CICCRA<\/strong>) indica que en junio pasado la participaci\u00f3n de las hembras bovinas en la faena total argentina <strong>fue de 42,2%<\/strong>, una cifra 2,5 puntos porcentuales inferior a la del mismo mes de 2014, lo que estar\u00eda indicando el inicio de una fase de<strong> retenci\u00f3n de vientres.<\/strong><\/p>\n<p>&nbsp;<\/p>\n<\/div>\n<p><em>Fuente:\u00a0http:\/\/www.fyo.com\/noticia\/150821\/area-abandonada-soja-regresara-ganaderia<\/em><\/p>\n<p><\/p>","protected":false},"excerpt":{"rendered":"<p>La producci\u00f3n de soja se despide de las zonas extrapampeanas; el \u00e1rea abandonada por la oleaginosa regresar\u00e1 a la ganader\u00eda.\u00a0Tambi\u00e9n habr\u00e1 reducci\u00f3n de la superficie de girasol. Por Valor Soja. En los \u00faltimos a\u00f1os muchos\u00a0ambientalistas hablaron de c\u00f3mo la soja generaba un \u201cdesierto verde\u201d en el campo argentino. Pero ahora este proceso parece revertirse.\u00a0En las zonas mixtas extrapampeanas,\u00a0aquellas que quedan a m\u00e1s de 450 kil\u00f3metros de las principales terminales portuarias,\u00a0la mayor parte de los productores abandonar\u00e1n este a\u00f1o la siembra de soja para destinar esa \u00e1rea a la actividad ganadera. Tambi\u00e9n caer\u00e1 la superficie de girasol. En la actual coyuntura el \u00fanico cultivo viable en las zonas extrapampeanas de C\u00f3rdoba. San Luis y La Pampa es el ma\u00edz para consumo propio. Es decir: el cereal destinado a transformarse\u00a0in situ\u00a0en prote\u00ednas animales. Los lotes liberados de soja y girasol pasar\u00e1n a ma\u00edz, pasturas y verdeos. Para aprovechar al m\u00e1ximo esa nueva superficie disponible los empresarios agropecuarios est\u00e1n reteniendo todos los vientres bovinos que pueden. El crecimiento en base a compras de hembras no es una alternativa v\u00e1lida para la mayor\u00eda por el\u00a0elevad\u00edsimo precio de las vacas. El crecimiento de la ganader\u00eda en las zonas extrapampeanas es producto de la falta de [&hellip;]<\/p>\n","protected":false},"author":3,"featured_media":6955,"comment_status":"closed","ping_status":"open","sticky":false,"template":"","format":"standard","meta":{"_acf_changed":false,"footnotes":""},"categories":[56],"tags":[81,80,79],"class_list":["post-6954","post","type-post","status-publish","format-standard","has-post-thumbnail","hentry","category-infoganadero","tag-bovinos","tag-ganaderia","tag-noticias"],"acf":[],"yoast_head":"<!-- This site is optimized with the Yoast SEO plugin v27.4 - https:\/\/yoast.com\/product\/yoast-seo-wordpress\/ -->\n<title>El \u00e1rea abandonada por la soja regresar\u00e1 a la ganader\u00eda | Proagro<\/title>\n<meta name=\"robots\" content=\"index, follow, max-snippet:-1, max-image-preview:large, max-video-preview:-1\" \/>\n<link rel=\"canonical\" href=\"https:\/\/proagrolab.com.ar\/en\/el-area-abandonada-por-la-soja-regresara-a-la-ganaderia\/\" \/>\n<meta property=\"og:locale\" content=\"en_US\" \/>\n<meta property=\"og:type\" content=\"article\" \/>\n<meta property=\"og:title\" content=\"El \u00e1rea abandonada por la soja regresar\u00e1 a la ganader\u00eda | Proagro\" \/>\n<meta property=\"og:description\" content=\"La producci\u00f3n de soja se despide de las zonas extrapampeanas; el \u00e1rea abandonada por la oleaginosa regresar\u00e1 a la ganader\u00eda.\u00a0Tambi\u00e9n habr\u00e1 reducci\u00f3n de la superficie de girasol. Por Valor Soja. En los \u00faltimos a\u00f1os muchos\u00a0ambientalistas hablaron de c\u00f3mo la soja generaba un \u201cdesierto verde\u201d en el campo argentino. Pero ahora este proceso parece revertirse.\u00a0En las zonas mixtas extrapampeanas,\u00a0aquellas que quedan a m\u00e1s de 450 kil\u00f3metros de las principales terminales portuarias,\u00a0la mayor parte de los productores abandonar\u00e1n este a\u00f1o la siembra de soja para destinar esa \u00e1rea a la actividad ganadera. Tambi\u00e9n caer\u00e1 la superficie de girasol. En la actual coyuntura el \u00fanico cultivo viable en las zonas extrapampeanas de C\u00f3rdoba. San Luis y La Pampa es el ma\u00edz para consumo propio. Es decir: el cereal destinado a transformarse\u00a0in situ\u00a0en prote\u00ednas animales. Los lotes liberados de soja y girasol pasar\u00e1n a ma\u00edz, pasturas y verdeos. Para aprovechar al m\u00e1ximo esa nueva superficie disponible los empresarios agropecuarios est\u00e1n reteniendo todos los vientres bovinos que pueden. El crecimiento en base a compras de hembras no es una alternativa v\u00e1lida para la mayor\u00eda por el\u00a0elevad\u00edsimo precio de las vacas. El crecimiento de la ganader\u00eda en las zonas extrapampeanas es producto de la falta de [&hellip;]\" \/>\n<meta property=\"og:url\" content=\"https:\/\/proagrolab.com.ar\/el-area-abandonada-por-la-soja-regresara-a-la-ganaderia\/\" \/>\n<meta property=\"og:site_name\" content=\"Proagro\" \/>\n<meta property=\"article:publisher\" content=\"http:\/\/www.facebook.com\/proagrolab\" \/>\n<meta property=\"article:published_time\" content=\"2015-07-16T12:54:22+00:00\" \/>\n<meta property=\"article:modified_time\" content=\"2020-06-29T19:22:04+00:00\" \/>\n<meta property=\"og:image\" content=\"https:\/\/proagrolab.com.ar\/wp-content\/uploads\/2015\/07\/Ganader\u00eda.jpg\" \/>\n\t<meta property=\"og:image:width\" content=\"1600\" \/>\n\t<meta property=\"og:image:height\" content=\"800\" \/>\n\t<meta property=\"og:image:type\" content=\"image\/jpeg\" \/>\n<meta name=\"author\" content=\"Editor Proagro\" \/>\n<meta name=\"twitter:card\" content=\"summary_large_image\" \/>\n<meta name=\"twitter:label1\" content=\"Written by\" \/>\n\t<meta name=\"twitter:data1\" content=\"Editor Proagro\" \/>\n\t<meta name=\"twitter:label2\" content=\"Est. reading time\" \/>\n\t<meta name=\"twitter:data2\" content=\"2 minutes\" \/>\n<script type=\"application\/ld+json\" class=\"yoast-schema-graph\">{\"@context\":\"https:\\\/\\\/schema.org\",\"@graph\":[{\"@type\":\"Article\",\"@id\":\"https:\\\/\\\/proagrolab.com.ar\\\/el-area-abandonada-por-la-soja-regresara-a-la-ganaderia\\\/#article\",\"isPartOf\":{\"@id\":\"https:\\\/\\\/proagrolab.com.ar\\\/el-area-abandonada-por-la-soja-regresara-a-la-ganaderia\\\/\"},\"author\":{\"name\":\"Editor Proagro\",\"@id\":\"https:\\\/\\\/proagrolab.com.ar\\\/#\\\/schema\\\/person\\\/b23080c7caf108441a11c7bf48f17d4d\"},\"headline\":\"El \u00e1rea abandonada por la soja regresar\u00e1 a la ganader\u00eda\",\"datePublished\":\"2015-07-16T12:54:22+00:00\",\"dateModified\":\"2020-06-29T19:22:04+00:00\",\"mainEntityOfPage\":{\"@id\":\"https:\\\/\\\/proagrolab.com.ar\\\/el-area-abandonada-por-la-soja-regresara-a-la-ganaderia\\\/\"},\"wordCount\":419,\"publisher\":{\"@id\":\"https:\\\/\\\/proagrolab.com.ar\\\/#organization\"},\"image\":{\"@id\":\"https:\\\/\\\/proagrolab.com.ar\\\/el-area-abandonada-por-la-soja-regresara-a-la-ganaderia\\\/#primaryimage\"},\"thumbnailUrl\":\"https:\\\/\\\/proagrolab.com.ar\\\/wp-content\\\/uploads\\\/2015\\\/07\\\/Ganader\u00eda.jpg\",\"keywords\":[\"bovinos\",\"Ganader\u00eda\",\"Noticias\"],\"articleSection\":[\"News\"],\"inLanguage\":\"en-US\"},{\"@type\":\"WebPage\",\"@id\":\"https:\\\/\\\/proagrolab.com.ar\\\/el-area-abandonada-por-la-soja-regresara-a-la-ganaderia\\\/\",\"url\":\"https:\\\/\\\/proagrolab.com.ar\\\/el-area-abandonada-por-la-soja-regresara-a-la-ganaderia\\\/\",\"name\":\"El \u00e1rea abandonada por la soja regresar\u00e1 a la ganader\u00eda | Proagro\",\"isPartOf\":{\"@id\":\"https:\\\/\\\/proagrolab.com.ar\\\/#website\"},\"primaryImageOfPage\":{\"@id\":\"https:\\\/\\\/proagrolab.com.ar\\\/el-area-abandonada-por-la-soja-regresara-a-la-ganaderia\\\/#primaryimage\"},\"image\":{\"@id\":\"https:\\\/\\\/proagrolab.com.ar\\\/el-area-abandonada-por-la-soja-regresara-a-la-ganaderia\\\/#primaryimage\"},\"thumbnailUrl\":\"https:\\\/\\\/proagrolab.com.ar\\\/wp-content\\\/uploads\\\/2015\\\/07\\\/Ganader\u00eda.jpg\",\"datePublished\":\"2015-07-16T12:54:22+00:00\",\"dateModified\":\"2020-06-29T19:22:04+00:00\",\"breadcrumb\":{\"@id\":\"https:\\\/\\\/proagrolab.com.ar\\\/el-area-abandonada-por-la-soja-regresara-a-la-ganaderia\\\/#breadcrumb\"},\"inLanguage\":\"en-US\",\"potentialAction\":[{\"@type\":\"ReadAction\",\"target\":[\"https:\\\/\\\/proagrolab.com.ar\\\/el-area-abandonada-por-la-soja-regresara-a-la-ganaderia\\\/\"]}]},{\"@type\":\"ImageObject\",\"inLanguage\":\"en-US\",\"@id\":\"https:\\\/\\\/proagrolab.com.ar\\\/el-area-abandonada-por-la-soja-regresara-a-la-ganaderia\\\/#primaryimage\",\"url\":\"https:\\\/\\\/proagrolab.com.ar\\\/wp-content\\\/uploads\\\/2015\\\/07\\\/Ganader\u00eda.jpg\",\"contentUrl\":\"https:\\\/\\\/proagrolab.com.ar\\\/wp-content\\\/uploads\\\/2015\\\/07\\\/Ganader\u00eda.jpg\",\"width\":1600,\"height\":800},{\"@type\":\"BreadcrumbList\",\"@id\":\"https:\\\/\\\/proagrolab.com.ar\\\/el-area-abandonada-por-la-soja-regresara-a-la-ganaderia\\\/#breadcrumb\",\"itemListElement\":[{\"@type\":\"ListItem\",\"position\":1,\"name\":\"Portada\",\"item\":\"https:\\\/\\\/proagrolab.com.ar\\\/\"},{\"@type\":\"ListItem\",\"position\":2,\"name\":\"El \u00e1rea abandonada por la soja regresar\u00e1 a la ganader\u00eda\"}]},{\"@type\":\"WebSite\",\"@id\":\"https:\\\/\\\/proagrolab.com.ar\\\/#website\",\"url\":\"https:\\\/\\\/proagrolab.com.ar\\\/\",\"name\":\"Proagro Laboratorio Veterinario\",\"description\":\"Veterinary laboratory\",\"publisher\":{\"@id\":\"https:\\\/\\\/proagrolab.com.ar\\\/#organization\"},\"potentialAction\":[{\"@type\":\"SearchAction\",\"target\":{\"@type\":\"EntryPoint\",\"urlTemplate\":\"https:\\\/\\\/proagrolab.com.ar\\\/?s={search_term_string}\"},\"query-input\":{\"@type\":\"PropertyValueSpecification\",\"valueRequired\":true,\"valueName\":\"search_term_string\"}}],\"inLanguage\":\"en-US\"},{\"@type\":\"Organization\",\"@id\":\"https:\\\/\\\/proagrolab.com.ar\\\/#organization\",\"name\":\"Proagro\",\"url\":\"https:\\\/\\\/proagrolab.com.ar\\\/\",\"logo\":{\"@type\":\"ImageObject\",\"inLanguage\":\"en-US\",\"@id\":\"https:\\\/\\\/proagrolab.com.ar\\\/#\\\/schema\\\/logo\\\/image\\\/\",\"url\":\"https:\\\/\\\/proagrolab.com.ar\\\/wp-content\\\/uploads\\\/2020\\\/04\\\/logo-retina.png\",\"contentUrl\":\"https:\\\/\\\/proagrolab.com.ar\\\/wp-content\\\/uploads\\\/2020\\\/04\\\/logo-retina.png\",\"width\":478,\"height\":120,\"caption\":\"Proagro\"},\"image\":{\"@id\":\"https:\\\/\\\/proagrolab.com.ar\\\/#\\\/schema\\\/logo\\\/image\\\/\"},\"sameAs\":[\"http:\\\/\\\/www.facebook.com\\\/proagrolab\",\"https:\\\/\\\/www.instagram.com\\\/proagrolab\\\/\",\"https:\\\/\\\/www.linkedin.com\\\/company\\\/laboratorio-proagro-s-a\\\/\"]},{\"@type\":\"Person\",\"@id\":\"https:\\\/\\\/proagrolab.com.ar\\\/#\\\/schema\\\/person\\\/b23080c7caf108441a11c7bf48f17d4d\",\"name\":\"Editor Proagro\"}]}<\/script>\n<!-- \/ Yoast SEO plugin. -->","yoast_head_json":{"title":"El \u00e1rea abandonada por la soja regresar\u00e1 a la ganader\u00eda | Proagro","robots":{"index":"index","follow":"follow","max-snippet":"max-snippet:-1","max-image-preview":"max-image-preview:large","max-video-preview":"max-video-preview:-1"},"canonical":"https:\/\/proagrolab.com.ar\/en\/el-area-abandonada-por-la-soja-regresara-a-la-ganaderia\/","og_locale":"en_US","og_type":"article","og_title":"El \u00e1rea abandonada por la soja regresar\u00e1 a la ganader\u00eda | Proagro","og_description":"La producci\u00f3n de soja se despide de las zonas extrapampeanas; el \u00e1rea abandonada por la oleaginosa regresar\u00e1 a la ganader\u00eda.\u00a0Tambi\u00e9n habr\u00e1 reducci\u00f3n de la superficie de girasol. Por Valor Soja. En los \u00faltimos a\u00f1os muchos\u00a0ambientalistas hablaron de c\u00f3mo la soja generaba un \u201cdesierto verde\u201d en el campo argentino. Pero ahora este proceso parece revertirse.\u00a0En las zonas mixtas extrapampeanas,\u00a0aquellas que quedan a m\u00e1s de 450 kil\u00f3metros de las principales terminales portuarias,\u00a0la mayor parte de los productores abandonar\u00e1n este a\u00f1o la siembra de soja para destinar esa \u00e1rea a la actividad ganadera. Tambi\u00e9n caer\u00e1 la superficie de girasol. En la actual coyuntura el \u00fanico cultivo viable en las zonas extrapampeanas de C\u00f3rdoba. San Luis y La Pampa es el ma\u00edz para consumo propio. Es decir: el cereal destinado a transformarse\u00a0in situ\u00a0en prote\u00ednas animales. Los lotes liberados de soja y girasol pasar\u00e1n a ma\u00edz, pasturas y verdeos. Para aprovechar al m\u00e1ximo esa nueva superficie disponible los empresarios agropecuarios est\u00e1n reteniendo todos los vientres bovinos que pueden. El crecimiento en base a compras de hembras no es una alternativa v\u00e1lida para la mayor\u00eda por el\u00a0elevad\u00edsimo precio de las vacas. El crecimiento de la ganader\u00eda en las zonas extrapampeanas es producto de la falta de [&hellip;]","og_url":"https:\/\/proagrolab.com.ar\/el-area-abandonada-por-la-soja-regresara-a-la-ganaderia\/","og_site_name":"Proagro","article_publisher":"http:\/\/www.facebook.com\/proagrolab","article_published_time":"2015-07-16T12:54:22+00:00","article_modified_time":"2020-06-29T19:22:04+00:00","og_image":[{"width":1600,"height":800,"url":"https:\/\/proagrolab.com.ar\/wp-content\/uploads\/2015\/07\/Ganader\u00eda.jpg","type":"image\/jpeg"}],"author":"Editor Proagro","twitter_card":"summary_large_image","twitter_misc":{"Written by":"Editor Proagro","Est. reading time":"2 minutes"},"schema":{"@context":"https:\/\/schema.org","@graph":[{"@type":"Article","@id":"https:\/\/proagrolab.com.ar\/el-area-abandonada-por-la-soja-regresara-a-la-ganaderia\/#article","isPartOf":{"@id":"https:\/\/proagrolab.com.ar\/el-area-abandonada-por-la-soja-regresara-a-la-ganaderia\/"},"author":{"name":"Editor Proagro","@id":"https:\/\/proagrolab.com.ar\/#\/schema\/person\/b23080c7caf108441a11c7bf48f17d4d"},"headline":"El \u00e1rea abandonada por la soja regresar\u00e1 a la ganader\u00eda","datePublished":"2015-07-16T12:54:22+00:00","dateModified":"2020-06-29T19:22:04+00:00","mainEntityOfPage":{"@id":"https:\/\/proagrolab.com.ar\/el-area-abandonada-por-la-soja-regresara-a-la-ganaderia\/"},"wordCount":419,"publisher":{"@id":"https:\/\/proagrolab.com.ar\/#organization"},"image":{"@id":"https:\/\/proagrolab.com.ar\/el-area-abandonada-por-la-soja-regresara-a-la-ganaderia\/#primaryimage"},"thumbnailUrl":"https:\/\/proagrolab.com.ar\/wp-content\/uploads\/2015\/07\/Ganader\u00eda.jpg","keywords":["bovinos","Ganader\u00eda","Noticias"],"articleSection":["News"],"inLanguage":"en-US"},{"@type":"WebPage","@id":"https:\/\/proagrolab.com.ar\/el-area-abandonada-por-la-soja-regresara-a-la-ganaderia\/","url":"https:\/\/proagrolab.com.ar\/el-area-abandonada-por-la-soja-regresara-a-la-ganaderia\/","name":"El \u00e1rea abandonada por la soja regresar\u00e1 a la ganader\u00eda | Proagro","isPartOf":{"@id":"https:\/\/proagrolab.com.ar\/#website"},"primaryImageOfPage":{"@id":"https:\/\/proagrolab.com.ar\/el-area-abandonada-por-la-soja-regresara-a-la-ganaderia\/#primaryimage"},"image":{"@id":"https:\/\/proagrolab.com.ar\/el-area-abandonada-por-la-soja-regresara-a-la-ganaderia\/#primaryimage"},"thumbnailUrl":"https:\/\/proagrolab.com.ar\/wp-content\/uploads\/2015\/07\/Ganader\u00eda.jpg","datePublished":"2015-07-16T12:54:22+00:00","dateModified":"2020-06-29T19:22:04+00:00","breadcrumb":{"@id":"https:\/\/proagrolab.com.ar\/el-area-abandonada-por-la-soja-regresara-a-la-ganaderia\/#breadcrumb"},"inLanguage":"en-US","potentialAction":[{"@type":"ReadAction","target":["https:\/\/proagrolab.com.ar\/el-area-abandonada-por-la-soja-regresara-a-la-ganaderia\/"]}]},{"@type":"ImageObject","inLanguage":"en-US","@id":"https:\/\/proagrolab.com.ar\/el-area-abandonada-por-la-soja-regresara-a-la-ganaderia\/#primaryimage","url":"https:\/\/proagrolab.com.ar\/wp-content\/uploads\/2015\/07\/Ganader\u00eda.jpg","contentUrl":"https:\/\/proagrolab.com.ar\/wp-content\/uploads\/2015\/07\/Ganader\u00eda.jpg","width":1600,"height":800},{"@type":"BreadcrumbList","@id":"https:\/\/proagrolab.com.ar\/el-area-abandonada-por-la-soja-regresara-a-la-ganaderia\/#breadcrumb","itemListElement":[{"@type":"ListItem","position":1,"name":"Portada","item":"https:\/\/proagrolab.com.ar\/"},{"@type":"ListItem","position":2,"name":"El \u00e1rea abandonada por la soja regresar\u00e1 a la ganader\u00eda"}]},{"@type":"WebSite","@id":"https:\/\/proagrolab.com.ar\/#website","url":"https:\/\/proagrolab.com.ar\/","name":"Proagro Laboratorio Veterinario","description":"Veterinary laboratory","publisher":{"@id":"https:\/\/proagrolab.com.ar\/#organization"},"potentialAction":[{"@type":"SearchAction","target":{"@type":"EntryPoint","urlTemplate":"https:\/\/proagrolab.com.ar\/?s={search_term_string}"},"query-input":{"@type":"PropertyValueSpecification","valueRequired":true,"valueName":"search_term_string"}}],"inLanguage":"en-US"},{"@type":"Organization","@id":"https:\/\/proagrolab.com.ar\/#organization","name":"Proagro","url":"https:\/\/proagrolab.com.ar\/","logo":{"@type":"ImageObject","inLanguage":"en-US","@id":"https:\/\/proagrolab.com.ar\/#\/schema\/logo\/image\/","url":"https:\/\/proagrolab.com.ar\/wp-content\/uploads\/2020\/04\/logo-retina.png","contentUrl":"https:\/\/proagrolab.com.ar\/wp-content\/uploads\/2020\/04\/logo-retina.png","width":478,"height":120,"caption":"Proagro"},"image":{"@id":"https:\/\/proagrolab.com.ar\/#\/schema\/logo\/image\/"},"sameAs":["http:\/\/www.facebook.com\/proagrolab","https:\/\/www.instagram.com\/proagrolab\/","https:\/\/www.linkedin.com\/company\/laboratorio-proagro-s-a\/"]},{"@type":"Person","@id":"https:\/\/proagrolab.com.ar\/#\/schema\/person\/b23080c7caf108441a11c7bf48f17d4d","name":"Editor Proagro"}]}},"_links":{"self":[{"href":"https:\/\/proagrolab.com.ar\/en\/wp-json\/wp\/v2\/posts\/6954","targetHints":{"allow":["GET"]}}],"collection":[{"href":"https:\/\/proagrolab.com.ar\/en\/wp-json\/wp\/v2\/posts"}],"about":[{"href":"https:\/\/proagrolab.com.ar\/en\/wp-json\/wp\/v2\/types\/post"}],"author":[{"embeddable":true,"href":"https:\/\/proagrolab.com.ar\/en\/wp-json\/wp\/v2\/users\/3"}],"replies":[{"embeddable":true,"href":"https:\/\/proagrolab.com.ar\/en\/wp-json\/wp\/v2\/comments?post=6954"}],"version-history":[{"count":1,"href":"https:\/\/proagrolab.com.ar\/en\/wp-json\/wp\/v2\/posts\/6954\/revisions"}],"predecessor-version":[{"id":14072,"href":"https:\/\/proagrolab.com.ar\/en\/wp-json\/wp\/v2\/posts\/6954\/revisions\/14072"}],"wp:featuredmedia":[{"embeddable":true,"href":"https:\/\/proagrolab.com.ar\/en\/wp-json\/wp\/v2\/media\/6955"}],"wp:attachment":[{"href":"https:\/\/proagrolab.com.ar\/en\/wp-json\/wp\/v2\/media?parent=6954"}],"wp:term":[{"taxonomy":"category","embeddable":true,"href":"https:\/\/proagrolab.com.ar\/en\/wp-json\/wp\/v2\/categories?post=6954"},{"taxonomy":"post_tag","embeddable":true,"href":"https:\/\/proagrolab.com.ar\/en\/wp-json\/wp\/v2\/tags?post=6954"}],"curies":[{"name":"wp","href":"https:\/\/api.w.org\/{rel}","templated":true}]}}