{"id":6948,"date":"2015-07-14T11:55:40","date_gmt":"2015-07-14T11:55:40","guid":{"rendered":"https:\/\/proagrolab.com.ar\/?p=6948"},"modified":"2020-06-29T19:21:58","modified_gmt":"2020-06-29T19:21:58","slug":"advierten-que-podria-subir-20-la-carne-por-el-paro-del-senasa","status":"publish","type":"post","link":"https:\/\/proagrolab.com.ar\/en\/advierten-que-podria-subir-20-la-carne-por-el-paro-del-senasa\/","title":{"rendered":"Advierten que podr\u00eda subir 20% la carne por el paro del Senasa"},"content":{"rendered":"<p class=\"qtranxs-available-languages-message qtranxs-available-languages-message-en\"> <\/p><p><\/p>\n<div class=\"field field-name-field-bajada field-type-text-long field-label-hidden\"><em><strong>El Ministerio de Trabajo convoc\u00f3 de urgencia a una reuni\u00f3n para destrabar el conflicto del Senasa.\u00a0Aseguran que \u201cel precio de la carne podr\u00eda subir un 20%\u201d como consecuencia del conflicto salarial de los trabajadores del Senasa y de la \u201ccr\u00edtica situaci\u00f3n\u201d del sector.<\/strong><\/em><\/div>\n<p class=\"authoring\"><em>Por <\/em><span class=\"source\"><em>Clar\u00edn Rural<\/em>.<\/span><\/p>\n<div class=\"share-print-bar clearfix\">\u00a0<\/div>\n<div class=\"field field-name-body field-type-text-with-summary field-label-hidden\">\n<p>El <strong>Ministerio de Trabajo de la Naci\u00f3n<\/strong> convoc\u00f3 \u201cde urgencia\u201d para hoy a la <strong>Asociaci\u00f3n Trabajadores del Estado (ATE)<\/strong> y a otros dos gremios para tratar de llegar a una soluci\u00f3n al conflicto que paraliza desde hace 8 d\u00edas las tareas en el <strong>Servicio Nacional de Sanidad Animal (Senasa)<\/strong>. La convocatoria oficial coincide con la advertencia que hizo ayer el titular del <strong>Sindicato de Trabajadores de la Industria de la Carne<\/strong> del Gran Buenos Aires y Zona Sur de la Provincia de Buenos Aires <strong>(SICGBA)<\/strong>, <strong>Silvio Etchehun<\/strong>. El dirigente dijo que <em>\u201cel precio de la carne podr\u00eda subir un 20%\u201d<\/em> como consecuencia del conflicto salarial de los trabajadores del Senasa y de la \u201ccr\u00edtica situaci\u00f3n\u201d del sector.<\/p>\n<p>Por eso, pidi\u00f3 a la poblaci\u00f3n que <em>\u201ctrate de comprar la menor cantidad de carne posible\u201d<\/em> mientras dure el conflicto <em>\u201cya que este aumento es solamente especulativo, aprovechando esta situaci\u00f3n puntual\u201d<\/em>.<\/p>\n<p>Etchehun, enrolado en el barrionuevismo, denunci\u00f3 <em>\u201cla destrucci\u00f3n de la cadena c\u00e1rnica\u201d<\/em> en la Argentina como consecuencia de las pol\u00edticas de Cristina Kirchner, que <em>\u201choy, cerca de la finalizaci\u00f3n del mandato de este gobierno, terminan dejando 7.500 suspensiones, 3.500 despidos programados y 1.000 retiros voluntarios\u201d<\/em>.\u00a0El dirigente inform\u00f3 que el gremio se declar\u00f3 en estado de alerta y movilizaci\u00f3n, y convocar\u00e1 a un plenario nacional para poner en marcha un plan de lucha.<\/p>\n<p>Por otra parte, el Ministerio de Trabajo inform\u00f3 que hubo m\u00e1s acuerdos salariales que se cerraron dentro de la pauta oficial. Los sider\u00fargicos pactaron un 27,8% en dos tramos, de 17,8% en abril y 10% en junio, con la eliminaci\u00f3n de la categor\u00eda operario. Los despachantes de aduanas, un 28% en dos tramos, 20% en mayo y 8% en octubre. Los pl\u00e1sticos, un 27,8% en tres tramos: 19% en julio, 5,5% en septiembre, y 3,3% en noviembre, mientras se seguir\u00e1n pagando $1.000 remunerativos del acuerdo de 2014.<\/p>\n<p>En el caso de los trabajadores de carga y descarga, el incremento es de 28% en dos tramos: 18% a partir de junio y un 10% en agosto. Los supervisores metalmec\u00e1nicos, el 27,8% en dos tramos, 17,8% en abril y 10% en junio. El personal de maestranza, 27,8%, en dos cuotas, un 17,8% en julio y un 10% en septiembre, mientras que los trabajadores de ANSeS acordaron un 27,4% en dos tramos, 17,4% a partir de junio y 10% desde agosto.<\/p>\n<p><em>Fuente:\u00a0http:\/\/www.fyo.com\/noticia\/150796\/advierten-que-podria-subir-20-carne-paro-senasa<\/em><\/p>\n<\/div>\n<p><\/p>","protected":false},"excerpt":{"rendered":"<p>El Ministerio de Trabajo convoc\u00f3 de urgencia a una reuni\u00f3n para destrabar el conflicto del Senasa.\u00a0Aseguran que \u201cel precio de la carne podr\u00eda subir un 20%\u201d como consecuencia del conflicto salarial de los trabajadores del Senasa y de la \u201ccr\u00edtica situaci\u00f3n\u201d del sector. Por Clar\u00edn Rural. \u00a0 El Ministerio de Trabajo de la Naci\u00f3n convoc\u00f3 \u201cde urgencia\u201d para hoy a la Asociaci\u00f3n Trabajadores del Estado (ATE) y a otros dos gremios para tratar de llegar a una soluci\u00f3n al conflicto que paraliza desde hace 8 d\u00edas las tareas en el Servicio Nacional de Sanidad Animal (Senasa). La convocatoria oficial coincide con la advertencia que hizo ayer el titular del Sindicato de Trabajadores de la Industria de la Carne del Gran Buenos Aires y Zona Sur de la Provincia de Buenos Aires (SICGBA), Silvio Etchehun. El dirigente dijo que \u201cel precio de la carne podr\u00eda subir un 20%\u201d como consecuencia del conflicto salarial de los trabajadores del Senasa y de la \u201ccr\u00edtica situaci\u00f3n\u201d del sector. Por eso, pidi\u00f3 a la poblaci\u00f3n que \u201ctrate de comprar la menor cantidad de carne posible\u201d mientras dure el conflicto \u201cya que este aumento es solamente especulativo, aprovechando esta situaci\u00f3n puntual\u201d. Etchehun, enrolado en el barrionuevismo, [&hellip;]<\/p>\n","protected":false},"author":3,"featured_media":6949,"comment_status":"closed","ping_status":"open","sticky":false,"template":"","format":"standard","meta":{"_acf_changed":false,"footnotes":""},"categories":[56],"tags":[81,80,79],"class_list":["post-6948","post","type-post","status-publish","format-standard","has-post-thumbnail","hentry","category-infoganadero","tag-bovinos","tag-ganaderia","tag-noticias"],"acf":[],"yoast_head":"<!-- This site is optimized with the Yoast SEO plugin v27.4 - https:\/\/yoast.com\/product\/yoast-seo-wordpress\/ -->\n<title>Advierten que podr\u00eda subir 20% la carne por el paro del Senasa | Proagro<\/title>\n<meta name=\"robots\" content=\"index, follow, max-snippet:-1, max-image-preview:large, max-video-preview:-1\" \/>\n<link rel=\"canonical\" href=\"https:\/\/proagrolab.com.ar\/en\/advierten-que-podria-subir-20-la-carne-por-el-paro-del-senasa\/\" \/>\n<meta property=\"og:locale\" content=\"en_US\" \/>\n<meta property=\"og:type\" content=\"article\" \/>\n<meta property=\"og:title\" content=\"Advierten que podr\u00eda subir 20% la carne por el paro del Senasa | Proagro\" \/>\n<meta property=\"og:description\" content=\"El Ministerio de Trabajo convoc\u00f3 de urgencia a una reuni\u00f3n para destrabar el conflicto del Senasa.\u00a0Aseguran que \u201cel precio de la carne podr\u00eda subir un 20%\u201d como consecuencia del conflicto salarial de los trabajadores del Senasa y de la \u201ccr\u00edtica situaci\u00f3n\u201d del sector. Por Clar\u00edn Rural. \u00a0 El Ministerio de Trabajo de la Naci\u00f3n convoc\u00f3 \u201cde urgencia\u201d para hoy a la Asociaci\u00f3n Trabajadores del Estado (ATE) y a otros dos gremios para tratar de llegar a una soluci\u00f3n al conflicto que paraliza desde hace 8 d\u00edas las tareas en el Servicio Nacional de Sanidad Animal (Senasa). La convocatoria oficial coincide con la advertencia que hizo ayer el titular del Sindicato de Trabajadores de la Industria de la Carne del Gran Buenos Aires y Zona Sur de la Provincia de Buenos Aires (SICGBA), Silvio Etchehun. El dirigente dijo que \u201cel precio de la carne podr\u00eda subir un 20%\u201d como consecuencia del conflicto salarial de los trabajadores del Senasa y de la \u201ccr\u00edtica situaci\u00f3n\u201d del sector. Por eso, pidi\u00f3 a la poblaci\u00f3n que \u201ctrate de comprar la menor cantidad de carne posible\u201d mientras dure el conflicto \u201cya que este aumento es solamente especulativo, aprovechando esta situaci\u00f3n puntual\u201d. Etchehun, enrolado en el barrionuevismo, [&hellip;]\" \/>\n<meta property=\"og:url\" content=\"https:\/\/proagrolab.com.ar\/advierten-que-podria-subir-20-la-carne-por-el-paro-del-senasa\/\" \/>\n<meta property=\"og:site_name\" content=\"Proagro\" \/>\n<meta property=\"article:publisher\" content=\"http:\/\/www.facebook.com\/proagrolab\" \/>\n<meta property=\"article:published_time\" content=\"2015-07-14T11:55:40+00:00\" \/>\n<meta property=\"article:modified_time\" content=\"2020-06-29T19:21:58+00:00\" \/>\n<meta property=\"og:image\" content=\"https:\/\/proagrolab.com.ar\/wp-content\/uploads\/2015\/07\/carnicero.jpg\" \/>\n\t<meta property=\"og:image:width\" content=\"1439\" \/>\n\t<meta property=\"og:image:height\" content=\"1143\" \/>\n\t<meta property=\"og:image:type\" content=\"image\/jpeg\" \/>\n<meta name=\"author\" content=\"Editor Proagro\" \/>\n<meta name=\"twitter:card\" content=\"summary_large_image\" \/>\n<meta name=\"twitter:label1\" content=\"Written by\" \/>\n\t<meta name=\"twitter:data1\" content=\"Editor Proagro\" \/>\n\t<meta name=\"twitter:label2\" content=\"Est. reading time\" \/>\n\t<meta name=\"twitter:data2\" content=\"2 minutes\" \/>\n<script type=\"application\/ld+json\" class=\"yoast-schema-graph\">{\"@context\":\"https:\\\/\\\/schema.org\",\"@graph\":[{\"@type\":\"Article\",\"@id\":\"https:\\\/\\\/proagrolab.com.ar\\\/advierten-que-podria-subir-20-la-carne-por-el-paro-del-senasa\\\/#article\",\"isPartOf\":{\"@id\":\"https:\\\/\\\/proagrolab.com.ar\\\/advierten-que-podria-subir-20-la-carne-por-el-paro-del-senasa\\\/\"},\"author\":{\"name\":\"Editor Proagro\",\"@id\":\"https:\\\/\\\/proagrolab.com.ar\\\/#\\\/schema\\\/person\\\/b23080c7caf108441a11c7bf48f17d4d\"},\"headline\":\"Advierten que podr\u00eda subir 20% la carne por el paro del Senasa\",\"datePublished\":\"2015-07-14T11:55:40+00:00\",\"dateModified\":\"2020-06-29T19:21:58+00:00\",\"mainEntityOfPage\":{\"@id\":\"https:\\\/\\\/proagrolab.com.ar\\\/advierten-que-podria-subir-20-la-carne-por-el-paro-del-senasa\\\/\"},\"wordCount\":452,\"publisher\":{\"@id\":\"https:\\\/\\\/proagrolab.com.ar\\\/#organization\"},\"image\":{\"@id\":\"https:\\\/\\\/proagrolab.com.ar\\\/advierten-que-podria-subir-20-la-carne-por-el-paro-del-senasa\\\/#primaryimage\"},\"thumbnailUrl\":\"https:\\\/\\\/proagrolab.com.ar\\\/wp-content\\\/uploads\\\/2015\\\/07\\\/carnicero.jpg\",\"keywords\":[\"bovinos\",\"Ganader\u00eda\",\"Noticias\"],\"articleSection\":[\"News\"],\"inLanguage\":\"en-US\"},{\"@type\":\"WebPage\",\"@id\":\"https:\\\/\\\/proagrolab.com.ar\\\/advierten-que-podria-subir-20-la-carne-por-el-paro-del-senasa\\\/\",\"url\":\"https:\\\/\\\/proagrolab.com.ar\\\/advierten-que-podria-subir-20-la-carne-por-el-paro-del-senasa\\\/\",\"name\":\"Advierten que podr\u00eda subir 20% la carne por el paro del Senasa | Proagro\",\"isPartOf\":{\"@id\":\"https:\\\/\\\/proagrolab.com.ar\\\/#website\"},\"primaryImageOfPage\":{\"@id\":\"https:\\\/\\\/proagrolab.com.ar\\\/advierten-que-podria-subir-20-la-carne-por-el-paro-del-senasa\\\/#primaryimage\"},\"image\":{\"@id\":\"https:\\\/\\\/proagrolab.com.ar\\\/advierten-que-podria-subir-20-la-carne-por-el-paro-del-senasa\\\/#primaryimage\"},\"thumbnailUrl\":\"https:\\\/\\\/proagrolab.com.ar\\\/wp-content\\\/uploads\\\/2015\\\/07\\\/carnicero.jpg\",\"datePublished\":\"2015-07-14T11:55:40+00:00\",\"dateModified\":\"2020-06-29T19:21:58+00:00\",\"breadcrumb\":{\"@id\":\"https:\\\/\\\/proagrolab.com.ar\\\/advierten-que-podria-subir-20-la-carne-por-el-paro-del-senasa\\\/#breadcrumb\"},\"inLanguage\":\"en-US\",\"potentialAction\":[{\"@type\":\"ReadAction\",\"target\":[\"https:\\\/\\\/proagrolab.com.ar\\\/advierten-que-podria-subir-20-la-carne-por-el-paro-del-senasa\\\/\"]}]},{\"@type\":\"ImageObject\",\"inLanguage\":\"en-US\",\"@id\":\"https:\\\/\\\/proagrolab.com.ar\\\/advierten-que-podria-subir-20-la-carne-por-el-paro-del-senasa\\\/#primaryimage\",\"url\":\"https:\\\/\\\/proagrolab.com.ar\\\/wp-content\\\/uploads\\\/2015\\\/07\\\/carnicero.jpg\",\"contentUrl\":\"https:\\\/\\\/proagrolab.com.ar\\\/wp-content\\\/uploads\\\/2015\\\/07\\\/carnicero.jpg\",\"width\":1439,\"height\":1143},{\"@type\":\"BreadcrumbList\",\"@id\":\"https:\\\/\\\/proagrolab.com.ar\\\/advierten-que-podria-subir-20-la-carne-por-el-paro-del-senasa\\\/#breadcrumb\",\"itemListElement\":[{\"@type\":\"ListItem\",\"position\":1,\"name\":\"Portada\",\"item\":\"https:\\\/\\\/proagrolab.com.ar\\\/\"},{\"@type\":\"ListItem\",\"position\":2,\"name\":\"Advierten que podr\u00eda subir 20% la carne por el paro del Senasa\"}]},{\"@type\":\"WebSite\",\"@id\":\"https:\\\/\\\/proagrolab.com.ar\\\/#website\",\"url\":\"https:\\\/\\\/proagrolab.com.ar\\\/\",\"name\":\"Proagro Laboratorio Veterinario\",\"description\":\"Veterinary laboratory\",\"publisher\":{\"@id\":\"https:\\\/\\\/proagrolab.com.ar\\\/#organization\"},\"potentialAction\":[{\"@type\":\"SearchAction\",\"target\":{\"@type\":\"EntryPoint\",\"urlTemplate\":\"https:\\\/\\\/proagrolab.com.ar\\\/?s={search_term_string}\"},\"query-input\":{\"@type\":\"PropertyValueSpecification\",\"valueRequired\":true,\"valueName\":\"search_term_string\"}}],\"inLanguage\":\"en-US\"},{\"@type\":\"Organization\",\"@id\":\"https:\\\/\\\/proagrolab.com.ar\\\/#organization\",\"name\":\"Proagro\",\"url\":\"https:\\\/\\\/proagrolab.com.ar\\\/\",\"logo\":{\"@type\":\"ImageObject\",\"inLanguage\":\"en-US\",\"@id\":\"https:\\\/\\\/proagrolab.com.ar\\\/#\\\/schema\\\/logo\\\/image\\\/\",\"url\":\"https:\\\/\\\/proagrolab.com.ar\\\/wp-content\\\/uploads\\\/2020\\\/04\\\/logo-retina.png\",\"contentUrl\":\"https:\\\/\\\/proagrolab.com.ar\\\/wp-content\\\/uploads\\\/2020\\\/04\\\/logo-retina.png\",\"width\":478,\"height\":120,\"caption\":\"Proagro\"},\"image\":{\"@id\":\"https:\\\/\\\/proagrolab.com.ar\\\/#\\\/schema\\\/logo\\\/image\\\/\"},\"sameAs\":[\"http:\\\/\\\/www.facebook.com\\\/proagrolab\",\"https:\\\/\\\/www.instagram.com\\\/proagrolab\\\/\",\"https:\\\/\\\/www.linkedin.com\\\/company\\\/laboratorio-proagro-s-a\\\/\"]},{\"@type\":\"Person\",\"@id\":\"https:\\\/\\\/proagrolab.com.ar\\\/#\\\/schema\\\/person\\\/b23080c7caf108441a11c7bf48f17d4d\",\"name\":\"Editor Proagro\"}]}<\/script>\n<!-- \/ Yoast SEO plugin. -->","yoast_head_json":{"title":"Advierten que podr\u00eda subir 20% la carne por el paro del Senasa | Proagro","robots":{"index":"index","follow":"follow","max-snippet":"max-snippet:-1","max-image-preview":"max-image-preview:large","max-video-preview":"max-video-preview:-1"},"canonical":"https:\/\/proagrolab.com.ar\/en\/advierten-que-podria-subir-20-la-carne-por-el-paro-del-senasa\/","og_locale":"en_US","og_type":"article","og_title":"Advierten que podr\u00eda subir 20% la carne por el paro del Senasa | Proagro","og_description":"El Ministerio de Trabajo convoc\u00f3 de urgencia a una reuni\u00f3n para destrabar el conflicto del Senasa.\u00a0Aseguran que \u201cel precio de la carne podr\u00eda subir un 20%\u201d como consecuencia del conflicto salarial de los trabajadores del Senasa y de la \u201ccr\u00edtica situaci\u00f3n\u201d del sector. Por Clar\u00edn Rural. \u00a0 El Ministerio de Trabajo de la Naci\u00f3n convoc\u00f3 \u201cde urgencia\u201d para hoy a la Asociaci\u00f3n Trabajadores del Estado (ATE) y a otros dos gremios para tratar de llegar a una soluci\u00f3n al conflicto que paraliza desde hace 8 d\u00edas las tareas en el Servicio Nacional de Sanidad Animal (Senasa). La convocatoria oficial coincide con la advertencia que hizo ayer el titular del Sindicato de Trabajadores de la Industria de la Carne del Gran Buenos Aires y Zona Sur de la Provincia de Buenos Aires (SICGBA), Silvio Etchehun. El dirigente dijo que \u201cel precio de la carne podr\u00eda subir un 20%\u201d como consecuencia del conflicto salarial de los trabajadores del Senasa y de la \u201ccr\u00edtica situaci\u00f3n\u201d del sector. Por eso, pidi\u00f3 a la poblaci\u00f3n que \u201ctrate de comprar la menor cantidad de carne posible\u201d mientras dure el conflicto \u201cya que este aumento es solamente especulativo, aprovechando esta situaci\u00f3n puntual\u201d. Etchehun, enrolado en el barrionuevismo, [&hellip;]","og_url":"https:\/\/proagrolab.com.ar\/advierten-que-podria-subir-20-la-carne-por-el-paro-del-senasa\/","og_site_name":"Proagro","article_publisher":"http:\/\/www.facebook.com\/proagrolab","article_published_time":"2015-07-14T11:55:40+00:00","article_modified_time":"2020-06-29T19:21:58+00:00","og_image":[{"width":1439,"height":1143,"url":"https:\/\/proagrolab.com.ar\/wp-content\/uploads\/2015\/07\/carnicero.jpg","type":"image\/jpeg"}],"author":"Editor Proagro","twitter_card":"summary_large_image","twitter_misc":{"Written by":"Editor Proagro","Est. reading time":"2 minutes"},"schema":{"@context":"https:\/\/schema.org","@graph":[{"@type":"Article","@id":"https:\/\/proagrolab.com.ar\/advierten-que-podria-subir-20-la-carne-por-el-paro-del-senasa\/#article","isPartOf":{"@id":"https:\/\/proagrolab.com.ar\/advierten-que-podria-subir-20-la-carne-por-el-paro-del-senasa\/"},"author":{"name":"Editor Proagro","@id":"https:\/\/proagrolab.com.ar\/#\/schema\/person\/b23080c7caf108441a11c7bf48f17d4d"},"headline":"Advierten que podr\u00eda subir 20% la carne por el paro del Senasa","datePublished":"2015-07-14T11:55:40+00:00","dateModified":"2020-06-29T19:21:58+00:00","mainEntityOfPage":{"@id":"https:\/\/proagrolab.com.ar\/advierten-que-podria-subir-20-la-carne-por-el-paro-del-senasa\/"},"wordCount":452,"publisher":{"@id":"https:\/\/proagrolab.com.ar\/#organization"},"image":{"@id":"https:\/\/proagrolab.com.ar\/advierten-que-podria-subir-20-la-carne-por-el-paro-del-senasa\/#primaryimage"},"thumbnailUrl":"https:\/\/proagrolab.com.ar\/wp-content\/uploads\/2015\/07\/carnicero.jpg","keywords":["bovinos","Ganader\u00eda","Noticias"],"articleSection":["News"],"inLanguage":"en-US"},{"@type":"WebPage","@id":"https:\/\/proagrolab.com.ar\/advierten-que-podria-subir-20-la-carne-por-el-paro-del-senasa\/","url":"https:\/\/proagrolab.com.ar\/advierten-que-podria-subir-20-la-carne-por-el-paro-del-senasa\/","name":"Advierten que podr\u00eda subir 20% la carne por el paro del Senasa | Proagro","isPartOf":{"@id":"https:\/\/proagrolab.com.ar\/#website"},"primaryImageOfPage":{"@id":"https:\/\/proagrolab.com.ar\/advierten-que-podria-subir-20-la-carne-por-el-paro-del-senasa\/#primaryimage"},"image":{"@id":"https:\/\/proagrolab.com.ar\/advierten-que-podria-subir-20-la-carne-por-el-paro-del-senasa\/#primaryimage"},"thumbnailUrl":"https:\/\/proagrolab.com.ar\/wp-content\/uploads\/2015\/07\/carnicero.jpg","datePublished":"2015-07-14T11:55:40+00:00","dateModified":"2020-06-29T19:21:58+00:00","breadcrumb":{"@id":"https:\/\/proagrolab.com.ar\/advierten-que-podria-subir-20-la-carne-por-el-paro-del-senasa\/#breadcrumb"},"inLanguage":"en-US","potentialAction":[{"@type":"ReadAction","target":["https:\/\/proagrolab.com.ar\/advierten-que-podria-subir-20-la-carne-por-el-paro-del-senasa\/"]}]},{"@type":"ImageObject","inLanguage":"en-US","@id":"https:\/\/proagrolab.com.ar\/advierten-que-podria-subir-20-la-carne-por-el-paro-del-senasa\/#primaryimage","url":"https:\/\/proagrolab.com.ar\/wp-content\/uploads\/2015\/07\/carnicero.jpg","contentUrl":"https:\/\/proagrolab.com.ar\/wp-content\/uploads\/2015\/07\/carnicero.jpg","width":1439,"height":1143},{"@type":"BreadcrumbList","@id":"https:\/\/proagrolab.com.ar\/advierten-que-podria-subir-20-la-carne-por-el-paro-del-senasa\/#breadcrumb","itemListElement":[{"@type":"ListItem","position":1,"name":"Portada","item":"https:\/\/proagrolab.com.ar\/"},{"@type":"ListItem","position":2,"name":"Advierten que podr\u00eda subir 20% la carne por el paro del Senasa"}]},{"@type":"WebSite","@id":"https:\/\/proagrolab.com.ar\/#website","url":"https:\/\/proagrolab.com.ar\/","name":"Proagro Laboratorio Veterinario","description":"Veterinary laboratory","publisher":{"@id":"https:\/\/proagrolab.com.ar\/#organization"},"potentialAction":[{"@type":"SearchAction","target":{"@type":"EntryPoint","urlTemplate":"https:\/\/proagrolab.com.ar\/?s={search_term_string}"},"query-input":{"@type":"PropertyValueSpecification","valueRequired":true,"valueName":"search_term_string"}}],"inLanguage":"en-US"},{"@type":"Organization","@id":"https:\/\/proagrolab.com.ar\/#organization","name":"Proagro","url":"https:\/\/proagrolab.com.ar\/","logo":{"@type":"ImageObject","inLanguage":"en-US","@id":"https:\/\/proagrolab.com.ar\/#\/schema\/logo\/image\/","url":"https:\/\/proagrolab.com.ar\/wp-content\/uploads\/2020\/04\/logo-retina.png","contentUrl":"https:\/\/proagrolab.com.ar\/wp-content\/uploads\/2020\/04\/logo-retina.png","width":478,"height":120,"caption":"Proagro"},"image":{"@id":"https:\/\/proagrolab.com.ar\/#\/schema\/logo\/image\/"},"sameAs":["http:\/\/www.facebook.com\/proagrolab","https:\/\/www.instagram.com\/proagrolab\/","https:\/\/www.linkedin.com\/company\/laboratorio-proagro-s-a\/"]},{"@type":"Person","@id":"https:\/\/proagrolab.com.ar\/#\/schema\/person\/b23080c7caf108441a11c7bf48f17d4d","name":"Editor Proagro"}]}},"_links":{"self":[{"href":"https:\/\/proagrolab.com.ar\/en\/wp-json\/wp\/v2\/posts\/6948","targetHints":{"allow":["GET"]}}],"collection":[{"href":"https:\/\/proagrolab.com.ar\/en\/wp-json\/wp\/v2\/posts"}],"about":[{"href":"https:\/\/proagrolab.com.ar\/en\/wp-json\/wp\/v2\/types\/post"}],"author":[{"embeddable":true,"href":"https:\/\/proagrolab.com.ar\/en\/wp-json\/wp\/v2\/users\/3"}],"replies":[{"embeddable":true,"href":"https:\/\/proagrolab.com.ar\/en\/wp-json\/wp\/v2\/comments?post=6948"}],"version-history":[{"count":1,"href":"https:\/\/proagrolab.com.ar\/en\/wp-json\/wp\/v2\/posts\/6948\/revisions"}],"predecessor-version":[{"id":14071,"href":"https:\/\/proagrolab.com.ar\/en\/wp-json\/wp\/v2\/posts\/6948\/revisions\/14071"}],"wp:featuredmedia":[{"embeddable":true,"href":"https:\/\/proagrolab.com.ar\/en\/wp-json\/wp\/v2\/media\/6949"}],"wp:attachment":[{"href":"https:\/\/proagrolab.com.ar\/en\/wp-json\/wp\/v2\/media?parent=6948"}],"wp:term":[{"taxonomy":"category","embeddable":true,"href":"https:\/\/proagrolab.com.ar\/en\/wp-json\/wp\/v2\/categories?post=6948"},{"taxonomy":"post_tag","embeddable":true,"href":"https:\/\/proagrolab.com.ar\/en\/wp-json\/wp\/v2\/tags?post=6948"}],"curies":[{"name":"wp","href":"https:\/\/api.w.org\/{rel}","templated":true}]}}