{"id":6926,"date":"2015-07-10T13:42:31","date_gmt":"2015-07-10T13:42:31","guid":{"rendered":"https:\/\/proagrolab.com.ar\/?p=6926"},"modified":"2020-06-29T19:21:41","modified_gmt":"2020-06-29T19:21:41","slug":"sindicato-promete-defender-a-los-productores-de-leche","status":"publish","type":"post","link":"https:\/\/proagrolab.com.ar\/en\/sindicato-promete-defender-a-los-productores-de-leche\/","title":{"rendered":"Sindicato promete defender a los productores de leche"},"content":{"rendered":"<p class=\"qtranxs-available-languages-message qtranxs-available-languages-message-en\"> <\/p><p><\/p>\n<div class=\"field field-name-field-bajada field-type-text-long field-label-hidden\"><strong><em>Es la poderosa ATILRA. En una asamblea en Sunchales, el gremio se mostr\u00f3 a favor de recomponer los valores de la leche cruda.\u00a0&#8220;Nos dicen cu\u00e1nto nos van a pagar. Sale de nuestra casa el producto primario y nos ponen a nosotros el precio que quieren&#8221;, manifest\u00f3 un productor tambero.<\/em><\/strong><\/div>\n<p class=\"authoring\">Por <span class=\"author\">Mat\u00edas Longoni <\/span>| <span class=\"source\">Clarin.<\/span><\/p>\n<div class=\"share-print-bar clearfix\">\u00a0<\/div>\n<div class=\"field field-name-body field-type-text-with-summary field-label-hidden\">\n<p>La crisis de algunas <a href=\"http:\/\/www.fyo.com\/tags\/precio-leche\" target=\"_blank\" rel=\"noopener noreferrer\">actividades productivas en el interior<\/a> del pa\u00eds es tan profunda que hasta han comenzado a hacer escuchar sus quejas sectores que hasta hace poco<strong> aparec\u00edan muy cercanos al kirchnerismo<\/strong>. Un caso concreto es el de <strong>H\u00e9ctor &#8220;Chino&#8221; Ponce<\/strong>, el hist\u00f3rico dirigente del <strong>sindicato de trabajadores de la<\/strong> <strong>industria lechera, Atilra<\/strong>. El gremialista presidi\u00f3 un in\u00e9dita asamblea junto a productores de leche, y se ofreci\u00f3 a interceder para que las industrias no concreten una rebaja de los<strong> precios de la leche<\/strong>, que afectar\u00eda al sector primario.<\/p>\n<p>Ponce es un personaje <strong>clave en la vida del sector l\u00e1cteo<\/strong>. Odiado o temido por unos, venerado por otros, sus posicionamientos <strong>no resultan indiferentes<\/strong> para nadie en ese negocio. Atilra, con unos <strong>20 mil afiliados<\/strong>, es un gremio de gran poder econ\u00f3mico y capacidad de movilizaci\u00f3n. Por ejemplo, la semana pasada<strong> traslad\u00f3 a 800 militantes a Trenque Lauquen<\/strong> solo para bloquear una Pyme de 40 obreros que se hab\u00eda animado a denunciar a un <strong>delegado por amenazas<\/strong>. Ante semejante muestra de poder, no han sido pocos los ministros K que desfilaron por Sunchales rindiendo pleites\u00eda a Ponce, quien mont\u00f3 all\u00ed su cuartel general. Uno de sus principales interlocutores es justamente el<strong> subsecertario de Lecher\u00eda<\/strong>, Arturo Videla.<\/p>\n<p>Este martes por la noche, el sindicalista habilit\u00f3 el <strong>flamante Centro Educativo Tecnol\u00f3gico de Artilra<\/strong> para que se realice una asamblea de tamberos de toda esa cuenca lechera santafesina. Hab\u00eda, seg\u00fan la cr\u00f3nica sindical, unas <strong>700 personas<\/strong> y muchas de ellas eran empresarios ligados a la <strong>Asociaci\u00f3n de Productores Lecheros de Argentina<\/strong> (APLA), que dirigen Marcelo Garello y Daniel Oggero. Ponce se plant\u00f3 en primera fila.<\/p>\n<p><em>&#8220;El objetivo de este encuentro, <strong>catalogado \u00a0como hist\u00f3rico,<\/strong> fue debatir sobre una posible alianza estrat\u00e9gica que haga frente a la dif\u00edcil situaci\u00f3n que<strong> atraviesan los productores<\/strong> ante la intenci\u00f3n de los industriales de reducir el<strong> pago del litro de leche<\/strong> que retiran de los tambos&#8221;<\/em>, inform\u00f3 Atilra en un comunicado. El gremio justamente representa a los obreros de dichas industrias, que <strong>vienen amenazando,\u00a0<\/strong>y en algunos casos, concretan, rebajas en los precios que pagan por la<strong> materia prima.<\/strong> Actualmente la leche a salida de tambo cotiza cerca de 3,10 pesos por litro, pero hay versiones que hablan de la posibilidad de que ese valor<strong> baje a 2,80 pesos<\/strong>. Los tamberos reclaman 4,50 pesos para tener una situaci\u00f3n ideal de rentabilidad.<\/p>\n<p><em>\u201cA lo largo del tiempo ha habido una especie de abismo entre el <strong>productor lechero y el trabajador de la industria<\/strong> l\u00e1ctea, aunque en realidad no haya existido ning\u00fan tipo de problemas entre un sector y otro. Ha habido influencias externas que han \u00a0conspirado contra la normal alianza entre <strong>estos dos sectores<\/strong>, pues este v\u00ednculo puede molestar\u201d<\/em>, expres\u00f3 Ponce, a sabiendas de que la reuni\u00f3n iba a provocar ciertas reacciones entre las empresas del<strong> Centro de la Industria Lechera<\/strong> (CIL).<\/p>\n<p>Una <strong>productora de leche<\/strong> explic\u00f3 el malhumor de los tamberos. <em>&#8220;Nos dicen cu\u00e1nto nos van a pagar. <strong>Sale de nuestra casa<\/strong> el producto primario y nos ponen a nosotros el precio que quieren. No nos dan las razones y presionan para que <strong>entreguemos la leche<\/strong> porque sino hay que tirarla\u201d<\/em>, se\u00f1al\u00f3.<\/p>\n<p>La moci\u00f3n que se acept\u00f3 por unanimidad en la asamblea conjunta fue promover una reuni\u00f3n\u00a0<strong>urgente con el sector industrial<\/strong>, que ser\u00e1 gestionada por Atilra. <em>&#8220;Si el di\u00e1logo fracasa quiz\u00e1s tengamos un conflicto en puerta&#8221;<\/em>, \u00a0aclar\u00f3 el <strong>presidente de APLA<\/strong>, una nueva entidad surgida de la tradicional di\u00e1spora en el sector tambero.\u00a0<\/p>\n<\/div>\n<p>&nbsp;<\/p>\n<p><em>Fuente:\u00a0http:\/\/www.fyo.com\/noticia\/150706\/sindicato-promete-defender-productores-leche<\/em><\/p>\n<p>&nbsp;<\/p>\n<p><\/p>","protected":false},"excerpt":{"rendered":"<p>Es la poderosa ATILRA. En una asamblea en Sunchales, el gremio se mostr\u00f3 a favor de recomponer los valores de la leche cruda.\u00a0&#8220;Nos dicen cu\u00e1nto nos van a pagar. Sale de nuestra casa el producto primario y nos ponen a nosotros el precio que quieren&#8221;, manifest\u00f3 un productor tambero. Por Mat\u00edas Longoni | Clarin. \u00a0 La crisis de algunas actividades productivas en el interior del pa\u00eds es tan profunda que hasta han comenzado a hacer escuchar sus quejas sectores que hasta hace poco aparec\u00edan muy cercanos al kirchnerismo. Un caso concreto es el de H\u00e9ctor &#8220;Chino&#8221; Ponce, el hist\u00f3rico dirigente del sindicato de trabajadores de la industria lechera, Atilra. El gremialista presidi\u00f3 un in\u00e9dita asamblea junto a productores de leche, y se ofreci\u00f3 a interceder para que las industrias no concreten una rebaja de los precios de la leche, que afectar\u00eda al sector primario. Ponce es un personaje clave en la vida del sector l\u00e1cteo. Odiado o temido por unos, venerado por otros, sus posicionamientos no resultan indiferentes para nadie en ese negocio. Atilra, con unos 20 mil afiliados, es un gremio de gran poder econ\u00f3mico y capacidad de movilizaci\u00f3n. Por ejemplo, la semana pasada traslad\u00f3 a 800 militantes a [&hellip;]<\/p>\n","protected":false},"author":3,"featured_media":6927,"comment_status":"closed","ping_status":"open","sticky":false,"template":"","format":"standard","meta":{"_acf_changed":false,"footnotes":""},"categories":[56],"tags":[80,78,82],"class_list":["post-6926","post","type-post","status-publish","format-standard","has-post-thumbnail","hentry","category-infoganadero","tag-ganaderia","tag-infoganadero","tag-lecheria"],"acf":[],"yoast_head":"<!-- This site is optimized with the Yoast SEO plugin v27.4 - https:\/\/yoast.com\/product\/yoast-seo-wordpress\/ -->\n<title>Sindicato promete defender a los productores de leche | Proagro<\/title>\n<meta name=\"robots\" content=\"index, follow, max-snippet:-1, max-image-preview:large, max-video-preview:-1\" \/>\n<link rel=\"canonical\" href=\"https:\/\/proagrolab.com.ar\/en\/sindicato-promete-defender-a-los-productores-de-leche\/\" \/>\n<meta property=\"og:locale\" content=\"en_US\" \/>\n<meta property=\"og:type\" content=\"article\" \/>\n<meta property=\"og:title\" content=\"Sindicato promete defender a los productores de leche | Proagro\" \/>\n<meta property=\"og:description\" content=\"Es la poderosa ATILRA. En una asamblea en Sunchales, el gremio se mostr\u00f3 a favor de recomponer los valores de la leche cruda.\u00a0&#8220;Nos dicen cu\u00e1nto nos van a pagar. Sale de nuestra casa el producto primario y nos ponen a nosotros el precio que quieren&#8221;, manifest\u00f3 un productor tambero. Por Mat\u00edas Longoni | Clarin. \u00a0 La crisis de algunas actividades productivas en el interior del pa\u00eds es tan profunda que hasta han comenzado a hacer escuchar sus quejas sectores que hasta hace poco aparec\u00edan muy cercanos al kirchnerismo. Un caso concreto es el de H\u00e9ctor &#8220;Chino&#8221; Ponce, el hist\u00f3rico dirigente del sindicato de trabajadores de la industria lechera, Atilra. El gremialista presidi\u00f3 un in\u00e9dita asamblea junto a productores de leche, y se ofreci\u00f3 a interceder para que las industrias no concreten una rebaja de los precios de la leche, que afectar\u00eda al sector primario. Ponce es un personaje clave en la vida del sector l\u00e1cteo. Odiado o temido por unos, venerado por otros, sus posicionamientos no resultan indiferentes para nadie en ese negocio. Atilra, con unos 20 mil afiliados, es un gremio de gran poder econ\u00f3mico y capacidad de movilizaci\u00f3n. Por ejemplo, la semana pasada traslad\u00f3 a 800 militantes a [&hellip;]\" \/>\n<meta property=\"og:url\" content=\"https:\/\/proagrolab.com.ar\/sindicato-promete-defender-a-los-productores-de-leche\/\" \/>\n<meta property=\"og:site_name\" content=\"Proagro\" \/>\n<meta property=\"article:publisher\" content=\"http:\/\/www.facebook.com\/proagrolab\" \/>\n<meta property=\"article:published_time\" content=\"2015-07-10T13:42:31+00:00\" \/>\n<meta property=\"article:modified_time\" content=\"2020-06-29T19:21:41+00:00\" \/>\n<meta property=\"og:image\" content=\"https:\/\/proagrolab.com.ar\/wp-content\/uploads\/2015\/07\/Portada-P\u00e1gina-Nueva.jpg\" \/>\n\t<meta property=\"og:image:width\" content=\"1146\" \/>\n\t<meta property=\"og:image:height\" content=\"395\" \/>\n\t<meta property=\"og:image:type\" content=\"image\/jpeg\" \/>\n<meta name=\"author\" content=\"Editor Proagro\" \/>\n<meta name=\"twitter:card\" content=\"summary_large_image\" \/>\n<meta name=\"twitter:label1\" content=\"Written by\" \/>\n\t<meta name=\"twitter:data1\" content=\"Editor Proagro\" \/>\n\t<meta name=\"twitter:label2\" content=\"Est. reading time\" \/>\n\t<meta name=\"twitter:data2\" content=\"3 minutes\" \/>\n<script type=\"application\/ld+json\" class=\"yoast-schema-graph\">{\"@context\":\"https:\\\/\\\/schema.org\",\"@graph\":[{\"@type\":\"Article\",\"@id\":\"https:\\\/\\\/proagrolab.com.ar\\\/sindicato-promete-defender-a-los-productores-de-leche\\\/#article\",\"isPartOf\":{\"@id\":\"https:\\\/\\\/proagrolab.com.ar\\\/sindicato-promete-defender-a-los-productores-de-leche\\\/\"},\"author\":{\"name\":\"Editor Proagro\",\"@id\":\"https:\\\/\\\/proagrolab.com.ar\\\/#\\\/schema\\\/person\\\/b23080c7caf108441a11c7bf48f17d4d\"},\"headline\":\"Sindicato promete defender a los productores de leche\",\"datePublished\":\"2015-07-10T13:42:31+00:00\",\"dateModified\":\"2020-06-29T19:21:41+00:00\",\"mainEntityOfPage\":{\"@id\":\"https:\\\/\\\/proagrolab.com.ar\\\/sindicato-promete-defender-a-los-productores-de-leche\\\/\"},\"wordCount\":674,\"publisher\":{\"@id\":\"https:\\\/\\\/proagrolab.com.ar\\\/#organization\"},\"image\":{\"@id\":\"https:\\\/\\\/proagrolab.com.ar\\\/sindicato-promete-defender-a-los-productores-de-leche\\\/#primaryimage\"},\"thumbnailUrl\":\"https:\\\/\\\/proagrolab.com.ar\\\/wp-content\\\/uploads\\\/2015\\\/07\\\/Portada-P\u00e1gina-Nueva.jpg\",\"keywords\":[\"Ganader\u00eda\",\"News\",\"\"],\"articleSection\":[\"News\"],\"inLanguage\":\"en-US\"},{\"@type\":\"WebPage\",\"@id\":\"https:\\\/\\\/proagrolab.com.ar\\\/sindicato-promete-defender-a-los-productores-de-leche\\\/\",\"url\":\"https:\\\/\\\/proagrolab.com.ar\\\/sindicato-promete-defender-a-los-productores-de-leche\\\/\",\"name\":\"Sindicato promete defender a los productores de leche | Proagro\",\"isPartOf\":{\"@id\":\"https:\\\/\\\/proagrolab.com.ar\\\/#website\"},\"primaryImageOfPage\":{\"@id\":\"https:\\\/\\\/proagrolab.com.ar\\\/sindicato-promete-defender-a-los-productores-de-leche\\\/#primaryimage\"},\"image\":{\"@id\":\"https:\\\/\\\/proagrolab.com.ar\\\/sindicato-promete-defender-a-los-productores-de-leche\\\/#primaryimage\"},\"thumbnailUrl\":\"https:\\\/\\\/proagrolab.com.ar\\\/wp-content\\\/uploads\\\/2015\\\/07\\\/Portada-P\u00e1gina-Nueva.jpg\",\"datePublished\":\"2015-07-10T13:42:31+00:00\",\"dateModified\":\"2020-06-29T19:21:41+00:00\",\"breadcrumb\":{\"@id\":\"https:\\\/\\\/proagrolab.com.ar\\\/sindicato-promete-defender-a-los-productores-de-leche\\\/#breadcrumb\"},\"inLanguage\":\"en-US\",\"potentialAction\":[{\"@type\":\"ReadAction\",\"target\":[\"https:\\\/\\\/proagrolab.com.ar\\\/sindicato-promete-defender-a-los-productores-de-leche\\\/\"]}]},{\"@type\":\"ImageObject\",\"inLanguage\":\"en-US\",\"@id\":\"https:\\\/\\\/proagrolab.com.ar\\\/sindicato-promete-defender-a-los-productores-de-leche\\\/#primaryimage\",\"url\":\"https:\\\/\\\/proagrolab.com.ar\\\/wp-content\\\/uploads\\\/2015\\\/07\\\/Portada-P\u00e1gina-Nueva.jpg\",\"contentUrl\":\"https:\\\/\\\/proagrolab.com.ar\\\/wp-content\\\/uploads\\\/2015\\\/07\\\/Portada-P\u00e1gina-Nueva.jpg\",\"width\":1146,\"height\":395},{\"@type\":\"BreadcrumbList\",\"@id\":\"https:\\\/\\\/proagrolab.com.ar\\\/sindicato-promete-defender-a-los-productores-de-leche\\\/#breadcrumb\",\"itemListElement\":[{\"@type\":\"ListItem\",\"position\":1,\"name\":\"Portada\",\"item\":\"https:\\\/\\\/proagrolab.com.ar\\\/\"},{\"@type\":\"ListItem\",\"position\":2,\"name\":\"Sindicato promete defender a los productores de leche\"}]},{\"@type\":\"WebSite\",\"@id\":\"https:\\\/\\\/proagrolab.com.ar\\\/#website\",\"url\":\"https:\\\/\\\/proagrolab.com.ar\\\/\",\"name\":\"Proagro Laboratorio Veterinario\",\"description\":\"Veterinary laboratory\",\"publisher\":{\"@id\":\"https:\\\/\\\/proagrolab.com.ar\\\/#organization\"},\"potentialAction\":[{\"@type\":\"SearchAction\",\"target\":{\"@type\":\"EntryPoint\",\"urlTemplate\":\"https:\\\/\\\/proagrolab.com.ar\\\/?s={search_term_string}\"},\"query-input\":{\"@type\":\"PropertyValueSpecification\",\"valueRequired\":true,\"valueName\":\"search_term_string\"}}],\"inLanguage\":\"en-US\"},{\"@type\":\"Organization\",\"@id\":\"https:\\\/\\\/proagrolab.com.ar\\\/#organization\",\"name\":\"Proagro\",\"url\":\"https:\\\/\\\/proagrolab.com.ar\\\/\",\"logo\":{\"@type\":\"ImageObject\",\"inLanguage\":\"en-US\",\"@id\":\"https:\\\/\\\/proagrolab.com.ar\\\/#\\\/schema\\\/logo\\\/image\\\/\",\"url\":\"https:\\\/\\\/proagrolab.com.ar\\\/wp-content\\\/uploads\\\/2020\\\/04\\\/logo-retina.png\",\"contentUrl\":\"https:\\\/\\\/proagrolab.com.ar\\\/wp-content\\\/uploads\\\/2020\\\/04\\\/logo-retina.png\",\"width\":478,\"height\":120,\"caption\":\"Proagro\"},\"image\":{\"@id\":\"https:\\\/\\\/proagrolab.com.ar\\\/#\\\/schema\\\/logo\\\/image\\\/\"},\"sameAs\":[\"http:\\\/\\\/www.facebook.com\\\/proagrolab\",\"https:\\\/\\\/www.instagram.com\\\/proagrolab\\\/\",\"https:\\\/\\\/www.linkedin.com\\\/company\\\/laboratorio-proagro-s-a\\\/\"]},{\"@type\":\"Person\",\"@id\":\"https:\\\/\\\/proagrolab.com.ar\\\/#\\\/schema\\\/person\\\/b23080c7caf108441a11c7bf48f17d4d\",\"name\":\"Editor Proagro\"}]}<\/script>\n<!-- \/ Yoast SEO plugin. -->","yoast_head_json":{"title":"Sindicato promete defender a los productores de leche | Proagro","robots":{"index":"index","follow":"follow","max-snippet":"max-snippet:-1","max-image-preview":"max-image-preview:large","max-video-preview":"max-video-preview:-1"},"canonical":"https:\/\/proagrolab.com.ar\/en\/sindicato-promete-defender-a-los-productores-de-leche\/","og_locale":"en_US","og_type":"article","og_title":"Sindicato promete defender a los productores de leche | Proagro","og_description":"Es la poderosa ATILRA. En una asamblea en Sunchales, el gremio se mostr\u00f3 a favor de recomponer los valores de la leche cruda.\u00a0&#8220;Nos dicen cu\u00e1nto nos van a pagar. Sale de nuestra casa el producto primario y nos ponen a nosotros el precio que quieren&#8221;, manifest\u00f3 un productor tambero. Por Mat\u00edas Longoni | Clarin. \u00a0 La crisis de algunas actividades productivas en el interior del pa\u00eds es tan profunda que hasta han comenzado a hacer escuchar sus quejas sectores que hasta hace poco aparec\u00edan muy cercanos al kirchnerismo. Un caso concreto es el de H\u00e9ctor &#8220;Chino&#8221; Ponce, el hist\u00f3rico dirigente del sindicato de trabajadores de la industria lechera, Atilra. El gremialista presidi\u00f3 un in\u00e9dita asamblea junto a productores de leche, y se ofreci\u00f3 a interceder para que las industrias no concreten una rebaja de los precios de la leche, que afectar\u00eda al sector primario. Ponce es un personaje clave en la vida del sector l\u00e1cteo. Odiado o temido por unos, venerado por otros, sus posicionamientos no resultan indiferentes para nadie en ese negocio. Atilra, con unos 20 mil afiliados, es un gremio de gran poder econ\u00f3mico y capacidad de movilizaci\u00f3n. Por ejemplo, la semana pasada traslad\u00f3 a 800 militantes a [&hellip;]","og_url":"https:\/\/proagrolab.com.ar\/sindicato-promete-defender-a-los-productores-de-leche\/","og_site_name":"Proagro","article_publisher":"http:\/\/www.facebook.com\/proagrolab","article_published_time":"2015-07-10T13:42:31+00:00","article_modified_time":"2020-06-29T19:21:41+00:00","og_image":[{"width":1146,"height":395,"url":"https:\/\/proagrolab.com.ar\/wp-content\/uploads\/2015\/07\/Portada-P\u00e1gina-Nueva.jpg","type":"image\/jpeg"}],"author":"Editor Proagro","twitter_card":"summary_large_image","twitter_misc":{"Written by":"Editor Proagro","Est. reading time":"3 minutes"},"schema":{"@context":"https:\/\/schema.org","@graph":[{"@type":"Article","@id":"https:\/\/proagrolab.com.ar\/sindicato-promete-defender-a-los-productores-de-leche\/#article","isPartOf":{"@id":"https:\/\/proagrolab.com.ar\/sindicato-promete-defender-a-los-productores-de-leche\/"},"author":{"name":"Editor Proagro","@id":"https:\/\/proagrolab.com.ar\/#\/schema\/person\/b23080c7caf108441a11c7bf48f17d4d"},"headline":"Sindicato promete defender a los productores de leche","datePublished":"2015-07-10T13:42:31+00:00","dateModified":"2020-06-29T19:21:41+00:00","mainEntityOfPage":{"@id":"https:\/\/proagrolab.com.ar\/sindicato-promete-defender-a-los-productores-de-leche\/"},"wordCount":674,"publisher":{"@id":"https:\/\/proagrolab.com.ar\/#organization"},"image":{"@id":"https:\/\/proagrolab.com.ar\/sindicato-promete-defender-a-los-productores-de-leche\/#primaryimage"},"thumbnailUrl":"https:\/\/proagrolab.com.ar\/wp-content\/uploads\/2015\/07\/Portada-P\u00e1gina-Nueva.jpg","keywords":["Ganader\u00eda","News",""],"articleSection":["News"],"inLanguage":"en-US"},{"@type":"WebPage","@id":"https:\/\/proagrolab.com.ar\/sindicato-promete-defender-a-los-productores-de-leche\/","url":"https:\/\/proagrolab.com.ar\/sindicato-promete-defender-a-los-productores-de-leche\/","name":"Sindicato promete defender a los productores de leche | Proagro","isPartOf":{"@id":"https:\/\/proagrolab.com.ar\/#website"},"primaryImageOfPage":{"@id":"https:\/\/proagrolab.com.ar\/sindicato-promete-defender-a-los-productores-de-leche\/#primaryimage"},"image":{"@id":"https:\/\/proagrolab.com.ar\/sindicato-promete-defender-a-los-productores-de-leche\/#primaryimage"},"thumbnailUrl":"https:\/\/proagrolab.com.ar\/wp-content\/uploads\/2015\/07\/Portada-P\u00e1gina-Nueva.jpg","datePublished":"2015-07-10T13:42:31+00:00","dateModified":"2020-06-29T19:21:41+00:00","breadcrumb":{"@id":"https:\/\/proagrolab.com.ar\/sindicato-promete-defender-a-los-productores-de-leche\/#breadcrumb"},"inLanguage":"en-US","potentialAction":[{"@type":"ReadAction","target":["https:\/\/proagrolab.com.ar\/sindicato-promete-defender-a-los-productores-de-leche\/"]}]},{"@type":"ImageObject","inLanguage":"en-US","@id":"https:\/\/proagrolab.com.ar\/sindicato-promete-defender-a-los-productores-de-leche\/#primaryimage","url":"https:\/\/proagrolab.com.ar\/wp-content\/uploads\/2015\/07\/Portada-P\u00e1gina-Nueva.jpg","contentUrl":"https:\/\/proagrolab.com.ar\/wp-content\/uploads\/2015\/07\/Portada-P\u00e1gina-Nueva.jpg","width":1146,"height":395},{"@type":"BreadcrumbList","@id":"https:\/\/proagrolab.com.ar\/sindicato-promete-defender-a-los-productores-de-leche\/#breadcrumb","itemListElement":[{"@type":"ListItem","position":1,"name":"Portada","item":"https:\/\/proagrolab.com.ar\/"},{"@type":"ListItem","position":2,"name":"Sindicato promete defender a los productores de leche"}]},{"@type":"WebSite","@id":"https:\/\/proagrolab.com.ar\/#website","url":"https:\/\/proagrolab.com.ar\/","name":"Proagro Laboratorio Veterinario","description":"Veterinary laboratory","publisher":{"@id":"https:\/\/proagrolab.com.ar\/#organization"},"potentialAction":[{"@type":"SearchAction","target":{"@type":"EntryPoint","urlTemplate":"https:\/\/proagrolab.com.ar\/?s={search_term_string}"},"query-input":{"@type":"PropertyValueSpecification","valueRequired":true,"valueName":"search_term_string"}}],"inLanguage":"en-US"},{"@type":"Organization","@id":"https:\/\/proagrolab.com.ar\/#organization","name":"Proagro","url":"https:\/\/proagrolab.com.ar\/","logo":{"@type":"ImageObject","inLanguage":"en-US","@id":"https:\/\/proagrolab.com.ar\/#\/schema\/logo\/image\/","url":"https:\/\/proagrolab.com.ar\/wp-content\/uploads\/2020\/04\/logo-retina.png","contentUrl":"https:\/\/proagrolab.com.ar\/wp-content\/uploads\/2020\/04\/logo-retina.png","width":478,"height":120,"caption":"Proagro"},"image":{"@id":"https:\/\/proagrolab.com.ar\/#\/schema\/logo\/image\/"},"sameAs":["http:\/\/www.facebook.com\/proagrolab","https:\/\/www.instagram.com\/proagrolab\/","https:\/\/www.linkedin.com\/company\/laboratorio-proagro-s-a\/"]},{"@type":"Person","@id":"https:\/\/proagrolab.com.ar\/#\/schema\/person\/b23080c7caf108441a11c7bf48f17d4d","name":"Editor Proagro"}]}},"_links":{"self":[{"href":"https:\/\/proagrolab.com.ar\/en\/wp-json\/wp\/v2\/posts\/6926","targetHints":{"allow":["GET"]}}],"collection":[{"href":"https:\/\/proagrolab.com.ar\/en\/wp-json\/wp\/v2\/posts"}],"about":[{"href":"https:\/\/proagrolab.com.ar\/en\/wp-json\/wp\/v2\/types\/post"}],"author":[{"embeddable":true,"href":"https:\/\/proagrolab.com.ar\/en\/wp-json\/wp\/v2\/users\/3"}],"replies":[{"embeddable":true,"href":"https:\/\/proagrolab.com.ar\/en\/wp-json\/wp\/v2\/comments?post=6926"}],"version-history":[{"count":1,"href":"https:\/\/proagrolab.com.ar\/en\/wp-json\/wp\/v2\/posts\/6926\/revisions"}],"predecessor-version":[{"id":14068,"href":"https:\/\/proagrolab.com.ar\/en\/wp-json\/wp\/v2\/posts\/6926\/revisions\/14068"}],"wp:featuredmedia":[{"embeddable":true,"href":"https:\/\/proagrolab.com.ar\/en\/wp-json\/wp\/v2\/media\/6927"}],"wp:attachment":[{"href":"https:\/\/proagrolab.com.ar\/en\/wp-json\/wp\/v2\/media?parent=6926"}],"wp:term":[{"taxonomy":"category","embeddable":true,"href":"https:\/\/proagrolab.com.ar\/en\/wp-json\/wp\/v2\/categories?post=6926"},{"taxonomy":"post_tag","embeddable":true,"href":"https:\/\/proagrolab.com.ar\/en\/wp-json\/wp\/v2\/tags?post=6926"}],"curies":[{"name":"wp","href":"https:\/\/api.w.org\/{rel}","templated":true}]}}