{"id":6877,"date":"2015-07-03T16:24:44","date_gmt":"2015-07-03T16:24:44","guid":{"rendered":"https:\/\/proagrolab.com.ar\/?p=6877"},"modified":"2020-06-29T19:21:28","modified_gmt":"2020-06-29T19:21:28","slug":"advierten-que-la-lecheria-argentina-va-camino-a-un-cuadro-de-sobreoferta","status":"publish","type":"post","link":"https:\/\/proagrolab.com.ar\/en\/advierten-que-la-lecheria-argentina-va-camino-a-un-cuadro-de-sobreoferta\/","title":{"rendered":"Advierten que la lecher\u00eda argentina va camino a un cuadro de sobreoferta"},"content":{"rendered":"<p class=\"qtranxs-available-languages-message qtranxs-available-languages-message-en\"> <\/p><p><\/p>\n<div class=\"field field-name-field-bajada field-type-text-long field-label-hidden\"><em><strong>Integrantes de la Mesa de Productores de Leche expusieron en Maizar sobre la actual coyuntura del sector l\u00e1cteo, en el panel \u201cAgenda Estrat\u00e9gica para el Sector L\u00e1cteo\u201d en Maizar 2015.<\/strong><\/em><\/div>\n<p class=\"authoring\"><em>Por <span class=\"source\">Prensa Maizar.<\/span><\/em><\/p>\n<div class=\"field field-name-body field-type-text-with-summary field-label-hidden\">\n<p>En el <strong>Congreso Maizar 2015<\/strong> se realiz\u00f3 un panel denominado <em>\u201cAgenda Estrat\u00e9gica para el Sector L\u00e1cteo\u201d<\/em>, moderado por el <strong>periodista<\/strong> <strong>Daniel D\u00edaz<\/strong>, en el cual se analiz\u00f3 la actual coyuntura de los tambos en las principales cuencas y las pol\u00edticas que se necesitan para revertir la situaci\u00f3n de los productores.<\/p>\n<p><em>\u201cSi no hay salida a la exportaci\u00f3n vamos camino a un cuadro de sobreoferta interna\u201d<\/em>, advirti\u00f3 <strong>Manuel Ocampo<\/strong>, <strong>director de la Asociaci\u00f3n de Productores de Leche (APL)<\/strong>. <em>\u201cHay que entender que lo que es bueno para la lecher\u00eda, es bueno para la Argentina\u201d<\/em>, coment\u00f3.<\/p>\n<p><em>\u201cA los productores nos bajaron un 6% el precio este mes pasando a $ 3,10 por litro y puede llegar a $ 2,80 en los pr\u00f3ximos meses\u201d<\/em>, \u00a0alert\u00f3 Ocampo. <em>\u201cHay que ir a luchar mercados porque a nivel internacional no se soporta la actual sobreoferta\u201d<\/em>, agreg\u00f3.<\/p>\n<p>Por su parte, <strong>Carlos Brave, directivo de APL<\/strong>, describi\u00f3 que <em>\u201cla producci\u00f3n de leche desde el 1998 se mantuvo constante en alrededor de los 10.000 millones de litros; en la \u00faltima d\u00e9cada el mundo creci\u00f3 un 30% y el nosotros apenas un 7% por funcionarios incapaces\u201d<\/em>.<\/p>\n<p><em>\u201cLos datos de estancamiento de producci\u00f3n de leche muestran la decadencia de una lecher\u00eda que no crece\u201d<\/em>, indic\u00f3 Brave, para luego mencionar que <em>\u201cla lecher\u00eda, evidentemente, atraviesa un camino plagado de dificultades\u201d<\/em>.<\/p>\n<\/div>\n<p>&nbsp;<\/p>\n<p><em>Fuente:\u00a0http:\/\/www.fyo.com\/noticia\/150528\/advierten-que-lecheria-argentina-va-camino-cuadro-sobreoferta<\/em><\/p>\n<p><\/p>","protected":false},"excerpt":{"rendered":"<p>Integrantes de la Mesa de Productores de Leche expusieron en Maizar sobre la actual coyuntura del sector l\u00e1cteo, en el panel \u201cAgenda Estrat\u00e9gica para el Sector L\u00e1cteo\u201d en Maizar 2015. Por Prensa Maizar. En el Congreso Maizar 2015 se realiz\u00f3 un panel denominado \u201cAgenda Estrat\u00e9gica para el Sector L\u00e1cteo\u201d, moderado por el periodista Daniel D\u00edaz, en el cual se analiz\u00f3 la actual coyuntura de los tambos en las principales cuencas y las pol\u00edticas que se necesitan para revertir la situaci\u00f3n de los productores. \u201cSi no hay salida a la exportaci\u00f3n vamos camino a un cuadro de sobreoferta interna\u201d, advirti\u00f3 Manuel Ocampo, director de la Asociaci\u00f3n de Productores de Leche (APL). \u201cHay que entender que lo que es bueno para la lecher\u00eda, es bueno para la Argentina\u201d, coment\u00f3. \u201cA los productores nos bajaron un 6% el precio este mes pasando a $ 3,10 por litro y puede llegar a $ 2,80 en los pr\u00f3ximos meses\u201d, \u00a0alert\u00f3 Ocampo. \u201cHay que ir a luchar mercados porque a nivel internacional no se soporta la actual sobreoferta\u201d, agreg\u00f3. Por su parte, Carlos Brave, directivo de APL, describi\u00f3 que \u201cla producci\u00f3n de leche desde el 1998 se mantuvo constante en alrededor de los 10.000 millones de [&hellip;]<\/p>\n","protected":false},"author":3,"featured_media":6879,"comment_status":"closed","ping_status":"open","sticky":false,"template":"","format":"standard","meta":{"_acf_changed":false,"footnotes":""},"categories":[56],"tags":[80,78,82,79],"class_list":["post-6877","post","type-post","status-publish","format-standard","has-post-thumbnail","hentry","category-infoganadero","tag-ganaderia","tag-infoganadero","tag-lecheria","tag-noticias"],"acf":[],"yoast_head":"<!-- This site is optimized with the Yoast SEO plugin v27.4 - https:\/\/yoast.com\/product\/yoast-seo-wordpress\/ -->\n<title>Advierten que la lecher\u00eda argentina va camino a un cuadro de sobreoferta | Proagro<\/title>\n<meta name=\"robots\" content=\"index, follow, max-snippet:-1, max-image-preview:large, max-video-preview:-1\" \/>\n<link rel=\"canonical\" href=\"https:\/\/proagrolab.com.ar\/en\/advierten-que-la-lecheria-argentina-va-camino-a-un-cuadro-de-sobreoferta\/\" \/>\n<meta property=\"og:locale\" content=\"en_US\" \/>\n<meta property=\"og:type\" content=\"article\" \/>\n<meta property=\"og:title\" content=\"Advierten que la lecher\u00eda argentina va camino a un cuadro de sobreoferta | Proagro\" \/>\n<meta property=\"og:description\" content=\"Integrantes de la Mesa de Productores de Leche expusieron en Maizar sobre la actual coyuntura del sector l\u00e1cteo, en el panel \u201cAgenda Estrat\u00e9gica para el Sector L\u00e1cteo\u201d en Maizar 2015. Por Prensa Maizar. En el Congreso Maizar 2015 se realiz\u00f3 un panel denominado \u201cAgenda Estrat\u00e9gica para el Sector L\u00e1cteo\u201d, moderado por el periodista Daniel D\u00edaz, en el cual se analiz\u00f3 la actual coyuntura de los tambos en las principales cuencas y las pol\u00edticas que se necesitan para revertir la situaci\u00f3n de los productores. \u201cSi no hay salida a la exportaci\u00f3n vamos camino a un cuadro de sobreoferta interna\u201d, advirti\u00f3 Manuel Ocampo, director de la Asociaci\u00f3n de Productores de Leche (APL). \u201cHay que entender que lo que es bueno para la lecher\u00eda, es bueno para la Argentina\u201d, coment\u00f3. \u201cA los productores nos bajaron un 6% el precio este mes pasando a $ 3,10 por litro y puede llegar a $ 2,80 en los pr\u00f3ximos meses\u201d, \u00a0alert\u00f3 Ocampo. \u201cHay que ir a luchar mercados porque a nivel internacional no se soporta la actual sobreoferta\u201d, agreg\u00f3. Por su parte, Carlos Brave, directivo de APL, describi\u00f3 que \u201cla producci\u00f3n de leche desde el 1998 se mantuvo constante en alrededor de los 10.000 millones de [&hellip;]\" \/>\n<meta property=\"og:url\" content=\"https:\/\/proagrolab.com.ar\/advierten-que-la-lecheria-argentina-va-camino-a-un-cuadro-de-sobreoferta\/\" \/>\n<meta property=\"og:site_name\" content=\"Proagro\" \/>\n<meta property=\"article:publisher\" content=\"http:\/\/www.facebook.com\/proagrolab\" \/>\n<meta property=\"article:published_time\" content=\"2015-07-03T16:24:44+00:00\" \/>\n<meta property=\"article:modified_time\" content=\"2020-06-29T19:21:28+00:00\" \/>\n<meta property=\"og:image\" content=\"https:\/\/proagrolab.com.ar\/wp-content\/uploads\/2015\/07\/Portada-P\u00e1gina-Nueva-03-07.jpg\" \/>\n\t<meta property=\"og:image:width\" content=\"1146\" \/>\n\t<meta property=\"og:image:height\" content=\"395\" \/>\n\t<meta property=\"og:image:type\" content=\"image\/jpeg\" \/>\n<meta name=\"author\" content=\"Editor Proagro\" \/>\n<meta name=\"twitter:card\" content=\"summary_large_image\" \/>\n<meta name=\"twitter:label1\" content=\"Written by\" \/>\n\t<meta name=\"twitter:data1\" content=\"Editor Proagro\" \/>\n\t<meta name=\"twitter:label2\" content=\"Est. reading time\" \/>\n\t<meta name=\"twitter:data2\" content=\"1 minute\" \/>\n<script type=\"application\/ld+json\" class=\"yoast-schema-graph\">{\"@context\":\"https:\\\/\\\/schema.org\",\"@graph\":[{\"@type\":\"Article\",\"@id\":\"https:\\\/\\\/proagrolab.com.ar\\\/advierten-que-la-lecheria-argentina-va-camino-a-un-cuadro-de-sobreoferta\\\/#article\",\"isPartOf\":{\"@id\":\"https:\\\/\\\/proagrolab.com.ar\\\/advierten-que-la-lecheria-argentina-va-camino-a-un-cuadro-de-sobreoferta\\\/\"},\"author\":{\"name\":\"Editor Proagro\",\"@id\":\"https:\\\/\\\/proagrolab.com.ar\\\/#\\\/schema\\\/person\\\/b23080c7caf108441a11c7bf48f17d4d\"},\"headline\":\"Advierten que la lecher\u00eda argentina va camino a un cuadro de sobreoferta\",\"datePublished\":\"2015-07-03T16:24:44+00:00\",\"dateModified\":\"2020-06-29T19:21:28+00:00\",\"mainEntityOfPage\":{\"@id\":\"https:\\\/\\\/proagrolab.com.ar\\\/advierten-que-la-lecheria-argentina-va-camino-a-un-cuadro-de-sobreoferta\\\/\"},\"wordCount\":278,\"publisher\":{\"@id\":\"https:\\\/\\\/proagrolab.com.ar\\\/#organization\"},\"image\":{\"@id\":\"https:\\\/\\\/proagrolab.com.ar\\\/advierten-que-la-lecheria-argentina-va-camino-a-un-cuadro-de-sobreoferta\\\/#primaryimage\"},\"thumbnailUrl\":\"https:\\\/\\\/proagrolab.com.ar\\\/wp-content\\\/uploads\\\/2015\\\/07\\\/Portada-P\u00e1gina-Nueva-03-07.jpg\",\"keywords\":[\"Ganader\u00eda\",\"News\",\"\",\"Noticias\"],\"articleSection\":[\"News\"],\"inLanguage\":\"en-US\"},{\"@type\":\"WebPage\",\"@id\":\"https:\\\/\\\/proagrolab.com.ar\\\/advierten-que-la-lecheria-argentina-va-camino-a-un-cuadro-de-sobreoferta\\\/\",\"url\":\"https:\\\/\\\/proagrolab.com.ar\\\/advierten-que-la-lecheria-argentina-va-camino-a-un-cuadro-de-sobreoferta\\\/\",\"name\":\"Advierten que la lecher\u00eda argentina va camino a un cuadro de sobreoferta | Proagro\",\"isPartOf\":{\"@id\":\"https:\\\/\\\/proagrolab.com.ar\\\/#website\"},\"primaryImageOfPage\":{\"@id\":\"https:\\\/\\\/proagrolab.com.ar\\\/advierten-que-la-lecheria-argentina-va-camino-a-un-cuadro-de-sobreoferta\\\/#primaryimage\"},\"image\":{\"@id\":\"https:\\\/\\\/proagrolab.com.ar\\\/advierten-que-la-lecheria-argentina-va-camino-a-un-cuadro-de-sobreoferta\\\/#primaryimage\"},\"thumbnailUrl\":\"https:\\\/\\\/proagrolab.com.ar\\\/wp-content\\\/uploads\\\/2015\\\/07\\\/Portada-P\u00e1gina-Nueva-03-07.jpg\",\"datePublished\":\"2015-07-03T16:24:44+00:00\",\"dateModified\":\"2020-06-29T19:21:28+00:00\",\"breadcrumb\":{\"@id\":\"https:\\\/\\\/proagrolab.com.ar\\\/advierten-que-la-lecheria-argentina-va-camino-a-un-cuadro-de-sobreoferta\\\/#breadcrumb\"},\"inLanguage\":\"en-US\",\"potentialAction\":[{\"@type\":\"ReadAction\",\"target\":[\"https:\\\/\\\/proagrolab.com.ar\\\/advierten-que-la-lecheria-argentina-va-camino-a-un-cuadro-de-sobreoferta\\\/\"]}]},{\"@type\":\"ImageObject\",\"inLanguage\":\"en-US\",\"@id\":\"https:\\\/\\\/proagrolab.com.ar\\\/advierten-que-la-lecheria-argentina-va-camino-a-un-cuadro-de-sobreoferta\\\/#primaryimage\",\"url\":\"https:\\\/\\\/proagrolab.com.ar\\\/wp-content\\\/uploads\\\/2015\\\/07\\\/Portada-P\u00e1gina-Nueva-03-07.jpg\",\"contentUrl\":\"https:\\\/\\\/proagrolab.com.ar\\\/wp-content\\\/uploads\\\/2015\\\/07\\\/Portada-P\u00e1gina-Nueva-03-07.jpg\",\"width\":1146,\"height\":395},{\"@type\":\"BreadcrumbList\",\"@id\":\"https:\\\/\\\/proagrolab.com.ar\\\/advierten-que-la-lecheria-argentina-va-camino-a-un-cuadro-de-sobreoferta\\\/#breadcrumb\",\"itemListElement\":[{\"@type\":\"ListItem\",\"position\":1,\"name\":\"Portada\",\"item\":\"https:\\\/\\\/proagrolab.com.ar\\\/\"},{\"@type\":\"ListItem\",\"position\":2,\"name\":\"Advierten que la lecher\u00eda argentina va camino a un cuadro de sobreoferta\"}]},{\"@type\":\"WebSite\",\"@id\":\"https:\\\/\\\/proagrolab.com.ar\\\/#website\",\"url\":\"https:\\\/\\\/proagrolab.com.ar\\\/\",\"name\":\"Proagro Laboratorio Veterinario\",\"description\":\"Veterinary laboratory\",\"publisher\":{\"@id\":\"https:\\\/\\\/proagrolab.com.ar\\\/#organization\"},\"potentialAction\":[{\"@type\":\"SearchAction\",\"target\":{\"@type\":\"EntryPoint\",\"urlTemplate\":\"https:\\\/\\\/proagrolab.com.ar\\\/?s={search_term_string}\"},\"query-input\":{\"@type\":\"PropertyValueSpecification\",\"valueRequired\":true,\"valueName\":\"search_term_string\"}}],\"inLanguage\":\"en-US\"},{\"@type\":\"Organization\",\"@id\":\"https:\\\/\\\/proagrolab.com.ar\\\/#organization\",\"name\":\"Proagro\",\"url\":\"https:\\\/\\\/proagrolab.com.ar\\\/\",\"logo\":{\"@type\":\"ImageObject\",\"inLanguage\":\"en-US\",\"@id\":\"https:\\\/\\\/proagrolab.com.ar\\\/#\\\/schema\\\/logo\\\/image\\\/\",\"url\":\"https:\\\/\\\/proagrolab.com.ar\\\/wp-content\\\/uploads\\\/2020\\\/04\\\/logo-retina.png\",\"contentUrl\":\"https:\\\/\\\/proagrolab.com.ar\\\/wp-content\\\/uploads\\\/2020\\\/04\\\/logo-retina.png\",\"width\":478,\"height\":120,\"caption\":\"Proagro\"},\"image\":{\"@id\":\"https:\\\/\\\/proagrolab.com.ar\\\/#\\\/schema\\\/logo\\\/image\\\/\"},\"sameAs\":[\"http:\\\/\\\/www.facebook.com\\\/proagrolab\",\"https:\\\/\\\/www.instagram.com\\\/proagrolab\\\/\",\"https:\\\/\\\/www.linkedin.com\\\/company\\\/laboratorio-proagro-s-a\\\/\"]},{\"@type\":\"Person\",\"@id\":\"https:\\\/\\\/proagrolab.com.ar\\\/#\\\/schema\\\/person\\\/b23080c7caf108441a11c7bf48f17d4d\",\"name\":\"Editor Proagro\"}]}<\/script>\n<!-- \/ Yoast SEO plugin. -->","yoast_head_json":{"title":"Advierten que la lecher\u00eda argentina va camino a un cuadro de sobreoferta | Proagro","robots":{"index":"index","follow":"follow","max-snippet":"max-snippet:-1","max-image-preview":"max-image-preview:large","max-video-preview":"max-video-preview:-1"},"canonical":"https:\/\/proagrolab.com.ar\/en\/advierten-que-la-lecheria-argentina-va-camino-a-un-cuadro-de-sobreoferta\/","og_locale":"en_US","og_type":"article","og_title":"Advierten que la lecher\u00eda argentina va camino a un cuadro de sobreoferta | Proagro","og_description":"Integrantes de la Mesa de Productores de Leche expusieron en Maizar sobre la actual coyuntura del sector l\u00e1cteo, en el panel \u201cAgenda Estrat\u00e9gica para el Sector L\u00e1cteo\u201d en Maizar 2015. Por Prensa Maizar. En el Congreso Maizar 2015 se realiz\u00f3 un panel denominado \u201cAgenda Estrat\u00e9gica para el Sector L\u00e1cteo\u201d, moderado por el periodista Daniel D\u00edaz, en el cual se analiz\u00f3 la actual coyuntura de los tambos en las principales cuencas y las pol\u00edticas que se necesitan para revertir la situaci\u00f3n de los productores. \u201cSi no hay salida a la exportaci\u00f3n vamos camino a un cuadro de sobreoferta interna\u201d, advirti\u00f3 Manuel Ocampo, director de la Asociaci\u00f3n de Productores de Leche (APL). \u201cHay que entender que lo que es bueno para la lecher\u00eda, es bueno para la Argentina\u201d, coment\u00f3. \u201cA los productores nos bajaron un 6% el precio este mes pasando a $ 3,10 por litro y puede llegar a $ 2,80 en los pr\u00f3ximos meses\u201d, \u00a0alert\u00f3 Ocampo. \u201cHay que ir a luchar mercados porque a nivel internacional no se soporta la actual sobreoferta\u201d, agreg\u00f3. Por su parte, Carlos Brave, directivo de APL, describi\u00f3 que \u201cla producci\u00f3n de leche desde el 1998 se mantuvo constante en alrededor de los 10.000 millones de [&hellip;]","og_url":"https:\/\/proagrolab.com.ar\/advierten-que-la-lecheria-argentina-va-camino-a-un-cuadro-de-sobreoferta\/","og_site_name":"Proagro","article_publisher":"http:\/\/www.facebook.com\/proagrolab","article_published_time":"2015-07-03T16:24:44+00:00","article_modified_time":"2020-06-29T19:21:28+00:00","og_image":[{"width":1146,"height":395,"url":"https:\/\/proagrolab.com.ar\/wp-content\/uploads\/2015\/07\/Portada-P\u00e1gina-Nueva-03-07.jpg","type":"image\/jpeg"}],"author":"Editor Proagro","twitter_card":"summary_large_image","twitter_misc":{"Written by":"Editor Proagro","Est. reading time":"1 minute"},"schema":{"@context":"https:\/\/schema.org","@graph":[{"@type":"Article","@id":"https:\/\/proagrolab.com.ar\/advierten-que-la-lecheria-argentina-va-camino-a-un-cuadro-de-sobreoferta\/#article","isPartOf":{"@id":"https:\/\/proagrolab.com.ar\/advierten-que-la-lecheria-argentina-va-camino-a-un-cuadro-de-sobreoferta\/"},"author":{"name":"Editor Proagro","@id":"https:\/\/proagrolab.com.ar\/#\/schema\/person\/b23080c7caf108441a11c7bf48f17d4d"},"headline":"Advierten que la lecher\u00eda argentina va camino a un cuadro de sobreoferta","datePublished":"2015-07-03T16:24:44+00:00","dateModified":"2020-06-29T19:21:28+00:00","mainEntityOfPage":{"@id":"https:\/\/proagrolab.com.ar\/advierten-que-la-lecheria-argentina-va-camino-a-un-cuadro-de-sobreoferta\/"},"wordCount":278,"publisher":{"@id":"https:\/\/proagrolab.com.ar\/#organization"},"image":{"@id":"https:\/\/proagrolab.com.ar\/advierten-que-la-lecheria-argentina-va-camino-a-un-cuadro-de-sobreoferta\/#primaryimage"},"thumbnailUrl":"https:\/\/proagrolab.com.ar\/wp-content\/uploads\/2015\/07\/Portada-P\u00e1gina-Nueva-03-07.jpg","keywords":["Ganader\u00eda","News","","Noticias"],"articleSection":["News"],"inLanguage":"en-US"},{"@type":"WebPage","@id":"https:\/\/proagrolab.com.ar\/advierten-que-la-lecheria-argentina-va-camino-a-un-cuadro-de-sobreoferta\/","url":"https:\/\/proagrolab.com.ar\/advierten-que-la-lecheria-argentina-va-camino-a-un-cuadro-de-sobreoferta\/","name":"Advierten que la lecher\u00eda argentina va camino a un cuadro de sobreoferta | Proagro","isPartOf":{"@id":"https:\/\/proagrolab.com.ar\/#website"},"primaryImageOfPage":{"@id":"https:\/\/proagrolab.com.ar\/advierten-que-la-lecheria-argentina-va-camino-a-un-cuadro-de-sobreoferta\/#primaryimage"},"image":{"@id":"https:\/\/proagrolab.com.ar\/advierten-que-la-lecheria-argentina-va-camino-a-un-cuadro-de-sobreoferta\/#primaryimage"},"thumbnailUrl":"https:\/\/proagrolab.com.ar\/wp-content\/uploads\/2015\/07\/Portada-P\u00e1gina-Nueva-03-07.jpg","datePublished":"2015-07-03T16:24:44+00:00","dateModified":"2020-06-29T19:21:28+00:00","breadcrumb":{"@id":"https:\/\/proagrolab.com.ar\/advierten-que-la-lecheria-argentina-va-camino-a-un-cuadro-de-sobreoferta\/#breadcrumb"},"inLanguage":"en-US","potentialAction":[{"@type":"ReadAction","target":["https:\/\/proagrolab.com.ar\/advierten-que-la-lecheria-argentina-va-camino-a-un-cuadro-de-sobreoferta\/"]}]},{"@type":"ImageObject","inLanguage":"en-US","@id":"https:\/\/proagrolab.com.ar\/advierten-que-la-lecheria-argentina-va-camino-a-un-cuadro-de-sobreoferta\/#primaryimage","url":"https:\/\/proagrolab.com.ar\/wp-content\/uploads\/2015\/07\/Portada-P\u00e1gina-Nueva-03-07.jpg","contentUrl":"https:\/\/proagrolab.com.ar\/wp-content\/uploads\/2015\/07\/Portada-P\u00e1gina-Nueva-03-07.jpg","width":1146,"height":395},{"@type":"BreadcrumbList","@id":"https:\/\/proagrolab.com.ar\/advierten-que-la-lecheria-argentina-va-camino-a-un-cuadro-de-sobreoferta\/#breadcrumb","itemListElement":[{"@type":"ListItem","position":1,"name":"Portada","item":"https:\/\/proagrolab.com.ar\/"},{"@type":"ListItem","position":2,"name":"Advierten que la lecher\u00eda argentina va camino a un cuadro de sobreoferta"}]},{"@type":"WebSite","@id":"https:\/\/proagrolab.com.ar\/#website","url":"https:\/\/proagrolab.com.ar\/","name":"Proagro Laboratorio Veterinario","description":"Veterinary laboratory","publisher":{"@id":"https:\/\/proagrolab.com.ar\/#organization"},"potentialAction":[{"@type":"SearchAction","target":{"@type":"EntryPoint","urlTemplate":"https:\/\/proagrolab.com.ar\/?s={search_term_string}"},"query-input":{"@type":"PropertyValueSpecification","valueRequired":true,"valueName":"search_term_string"}}],"inLanguage":"en-US"},{"@type":"Organization","@id":"https:\/\/proagrolab.com.ar\/#organization","name":"Proagro","url":"https:\/\/proagrolab.com.ar\/","logo":{"@type":"ImageObject","inLanguage":"en-US","@id":"https:\/\/proagrolab.com.ar\/#\/schema\/logo\/image\/","url":"https:\/\/proagrolab.com.ar\/wp-content\/uploads\/2020\/04\/logo-retina.png","contentUrl":"https:\/\/proagrolab.com.ar\/wp-content\/uploads\/2020\/04\/logo-retina.png","width":478,"height":120,"caption":"Proagro"},"image":{"@id":"https:\/\/proagrolab.com.ar\/#\/schema\/logo\/image\/"},"sameAs":["http:\/\/www.facebook.com\/proagrolab","https:\/\/www.instagram.com\/proagrolab\/","https:\/\/www.linkedin.com\/company\/laboratorio-proagro-s-a\/"]},{"@type":"Person","@id":"https:\/\/proagrolab.com.ar\/#\/schema\/person\/b23080c7caf108441a11c7bf48f17d4d","name":"Editor Proagro"}]}},"_links":{"self":[{"href":"https:\/\/proagrolab.com.ar\/en\/wp-json\/wp\/v2\/posts\/6877","targetHints":{"allow":["GET"]}}],"collection":[{"href":"https:\/\/proagrolab.com.ar\/en\/wp-json\/wp\/v2\/posts"}],"about":[{"href":"https:\/\/proagrolab.com.ar\/en\/wp-json\/wp\/v2\/types\/post"}],"author":[{"embeddable":true,"href":"https:\/\/proagrolab.com.ar\/en\/wp-json\/wp\/v2\/users\/3"}],"replies":[{"embeddable":true,"href":"https:\/\/proagrolab.com.ar\/en\/wp-json\/wp\/v2\/comments?post=6877"}],"version-history":[{"count":1,"href":"https:\/\/proagrolab.com.ar\/en\/wp-json\/wp\/v2\/posts\/6877\/revisions"}],"predecessor-version":[{"id":14066,"href":"https:\/\/proagrolab.com.ar\/en\/wp-json\/wp\/v2\/posts\/6877\/revisions\/14066"}],"wp:featuredmedia":[{"embeddable":true,"href":"https:\/\/proagrolab.com.ar\/en\/wp-json\/wp\/v2\/media\/6879"}],"wp:attachment":[{"href":"https:\/\/proagrolab.com.ar\/en\/wp-json\/wp\/v2\/media?parent=6877"}],"wp:term":[{"taxonomy":"category","embeddable":true,"href":"https:\/\/proagrolab.com.ar\/en\/wp-json\/wp\/v2\/categories?post=6877"},{"taxonomy":"post_tag","embeddable":true,"href":"https:\/\/proagrolab.com.ar\/en\/wp-json\/wp\/v2\/tags?post=6877"}],"curies":[{"name":"wp","href":"https:\/\/api.w.org\/{rel}","templated":true}]}}