{"id":6854,"date":"2015-06-26T15:27:03","date_gmt":"2015-06-26T15:27:03","guid":{"rendered":"https:\/\/proagrolab.com.ar\/?p=6854"},"modified":"2020-06-29T19:21:02","modified_gmt":"2020-06-29T19:21:02","slug":"nueva-linea-de-creditos-para-productores-ganaderos","status":"publish","type":"post","link":"https:\/\/proagrolab.com.ar\/en\/nueva-linea-de-creditos-para-productores-ganaderos\/","title":{"rendered":"Nueva l\u00ednea de cr\u00e9ditos para productores ganaderos"},"content":{"rendered":"<p class=\"qtranxs-available-languages-message qtranxs-available-languages-message-en\"> <\/p><p><\/p>\n<div class=\"field field-name-field-bajada field-type-text-long field-label-hidden\"><em><strong>La presidenta de la Naci\u00f3n, Cristina Fern\u00e1ndez de Kirchner, anunci\u00f3 una nueva l\u00ednea de cr\u00e9ditos para el sector ganadero de La Pampa.\u00a0El principal objetivo de la nueva l\u00ednea de cr\u00e9ditos ser\u00e1 brindar asistencia financiera al sector ganadero de la provincia de La Pampa.<\/strong><\/em><\/div>\n<p class=\"authoring\"><em>Por <span class=\"source\">MINAGRI.<\/span><\/em><\/p>\n<p class=\"authoring\">\u00a0<\/p>\n<div class=\"field field-name-body field-type-text-with-summary field-label-hidden\">\n<p><em>&#8220;Esta <strong>nueva l\u00ednea de cr\u00e9ditos<\/strong> para productores ganaderos estar\u00e1 financiada en 6 puntos por el ministerio de Agricultura de la Naci\u00f3n, 2,5 puntos por el gobierno de La Pampa y 1,5 puntos por el Banco de La Pampa&#8221;<\/em>, anunci\u00f3 la <a href=\"http:\/\/www.fyo.com\/noticia\/150387\/cadena-nacional-presidenta-reconocio-error-cometido-125\" target=\"_blank\" rel=\"noopener noreferrer\">jefa de Estado<\/a> durante el acto realizado en el <strong>Club Estudiantes de Santa Rosa<\/strong>.\u00a0<\/p>\n<p>El principal objetivo de la <strong>nueva l\u00ednea de cr\u00e9ditos<\/strong> ser\u00e1 brindar asistencia financiera al sector ganadero de la provincia de La Pampa con bonificaci\u00f3n de 6 puntos porcentuales sobre la tasa de inter\u00e9s de los cr\u00e9ditos otorgados y ser\u00e1 de hasta 3 millones de pesos para destinar en <strong>capital de trabajo e inversi\u00f3n<\/strong>. Tendr\u00e1 como beneficiarios a alrededor de 500 peque\u00f1os y medianos productores, empresas y cooperativas agropecuarias que se dediquen a <strong>ganader\u00eda bovina, porcina, ovina, aviar y otras especies c\u00e1rnicas<\/strong>.\u00a0<\/p>\n<p>Casamiquela, quien estuvo acompa\u00f1ado por el<strong> jefe de Gabinete del Ministerio<\/strong>, H\u00e9ctor Espina, asegur\u00f3 que &#8220;buscamos seguir potenciando la ganader\u00eda nacional, apoyando a los peque\u00f1os y medianos productores con l\u00edneas de cr\u00e9dito para capital de trabajo, mejoramiento gen\u00e9tico, infraestructura y dem\u00e1s herramientas para <strong>acompa\u00f1ar su desarrollo<\/strong>&#8220;.\u00a0<\/p>\n<p>Las <strong>condiciones del financiamiento<\/strong> contemplan un plazo de 5 a\u00f1os para inversiones y 12 meses para capital de trabajo y un per\u00edodo de gracia para inversiones de 18 meses.<\/p>\n<p><strong>Destinos.<\/strong> Se contemplan tres posibles del <strong>financiamiento<\/strong>:\u00a0<\/p>\n<ul class=\"lista-manual-ul-li lihacienda\">\n<li>Las i<strong>nversiones en activos fijos<\/strong>, como lo son la construcci\u00f3n o ampliaci\u00f3n de instalaciones o infraestructura, el mejoramiento gen\u00e9tico, la compra de reproductores de rodeo general (con excepciones), la retenci\u00f3n de vientres hasta un m\u00e1ximo por proyecto de 200 vaquillonas\/terneras y la producci\u00f3n de forraje (implantaci\u00f3n, intersiembra y fertilizaci\u00f3n de pasturas perennes).\u00a0<\/li>\n<li>El <strong>Capital de trabajo y gastos<\/strong> de evoluci\u00f3n, que incluye adquisici\u00f3n de semillas certificadas, gastos de alimentaci\u00f3n, sanidad, siembra de verdeos anuales, constituci\u00f3n de reservas forrajeras, entre otros que no sobrepasen el 20% del total del pr\u00e9stamo.\u00a0<\/li>\n<li>Los <strong>gastos de evoluci\u00f3n espec\u00edficos<\/strong>, que se refiere a compra de terneros, novillitos, novillos, terneras y vaquillonas con destino a sistemas de engorde intensivo o feed lot.<\/li>\n<\/ul>\n<p><em>Fuente:\u00a0http:\/\/www.fyo.com\/noticia\/150386\/nueva-linea-creditos-productores-ganaderos<\/em><\/p>\n<\/div>\n<p><\/p>","protected":false},"excerpt":{"rendered":"<p>La presidenta de la Naci\u00f3n, Cristina Fern\u00e1ndez de Kirchner, anunci\u00f3 una nueva l\u00ednea de cr\u00e9ditos para el sector ganadero de La Pampa.\u00a0El principal objetivo de la nueva l\u00ednea de cr\u00e9ditos ser\u00e1 brindar asistencia financiera al sector ganadero de la provincia de La Pampa. Por MINAGRI. \u00a0 &#8220;Esta nueva l\u00ednea de cr\u00e9ditos para productores ganaderos estar\u00e1 financiada en 6 puntos por el ministerio de Agricultura de la Naci\u00f3n, 2,5 puntos por el gobierno de La Pampa y 1,5 puntos por el Banco de La Pampa&#8221;, anunci\u00f3 la jefa de Estado durante el acto realizado en el Club Estudiantes de Santa Rosa.\u00a0 El principal objetivo de la nueva l\u00ednea de cr\u00e9ditos ser\u00e1 brindar asistencia financiera al sector ganadero de la provincia de La Pampa con bonificaci\u00f3n de 6 puntos porcentuales sobre la tasa de inter\u00e9s de los cr\u00e9ditos otorgados y ser\u00e1 de hasta 3 millones de pesos para destinar en capital de trabajo e inversi\u00f3n. Tendr\u00e1 como beneficiarios a alrededor de 500 peque\u00f1os y medianos productores, empresas y cooperativas agropecuarias que se dediquen a ganader\u00eda bovina, porcina, ovina, aviar y otras especies c\u00e1rnicas.\u00a0 Casamiquela, quien estuvo acompa\u00f1ado por el jefe de Gabinete del Ministerio, H\u00e9ctor Espina, asegur\u00f3 que &#8220;buscamos seguir potenciando la [&hellip;]<\/p>\n","protected":false},"author":3,"featured_media":6852,"comment_status":"closed","ping_status":"open","sticky":false,"template":"","format":"standard","meta":{"_acf_changed":false,"footnotes":""},"categories":[56],"tags":[80,78,79],"class_list":["post-6854","post","type-post","status-publish","format-standard","has-post-thumbnail","hentry","category-infoganadero","tag-ganaderia","tag-infoganadero","tag-noticias"],"acf":[],"yoast_head":"<!-- This site is optimized with the Yoast SEO plugin v27.4 - https:\/\/yoast.com\/product\/yoast-seo-wordpress\/ -->\n<title>Nueva l\u00ednea de cr\u00e9ditos para productores ganaderos | Proagro<\/title>\n<meta name=\"robots\" content=\"index, follow, max-snippet:-1, max-image-preview:large, max-video-preview:-1\" \/>\n<link rel=\"canonical\" href=\"https:\/\/proagrolab.com.ar\/en\/nueva-linea-de-creditos-para-productores-ganaderos\/\" \/>\n<meta property=\"og:locale\" content=\"en_US\" \/>\n<meta property=\"og:type\" content=\"article\" \/>\n<meta property=\"og:title\" content=\"Nueva l\u00ednea de cr\u00e9ditos para productores ganaderos | Proagro\" \/>\n<meta property=\"og:description\" content=\"La presidenta de la Naci\u00f3n, Cristina Fern\u00e1ndez de Kirchner, anunci\u00f3 una nueva l\u00ednea de cr\u00e9ditos para el sector ganadero de La Pampa.\u00a0El principal objetivo de la nueva l\u00ednea de cr\u00e9ditos ser\u00e1 brindar asistencia financiera al sector ganadero de la provincia de La Pampa. Por MINAGRI. \u00a0 &#8220;Esta nueva l\u00ednea de cr\u00e9ditos para productores ganaderos estar\u00e1 financiada en 6 puntos por el ministerio de Agricultura de la Naci\u00f3n, 2,5 puntos por el gobierno de La Pampa y 1,5 puntos por el Banco de La Pampa&#8221;, anunci\u00f3 la jefa de Estado durante el acto realizado en el Club Estudiantes de Santa Rosa.\u00a0 El principal objetivo de la nueva l\u00ednea de cr\u00e9ditos ser\u00e1 brindar asistencia financiera al sector ganadero de la provincia de La Pampa con bonificaci\u00f3n de 6 puntos porcentuales sobre la tasa de inter\u00e9s de los cr\u00e9ditos otorgados y ser\u00e1 de hasta 3 millones de pesos para destinar en capital de trabajo e inversi\u00f3n. Tendr\u00e1 como beneficiarios a alrededor de 500 peque\u00f1os y medianos productores, empresas y cooperativas agropecuarias que se dediquen a ganader\u00eda bovina, porcina, ovina, aviar y otras especies c\u00e1rnicas.\u00a0 Casamiquela, quien estuvo acompa\u00f1ado por el jefe de Gabinete del Ministerio, H\u00e9ctor Espina, asegur\u00f3 que &#8220;buscamos seguir potenciando la [&hellip;]\" \/>\n<meta property=\"og:url\" content=\"https:\/\/proagrolab.com.ar\/nueva-linea-de-creditos-para-productores-ganaderos\/\" \/>\n<meta property=\"og:site_name\" content=\"Proagro\" \/>\n<meta property=\"article:publisher\" content=\"http:\/\/www.facebook.com\/proagrolab\" \/>\n<meta property=\"article:published_time\" content=\"2015-06-26T15:27:03+00:00\" \/>\n<meta property=\"article:modified_time\" content=\"2020-06-29T19:21:02+00:00\" \/>\n<meta property=\"og:image\" content=\"https:\/\/proagrolab.com.ar\/wp-content\/uploads\/2015\/06\/Portada-P\u00e1gina-Nueva-26-06.jpg\" \/>\n\t<meta property=\"og:image:width\" content=\"1146\" \/>\n\t<meta property=\"og:image:height\" content=\"395\" \/>\n\t<meta property=\"og:image:type\" content=\"image\/jpeg\" \/>\n<meta name=\"author\" content=\"Editor Proagro\" \/>\n<meta name=\"twitter:card\" content=\"summary_large_image\" \/>\n<meta name=\"twitter:label1\" content=\"Written by\" \/>\n\t<meta name=\"twitter:data1\" content=\"Editor Proagro\" \/>\n\t<meta name=\"twitter:label2\" content=\"Est. reading time\" \/>\n\t<meta name=\"twitter:data2\" content=\"2 minutes\" \/>\n<script type=\"application\/ld+json\" class=\"yoast-schema-graph\">{\"@context\":\"https:\\\/\\\/schema.org\",\"@graph\":[{\"@type\":\"Article\",\"@id\":\"https:\\\/\\\/proagrolab.com.ar\\\/nueva-linea-de-creditos-para-productores-ganaderos\\\/#article\",\"isPartOf\":{\"@id\":\"https:\\\/\\\/proagrolab.com.ar\\\/nueva-linea-de-creditos-para-productores-ganaderos\\\/\"},\"author\":{\"name\":\"Editor Proagro\",\"@id\":\"https:\\\/\\\/proagrolab.com.ar\\\/#\\\/schema\\\/person\\\/b23080c7caf108441a11c7bf48f17d4d\"},\"headline\":\"Nueva l\u00ednea de cr\u00e9ditos para productores ganaderos\",\"datePublished\":\"2015-06-26T15:27:03+00:00\",\"dateModified\":\"2020-06-29T19:21:02+00:00\",\"mainEntityOfPage\":{\"@id\":\"https:\\\/\\\/proagrolab.com.ar\\\/nueva-linea-de-creditos-para-productores-ganaderos\\\/\"},\"wordCount\":429,\"publisher\":{\"@id\":\"https:\\\/\\\/proagrolab.com.ar\\\/#organization\"},\"image\":{\"@id\":\"https:\\\/\\\/proagrolab.com.ar\\\/nueva-linea-de-creditos-para-productores-ganaderos\\\/#primaryimage\"},\"thumbnailUrl\":\"https:\\\/\\\/proagrolab.com.ar\\\/wp-content\\\/uploads\\\/2015\\\/06\\\/Portada-P\u00e1gina-Nueva-26-06.jpg\",\"keywords\":[\"Ganader\u00eda\",\"News\",\"Noticias\"],\"articleSection\":[\"News\"],\"inLanguage\":\"en-US\"},{\"@type\":\"WebPage\",\"@id\":\"https:\\\/\\\/proagrolab.com.ar\\\/nueva-linea-de-creditos-para-productores-ganaderos\\\/\",\"url\":\"https:\\\/\\\/proagrolab.com.ar\\\/nueva-linea-de-creditos-para-productores-ganaderos\\\/\",\"name\":\"Nueva l\u00ednea de cr\u00e9ditos para productores ganaderos | Proagro\",\"isPartOf\":{\"@id\":\"https:\\\/\\\/proagrolab.com.ar\\\/#website\"},\"primaryImageOfPage\":{\"@id\":\"https:\\\/\\\/proagrolab.com.ar\\\/nueva-linea-de-creditos-para-productores-ganaderos\\\/#primaryimage\"},\"image\":{\"@id\":\"https:\\\/\\\/proagrolab.com.ar\\\/nueva-linea-de-creditos-para-productores-ganaderos\\\/#primaryimage\"},\"thumbnailUrl\":\"https:\\\/\\\/proagrolab.com.ar\\\/wp-content\\\/uploads\\\/2015\\\/06\\\/Portada-P\u00e1gina-Nueva-26-06.jpg\",\"datePublished\":\"2015-06-26T15:27:03+00:00\",\"dateModified\":\"2020-06-29T19:21:02+00:00\",\"breadcrumb\":{\"@id\":\"https:\\\/\\\/proagrolab.com.ar\\\/nueva-linea-de-creditos-para-productores-ganaderos\\\/#breadcrumb\"},\"inLanguage\":\"en-US\",\"potentialAction\":[{\"@type\":\"ReadAction\",\"target\":[\"https:\\\/\\\/proagrolab.com.ar\\\/nueva-linea-de-creditos-para-productores-ganaderos\\\/\"]}]},{\"@type\":\"ImageObject\",\"inLanguage\":\"en-US\",\"@id\":\"https:\\\/\\\/proagrolab.com.ar\\\/nueva-linea-de-creditos-para-productores-ganaderos\\\/#primaryimage\",\"url\":\"https:\\\/\\\/proagrolab.com.ar\\\/wp-content\\\/uploads\\\/2015\\\/06\\\/Portada-P\u00e1gina-Nueva-26-06.jpg\",\"contentUrl\":\"https:\\\/\\\/proagrolab.com.ar\\\/wp-content\\\/uploads\\\/2015\\\/06\\\/Portada-P\u00e1gina-Nueva-26-06.jpg\",\"width\":1146,\"height\":395},{\"@type\":\"BreadcrumbList\",\"@id\":\"https:\\\/\\\/proagrolab.com.ar\\\/nueva-linea-de-creditos-para-productores-ganaderos\\\/#breadcrumb\",\"itemListElement\":[{\"@type\":\"ListItem\",\"position\":1,\"name\":\"Portada\",\"item\":\"https:\\\/\\\/proagrolab.com.ar\\\/\"},{\"@type\":\"ListItem\",\"position\":2,\"name\":\"Nueva l\u00ednea de cr\u00e9ditos para productores ganaderos\"}]},{\"@type\":\"WebSite\",\"@id\":\"https:\\\/\\\/proagrolab.com.ar\\\/#website\",\"url\":\"https:\\\/\\\/proagrolab.com.ar\\\/\",\"name\":\"Proagro Laboratorio Veterinario\",\"description\":\"Veterinary laboratory\",\"publisher\":{\"@id\":\"https:\\\/\\\/proagrolab.com.ar\\\/#organization\"},\"potentialAction\":[{\"@type\":\"SearchAction\",\"target\":{\"@type\":\"EntryPoint\",\"urlTemplate\":\"https:\\\/\\\/proagrolab.com.ar\\\/?s={search_term_string}\"},\"query-input\":{\"@type\":\"PropertyValueSpecification\",\"valueRequired\":true,\"valueName\":\"search_term_string\"}}],\"inLanguage\":\"en-US\"},{\"@type\":\"Organization\",\"@id\":\"https:\\\/\\\/proagrolab.com.ar\\\/#organization\",\"name\":\"Proagro\",\"url\":\"https:\\\/\\\/proagrolab.com.ar\\\/\",\"logo\":{\"@type\":\"ImageObject\",\"inLanguage\":\"en-US\",\"@id\":\"https:\\\/\\\/proagrolab.com.ar\\\/#\\\/schema\\\/logo\\\/image\\\/\",\"url\":\"https:\\\/\\\/proagrolab.com.ar\\\/wp-content\\\/uploads\\\/2020\\\/04\\\/logo-retina.png\",\"contentUrl\":\"https:\\\/\\\/proagrolab.com.ar\\\/wp-content\\\/uploads\\\/2020\\\/04\\\/logo-retina.png\",\"width\":478,\"height\":120,\"caption\":\"Proagro\"},\"image\":{\"@id\":\"https:\\\/\\\/proagrolab.com.ar\\\/#\\\/schema\\\/logo\\\/image\\\/\"},\"sameAs\":[\"http:\\\/\\\/www.facebook.com\\\/proagrolab\",\"https:\\\/\\\/www.instagram.com\\\/proagrolab\\\/\",\"https:\\\/\\\/www.linkedin.com\\\/company\\\/laboratorio-proagro-s-a\\\/\"]},{\"@type\":\"Person\",\"@id\":\"https:\\\/\\\/proagrolab.com.ar\\\/#\\\/schema\\\/person\\\/b23080c7caf108441a11c7bf48f17d4d\",\"name\":\"Editor Proagro\"}]}<\/script>\n<!-- \/ Yoast SEO plugin. -->","yoast_head_json":{"title":"Nueva l\u00ednea de cr\u00e9ditos para productores ganaderos | Proagro","robots":{"index":"index","follow":"follow","max-snippet":"max-snippet:-1","max-image-preview":"max-image-preview:large","max-video-preview":"max-video-preview:-1"},"canonical":"https:\/\/proagrolab.com.ar\/en\/nueva-linea-de-creditos-para-productores-ganaderos\/","og_locale":"en_US","og_type":"article","og_title":"Nueva l\u00ednea de cr\u00e9ditos para productores ganaderos | Proagro","og_description":"La presidenta de la Naci\u00f3n, Cristina Fern\u00e1ndez de Kirchner, anunci\u00f3 una nueva l\u00ednea de cr\u00e9ditos para el sector ganadero de La Pampa.\u00a0El principal objetivo de la nueva l\u00ednea de cr\u00e9ditos ser\u00e1 brindar asistencia financiera al sector ganadero de la provincia de La Pampa. Por MINAGRI. \u00a0 &#8220;Esta nueva l\u00ednea de cr\u00e9ditos para productores ganaderos estar\u00e1 financiada en 6 puntos por el ministerio de Agricultura de la Naci\u00f3n, 2,5 puntos por el gobierno de La Pampa y 1,5 puntos por el Banco de La Pampa&#8221;, anunci\u00f3 la jefa de Estado durante el acto realizado en el Club Estudiantes de Santa Rosa.\u00a0 El principal objetivo de la nueva l\u00ednea de cr\u00e9ditos ser\u00e1 brindar asistencia financiera al sector ganadero de la provincia de La Pampa con bonificaci\u00f3n de 6 puntos porcentuales sobre la tasa de inter\u00e9s de los cr\u00e9ditos otorgados y ser\u00e1 de hasta 3 millones de pesos para destinar en capital de trabajo e inversi\u00f3n. Tendr\u00e1 como beneficiarios a alrededor de 500 peque\u00f1os y medianos productores, empresas y cooperativas agropecuarias que se dediquen a ganader\u00eda bovina, porcina, ovina, aviar y otras especies c\u00e1rnicas.\u00a0 Casamiquela, quien estuvo acompa\u00f1ado por el jefe de Gabinete del Ministerio, H\u00e9ctor Espina, asegur\u00f3 que &#8220;buscamos seguir potenciando la [&hellip;]","og_url":"https:\/\/proagrolab.com.ar\/nueva-linea-de-creditos-para-productores-ganaderos\/","og_site_name":"Proagro","article_publisher":"http:\/\/www.facebook.com\/proagrolab","article_published_time":"2015-06-26T15:27:03+00:00","article_modified_time":"2020-06-29T19:21:02+00:00","og_image":[{"width":1146,"height":395,"url":"https:\/\/proagrolab.com.ar\/wp-content\/uploads\/2015\/06\/Portada-P\u00e1gina-Nueva-26-06.jpg","type":"image\/jpeg"}],"author":"Editor Proagro","twitter_card":"summary_large_image","twitter_misc":{"Written by":"Editor Proagro","Est. reading time":"2 minutes"},"schema":{"@context":"https:\/\/schema.org","@graph":[{"@type":"Article","@id":"https:\/\/proagrolab.com.ar\/nueva-linea-de-creditos-para-productores-ganaderos\/#article","isPartOf":{"@id":"https:\/\/proagrolab.com.ar\/nueva-linea-de-creditos-para-productores-ganaderos\/"},"author":{"name":"Editor Proagro","@id":"https:\/\/proagrolab.com.ar\/#\/schema\/person\/b23080c7caf108441a11c7bf48f17d4d"},"headline":"Nueva l\u00ednea de cr\u00e9ditos para productores ganaderos","datePublished":"2015-06-26T15:27:03+00:00","dateModified":"2020-06-29T19:21:02+00:00","mainEntityOfPage":{"@id":"https:\/\/proagrolab.com.ar\/nueva-linea-de-creditos-para-productores-ganaderos\/"},"wordCount":429,"publisher":{"@id":"https:\/\/proagrolab.com.ar\/#organization"},"image":{"@id":"https:\/\/proagrolab.com.ar\/nueva-linea-de-creditos-para-productores-ganaderos\/#primaryimage"},"thumbnailUrl":"https:\/\/proagrolab.com.ar\/wp-content\/uploads\/2015\/06\/Portada-P\u00e1gina-Nueva-26-06.jpg","keywords":["Ganader\u00eda","News","Noticias"],"articleSection":["News"],"inLanguage":"en-US"},{"@type":"WebPage","@id":"https:\/\/proagrolab.com.ar\/nueva-linea-de-creditos-para-productores-ganaderos\/","url":"https:\/\/proagrolab.com.ar\/nueva-linea-de-creditos-para-productores-ganaderos\/","name":"Nueva l\u00ednea de cr\u00e9ditos para productores ganaderos | Proagro","isPartOf":{"@id":"https:\/\/proagrolab.com.ar\/#website"},"primaryImageOfPage":{"@id":"https:\/\/proagrolab.com.ar\/nueva-linea-de-creditos-para-productores-ganaderos\/#primaryimage"},"image":{"@id":"https:\/\/proagrolab.com.ar\/nueva-linea-de-creditos-para-productores-ganaderos\/#primaryimage"},"thumbnailUrl":"https:\/\/proagrolab.com.ar\/wp-content\/uploads\/2015\/06\/Portada-P\u00e1gina-Nueva-26-06.jpg","datePublished":"2015-06-26T15:27:03+00:00","dateModified":"2020-06-29T19:21:02+00:00","breadcrumb":{"@id":"https:\/\/proagrolab.com.ar\/nueva-linea-de-creditos-para-productores-ganaderos\/#breadcrumb"},"inLanguage":"en-US","potentialAction":[{"@type":"ReadAction","target":["https:\/\/proagrolab.com.ar\/nueva-linea-de-creditos-para-productores-ganaderos\/"]}]},{"@type":"ImageObject","inLanguage":"en-US","@id":"https:\/\/proagrolab.com.ar\/nueva-linea-de-creditos-para-productores-ganaderos\/#primaryimage","url":"https:\/\/proagrolab.com.ar\/wp-content\/uploads\/2015\/06\/Portada-P\u00e1gina-Nueva-26-06.jpg","contentUrl":"https:\/\/proagrolab.com.ar\/wp-content\/uploads\/2015\/06\/Portada-P\u00e1gina-Nueva-26-06.jpg","width":1146,"height":395},{"@type":"BreadcrumbList","@id":"https:\/\/proagrolab.com.ar\/nueva-linea-de-creditos-para-productores-ganaderos\/#breadcrumb","itemListElement":[{"@type":"ListItem","position":1,"name":"Portada","item":"https:\/\/proagrolab.com.ar\/"},{"@type":"ListItem","position":2,"name":"Nueva l\u00ednea de cr\u00e9ditos para productores ganaderos"}]},{"@type":"WebSite","@id":"https:\/\/proagrolab.com.ar\/#website","url":"https:\/\/proagrolab.com.ar\/","name":"Proagro Laboratorio Veterinario","description":"Veterinary laboratory","publisher":{"@id":"https:\/\/proagrolab.com.ar\/#organization"},"potentialAction":[{"@type":"SearchAction","target":{"@type":"EntryPoint","urlTemplate":"https:\/\/proagrolab.com.ar\/?s={search_term_string}"},"query-input":{"@type":"PropertyValueSpecification","valueRequired":true,"valueName":"search_term_string"}}],"inLanguage":"en-US"},{"@type":"Organization","@id":"https:\/\/proagrolab.com.ar\/#organization","name":"Proagro","url":"https:\/\/proagrolab.com.ar\/","logo":{"@type":"ImageObject","inLanguage":"en-US","@id":"https:\/\/proagrolab.com.ar\/#\/schema\/logo\/image\/","url":"https:\/\/proagrolab.com.ar\/wp-content\/uploads\/2020\/04\/logo-retina.png","contentUrl":"https:\/\/proagrolab.com.ar\/wp-content\/uploads\/2020\/04\/logo-retina.png","width":478,"height":120,"caption":"Proagro"},"image":{"@id":"https:\/\/proagrolab.com.ar\/#\/schema\/logo\/image\/"},"sameAs":["http:\/\/www.facebook.com\/proagrolab","https:\/\/www.instagram.com\/proagrolab\/","https:\/\/www.linkedin.com\/company\/laboratorio-proagro-s-a\/"]},{"@type":"Person","@id":"https:\/\/proagrolab.com.ar\/#\/schema\/person\/b23080c7caf108441a11c7bf48f17d4d","name":"Editor Proagro"}]}},"_links":{"self":[{"href":"https:\/\/proagrolab.com.ar\/en\/wp-json\/wp\/v2\/posts\/6854","targetHints":{"allow":["GET"]}}],"collection":[{"href":"https:\/\/proagrolab.com.ar\/en\/wp-json\/wp\/v2\/posts"}],"about":[{"href":"https:\/\/proagrolab.com.ar\/en\/wp-json\/wp\/v2\/types\/post"}],"author":[{"embeddable":true,"href":"https:\/\/proagrolab.com.ar\/en\/wp-json\/wp\/v2\/users\/3"}],"replies":[{"embeddable":true,"href":"https:\/\/proagrolab.com.ar\/en\/wp-json\/wp\/v2\/comments?post=6854"}],"version-history":[{"count":1,"href":"https:\/\/proagrolab.com.ar\/en\/wp-json\/wp\/v2\/posts\/6854\/revisions"}],"predecessor-version":[{"id":14061,"href":"https:\/\/proagrolab.com.ar\/en\/wp-json\/wp\/v2\/posts\/6854\/revisions\/14061"}],"wp:featuredmedia":[{"embeddable":true,"href":"https:\/\/proagrolab.com.ar\/en\/wp-json\/wp\/v2\/media\/6852"}],"wp:attachment":[{"href":"https:\/\/proagrolab.com.ar\/en\/wp-json\/wp\/v2\/media?parent=6854"}],"wp:term":[{"taxonomy":"category","embeddable":true,"href":"https:\/\/proagrolab.com.ar\/en\/wp-json\/wp\/v2\/categories?post=6854"},{"taxonomy":"post_tag","embeddable":true,"href":"https:\/\/proagrolab.com.ar\/en\/wp-json\/wp\/v2\/tags?post=6854"}],"curies":[{"name":"wp","href":"https:\/\/api.w.org\/{rel}","templated":true}]}}