{"id":6839,"date":"2015-06-19T15:28:59","date_gmt":"2015-06-19T15:28:59","guid":{"rendered":"https:\/\/proagrolab.com.ar\/?p=6839"},"modified":"2020-06-18T18:39:53","modified_gmt":"2020-06-18T18:39:53","slug":"reclaman-una-recomposicion-urgente-en-el-precio-de-la-leche","status":"publish","type":"post","link":"https:\/\/proagrolab.com.ar\/en\/reclaman-una-recomposicion-urgente-en-el-precio-de-la-leche\/","title":{"rendered":"Reclaman una recomposici\u00f3n urgente en el precio de la leche"},"content":{"rendered":"<p class=\"qtranxs-available-languages-message qtranxs-available-languages-message-en\"> <\/p><p><\/p>\n<div class=\"field field-name-field-bajada field-type-text-long field-label-hidden\"><strong><em>FAA solicit\u00f3 que se recomponga de forma urgente el precio de la leche para evitar la desaparici\u00f3n de productores. Necesitamos &#8220;que llegue a los $ 4 por litro&#8221; aseguran.\u00a0&#8220;Hemos solicitado que el Estado intervenga inmediatamente para evitar la desaparici\u00f3n de peque\u00f1os y medianos productores&#8221;, indicaron.<\/em><\/strong><\/div>\n<p class=\"authoring\"><em>Por <span class=\"source\">VF Comunicaci\u00f3n.<\/span><\/em><\/p>\n<div class=\"field field-name-body field-type-text-with-summary field-label-hidden\">\n<p>El <strong>pasado martes 16<\/strong>, el secretario de Coordinaci\u00f3n, <strong>Gustavo Tettamanti<\/strong>, acompa\u00f1ado por la directora <strong>Ester Fagiano<\/strong>, fueron recibidos en la sede del <strong>Ministerio de Agricultura de la Naci\u00f3n<\/strong>, por el subsecretario de Lecher\u00eda, <strong>Arturo Videla<\/strong>, y por autoridades de las <strong>Secretar\u00edas de Comercio y de Coordinaci\u00f3n Institucional<\/strong>. Tambi\u00e9n participaron dirigentes de la Asociaci\u00f3n de Productores Lecheros de la Argentina (APLA), de la <strong>Mesa de Productores de Leche de Santa Fe<\/strong>, de la <strong>C\u00e1mara de Productores de C\u00f3rdoba<\/strong>, y de la<strong> Junta Intercooperativa de Productores de Leche<\/strong>, en representaci\u00f3n de la industria.<\/p>\n<p>All\u00ed, los federados junto al <strong>resto de las entidades<\/strong>, expresaron a las autoridades nacionales el cr\u00edtico estado de situaci\u00f3n que atraviesan los <strong>peque\u00f1os y medianos tamberos<\/strong> de las principales cuencas lecheras del pa\u00eds, presentaron propuestas concretas y advirtieron que de no tener <strong>soluciones espec\u00edficas<\/strong>, se comenzar\u00eda un proceso de acciones gremiales contundentes.<\/p>\n<p><em>\u201cNecesitamos que se recomponga urgentemente el <a href=\"http:\/\/www.fyo.com\/tags\/precio-leche\" target=\"_blank\" rel=\"noopener noreferrer\">precio de la leche <\/a>y que llegue a los $ 4 por litro ya que nuestros costos de producci\u00f3n est\u00e1n <strong>rondando los $ 3,90<\/strong>. En la actualidad, los tamberos reciben alrededor de $ 3,20 y la industria amenaza con <strong>bajar otros diez centavos<\/strong> en las pr\u00f3ximas semanas. Estos son los n\u00fameros y como se puede ver, los productores est\u00e1n en situaci\u00f3n de quebranto\u201d<\/em>, expresaron los <strong>dirigentes de FAA<\/strong>.<\/p>\n<p>Adem\u00e1s, luego del encuentro,<strong> Tettamanti y Fagiano informaron <\/strong>que\u00a0<em>\u201cDesde la FAA hemos solicitado que el Estado intervenga inmediatamente para evitar la desaparici\u00f3n de <strong>peque\u00f1os y medianos productores<\/strong>. En el mes de abril el Estado dispuso una compensaci\u00f3n de $ 0,30 por litro de leche para peque\u00f1os tamberos que <strong>produzcan hasta 2900 litros diarios<\/strong>. Evidentemente esta medida fue insuficiente y no lleg\u00f3 a la totalidad de los tamberos que se inscribieron que, seg\u00fan informaron las autoridades se debi\u00f3 a problemas administrativos, por lo que solicitamos que se llegue a $ 1,20 por litro, lo cual permitir\u00eda <strong>alcanzar un precio sustentable<\/strong> que les permita continuar produciendo\u201d<\/em>.<\/p>\n<p><em>\u201cPor \u00faltimo, advertimos que esa recomposici\u00f3n del <strong>precio por litro de leche<\/strong>, no deber\u00eda impactar en las g\u00f3ndolas de los supermercados ya que en la actualidad, el resto de los integrantes de la cadena tienen margen suficiente para asumir este costo. Al d\u00eda de hoy y desde hace a\u00f1os, los perjudicados somos los <strong>eslabones m\u00e1s d\u00e9biles<\/strong>, por un lado estamos los productores al borde de la quiebra y por el otro, los <strong>consumidores pagan valores irrisorios<\/strong> por los l\u00e1cteos en los comercios. Este problema estructural es el que debe solucionar en el mediano plazo quien se encuentra a cargo del \u00e1rea de Lecher\u00eda nacional\u201d<\/em>, concluyeron.<\/p>\n<p><em>Fuente:\u00a0http:\/\/www.fyo.com\/noticia\/150189\/precio-leche-reclaman-recomposicion-urgente<\/em><\/p>\n<\/div>\n<p><\/p>","protected":false},"excerpt":{"rendered":"<p>FAA solicit\u00f3 que se recomponga de forma urgente el precio de la leche para evitar la desaparici\u00f3n de productores. Necesitamos &#8220;que llegue a los $ 4 por litro&#8221; aseguran.\u00a0&#8220;Hemos solicitado que el Estado intervenga inmediatamente para evitar la desaparici\u00f3n de peque\u00f1os y medianos productores&#8221;, indicaron. Por VF Comunicaci\u00f3n. El pasado martes 16, el secretario de Coordinaci\u00f3n, Gustavo Tettamanti, acompa\u00f1ado por la directora Ester Fagiano, fueron recibidos en la sede del Ministerio de Agricultura de la Naci\u00f3n, por el subsecretario de Lecher\u00eda, Arturo Videla, y por autoridades de las Secretar\u00edas de Comercio y de Coordinaci\u00f3n Institucional. Tambi\u00e9n participaron dirigentes de la Asociaci\u00f3n de Productores Lecheros de la Argentina (APLA), de la Mesa de Productores de Leche de Santa Fe, de la C\u00e1mara de Productores de C\u00f3rdoba, y de la Junta Intercooperativa de Productores de Leche, en representaci\u00f3n de la industria. All\u00ed, los federados junto al resto de las entidades, expresaron a las autoridades nacionales el cr\u00edtico estado de situaci\u00f3n que atraviesan los peque\u00f1os y medianos tamberos de las principales cuencas lecheras del pa\u00eds, presentaron propuestas concretas y advirtieron que de no tener soluciones espec\u00edficas, se comenzar\u00eda un proceso de acciones gremiales contundentes. \u201cNecesitamos que se recomponga urgentemente el precio de la [&hellip;]<\/p>\n","protected":false},"author":3,"featured_media":6841,"comment_status":"closed","ping_status":"open","sticky":false,"template":"","format":"standard","meta":{"_acf_changed":false,"footnotes":""},"categories":[56],"tags":[81,80,78,79],"class_list":["post-6839","post","type-post","status-publish","format-standard","has-post-thumbnail","hentry","category-infoganadero","tag-bovinos","tag-ganaderia","tag-infoganadero","tag-noticias"],"acf":[],"yoast_head":"<!-- This site is optimized with the Yoast SEO plugin v27.4 - https:\/\/yoast.com\/product\/yoast-seo-wordpress\/ -->\n<title>Reclaman una recomposici\u00f3n urgente en el precio de la leche | Proagro<\/title>\n<meta name=\"robots\" content=\"index, follow, max-snippet:-1, max-image-preview:large, max-video-preview:-1\" \/>\n<link rel=\"canonical\" href=\"https:\/\/proagrolab.com.ar\/en\/reclaman-una-recomposicion-urgente-en-el-precio-de-la-leche\/\" \/>\n<meta property=\"og:locale\" content=\"en_US\" \/>\n<meta property=\"og:type\" content=\"article\" \/>\n<meta property=\"og:title\" content=\"Reclaman una recomposici\u00f3n urgente en el precio de la leche | Proagro\" \/>\n<meta property=\"og:description\" content=\"FAA solicit\u00f3 que se recomponga de forma urgente el precio de la leche para evitar la desaparici\u00f3n de productores. Necesitamos &#8220;que llegue a los $ 4 por litro&#8221; aseguran.\u00a0&#8220;Hemos solicitado que el Estado intervenga inmediatamente para evitar la desaparici\u00f3n de peque\u00f1os y medianos productores&#8221;, indicaron. Por VF Comunicaci\u00f3n. El pasado martes 16, el secretario de Coordinaci\u00f3n, Gustavo Tettamanti, acompa\u00f1ado por la directora Ester Fagiano, fueron recibidos en la sede del Ministerio de Agricultura de la Naci\u00f3n, por el subsecretario de Lecher\u00eda, Arturo Videla, y por autoridades de las Secretar\u00edas de Comercio y de Coordinaci\u00f3n Institucional. Tambi\u00e9n participaron dirigentes de la Asociaci\u00f3n de Productores Lecheros de la Argentina (APLA), de la Mesa de Productores de Leche de Santa Fe, de la C\u00e1mara de Productores de C\u00f3rdoba, y de la Junta Intercooperativa de Productores de Leche, en representaci\u00f3n de la industria. All\u00ed, los federados junto al resto de las entidades, expresaron a las autoridades nacionales el cr\u00edtico estado de situaci\u00f3n que atraviesan los peque\u00f1os y medianos tamberos de las principales cuencas lecheras del pa\u00eds, presentaron propuestas concretas y advirtieron que de no tener soluciones espec\u00edficas, se comenzar\u00eda un proceso de acciones gremiales contundentes. \u201cNecesitamos que se recomponga urgentemente el precio de la [&hellip;]\" \/>\n<meta property=\"og:url\" content=\"https:\/\/proagrolab.com.ar\/reclaman-una-recomposicion-urgente-en-el-precio-de-la-leche\/\" \/>\n<meta property=\"og:site_name\" content=\"Proagro\" \/>\n<meta property=\"article:publisher\" content=\"http:\/\/www.facebook.com\/proagrolab\" \/>\n<meta property=\"article:published_time\" content=\"2015-06-19T15:28:59+00:00\" \/>\n<meta property=\"article:modified_time\" content=\"2020-06-18T18:39:53+00:00\" \/>\n<meta property=\"og:image\" content=\"https:\/\/proagrolab.com.ar\/wp-content\/uploads\/2015\/06\/banner-infoganadero.jpg\" \/>\n\t<meta property=\"og:image:width\" content=\"1146\" \/>\n\t<meta property=\"og:image:height\" content=\"395\" \/>\n\t<meta property=\"og:image:type\" content=\"image\/jpeg\" \/>\n<meta name=\"author\" content=\"Editor Proagro\" \/>\n<meta name=\"twitter:card\" content=\"summary_large_image\" \/>\n<meta name=\"twitter:label1\" content=\"Written by\" \/>\n\t<meta name=\"twitter:data1\" content=\"Editor Proagro\" \/>\n\t<meta name=\"twitter:label2\" content=\"Est. reading time\" \/>\n\t<meta name=\"twitter:data2\" content=\"3 minutes\" \/>\n<script type=\"application\/ld+json\" class=\"yoast-schema-graph\">{\"@context\":\"https:\\\/\\\/schema.org\",\"@graph\":[{\"@type\":\"Article\",\"@id\":\"https:\\\/\\\/proagrolab.com.ar\\\/reclaman-una-recomposicion-urgente-en-el-precio-de-la-leche\\\/#article\",\"isPartOf\":{\"@id\":\"https:\\\/\\\/proagrolab.com.ar\\\/reclaman-una-recomposicion-urgente-en-el-precio-de-la-leche\\\/\"},\"author\":{\"name\":\"Editor Proagro\",\"@id\":\"https:\\\/\\\/proagrolab.com.ar\\\/#\\\/schema\\\/person\\\/b23080c7caf108441a11c7bf48f17d4d\"},\"headline\":\"Reclaman una recomposici\u00f3n urgente en el precio de la leche\",\"datePublished\":\"2015-06-19T15:28:59+00:00\",\"dateModified\":\"2020-06-18T18:39:53+00:00\",\"mainEntityOfPage\":{\"@id\":\"https:\\\/\\\/proagrolab.com.ar\\\/reclaman-una-recomposicion-urgente-en-el-precio-de-la-leche\\\/\"},\"wordCount\":523,\"publisher\":{\"@id\":\"https:\\\/\\\/proagrolab.com.ar\\\/#organization\"},\"image\":{\"@id\":\"https:\\\/\\\/proagrolab.com.ar\\\/reclaman-una-recomposicion-urgente-en-el-precio-de-la-leche\\\/#primaryimage\"},\"thumbnailUrl\":\"https:\\\/\\\/proagrolab.com.ar\\\/wp-content\\\/uploads\\\/2015\\\/06\\\/banner-infoganadero.jpg\",\"keywords\":[\"bovinos\",\"Ganader\u00eda\",\"News\",\"Noticias\"],\"articleSection\":[\"News\"],\"inLanguage\":\"en-US\"},{\"@type\":\"WebPage\",\"@id\":\"https:\\\/\\\/proagrolab.com.ar\\\/reclaman-una-recomposicion-urgente-en-el-precio-de-la-leche\\\/\",\"url\":\"https:\\\/\\\/proagrolab.com.ar\\\/reclaman-una-recomposicion-urgente-en-el-precio-de-la-leche\\\/\",\"name\":\"Reclaman una recomposici\u00f3n urgente en el precio de la leche | Proagro\",\"isPartOf\":{\"@id\":\"https:\\\/\\\/proagrolab.com.ar\\\/#website\"},\"primaryImageOfPage\":{\"@id\":\"https:\\\/\\\/proagrolab.com.ar\\\/reclaman-una-recomposicion-urgente-en-el-precio-de-la-leche\\\/#primaryimage\"},\"image\":{\"@id\":\"https:\\\/\\\/proagrolab.com.ar\\\/reclaman-una-recomposicion-urgente-en-el-precio-de-la-leche\\\/#primaryimage\"},\"thumbnailUrl\":\"https:\\\/\\\/proagrolab.com.ar\\\/wp-content\\\/uploads\\\/2015\\\/06\\\/banner-infoganadero.jpg\",\"datePublished\":\"2015-06-19T15:28:59+00:00\",\"dateModified\":\"2020-06-18T18:39:53+00:00\",\"breadcrumb\":{\"@id\":\"https:\\\/\\\/proagrolab.com.ar\\\/reclaman-una-recomposicion-urgente-en-el-precio-de-la-leche\\\/#breadcrumb\"},\"inLanguage\":\"en-US\",\"potentialAction\":[{\"@type\":\"ReadAction\",\"target\":[\"https:\\\/\\\/proagrolab.com.ar\\\/reclaman-una-recomposicion-urgente-en-el-precio-de-la-leche\\\/\"]}]},{\"@type\":\"ImageObject\",\"inLanguage\":\"en-US\",\"@id\":\"https:\\\/\\\/proagrolab.com.ar\\\/reclaman-una-recomposicion-urgente-en-el-precio-de-la-leche\\\/#primaryimage\",\"url\":\"https:\\\/\\\/proagrolab.com.ar\\\/wp-content\\\/uploads\\\/2015\\\/06\\\/banner-infoganadero.jpg\",\"contentUrl\":\"https:\\\/\\\/proagrolab.com.ar\\\/wp-content\\\/uploads\\\/2015\\\/06\\\/banner-infoganadero.jpg\",\"width\":1146,\"height\":395},{\"@type\":\"BreadcrumbList\",\"@id\":\"https:\\\/\\\/proagrolab.com.ar\\\/reclaman-una-recomposicion-urgente-en-el-precio-de-la-leche\\\/#breadcrumb\",\"itemListElement\":[{\"@type\":\"ListItem\",\"position\":1,\"name\":\"Portada\",\"item\":\"https:\\\/\\\/proagrolab.com.ar\\\/\"},{\"@type\":\"ListItem\",\"position\":2,\"name\":\"Reclaman una recomposici\u00f3n urgente en el precio de la leche\"}]},{\"@type\":\"WebSite\",\"@id\":\"https:\\\/\\\/proagrolab.com.ar\\\/#website\",\"url\":\"https:\\\/\\\/proagrolab.com.ar\\\/\",\"name\":\"Proagro Laboratorio Veterinario\",\"description\":\"Veterinary laboratory\",\"publisher\":{\"@id\":\"https:\\\/\\\/proagrolab.com.ar\\\/#organization\"},\"potentialAction\":[{\"@type\":\"SearchAction\",\"target\":{\"@type\":\"EntryPoint\",\"urlTemplate\":\"https:\\\/\\\/proagrolab.com.ar\\\/?s={search_term_string}\"},\"query-input\":{\"@type\":\"PropertyValueSpecification\",\"valueRequired\":true,\"valueName\":\"search_term_string\"}}],\"inLanguage\":\"en-US\"},{\"@type\":\"Organization\",\"@id\":\"https:\\\/\\\/proagrolab.com.ar\\\/#organization\",\"name\":\"Proagro\",\"url\":\"https:\\\/\\\/proagrolab.com.ar\\\/\",\"logo\":{\"@type\":\"ImageObject\",\"inLanguage\":\"en-US\",\"@id\":\"https:\\\/\\\/proagrolab.com.ar\\\/#\\\/schema\\\/logo\\\/image\\\/\",\"url\":\"https:\\\/\\\/proagrolab.com.ar\\\/wp-content\\\/uploads\\\/2020\\\/04\\\/logo-retina.png\",\"contentUrl\":\"https:\\\/\\\/proagrolab.com.ar\\\/wp-content\\\/uploads\\\/2020\\\/04\\\/logo-retina.png\",\"width\":478,\"height\":120,\"caption\":\"Proagro\"},\"image\":{\"@id\":\"https:\\\/\\\/proagrolab.com.ar\\\/#\\\/schema\\\/logo\\\/image\\\/\"},\"sameAs\":[\"http:\\\/\\\/www.facebook.com\\\/proagrolab\",\"https:\\\/\\\/www.instagram.com\\\/proagrolab\\\/\",\"https:\\\/\\\/www.linkedin.com\\\/company\\\/laboratorio-proagro-s-a\\\/\"]},{\"@type\":\"Person\",\"@id\":\"https:\\\/\\\/proagrolab.com.ar\\\/#\\\/schema\\\/person\\\/b23080c7caf108441a11c7bf48f17d4d\",\"name\":\"Editor Proagro\"}]}<\/script>\n<!-- \/ Yoast SEO plugin. -->","yoast_head_json":{"title":"Reclaman una recomposici\u00f3n urgente en el precio de la leche | Proagro","robots":{"index":"index","follow":"follow","max-snippet":"max-snippet:-1","max-image-preview":"max-image-preview:large","max-video-preview":"max-video-preview:-1"},"canonical":"https:\/\/proagrolab.com.ar\/en\/reclaman-una-recomposicion-urgente-en-el-precio-de-la-leche\/","og_locale":"en_US","og_type":"article","og_title":"Reclaman una recomposici\u00f3n urgente en el precio de la leche | Proagro","og_description":"FAA solicit\u00f3 que se recomponga de forma urgente el precio de la leche para evitar la desaparici\u00f3n de productores. Necesitamos &#8220;que llegue a los $ 4 por litro&#8221; aseguran.\u00a0&#8220;Hemos solicitado que el Estado intervenga inmediatamente para evitar la desaparici\u00f3n de peque\u00f1os y medianos productores&#8221;, indicaron. Por VF Comunicaci\u00f3n. El pasado martes 16, el secretario de Coordinaci\u00f3n, Gustavo Tettamanti, acompa\u00f1ado por la directora Ester Fagiano, fueron recibidos en la sede del Ministerio de Agricultura de la Naci\u00f3n, por el subsecretario de Lecher\u00eda, Arturo Videla, y por autoridades de las Secretar\u00edas de Comercio y de Coordinaci\u00f3n Institucional. Tambi\u00e9n participaron dirigentes de la Asociaci\u00f3n de Productores Lecheros de la Argentina (APLA), de la Mesa de Productores de Leche de Santa Fe, de la C\u00e1mara de Productores de C\u00f3rdoba, y de la Junta Intercooperativa de Productores de Leche, en representaci\u00f3n de la industria. All\u00ed, los federados junto al resto de las entidades, expresaron a las autoridades nacionales el cr\u00edtico estado de situaci\u00f3n que atraviesan los peque\u00f1os y medianos tamberos de las principales cuencas lecheras del pa\u00eds, presentaron propuestas concretas y advirtieron que de no tener soluciones espec\u00edficas, se comenzar\u00eda un proceso de acciones gremiales contundentes. \u201cNecesitamos que se recomponga urgentemente el precio de la [&hellip;]","og_url":"https:\/\/proagrolab.com.ar\/reclaman-una-recomposicion-urgente-en-el-precio-de-la-leche\/","og_site_name":"Proagro","article_publisher":"http:\/\/www.facebook.com\/proagrolab","article_published_time":"2015-06-19T15:28:59+00:00","article_modified_time":"2020-06-18T18:39:53+00:00","og_image":[{"width":1146,"height":395,"url":"https:\/\/proagrolab.com.ar\/wp-content\/uploads\/2015\/06\/banner-infoganadero.jpg","type":"image\/jpeg"}],"author":"Editor Proagro","twitter_card":"summary_large_image","twitter_misc":{"Written by":"Editor Proagro","Est. reading time":"3 minutes"},"schema":{"@context":"https:\/\/schema.org","@graph":[{"@type":"Article","@id":"https:\/\/proagrolab.com.ar\/reclaman-una-recomposicion-urgente-en-el-precio-de-la-leche\/#article","isPartOf":{"@id":"https:\/\/proagrolab.com.ar\/reclaman-una-recomposicion-urgente-en-el-precio-de-la-leche\/"},"author":{"name":"Editor Proagro","@id":"https:\/\/proagrolab.com.ar\/#\/schema\/person\/b23080c7caf108441a11c7bf48f17d4d"},"headline":"Reclaman una recomposici\u00f3n urgente en el precio de la leche","datePublished":"2015-06-19T15:28:59+00:00","dateModified":"2020-06-18T18:39:53+00:00","mainEntityOfPage":{"@id":"https:\/\/proagrolab.com.ar\/reclaman-una-recomposicion-urgente-en-el-precio-de-la-leche\/"},"wordCount":523,"publisher":{"@id":"https:\/\/proagrolab.com.ar\/#organization"},"image":{"@id":"https:\/\/proagrolab.com.ar\/reclaman-una-recomposicion-urgente-en-el-precio-de-la-leche\/#primaryimage"},"thumbnailUrl":"https:\/\/proagrolab.com.ar\/wp-content\/uploads\/2015\/06\/banner-infoganadero.jpg","keywords":["bovinos","Ganader\u00eda","News","Noticias"],"articleSection":["News"],"inLanguage":"en-US"},{"@type":"WebPage","@id":"https:\/\/proagrolab.com.ar\/reclaman-una-recomposicion-urgente-en-el-precio-de-la-leche\/","url":"https:\/\/proagrolab.com.ar\/reclaman-una-recomposicion-urgente-en-el-precio-de-la-leche\/","name":"Reclaman una recomposici\u00f3n urgente en el precio de la leche | Proagro","isPartOf":{"@id":"https:\/\/proagrolab.com.ar\/#website"},"primaryImageOfPage":{"@id":"https:\/\/proagrolab.com.ar\/reclaman-una-recomposicion-urgente-en-el-precio-de-la-leche\/#primaryimage"},"image":{"@id":"https:\/\/proagrolab.com.ar\/reclaman-una-recomposicion-urgente-en-el-precio-de-la-leche\/#primaryimage"},"thumbnailUrl":"https:\/\/proagrolab.com.ar\/wp-content\/uploads\/2015\/06\/banner-infoganadero.jpg","datePublished":"2015-06-19T15:28:59+00:00","dateModified":"2020-06-18T18:39:53+00:00","breadcrumb":{"@id":"https:\/\/proagrolab.com.ar\/reclaman-una-recomposicion-urgente-en-el-precio-de-la-leche\/#breadcrumb"},"inLanguage":"en-US","potentialAction":[{"@type":"ReadAction","target":["https:\/\/proagrolab.com.ar\/reclaman-una-recomposicion-urgente-en-el-precio-de-la-leche\/"]}]},{"@type":"ImageObject","inLanguage":"en-US","@id":"https:\/\/proagrolab.com.ar\/reclaman-una-recomposicion-urgente-en-el-precio-de-la-leche\/#primaryimage","url":"https:\/\/proagrolab.com.ar\/wp-content\/uploads\/2015\/06\/banner-infoganadero.jpg","contentUrl":"https:\/\/proagrolab.com.ar\/wp-content\/uploads\/2015\/06\/banner-infoganadero.jpg","width":1146,"height":395},{"@type":"BreadcrumbList","@id":"https:\/\/proagrolab.com.ar\/reclaman-una-recomposicion-urgente-en-el-precio-de-la-leche\/#breadcrumb","itemListElement":[{"@type":"ListItem","position":1,"name":"Portada","item":"https:\/\/proagrolab.com.ar\/"},{"@type":"ListItem","position":2,"name":"Reclaman una recomposici\u00f3n urgente en el precio de la leche"}]},{"@type":"WebSite","@id":"https:\/\/proagrolab.com.ar\/#website","url":"https:\/\/proagrolab.com.ar\/","name":"Proagro Laboratorio Veterinario","description":"Veterinary laboratory","publisher":{"@id":"https:\/\/proagrolab.com.ar\/#organization"},"potentialAction":[{"@type":"SearchAction","target":{"@type":"EntryPoint","urlTemplate":"https:\/\/proagrolab.com.ar\/?s={search_term_string}"},"query-input":{"@type":"PropertyValueSpecification","valueRequired":true,"valueName":"search_term_string"}}],"inLanguage":"en-US"},{"@type":"Organization","@id":"https:\/\/proagrolab.com.ar\/#organization","name":"Proagro","url":"https:\/\/proagrolab.com.ar\/","logo":{"@type":"ImageObject","inLanguage":"en-US","@id":"https:\/\/proagrolab.com.ar\/#\/schema\/logo\/image\/","url":"https:\/\/proagrolab.com.ar\/wp-content\/uploads\/2020\/04\/logo-retina.png","contentUrl":"https:\/\/proagrolab.com.ar\/wp-content\/uploads\/2020\/04\/logo-retina.png","width":478,"height":120,"caption":"Proagro"},"image":{"@id":"https:\/\/proagrolab.com.ar\/#\/schema\/logo\/image\/"},"sameAs":["http:\/\/www.facebook.com\/proagrolab","https:\/\/www.instagram.com\/proagrolab\/","https:\/\/www.linkedin.com\/company\/laboratorio-proagro-s-a\/"]},{"@type":"Person","@id":"https:\/\/proagrolab.com.ar\/#\/schema\/person\/b23080c7caf108441a11c7bf48f17d4d","name":"Editor Proagro"}]}},"_links":{"self":[{"href":"https:\/\/proagrolab.com.ar\/en\/wp-json\/wp\/v2\/posts\/6839","targetHints":{"allow":["GET"]}}],"collection":[{"href":"https:\/\/proagrolab.com.ar\/en\/wp-json\/wp\/v2\/posts"}],"about":[{"href":"https:\/\/proagrolab.com.ar\/en\/wp-json\/wp\/v2\/types\/post"}],"author":[{"embeddable":true,"href":"https:\/\/proagrolab.com.ar\/en\/wp-json\/wp\/v2\/users\/3"}],"replies":[{"embeddable":true,"href":"https:\/\/proagrolab.com.ar\/en\/wp-json\/wp\/v2\/comments?post=6839"}],"version-history":[{"count":1,"href":"https:\/\/proagrolab.com.ar\/en\/wp-json\/wp\/v2\/posts\/6839\/revisions"}],"predecessor-version":[{"id":13453,"href":"https:\/\/proagrolab.com.ar\/en\/wp-json\/wp\/v2\/posts\/6839\/revisions\/13453"}],"wp:featuredmedia":[{"embeddable":true,"href":"https:\/\/proagrolab.com.ar\/en\/wp-json\/wp\/v2\/media\/6841"}],"wp:attachment":[{"href":"https:\/\/proagrolab.com.ar\/en\/wp-json\/wp\/v2\/media?parent=6839"}],"wp:term":[{"taxonomy":"category","embeddable":true,"href":"https:\/\/proagrolab.com.ar\/en\/wp-json\/wp\/v2\/categories?post=6839"},{"taxonomy":"post_tag","embeddable":true,"href":"https:\/\/proagrolab.com.ar\/en\/wp-json\/wp\/v2\/tags?post=6839"}],"curies":[{"name":"wp","href":"https:\/\/api.w.org\/{rel}","templated":true}]}}