{"id":6502,"date":"2014-12-12T00:00:01","date_gmt":"2014-12-12T00:00:01","guid":{"rendered":"https:\/\/proagrolab.com.ar\/oferta-alta-por-demanda-debilitada\/"},"modified":"2020-06-29T19:23:58","modified_gmt":"2020-06-29T19:23:58","slug":"oferta-alta-por-demanda-debilitada","status":"publish","type":"post","link":"https:\/\/proagrolab.com.ar\/en\/oferta-alta-por-demanda-debilitada\/","title":{"rendered":"Oferta alta, por demanda debilitada."},"content":{"rendered":"<p class=\"qtranxs-available-languages-message qtranxs-available-languages-message-en\"> <\/p><p><b>Por Ignacio Iriarte.<\/b><\/p>\n<p>La faena de hacienda durante noviembre fue la tercera m\u00e1s baja de los \u00faltimos 12 a\u00f1os.Sin embargo, igual se las arregla para abastecer a una demanda que luce sin reacci\u00f3n en el corto plazo.<\/p>\n<p>En noviembre, la faena pr\u00e1cticamente ha dejado de caer con respecto al a\u00f1o anterior (0,4 por ciento). Mientras que la demanda de carne se presenta afectada por la recesi\u00f3n, la ca\u00edda del empleo, de la actividad econ\u00f3mica y de los salarios reales. Y sobre todo, por la baja del valor de los subproductos ganaderos, que han ca\u00eddo entre un 15 y un 20 por ciento en las \u00faltimas semanas.<\/p>\n<p>Dentro de niveles hist\u00f3ricamente muy bajos, la exportaci\u00f3n muestra un repunte con respecto al a\u00f1o pasado, ubic\u00e1ndose entre agosto y octubre un 15 por ciento por encima de iguales meses de 2013.<\/p>\n<p>Pero poco puede esperarse de la exportaci\u00f3n a la hora de dinamizar los precios de la hacienda: no s\u00f3lo est\u00e1 cayendo el valor del cuero y las achuras, sino que ha ca\u00eddo la cotizaci\u00f3n del Hilton y los precios que est\u00e1 dispuesto a pagar Rusia por la carne vacuna.<\/p>\n<p><i>Sin cambios<\/i><br \/>Adem\u00e1s, est\u00e1 claro que por lo que resta de su mandato, el Gobierno est\u00e1 decidido a atrasar el tipo de cambio y a usar el d\u00f3lar como ancla antiinflacionaria. De quitar o reducir las retenciones, ni hablar.<\/p>\n<p>La oferta actual de ganado para faena, alcanza y sobra para un consumo popular que muestra claras se\u00f1ales de fatiga, inclusive en el rengl\u00f3n de alimentos.<\/p>\n<p>Los precios de la carne al mostrador, adem\u00e1s, se ubican hoy un 18 por ciento m\u00e1s altos que en marzo \u00faltimo, mientras que el valor de la hacienda, despu\u00e9s de haber mostrado un repunte en agosto-septiembre, han retrocedido a los niveles de entonces.<\/p>\n<p>Los intermediarios justifican esos m\u00e1rgenes extraordinarios por el encarecimiento de los costos operativos (salarios, energ\u00eda, fletes, seguros, etc.), por las dificultades en la cobranza a los carniceros y autoservicios, y por la ca\u00edda en el recupero bruto, que reduce el poder de compra de frigor\u00edficos y usuarios (matarifes, supermercados). Complica a\u00fan m\u00e1s las cosas el hecho que muchos frigor\u00edficos adelantar\u00e1n sus vacaciones en la segunda quincena de diciembre.<\/p>\n<p>La mayor\u00eda de los operadores que consultamos a diario cree que los precios del ganado no se recuperar\u00e1n hasta bien entrado enero.<\/p>\n<p>Aunque todos coinciden con que la historia no ser\u00e1 igual al a\u00f1o pasado, cuando entre noviembre y enero la devaluaci\u00f3n fue del 35 por ciento, arrastrando el valor de los subproductos del ganado, especialmente el del cuero, que en el \u00ednterin tuvo adem\u00e1s un fuerte salto de precios a nivel internacional.<\/p>\n<p>Este a\u00f1o no habr\u00e1 devaluaci\u00f3n y el valor internacional del cuero, de la carne y las achuras est\u00e1 bajando, por lo que toda la responsabilidad de una eventual reacci\u00f3n de la demanda frente a una ca\u00edda de la oferta quedar\u00e1 limitada al consumo dom\u00e9stico. Mientras tanto, el mercado interno luce muy debilitado con respecto a unos meses atr\u00e1s. La oferta ganadera de noviembre es la tercera m\u00e1s baja de los \u00faltimos doce a\u00f1os, pero igual sobra para una demanda que luce sin reacci\u00f3n en el corto plazo. <\/p>\n<p>Fuente: La Voz del Interior, 12 de diciembre.<br \/><\/p>","protected":false},"excerpt":{"rendered":"<p>Por Ignacio Iriarte. La faena de hacienda durante noviembre fue la tercera m\u00e1s baja de los \u00faltimos 12 a\u00f1os.Sin embargo, igual se las arregla para abastecer a una demanda que luce sin reacci\u00f3n en el corto plazo. En noviembre, la faena pr\u00e1cticamente ha dejado de caer con respecto al a\u00f1o anterior (0,4 por ciento). Mientras que la demanda de carne se presenta afectada por la recesi\u00f3n, la ca\u00edda del empleo, de la actividad econ\u00f3mica y de los salarios reales. Y sobre todo, por la baja del valor de los subproductos ganaderos, que han ca\u00eddo entre un 15 y un 20 por ciento en las \u00faltimas semanas. Dentro de niveles hist\u00f3ricamente muy bajos, la exportaci\u00f3n muestra un repunte con respecto al a\u00f1o pasado, ubic\u00e1ndose entre agosto y octubre un 15 por ciento por encima de iguales meses de 2013. Pero poco puede esperarse de la exportaci\u00f3n a la hora de dinamizar los precios de la hacienda: no s\u00f3lo est\u00e1 cayendo el valor del cuero y las achuras, sino que ha ca\u00eddo la cotizaci\u00f3n del Hilton y los precios que est\u00e1 dispuesto a pagar Rusia por la carne vacuna. Sin cambiosAdem\u00e1s, est\u00e1 claro que por lo que resta de su mandato, el [&hellip;]<\/p>\n","protected":false},"author":2,"featured_media":2989,"comment_status":"closed","ping_status":"open","sticky":false,"template":"","format":"standard","meta":{"_acf_changed":false,"footnotes":""},"categories":[56],"tags":[],"class_list":["post-6502","post","type-post","status-publish","format-standard","has-post-thumbnail","hentry","category-infoganadero"],"acf":[],"yoast_head":"<!-- This site is optimized with the Yoast SEO plugin v27.4 - https:\/\/yoast.com\/product\/yoast-seo-wordpress\/ -->\n<title>Oferta alta, por demanda debilitada. | Proagro<\/title>\n<meta name=\"robots\" content=\"index, follow, max-snippet:-1, max-image-preview:large, max-video-preview:-1\" \/>\n<link rel=\"canonical\" href=\"https:\/\/proagrolab.com.ar\/en\/oferta-alta-por-demanda-debilitada\/\" \/>\n<meta property=\"og:locale\" content=\"en_US\" \/>\n<meta property=\"og:type\" content=\"article\" \/>\n<meta property=\"og:title\" content=\"Oferta alta, por demanda debilitada. | Proagro\" \/>\n<meta property=\"og:description\" content=\"Por Ignacio Iriarte. La faena de hacienda durante noviembre fue la tercera m\u00e1s baja de los \u00faltimos 12 a\u00f1os.Sin embargo, igual se las arregla para abastecer a una demanda que luce sin reacci\u00f3n en el corto plazo. En noviembre, la faena pr\u00e1cticamente ha dejado de caer con respecto al a\u00f1o anterior (0,4 por ciento). Mientras que la demanda de carne se presenta afectada por la recesi\u00f3n, la ca\u00edda del empleo, de la actividad econ\u00f3mica y de los salarios reales. Y sobre todo, por la baja del valor de los subproductos ganaderos, que han ca\u00eddo entre un 15 y un 20 por ciento en las \u00faltimas semanas. Dentro de niveles hist\u00f3ricamente muy bajos, la exportaci\u00f3n muestra un repunte con respecto al a\u00f1o pasado, ubic\u00e1ndose entre agosto y octubre un 15 por ciento por encima de iguales meses de 2013. Pero poco puede esperarse de la exportaci\u00f3n a la hora de dinamizar los precios de la hacienda: no s\u00f3lo est\u00e1 cayendo el valor del cuero y las achuras, sino que ha ca\u00eddo la cotizaci\u00f3n del Hilton y los precios que est\u00e1 dispuesto a pagar Rusia por la carne vacuna. Sin cambiosAdem\u00e1s, est\u00e1 claro que por lo que resta de su mandato, el [&hellip;]\" \/>\n<meta property=\"og:url\" content=\"https:\/\/proagrolab.com.ar\/oferta-alta-por-demanda-debilitada\/\" \/>\n<meta property=\"og:site_name\" content=\"Proagro\" \/>\n<meta property=\"article:publisher\" content=\"http:\/\/www.facebook.com\/proagrolab\" \/>\n<meta property=\"article:published_time\" content=\"2014-12-12T00:00:01+00:00\" \/>\n<meta property=\"article:modified_time\" content=\"2020-06-29T19:23:58+00:00\" \/>\n<meta property=\"og:image\" content=\"https:\/\/proagrolab.com.ar\/wp-content\/uploads\/2015\/01\/g_0m40glnij__Frigorifico-3.jpg\" \/>\n\t<meta property=\"og:image:width\" content=\"450\" \/>\n\t<meta property=\"og:image:height\" content=\"208\" \/>\n\t<meta property=\"og:image:type\" content=\"image\/jpeg\" \/>\n<meta name=\"author\" content=\"proagrolab\" \/>\n<meta name=\"twitter:card\" content=\"summary_large_image\" \/>\n<meta name=\"twitter:label1\" content=\"Written by\" \/>\n\t<meta name=\"twitter:data1\" content=\"proagrolab\" \/>\n\t<meta name=\"twitter:label2\" content=\"Est. reading time\" \/>\n\t<meta name=\"twitter:data2\" content=\"3 minutes\" \/>\n<script type=\"application\/ld+json\" class=\"yoast-schema-graph\">{\"@context\":\"https:\\\/\\\/schema.org\",\"@graph\":[{\"@type\":\"Article\",\"@id\":\"https:\\\/\\\/proagrolab.com.ar\\\/oferta-alta-por-demanda-debilitada\\\/#article\",\"isPartOf\":{\"@id\":\"https:\\\/\\\/proagrolab.com.ar\\\/oferta-alta-por-demanda-debilitada\\\/\"},\"author\":{\"name\":\"proagrolab\",\"@id\":\"https:\\\/\\\/proagrolab.com.ar\\\/#\\\/schema\\\/person\\\/38003ff90bf80381f71c7d922d207444\"},\"headline\":\"Oferta alta, por demanda debilitada.\",\"datePublished\":\"2014-12-12T00:00:01+00:00\",\"dateModified\":\"2020-06-29T19:23:58+00:00\",\"mainEntityOfPage\":{\"@id\":\"https:\\\/\\\/proagrolab.com.ar\\\/oferta-alta-por-demanda-debilitada\\\/\"},\"wordCount\":574,\"publisher\":{\"@id\":\"https:\\\/\\\/proagrolab.com.ar\\\/#organization\"},\"image\":{\"@id\":\"https:\\\/\\\/proagrolab.com.ar\\\/oferta-alta-por-demanda-debilitada\\\/#primaryimage\"},\"thumbnailUrl\":\"https:\\\/\\\/proagrolab.com.ar\\\/wp-content\\\/uploads\\\/2015\\\/01\\\/g_0m40glnij__Frigorifico-3.jpg\",\"articleSection\":[\"News\"],\"inLanguage\":\"en-US\"},{\"@type\":\"WebPage\",\"@id\":\"https:\\\/\\\/proagrolab.com.ar\\\/oferta-alta-por-demanda-debilitada\\\/\",\"url\":\"https:\\\/\\\/proagrolab.com.ar\\\/oferta-alta-por-demanda-debilitada\\\/\",\"name\":\"Oferta alta, por demanda debilitada. | Proagro\",\"isPartOf\":{\"@id\":\"https:\\\/\\\/proagrolab.com.ar\\\/#website\"},\"primaryImageOfPage\":{\"@id\":\"https:\\\/\\\/proagrolab.com.ar\\\/oferta-alta-por-demanda-debilitada\\\/#primaryimage\"},\"image\":{\"@id\":\"https:\\\/\\\/proagrolab.com.ar\\\/oferta-alta-por-demanda-debilitada\\\/#primaryimage\"},\"thumbnailUrl\":\"https:\\\/\\\/proagrolab.com.ar\\\/wp-content\\\/uploads\\\/2015\\\/01\\\/g_0m40glnij__Frigorifico-3.jpg\",\"datePublished\":\"2014-12-12T00:00:01+00:00\",\"dateModified\":\"2020-06-29T19:23:58+00:00\",\"breadcrumb\":{\"@id\":\"https:\\\/\\\/proagrolab.com.ar\\\/oferta-alta-por-demanda-debilitada\\\/#breadcrumb\"},\"inLanguage\":\"en-US\",\"potentialAction\":[{\"@type\":\"ReadAction\",\"target\":[\"https:\\\/\\\/proagrolab.com.ar\\\/oferta-alta-por-demanda-debilitada\\\/\"]}]},{\"@type\":\"ImageObject\",\"inLanguage\":\"en-US\",\"@id\":\"https:\\\/\\\/proagrolab.com.ar\\\/oferta-alta-por-demanda-debilitada\\\/#primaryimage\",\"url\":\"https:\\\/\\\/proagrolab.com.ar\\\/wp-content\\\/uploads\\\/2015\\\/01\\\/g_0m40glnij__Frigorifico-3.jpg\",\"contentUrl\":\"https:\\\/\\\/proagrolab.com.ar\\\/wp-content\\\/uploads\\\/2015\\\/01\\\/g_0m40glnij__Frigorifico-3.jpg\",\"width\":450,\"height\":208},{\"@type\":\"BreadcrumbList\",\"@id\":\"https:\\\/\\\/proagrolab.com.ar\\\/oferta-alta-por-demanda-debilitada\\\/#breadcrumb\",\"itemListElement\":[{\"@type\":\"ListItem\",\"position\":1,\"name\":\"Portada\",\"item\":\"https:\\\/\\\/proagrolab.com.ar\\\/\"},{\"@type\":\"ListItem\",\"position\":2,\"name\":\"Oferta alta, por demanda debilitada.\"}]},{\"@type\":\"WebSite\",\"@id\":\"https:\\\/\\\/proagrolab.com.ar\\\/#website\",\"url\":\"https:\\\/\\\/proagrolab.com.ar\\\/\",\"name\":\"Proagro Laboratorio Veterinario\",\"description\":\"Veterinary laboratory\",\"publisher\":{\"@id\":\"https:\\\/\\\/proagrolab.com.ar\\\/#organization\"},\"potentialAction\":[{\"@type\":\"SearchAction\",\"target\":{\"@type\":\"EntryPoint\",\"urlTemplate\":\"https:\\\/\\\/proagrolab.com.ar\\\/?s={search_term_string}\"},\"query-input\":{\"@type\":\"PropertyValueSpecification\",\"valueRequired\":true,\"valueName\":\"search_term_string\"}}],\"inLanguage\":\"en-US\"},{\"@type\":\"Organization\",\"@id\":\"https:\\\/\\\/proagrolab.com.ar\\\/#organization\",\"name\":\"Proagro\",\"url\":\"https:\\\/\\\/proagrolab.com.ar\\\/\",\"logo\":{\"@type\":\"ImageObject\",\"inLanguage\":\"en-US\",\"@id\":\"https:\\\/\\\/proagrolab.com.ar\\\/#\\\/schema\\\/logo\\\/image\\\/\",\"url\":\"https:\\\/\\\/proagrolab.com.ar\\\/wp-content\\\/uploads\\\/2020\\\/04\\\/logo-retina.png\",\"contentUrl\":\"https:\\\/\\\/proagrolab.com.ar\\\/wp-content\\\/uploads\\\/2020\\\/04\\\/logo-retina.png\",\"width\":478,\"height\":120,\"caption\":\"Proagro\"},\"image\":{\"@id\":\"https:\\\/\\\/proagrolab.com.ar\\\/#\\\/schema\\\/logo\\\/image\\\/\"},\"sameAs\":[\"http:\\\/\\\/www.facebook.com\\\/proagrolab\",\"https:\\\/\\\/www.instagram.com\\\/proagrolab\\\/\",\"https:\\\/\\\/www.linkedin.com\\\/company\\\/laboratorio-proagro-s-a\\\/\"]},{\"@type\":\"Person\",\"@id\":\"https:\\\/\\\/proagrolab.com.ar\\\/#\\\/schema\\\/person\\\/38003ff90bf80381f71c7d922d207444\",\"name\":\"proagrolab\"}]}<\/script>\n<!-- \/ Yoast SEO plugin. -->","yoast_head_json":{"title":"Oferta alta, por demanda debilitada. | Proagro","robots":{"index":"index","follow":"follow","max-snippet":"max-snippet:-1","max-image-preview":"max-image-preview:large","max-video-preview":"max-video-preview:-1"},"canonical":"https:\/\/proagrolab.com.ar\/en\/oferta-alta-por-demanda-debilitada\/","og_locale":"en_US","og_type":"article","og_title":"Oferta alta, por demanda debilitada. | Proagro","og_description":"Por Ignacio Iriarte. La faena de hacienda durante noviembre fue la tercera m\u00e1s baja de los \u00faltimos 12 a\u00f1os.Sin embargo, igual se las arregla para abastecer a una demanda que luce sin reacci\u00f3n en el corto plazo. En noviembre, la faena pr\u00e1cticamente ha dejado de caer con respecto al a\u00f1o anterior (0,4 por ciento). Mientras que la demanda de carne se presenta afectada por la recesi\u00f3n, la ca\u00edda del empleo, de la actividad econ\u00f3mica y de los salarios reales. Y sobre todo, por la baja del valor de los subproductos ganaderos, que han ca\u00eddo entre un 15 y un 20 por ciento en las \u00faltimas semanas. Dentro de niveles hist\u00f3ricamente muy bajos, la exportaci\u00f3n muestra un repunte con respecto al a\u00f1o pasado, ubic\u00e1ndose entre agosto y octubre un 15 por ciento por encima de iguales meses de 2013. Pero poco puede esperarse de la exportaci\u00f3n a la hora de dinamizar los precios de la hacienda: no s\u00f3lo est\u00e1 cayendo el valor del cuero y las achuras, sino que ha ca\u00eddo la cotizaci\u00f3n del Hilton y los precios que est\u00e1 dispuesto a pagar Rusia por la carne vacuna. Sin cambiosAdem\u00e1s, est\u00e1 claro que por lo que resta de su mandato, el [&hellip;]","og_url":"https:\/\/proagrolab.com.ar\/oferta-alta-por-demanda-debilitada\/","og_site_name":"Proagro","article_publisher":"http:\/\/www.facebook.com\/proagrolab","article_published_time":"2014-12-12T00:00:01+00:00","article_modified_time":"2020-06-29T19:23:58+00:00","og_image":[{"width":450,"height":208,"url":"https:\/\/proagrolab.com.ar\/wp-content\/uploads\/2015\/01\/g_0m40glnij__Frigorifico-3.jpg","type":"image\/jpeg"}],"author":"proagrolab","twitter_card":"summary_large_image","twitter_misc":{"Written by":"proagrolab","Est. reading time":"3 minutes"},"schema":{"@context":"https:\/\/schema.org","@graph":[{"@type":"Article","@id":"https:\/\/proagrolab.com.ar\/oferta-alta-por-demanda-debilitada\/#article","isPartOf":{"@id":"https:\/\/proagrolab.com.ar\/oferta-alta-por-demanda-debilitada\/"},"author":{"name":"proagrolab","@id":"https:\/\/proagrolab.com.ar\/#\/schema\/person\/38003ff90bf80381f71c7d922d207444"},"headline":"Oferta alta, por demanda debilitada.","datePublished":"2014-12-12T00:00:01+00:00","dateModified":"2020-06-29T19:23:58+00:00","mainEntityOfPage":{"@id":"https:\/\/proagrolab.com.ar\/oferta-alta-por-demanda-debilitada\/"},"wordCount":574,"publisher":{"@id":"https:\/\/proagrolab.com.ar\/#organization"},"image":{"@id":"https:\/\/proagrolab.com.ar\/oferta-alta-por-demanda-debilitada\/#primaryimage"},"thumbnailUrl":"https:\/\/proagrolab.com.ar\/wp-content\/uploads\/2015\/01\/g_0m40glnij__Frigorifico-3.jpg","articleSection":["News"],"inLanguage":"en-US"},{"@type":"WebPage","@id":"https:\/\/proagrolab.com.ar\/oferta-alta-por-demanda-debilitada\/","url":"https:\/\/proagrolab.com.ar\/oferta-alta-por-demanda-debilitada\/","name":"Oferta alta, por demanda debilitada. | Proagro","isPartOf":{"@id":"https:\/\/proagrolab.com.ar\/#website"},"primaryImageOfPage":{"@id":"https:\/\/proagrolab.com.ar\/oferta-alta-por-demanda-debilitada\/#primaryimage"},"image":{"@id":"https:\/\/proagrolab.com.ar\/oferta-alta-por-demanda-debilitada\/#primaryimage"},"thumbnailUrl":"https:\/\/proagrolab.com.ar\/wp-content\/uploads\/2015\/01\/g_0m40glnij__Frigorifico-3.jpg","datePublished":"2014-12-12T00:00:01+00:00","dateModified":"2020-06-29T19:23:58+00:00","breadcrumb":{"@id":"https:\/\/proagrolab.com.ar\/oferta-alta-por-demanda-debilitada\/#breadcrumb"},"inLanguage":"en-US","potentialAction":[{"@type":"ReadAction","target":["https:\/\/proagrolab.com.ar\/oferta-alta-por-demanda-debilitada\/"]}]},{"@type":"ImageObject","inLanguage":"en-US","@id":"https:\/\/proagrolab.com.ar\/oferta-alta-por-demanda-debilitada\/#primaryimage","url":"https:\/\/proagrolab.com.ar\/wp-content\/uploads\/2015\/01\/g_0m40glnij__Frigorifico-3.jpg","contentUrl":"https:\/\/proagrolab.com.ar\/wp-content\/uploads\/2015\/01\/g_0m40glnij__Frigorifico-3.jpg","width":450,"height":208},{"@type":"BreadcrumbList","@id":"https:\/\/proagrolab.com.ar\/oferta-alta-por-demanda-debilitada\/#breadcrumb","itemListElement":[{"@type":"ListItem","position":1,"name":"Portada","item":"https:\/\/proagrolab.com.ar\/"},{"@type":"ListItem","position":2,"name":"Oferta alta, por demanda debilitada."}]},{"@type":"WebSite","@id":"https:\/\/proagrolab.com.ar\/#website","url":"https:\/\/proagrolab.com.ar\/","name":"Proagro Laboratorio Veterinario","description":"Veterinary laboratory","publisher":{"@id":"https:\/\/proagrolab.com.ar\/#organization"},"potentialAction":[{"@type":"SearchAction","target":{"@type":"EntryPoint","urlTemplate":"https:\/\/proagrolab.com.ar\/?s={search_term_string}"},"query-input":{"@type":"PropertyValueSpecification","valueRequired":true,"valueName":"search_term_string"}}],"inLanguage":"en-US"},{"@type":"Organization","@id":"https:\/\/proagrolab.com.ar\/#organization","name":"Proagro","url":"https:\/\/proagrolab.com.ar\/","logo":{"@type":"ImageObject","inLanguage":"en-US","@id":"https:\/\/proagrolab.com.ar\/#\/schema\/logo\/image\/","url":"https:\/\/proagrolab.com.ar\/wp-content\/uploads\/2020\/04\/logo-retina.png","contentUrl":"https:\/\/proagrolab.com.ar\/wp-content\/uploads\/2020\/04\/logo-retina.png","width":478,"height":120,"caption":"Proagro"},"image":{"@id":"https:\/\/proagrolab.com.ar\/#\/schema\/logo\/image\/"},"sameAs":["http:\/\/www.facebook.com\/proagrolab","https:\/\/www.instagram.com\/proagrolab\/","https:\/\/www.linkedin.com\/company\/laboratorio-proagro-s-a\/"]},{"@type":"Person","@id":"https:\/\/proagrolab.com.ar\/#\/schema\/person\/38003ff90bf80381f71c7d922d207444","name":"proagrolab"}]}},"_links":{"self":[{"href":"https:\/\/proagrolab.com.ar\/en\/wp-json\/wp\/v2\/posts\/6502","targetHints":{"allow":["GET"]}}],"collection":[{"href":"https:\/\/proagrolab.com.ar\/en\/wp-json\/wp\/v2\/posts"}],"about":[{"href":"https:\/\/proagrolab.com.ar\/en\/wp-json\/wp\/v2\/types\/post"}],"author":[{"embeddable":true,"href":"https:\/\/proagrolab.com.ar\/en\/wp-json\/wp\/v2\/users\/2"}],"replies":[{"embeddable":true,"href":"https:\/\/proagrolab.com.ar\/en\/wp-json\/wp\/v2\/comments?post=6502"}],"version-history":[{"count":1,"href":"https:\/\/proagrolab.com.ar\/en\/wp-json\/wp\/v2\/posts\/6502\/revisions"}],"predecessor-version":[{"id":14090,"href":"https:\/\/proagrolab.com.ar\/en\/wp-json\/wp\/v2\/posts\/6502\/revisions\/14090"}],"wp:featuredmedia":[{"embeddable":true,"href":"https:\/\/proagrolab.com.ar\/en\/wp-json\/wp\/v2\/media\/2989"}],"wp:attachment":[{"href":"https:\/\/proagrolab.com.ar\/en\/wp-json\/wp\/v2\/media?parent=6502"}],"wp:term":[{"taxonomy":"category","embeddable":true,"href":"https:\/\/proagrolab.com.ar\/en\/wp-json\/wp\/v2\/categories?post=6502"},{"taxonomy":"post_tag","embeddable":true,"href":"https:\/\/proagrolab.com.ar\/en\/wp-json\/wp\/v2\/tags?post=6502"}],"curies":[{"name":"wp","href":"https:\/\/api.w.org\/{rel}","templated":true}]}}