{"id":6500,"date":"2014-12-12T00:00:01","date_gmt":"2014-12-12T00:00:01","guid":{"rendered":"https:\/\/proagrolab.com.ar\/se-aprobo-el-plan-operativo-anual-2015-de-la-ley-ovina\/"},"modified":"2020-06-29T19:24:16","modified_gmt":"2020-06-29T19:24:16","slug":"se-aprobo-el-plan-operativo-anual-2015-de-la-ley-ovina","status":"publish","type":"post","link":"https:\/\/proagrolab.com.ar\/en\/se-aprobo-el-plan-operativo-anual-2015-de-la-ley-ovina\/","title":{"rendered":"Se aprob\u00f3 el Plan Operativo Anual 2015 de la Ley Ovina."},"content":{"rendered":"<p class=\"qtranxs-available-languages-message qtranxs-available-languages-message-en\"> <\/p><p>Se aprob\u00f3 el Plan Operativo Anual de la Ley Ovina, con un presupuesto total de $106 millones para todo el pa\u00eds. La Coordinaci\u00f3n Nacional decidi\u00f3 convocar a una reuni\u00f3n para febrero con el fin de analizar propuestas de distribuci\u00f3n que presenten las provincias.<\/p>\n<p>El Secretario de Agricultura, Ganader\u00eda y Pesca de R\u00edo Negro, Fernando Malaspina, inform\u00f3 que el subsecretario de Ganader\u00eda de la Provincia, TabareBassi, participo d\u00edas atr\u00e1s de la reuni\u00f3n de la Comisi\u00f3n Asesora T\u00e9cnica (CAT) de la Ley Ovina, en la que se aprob\u00f3 el Plan Operativo Anual (POA) 2015, con un presupuesto total de $106.000.000 para todo el pa\u00eds. Se confirm\u00f3, adem\u00e1s, que para el a\u00f1o en curso se aprobaron proyectos por un total de $10.500.000 para R\u00edo Negro.<\/p>\n<p>Durante el encuentro, que se desarroll\u00f3 en la ciudad de Buenos Aires, se analiz\u00f3 la metodolog\u00eda de distribuci\u00f3n de los recursos a cada provincia y, ante algunas objeciones, la Coordinaci\u00f3n Nacional decidi\u00f3 convocar a una reuni\u00f3n para el mes de febrero, a fin de analizar propuestas de distribuci\u00f3n que presenten las provincias.<\/p>\n<p>Las mismas se deber\u00e1n exponer, para su an\u00e1lisis y eventual aprobaci\u00f3n, en la CAT que se desarrollar\u00e1 en abril pr\u00f3ximo. Se estableci\u00f3 que, hasta ese entonces, se seguir\u00e1 trabajando con la metodolog\u00eda actual, es decir, sin presupuesto espec\u00edfico para cada provincia.<\/p>\n<p>Por otra parte, se analiz\u00f3 la cantidad y el monto de iniciativas presentadas por cada estado provincial. En el caso de R\u00edo Negro las mismas llegaban a los $29.000.000 en total, de los cuales fueron aprobados proyectos por $10.500.000, ya que se contemplaron solamente los que ten\u00edan n\u00famero de expediente asignado. Se especific\u00f3 que los que no fueron considerados este a\u00f1o, deber\u00e1n imputarse al POA 2015.<\/p>\n<p>Desde la Coordinaci\u00f3n Nacional recomendaron presentar los proyectos sobre principio de a\u00f1o y no al final como hace la mayor\u00eda. En este marco, R\u00edo Negro prev\u00e9 realizar la primera reuni\u00f3n de la Unidad Ejecutora Provincial (UEP) a mediados de febrero, para lo cual se mantendr\u00e1 abierta la recepci\u00f3n de iniciativas a fin de evaluarlas en ese momento y remitir r\u00e1pidamente a la&nbsp; Naci\u00f3n aquellas que sean aprobadas.<\/p>\n<p>De acuerdo a lo informado por Bassi, se recalc\u00f3 en la reuni\u00f3n la necesidad de que cada UEP haga el mayor seguimiento posible de los proyectos para poder medir el verdadero impacto que causan, evaluar lo positivo y lo negativo de cada intervenci\u00f3n, documentarlo e informarlo. Tambi\u00e9n se solicit\u00f3 que se agoten las gestiones para el recupero de cr\u00e9ditos adeudados.<\/p>\n<p>En el caso de R\u00edo Negro, si bien se destac\u00f3 que se seguir\u00e1 trabajando con ese fin, se aclar\u00f3 que el recupero llega al 52%, aun habiendo sido afectados por sequ\u00eda y cenizas, mientras que la media del pa\u00eds est\u00e1 en el orden del 48%.<\/p>\n<p>Se confirm\u00f3, adem\u00e1s, que est\u00e1 en tr\u00e1mite un Decreto de Necesidad de Urgencia para delegar en el Ministerio de Agricultura, Ganader\u00eda y Pesca de la Naci\u00f3n la facultad de condonar las deudas de productores de R\u00edo Negro, Neuqu\u00e9n y Chubut, cuyas majadas hayan sido severamente afectadas por la sequ\u00eda y la ca\u00edda de cenizas provenientes del volc\u00e1n Puyehue. Una vez finalizado el tr\u00e1mite se avanzara en los casos puntuales detectados en cada provincia.<\/p>\n<p>El encuentro fue presidido por el subsecretario de Ganader\u00eda de la Naci\u00f3n, Jorge Dillon, a quien acompa\u00f1aron: el coordinador Ejecutivo, Marcelo Acebal, y el director Nacional de Ovinos, Caprinos y Cam\u00e9lidos Sudamericanos, Ra\u00fal Fern\u00e1ndez. En representaci\u00f3n de los productores rionegrinos participo Antonio Zgaib.<\/p>\n<p>Fuente: Agrositio, 11 de diciembre.<br \/><\/p>","protected":false},"excerpt":{"rendered":"<p>Se aprob\u00f3 el Plan Operativo Anual de la Ley Ovina, con un presupuesto total de $106 millones para todo el pa\u00eds. La Coordinaci\u00f3n Nacional decidi\u00f3 convocar a una reuni\u00f3n para febrero con el fin de analizar propuestas de distribuci\u00f3n que presenten las provincias. El Secretario de Agricultura, Ganader\u00eda y Pesca de R\u00edo Negro, Fernando Malaspina, inform\u00f3 que el subsecretario de Ganader\u00eda de la Provincia, TabareBassi, participo d\u00edas atr\u00e1s de la reuni\u00f3n de la Comisi\u00f3n Asesora T\u00e9cnica (CAT) de la Ley Ovina, en la que se aprob\u00f3 el Plan Operativo Anual (POA) 2015, con un presupuesto total de $106.000.000 para todo el pa\u00eds. Se confirm\u00f3, adem\u00e1s, que para el a\u00f1o en curso se aprobaron proyectos por un total de $10.500.000 para R\u00edo Negro. Durante el encuentro, que se desarroll\u00f3 en la ciudad de Buenos Aires, se analiz\u00f3 la metodolog\u00eda de distribuci\u00f3n de los recursos a cada provincia y, ante algunas objeciones, la Coordinaci\u00f3n Nacional decidi\u00f3 convocar a una reuni\u00f3n para el mes de febrero, a fin de analizar propuestas de distribuci\u00f3n que presenten las provincias. Las mismas se deber\u00e1n exponer, para su an\u00e1lisis y eventual aprobaci\u00f3n, en la CAT que se desarrollar\u00e1 en abril pr\u00f3ximo. Se estableci\u00f3 que, hasta ese entonces, [&hellip;]<\/p>\n","protected":false},"author":2,"featured_media":2987,"comment_status":"closed","ping_status":"open","sticky":false,"template":"","format":"standard","meta":{"_acf_changed":false,"footnotes":""},"categories":[56],"tags":[],"class_list":["post-6500","post","type-post","status-publish","format-standard","has-post-thumbnail","hentry","category-infoganadero"],"acf":[],"yoast_head":"<!-- This site is optimized with the Yoast SEO plugin v27.4 - https:\/\/yoast.com\/product\/yoast-seo-wordpress\/ -->\n<title>Se aprob\u00f3 el Plan Operativo Anual 2015 de la Ley Ovina. | Proagro<\/title>\n<meta name=\"robots\" content=\"index, follow, max-snippet:-1, max-image-preview:large, max-video-preview:-1\" \/>\n<link rel=\"canonical\" href=\"https:\/\/proagrolab.com.ar\/en\/se-aprobo-el-plan-operativo-anual-2015-de-la-ley-ovina\/\" \/>\n<meta property=\"og:locale\" content=\"en_US\" \/>\n<meta property=\"og:type\" content=\"article\" \/>\n<meta property=\"og:title\" content=\"Se aprob\u00f3 el Plan Operativo Anual 2015 de la Ley Ovina. | Proagro\" \/>\n<meta property=\"og:description\" content=\"Se aprob\u00f3 el Plan Operativo Anual de la Ley Ovina, con un presupuesto total de $106 millones para todo el pa\u00eds. La Coordinaci\u00f3n Nacional decidi\u00f3 convocar a una reuni\u00f3n para febrero con el fin de analizar propuestas de distribuci\u00f3n que presenten las provincias. El Secretario de Agricultura, Ganader\u00eda y Pesca de R\u00edo Negro, Fernando Malaspina, inform\u00f3 que el subsecretario de Ganader\u00eda de la Provincia, TabareBassi, participo d\u00edas atr\u00e1s de la reuni\u00f3n de la Comisi\u00f3n Asesora T\u00e9cnica (CAT) de la Ley Ovina, en la que se aprob\u00f3 el Plan Operativo Anual (POA) 2015, con un presupuesto total de $106.000.000 para todo el pa\u00eds. Se confirm\u00f3, adem\u00e1s, que para el a\u00f1o en curso se aprobaron proyectos por un total de $10.500.000 para R\u00edo Negro. Durante el encuentro, que se desarroll\u00f3 en la ciudad de Buenos Aires, se analiz\u00f3 la metodolog\u00eda de distribuci\u00f3n de los recursos a cada provincia y, ante algunas objeciones, la Coordinaci\u00f3n Nacional decidi\u00f3 convocar a una reuni\u00f3n para el mes de febrero, a fin de analizar propuestas de distribuci\u00f3n que presenten las provincias. Las mismas se deber\u00e1n exponer, para su an\u00e1lisis y eventual aprobaci\u00f3n, en la CAT que se desarrollar\u00e1 en abril pr\u00f3ximo. Se estableci\u00f3 que, hasta ese entonces, [&hellip;]\" \/>\n<meta property=\"og:url\" content=\"https:\/\/proagrolab.com.ar\/se-aprobo-el-plan-operativo-anual-2015-de-la-ley-ovina\/\" \/>\n<meta property=\"og:site_name\" content=\"Proagro\" \/>\n<meta property=\"article:publisher\" content=\"http:\/\/www.facebook.com\/proagrolab\" \/>\n<meta property=\"article:published_time\" content=\"2014-12-12T00:00:01+00:00\" \/>\n<meta property=\"article:modified_time\" content=\"2020-06-29T19:24:16+00:00\" \/>\n<meta property=\"og:image\" content=\"https:\/\/proagrolab.com.ar\/wp-content\/uploads\/2015\/01\/g_top7qegwt__Ovejas1.jpg\" \/>\n\t<meta property=\"og:image:width\" content=\"450\" \/>\n\t<meta property=\"og:image:height\" content=\"208\" \/>\n\t<meta property=\"og:image:type\" content=\"image\/jpeg\" \/>\n<meta name=\"author\" content=\"proagrolab\" \/>\n<meta name=\"twitter:card\" content=\"summary_large_image\" \/>\n<meta name=\"twitter:label1\" content=\"Written by\" \/>\n\t<meta name=\"twitter:data1\" content=\"proagrolab\" \/>\n\t<meta name=\"twitter:label2\" content=\"Est. reading time\" \/>\n\t<meta name=\"twitter:data2\" content=\"3 minutes\" \/>\n<script type=\"application\/ld+json\" class=\"yoast-schema-graph\">{\"@context\":\"https:\\\/\\\/schema.org\",\"@graph\":[{\"@type\":\"Article\",\"@id\":\"https:\\\/\\\/proagrolab.com.ar\\\/se-aprobo-el-plan-operativo-anual-2015-de-la-ley-ovina\\\/#article\",\"isPartOf\":{\"@id\":\"https:\\\/\\\/proagrolab.com.ar\\\/se-aprobo-el-plan-operativo-anual-2015-de-la-ley-ovina\\\/\"},\"author\":{\"name\":\"proagrolab\",\"@id\":\"https:\\\/\\\/proagrolab.com.ar\\\/#\\\/schema\\\/person\\\/38003ff90bf80381f71c7d922d207444\"},\"headline\":\"Se aprob\u00f3 el Plan Operativo Anual 2015 de la Ley Ovina.\",\"datePublished\":\"2014-12-12T00:00:01+00:00\",\"dateModified\":\"2020-06-29T19:24:16+00:00\",\"mainEntityOfPage\":{\"@id\":\"https:\\\/\\\/proagrolab.com.ar\\\/se-aprobo-el-plan-operativo-anual-2015-de-la-ley-ovina\\\/\"},\"wordCount\":639,\"publisher\":{\"@id\":\"https:\\\/\\\/proagrolab.com.ar\\\/#organization\"},\"image\":{\"@id\":\"https:\\\/\\\/proagrolab.com.ar\\\/se-aprobo-el-plan-operativo-anual-2015-de-la-ley-ovina\\\/#primaryimage\"},\"thumbnailUrl\":\"https:\\\/\\\/proagrolab.com.ar\\\/wp-content\\\/uploads\\\/2015\\\/01\\\/g_top7qegwt__Ovejas1.jpg\",\"articleSection\":[\"News\"],\"inLanguage\":\"en-US\"},{\"@type\":\"WebPage\",\"@id\":\"https:\\\/\\\/proagrolab.com.ar\\\/se-aprobo-el-plan-operativo-anual-2015-de-la-ley-ovina\\\/\",\"url\":\"https:\\\/\\\/proagrolab.com.ar\\\/se-aprobo-el-plan-operativo-anual-2015-de-la-ley-ovina\\\/\",\"name\":\"Se aprob\u00f3 el Plan Operativo Anual 2015 de la Ley Ovina. | Proagro\",\"isPartOf\":{\"@id\":\"https:\\\/\\\/proagrolab.com.ar\\\/#website\"},\"primaryImageOfPage\":{\"@id\":\"https:\\\/\\\/proagrolab.com.ar\\\/se-aprobo-el-plan-operativo-anual-2015-de-la-ley-ovina\\\/#primaryimage\"},\"image\":{\"@id\":\"https:\\\/\\\/proagrolab.com.ar\\\/se-aprobo-el-plan-operativo-anual-2015-de-la-ley-ovina\\\/#primaryimage\"},\"thumbnailUrl\":\"https:\\\/\\\/proagrolab.com.ar\\\/wp-content\\\/uploads\\\/2015\\\/01\\\/g_top7qegwt__Ovejas1.jpg\",\"datePublished\":\"2014-12-12T00:00:01+00:00\",\"dateModified\":\"2020-06-29T19:24:16+00:00\",\"breadcrumb\":{\"@id\":\"https:\\\/\\\/proagrolab.com.ar\\\/se-aprobo-el-plan-operativo-anual-2015-de-la-ley-ovina\\\/#breadcrumb\"},\"inLanguage\":\"en-US\",\"potentialAction\":[{\"@type\":\"ReadAction\",\"target\":[\"https:\\\/\\\/proagrolab.com.ar\\\/se-aprobo-el-plan-operativo-anual-2015-de-la-ley-ovina\\\/\"]}]},{\"@type\":\"ImageObject\",\"inLanguage\":\"en-US\",\"@id\":\"https:\\\/\\\/proagrolab.com.ar\\\/se-aprobo-el-plan-operativo-anual-2015-de-la-ley-ovina\\\/#primaryimage\",\"url\":\"https:\\\/\\\/proagrolab.com.ar\\\/wp-content\\\/uploads\\\/2015\\\/01\\\/g_top7qegwt__Ovejas1.jpg\",\"contentUrl\":\"https:\\\/\\\/proagrolab.com.ar\\\/wp-content\\\/uploads\\\/2015\\\/01\\\/g_top7qegwt__Ovejas1.jpg\",\"width\":450,\"height\":208},{\"@type\":\"BreadcrumbList\",\"@id\":\"https:\\\/\\\/proagrolab.com.ar\\\/se-aprobo-el-plan-operativo-anual-2015-de-la-ley-ovina\\\/#breadcrumb\",\"itemListElement\":[{\"@type\":\"ListItem\",\"position\":1,\"name\":\"Portada\",\"item\":\"https:\\\/\\\/proagrolab.com.ar\\\/\"},{\"@type\":\"ListItem\",\"position\":2,\"name\":\"Se aprob\u00f3 el Plan Operativo Anual 2015 de la Ley Ovina.\"}]},{\"@type\":\"WebSite\",\"@id\":\"https:\\\/\\\/proagrolab.com.ar\\\/#website\",\"url\":\"https:\\\/\\\/proagrolab.com.ar\\\/\",\"name\":\"Proagro Laboratorio Veterinario\",\"description\":\"Veterinary laboratory\",\"publisher\":{\"@id\":\"https:\\\/\\\/proagrolab.com.ar\\\/#organization\"},\"potentialAction\":[{\"@type\":\"SearchAction\",\"target\":{\"@type\":\"EntryPoint\",\"urlTemplate\":\"https:\\\/\\\/proagrolab.com.ar\\\/?s={search_term_string}\"},\"query-input\":{\"@type\":\"PropertyValueSpecification\",\"valueRequired\":true,\"valueName\":\"search_term_string\"}}],\"inLanguage\":\"en-US\"},{\"@type\":\"Organization\",\"@id\":\"https:\\\/\\\/proagrolab.com.ar\\\/#organization\",\"name\":\"Proagro\",\"url\":\"https:\\\/\\\/proagrolab.com.ar\\\/\",\"logo\":{\"@type\":\"ImageObject\",\"inLanguage\":\"en-US\",\"@id\":\"https:\\\/\\\/proagrolab.com.ar\\\/#\\\/schema\\\/logo\\\/image\\\/\",\"url\":\"https:\\\/\\\/proagrolab.com.ar\\\/wp-content\\\/uploads\\\/2020\\\/04\\\/logo-retina.png\",\"contentUrl\":\"https:\\\/\\\/proagrolab.com.ar\\\/wp-content\\\/uploads\\\/2020\\\/04\\\/logo-retina.png\",\"width\":478,\"height\":120,\"caption\":\"Proagro\"},\"image\":{\"@id\":\"https:\\\/\\\/proagrolab.com.ar\\\/#\\\/schema\\\/logo\\\/image\\\/\"},\"sameAs\":[\"http:\\\/\\\/www.facebook.com\\\/proagrolab\",\"https:\\\/\\\/www.instagram.com\\\/proagrolab\\\/\",\"https:\\\/\\\/www.linkedin.com\\\/company\\\/laboratorio-proagro-s-a\\\/\"]},{\"@type\":\"Person\",\"@id\":\"https:\\\/\\\/proagrolab.com.ar\\\/#\\\/schema\\\/person\\\/38003ff90bf80381f71c7d922d207444\",\"name\":\"proagrolab\"}]}<\/script>\n<!-- \/ Yoast SEO plugin. -->","yoast_head_json":{"title":"Se aprob\u00f3 el Plan Operativo Anual 2015 de la Ley Ovina. | Proagro","robots":{"index":"index","follow":"follow","max-snippet":"max-snippet:-1","max-image-preview":"max-image-preview:large","max-video-preview":"max-video-preview:-1"},"canonical":"https:\/\/proagrolab.com.ar\/en\/se-aprobo-el-plan-operativo-anual-2015-de-la-ley-ovina\/","og_locale":"en_US","og_type":"article","og_title":"Se aprob\u00f3 el Plan Operativo Anual 2015 de la Ley Ovina. | Proagro","og_description":"Se aprob\u00f3 el Plan Operativo Anual de la Ley Ovina, con un presupuesto total de $106 millones para todo el pa\u00eds. La Coordinaci\u00f3n Nacional decidi\u00f3 convocar a una reuni\u00f3n para febrero con el fin de analizar propuestas de distribuci\u00f3n que presenten las provincias. El Secretario de Agricultura, Ganader\u00eda y Pesca de R\u00edo Negro, Fernando Malaspina, inform\u00f3 que el subsecretario de Ganader\u00eda de la Provincia, TabareBassi, participo d\u00edas atr\u00e1s de la reuni\u00f3n de la Comisi\u00f3n Asesora T\u00e9cnica (CAT) de la Ley Ovina, en la que se aprob\u00f3 el Plan Operativo Anual (POA) 2015, con un presupuesto total de $106.000.000 para todo el pa\u00eds. Se confirm\u00f3, adem\u00e1s, que para el a\u00f1o en curso se aprobaron proyectos por un total de $10.500.000 para R\u00edo Negro. Durante el encuentro, que se desarroll\u00f3 en la ciudad de Buenos Aires, se analiz\u00f3 la metodolog\u00eda de distribuci\u00f3n de los recursos a cada provincia y, ante algunas objeciones, la Coordinaci\u00f3n Nacional decidi\u00f3 convocar a una reuni\u00f3n para el mes de febrero, a fin de analizar propuestas de distribuci\u00f3n que presenten las provincias. Las mismas se deber\u00e1n exponer, para su an\u00e1lisis y eventual aprobaci\u00f3n, en la CAT que se desarrollar\u00e1 en abril pr\u00f3ximo. Se estableci\u00f3 que, hasta ese entonces, [&hellip;]","og_url":"https:\/\/proagrolab.com.ar\/se-aprobo-el-plan-operativo-anual-2015-de-la-ley-ovina\/","og_site_name":"Proagro","article_publisher":"http:\/\/www.facebook.com\/proagrolab","article_published_time":"2014-12-12T00:00:01+00:00","article_modified_time":"2020-06-29T19:24:16+00:00","og_image":[{"width":450,"height":208,"url":"https:\/\/proagrolab.com.ar\/wp-content\/uploads\/2015\/01\/g_top7qegwt__Ovejas1.jpg","type":"image\/jpeg"}],"author":"proagrolab","twitter_card":"summary_large_image","twitter_misc":{"Written by":"proagrolab","Est. reading time":"3 minutes"},"schema":{"@context":"https:\/\/schema.org","@graph":[{"@type":"Article","@id":"https:\/\/proagrolab.com.ar\/se-aprobo-el-plan-operativo-anual-2015-de-la-ley-ovina\/#article","isPartOf":{"@id":"https:\/\/proagrolab.com.ar\/se-aprobo-el-plan-operativo-anual-2015-de-la-ley-ovina\/"},"author":{"name":"proagrolab","@id":"https:\/\/proagrolab.com.ar\/#\/schema\/person\/38003ff90bf80381f71c7d922d207444"},"headline":"Se aprob\u00f3 el Plan Operativo Anual 2015 de la Ley Ovina.","datePublished":"2014-12-12T00:00:01+00:00","dateModified":"2020-06-29T19:24:16+00:00","mainEntityOfPage":{"@id":"https:\/\/proagrolab.com.ar\/se-aprobo-el-plan-operativo-anual-2015-de-la-ley-ovina\/"},"wordCount":639,"publisher":{"@id":"https:\/\/proagrolab.com.ar\/#organization"},"image":{"@id":"https:\/\/proagrolab.com.ar\/se-aprobo-el-plan-operativo-anual-2015-de-la-ley-ovina\/#primaryimage"},"thumbnailUrl":"https:\/\/proagrolab.com.ar\/wp-content\/uploads\/2015\/01\/g_top7qegwt__Ovejas1.jpg","articleSection":["News"],"inLanguage":"en-US"},{"@type":"WebPage","@id":"https:\/\/proagrolab.com.ar\/se-aprobo-el-plan-operativo-anual-2015-de-la-ley-ovina\/","url":"https:\/\/proagrolab.com.ar\/se-aprobo-el-plan-operativo-anual-2015-de-la-ley-ovina\/","name":"Se aprob\u00f3 el Plan Operativo Anual 2015 de la Ley Ovina. | Proagro","isPartOf":{"@id":"https:\/\/proagrolab.com.ar\/#website"},"primaryImageOfPage":{"@id":"https:\/\/proagrolab.com.ar\/se-aprobo-el-plan-operativo-anual-2015-de-la-ley-ovina\/#primaryimage"},"image":{"@id":"https:\/\/proagrolab.com.ar\/se-aprobo-el-plan-operativo-anual-2015-de-la-ley-ovina\/#primaryimage"},"thumbnailUrl":"https:\/\/proagrolab.com.ar\/wp-content\/uploads\/2015\/01\/g_top7qegwt__Ovejas1.jpg","datePublished":"2014-12-12T00:00:01+00:00","dateModified":"2020-06-29T19:24:16+00:00","breadcrumb":{"@id":"https:\/\/proagrolab.com.ar\/se-aprobo-el-plan-operativo-anual-2015-de-la-ley-ovina\/#breadcrumb"},"inLanguage":"en-US","potentialAction":[{"@type":"ReadAction","target":["https:\/\/proagrolab.com.ar\/se-aprobo-el-plan-operativo-anual-2015-de-la-ley-ovina\/"]}]},{"@type":"ImageObject","inLanguage":"en-US","@id":"https:\/\/proagrolab.com.ar\/se-aprobo-el-plan-operativo-anual-2015-de-la-ley-ovina\/#primaryimage","url":"https:\/\/proagrolab.com.ar\/wp-content\/uploads\/2015\/01\/g_top7qegwt__Ovejas1.jpg","contentUrl":"https:\/\/proagrolab.com.ar\/wp-content\/uploads\/2015\/01\/g_top7qegwt__Ovejas1.jpg","width":450,"height":208},{"@type":"BreadcrumbList","@id":"https:\/\/proagrolab.com.ar\/se-aprobo-el-plan-operativo-anual-2015-de-la-ley-ovina\/#breadcrumb","itemListElement":[{"@type":"ListItem","position":1,"name":"Portada","item":"https:\/\/proagrolab.com.ar\/"},{"@type":"ListItem","position":2,"name":"Se aprob\u00f3 el Plan Operativo Anual 2015 de la Ley Ovina."}]},{"@type":"WebSite","@id":"https:\/\/proagrolab.com.ar\/#website","url":"https:\/\/proagrolab.com.ar\/","name":"Proagro Laboratorio Veterinario","description":"Veterinary laboratory","publisher":{"@id":"https:\/\/proagrolab.com.ar\/#organization"},"potentialAction":[{"@type":"SearchAction","target":{"@type":"EntryPoint","urlTemplate":"https:\/\/proagrolab.com.ar\/?s={search_term_string}"},"query-input":{"@type":"PropertyValueSpecification","valueRequired":true,"valueName":"search_term_string"}}],"inLanguage":"en-US"},{"@type":"Organization","@id":"https:\/\/proagrolab.com.ar\/#organization","name":"Proagro","url":"https:\/\/proagrolab.com.ar\/","logo":{"@type":"ImageObject","inLanguage":"en-US","@id":"https:\/\/proagrolab.com.ar\/#\/schema\/logo\/image\/","url":"https:\/\/proagrolab.com.ar\/wp-content\/uploads\/2020\/04\/logo-retina.png","contentUrl":"https:\/\/proagrolab.com.ar\/wp-content\/uploads\/2020\/04\/logo-retina.png","width":478,"height":120,"caption":"Proagro"},"image":{"@id":"https:\/\/proagrolab.com.ar\/#\/schema\/logo\/image\/"},"sameAs":["http:\/\/www.facebook.com\/proagrolab","https:\/\/www.instagram.com\/proagrolab\/","https:\/\/www.linkedin.com\/company\/laboratorio-proagro-s-a\/"]},{"@type":"Person","@id":"https:\/\/proagrolab.com.ar\/#\/schema\/person\/38003ff90bf80381f71c7d922d207444","name":"proagrolab"}]}},"_links":{"self":[{"href":"https:\/\/proagrolab.com.ar\/en\/wp-json\/wp\/v2\/posts\/6500","targetHints":{"allow":["GET"]}}],"collection":[{"href":"https:\/\/proagrolab.com.ar\/en\/wp-json\/wp\/v2\/posts"}],"about":[{"href":"https:\/\/proagrolab.com.ar\/en\/wp-json\/wp\/v2\/types\/post"}],"author":[{"embeddable":true,"href":"https:\/\/proagrolab.com.ar\/en\/wp-json\/wp\/v2\/users\/2"}],"replies":[{"embeddable":true,"href":"https:\/\/proagrolab.com.ar\/en\/wp-json\/wp\/v2\/comments?post=6500"}],"version-history":[{"count":1,"href":"https:\/\/proagrolab.com.ar\/en\/wp-json\/wp\/v2\/posts\/6500\/revisions"}],"predecessor-version":[{"id":14092,"href":"https:\/\/proagrolab.com.ar\/en\/wp-json\/wp\/v2\/posts\/6500\/revisions\/14092"}],"wp:featuredmedia":[{"embeddable":true,"href":"https:\/\/proagrolab.com.ar\/en\/wp-json\/wp\/v2\/media\/2987"}],"wp:attachment":[{"href":"https:\/\/proagrolab.com.ar\/en\/wp-json\/wp\/v2\/media?parent=6500"}],"wp:term":[{"taxonomy":"category","embeddable":true,"href":"https:\/\/proagrolab.com.ar\/en\/wp-json\/wp\/v2\/categories?post=6500"},{"taxonomy":"post_tag","embeddable":true,"href":"https:\/\/proagrolab.com.ar\/en\/wp-json\/wp\/v2\/tags?post=6500"}],"curies":[{"name":"wp","href":"https:\/\/api.w.org\/{rel}","templated":true}]}}