{"id":6499,"date":"2014-12-12T00:00:01","date_gmt":"2014-12-12T00:00:01","guid":{"rendered":"https:\/\/proagrolab.com.ar\/ofensiva-uruguaya-por-la-cuota-481-en-europa\/"},"modified":"2020-06-29T19:24:21","modified_gmt":"2020-06-29T19:24:21","slug":"ofensiva-uruguaya-por-la-cuota-481-en-europa","status":"publish","type":"post","link":"https:\/\/proagrolab.com.ar\/en\/ofensiva-uruguaya-por-la-cuota-481-en-europa\/","title":{"rendered":"Ofensiva uruguaya por la cuota 481 en Europa."},"content":{"rendered":"<p class=\"qtranxs-available-languages-message qtranxs-available-languages-message-en\"> <\/p><p>El ministro de Ganader\u00eda, Tabar\u00e9 Aguerre, encabeza delegaci\u00f3n que parte ma\u00f1ana.<br \/>Ma\u00f1ana viaja a Bruselas una delegaci\u00f3n encabezada por el ministro de Ganader\u00eda, Agricultura y Pesca (MGAP), Tabar\u00e9 Aguerre, e integrada adem\u00e1s por representantes del Instituto Nacional de Carnes (INAC) y de la industria frigor\u00edfica. El objetivo es procurar ante las autoridades europeas mejorar las condiciones de acceso a la Cuota 481, revelaron fuentes oficiales a El Observador Agropecuario.<\/p>\n<p>Actualmente el sistema de este tipo de negocios que est\u00e1 exonerado del pagado de aranceles prev\u00e9 que el primero que llega con sus contenedores es el que ingresa, seg\u00fanlas asignaciones trimestrales que se realizan. Los contenedores que no lo pueden hacer, deben ingresar pagando aranceles.<\/p>\n<p>Por otra parte, Estados Unidos est\u00e1 preocupado porque no es competitivo para vender en la cuota 481 \u0096como resultado de que&nbsp; opera en el mercado con precios superiores\u0096 y por ello acelera gestiones para concretar un TLC (Tratado de Libre Comercio) con la Uni\u00f3n Europea (UE). <\/p>\n<p>El acuerdo podr\u00eda generar dificultades para el resto de los pa\u00edses proveedores \u0096que son Canad\u00e1, Nueva Zelanda, Australia, Uruguay, y en forma reciente Argentina\u0096 ya que puede hacer caer ese nicho de mercado.<\/p>\n<p>En forma paralela, en Uruguay comienza a tomar mayor fuerza el inter\u00e9s por un TLC con la UE, con el Mercosur o con los pa\u00edses interesados en esa iniciativa, porque en ese caso podr\u00eda duplicar la exportaci\u00f3n de cortes de carnes de alta calidad para la UE.<\/p>\n<p>Europa es el mercado que tradicionalmente ha manejado los mejores precios del comercio mundial. Actualmente Uruguay coloca 6.300 toneladas del cupo Hilton y agreg\u00f3 9.800 toneladas de la cuota 481 al cierre del ejercicio el pasado 30 de junio. Sin embargo, se afirma que en el marco de un TLC con la UE estar\u00e1 en condiciones de colocar un cupo de 35.000 toneladas que ya est\u00e1n cedidas para cuando se apruebe ese tratado.<\/p>\n<p>&nbsp;La iniciativa de formar un TLC entre el Mercosur y la UE no ha tenido hasta ahora mayores avances entre los dos bloques regionales, sin embargo se entiende que el gobierno electo habr\u00e1 de incentivar la idea de promover este tipo de acuerdo o alguna otra figura flexible que facilite esa gesti\u00f3n junto a alg\u00fan otro pa\u00eds.<\/p>\n<p>La actual cuota 481 que naci\u00f3 como cupo aut\u00f3nomo fue otorgada oportunamente por la UE a Estados Unidos como compensaci\u00f3n a una medida que durante varios a\u00f1os impidi\u00f3 el ingreso de las carnes estadounidenses bajo la acusaci\u00f3n de que se utilizaban hormonas en su ganader\u00eda.<\/p>\n<p>Una vez dilucidado ese punto la UE tom\u00f3 esa medida compensatoria y como consecuencia de los reclamos de Uruguay y otros pa\u00edses pudieron ingresar mediante la aplicaci\u00f3n del concepto de NMF (Naci\u00f3n M\u00e1s Favorecida), que provoc\u00f3 esa medida con Estados Unidos. El volumen autorizado para compra en todos los pa\u00edses habilitados es de 45.000 toneladas.<\/p>\n<p>Fuente: El Observador Agropecuario (Uruguay), 12 de diciembre.<br \/><\/p>","protected":false},"excerpt":{"rendered":"<p>El ministro de Ganader\u00eda, Tabar\u00e9 Aguerre, encabeza delegaci\u00f3n que parte ma\u00f1ana.Ma\u00f1ana viaja a Bruselas una delegaci\u00f3n encabezada por el ministro de Ganader\u00eda, Agricultura y Pesca (MGAP), Tabar\u00e9 Aguerre, e integrada adem\u00e1s por representantes del Instituto Nacional de Carnes (INAC) y de la industria frigor\u00edfica. El objetivo es procurar ante las autoridades europeas mejorar las condiciones de acceso a la Cuota 481, revelaron fuentes oficiales a El Observador Agropecuario. Actualmente el sistema de este tipo de negocios que est\u00e1 exonerado del pagado de aranceles prev\u00e9 que el primero que llega con sus contenedores es el que ingresa, seg\u00fanlas asignaciones trimestrales que se realizan. Los contenedores que no lo pueden hacer, deben ingresar pagando aranceles. Por otra parte, Estados Unidos est\u00e1 preocupado porque no es competitivo para vender en la cuota 481 \u0096como resultado de que&nbsp; opera en el mercado con precios superiores\u0096 y por ello acelera gestiones para concretar un TLC (Tratado de Libre Comercio) con la Uni\u00f3n Europea (UE). El acuerdo podr\u00eda generar dificultades para el resto de los pa\u00edses proveedores \u0096que son Canad\u00e1, Nueva Zelanda, Australia, Uruguay, y en forma reciente Argentina\u0096 ya que puede hacer caer ese nicho de mercado. En forma paralela, en Uruguay comienza a tomar [&hellip;]<\/p>\n","protected":false},"author":2,"featured_media":2986,"comment_status":"closed","ping_status":"open","sticky":false,"template":"","format":"standard","meta":{"_acf_changed":false,"footnotes":""},"categories":[56],"tags":[],"class_list":["post-6499","post","type-post","status-publish","format-standard","has-post-thumbnail","hentry","category-infoganadero"],"acf":[],"yoast_head":"<!-- This site is optimized with the Yoast SEO plugin v27.4 - https:\/\/yoast.com\/product\/yoast-seo-wordpress\/ -->\n<title>Ofensiva uruguaya por la cuota 481 en Europa. | Proagro<\/title>\n<meta name=\"robots\" content=\"index, follow, max-snippet:-1, max-image-preview:large, max-video-preview:-1\" \/>\n<link rel=\"canonical\" href=\"https:\/\/proagrolab.com.ar\/en\/ofensiva-uruguaya-por-la-cuota-481-en-europa\/\" \/>\n<meta property=\"og:locale\" content=\"en_US\" \/>\n<meta property=\"og:type\" content=\"article\" \/>\n<meta property=\"og:title\" content=\"Ofensiva uruguaya por la cuota 481 en Europa. | Proagro\" \/>\n<meta property=\"og:description\" content=\"El ministro de Ganader\u00eda, Tabar\u00e9 Aguerre, encabeza delegaci\u00f3n que parte ma\u00f1ana.Ma\u00f1ana viaja a Bruselas una delegaci\u00f3n encabezada por el ministro de Ganader\u00eda, Agricultura y Pesca (MGAP), Tabar\u00e9 Aguerre, e integrada adem\u00e1s por representantes del Instituto Nacional de Carnes (INAC) y de la industria frigor\u00edfica. El objetivo es procurar ante las autoridades europeas mejorar las condiciones de acceso a la Cuota 481, revelaron fuentes oficiales a El Observador Agropecuario. Actualmente el sistema de este tipo de negocios que est\u00e1 exonerado del pagado de aranceles prev\u00e9 que el primero que llega con sus contenedores es el que ingresa, seg\u00fanlas asignaciones trimestrales que se realizan. Los contenedores que no lo pueden hacer, deben ingresar pagando aranceles. Por otra parte, Estados Unidos est\u00e1 preocupado porque no es competitivo para vender en la cuota 481 \u0096como resultado de que&nbsp; opera en el mercado con precios superiores\u0096 y por ello acelera gestiones para concretar un TLC (Tratado de Libre Comercio) con la Uni\u00f3n Europea (UE). El acuerdo podr\u00eda generar dificultades para el resto de los pa\u00edses proveedores \u0096que son Canad\u00e1, Nueva Zelanda, Australia, Uruguay, y en forma reciente Argentina\u0096 ya que puede hacer caer ese nicho de mercado. En forma paralela, en Uruguay comienza a tomar [&hellip;]\" \/>\n<meta property=\"og:url\" content=\"https:\/\/proagrolab.com.ar\/ofensiva-uruguaya-por-la-cuota-481-en-europa\/\" \/>\n<meta property=\"og:site_name\" content=\"Proagro\" \/>\n<meta property=\"article:publisher\" content=\"http:\/\/www.facebook.com\/proagrolab\" \/>\n<meta property=\"article:published_time\" content=\"2014-12-12T00:00:01+00:00\" \/>\n<meta property=\"article:modified_time\" content=\"2020-06-29T19:24:21+00:00\" \/>\n<meta property=\"og:image\" content=\"https:\/\/proagrolab.com.ar\/wp-content\/uploads\/2015\/01\/g_f983cla1u__Feed-lot-2.jpg\" \/>\n\t<meta property=\"og:image:width\" content=\"450\" \/>\n\t<meta property=\"og:image:height\" content=\"208\" \/>\n\t<meta property=\"og:image:type\" content=\"image\/jpeg\" \/>\n<meta name=\"author\" content=\"proagrolab\" \/>\n<meta name=\"twitter:card\" content=\"summary_large_image\" \/>\n<meta name=\"twitter:label1\" content=\"Written by\" \/>\n\t<meta name=\"twitter:data1\" content=\"proagrolab\" \/>\n\t<meta name=\"twitter:label2\" content=\"Est. reading time\" \/>\n\t<meta name=\"twitter:data2\" content=\"3 minutes\" \/>\n<script type=\"application\/ld+json\" class=\"yoast-schema-graph\">{\"@context\":\"https:\\\/\\\/schema.org\",\"@graph\":[{\"@type\":\"Article\",\"@id\":\"https:\\\/\\\/proagrolab.com.ar\\\/ofensiva-uruguaya-por-la-cuota-481-en-europa\\\/#article\",\"isPartOf\":{\"@id\":\"https:\\\/\\\/proagrolab.com.ar\\\/ofensiva-uruguaya-por-la-cuota-481-en-europa\\\/\"},\"author\":{\"name\":\"proagrolab\",\"@id\":\"https:\\\/\\\/proagrolab.com.ar\\\/#\\\/schema\\\/person\\\/38003ff90bf80381f71c7d922d207444\"},\"headline\":\"Ofensiva uruguaya por la cuota 481 en Europa.\",\"datePublished\":\"2014-12-12T00:00:01+00:00\",\"dateModified\":\"2020-06-29T19:24:21+00:00\",\"mainEntityOfPage\":{\"@id\":\"https:\\\/\\\/proagrolab.com.ar\\\/ofensiva-uruguaya-por-la-cuota-481-en-europa\\\/\"},\"wordCount\":507,\"publisher\":{\"@id\":\"https:\\\/\\\/proagrolab.com.ar\\\/#organization\"},\"image\":{\"@id\":\"https:\\\/\\\/proagrolab.com.ar\\\/ofensiva-uruguaya-por-la-cuota-481-en-europa\\\/#primaryimage\"},\"thumbnailUrl\":\"https:\\\/\\\/proagrolab.com.ar\\\/wp-content\\\/uploads\\\/2015\\\/01\\\/g_f983cla1u__Feed-lot-2.jpg\",\"articleSection\":[\"News\"],\"inLanguage\":\"en-US\"},{\"@type\":\"WebPage\",\"@id\":\"https:\\\/\\\/proagrolab.com.ar\\\/ofensiva-uruguaya-por-la-cuota-481-en-europa\\\/\",\"url\":\"https:\\\/\\\/proagrolab.com.ar\\\/ofensiva-uruguaya-por-la-cuota-481-en-europa\\\/\",\"name\":\"Ofensiva uruguaya por la cuota 481 en Europa. | Proagro\",\"isPartOf\":{\"@id\":\"https:\\\/\\\/proagrolab.com.ar\\\/#website\"},\"primaryImageOfPage\":{\"@id\":\"https:\\\/\\\/proagrolab.com.ar\\\/ofensiva-uruguaya-por-la-cuota-481-en-europa\\\/#primaryimage\"},\"image\":{\"@id\":\"https:\\\/\\\/proagrolab.com.ar\\\/ofensiva-uruguaya-por-la-cuota-481-en-europa\\\/#primaryimage\"},\"thumbnailUrl\":\"https:\\\/\\\/proagrolab.com.ar\\\/wp-content\\\/uploads\\\/2015\\\/01\\\/g_f983cla1u__Feed-lot-2.jpg\",\"datePublished\":\"2014-12-12T00:00:01+00:00\",\"dateModified\":\"2020-06-29T19:24:21+00:00\",\"breadcrumb\":{\"@id\":\"https:\\\/\\\/proagrolab.com.ar\\\/ofensiva-uruguaya-por-la-cuota-481-en-europa\\\/#breadcrumb\"},\"inLanguage\":\"en-US\",\"potentialAction\":[{\"@type\":\"ReadAction\",\"target\":[\"https:\\\/\\\/proagrolab.com.ar\\\/ofensiva-uruguaya-por-la-cuota-481-en-europa\\\/\"]}]},{\"@type\":\"ImageObject\",\"inLanguage\":\"en-US\",\"@id\":\"https:\\\/\\\/proagrolab.com.ar\\\/ofensiva-uruguaya-por-la-cuota-481-en-europa\\\/#primaryimage\",\"url\":\"https:\\\/\\\/proagrolab.com.ar\\\/wp-content\\\/uploads\\\/2015\\\/01\\\/g_f983cla1u__Feed-lot-2.jpg\",\"contentUrl\":\"https:\\\/\\\/proagrolab.com.ar\\\/wp-content\\\/uploads\\\/2015\\\/01\\\/g_f983cla1u__Feed-lot-2.jpg\",\"width\":450,\"height\":208},{\"@type\":\"BreadcrumbList\",\"@id\":\"https:\\\/\\\/proagrolab.com.ar\\\/ofensiva-uruguaya-por-la-cuota-481-en-europa\\\/#breadcrumb\",\"itemListElement\":[{\"@type\":\"ListItem\",\"position\":1,\"name\":\"Portada\",\"item\":\"https:\\\/\\\/proagrolab.com.ar\\\/\"},{\"@type\":\"ListItem\",\"position\":2,\"name\":\"Ofensiva uruguaya por la cuota 481 en Europa.\"}]},{\"@type\":\"WebSite\",\"@id\":\"https:\\\/\\\/proagrolab.com.ar\\\/#website\",\"url\":\"https:\\\/\\\/proagrolab.com.ar\\\/\",\"name\":\"Proagro Laboratorio Veterinario\",\"description\":\"Veterinary laboratory\",\"publisher\":{\"@id\":\"https:\\\/\\\/proagrolab.com.ar\\\/#organization\"},\"potentialAction\":[{\"@type\":\"SearchAction\",\"target\":{\"@type\":\"EntryPoint\",\"urlTemplate\":\"https:\\\/\\\/proagrolab.com.ar\\\/?s={search_term_string}\"},\"query-input\":{\"@type\":\"PropertyValueSpecification\",\"valueRequired\":true,\"valueName\":\"search_term_string\"}}],\"inLanguage\":\"en-US\"},{\"@type\":\"Organization\",\"@id\":\"https:\\\/\\\/proagrolab.com.ar\\\/#organization\",\"name\":\"Proagro\",\"url\":\"https:\\\/\\\/proagrolab.com.ar\\\/\",\"logo\":{\"@type\":\"ImageObject\",\"inLanguage\":\"en-US\",\"@id\":\"https:\\\/\\\/proagrolab.com.ar\\\/#\\\/schema\\\/logo\\\/image\\\/\",\"url\":\"https:\\\/\\\/proagrolab.com.ar\\\/wp-content\\\/uploads\\\/2020\\\/04\\\/logo-retina.png\",\"contentUrl\":\"https:\\\/\\\/proagrolab.com.ar\\\/wp-content\\\/uploads\\\/2020\\\/04\\\/logo-retina.png\",\"width\":478,\"height\":120,\"caption\":\"Proagro\"},\"image\":{\"@id\":\"https:\\\/\\\/proagrolab.com.ar\\\/#\\\/schema\\\/logo\\\/image\\\/\"},\"sameAs\":[\"http:\\\/\\\/www.facebook.com\\\/proagrolab\",\"https:\\\/\\\/www.instagram.com\\\/proagrolab\\\/\",\"https:\\\/\\\/www.linkedin.com\\\/company\\\/laboratorio-proagro-s-a\\\/\"]},{\"@type\":\"Person\",\"@id\":\"https:\\\/\\\/proagrolab.com.ar\\\/#\\\/schema\\\/person\\\/38003ff90bf80381f71c7d922d207444\",\"name\":\"proagrolab\"}]}<\/script>\n<!-- \/ Yoast SEO plugin. -->","yoast_head_json":{"title":"Ofensiva uruguaya por la cuota 481 en Europa. | Proagro","robots":{"index":"index","follow":"follow","max-snippet":"max-snippet:-1","max-image-preview":"max-image-preview:large","max-video-preview":"max-video-preview:-1"},"canonical":"https:\/\/proagrolab.com.ar\/en\/ofensiva-uruguaya-por-la-cuota-481-en-europa\/","og_locale":"en_US","og_type":"article","og_title":"Ofensiva uruguaya por la cuota 481 en Europa. | Proagro","og_description":"El ministro de Ganader\u00eda, Tabar\u00e9 Aguerre, encabeza delegaci\u00f3n que parte ma\u00f1ana.Ma\u00f1ana viaja a Bruselas una delegaci\u00f3n encabezada por el ministro de Ganader\u00eda, Agricultura y Pesca (MGAP), Tabar\u00e9 Aguerre, e integrada adem\u00e1s por representantes del Instituto Nacional de Carnes (INAC) y de la industria frigor\u00edfica. El objetivo es procurar ante las autoridades europeas mejorar las condiciones de acceso a la Cuota 481, revelaron fuentes oficiales a El Observador Agropecuario. Actualmente el sistema de este tipo de negocios que est\u00e1 exonerado del pagado de aranceles prev\u00e9 que el primero que llega con sus contenedores es el que ingresa, seg\u00fanlas asignaciones trimestrales que se realizan. Los contenedores que no lo pueden hacer, deben ingresar pagando aranceles. Por otra parte, Estados Unidos est\u00e1 preocupado porque no es competitivo para vender en la cuota 481 \u0096como resultado de que&nbsp; opera en el mercado con precios superiores\u0096 y por ello acelera gestiones para concretar un TLC (Tratado de Libre Comercio) con la Uni\u00f3n Europea (UE). El acuerdo podr\u00eda generar dificultades para el resto de los pa\u00edses proveedores \u0096que son Canad\u00e1, Nueva Zelanda, Australia, Uruguay, y en forma reciente Argentina\u0096 ya que puede hacer caer ese nicho de mercado. En forma paralela, en Uruguay comienza a tomar [&hellip;]","og_url":"https:\/\/proagrolab.com.ar\/ofensiva-uruguaya-por-la-cuota-481-en-europa\/","og_site_name":"Proagro","article_publisher":"http:\/\/www.facebook.com\/proagrolab","article_published_time":"2014-12-12T00:00:01+00:00","article_modified_time":"2020-06-29T19:24:21+00:00","og_image":[{"width":450,"height":208,"url":"https:\/\/proagrolab.com.ar\/wp-content\/uploads\/2015\/01\/g_f983cla1u__Feed-lot-2.jpg","type":"image\/jpeg"}],"author":"proagrolab","twitter_card":"summary_large_image","twitter_misc":{"Written by":"proagrolab","Est. reading time":"3 minutes"},"schema":{"@context":"https:\/\/schema.org","@graph":[{"@type":"Article","@id":"https:\/\/proagrolab.com.ar\/ofensiva-uruguaya-por-la-cuota-481-en-europa\/#article","isPartOf":{"@id":"https:\/\/proagrolab.com.ar\/ofensiva-uruguaya-por-la-cuota-481-en-europa\/"},"author":{"name":"proagrolab","@id":"https:\/\/proagrolab.com.ar\/#\/schema\/person\/38003ff90bf80381f71c7d922d207444"},"headline":"Ofensiva uruguaya por la cuota 481 en Europa.","datePublished":"2014-12-12T00:00:01+00:00","dateModified":"2020-06-29T19:24:21+00:00","mainEntityOfPage":{"@id":"https:\/\/proagrolab.com.ar\/ofensiva-uruguaya-por-la-cuota-481-en-europa\/"},"wordCount":507,"publisher":{"@id":"https:\/\/proagrolab.com.ar\/#organization"},"image":{"@id":"https:\/\/proagrolab.com.ar\/ofensiva-uruguaya-por-la-cuota-481-en-europa\/#primaryimage"},"thumbnailUrl":"https:\/\/proagrolab.com.ar\/wp-content\/uploads\/2015\/01\/g_f983cla1u__Feed-lot-2.jpg","articleSection":["News"],"inLanguage":"en-US"},{"@type":"WebPage","@id":"https:\/\/proagrolab.com.ar\/ofensiva-uruguaya-por-la-cuota-481-en-europa\/","url":"https:\/\/proagrolab.com.ar\/ofensiva-uruguaya-por-la-cuota-481-en-europa\/","name":"Ofensiva uruguaya por la cuota 481 en Europa. | Proagro","isPartOf":{"@id":"https:\/\/proagrolab.com.ar\/#website"},"primaryImageOfPage":{"@id":"https:\/\/proagrolab.com.ar\/ofensiva-uruguaya-por-la-cuota-481-en-europa\/#primaryimage"},"image":{"@id":"https:\/\/proagrolab.com.ar\/ofensiva-uruguaya-por-la-cuota-481-en-europa\/#primaryimage"},"thumbnailUrl":"https:\/\/proagrolab.com.ar\/wp-content\/uploads\/2015\/01\/g_f983cla1u__Feed-lot-2.jpg","datePublished":"2014-12-12T00:00:01+00:00","dateModified":"2020-06-29T19:24:21+00:00","breadcrumb":{"@id":"https:\/\/proagrolab.com.ar\/ofensiva-uruguaya-por-la-cuota-481-en-europa\/#breadcrumb"},"inLanguage":"en-US","potentialAction":[{"@type":"ReadAction","target":["https:\/\/proagrolab.com.ar\/ofensiva-uruguaya-por-la-cuota-481-en-europa\/"]}]},{"@type":"ImageObject","inLanguage":"en-US","@id":"https:\/\/proagrolab.com.ar\/ofensiva-uruguaya-por-la-cuota-481-en-europa\/#primaryimage","url":"https:\/\/proagrolab.com.ar\/wp-content\/uploads\/2015\/01\/g_f983cla1u__Feed-lot-2.jpg","contentUrl":"https:\/\/proagrolab.com.ar\/wp-content\/uploads\/2015\/01\/g_f983cla1u__Feed-lot-2.jpg","width":450,"height":208},{"@type":"BreadcrumbList","@id":"https:\/\/proagrolab.com.ar\/ofensiva-uruguaya-por-la-cuota-481-en-europa\/#breadcrumb","itemListElement":[{"@type":"ListItem","position":1,"name":"Portada","item":"https:\/\/proagrolab.com.ar\/"},{"@type":"ListItem","position":2,"name":"Ofensiva uruguaya por la cuota 481 en Europa."}]},{"@type":"WebSite","@id":"https:\/\/proagrolab.com.ar\/#website","url":"https:\/\/proagrolab.com.ar\/","name":"Proagro Laboratorio Veterinario","description":"Veterinary laboratory","publisher":{"@id":"https:\/\/proagrolab.com.ar\/#organization"},"potentialAction":[{"@type":"SearchAction","target":{"@type":"EntryPoint","urlTemplate":"https:\/\/proagrolab.com.ar\/?s={search_term_string}"},"query-input":{"@type":"PropertyValueSpecification","valueRequired":true,"valueName":"search_term_string"}}],"inLanguage":"en-US"},{"@type":"Organization","@id":"https:\/\/proagrolab.com.ar\/#organization","name":"Proagro","url":"https:\/\/proagrolab.com.ar\/","logo":{"@type":"ImageObject","inLanguage":"en-US","@id":"https:\/\/proagrolab.com.ar\/#\/schema\/logo\/image\/","url":"https:\/\/proagrolab.com.ar\/wp-content\/uploads\/2020\/04\/logo-retina.png","contentUrl":"https:\/\/proagrolab.com.ar\/wp-content\/uploads\/2020\/04\/logo-retina.png","width":478,"height":120,"caption":"Proagro"},"image":{"@id":"https:\/\/proagrolab.com.ar\/#\/schema\/logo\/image\/"},"sameAs":["http:\/\/www.facebook.com\/proagrolab","https:\/\/www.instagram.com\/proagrolab\/","https:\/\/www.linkedin.com\/company\/laboratorio-proagro-s-a\/"]},{"@type":"Person","@id":"https:\/\/proagrolab.com.ar\/#\/schema\/person\/38003ff90bf80381f71c7d922d207444","name":"proagrolab"}]}},"_links":{"self":[{"href":"https:\/\/proagrolab.com.ar\/en\/wp-json\/wp\/v2\/posts\/6499","targetHints":{"allow":["GET"]}}],"collection":[{"href":"https:\/\/proagrolab.com.ar\/en\/wp-json\/wp\/v2\/posts"}],"about":[{"href":"https:\/\/proagrolab.com.ar\/en\/wp-json\/wp\/v2\/types\/post"}],"author":[{"embeddable":true,"href":"https:\/\/proagrolab.com.ar\/en\/wp-json\/wp\/v2\/users\/2"}],"replies":[{"embeddable":true,"href":"https:\/\/proagrolab.com.ar\/en\/wp-json\/wp\/v2\/comments?post=6499"}],"version-history":[{"count":1,"href":"https:\/\/proagrolab.com.ar\/en\/wp-json\/wp\/v2\/posts\/6499\/revisions"}],"predecessor-version":[{"id":14093,"href":"https:\/\/proagrolab.com.ar\/en\/wp-json\/wp\/v2\/posts\/6499\/revisions\/14093"}],"wp:featuredmedia":[{"embeddable":true,"href":"https:\/\/proagrolab.com.ar\/en\/wp-json\/wp\/v2\/media\/2986"}],"wp:attachment":[{"href":"https:\/\/proagrolab.com.ar\/en\/wp-json\/wp\/v2\/media?parent=6499"}],"wp:term":[{"taxonomy":"category","embeddable":true,"href":"https:\/\/proagrolab.com.ar\/en\/wp-json\/wp\/v2\/categories?post=6499"},{"taxonomy":"post_tag","embeddable":true,"href":"https:\/\/proagrolab.com.ar\/en\/wp-json\/wp\/v2\/tags?post=6499"}],"curies":[{"name":"wp","href":"https:\/\/api.w.org\/{rel}","templated":true}]}}