{"id":6494,"date":"2014-12-11T00:00:01","date_gmt":"2014-12-11T00:00:01","guid":{"rendered":"https:\/\/proagrolab.com.ar\/angus-despidio-el-ano-con-un-repaso-de-los-logros-institucionales-alcanzados-en-la-ultima-decada\/"},"modified":"2020-06-29T19:23:34","modified_gmt":"2020-06-29T19:23:34","slug":"angus-despidio-el-ano-con-un-repaso-de-los-logros-institucionales-alcanzados-en-la-ultima-decada","status":"publish","type":"post","link":"https:\/\/proagrolab.com.ar\/en\/angus-despidio-el-ano-con-un-repaso-de-los-logros-institucionales-alcanzados-en-la-ultima-decada\/","title":{"rendered":"Angus despidi\u00f3 el a\u00f1o con un repaso de los logros institucionales alcanzados en la \u00faltima d\u00e9cada."},"content":{"rendered":"<p class=\"qtranxs-available-languages-message qtranxs-available-languages-message-en\"> <\/p><p>El presidente de la instituci\u00f3n, Alfredo Gusm\u00e1n, destac\u00f3 el incremento de los socios activos y de establecimientos, como as\u00ed tambi\u00e9n los vol\u00famenes exportados de Carne Angus Certificada.<\/p>\n<p>En su tradicional reuni\u00f3n de fin de a\u00f1o con los socios de la organizaci\u00f3n, el presidente de la Asociaci\u00f3n Argentina de Angus, Alfredo Gusm\u00e1n, realiz\u00f3 un balance de los 20 logros principales obtenidos en los \u00faltimos diez a\u00f1os de trabajo por la Asociaci\u00f3n. \u0093Podemos decir con orgullo que tenemos una d\u00e9cada de trabajo y logros que han redundado en constantes beneficios para los productores\u0094, destac\u00f3 el presidente de la instituci\u00f3n. Y agreg\u00f3: \u0093Angus sigue reafirmando su liderazgo y justificando su amplia preponderancia sobre el rodeo argentino\u0094.<\/p>\n<p>Entre los avances m\u00e1s destacados hechos por la entidad en los diez \u00faltimos a\u00f1os pueden mencionarse:<\/p>\n<p>_ 51% de Incremento en los Socios Activos; 120% aumento del espacio en la superficie de la Asociaci\u00f3n<\/p>\n<p>_ 68 exposiciones organizadas<\/p>\n<p>_ 50% de incremento en los remates auspiciados de la Asociaci\u00f3n, pasando de 81 a 123, n\u00famero r\u00e9cord obtenido este a\u00f1o. Asimismo, hubo una presencia de staff de la Asociaci\u00f3n en 100% de las subastas auspiciadas<\/p>\n<p>_ m\u00e1s de 450.000 vientres Madres Angus Seleccionadas marcados, lo que significa para el criador un retorno neto de 60 kg de carne por cada uno<\/p>\n<p>_&nbsp; 115% y 170% de aumento en establecimientos (de 208 a 441) y reproductores evaluados en base a DEP (163.000 a 441.000) dentro del Programa ERA, que cumpli\u00f3 su 25 aniversario.<\/p>\n<p>_ 11.400 reproductores Angus aportados por 209 criadores, y 3800 de otras razas, interpretados anualmente en nuestro Centro de Interpretaci\u00f3n de Im\u00e1genes Ecogr\u00e1ficas<\/p>\n<p>_ Crecimiento de 900 a 1500 toneladas de carnes exportadas de Carne Angus Certificada, por nuestro Programa de Carnes, que cumpli\u00f3 20 a\u00f1os<\/p>\n<p>Fuente: Nuestro Agro, 11 de diciembre.<br \/><\/p>","protected":false},"excerpt":{"rendered":"<p>El presidente de la instituci\u00f3n, Alfredo Gusm\u00e1n, destac\u00f3 el incremento de los socios activos y de establecimientos, como as\u00ed tambi\u00e9n los vol\u00famenes exportados de Carne Angus Certificada. En su tradicional reuni\u00f3n de fin de a\u00f1o con los socios de la organizaci\u00f3n, el presidente de la Asociaci\u00f3n Argentina de Angus, Alfredo Gusm\u00e1n, realiz\u00f3 un balance de los 20 logros principales obtenidos en los \u00faltimos diez a\u00f1os de trabajo por la Asociaci\u00f3n. \u0093Podemos decir con orgullo que tenemos una d\u00e9cada de trabajo y logros que han redundado en constantes beneficios para los productores\u0094, destac\u00f3 el presidente de la instituci\u00f3n. Y agreg\u00f3: \u0093Angus sigue reafirmando su liderazgo y justificando su amplia preponderancia sobre el rodeo argentino\u0094. Entre los avances m\u00e1s destacados hechos por la entidad en los diez \u00faltimos a\u00f1os pueden mencionarse: _ 51% de Incremento en los Socios Activos; 120% aumento del espacio en la superficie de la Asociaci\u00f3n _ 68 exposiciones organizadas _ 50% de incremento en los remates auspiciados de la Asociaci\u00f3n, pasando de 81 a 123, n\u00famero r\u00e9cord obtenido este a\u00f1o. Asimismo, hubo una presencia de staff de la Asociaci\u00f3n en 100% de las subastas auspiciadas _ m\u00e1s de 450.000 vientres Madres Angus Seleccionadas marcados, lo que significa para [&hellip;]<\/p>\n","protected":false},"author":2,"featured_media":2981,"comment_status":"closed","ping_status":"open","sticky":false,"template":"","format":"standard","meta":{"_acf_changed":false,"footnotes":""},"categories":[56],"tags":[],"class_list":["post-6494","post","type-post","status-publish","format-standard","has-post-thumbnail","hentry","category-infoganadero"],"acf":[],"yoast_head":"<!-- This site is optimized with the Yoast SEO plugin v27.4 - https:\/\/yoast.com\/product\/yoast-seo-wordpress\/ -->\n<title>Angus despidi\u00f3 el a\u00f1o con un repaso de los logros institucionales alcanzados en la \u00faltima d\u00e9cada. | Proagro<\/title>\n<meta name=\"robots\" content=\"index, follow, max-snippet:-1, max-image-preview:large, max-video-preview:-1\" \/>\n<link rel=\"canonical\" href=\"https:\/\/proagrolab.com.ar\/en\/angus-despidio-el-ano-con-un-repaso-de-los-logros-institucionales-alcanzados-en-la-ultima-decada\/\" \/>\n<meta property=\"og:locale\" content=\"en_US\" \/>\n<meta property=\"og:type\" content=\"article\" \/>\n<meta property=\"og:title\" content=\"Angus despidi\u00f3 el a\u00f1o con un repaso de los logros institucionales alcanzados en la \u00faltima d\u00e9cada. | Proagro\" \/>\n<meta property=\"og:description\" content=\"El presidente de la instituci\u00f3n, Alfredo Gusm\u00e1n, destac\u00f3 el incremento de los socios activos y de establecimientos, como as\u00ed tambi\u00e9n los vol\u00famenes exportados de Carne Angus Certificada. En su tradicional reuni\u00f3n de fin de a\u00f1o con los socios de la organizaci\u00f3n, el presidente de la Asociaci\u00f3n Argentina de Angus, Alfredo Gusm\u00e1n, realiz\u00f3 un balance de los 20 logros principales obtenidos en los \u00faltimos diez a\u00f1os de trabajo por la Asociaci\u00f3n. \u0093Podemos decir con orgullo que tenemos una d\u00e9cada de trabajo y logros que han redundado en constantes beneficios para los productores\u0094, destac\u00f3 el presidente de la instituci\u00f3n. Y agreg\u00f3: \u0093Angus sigue reafirmando su liderazgo y justificando su amplia preponderancia sobre el rodeo argentino\u0094. Entre los avances m\u00e1s destacados hechos por la entidad en los diez \u00faltimos a\u00f1os pueden mencionarse: _ 51% de Incremento en los Socios Activos; 120% aumento del espacio en la superficie de la Asociaci\u00f3n _ 68 exposiciones organizadas _ 50% de incremento en los remates auspiciados de la Asociaci\u00f3n, pasando de 81 a 123, n\u00famero r\u00e9cord obtenido este a\u00f1o. Asimismo, hubo una presencia de staff de la Asociaci\u00f3n en 100% de las subastas auspiciadas _ m\u00e1s de 450.000 vientres Madres Angus Seleccionadas marcados, lo que significa para [&hellip;]\" \/>\n<meta property=\"og:url\" content=\"https:\/\/proagrolab.com.ar\/angus-despidio-el-ano-con-un-repaso-de-los-logros-institucionales-alcanzados-en-la-ultima-decada\/\" \/>\n<meta property=\"og:site_name\" content=\"Proagro\" \/>\n<meta property=\"article:publisher\" content=\"http:\/\/www.facebook.com\/proagrolab\" \/>\n<meta property=\"article:published_time\" content=\"2014-12-11T00:00:01+00:00\" \/>\n<meta property=\"article:modified_time\" content=\"2020-06-29T19:23:34+00:00\" \/>\n<meta property=\"og:image\" content=\"https:\/\/proagrolab.com.ar\/wp-content\/uploads\/2015\/01\/g_7drff69ft__Bovinos-angus-negros.jpg\" \/>\n\t<meta property=\"og:image:width\" content=\"450\" \/>\n\t<meta property=\"og:image:height\" content=\"208\" \/>\n\t<meta property=\"og:image:type\" content=\"image\/jpeg\" \/>\n<meta name=\"author\" content=\"proagrolab\" \/>\n<meta name=\"twitter:card\" content=\"summary_large_image\" \/>\n<meta name=\"twitter:label1\" content=\"Written by\" \/>\n\t<meta name=\"twitter:data1\" content=\"proagrolab\" \/>\n\t<meta name=\"twitter:label2\" content=\"Est. reading time\" \/>\n\t<meta name=\"twitter:data2\" content=\"1 minute\" \/>\n<script type=\"application\/ld+json\" class=\"yoast-schema-graph\">{\"@context\":\"https:\\\/\\\/schema.org\",\"@graph\":[{\"@type\":\"Article\",\"@id\":\"https:\\\/\\\/proagrolab.com.ar\\\/angus-despidio-el-ano-con-un-repaso-de-los-logros-institucionales-alcanzados-en-la-ultima-decada\\\/#article\",\"isPartOf\":{\"@id\":\"https:\\\/\\\/proagrolab.com.ar\\\/angus-despidio-el-ano-con-un-repaso-de-los-logros-institucionales-alcanzados-en-la-ultima-decada\\\/\"},\"author\":{\"name\":\"proagrolab\",\"@id\":\"https:\\\/\\\/proagrolab.com.ar\\\/#\\\/schema\\\/person\\\/38003ff90bf80381f71c7d922d207444\"},\"headline\":\"Angus despidi\u00f3 el a\u00f1o con un repaso de los logros institucionales alcanzados en la \u00faltima d\u00e9cada.\",\"datePublished\":\"2014-12-11T00:00:01+00:00\",\"dateModified\":\"2020-06-29T19:23:34+00:00\",\"mainEntityOfPage\":{\"@id\":\"https:\\\/\\\/proagrolab.com.ar\\\/angus-despidio-el-ano-con-un-repaso-de-los-logros-institucionales-alcanzados-en-la-ultima-decada\\\/\"},\"wordCount\":310,\"publisher\":{\"@id\":\"https:\\\/\\\/proagrolab.com.ar\\\/#organization\"},\"image\":{\"@id\":\"https:\\\/\\\/proagrolab.com.ar\\\/angus-despidio-el-ano-con-un-repaso-de-los-logros-institucionales-alcanzados-en-la-ultima-decada\\\/#primaryimage\"},\"thumbnailUrl\":\"https:\\\/\\\/proagrolab.com.ar\\\/wp-content\\\/uploads\\\/2015\\\/01\\\/g_7drff69ft__Bovinos-angus-negros.jpg\",\"articleSection\":[\"News\"],\"inLanguage\":\"en-US\"},{\"@type\":\"WebPage\",\"@id\":\"https:\\\/\\\/proagrolab.com.ar\\\/angus-despidio-el-ano-con-un-repaso-de-los-logros-institucionales-alcanzados-en-la-ultima-decada\\\/\",\"url\":\"https:\\\/\\\/proagrolab.com.ar\\\/angus-despidio-el-ano-con-un-repaso-de-los-logros-institucionales-alcanzados-en-la-ultima-decada\\\/\",\"name\":\"Angus despidi\u00f3 el a\u00f1o con un repaso de los logros institucionales alcanzados en la \u00faltima d\u00e9cada. | Proagro\",\"isPartOf\":{\"@id\":\"https:\\\/\\\/proagrolab.com.ar\\\/#website\"},\"primaryImageOfPage\":{\"@id\":\"https:\\\/\\\/proagrolab.com.ar\\\/angus-despidio-el-ano-con-un-repaso-de-los-logros-institucionales-alcanzados-en-la-ultima-decada\\\/#primaryimage\"},\"image\":{\"@id\":\"https:\\\/\\\/proagrolab.com.ar\\\/angus-despidio-el-ano-con-un-repaso-de-los-logros-institucionales-alcanzados-en-la-ultima-decada\\\/#primaryimage\"},\"thumbnailUrl\":\"https:\\\/\\\/proagrolab.com.ar\\\/wp-content\\\/uploads\\\/2015\\\/01\\\/g_7drff69ft__Bovinos-angus-negros.jpg\",\"datePublished\":\"2014-12-11T00:00:01+00:00\",\"dateModified\":\"2020-06-29T19:23:34+00:00\",\"breadcrumb\":{\"@id\":\"https:\\\/\\\/proagrolab.com.ar\\\/angus-despidio-el-ano-con-un-repaso-de-los-logros-institucionales-alcanzados-en-la-ultima-decada\\\/#breadcrumb\"},\"inLanguage\":\"en-US\",\"potentialAction\":[{\"@type\":\"ReadAction\",\"target\":[\"https:\\\/\\\/proagrolab.com.ar\\\/angus-despidio-el-ano-con-un-repaso-de-los-logros-institucionales-alcanzados-en-la-ultima-decada\\\/\"]}]},{\"@type\":\"ImageObject\",\"inLanguage\":\"en-US\",\"@id\":\"https:\\\/\\\/proagrolab.com.ar\\\/angus-despidio-el-ano-con-un-repaso-de-los-logros-institucionales-alcanzados-en-la-ultima-decada\\\/#primaryimage\",\"url\":\"https:\\\/\\\/proagrolab.com.ar\\\/wp-content\\\/uploads\\\/2015\\\/01\\\/g_7drff69ft__Bovinos-angus-negros.jpg\",\"contentUrl\":\"https:\\\/\\\/proagrolab.com.ar\\\/wp-content\\\/uploads\\\/2015\\\/01\\\/g_7drff69ft__Bovinos-angus-negros.jpg\",\"width\":450,\"height\":208},{\"@type\":\"BreadcrumbList\",\"@id\":\"https:\\\/\\\/proagrolab.com.ar\\\/angus-despidio-el-ano-con-un-repaso-de-los-logros-institucionales-alcanzados-en-la-ultima-decada\\\/#breadcrumb\",\"itemListElement\":[{\"@type\":\"ListItem\",\"position\":1,\"name\":\"Portada\",\"item\":\"https:\\\/\\\/proagrolab.com.ar\\\/\"},{\"@type\":\"ListItem\",\"position\":2,\"name\":\"Angus despidi\u00f3 el a\u00f1o con un repaso de los logros institucionales alcanzados en la \u00faltima d\u00e9cada.\"}]},{\"@type\":\"WebSite\",\"@id\":\"https:\\\/\\\/proagrolab.com.ar\\\/#website\",\"url\":\"https:\\\/\\\/proagrolab.com.ar\\\/\",\"name\":\"Proagro Laboratorio Veterinario\",\"description\":\"Veterinary laboratory\",\"publisher\":{\"@id\":\"https:\\\/\\\/proagrolab.com.ar\\\/#organization\"},\"potentialAction\":[{\"@type\":\"SearchAction\",\"target\":{\"@type\":\"EntryPoint\",\"urlTemplate\":\"https:\\\/\\\/proagrolab.com.ar\\\/?s={search_term_string}\"},\"query-input\":{\"@type\":\"PropertyValueSpecification\",\"valueRequired\":true,\"valueName\":\"search_term_string\"}}],\"inLanguage\":\"en-US\"},{\"@type\":\"Organization\",\"@id\":\"https:\\\/\\\/proagrolab.com.ar\\\/#organization\",\"name\":\"Proagro\",\"url\":\"https:\\\/\\\/proagrolab.com.ar\\\/\",\"logo\":{\"@type\":\"ImageObject\",\"inLanguage\":\"en-US\",\"@id\":\"https:\\\/\\\/proagrolab.com.ar\\\/#\\\/schema\\\/logo\\\/image\\\/\",\"url\":\"https:\\\/\\\/proagrolab.com.ar\\\/wp-content\\\/uploads\\\/2020\\\/04\\\/logo-retina.png\",\"contentUrl\":\"https:\\\/\\\/proagrolab.com.ar\\\/wp-content\\\/uploads\\\/2020\\\/04\\\/logo-retina.png\",\"width\":478,\"height\":120,\"caption\":\"Proagro\"},\"image\":{\"@id\":\"https:\\\/\\\/proagrolab.com.ar\\\/#\\\/schema\\\/logo\\\/image\\\/\"},\"sameAs\":[\"http:\\\/\\\/www.facebook.com\\\/proagrolab\",\"https:\\\/\\\/www.instagram.com\\\/proagrolab\\\/\",\"https:\\\/\\\/www.linkedin.com\\\/company\\\/laboratorio-proagro-s-a\\\/\"]},{\"@type\":\"Person\",\"@id\":\"https:\\\/\\\/proagrolab.com.ar\\\/#\\\/schema\\\/person\\\/38003ff90bf80381f71c7d922d207444\",\"name\":\"proagrolab\"}]}<\/script>\n<!-- \/ Yoast SEO plugin. -->","yoast_head_json":{"title":"Angus despidi\u00f3 el a\u00f1o con un repaso de los logros institucionales alcanzados en la \u00faltima d\u00e9cada. | Proagro","robots":{"index":"index","follow":"follow","max-snippet":"max-snippet:-1","max-image-preview":"max-image-preview:large","max-video-preview":"max-video-preview:-1"},"canonical":"https:\/\/proagrolab.com.ar\/en\/angus-despidio-el-ano-con-un-repaso-de-los-logros-institucionales-alcanzados-en-la-ultima-decada\/","og_locale":"en_US","og_type":"article","og_title":"Angus despidi\u00f3 el a\u00f1o con un repaso de los logros institucionales alcanzados en la \u00faltima d\u00e9cada. | Proagro","og_description":"El presidente de la instituci\u00f3n, Alfredo Gusm\u00e1n, destac\u00f3 el incremento de los socios activos y de establecimientos, como as\u00ed tambi\u00e9n los vol\u00famenes exportados de Carne Angus Certificada. En su tradicional reuni\u00f3n de fin de a\u00f1o con los socios de la organizaci\u00f3n, el presidente de la Asociaci\u00f3n Argentina de Angus, Alfredo Gusm\u00e1n, realiz\u00f3 un balance de los 20 logros principales obtenidos en los \u00faltimos diez a\u00f1os de trabajo por la Asociaci\u00f3n. \u0093Podemos decir con orgullo que tenemos una d\u00e9cada de trabajo y logros que han redundado en constantes beneficios para los productores\u0094, destac\u00f3 el presidente de la instituci\u00f3n. Y agreg\u00f3: \u0093Angus sigue reafirmando su liderazgo y justificando su amplia preponderancia sobre el rodeo argentino\u0094. Entre los avances m\u00e1s destacados hechos por la entidad en los diez \u00faltimos a\u00f1os pueden mencionarse: _ 51% de Incremento en los Socios Activos; 120% aumento del espacio en la superficie de la Asociaci\u00f3n _ 68 exposiciones organizadas _ 50% de incremento en los remates auspiciados de la Asociaci\u00f3n, pasando de 81 a 123, n\u00famero r\u00e9cord obtenido este a\u00f1o. Asimismo, hubo una presencia de staff de la Asociaci\u00f3n en 100% de las subastas auspiciadas _ m\u00e1s de 450.000 vientres Madres Angus Seleccionadas marcados, lo que significa para [&hellip;]","og_url":"https:\/\/proagrolab.com.ar\/angus-despidio-el-ano-con-un-repaso-de-los-logros-institucionales-alcanzados-en-la-ultima-decada\/","og_site_name":"Proagro","article_publisher":"http:\/\/www.facebook.com\/proagrolab","article_published_time":"2014-12-11T00:00:01+00:00","article_modified_time":"2020-06-29T19:23:34+00:00","og_image":[{"width":450,"height":208,"url":"https:\/\/proagrolab.com.ar\/wp-content\/uploads\/2015\/01\/g_7drff69ft__Bovinos-angus-negros.jpg","type":"image\/jpeg"}],"author":"proagrolab","twitter_card":"summary_large_image","twitter_misc":{"Written by":"proagrolab","Est. reading time":"1 minute"},"schema":{"@context":"https:\/\/schema.org","@graph":[{"@type":"Article","@id":"https:\/\/proagrolab.com.ar\/angus-despidio-el-ano-con-un-repaso-de-los-logros-institucionales-alcanzados-en-la-ultima-decada\/#article","isPartOf":{"@id":"https:\/\/proagrolab.com.ar\/angus-despidio-el-ano-con-un-repaso-de-los-logros-institucionales-alcanzados-en-la-ultima-decada\/"},"author":{"name":"proagrolab","@id":"https:\/\/proagrolab.com.ar\/#\/schema\/person\/38003ff90bf80381f71c7d922d207444"},"headline":"Angus despidi\u00f3 el a\u00f1o con un repaso de los logros institucionales alcanzados en la \u00faltima d\u00e9cada.","datePublished":"2014-12-11T00:00:01+00:00","dateModified":"2020-06-29T19:23:34+00:00","mainEntityOfPage":{"@id":"https:\/\/proagrolab.com.ar\/angus-despidio-el-ano-con-un-repaso-de-los-logros-institucionales-alcanzados-en-la-ultima-decada\/"},"wordCount":310,"publisher":{"@id":"https:\/\/proagrolab.com.ar\/#organization"},"image":{"@id":"https:\/\/proagrolab.com.ar\/angus-despidio-el-ano-con-un-repaso-de-los-logros-institucionales-alcanzados-en-la-ultima-decada\/#primaryimage"},"thumbnailUrl":"https:\/\/proagrolab.com.ar\/wp-content\/uploads\/2015\/01\/g_7drff69ft__Bovinos-angus-negros.jpg","articleSection":["News"],"inLanguage":"en-US"},{"@type":"WebPage","@id":"https:\/\/proagrolab.com.ar\/angus-despidio-el-ano-con-un-repaso-de-los-logros-institucionales-alcanzados-en-la-ultima-decada\/","url":"https:\/\/proagrolab.com.ar\/angus-despidio-el-ano-con-un-repaso-de-los-logros-institucionales-alcanzados-en-la-ultima-decada\/","name":"Angus despidi\u00f3 el a\u00f1o con un repaso de los logros institucionales alcanzados en la \u00faltima d\u00e9cada. | Proagro","isPartOf":{"@id":"https:\/\/proagrolab.com.ar\/#website"},"primaryImageOfPage":{"@id":"https:\/\/proagrolab.com.ar\/angus-despidio-el-ano-con-un-repaso-de-los-logros-institucionales-alcanzados-en-la-ultima-decada\/#primaryimage"},"image":{"@id":"https:\/\/proagrolab.com.ar\/angus-despidio-el-ano-con-un-repaso-de-los-logros-institucionales-alcanzados-en-la-ultima-decada\/#primaryimage"},"thumbnailUrl":"https:\/\/proagrolab.com.ar\/wp-content\/uploads\/2015\/01\/g_7drff69ft__Bovinos-angus-negros.jpg","datePublished":"2014-12-11T00:00:01+00:00","dateModified":"2020-06-29T19:23:34+00:00","breadcrumb":{"@id":"https:\/\/proagrolab.com.ar\/angus-despidio-el-ano-con-un-repaso-de-los-logros-institucionales-alcanzados-en-la-ultima-decada\/#breadcrumb"},"inLanguage":"en-US","potentialAction":[{"@type":"ReadAction","target":["https:\/\/proagrolab.com.ar\/angus-despidio-el-ano-con-un-repaso-de-los-logros-institucionales-alcanzados-en-la-ultima-decada\/"]}]},{"@type":"ImageObject","inLanguage":"en-US","@id":"https:\/\/proagrolab.com.ar\/angus-despidio-el-ano-con-un-repaso-de-los-logros-institucionales-alcanzados-en-la-ultima-decada\/#primaryimage","url":"https:\/\/proagrolab.com.ar\/wp-content\/uploads\/2015\/01\/g_7drff69ft__Bovinos-angus-negros.jpg","contentUrl":"https:\/\/proagrolab.com.ar\/wp-content\/uploads\/2015\/01\/g_7drff69ft__Bovinos-angus-negros.jpg","width":450,"height":208},{"@type":"BreadcrumbList","@id":"https:\/\/proagrolab.com.ar\/angus-despidio-el-ano-con-un-repaso-de-los-logros-institucionales-alcanzados-en-la-ultima-decada\/#breadcrumb","itemListElement":[{"@type":"ListItem","position":1,"name":"Portada","item":"https:\/\/proagrolab.com.ar\/"},{"@type":"ListItem","position":2,"name":"Angus despidi\u00f3 el a\u00f1o con un repaso de los logros institucionales alcanzados en la \u00faltima d\u00e9cada."}]},{"@type":"WebSite","@id":"https:\/\/proagrolab.com.ar\/#website","url":"https:\/\/proagrolab.com.ar\/","name":"Proagro Laboratorio Veterinario","description":"Veterinary laboratory","publisher":{"@id":"https:\/\/proagrolab.com.ar\/#organization"},"potentialAction":[{"@type":"SearchAction","target":{"@type":"EntryPoint","urlTemplate":"https:\/\/proagrolab.com.ar\/?s={search_term_string}"},"query-input":{"@type":"PropertyValueSpecification","valueRequired":true,"valueName":"search_term_string"}}],"inLanguage":"en-US"},{"@type":"Organization","@id":"https:\/\/proagrolab.com.ar\/#organization","name":"Proagro","url":"https:\/\/proagrolab.com.ar\/","logo":{"@type":"ImageObject","inLanguage":"en-US","@id":"https:\/\/proagrolab.com.ar\/#\/schema\/logo\/image\/","url":"https:\/\/proagrolab.com.ar\/wp-content\/uploads\/2020\/04\/logo-retina.png","contentUrl":"https:\/\/proagrolab.com.ar\/wp-content\/uploads\/2020\/04\/logo-retina.png","width":478,"height":120,"caption":"Proagro"},"image":{"@id":"https:\/\/proagrolab.com.ar\/#\/schema\/logo\/image\/"},"sameAs":["http:\/\/www.facebook.com\/proagrolab","https:\/\/www.instagram.com\/proagrolab\/","https:\/\/www.linkedin.com\/company\/laboratorio-proagro-s-a\/"]},{"@type":"Person","@id":"https:\/\/proagrolab.com.ar\/#\/schema\/person\/38003ff90bf80381f71c7d922d207444","name":"proagrolab"}]}},"_links":{"self":[{"href":"https:\/\/proagrolab.com.ar\/en\/wp-json\/wp\/v2\/posts\/6494","targetHints":{"allow":["GET"]}}],"collection":[{"href":"https:\/\/proagrolab.com.ar\/en\/wp-json\/wp\/v2\/posts"}],"about":[{"href":"https:\/\/proagrolab.com.ar\/en\/wp-json\/wp\/v2\/types\/post"}],"author":[{"embeddable":true,"href":"https:\/\/proagrolab.com.ar\/en\/wp-json\/wp\/v2\/users\/2"}],"replies":[{"embeddable":true,"href":"https:\/\/proagrolab.com.ar\/en\/wp-json\/wp\/v2\/comments?post=6494"}],"version-history":[{"count":1,"href":"https:\/\/proagrolab.com.ar\/en\/wp-json\/wp\/v2\/posts\/6494\/revisions"}],"predecessor-version":[{"id":14086,"href":"https:\/\/proagrolab.com.ar\/en\/wp-json\/wp\/v2\/posts\/6494\/revisions\/14086"}],"wp:featuredmedia":[{"embeddable":true,"href":"https:\/\/proagrolab.com.ar\/en\/wp-json\/wp\/v2\/media\/2981"}],"wp:attachment":[{"href":"https:\/\/proagrolab.com.ar\/en\/wp-json\/wp\/v2\/media?parent=6494"}],"wp:term":[{"taxonomy":"category","embeddable":true,"href":"https:\/\/proagrolab.com.ar\/en\/wp-json\/wp\/v2\/categories?post=6494"},{"taxonomy":"post_tag","embeddable":true,"href":"https:\/\/proagrolab.com.ar\/en\/wp-json\/wp\/v2\/tags?post=6494"}],"curies":[{"name":"wp","href":"https:\/\/api.w.org\/{rel}","templated":true}]}}