{"id":6492,"date":"2014-12-11T00:00:01","date_gmt":"2014-12-11T00:00:01","guid":{"rendered":"https:\/\/proagrolab.com.ar\/suben-casi-7-las-exportaciones-uruguayas-de-carne-vacuna-en-noviembre\/"},"modified":"2020-06-29T19:23:08","modified_gmt":"2020-06-29T19:23:08","slug":"suben-casi-7-las-exportaciones-uruguayas-de-carne-vacuna-en-noviembre","status":"publish","type":"post","link":"https:\/\/proagrolab.com.ar\/en\/suben-casi-7-las-exportaciones-uruguayas-de-carne-vacuna-en-noviembre\/","title":{"rendered":"Suben casi 7% las exportaciones uruguayas de carne vacuna en noviembre."},"content":{"rendered":"<p class=\"qtranxs-available-languages-message qtranxs-available-languages-message-en\"> <\/p><p>Las exportaciones de carne vacuna uruguaya crecieron un 6,6% interanual en noviembre impulsadas por un aumento de casi tres veces y medio de las ventas a los pa\u00edses de Am\u00e9rica del Norte, mientras los ingresos crecieron un 14,2%, inform\u00f3 el mi\u00e9rcoles el gobierno.<\/p>\n<p>En noviembre Uruguay export\u00f3 31.781 toneladas de carne vacuna frente a las 29.798 previas, lo que dej\u00f3 ingresos por US$135,2 millones desde los US$118,3 millones de un a\u00f1o antes.<\/p>\n<p>La faena creci\u00f3 un 11,3% en el und\u00e9cimo mes del a\u00f1o y alcanz\u00f3 las 206.907 cabezas.<\/p>\n<p>Cabe mencionar que los pa\u00edses del Tratado de Libre Comercio de Am\u00e9rica del Norte (TLCAN) aumentaron un 241% sus compras y fueron el principal destino de la carne uruguaya por delante de China, la Uni\u00f3n Europea, los pa\u00edses del Mercosur, y Rusia.<\/p>\n<p>Fuente: Carnetec, 11 de diciembre.<br \/><\/p>","protected":false},"excerpt":{"rendered":"<p>Las exportaciones de carne vacuna uruguaya crecieron un 6,6% interanual en noviembre impulsadas por un aumento de casi tres veces y medio de las ventas a los pa\u00edses de Am\u00e9rica del Norte, mientras los ingresos crecieron un 14,2%, inform\u00f3 el mi\u00e9rcoles el gobierno. En noviembre Uruguay export\u00f3 31.781 toneladas de carne vacuna frente a las 29.798 previas, lo que dej\u00f3 ingresos por US$135,2 millones desde los US$118,3 millones de un a\u00f1o antes. La faena creci\u00f3 un 11,3% en el und\u00e9cimo mes del a\u00f1o y alcanz\u00f3 las 206.907 cabezas. Cabe mencionar que los pa\u00edses del Tratado de Libre Comercio de Am\u00e9rica del Norte (TLCAN) aumentaron un 241% sus compras y fueron el principal destino de la carne uruguaya por delante de China, la Uni\u00f3n Europea, los pa\u00edses del Mercosur, y Rusia. Fuente: Carnetec, 11 de diciembre.<\/p>\n","protected":false},"author":2,"featured_media":2979,"comment_status":"closed","ping_status":"open","sticky":false,"template":"","format":"standard","meta":{"_acf_changed":false,"footnotes":""},"categories":[56],"tags":[],"class_list":["post-6492","post","type-post","status-publish","format-standard","has-post-thumbnail","hentry","category-infoganadero"],"acf":[],"yoast_head":"<!-- This site is optimized with the Yoast SEO plugin v27.4 - https:\/\/yoast.com\/product\/yoast-seo-wordpress\/ -->\n<title>Suben casi 7% las exportaciones uruguayas de carne vacuna en noviembre. | Proagro<\/title>\n<meta name=\"robots\" content=\"index, follow, max-snippet:-1, max-image-preview:large, max-video-preview:-1\" \/>\n<link rel=\"canonical\" href=\"https:\/\/proagrolab.com.ar\/en\/suben-casi-7-las-exportaciones-uruguayas-de-carne-vacuna-en-noviembre\/\" \/>\n<meta property=\"og:locale\" content=\"en_US\" \/>\n<meta property=\"og:type\" content=\"article\" \/>\n<meta property=\"og:title\" content=\"Suben casi 7% las exportaciones uruguayas de carne vacuna en noviembre. | Proagro\" \/>\n<meta property=\"og:description\" content=\"Las exportaciones de carne vacuna uruguaya crecieron un 6,6% interanual en noviembre impulsadas por un aumento de casi tres veces y medio de las ventas a los pa\u00edses de Am\u00e9rica del Norte, mientras los ingresos crecieron un 14,2%, inform\u00f3 el mi\u00e9rcoles el gobierno. En noviembre Uruguay export\u00f3 31.781 toneladas de carne vacuna frente a las 29.798 previas, lo que dej\u00f3 ingresos por US$135,2 millones desde los US$118,3 millones de un a\u00f1o antes. La faena creci\u00f3 un 11,3% en el und\u00e9cimo mes del a\u00f1o y alcanz\u00f3 las 206.907 cabezas. Cabe mencionar que los pa\u00edses del Tratado de Libre Comercio de Am\u00e9rica del Norte (TLCAN) aumentaron un 241% sus compras y fueron el principal destino de la carne uruguaya por delante de China, la Uni\u00f3n Europea, los pa\u00edses del Mercosur, y Rusia. Fuente: Carnetec, 11 de diciembre.\" \/>\n<meta property=\"og:url\" content=\"https:\/\/proagrolab.com.ar\/suben-casi-7-las-exportaciones-uruguayas-de-carne-vacuna-en-noviembre\/\" \/>\n<meta property=\"og:site_name\" content=\"Proagro\" \/>\n<meta property=\"article:publisher\" content=\"http:\/\/www.facebook.com\/proagrolab\" \/>\n<meta property=\"article:published_time\" content=\"2014-12-11T00:00:01+00:00\" \/>\n<meta property=\"article:modified_time\" content=\"2020-06-29T19:23:08+00:00\" \/>\n<meta property=\"og:image\" content=\"https:\/\/proagrolab.com.ar\/wp-content\/uploads\/2015\/01\/g_pipih6nyf__Frigorifico-4.jpg\" \/>\n\t<meta property=\"og:image:width\" content=\"450\" \/>\n\t<meta property=\"og:image:height\" content=\"208\" \/>\n\t<meta property=\"og:image:type\" content=\"image\/jpeg\" \/>\n<meta name=\"author\" content=\"proagrolab\" \/>\n<meta name=\"twitter:card\" content=\"summary_large_image\" \/>\n<meta name=\"twitter:label1\" content=\"Written by\" \/>\n\t<meta name=\"twitter:data1\" content=\"proagrolab\" \/>\n\t<meta name=\"twitter:label2\" content=\"Est. reading time\" \/>\n\t<meta name=\"twitter:data2\" content=\"1 minute\" \/>\n<script type=\"application\/ld+json\" class=\"yoast-schema-graph\">{\"@context\":\"https:\\\/\\\/schema.org\",\"@graph\":[{\"@type\":\"Article\",\"@id\":\"https:\\\/\\\/proagrolab.com.ar\\\/suben-casi-7-las-exportaciones-uruguayas-de-carne-vacuna-en-noviembre\\\/#article\",\"isPartOf\":{\"@id\":\"https:\\\/\\\/proagrolab.com.ar\\\/suben-casi-7-las-exportaciones-uruguayas-de-carne-vacuna-en-noviembre\\\/\"},\"author\":{\"name\":\"proagrolab\",\"@id\":\"https:\\\/\\\/proagrolab.com.ar\\\/#\\\/schema\\\/person\\\/38003ff90bf80381f71c7d922d207444\"},\"headline\":\"Suben casi 7% las exportaciones uruguayas de carne vacuna en noviembre.\",\"datePublished\":\"2014-12-11T00:00:01+00:00\",\"dateModified\":\"2020-06-29T19:23:08+00:00\",\"mainEntityOfPage\":{\"@id\":\"https:\\\/\\\/proagrolab.com.ar\\\/suben-casi-7-las-exportaciones-uruguayas-de-carne-vacuna-en-noviembre\\\/\"},\"wordCount\":147,\"publisher\":{\"@id\":\"https:\\\/\\\/proagrolab.com.ar\\\/#organization\"},\"image\":{\"@id\":\"https:\\\/\\\/proagrolab.com.ar\\\/suben-casi-7-las-exportaciones-uruguayas-de-carne-vacuna-en-noviembre\\\/#primaryimage\"},\"thumbnailUrl\":\"https:\\\/\\\/proagrolab.com.ar\\\/wp-content\\\/uploads\\\/2015\\\/01\\\/g_pipih6nyf__Frigorifico-4.jpg\",\"articleSection\":[\"News\"],\"inLanguage\":\"en-US\"},{\"@type\":\"WebPage\",\"@id\":\"https:\\\/\\\/proagrolab.com.ar\\\/suben-casi-7-las-exportaciones-uruguayas-de-carne-vacuna-en-noviembre\\\/\",\"url\":\"https:\\\/\\\/proagrolab.com.ar\\\/suben-casi-7-las-exportaciones-uruguayas-de-carne-vacuna-en-noviembre\\\/\",\"name\":\"Suben casi 7% las exportaciones uruguayas de carne vacuna en noviembre. | Proagro\",\"isPartOf\":{\"@id\":\"https:\\\/\\\/proagrolab.com.ar\\\/#website\"},\"primaryImageOfPage\":{\"@id\":\"https:\\\/\\\/proagrolab.com.ar\\\/suben-casi-7-las-exportaciones-uruguayas-de-carne-vacuna-en-noviembre\\\/#primaryimage\"},\"image\":{\"@id\":\"https:\\\/\\\/proagrolab.com.ar\\\/suben-casi-7-las-exportaciones-uruguayas-de-carne-vacuna-en-noviembre\\\/#primaryimage\"},\"thumbnailUrl\":\"https:\\\/\\\/proagrolab.com.ar\\\/wp-content\\\/uploads\\\/2015\\\/01\\\/g_pipih6nyf__Frigorifico-4.jpg\",\"datePublished\":\"2014-12-11T00:00:01+00:00\",\"dateModified\":\"2020-06-29T19:23:08+00:00\",\"breadcrumb\":{\"@id\":\"https:\\\/\\\/proagrolab.com.ar\\\/suben-casi-7-las-exportaciones-uruguayas-de-carne-vacuna-en-noviembre\\\/#breadcrumb\"},\"inLanguage\":\"en-US\",\"potentialAction\":[{\"@type\":\"ReadAction\",\"target\":[\"https:\\\/\\\/proagrolab.com.ar\\\/suben-casi-7-las-exportaciones-uruguayas-de-carne-vacuna-en-noviembre\\\/\"]}]},{\"@type\":\"ImageObject\",\"inLanguage\":\"en-US\",\"@id\":\"https:\\\/\\\/proagrolab.com.ar\\\/suben-casi-7-las-exportaciones-uruguayas-de-carne-vacuna-en-noviembre\\\/#primaryimage\",\"url\":\"https:\\\/\\\/proagrolab.com.ar\\\/wp-content\\\/uploads\\\/2015\\\/01\\\/g_pipih6nyf__Frigorifico-4.jpg\",\"contentUrl\":\"https:\\\/\\\/proagrolab.com.ar\\\/wp-content\\\/uploads\\\/2015\\\/01\\\/g_pipih6nyf__Frigorifico-4.jpg\",\"width\":450,\"height\":208},{\"@type\":\"BreadcrumbList\",\"@id\":\"https:\\\/\\\/proagrolab.com.ar\\\/suben-casi-7-las-exportaciones-uruguayas-de-carne-vacuna-en-noviembre\\\/#breadcrumb\",\"itemListElement\":[{\"@type\":\"ListItem\",\"position\":1,\"name\":\"Portada\",\"item\":\"https:\\\/\\\/proagrolab.com.ar\\\/\"},{\"@type\":\"ListItem\",\"position\":2,\"name\":\"Suben casi 7% las exportaciones uruguayas de carne vacuna en noviembre.\"}]},{\"@type\":\"WebSite\",\"@id\":\"https:\\\/\\\/proagrolab.com.ar\\\/#website\",\"url\":\"https:\\\/\\\/proagrolab.com.ar\\\/\",\"name\":\"Proagro Laboratorio Veterinario\",\"description\":\"Veterinary laboratory\",\"publisher\":{\"@id\":\"https:\\\/\\\/proagrolab.com.ar\\\/#organization\"},\"potentialAction\":[{\"@type\":\"SearchAction\",\"target\":{\"@type\":\"EntryPoint\",\"urlTemplate\":\"https:\\\/\\\/proagrolab.com.ar\\\/?s={search_term_string}\"},\"query-input\":{\"@type\":\"PropertyValueSpecification\",\"valueRequired\":true,\"valueName\":\"search_term_string\"}}],\"inLanguage\":\"en-US\"},{\"@type\":\"Organization\",\"@id\":\"https:\\\/\\\/proagrolab.com.ar\\\/#organization\",\"name\":\"Proagro\",\"url\":\"https:\\\/\\\/proagrolab.com.ar\\\/\",\"logo\":{\"@type\":\"ImageObject\",\"inLanguage\":\"en-US\",\"@id\":\"https:\\\/\\\/proagrolab.com.ar\\\/#\\\/schema\\\/logo\\\/image\\\/\",\"url\":\"https:\\\/\\\/proagrolab.com.ar\\\/wp-content\\\/uploads\\\/2020\\\/04\\\/logo-retina.png\",\"contentUrl\":\"https:\\\/\\\/proagrolab.com.ar\\\/wp-content\\\/uploads\\\/2020\\\/04\\\/logo-retina.png\",\"width\":478,\"height\":120,\"caption\":\"Proagro\"},\"image\":{\"@id\":\"https:\\\/\\\/proagrolab.com.ar\\\/#\\\/schema\\\/logo\\\/image\\\/\"},\"sameAs\":[\"http:\\\/\\\/www.facebook.com\\\/proagrolab\",\"https:\\\/\\\/www.instagram.com\\\/proagrolab\\\/\",\"https:\\\/\\\/www.linkedin.com\\\/company\\\/laboratorio-proagro-s-a\\\/\"]},{\"@type\":\"Person\",\"@id\":\"https:\\\/\\\/proagrolab.com.ar\\\/#\\\/schema\\\/person\\\/38003ff90bf80381f71c7d922d207444\",\"name\":\"proagrolab\"}]}<\/script>\n<!-- \/ Yoast SEO plugin. -->","yoast_head_json":{"title":"Suben casi 7% las exportaciones uruguayas de carne vacuna en noviembre. | Proagro","robots":{"index":"index","follow":"follow","max-snippet":"max-snippet:-1","max-image-preview":"max-image-preview:large","max-video-preview":"max-video-preview:-1"},"canonical":"https:\/\/proagrolab.com.ar\/en\/suben-casi-7-las-exportaciones-uruguayas-de-carne-vacuna-en-noviembre\/","og_locale":"en_US","og_type":"article","og_title":"Suben casi 7% las exportaciones uruguayas de carne vacuna en noviembre. | Proagro","og_description":"Las exportaciones de carne vacuna uruguaya crecieron un 6,6% interanual en noviembre impulsadas por un aumento de casi tres veces y medio de las ventas a los pa\u00edses de Am\u00e9rica del Norte, mientras los ingresos crecieron un 14,2%, inform\u00f3 el mi\u00e9rcoles el gobierno. En noviembre Uruguay export\u00f3 31.781 toneladas de carne vacuna frente a las 29.798 previas, lo que dej\u00f3 ingresos por US$135,2 millones desde los US$118,3 millones de un a\u00f1o antes. La faena creci\u00f3 un 11,3% en el und\u00e9cimo mes del a\u00f1o y alcanz\u00f3 las 206.907 cabezas. Cabe mencionar que los pa\u00edses del Tratado de Libre Comercio de Am\u00e9rica del Norte (TLCAN) aumentaron un 241% sus compras y fueron el principal destino de la carne uruguaya por delante de China, la Uni\u00f3n Europea, los pa\u00edses del Mercosur, y Rusia. Fuente: Carnetec, 11 de diciembre.","og_url":"https:\/\/proagrolab.com.ar\/suben-casi-7-las-exportaciones-uruguayas-de-carne-vacuna-en-noviembre\/","og_site_name":"Proagro","article_publisher":"http:\/\/www.facebook.com\/proagrolab","article_published_time":"2014-12-11T00:00:01+00:00","article_modified_time":"2020-06-29T19:23:08+00:00","og_image":[{"width":450,"height":208,"url":"https:\/\/proagrolab.com.ar\/wp-content\/uploads\/2015\/01\/g_pipih6nyf__Frigorifico-4.jpg","type":"image\/jpeg"}],"author":"proagrolab","twitter_card":"summary_large_image","twitter_misc":{"Written by":"proagrolab","Est. reading time":"1 minute"},"schema":{"@context":"https:\/\/schema.org","@graph":[{"@type":"Article","@id":"https:\/\/proagrolab.com.ar\/suben-casi-7-las-exportaciones-uruguayas-de-carne-vacuna-en-noviembre\/#article","isPartOf":{"@id":"https:\/\/proagrolab.com.ar\/suben-casi-7-las-exportaciones-uruguayas-de-carne-vacuna-en-noviembre\/"},"author":{"name":"proagrolab","@id":"https:\/\/proagrolab.com.ar\/#\/schema\/person\/38003ff90bf80381f71c7d922d207444"},"headline":"Suben casi 7% las exportaciones uruguayas de carne vacuna en noviembre.","datePublished":"2014-12-11T00:00:01+00:00","dateModified":"2020-06-29T19:23:08+00:00","mainEntityOfPage":{"@id":"https:\/\/proagrolab.com.ar\/suben-casi-7-las-exportaciones-uruguayas-de-carne-vacuna-en-noviembre\/"},"wordCount":147,"publisher":{"@id":"https:\/\/proagrolab.com.ar\/#organization"},"image":{"@id":"https:\/\/proagrolab.com.ar\/suben-casi-7-las-exportaciones-uruguayas-de-carne-vacuna-en-noviembre\/#primaryimage"},"thumbnailUrl":"https:\/\/proagrolab.com.ar\/wp-content\/uploads\/2015\/01\/g_pipih6nyf__Frigorifico-4.jpg","articleSection":["News"],"inLanguage":"en-US"},{"@type":"WebPage","@id":"https:\/\/proagrolab.com.ar\/suben-casi-7-las-exportaciones-uruguayas-de-carne-vacuna-en-noviembre\/","url":"https:\/\/proagrolab.com.ar\/suben-casi-7-las-exportaciones-uruguayas-de-carne-vacuna-en-noviembre\/","name":"Suben casi 7% las exportaciones uruguayas de carne vacuna en noviembre. | Proagro","isPartOf":{"@id":"https:\/\/proagrolab.com.ar\/#website"},"primaryImageOfPage":{"@id":"https:\/\/proagrolab.com.ar\/suben-casi-7-las-exportaciones-uruguayas-de-carne-vacuna-en-noviembre\/#primaryimage"},"image":{"@id":"https:\/\/proagrolab.com.ar\/suben-casi-7-las-exportaciones-uruguayas-de-carne-vacuna-en-noviembre\/#primaryimage"},"thumbnailUrl":"https:\/\/proagrolab.com.ar\/wp-content\/uploads\/2015\/01\/g_pipih6nyf__Frigorifico-4.jpg","datePublished":"2014-12-11T00:00:01+00:00","dateModified":"2020-06-29T19:23:08+00:00","breadcrumb":{"@id":"https:\/\/proagrolab.com.ar\/suben-casi-7-las-exportaciones-uruguayas-de-carne-vacuna-en-noviembre\/#breadcrumb"},"inLanguage":"en-US","potentialAction":[{"@type":"ReadAction","target":["https:\/\/proagrolab.com.ar\/suben-casi-7-las-exportaciones-uruguayas-de-carne-vacuna-en-noviembre\/"]}]},{"@type":"ImageObject","inLanguage":"en-US","@id":"https:\/\/proagrolab.com.ar\/suben-casi-7-las-exportaciones-uruguayas-de-carne-vacuna-en-noviembre\/#primaryimage","url":"https:\/\/proagrolab.com.ar\/wp-content\/uploads\/2015\/01\/g_pipih6nyf__Frigorifico-4.jpg","contentUrl":"https:\/\/proagrolab.com.ar\/wp-content\/uploads\/2015\/01\/g_pipih6nyf__Frigorifico-4.jpg","width":450,"height":208},{"@type":"BreadcrumbList","@id":"https:\/\/proagrolab.com.ar\/suben-casi-7-las-exportaciones-uruguayas-de-carne-vacuna-en-noviembre\/#breadcrumb","itemListElement":[{"@type":"ListItem","position":1,"name":"Portada","item":"https:\/\/proagrolab.com.ar\/"},{"@type":"ListItem","position":2,"name":"Suben casi 7% las exportaciones uruguayas de carne vacuna en noviembre."}]},{"@type":"WebSite","@id":"https:\/\/proagrolab.com.ar\/#website","url":"https:\/\/proagrolab.com.ar\/","name":"Proagro Laboratorio Veterinario","description":"Veterinary laboratory","publisher":{"@id":"https:\/\/proagrolab.com.ar\/#organization"},"potentialAction":[{"@type":"SearchAction","target":{"@type":"EntryPoint","urlTemplate":"https:\/\/proagrolab.com.ar\/?s={search_term_string}"},"query-input":{"@type":"PropertyValueSpecification","valueRequired":true,"valueName":"search_term_string"}}],"inLanguage":"en-US"},{"@type":"Organization","@id":"https:\/\/proagrolab.com.ar\/#organization","name":"Proagro","url":"https:\/\/proagrolab.com.ar\/","logo":{"@type":"ImageObject","inLanguage":"en-US","@id":"https:\/\/proagrolab.com.ar\/#\/schema\/logo\/image\/","url":"https:\/\/proagrolab.com.ar\/wp-content\/uploads\/2020\/04\/logo-retina.png","contentUrl":"https:\/\/proagrolab.com.ar\/wp-content\/uploads\/2020\/04\/logo-retina.png","width":478,"height":120,"caption":"Proagro"},"image":{"@id":"https:\/\/proagrolab.com.ar\/#\/schema\/logo\/image\/"},"sameAs":["http:\/\/www.facebook.com\/proagrolab","https:\/\/www.instagram.com\/proagrolab\/","https:\/\/www.linkedin.com\/company\/laboratorio-proagro-s-a\/"]},{"@type":"Person","@id":"https:\/\/proagrolab.com.ar\/#\/schema\/person\/38003ff90bf80381f71c7d922d207444","name":"proagrolab"}]}},"_links":{"self":[{"href":"https:\/\/proagrolab.com.ar\/en\/wp-json\/wp\/v2\/posts\/6492","targetHints":{"allow":["GET"]}}],"collection":[{"href":"https:\/\/proagrolab.com.ar\/en\/wp-json\/wp\/v2\/posts"}],"about":[{"href":"https:\/\/proagrolab.com.ar\/en\/wp-json\/wp\/v2\/types\/post"}],"author":[{"embeddable":true,"href":"https:\/\/proagrolab.com.ar\/en\/wp-json\/wp\/v2\/users\/2"}],"replies":[{"embeddable":true,"href":"https:\/\/proagrolab.com.ar\/en\/wp-json\/wp\/v2\/comments?post=6492"}],"version-history":[{"count":1,"href":"https:\/\/proagrolab.com.ar\/en\/wp-json\/wp\/v2\/posts\/6492\/revisions"}],"predecessor-version":[{"id":14081,"href":"https:\/\/proagrolab.com.ar\/en\/wp-json\/wp\/v2\/posts\/6492\/revisions\/14081"}],"wp:featuredmedia":[{"embeddable":true,"href":"https:\/\/proagrolab.com.ar\/en\/wp-json\/wp\/v2\/media\/2979"}],"wp:attachment":[{"href":"https:\/\/proagrolab.com.ar\/en\/wp-json\/wp\/v2\/media?parent=6492"}],"wp:term":[{"taxonomy":"category","embeddable":true,"href":"https:\/\/proagrolab.com.ar\/en\/wp-json\/wp\/v2\/categories?post=6492"},{"taxonomy":"post_tag","embeddable":true,"href":"https:\/\/proagrolab.com.ar\/en\/wp-json\/wp\/v2\/tags?post=6492"}],"curies":[{"name":"wp","href":"https:\/\/api.w.org\/{rel}","templated":true}]}}