{"id":6491,"date":"2014-12-11T00:00:01","date_gmt":"2014-12-11T00:00:01","guid":{"rendered":"https:\/\/proagrolab.com.ar\/uruguay-anuncia-objetivo-de-introducir-carne-vacuna-al-mercado-de-japon\/"},"modified":"2020-06-29T19:23:14","modified_gmt":"2020-06-29T19:23:14","slug":"uruguay-anuncia-objetivo-de-introducir-carne-vacuna-al-mercado-de-japon","status":"publish","type":"post","link":"https:\/\/proagrolab.com.ar\/en\/uruguay-anuncia-objetivo-de-introducir-carne-vacuna-al-mercado-de-japon\/","title":{"rendered":"Uruguay anuncia objetivo de introducir carne vacuna al mercado de Jap\u00f3n."},"content":{"rendered":"<p class=\"qtranxs-available-languages-message qtranxs-available-languages-message-en\"> <\/p><p>Durante el encuentro anual del Gira Meat Club (GIRA), que cuenta con la participaci\u00f3n del Instituto Nacional de la Carne (INAC), los t\u00e9cnicos del GIRA destacaron el probable ingreso de Uruguay a al mercado de Jap\u00f3n como &#8220;una de las novedades a esperar en los pr\u00f3ximos a\u00f1os&#8221;. <\/p>\n<p>De concretarse, finalmente Uruguay tendr\u00eda acceso a la totalidad de los mercados mundiales importadores de carne vacuna, un hito en la historia comercial del sector, seg\u00fan se destac\u00f3 a El Observador desde el INAC.<\/p>\n<p>La delegaci\u00f3n uruguaya en esta instancia estuvo conformada por el Director General, Fernando Gil; el Director de An\u00e1lisis Econ\u00f3mico, Pablo Caputi; el Jefe de la Unidad de Estudios Especiales, Carlos M\u00e9ndez; y la licenciada en estudios internacionales, Mariana Losada, de la misma unidad.<\/p>\n<p>En cada encuentro anual del GIRA se discuten las estad\u00edsticas y tendencias en producci\u00f3n y comercio mundial de las cuatro prote\u00ednas animales principales (bovinos, ovinos, pollos y cerdos).<\/p>\n<p>Como visi\u00f3n general se present\u00f3 un a\u00f1o positivo para la producci\u00f3n, consumo y comercio de carne bovina con precios firmes en todo el mundo, algo que contrasta con la notoria ca\u00edda en el precio de los granos y de los productos l\u00e1cteos.<\/p>\n<p>Fuente: Carnetec, 8 de diciembre.<br \/><\/p>","protected":false},"excerpt":{"rendered":"<p>Durante el encuentro anual del Gira Meat Club (GIRA), que cuenta con la participaci\u00f3n del Instituto Nacional de la Carne (INAC), los t\u00e9cnicos del GIRA destacaron el probable ingreso de Uruguay a al mercado de Jap\u00f3n como &#8220;una de las novedades a esperar en los pr\u00f3ximos a\u00f1os&#8221;. De concretarse, finalmente Uruguay tendr\u00eda acceso a la totalidad de los mercados mundiales importadores de carne vacuna, un hito en la historia comercial del sector, seg\u00fan se destac\u00f3 a El Observador desde el INAC. La delegaci\u00f3n uruguaya en esta instancia estuvo conformada por el Director General, Fernando Gil; el Director de An\u00e1lisis Econ\u00f3mico, Pablo Caputi; el Jefe de la Unidad de Estudios Especiales, Carlos M\u00e9ndez; y la licenciada en estudios internacionales, Mariana Losada, de la misma unidad. En cada encuentro anual del GIRA se discuten las estad\u00edsticas y tendencias en producci\u00f3n y comercio mundial de las cuatro prote\u00ednas animales principales (bovinos, ovinos, pollos y cerdos). Como visi\u00f3n general se present\u00f3 un a\u00f1o positivo para la producci\u00f3n, consumo y comercio de carne bovina con precios firmes en todo el mundo, algo que contrasta con la notoria ca\u00edda en el precio de los granos y de los productos l\u00e1cteos. Fuente: Carnetec, 8 de diciembre.<\/p>\n","protected":false},"author":2,"featured_media":2978,"comment_status":"closed","ping_status":"open","sticky":false,"template":"","format":"standard","meta":{"_acf_changed":false,"footnotes":""},"categories":[56],"tags":[],"class_list":["post-6491","post","type-post","status-publish","format-standard","has-post-thumbnail","hentry","category-infoganadero"],"acf":[],"yoast_head":"<!-- This site is optimized with the Yoast SEO plugin v27.4 - https:\/\/yoast.com\/product\/yoast-seo-wordpress\/ -->\n<title>Uruguay anuncia objetivo de introducir carne vacuna al mercado de Jap\u00f3n. | Proagro<\/title>\n<meta name=\"robots\" content=\"index, follow, max-snippet:-1, max-image-preview:large, max-video-preview:-1\" \/>\n<link rel=\"canonical\" href=\"https:\/\/proagrolab.com.ar\/en\/uruguay-anuncia-objetivo-de-introducir-carne-vacuna-al-mercado-de-japon\/\" \/>\n<meta property=\"og:locale\" content=\"en_US\" \/>\n<meta property=\"og:type\" content=\"article\" \/>\n<meta property=\"og:title\" content=\"Uruguay anuncia objetivo de introducir carne vacuna al mercado de Jap\u00f3n. | Proagro\" \/>\n<meta property=\"og:description\" content=\"Durante el encuentro anual del Gira Meat Club (GIRA), que cuenta con la participaci\u00f3n del Instituto Nacional de la Carne (INAC), los t\u00e9cnicos del GIRA destacaron el probable ingreso de Uruguay a al mercado de Jap\u00f3n como &#8220;una de las novedades a esperar en los pr\u00f3ximos a\u00f1os&#8221;. De concretarse, finalmente Uruguay tendr\u00eda acceso a la totalidad de los mercados mundiales importadores de carne vacuna, un hito en la historia comercial del sector, seg\u00fan se destac\u00f3 a El Observador desde el INAC. La delegaci\u00f3n uruguaya en esta instancia estuvo conformada por el Director General, Fernando Gil; el Director de An\u00e1lisis Econ\u00f3mico, Pablo Caputi; el Jefe de la Unidad de Estudios Especiales, Carlos M\u00e9ndez; y la licenciada en estudios internacionales, Mariana Losada, de la misma unidad. En cada encuentro anual del GIRA se discuten las estad\u00edsticas y tendencias en producci\u00f3n y comercio mundial de las cuatro prote\u00ednas animales principales (bovinos, ovinos, pollos y cerdos). Como visi\u00f3n general se present\u00f3 un a\u00f1o positivo para la producci\u00f3n, consumo y comercio de carne bovina con precios firmes en todo el mundo, algo que contrasta con la notoria ca\u00edda en el precio de los granos y de los productos l\u00e1cteos. Fuente: Carnetec, 8 de diciembre.\" \/>\n<meta property=\"og:url\" content=\"https:\/\/proagrolab.com.ar\/uruguay-anuncia-objetivo-de-introducir-carne-vacuna-al-mercado-de-japon\/\" \/>\n<meta property=\"og:site_name\" content=\"Proagro\" \/>\n<meta property=\"article:publisher\" content=\"http:\/\/www.facebook.com\/proagrolab\" \/>\n<meta property=\"article:published_time\" content=\"2014-12-11T00:00:01+00:00\" \/>\n<meta property=\"article:modified_time\" content=\"2020-06-29T19:23:14+00:00\" \/>\n<meta property=\"og:image\" content=\"https:\/\/proagrolab.com.ar\/wp-content\/uploads\/2015\/01\/g_tsrcs5mq2__Frigorifico-3.jpg\" \/>\n\t<meta property=\"og:image:width\" content=\"450\" \/>\n\t<meta property=\"og:image:height\" content=\"208\" \/>\n\t<meta property=\"og:image:type\" content=\"image\/jpeg\" \/>\n<meta name=\"author\" content=\"proagrolab\" \/>\n<meta name=\"twitter:card\" content=\"summary_large_image\" \/>\n<meta name=\"twitter:label1\" content=\"Written by\" \/>\n\t<meta name=\"twitter:data1\" content=\"proagrolab\" \/>\n\t<meta name=\"twitter:label2\" content=\"Est. reading time\" \/>\n\t<meta name=\"twitter:data2\" content=\"1 minute\" \/>\n<script type=\"application\/ld+json\" class=\"yoast-schema-graph\">{\"@context\":\"https:\\\/\\\/schema.org\",\"@graph\":[{\"@type\":\"Article\",\"@id\":\"https:\\\/\\\/proagrolab.com.ar\\\/uruguay-anuncia-objetivo-de-introducir-carne-vacuna-al-mercado-de-japon\\\/#article\",\"isPartOf\":{\"@id\":\"https:\\\/\\\/proagrolab.com.ar\\\/uruguay-anuncia-objetivo-de-introducir-carne-vacuna-al-mercado-de-japon\\\/\"},\"author\":{\"name\":\"proagrolab\",\"@id\":\"https:\\\/\\\/proagrolab.com.ar\\\/#\\\/schema\\\/person\\\/38003ff90bf80381f71c7d922d207444\"},\"headline\":\"Uruguay anuncia objetivo de introducir carne vacuna al mercado de Jap\u00f3n.\",\"datePublished\":\"2014-12-11T00:00:01+00:00\",\"dateModified\":\"2020-06-29T19:23:14+00:00\",\"mainEntityOfPage\":{\"@id\":\"https:\\\/\\\/proagrolab.com.ar\\\/uruguay-anuncia-objetivo-de-introducir-carne-vacuna-al-mercado-de-japon\\\/\"},\"wordCount\":229,\"publisher\":{\"@id\":\"https:\\\/\\\/proagrolab.com.ar\\\/#organization\"},\"image\":{\"@id\":\"https:\\\/\\\/proagrolab.com.ar\\\/uruguay-anuncia-objetivo-de-introducir-carne-vacuna-al-mercado-de-japon\\\/#primaryimage\"},\"thumbnailUrl\":\"https:\\\/\\\/proagrolab.com.ar\\\/wp-content\\\/uploads\\\/2015\\\/01\\\/g_tsrcs5mq2__Frigorifico-3.jpg\",\"articleSection\":[\"News\"],\"inLanguage\":\"en-US\"},{\"@type\":\"WebPage\",\"@id\":\"https:\\\/\\\/proagrolab.com.ar\\\/uruguay-anuncia-objetivo-de-introducir-carne-vacuna-al-mercado-de-japon\\\/\",\"url\":\"https:\\\/\\\/proagrolab.com.ar\\\/uruguay-anuncia-objetivo-de-introducir-carne-vacuna-al-mercado-de-japon\\\/\",\"name\":\"Uruguay anuncia objetivo de introducir carne vacuna al mercado de Jap\u00f3n. | Proagro\",\"isPartOf\":{\"@id\":\"https:\\\/\\\/proagrolab.com.ar\\\/#website\"},\"primaryImageOfPage\":{\"@id\":\"https:\\\/\\\/proagrolab.com.ar\\\/uruguay-anuncia-objetivo-de-introducir-carne-vacuna-al-mercado-de-japon\\\/#primaryimage\"},\"image\":{\"@id\":\"https:\\\/\\\/proagrolab.com.ar\\\/uruguay-anuncia-objetivo-de-introducir-carne-vacuna-al-mercado-de-japon\\\/#primaryimage\"},\"thumbnailUrl\":\"https:\\\/\\\/proagrolab.com.ar\\\/wp-content\\\/uploads\\\/2015\\\/01\\\/g_tsrcs5mq2__Frigorifico-3.jpg\",\"datePublished\":\"2014-12-11T00:00:01+00:00\",\"dateModified\":\"2020-06-29T19:23:14+00:00\",\"breadcrumb\":{\"@id\":\"https:\\\/\\\/proagrolab.com.ar\\\/uruguay-anuncia-objetivo-de-introducir-carne-vacuna-al-mercado-de-japon\\\/#breadcrumb\"},\"inLanguage\":\"en-US\",\"potentialAction\":[{\"@type\":\"ReadAction\",\"target\":[\"https:\\\/\\\/proagrolab.com.ar\\\/uruguay-anuncia-objetivo-de-introducir-carne-vacuna-al-mercado-de-japon\\\/\"]}]},{\"@type\":\"ImageObject\",\"inLanguage\":\"en-US\",\"@id\":\"https:\\\/\\\/proagrolab.com.ar\\\/uruguay-anuncia-objetivo-de-introducir-carne-vacuna-al-mercado-de-japon\\\/#primaryimage\",\"url\":\"https:\\\/\\\/proagrolab.com.ar\\\/wp-content\\\/uploads\\\/2015\\\/01\\\/g_tsrcs5mq2__Frigorifico-3.jpg\",\"contentUrl\":\"https:\\\/\\\/proagrolab.com.ar\\\/wp-content\\\/uploads\\\/2015\\\/01\\\/g_tsrcs5mq2__Frigorifico-3.jpg\",\"width\":450,\"height\":208},{\"@type\":\"BreadcrumbList\",\"@id\":\"https:\\\/\\\/proagrolab.com.ar\\\/uruguay-anuncia-objetivo-de-introducir-carne-vacuna-al-mercado-de-japon\\\/#breadcrumb\",\"itemListElement\":[{\"@type\":\"ListItem\",\"position\":1,\"name\":\"Portada\",\"item\":\"https:\\\/\\\/proagrolab.com.ar\\\/\"},{\"@type\":\"ListItem\",\"position\":2,\"name\":\"Uruguay anuncia objetivo de introducir carne vacuna al mercado de Jap\u00f3n.\"}]},{\"@type\":\"WebSite\",\"@id\":\"https:\\\/\\\/proagrolab.com.ar\\\/#website\",\"url\":\"https:\\\/\\\/proagrolab.com.ar\\\/\",\"name\":\"Proagro Laboratorio Veterinario\",\"description\":\"Veterinary laboratory\",\"publisher\":{\"@id\":\"https:\\\/\\\/proagrolab.com.ar\\\/#organization\"},\"potentialAction\":[{\"@type\":\"SearchAction\",\"target\":{\"@type\":\"EntryPoint\",\"urlTemplate\":\"https:\\\/\\\/proagrolab.com.ar\\\/?s={search_term_string}\"},\"query-input\":{\"@type\":\"PropertyValueSpecification\",\"valueRequired\":true,\"valueName\":\"search_term_string\"}}],\"inLanguage\":\"en-US\"},{\"@type\":\"Organization\",\"@id\":\"https:\\\/\\\/proagrolab.com.ar\\\/#organization\",\"name\":\"Proagro\",\"url\":\"https:\\\/\\\/proagrolab.com.ar\\\/\",\"logo\":{\"@type\":\"ImageObject\",\"inLanguage\":\"en-US\",\"@id\":\"https:\\\/\\\/proagrolab.com.ar\\\/#\\\/schema\\\/logo\\\/image\\\/\",\"url\":\"https:\\\/\\\/proagrolab.com.ar\\\/wp-content\\\/uploads\\\/2020\\\/04\\\/logo-retina.png\",\"contentUrl\":\"https:\\\/\\\/proagrolab.com.ar\\\/wp-content\\\/uploads\\\/2020\\\/04\\\/logo-retina.png\",\"width\":478,\"height\":120,\"caption\":\"Proagro\"},\"image\":{\"@id\":\"https:\\\/\\\/proagrolab.com.ar\\\/#\\\/schema\\\/logo\\\/image\\\/\"},\"sameAs\":[\"http:\\\/\\\/www.facebook.com\\\/proagrolab\",\"https:\\\/\\\/www.instagram.com\\\/proagrolab\\\/\",\"https:\\\/\\\/www.linkedin.com\\\/company\\\/laboratorio-proagro-s-a\\\/\"]},{\"@type\":\"Person\",\"@id\":\"https:\\\/\\\/proagrolab.com.ar\\\/#\\\/schema\\\/person\\\/38003ff90bf80381f71c7d922d207444\",\"name\":\"proagrolab\"}]}<\/script>\n<!-- \/ Yoast SEO plugin. -->","yoast_head_json":{"title":"Uruguay anuncia objetivo de introducir carne vacuna al mercado de Jap\u00f3n. | Proagro","robots":{"index":"index","follow":"follow","max-snippet":"max-snippet:-1","max-image-preview":"max-image-preview:large","max-video-preview":"max-video-preview:-1"},"canonical":"https:\/\/proagrolab.com.ar\/en\/uruguay-anuncia-objetivo-de-introducir-carne-vacuna-al-mercado-de-japon\/","og_locale":"en_US","og_type":"article","og_title":"Uruguay anuncia objetivo de introducir carne vacuna al mercado de Jap\u00f3n. | Proagro","og_description":"Durante el encuentro anual del Gira Meat Club (GIRA), que cuenta con la participaci\u00f3n del Instituto Nacional de la Carne (INAC), los t\u00e9cnicos del GIRA destacaron el probable ingreso de Uruguay a al mercado de Jap\u00f3n como &#8220;una de las novedades a esperar en los pr\u00f3ximos a\u00f1os&#8221;. De concretarse, finalmente Uruguay tendr\u00eda acceso a la totalidad de los mercados mundiales importadores de carne vacuna, un hito en la historia comercial del sector, seg\u00fan se destac\u00f3 a El Observador desde el INAC. La delegaci\u00f3n uruguaya en esta instancia estuvo conformada por el Director General, Fernando Gil; el Director de An\u00e1lisis Econ\u00f3mico, Pablo Caputi; el Jefe de la Unidad de Estudios Especiales, Carlos M\u00e9ndez; y la licenciada en estudios internacionales, Mariana Losada, de la misma unidad. En cada encuentro anual del GIRA se discuten las estad\u00edsticas y tendencias en producci\u00f3n y comercio mundial de las cuatro prote\u00ednas animales principales (bovinos, ovinos, pollos y cerdos). Como visi\u00f3n general se present\u00f3 un a\u00f1o positivo para la producci\u00f3n, consumo y comercio de carne bovina con precios firmes en todo el mundo, algo que contrasta con la notoria ca\u00edda en el precio de los granos y de los productos l\u00e1cteos. Fuente: Carnetec, 8 de diciembre.","og_url":"https:\/\/proagrolab.com.ar\/uruguay-anuncia-objetivo-de-introducir-carne-vacuna-al-mercado-de-japon\/","og_site_name":"Proagro","article_publisher":"http:\/\/www.facebook.com\/proagrolab","article_published_time":"2014-12-11T00:00:01+00:00","article_modified_time":"2020-06-29T19:23:14+00:00","og_image":[{"width":450,"height":208,"url":"https:\/\/proagrolab.com.ar\/wp-content\/uploads\/2015\/01\/g_tsrcs5mq2__Frigorifico-3.jpg","type":"image\/jpeg"}],"author":"proagrolab","twitter_card":"summary_large_image","twitter_misc":{"Written by":"proagrolab","Est. reading time":"1 minute"},"schema":{"@context":"https:\/\/schema.org","@graph":[{"@type":"Article","@id":"https:\/\/proagrolab.com.ar\/uruguay-anuncia-objetivo-de-introducir-carne-vacuna-al-mercado-de-japon\/#article","isPartOf":{"@id":"https:\/\/proagrolab.com.ar\/uruguay-anuncia-objetivo-de-introducir-carne-vacuna-al-mercado-de-japon\/"},"author":{"name":"proagrolab","@id":"https:\/\/proagrolab.com.ar\/#\/schema\/person\/38003ff90bf80381f71c7d922d207444"},"headline":"Uruguay anuncia objetivo de introducir carne vacuna al mercado de Jap\u00f3n.","datePublished":"2014-12-11T00:00:01+00:00","dateModified":"2020-06-29T19:23:14+00:00","mainEntityOfPage":{"@id":"https:\/\/proagrolab.com.ar\/uruguay-anuncia-objetivo-de-introducir-carne-vacuna-al-mercado-de-japon\/"},"wordCount":229,"publisher":{"@id":"https:\/\/proagrolab.com.ar\/#organization"},"image":{"@id":"https:\/\/proagrolab.com.ar\/uruguay-anuncia-objetivo-de-introducir-carne-vacuna-al-mercado-de-japon\/#primaryimage"},"thumbnailUrl":"https:\/\/proagrolab.com.ar\/wp-content\/uploads\/2015\/01\/g_tsrcs5mq2__Frigorifico-3.jpg","articleSection":["News"],"inLanguage":"en-US"},{"@type":"WebPage","@id":"https:\/\/proagrolab.com.ar\/uruguay-anuncia-objetivo-de-introducir-carne-vacuna-al-mercado-de-japon\/","url":"https:\/\/proagrolab.com.ar\/uruguay-anuncia-objetivo-de-introducir-carne-vacuna-al-mercado-de-japon\/","name":"Uruguay anuncia objetivo de introducir carne vacuna al mercado de Jap\u00f3n. | Proagro","isPartOf":{"@id":"https:\/\/proagrolab.com.ar\/#website"},"primaryImageOfPage":{"@id":"https:\/\/proagrolab.com.ar\/uruguay-anuncia-objetivo-de-introducir-carne-vacuna-al-mercado-de-japon\/#primaryimage"},"image":{"@id":"https:\/\/proagrolab.com.ar\/uruguay-anuncia-objetivo-de-introducir-carne-vacuna-al-mercado-de-japon\/#primaryimage"},"thumbnailUrl":"https:\/\/proagrolab.com.ar\/wp-content\/uploads\/2015\/01\/g_tsrcs5mq2__Frigorifico-3.jpg","datePublished":"2014-12-11T00:00:01+00:00","dateModified":"2020-06-29T19:23:14+00:00","breadcrumb":{"@id":"https:\/\/proagrolab.com.ar\/uruguay-anuncia-objetivo-de-introducir-carne-vacuna-al-mercado-de-japon\/#breadcrumb"},"inLanguage":"en-US","potentialAction":[{"@type":"ReadAction","target":["https:\/\/proagrolab.com.ar\/uruguay-anuncia-objetivo-de-introducir-carne-vacuna-al-mercado-de-japon\/"]}]},{"@type":"ImageObject","inLanguage":"en-US","@id":"https:\/\/proagrolab.com.ar\/uruguay-anuncia-objetivo-de-introducir-carne-vacuna-al-mercado-de-japon\/#primaryimage","url":"https:\/\/proagrolab.com.ar\/wp-content\/uploads\/2015\/01\/g_tsrcs5mq2__Frigorifico-3.jpg","contentUrl":"https:\/\/proagrolab.com.ar\/wp-content\/uploads\/2015\/01\/g_tsrcs5mq2__Frigorifico-3.jpg","width":450,"height":208},{"@type":"BreadcrumbList","@id":"https:\/\/proagrolab.com.ar\/uruguay-anuncia-objetivo-de-introducir-carne-vacuna-al-mercado-de-japon\/#breadcrumb","itemListElement":[{"@type":"ListItem","position":1,"name":"Portada","item":"https:\/\/proagrolab.com.ar\/"},{"@type":"ListItem","position":2,"name":"Uruguay anuncia objetivo de introducir carne vacuna al mercado de Jap\u00f3n."}]},{"@type":"WebSite","@id":"https:\/\/proagrolab.com.ar\/#website","url":"https:\/\/proagrolab.com.ar\/","name":"Proagro Laboratorio Veterinario","description":"Veterinary laboratory","publisher":{"@id":"https:\/\/proagrolab.com.ar\/#organization"},"potentialAction":[{"@type":"SearchAction","target":{"@type":"EntryPoint","urlTemplate":"https:\/\/proagrolab.com.ar\/?s={search_term_string}"},"query-input":{"@type":"PropertyValueSpecification","valueRequired":true,"valueName":"search_term_string"}}],"inLanguage":"en-US"},{"@type":"Organization","@id":"https:\/\/proagrolab.com.ar\/#organization","name":"Proagro","url":"https:\/\/proagrolab.com.ar\/","logo":{"@type":"ImageObject","inLanguage":"en-US","@id":"https:\/\/proagrolab.com.ar\/#\/schema\/logo\/image\/","url":"https:\/\/proagrolab.com.ar\/wp-content\/uploads\/2020\/04\/logo-retina.png","contentUrl":"https:\/\/proagrolab.com.ar\/wp-content\/uploads\/2020\/04\/logo-retina.png","width":478,"height":120,"caption":"Proagro"},"image":{"@id":"https:\/\/proagrolab.com.ar\/#\/schema\/logo\/image\/"},"sameAs":["http:\/\/www.facebook.com\/proagrolab","https:\/\/www.instagram.com\/proagrolab\/","https:\/\/www.linkedin.com\/company\/laboratorio-proagro-s-a\/"]},{"@type":"Person","@id":"https:\/\/proagrolab.com.ar\/#\/schema\/person\/38003ff90bf80381f71c7d922d207444","name":"proagrolab"}]}},"_links":{"self":[{"href":"https:\/\/proagrolab.com.ar\/en\/wp-json\/wp\/v2\/posts\/6491","targetHints":{"allow":["GET"]}}],"collection":[{"href":"https:\/\/proagrolab.com.ar\/en\/wp-json\/wp\/v2\/posts"}],"about":[{"href":"https:\/\/proagrolab.com.ar\/en\/wp-json\/wp\/v2\/types\/post"}],"author":[{"embeddable":true,"href":"https:\/\/proagrolab.com.ar\/en\/wp-json\/wp\/v2\/users\/2"}],"replies":[{"embeddable":true,"href":"https:\/\/proagrolab.com.ar\/en\/wp-json\/wp\/v2\/comments?post=6491"}],"version-history":[{"count":1,"href":"https:\/\/proagrolab.com.ar\/en\/wp-json\/wp\/v2\/posts\/6491\/revisions"}],"predecessor-version":[{"id":14082,"href":"https:\/\/proagrolab.com.ar\/en\/wp-json\/wp\/v2\/posts\/6491\/revisions\/14082"}],"wp:featuredmedia":[{"embeddable":true,"href":"https:\/\/proagrolab.com.ar\/en\/wp-json\/wp\/v2\/media\/2978"}],"wp:attachment":[{"href":"https:\/\/proagrolab.com.ar\/en\/wp-json\/wp\/v2\/media?parent=6491"}],"wp:term":[{"taxonomy":"category","embeddable":true,"href":"https:\/\/proagrolab.com.ar\/en\/wp-json\/wp\/v2\/categories?post=6491"},{"taxonomy":"post_tag","embeddable":true,"href":"https:\/\/proagrolab.com.ar\/en\/wp-json\/wp\/v2\/tags?post=6491"}],"curies":[{"name":"wp","href":"https:\/\/api.w.org\/{rel}","templated":true}]}}