{"id":6490,"date":"2014-12-11T00:00:01","date_gmt":"2014-12-11T00:00:01","guid":{"rendered":"https:\/\/proagrolab.com.ar\/muy-cerca-esta-la-apertura-de-la-union-europea-a-la-carne-vacuna-paraguaya\/"},"modified":"2020-06-29T19:23:18","modified_gmt":"2020-06-29T19:23:18","slug":"muy-cerca-esta-la-apertura-de-la-union-europea-a-la-carne-vacuna-paraguaya","status":"publish","type":"post","link":"https:\/\/proagrolab.com.ar\/en\/muy-cerca-esta-la-apertura-de-la-union-europea-a-la-carne-vacuna-paraguaya\/","title":{"rendered":"Muy cerca est\u00e1 la apertura de la Uni\u00f3n Europea a la carne vacuna paraguaya."},"content":{"rendered":"<p class=\"qtranxs-available-languages-message qtranxs-available-languages-message-en\"> <\/p><p>La reapertura del mercado de la Uni\u00f3n Europea para la carne vacuna paraguaya est\u00e1 encaminada a concretizarse para el pr\u00f3ximo a\u00f1o, estimaron la Canciller\u00eda nacional y el embajador de la Uni\u00f3n Europea (UE) en Paraguay.<\/p>\n<p>A\u00fan queda que el Servicio Nacional de Calidad y Salud Animal (Senacsa) responda otros requerimientos t\u00e9cnicos, agregaron.<\/p>\n<p>La informaci\u00f3n fue vertida en la Canciller\u00eda nacional por Rigoberto Gauto, viceministro de Relaciones Econ\u00f3micas del Ministerio de Relaciones Exteriores, y el embajador de la UE, el italiano Alessandro Palmero.<\/p>\n<p>\u0093Estamos cerca de la apertura del mercado de la carne, a\u00fan hay informes t\u00e9cnicos que se est\u00e1n pidiendo\u0094, inform\u00f3 el embajador de la UE a los periodistas.<\/p>\n<p>En tanto Gauto explic\u00f3 que el 26 y 27 de noviembre pasado, en Bruselas (B\u00e9lgica), sede de la UE, fue recibido en la Direcci\u00f3n General de Salud y Protecci\u00f3n del Consumidor de la UE.<\/p>\n<p>El viceministro inform\u00f3 que las autoridades de la UE est\u00e1n realizando algunos an\u00e1lisis. Record\u00f3 que el Senacsa ya respondi\u00f3 un cuestionario y cuando esos resultados est\u00e9n listos, ya estar\u00e1n terminados los procedimientos para la reapertura del mercado. Estim\u00f3 que estar\u00e1n en los primeros meses del 2015.<\/p>\n<p>\u0093La pelota est\u00e1 en el campo nuestro; una vez que se completen esos an\u00e1lisis ya estar\u00eda abierto el camino para la reapertura. Obviamente son procedimientos que la Uni\u00f3n Europea tiene que cumplir, pero estamos muy cerca. Solo depende de los an\u00e1lisis, tiene que ser el 2015; esperamos que sea lo m\u00e1s temprano\u0094, subray\u00f3.<\/p>\n<p>Cabe recordar que Paraguay perdi\u00f3 el mercado de la UE tras el foco de fiebre aftosa declarado el 19 de setiembre de 2011 en el departamento de San Pedro. En abril de este a\u00f1o, t\u00e9cnicos de la UE visitaron el pa\u00eds guaran\u00ed para hacer una auditor\u00eda que, seg\u00fan Senacsa, result\u00f3 favorable.<\/p>\n<p>Fuente: Carnetec, 8 de diciembre.<br \/><\/p>","protected":false},"excerpt":{"rendered":"<p>La reapertura del mercado de la Uni\u00f3n Europea para la carne vacuna paraguaya est\u00e1 encaminada a concretizarse para el pr\u00f3ximo a\u00f1o, estimaron la Canciller\u00eda nacional y el embajador de la Uni\u00f3n Europea (UE) en Paraguay. A\u00fan queda que el Servicio Nacional de Calidad y Salud Animal (Senacsa) responda otros requerimientos t\u00e9cnicos, agregaron. La informaci\u00f3n fue vertida en la Canciller\u00eda nacional por Rigoberto Gauto, viceministro de Relaciones Econ\u00f3micas del Ministerio de Relaciones Exteriores, y el embajador de la UE, el italiano Alessandro Palmero. \u0093Estamos cerca de la apertura del mercado de la carne, a\u00fan hay informes t\u00e9cnicos que se est\u00e1n pidiendo\u0094, inform\u00f3 el embajador de la UE a los periodistas. En tanto Gauto explic\u00f3 que el 26 y 27 de noviembre pasado, en Bruselas (B\u00e9lgica), sede de la UE, fue recibido en la Direcci\u00f3n General de Salud y Protecci\u00f3n del Consumidor de la UE. El viceministro inform\u00f3 que las autoridades de la UE est\u00e1n realizando algunos an\u00e1lisis. Record\u00f3 que el Senacsa ya respondi\u00f3 un cuestionario y cuando esos resultados est\u00e9n listos, ya estar\u00e1n terminados los procedimientos para la reapertura del mercado. Estim\u00f3 que estar\u00e1n en los primeros meses del 2015. \u0093La pelota est\u00e1 en el campo nuestro; una vez que se [&hellip;]<\/p>\n","protected":false},"author":2,"featured_media":2977,"comment_status":"closed","ping_status":"open","sticky":false,"template":"","format":"standard","meta":{"_acf_changed":false,"footnotes":""},"categories":[56],"tags":[],"class_list":["post-6490","post","type-post","status-publish","format-standard","has-post-thumbnail","hentry","category-infoganadero"],"acf":[],"yoast_head":"<!-- This site is optimized with the Yoast SEO plugin v27.4 - https:\/\/yoast.com\/product\/yoast-seo-wordpress\/ -->\n<title>Muy cerca est\u00e1 la apertura de la Uni\u00f3n Europea a la carne vacuna paraguaya. | Proagro<\/title>\n<meta name=\"robots\" content=\"index, follow, max-snippet:-1, max-image-preview:large, max-video-preview:-1\" \/>\n<link rel=\"canonical\" href=\"https:\/\/proagrolab.com.ar\/en\/muy-cerca-esta-la-apertura-de-la-union-europea-a-la-carne-vacuna-paraguaya\/\" \/>\n<meta property=\"og:locale\" content=\"en_US\" \/>\n<meta property=\"og:type\" content=\"article\" \/>\n<meta property=\"og:title\" content=\"Muy cerca est\u00e1 la apertura de la Uni\u00f3n Europea a la carne vacuna paraguaya. | Proagro\" \/>\n<meta property=\"og:description\" content=\"La reapertura del mercado de la Uni\u00f3n Europea para la carne vacuna paraguaya est\u00e1 encaminada a concretizarse para el pr\u00f3ximo a\u00f1o, estimaron la Canciller\u00eda nacional y el embajador de la Uni\u00f3n Europea (UE) en Paraguay. A\u00fan queda que el Servicio Nacional de Calidad y Salud Animal (Senacsa) responda otros requerimientos t\u00e9cnicos, agregaron. La informaci\u00f3n fue vertida en la Canciller\u00eda nacional por Rigoberto Gauto, viceministro de Relaciones Econ\u00f3micas del Ministerio de Relaciones Exteriores, y el embajador de la UE, el italiano Alessandro Palmero. \u0093Estamos cerca de la apertura del mercado de la carne, a\u00fan hay informes t\u00e9cnicos que se est\u00e1n pidiendo\u0094, inform\u00f3 el embajador de la UE a los periodistas. En tanto Gauto explic\u00f3 que el 26 y 27 de noviembre pasado, en Bruselas (B\u00e9lgica), sede de la UE, fue recibido en la Direcci\u00f3n General de Salud y Protecci\u00f3n del Consumidor de la UE. El viceministro inform\u00f3 que las autoridades de la UE est\u00e1n realizando algunos an\u00e1lisis. Record\u00f3 que el Senacsa ya respondi\u00f3 un cuestionario y cuando esos resultados est\u00e9n listos, ya estar\u00e1n terminados los procedimientos para la reapertura del mercado. Estim\u00f3 que estar\u00e1n en los primeros meses del 2015. \u0093La pelota est\u00e1 en el campo nuestro; una vez que se [&hellip;]\" \/>\n<meta property=\"og:url\" content=\"https:\/\/proagrolab.com.ar\/muy-cerca-esta-la-apertura-de-la-union-europea-a-la-carne-vacuna-paraguaya\/\" \/>\n<meta property=\"og:site_name\" content=\"Proagro\" \/>\n<meta property=\"article:publisher\" content=\"http:\/\/www.facebook.com\/proagrolab\" \/>\n<meta property=\"article:published_time\" content=\"2014-12-11T00:00:01+00:00\" \/>\n<meta property=\"article:modified_time\" content=\"2020-06-29T19:23:18+00:00\" \/>\n<meta property=\"og:image\" content=\"https:\/\/proagrolab.com.ar\/wp-content\/uploads\/2015\/01\/g_34yg6ypjy__Frigorifico-2.jpg\" \/>\n\t<meta property=\"og:image:width\" content=\"450\" \/>\n\t<meta property=\"og:image:height\" content=\"208\" \/>\n\t<meta property=\"og:image:type\" content=\"image\/jpeg\" \/>\n<meta name=\"author\" content=\"proagrolab\" \/>\n<meta name=\"twitter:card\" content=\"summary_large_image\" \/>\n<meta name=\"twitter:label1\" content=\"Written by\" \/>\n\t<meta name=\"twitter:data1\" content=\"proagrolab\" \/>\n\t<meta name=\"twitter:label2\" content=\"Est. reading time\" \/>\n\t<meta name=\"twitter:data2\" content=\"2 minutes\" \/>\n<script type=\"application\/ld+json\" class=\"yoast-schema-graph\">{\"@context\":\"https:\\\/\\\/schema.org\",\"@graph\":[{\"@type\":\"Article\",\"@id\":\"https:\\\/\\\/proagrolab.com.ar\\\/muy-cerca-esta-la-apertura-de-la-union-europea-a-la-carne-vacuna-paraguaya\\\/#article\",\"isPartOf\":{\"@id\":\"https:\\\/\\\/proagrolab.com.ar\\\/muy-cerca-esta-la-apertura-de-la-union-europea-a-la-carne-vacuna-paraguaya\\\/\"},\"author\":{\"name\":\"proagrolab\",\"@id\":\"https:\\\/\\\/proagrolab.com.ar\\\/#\\\/schema\\\/person\\\/38003ff90bf80381f71c7d922d207444\"},\"headline\":\"Muy cerca est\u00e1 la apertura de la Uni\u00f3n Europea a la carne vacuna paraguaya.\",\"datePublished\":\"2014-12-11T00:00:01+00:00\",\"dateModified\":\"2020-06-29T19:23:18+00:00\",\"mainEntityOfPage\":{\"@id\":\"https:\\\/\\\/proagrolab.com.ar\\\/muy-cerca-esta-la-apertura-de-la-union-europea-a-la-carne-vacuna-paraguaya\\\/\"},\"wordCount\":337,\"publisher\":{\"@id\":\"https:\\\/\\\/proagrolab.com.ar\\\/#organization\"},\"image\":{\"@id\":\"https:\\\/\\\/proagrolab.com.ar\\\/muy-cerca-esta-la-apertura-de-la-union-europea-a-la-carne-vacuna-paraguaya\\\/#primaryimage\"},\"thumbnailUrl\":\"https:\\\/\\\/proagrolab.com.ar\\\/wp-content\\\/uploads\\\/2015\\\/01\\\/g_34yg6ypjy__Frigorifico-2.jpg\",\"articleSection\":[\"News\"],\"inLanguage\":\"en-US\"},{\"@type\":\"WebPage\",\"@id\":\"https:\\\/\\\/proagrolab.com.ar\\\/muy-cerca-esta-la-apertura-de-la-union-europea-a-la-carne-vacuna-paraguaya\\\/\",\"url\":\"https:\\\/\\\/proagrolab.com.ar\\\/muy-cerca-esta-la-apertura-de-la-union-europea-a-la-carne-vacuna-paraguaya\\\/\",\"name\":\"Muy cerca est\u00e1 la apertura de la Uni\u00f3n Europea a la carne vacuna paraguaya. | Proagro\",\"isPartOf\":{\"@id\":\"https:\\\/\\\/proagrolab.com.ar\\\/#website\"},\"primaryImageOfPage\":{\"@id\":\"https:\\\/\\\/proagrolab.com.ar\\\/muy-cerca-esta-la-apertura-de-la-union-europea-a-la-carne-vacuna-paraguaya\\\/#primaryimage\"},\"image\":{\"@id\":\"https:\\\/\\\/proagrolab.com.ar\\\/muy-cerca-esta-la-apertura-de-la-union-europea-a-la-carne-vacuna-paraguaya\\\/#primaryimage\"},\"thumbnailUrl\":\"https:\\\/\\\/proagrolab.com.ar\\\/wp-content\\\/uploads\\\/2015\\\/01\\\/g_34yg6ypjy__Frigorifico-2.jpg\",\"datePublished\":\"2014-12-11T00:00:01+00:00\",\"dateModified\":\"2020-06-29T19:23:18+00:00\",\"breadcrumb\":{\"@id\":\"https:\\\/\\\/proagrolab.com.ar\\\/muy-cerca-esta-la-apertura-de-la-union-europea-a-la-carne-vacuna-paraguaya\\\/#breadcrumb\"},\"inLanguage\":\"en-US\",\"potentialAction\":[{\"@type\":\"ReadAction\",\"target\":[\"https:\\\/\\\/proagrolab.com.ar\\\/muy-cerca-esta-la-apertura-de-la-union-europea-a-la-carne-vacuna-paraguaya\\\/\"]}]},{\"@type\":\"ImageObject\",\"inLanguage\":\"en-US\",\"@id\":\"https:\\\/\\\/proagrolab.com.ar\\\/muy-cerca-esta-la-apertura-de-la-union-europea-a-la-carne-vacuna-paraguaya\\\/#primaryimage\",\"url\":\"https:\\\/\\\/proagrolab.com.ar\\\/wp-content\\\/uploads\\\/2015\\\/01\\\/g_34yg6ypjy__Frigorifico-2.jpg\",\"contentUrl\":\"https:\\\/\\\/proagrolab.com.ar\\\/wp-content\\\/uploads\\\/2015\\\/01\\\/g_34yg6ypjy__Frigorifico-2.jpg\",\"width\":450,\"height\":208},{\"@type\":\"BreadcrumbList\",\"@id\":\"https:\\\/\\\/proagrolab.com.ar\\\/muy-cerca-esta-la-apertura-de-la-union-europea-a-la-carne-vacuna-paraguaya\\\/#breadcrumb\",\"itemListElement\":[{\"@type\":\"ListItem\",\"position\":1,\"name\":\"Portada\",\"item\":\"https:\\\/\\\/proagrolab.com.ar\\\/\"},{\"@type\":\"ListItem\",\"position\":2,\"name\":\"Muy cerca est\u00e1 la apertura de la Uni\u00f3n Europea a la carne vacuna paraguaya.\"}]},{\"@type\":\"WebSite\",\"@id\":\"https:\\\/\\\/proagrolab.com.ar\\\/#website\",\"url\":\"https:\\\/\\\/proagrolab.com.ar\\\/\",\"name\":\"Proagro Laboratorio Veterinario\",\"description\":\"Veterinary laboratory\",\"publisher\":{\"@id\":\"https:\\\/\\\/proagrolab.com.ar\\\/#organization\"},\"potentialAction\":[{\"@type\":\"SearchAction\",\"target\":{\"@type\":\"EntryPoint\",\"urlTemplate\":\"https:\\\/\\\/proagrolab.com.ar\\\/?s={search_term_string}\"},\"query-input\":{\"@type\":\"PropertyValueSpecification\",\"valueRequired\":true,\"valueName\":\"search_term_string\"}}],\"inLanguage\":\"en-US\"},{\"@type\":\"Organization\",\"@id\":\"https:\\\/\\\/proagrolab.com.ar\\\/#organization\",\"name\":\"Proagro\",\"url\":\"https:\\\/\\\/proagrolab.com.ar\\\/\",\"logo\":{\"@type\":\"ImageObject\",\"inLanguage\":\"en-US\",\"@id\":\"https:\\\/\\\/proagrolab.com.ar\\\/#\\\/schema\\\/logo\\\/image\\\/\",\"url\":\"https:\\\/\\\/proagrolab.com.ar\\\/wp-content\\\/uploads\\\/2020\\\/04\\\/logo-retina.png\",\"contentUrl\":\"https:\\\/\\\/proagrolab.com.ar\\\/wp-content\\\/uploads\\\/2020\\\/04\\\/logo-retina.png\",\"width\":478,\"height\":120,\"caption\":\"Proagro\"},\"image\":{\"@id\":\"https:\\\/\\\/proagrolab.com.ar\\\/#\\\/schema\\\/logo\\\/image\\\/\"},\"sameAs\":[\"http:\\\/\\\/www.facebook.com\\\/proagrolab\",\"https:\\\/\\\/www.instagram.com\\\/proagrolab\\\/\",\"https:\\\/\\\/www.linkedin.com\\\/company\\\/laboratorio-proagro-s-a\\\/\"]},{\"@type\":\"Person\",\"@id\":\"https:\\\/\\\/proagrolab.com.ar\\\/#\\\/schema\\\/person\\\/38003ff90bf80381f71c7d922d207444\",\"name\":\"proagrolab\"}]}<\/script>\n<!-- \/ Yoast SEO plugin. -->","yoast_head_json":{"title":"Muy cerca est\u00e1 la apertura de la Uni\u00f3n Europea a la carne vacuna paraguaya. | Proagro","robots":{"index":"index","follow":"follow","max-snippet":"max-snippet:-1","max-image-preview":"max-image-preview:large","max-video-preview":"max-video-preview:-1"},"canonical":"https:\/\/proagrolab.com.ar\/en\/muy-cerca-esta-la-apertura-de-la-union-europea-a-la-carne-vacuna-paraguaya\/","og_locale":"en_US","og_type":"article","og_title":"Muy cerca est\u00e1 la apertura de la Uni\u00f3n Europea a la carne vacuna paraguaya. | Proagro","og_description":"La reapertura del mercado de la Uni\u00f3n Europea para la carne vacuna paraguaya est\u00e1 encaminada a concretizarse para el pr\u00f3ximo a\u00f1o, estimaron la Canciller\u00eda nacional y el embajador de la Uni\u00f3n Europea (UE) en Paraguay. A\u00fan queda que el Servicio Nacional de Calidad y Salud Animal (Senacsa) responda otros requerimientos t\u00e9cnicos, agregaron. La informaci\u00f3n fue vertida en la Canciller\u00eda nacional por Rigoberto Gauto, viceministro de Relaciones Econ\u00f3micas del Ministerio de Relaciones Exteriores, y el embajador de la UE, el italiano Alessandro Palmero. \u0093Estamos cerca de la apertura del mercado de la carne, a\u00fan hay informes t\u00e9cnicos que se est\u00e1n pidiendo\u0094, inform\u00f3 el embajador de la UE a los periodistas. En tanto Gauto explic\u00f3 que el 26 y 27 de noviembre pasado, en Bruselas (B\u00e9lgica), sede de la UE, fue recibido en la Direcci\u00f3n General de Salud y Protecci\u00f3n del Consumidor de la UE. El viceministro inform\u00f3 que las autoridades de la UE est\u00e1n realizando algunos an\u00e1lisis. Record\u00f3 que el Senacsa ya respondi\u00f3 un cuestionario y cuando esos resultados est\u00e9n listos, ya estar\u00e1n terminados los procedimientos para la reapertura del mercado. Estim\u00f3 que estar\u00e1n en los primeros meses del 2015. \u0093La pelota est\u00e1 en el campo nuestro; una vez que se [&hellip;]","og_url":"https:\/\/proagrolab.com.ar\/muy-cerca-esta-la-apertura-de-la-union-europea-a-la-carne-vacuna-paraguaya\/","og_site_name":"Proagro","article_publisher":"http:\/\/www.facebook.com\/proagrolab","article_published_time":"2014-12-11T00:00:01+00:00","article_modified_time":"2020-06-29T19:23:18+00:00","og_image":[{"width":450,"height":208,"url":"https:\/\/proagrolab.com.ar\/wp-content\/uploads\/2015\/01\/g_34yg6ypjy__Frigorifico-2.jpg","type":"image\/jpeg"}],"author":"proagrolab","twitter_card":"summary_large_image","twitter_misc":{"Written by":"proagrolab","Est. reading time":"2 minutes"},"schema":{"@context":"https:\/\/schema.org","@graph":[{"@type":"Article","@id":"https:\/\/proagrolab.com.ar\/muy-cerca-esta-la-apertura-de-la-union-europea-a-la-carne-vacuna-paraguaya\/#article","isPartOf":{"@id":"https:\/\/proagrolab.com.ar\/muy-cerca-esta-la-apertura-de-la-union-europea-a-la-carne-vacuna-paraguaya\/"},"author":{"name":"proagrolab","@id":"https:\/\/proagrolab.com.ar\/#\/schema\/person\/38003ff90bf80381f71c7d922d207444"},"headline":"Muy cerca est\u00e1 la apertura de la Uni\u00f3n Europea a la carne vacuna paraguaya.","datePublished":"2014-12-11T00:00:01+00:00","dateModified":"2020-06-29T19:23:18+00:00","mainEntityOfPage":{"@id":"https:\/\/proagrolab.com.ar\/muy-cerca-esta-la-apertura-de-la-union-europea-a-la-carne-vacuna-paraguaya\/"},"wordCount":337,"publisher":{"@id":"https:\/\/proagrolab.com.ar\/#organization"},"image":{"@id":"https:\/\/proagrolab.com.ar\/muy-cerca-esta-la-apertura-de-la-union-europea-a-la-carne-vacuna-paraguaya\/#primaryimage"},"thumbnailUrl":"https:\/\/proagrolab.com.ar\/wp-content\/uploads\/2015\/01\/g_34yg6ypjy__Frigorifico-2.jpg","articleSection":["News"],"inLanguage":"en-US"},{"@type":"WebPage","@id":"https:\/\/proagrolab.com.ar\/muy-cerca-esta-la-apertura-de-la-union-europea-a-la-carne-vacuna-paraguaya\/","url":"https:\/\/proagrolab.com.ar\/muy-cerca-esta-la-apertura-de-la-union-europea-a-la-carne-vacuna-paraguaya\/","name":"Muy cerca est\u00e1 la apertura de la Uni\u00f3n Europea a la carne vacuna paraguaya. | Proagro","isPartOf":{"@id":"https:\/\/proagrolab.com.ar\/#website"},"primaryImageOfPage":{"@id":"https:\/\/proagrolab.com.ar\/muy-cerca-esta-la-apertura-de-la-union-europea-a-la-carne-vacuna-paraguaya\/#primaryimage"},"image":{"@id":"https:\/\/proagrolab.com.ar\/muy-cerca-esta-la-apertura-de-la-union-europea-a-la-carne-vacuna-paraguaya\/#primaryimage"},"thumbnailUrl":"https:\/\/proagrolab.com.ar\/wp-content\/uploads\/2015\/01\/g_34yg6ypjy__Frigorifico-2.jpg","datePublished":"2014-12-11T00:00:01+00:00","dateModified":"2020-06-29T19:23:18+00:00","breadcrumb":{"@id":"https:\/\/proagrolab.com.ar\/muy-cerca-esta-la-apertura-de-la-union-europea-a-la-carne-vacuna-paraguaya\/#breadcrumb"},"inLanguage":"en-US","potentialAction":[{"@type":"ReadAction","target":["https:\/\/proagrolab.com.ar\/muy-cerca-esta-la-apertura-de-la-union-europea-a-la-carne-vacuna-paraguaya\/"]}]},{"@type":"ImageObject","inLanguage":"en-US","@id":"https:\/\/proagrolab.com.ar\/muy-cerca-esta-la-apertura-de-la-union-europea-a-la-carne-vacuna-paraguaya\/#primaryimage","url":"https:\/\/proagrolab.com.ar\/wp-content\/uploads\/2015\/01\/g_34yg6ypjy__Frigorifico-2.jpg","contentUrl":"https:\/\/proagrolab.com.ar\/wp-content\/uploads\/2015\/01\/g_34yg6ypjy__Frigorifico-2.jpg","width":450,"height":208},{"@type":"BreadcrumbList","@id":"https:\/\/proagrolab.com.ar\/muy-cerca-esta-la-apertura-de-la-union-europea-a-la-carne-vacuna-paraguaya\/#breadcrumb","itemListElement":[{"@type":"ListItem","position":1,"name":"Portada","item":"https:\/\/proagrolab.com.ar\/"},{"@type":"ListItem","position":2,"name":"Muy cerca est\u00e1 la apertura de la Uni\u00f3n Europea a la carne vacuna paraguaya."}]},{"@type":"WebSite","@id":"https:\/\/proagrolab.com.ar\/#website","url":"https:\/\/proagrolab.com.ar\/","name":"Proagro Laboratorio Veterinario","description":"Veterinary laboratory","publisher":{"@id":"https:\/\/proagrolab.com.ar\/#organization"},"potentialAction":[{"@type":"SearchAction","target":{"@type":"EntryPoint","urlTemplate":"https:\/\/proagrolab.com.ar\/?s={search_term_string}"},"query-input":{"@type":"PropertyValueSpecification","valueRequired":true,"valueName":"search_term_string"}}],"inLanguage":"en-US"},{"@type":"Organization","@id":"https:\/\/proagrolab.com.ar\/#organization","name":"Proagro","url":"https:\/\/proagrolab.com.ar\/","logo":{"@type":"ImageObject","inLanguage":"en-US","@id":"https:\/\/proagrolab.com.ar\/#\/schema\/logo\/image\/","url":"https:\/\/proagrolab.com.ar\/wp-content\/uploads\/2020\/04\/logo-retina.png","contentUrl":"https:\/\/proagrolab.com.ar\/wp-content\/uploads\/2020\/04\/logo-retina.png","width":478,"height":120,"caption":"Proagro"},"image":{"@id":"https:\/\/proagrolab.com.ar\/#\/schema\/logo\/image\/"},"sameAs":["http:\/\/www.facebook.com\/proagrolab","https:\/\/www.instagram.com\/proagrolab\/","https:\/\/www.linkedin.com\/company\/laboratorio-proagro-s-a\/"]},{"@type":"Person","@id":"https:\/\/proagrolab.com.ar\/#\/schema\/person\/38003ff90bf80381f71c7d922d207444","name":"proagrolab"}]}},"_links":{"self":[{"href":"https:\/\/proagrolab.com.ar\/en\/wp-json\/wp\/v2\/posts\/6490","targetHints":{"allow":["GET"]}}],"collection":[{"href":"https:\/\/proagrolab.com.ar\/en\/wp-json\/wp\/v2\/posts"}],"about":[{"href":"https:\/\/proagrolab.com.ar\/en\/wp-json\/wp\/v2\/types\/post"}],"author":[{"embeddable":true,"href":"https:\/\/proagrolab.com.ar\/en\/wp-json\/wp\/v2\/users\/2"}],"replies":[{"embeddable":true,"href":"https:\/\/proagrolab.com.ar\/en\/wp-json\/wp\/v2\/comments?post=6490"}],"version-history":[{"count":1,"href":"https:\/\/proagrolab.com.ar\/en\/wp-json\/wp\/v2\/posts\/6490\/revisions"}],"predecessor-version":[{"id":14083,"href":"https:\/\/proagrolab.com.ar\/en\/wp-json\/wp\/v2\/posts\/6490\/revisions\/14083"}],"wp:featuredmedia":[{"embeddable":true,"href":"https:\/\/proagrolab.com.ar\/en\/wp-json\/wp\/v2\/media\/2977"}],"wp:attachment":[{"href":"https:\/\/proagrolab.com.ar\/en\/wp-json\/wp\/v2\/media?parent=6490"}],"wp:term":[{"taxonomy":"category","embeddable":true,"href":"https:\/\/proagrolab.com.ar\/en\/wp-json\/wp\/v2\/categories?post=6490"},{"taxonomy":"post_tag","embeddable":true,"href":"https:\/\/proagrolab.com.ar\/en\/wp-json\/wp\/v2\/tags?post=6490"}],"curies":[{"name":"wp","href":"https:\/\/api.w.org\/{rel}","templated":true}]}}