{"id":6488,"date":"2014-12-11T00:00:01","date_gmt":"2014-12-11T00:00:01","guid":{"rendered":"https:\/\/proagrolab.com.ar\/el-senasa-advirtio-sobre-el-estres-calorico-en-el-tambo\/"},"modified":"2020-06-29T19:23:29","modified_gmt":"2020-06-29T19:23:29","slug":"el-senasa-advirtio-sobre-el-estres-calorico-en-el-tambo","status":"publish","type":"post","link":"https:\/\/proagrolab.com.ar\/en\/el-senasa-advirtio-sobre-el-estres-calorico-en-el-tambo\/","title":{"rendered":"El Senasa advirti\u00f3 sobre el estr\u00e9s cal\u00f3rico en el tambo."},"content":{"rendered":"<p class=\"qtranxs-available-languages-message qtranxs-available-languages-message-en\"> <\/p><p>El Senasa advirti\u00f3 a los tamberos la necesidad de prevenir los efectos del estr\u00e9s cal\u00f3rico en las vacas lecheras. &#8220;Resulta indispensable proveer a los animales de sombra, ventilaci\u00f3n, agua y alimento, a fin de evitar problemas sanitarios y una disminuci\u00f3n del rendimiento productivo&#8221;, dijo anteayer el organismo mediante un comunicado. <\/p>\n<p>El estr\u00e9s cal\u00f3rico en la vaca lechera se produce en condiciones de temperaturas excesivas, humedad relativa ambiente elevada y radiaci\u00f3n solar intensa. &#8220;Debe considerarse que la temperatura de bienestar para la vaca lechera -con un valor de humedad relativa ambiente del 60%- oscila de 7 a 28\u00b0C. Si los valores de temperatura y de humedad superan su l\u00edmite de confort, la vaca tiene dificultad para disipar el calor corporal&#8221;, indic\u00f3 el Senasa. <\/p>\n<p>El organismo recomend\u00f3 proveer a los animales de sombras estrat\u00e9gicamente ubicadas, en el corral de espera pre-orde\u00f1e y en los comederos; ventilaci\u00f3n adecuada en la sala de orde\u00f1e, sea fija o m\u00f3vil; agua en cantidad y calidad suficiente, contenida en bebederos con capacidad de satisfacer los requerimientos despu\u00e9s de cada orde\u00f1e (80 a 100 litros de agua por d\u00eda en vacas de alta producci\u00f3n), y dietas que cubran los requerimientos nutricionales, pero que posean una baja actividad fermentativa, a fin de reducir el calor producido en la digesti\u00f3n.<\/p>\n<p>Fuente: La Naci\u00f3n, 11 de diciembre.<br \/><\/p>","protected":false},"excerpt":{"rendered":"<p>El Senasa advirti\u00f3 a los tamberos la necesidad de prevenir los efectos del estr\u00e9s cal\u00f3rico en las vacas lecheras. &#8220;Resulta indispensable proveer a los animales de sombra, ventilaci\u00f3n, agua y alimento, a fin de evitar problemas sanitarios y una disminuci\u00f3n del rendimiento productivo&#8221;, dijo anteayer el organismo mediante un comunicado. El estr\u00e9s cal\u00f3rico en la vaca lechera se produce en condiciones de temperaturas excesivas, humedad relativa ambiente elevada y radiaci\u00f3n solar intensa. &#8220;Debe considerarse que la temperatura de bienestar para la vaca lechera -con un valor de humedad relativa ambiente del 60%- oscila de 7 a 28\u00b0C. Si los valores de temperatura y de humedad superan su l\u00edmite de confort, la vaca tiene dificultad para disipar el calor corporal&#8221;, indic\u00f3 el Senasa. El organismo recomend\u00f3 proveer a los animales de sombras estrat\u00e9gicamente ubicadas, en el corral de espera pre-orde\u00f1e y en los comederos; ventilaci\u00f3n adecuada en la sala de orde\u00f1e, sea fija o m\u00f3vil; agua en cantidad y calidad suficiente, contenida en bebederos con capacidad de satisfacer los requerimientos despu\u00e9s de cada orde\u00f1e (80 a 100 litros de agua por d\u00eda en vacas de alta producci\u00f3n), y dietas que cubran los requerimientos nutricionales, pero que posean una baja actividad fermentativa, [&hellip;]<\/p>\n","protected":false},"author":2,"featured_media":2975,"comment_status":"closed","ping_status":"open","sticky":false,"template":"","format":"standard","meta":{"_acf_changed":false,"footnotes":""},"categories":[56],"tags":[],"class_list":["post-6488","post","type-post","status-publish","format-standard","has-post-thumbnail","hentry","category-infoganadero"],"acf":[],"yoast_head":"<!-- This site is optimized with the Yoast SEO plugin v27.4 - https:\/\/yoast.com\/product\/yoast-seo-wordpress\/ -->\n<title>El Senasa advirti\u00f3 sobre el estr\u00e9s cal\u00f3rico en el tambo. | Proagro<\/title>\n<meta name=\"robots\" content=\"index, follow, max-snippet:-1, max-image-preview:large, max-video-preview:-1\" \/>\n<link rel=\"canonical\" href=\"https:\/\/proagrolab.com.ar\/en\/el-senasa-advirtio-sobre-el-estres-calorico-en-el-tambo\/\" \/>\n<meta property=\"og:locale\" content=\"en_US\" \/>\n<meta property=\"og:type\" content=\"article\" \/>\n<meta property=\"og:title\" content=\"El Senasa advirti\u00f3 sobre el estr\u00e9s cal\u00f3rico en el tambo. | Proagro\" \/>\n<meta property=\"og:description\" content=\"El Senasa advirti\u00f3 a los tamberos la necesidad de prevenir los efectos del estr\u00e9s cal\u00f3rico en las vacas lecheras. &#8220;Resulta indispensable proveer a los animales de sombra, ventilaci\u00f3n, agua y alimento, a fin de evitar problemas sanitarios y una disminuci\u00f3n del rendimiento productivo&#8221;, dijo anteayer el organismo mediante un comunicado. El estr\u00e9s cal\u00f3rico en la vaca lechera se produce en condiciones de temperaturas excesivas, humedad relativa ambiente elevada y radiaci\u00f3n solar intensa. &#8220;Debe considerarse que la temperatura de bienestar para la vaca lechera -con un valor de humedad relativa ambiente del 60%- oscila de 7 a 28\u00b0C. Si los valores de temperatura y de humedad superan su l\u00edmite de confort, la vaca tiene dificultad para disipar el calor corporal&#8221;, indic\u00f3 el Senasa. El organismo recomend\u00f3 proveer a los animales de sombras estrat\u00e9gicamente ubicadas, en el corral de espera pre-orde\u00f1e y en los comederos; ventilaci\u00f3n adecuada en la sala de orde\u00f1e, sea fija o m\u00f3vil; agua en cantidad y calidad suficiente, contenida en bebederos con capacidad de satisfacer los requerimientos despu\u00e9s de cada orde\u00f1e (80 a 100 litros de agua por d\u00eda en vacas de alta producci\u00f3n), y dietas que cubran los requerimientos nutricionales, pero que posean una baja actividad fermentativa, [&hellip;]\" \/>\n<meta property=\"og:url\" content=\"https:\/\/proagrolab.com.ar\/el-senasa-advirtio-sobre-el-estres-calorico-en-el-tambo\/\" \/>\n<meta property=\"og:site_name\" content=\"Proagro\" \/>\n<meta property=\"article:publisher\" content=\"http:\/\/www.facebook.com\/proagrolab\" \/>\n<meta property=\"article:published_time\" content=\"2014-12-11T00:00:01+00:00\" \/>\n<meta property=\"article:modified_time\" content=\"2020-06-29T19:23:29+00:00\" \/>\n<meta property=\"og:image\" content=\"https:\/\/proagrolab.com.ar\/wp-content\/uploads\/2015\/01\/g_1ycliav7i__Lecheras-33.jpg\" \/>\n\t<meta property=\"og:image:width\" content=\"450\" \/>\n\t<meta property=\"og:image:height\" content=\"208\" \/>\n\t<meta property=\"og:image:type\" content=\"image\/jpeg\" \/>\n<meta name=\"author\" content=\"proagrolab\" \/>\n<meta name=\"twitter:card\" content=\"summary_large_image\" \/>\n<meta name=\"twitter:label1\" content=\"Written by\" \/>\n\t<meta name=\"twitter:data1\" content=\"proagrolab\" \/>\n\t<meta name=\"twitter:label2\" content=\"Est. reading time\" \/>\n\t<meta name=\"twitter:data2\" content=\"1 minute\" \/>\n<script type=\"application\/ld+json\" class=\"yoast-schema-graph\">{\"@context\":\"https:\\\/\\\/schema.org\",\"@graph\":[{\"@type\":\"Article\",\"@id\":\"https:\\\/\\\/proagrolab.com.ar\\\/el-senasa-advirtio-sobre-el-estres-calorico-en-el-tambo\\\/#article\",\"isPartOf\":{\"@id\":\"https:\\\/\\\/proagrolab.com.ar\\\/el-senasa-advirtio-sobre-el-estres-calorico-en-el-tambo\\\/\"},\"author\":{\"name\":\"proagrolab\",\"@id\":\"https:\\\/\\\/proagrolab.com.ar\\\/#\\\/schema\\\/person\\\/38003ff90bf80381f71c7d922d207444\"},\"headline\":\"El Senasa advirti\u00f3 sobre el estr\u00e9s cal\u00f3rico en el tambo.\",\"datePublished\":\"2014-12-11T00:00:01+00:00\",\"dateModified\":\"2020-06-29T19:23:29+00:00\",\"mainEntityOfPage\":{\"@id\":\"https:\\\/\\\/proagrolab.com.ar\\\/el-senasa-advirtio-sobre-el-estres-calorico-en-el-tambo\\\/\"},\"wordCount\":243,\"publisher\":{\"@id\":\"https:\\\/\\\/proagrolab.com.ar\\\/#organization\"},\"image\":{\"@id\":\"https:\\\/\\\/proagrolab.com.ar\\\/el-senasa-advirtio-sobre-el-estres-calorico-en-el-tambo\\\/#primaryimage\"},\"thumbnailUrl\":\"https:\\\/\\\/proagrolab.com.ar\\\/wp-content\\\/uploads\\\/2015\\\/01\\\/g_1ycliav7i__Lecheras-33.jpg\",\"articleSection\":[\"News\"],\"inLanguage\":\"en-US\"},{\"@type\":\"WebPage\",\"@id\":\"https:\\\/\\\/proagrolab.com.ar\\\/el-senasa-advirtio-sobre-el-estres-calorico-en-el-tambo\\\/\",\"url\":\"https:\\\/\\\/proagrolab.com.ar\\\/el-senasa-advirtio-sobre-el-estres-calorico-en-el-tambo\\\/\",\"name\":\"El Senasa advirti\u00f3 sobre el estr\u00e9s cal\u00f3rico en el tambo. | Proagro\",\"isPartOf\":{\"@id\":\"https:\\\/\\\/proagrolab.com.ar\\\/#website\"},\"primaryImageOfPage\":{\"@id\":\"https:\\\/\\\/proagrolab.com.ar\\\/el-senasa-advirtio-sobre-el-estres-calorico-en-el-tambo\\\/#primaryimage\"},\"image\":{\"@id\":\"https:\\\/\\\/proagrolab.com.ar\\\/el-senasa-advirtio-sobre-el-estres-calorico-en-el-tambo\\\/#primaryimage\"},\"thumbnailUrl\":\"https:\\\/\\\/proagrolab.com.ar\\\/wp-content\\\/uploads\\\/2015\\\/01\\\/g_1ycliav7i__Lecheras-33.jpg\",\"datePublished\":\"2014-12-11T00:00:01+00:00\",\"dateModified\":\"2020-06-29T19:23:29+00:00\",\"breadcrumb\":{\"@id\":\"https:\\\/\\\/proagrolab.com.ar\\\/el-senasa-advirtio-sobre-el-estres-calorico-en-el-tambo\\\/#breadcrumb\"},\"inLanguage\":\"en-US\",\"potentialAction\":[{\"@type\":\"ReadAction\",\"target\":[\"https:\\\/\\\/proagrolab.com.ar\\\/el-senasa-advirtio-sobre-el-estres-calorico-en-el-tambo\\\/\"]}]},{\"@type\":\"ImageObject\",\"inLanguage\":\"en-US\",\"@id\":\"https:\\\/\\\/proagrolab.com.ar\\\/el-senasa-advirtio-sobre-el-estres-calorico-en-el-tambo\\\/#primaryimage\",\"url\":\"https:\\\/\\\/proagrolab.com.ar\\\/wp-content\\\/uploads\\\/2015\\\/01\\\/g_1ycliav7i__Lecheras-33.jpg\",\"contentUrl\":\"https:\\\/\\\/proagrolab.com.ar\\\/wp-content\\\/uploads\\\/2015\\\/01\\\/g_1ycliav7i__Lecheras-33.jpg\",\"width\":450,\"height\":208},{\"@type\":\"BreadcrumbList\",\"@id\":\"https:\\\/\\\/proagrolab.com.ar\\\/el-senasa-advirtio-sobre-el-estres-calorico-en-el-tambo\\\/#breadcrumb\",\"itemListElement\":[{\"@type\":\"ListItem\",\"position\":1,\"name\":\"Portada\",\"item\":\"https:\\\/\\\/proagrolab.com.ar\\\/\"},{\"@type\":\"ListItem\",\"position\":2,\"name\":\"El Senasa advirti\u00f3 sobre el estr\u00e9s cal\u00f3rico en el tambo.\"}]},{\"@type\":\"WebSite\",\"@id\":\"https:\\\/\\\/proagrolab.com.ar\\\/#website\",\"url\":\"https:\\\/\\\/proagrolab.com.ar\\\/\",\"name\":\"Proagro Laboratorio Veterinario\",\"description\":\"Veterinary laboratory\",\"publisher\":{\"@id\":\"https:\\\/\\\/proagrolab.com.ar\\\/#organization\"},\"potentialAction\":[{\"@type\":\"SearchAction\",\"target\":{\"@type\":\"EntryPoint\",\"urlTemplate\":\"https:\\\/\\\/proagrolab.com.ar\\\/?s={search_term_string}\"},\"query-input\":{\"@type\":\"PropertyValueSpecification\",\"valueRequired\":true,\"valueName\":\"search_term_string\"}}],\"inLanguage\":\"en-US\"},{\"@type\":\"Organization\",\"@id\":\"https:\\\/\\\/proagrolab.com.ar\\\/#organization\",\"name\":\"Proagro\",\"url\":\"https:\\\/\\\/proagrolab.com.ar\\\/\",\"logo\":{\"@type\":\"ImageObject\",\"inLanguage\":\"en-US\",\"@id\":\"https:\\\/\\\/proagrolab.com.ar\\\/#\\\/schema\\\/logo\\\/image\\\/\",\"url\":\"https:\\\/\\\/proagrolab.com.ar\\\/wp-content\\\/uploads\\\/2020\\\/04\\\/logo-retina.png\",\"contentUrl\":\"https:\\\/\\\/proagrolab.com.ar\\\/wp-content\\\/uploads\\\/2020\\\/04\\\/logo-retina.png\",\"width\":478,\"height\":120,\"caption\":\"Proagro\"},\"image\":{\"@id\":\"https:\\\/\\\/proagrolab.com.ar\\\/#\\\/schema\\\/logo\\\/image\\\/\"},\"sameAs\":[\"http:\\\/\\\/www.facebook.com\\\/proagrolab\",\"https:\\\/\\\/www.instagram.com\\\/proagrolab\\\/\",\"https:\\\/\\\/www.linkedin.com\\\/company\\\/laboratorio-proagro-s-a\\\/\"]},{\"@type\":\"Person\",\"@id\":\"https:\\\/\\\/proagrolab.com.ar\\\/#\\\/schema\\\/person\\\/38003ff90bf80381f71c7d922d207444\",\"name\":\"proagrolab\"}]}<\/script>\n<!-- \/ Yoast SEO plugin. -->","yoast_head_json":{"title":"El Senasa advirti\u00f3 sobre el estr\u00e9s cal\u00f3rico en el tambo. | Proagro","robots":{"index":"index","follow":"follow","max-snippet":"max-snippet:-1","max-image-preview":"max-image-preview:large","max-video-preview":"max-video-preview:-1"},"canonical":"https:\/\/proagrolab.com.ar\/en\/el-senasa-advirtio-sobre-el-estres-calorico-en-el-tambo\/","og_locale":"en_US","og_type":"article","og_title":"El Senasa advirti\u00f3 sobre el estr\u00e9s cal\u00f3rico en el tambo. | Proagro","og_description":"El Senasa advirti\u00f3 a los tamberos la necesidad de prevenir los efectos del estr\u00e9s cal\u00f3rico en las vacas lecheras. &#8220;Resulta indispensable proveer a los animales de sombra, ventilaci\u00f3n, agua y alimento, a fin de evitar problemas sanitarios y una disminuci\u00f3n del rendimiento productivo&#8221;, dijo anteayer el organismo mediante un comunicado. El estr\u00e9s cal\u00f3rico en la vaca lechera se produce en condiciones de temperaturas excesivas, humedad relativa ambiente elevada y radiaci\u00f3n solar intensa. &#8220;Debe considerarse que la temperatura de bienestar para la vaca lechera -con un valor de humedad relativa ambiente del 60%- oscila de 7 a 28\u00b0C. Si los valores de temperatura y de humedad superan su l\u00edmite de confort, la vaca tiene dificultad para disipar el calor corporal&#8221;, indic\u00f3 el Senasa. El organismo recomend\u00f3 proveer a los animales de sombras estrat\u00e9gicamente ubicadas, en el corral de espera pre-orde\u00f1e y en los comederos; ventilaci\u00f3n adecuada en la sala de orde\u00f1e, sea fija o m\u00f3vil; agua en cantidad y calidad suficiente, contenida en bebederos con capacidad de satisfacer los requerimientos despu\u00e9s de cada orde\u00f1e (80 a 100 litros de agua por d\u00eda en vacas de alta producci\u00f3n), y dietas que cubran los requerimientos nutricionales, pero que posean una baja actividad fermentativa, [&hellip;]","og_url":"https:\/\/proagrolab.com.ar\/el-senasa-advirtio-sobre-el-estres-calorico-en-el-tambo\/","og_site_name":"Proagro","article_publisher":"http:\/\/www.facebook.com\/proagrolab","article_published_time":"2014-12-11T00:00:01+00:00","article_modified_time":"2020-06-29T19:23:29+00:00","og_image":[{"width":450,"height":208,"url":"https:\/\/proagrolab.com.ar\/wp-content\/uploads\/2015\/01\/g_1ycliav7i__Lecheras-33.jpg","type":"image\/jpeg"}],"author":"proagrolab","twitter_card":"summary_large_image","twitter_misc":{"Written by":"proagrolab","Est. reading time":"1 minute"},"schema":{"@context":"https:\/\/schema.org","@graph":[{"@type":"Article","@id":"https:\/\/proagrolab.com.ar\/el-senasa-advirtio-sobre-el-estres-calorico-en-el-tambo\/#article","isPartOf":{"@id":"https:\/\/proagrolab.com.ar\/el-senasa-advirtio-sobre-el-estres-calorico-en-el-tambo\/"},"author":{"name":"proagrolab","@id":"https:\/\/proagrolab.com.ar\/#\/schema\/person\/38003ff90bf80381f71c7d922d207444"},"headline":"El Senasa advirti\u00f3 sobre el estr\u00e9s cal\u00f3rico en el tambo.","datePublished":"2014-12-11T00:00:01+00:00","dateModified":"2020-06-29T19:23:29+00:00","mainEntityOfPage":{"@id":"https:\/\/proagrolab.com.ar\/el-senasa-advirtio-sobre-el-estres-calorico-en-el-tambo\/"},"wordCount":243,"publisher":{"@id":"https:\/\/proagrolab.com.ar\/#organization"},"image":{"@id":"https:\/\/proagrolab.com.ar\/el-senasa-advirtio-sobre-el-estres-calorico-en-el-tambo\/#primaryimage"},"thumbnailUrl":"https:\/\/proagrolab.com.ar\/wp-content\/uploads\/2015\/01\/g_1ycliav7i__Lecheras-33.jpg","articleSection":["News"],"inLanguage":"en-US"},{"@type":"WebPage","@id":"https:\/\/proagrolab.com.ar\/el-senasa-advirtio-sobre-el-estres-calorico-en-el-tambo\/","url":"https:\/\/proagrolab.com.ar\/el-senasa-advirtio-sobre-el-estres-calorico-en-el-tambo\/","name":"El Senasa advirti\u00f3 sobre el estr\u00e9s cal\u00f3rico en el tambo. | Proagro","isPartOf":{"@id":"https:\/\/proagrolab.com.ar\/#website"},"primaryImageOfPage":{"@id":"https:\/\/proagrolab.com.ar\/el-senasa-advirtio-sobre-el-estres-calorico-en-el-tambo\/#primaryimage"},"image":{"@id":"https:\/\/proagrolab.com.ar\/el-senasa-advirtio-sobre-el-estres-calorico-en-el-tambo\/#primaryimage"},"thumbnailUrl":"https:\/\/proagrolab.com.ar\/wp-content\/uploads\/2015\/01\/g_1ycliav7i__Lecheras-33.jpg","datePublished":"2014-12-11T00:00:01+00:00","dateModified":"2020-06-29T19:23:29+00:00","breadcrumb":{"@id":"https:\/\/proagrolab.com.ar\/el-senasa-advirtio-sobre-el-estres-calorico-en-el-tambo\/#breadcrumb"},"inLanguage":"en-US","potentialAction":[{"@type":"ReadAction","target":["https:\/\/proagrolab.com.ar\/el-senasa-advirtio-sobre-el-estres-calorico-en-el-tambo\/"]}]},{"@type":"ImageObject","inLanguage":"en-US","@id":"https:\/\/proagrolab.com.ar\/el-senasa-advirtio-sobre-el-estres-calorico-en-el-tambo\/#primaryimage","url":"https:\/\/proagrolab.com.ar\/wp-content\/uploads\/2015\/01\/g_1ycliav7i__Lecheras-33.jpg","contentUrl":"https:\/\/proagrolab.com.ar\/wp-content\/uploads\/2015\/01\/g_1ycliav7i__Lecheras-33.jpg","width":450,"height":208},{"@type":"BreadcrumbList","@id":"https:\/\/proagrolab.com.ar\/el-senasa-advirtio-sobre-el-estres-calorico-en-el-tambo\/#breadcrumb","itemListElement":[{"@type":"ListItem","position":1,"name":"Portada","item":"https:\/\/proagrolab.com.ar\/"},{"@type":"ListItem","position":2,"name":"El Senasa advirti\u00f3 sobre el estr\u00e9s cal\u00f3rico en el tambo."}]},{"@type":"WebSite","@id":"https:\/\/proagrolab.com.ar\/#website","url":"https:\/\/proagrolab.com.ar\/","name":"Proagro Laboratorio Veterinario","description":"Veterinary laboratory","publisher":{"@id":"https:\/\/proagrolab.com.ar\/#organization"},"potentialAction":[{"@type":"SearchAction","target":{"@type":"EntryPoint","urlTemplate":"https:\/\/proagrolab.com.ar\/?s={search_term_string}"},"query-input":{"@type":"PropertyValueSpecification","valueRequired":true,"valueName":"search_term_string"}}],"inLanguage":"en-US"},{"@type":"Organization","@id":"https:\/\/proagrolab.com.ar\/#organization","name":"Proagro","url":"https:\/\/proagrolab.com.ar\/","logo":{"@type":"ImageObject","inLanguage":"en-US","@id":"https:\/\/proagrolab.com.ar\/#\/schema\/logo\/image\/","url":"https:\/\/proagrolab.com.ar\/wp-content\/uploads\/2020\/04\/logo-retina.png","contentUrl":"https:\/\/proagrolab.com.ar\/wp-content\/uploads\/2020\/04\/logo-retina.png","width":478,"height":120,"caption":"Proagro"},"image":{"@id":"https:\/\/proagrolab.com.ar\/#\/schema\/logo\/image\/"},"sameAs":["http:\/\/www.facebook.com\/proagrolab","https:\/\/www.instagram.com\/proagrolab\/","https:\/\/www.linkedin.com\/company\/laboratorio-proagro-s-a\/"]},{"@type":"Person","@id":"https:\/\/proagrolab.com.ar\/#\/schema\/person\/38003ff90bf80381f71c7d922d207444","name":"proagrolab"}]}},"_links":{"self":[{"href":"https:\/\/proagrolab.com.ar\/en\/wp-json\/wp\/v2\/posts\/6488","targetHints":{"allow":["GET"]}}],"collection":[{"href":"https:\/\/proagrolab.com.ar\/en\/wp-json\/wp\/v2\/posts"}],"about":[{"href":"https:\/\/proagrolab.com.ar\/en\/wp-json\/wp\/v2\/types\/post"}],"author":[{"embeddable":true,"href":"https:\/\/proagrolab.com.ar\/en\/wp-json\/wp\/v2\/users\/2"}],"replies":[{"embeddable":true,"href":"https:\/\/proagrolab.com.ar\/en\/wp-json\/wp\/v2\/comments?post=6488"}],"version-history":[{"count":1,"href":"https:\/\/proagrolab.com.ar\/en\/wp-json\/wp\/v2\/posts\/6488\/revisions"}],"predecessor-version":[{"id":14085,"href":"https:\/\/proagrolab.com.ar\/en\/wp-json\/wp\/v2\/posts\/6488\/revisions\/14085"}],"wp:featuredmedia":[{"embeddable":true,"href":"https:\/\/proagrolab.com.ar\/en\/wp-json\/wp\/v2\/media\/2975"}],"wp:attachment":[{"href":"https:\/\/proagrolab.com.ar\/en\/wp-json\/wp\/v2\/media?parent=6488"}],"wp:term":[{"taxonomy":"category","embeddable":true,"href":"https:\/\/proagrolab.com.ar\/en\/wp-json\/wp\/v2\/categories?post=6488"},{"taxonomy":"post_tag","embeddable":true,"href":"https:\/\/proagrolab.com.ar\/en\/wp-json\/wp\/v2\/tags?post=6488"}],"curies":[{"name":"wp","href":"https:\/\/api.w.org\/{rel}","templated":true}]}}