{"id":6485,"date":"2014-12-09T00:00:01","date_gmt":"2014-12-09T00:00:01","guid":{"rendered":"https:\/\/proagrolab.com.ar\/explicar-seducir-y-convencer-para-lo-que-vendra-en-2016\/"},"modified":"2020-06-29T19:26:55","modified_gmt":"2020-06-29T19:26:55","slug":"explicar-seducir-y-convencer-para-lo-que-vendra-en-2016","status":"publish","type":"post","link":"https:\/\/proagrolab.com.ar\/en\/explicar-seducir-y-convencer-para-lo-que-vendra-en-2016\/","title":{"rendered":"Explicar, seducir y convencer para lo que vendr\u00e1 en 2016."},"content":{"rendered":"<p class=\"qtranxs-available-languages-message qtranxs-available-languages-message-en\"> <\/p><p><b>Por Cristian Mira.<\/b><\/p>\n<p>Que el campo ocupe el lugar que le corresponde en las decisiones pol\u00edticas y econ\u00f3micas del pa\u00eds es una tarea de largo plazo. Romper mitos, preconceptos y barreras culturales no es cuesti\u00f3n de un d\u00eda para el otro. En ese largo camino, la dirigencia, junto con Aapresid y Aacrea, instalaron un moj\u00f3n. Durante la reciente jornada del Foro de Convergencia Empresarial se expuso el potencial que tiene el campo y el impacto econ\u00f3mico que podr\u00eda generar si se eliminan las trabas que actualmente lo frenan. Frente a los candidatos presidenciales de la mayor\u00eda de los partidos de la oposici\u00f3n -el oficialismo estuvo ausente- disertaron los presidentes de la Sociedad Rural Argentina y Confederaciones Rurales Argentinas, Luis Miguel Etchevehere y Rub\u00e9n Ferrero, respectivamente.<\/p>\n<p>Dijeron que la producci\u00f3n agropecuaria tiene un valor bruto, con datos de 2013, de 63.000 millones de d\u00f3lares, pero que podr\u00eda incrementarse a 83.000 millones de d\u00f3lares en 2023.<\/p>\n<p>&#8220;Los agronegocios aportar\u00edan un piso de crecimiento de 2% del PBI anual al 2020&#8221;, se explic\u00f3 en el Foro. Con la capacidad de generar el 60% de las divisas que ingresan por exportaciones, se dieron ejemplos de una cadena de valor. La maquinaria agr\u00edcola, por ejemplo, emplea 40.000 trabajadores y el 90% de ellos corresponden a micro y peque\u00f1as empresas.<\/p>\n<p>Junto con otros sectores como la industria del conocimiento (software y comunicaciones), la miner\u00eda, la infraestructura, servicios financieros, la metalmec\u00e1nica, entre otros, el campo podr\u00eda contribuir a generar tres millones de puestos de trabajo.<\/p>\n<p>Los candidatos presidenciales presentes tomaron nota de los n\u00fameros y de las propuestas para que el campo, como el resto de los sectores, pueda expresar su potencial a partir de 2016.<\/p>\n<p>&#8220;Ahora tenemos que convencer al resto de la sociedad sobre nuestro mensaje&#8221;, dijo Pilu Giraudo, presidenta de Aapresid, una de las m\u00e1s activas protagonistas del Foro que, a comienzos de a\u00f1o lo integraban 30 c\u00e1maras empresariales y ahora lo integran unas sesenta.<\/p>\n<p>La propuesta Pilu Giraudo coincide con la preocupaci\u00f3n de otros productores y empresarios del agro, que observan una brecha enorme entre el conocimiento promedio que tiene la sociedad sobre el agro y lo que es el sector en la realidad.<\/p>\n<p>&#8220;Es una cuesti\u00f3n cultural&#8221;, explic\u00f3 el consultor Gustavo Id\u00edgoras. &#8220;En Francia, por ejemplo, se considera a la agricultura como algo esencial, desde la escuela se ense\u00f1a eso a los ni\u00f1os&#8221;, dijo. Ese arraigo cultural, en el largo plazo, se transforma en pol\u00edticas.<\/p>\n<p>Mientras se siembra alguna idea para que germine dentro de un a\u00f1o, crece la preocupaci\u00f3n por lo que suceder\u00e1 en 2015, un a\u00f1o electoral en el que el Gobierno no parece dispuesto a cambiar, pero s\u00ed a autoinfligirse da\u00f1os. Lo demuestra la decisi\u00f3n del Banco Naci\u00f3n de restringir el cr\u00e9dito a productores que siembren soja. &#8220;Los grandes grupos de siembra tienen m\u00e1s facilidades que los peque\u00f1os productores para recurrir a la banca privada, claramente no son ellos los perjudicados&#8221;, explic\u00f3 un economista del agro. El progresismo en clave kirchnerista logra resultados que colman la capacidad de asombro.<\/p>\n<p>Restringir el cr\u00e9dito para el principal producto de exportaci\u00f3n del pa\u00eds, que genera m\u00e1s divisas y la mayor parte de los ingresos fiscales por derechos de exportaci\u00f3n es una forma novedosa de pegarse un tiro en el pie. Aunque las 20,6 millones de hect\u00e1reas con soja se terminen sembrando, habr\u00e1 menos capital disponible para la inversi\u00f3n en tecnolog\u00eda, advierten los especialistas. Un error tras otro.<\/p>\n<p><i>Omar pr\u00edncipe presidente de la FAA<\/i><br \/>&#8220;Perdimos mercados, pero es m\u00e1s dif\u00edcil de reponer agricultores&#8221;.<\/p>\n<p>Fuente: La Naci\u00f3n, suple campo, 6 de diciembre.<br \/><\/p>","protected":false},"excerpt":{"rendered":"<p>Por Cristian Mira. Que el campo ocupe el lugar que le corresponde en las decisiones pol\u00edticas y econ\u00f3micas del pa\u00eds es una tarea de largo plazo. Romper mitos, preconceptos y barreras culturales no es cuesti\u00f3n de un d\u00eda para el otro. En ese largo camino, la dirigencia, junto con Aapresid y Aacrea, instalaron un moj\u00f3n. Durante la reciente jornada del Foro de Convergencia Empresarial se expuso el potencial que tiene el campo y el impacto econ\u00f3mico que podr\u00eda generar si se eliminan las trabas que actualmente lo frenan. Frente a los candidatos presidenciales de la mayor\u00eda de los partidos de la oposici\u00f3n -el oficialismo estuvo ausente- disertaron los presidentes de la Sociedad Rural Argentina y Confederaciones Rurales Argentinas, Luis Miguel Etchevehere y Rub\u00e9n Ferrero, respectivamente. Dijeron que la producci\u00f3n agropecuaria tiene un valor bruto, con datos de 2013, de 63.000 millones de d\u00f3lares, pero que podr\u00eda incrementarse a 83.000 millones de d\u00f3lares en 2023. &#8220;Los agronegocios aportar\u00edan un piso de crecimiento de 2% del PBI anual al 2020&#8221;, se explic\u00f3 en el Foro. Con la capacidad de generar el 60% de las divisas que ingresan por exportaciones, se dieron ejemplos de una cadena de valor. La maquinaria agr\u00edcola, por ejemplo, [&hellip;]<\/p>\n","protected":false},"author":2,"featured_media":2972,"comment_status":"closed","ping_status":"open","sticky":false,"template":"","format":"standard","meta":{"_acf_changed":false,"footnotes":""},"categories":[56],"tags":[],"class_list":["post-6485","post","type-post","status-publish","format-standard","has-post-thumbnail","hentry","category-infoganadero"],"acf":[],"yoast_head":"<!-- This site is optimized with the Yoast SEO plugin v27.4 - https:\/\/yoast.com\/product\/yoast-seo-wordpress\/ -->\n<title>Explicar, seducir y convencer para lo que vendr\u00e1 en 2016. | Proagro<\/title>\n<meta name=\"robots\" content=\"index, follow, max-snippet:-1, max-image-preview:large, max-video-preview:-1\" \/>\n<link rel=\"canonical\" href=\"https:\/\/proagrolab.com.ar\/en\/explicar-seducir-y-convencer-para-lo-que-vendra-en-2016\/\" \/>\n<meta property=\"og:locale\" content=\"en_US\" \/>\n<meta property=\"og:type\" content=\"article\" \/>\n<meta property=\"og:title\" content=\"Explicar, seducir y convencer para lo que vendr\u00e1 en 2016. | Proagro\" \/>\n<meta property=\"og:description\" content=\"Por Cristian Mira. Que el campo ocupe el lugar que le corresponde en las decisiones pol\u00edticas y econ\u00f3micas del pa\u00eds es una tarea de largo plazo. Romper mitos, preconceptos y barreras culturales no es cuesti\u00f3n de un d\u00eda para el otro. En ese largo camino, la dirigencia, junto con Aapresid y Aacrea, instalaron un moj\u00f3n. Durante la reciente jornada del Foro de Convergencia Empresarial se expuso el potencial que tiene el campo y el impacto econ\u00f3mico que podr\u00eda generar si se eliminan las trabas que actualmente lo frenan. Frente a los candidatos presidenciales de la mayor\u00eda de los partidos de la oposici\u00f3n -el oficialismo estuvo ausente- disertaron los presidentes de la Sociedad Rural Argentina y Confederaciones Rurales Argentinas, Luis Miguel Etchevehere y Rub\u00e9n Ferrero, respectivamente. Dijeron que la producci\u00f3n agropecuaria tiene un valor bruto, con datos de 2013, de 63.000 millones de d\u00f3lares, pero que podr\u00eda incrementarse a 83.000 millones de d\u00f3lares en 2023. &#8220;Los agronegocios aportar\u00edan un piso de crecimiento de 2% del PBI anual al 2020&#8221;, se explic\u00f3 en el Foro. Con la capacidad de generar el 60% de las divisas que ingresan por exportaciones, se dieron ejemplos de una cadena de valor. La maquinaria agr\u00edcola, por ejemplo, [&hellip;]\" \/>\n<meta property=\"og:url\" content=\"https:\/\/proagrolab.com.ar\/explicar-seducir-y-convencer-para-lo-que-vendra-en-2016\/\" \/>\n<meta property=\"og:site_name\" content=\"Proagro\" \/>\n<meta property=\"article:publisher\" content=\"http:\/\/www.facebook.com\/proagrolab\" \/>\n<meta property=\"article:published_time\" content=\"2014-12-09T00:00:01+00:00\" \/>\n<meta property=\"article:modified_time\" content=\"2020-06-29T19:26:55+00:00\" \/>\n<meta property=\"og:image\" content=\"https:\/\/proagrolab.com.ar\/wp-content\/uploads\/2015\/01\/g_kyzqwad9f__Vacas-3.jpg\" \/>\n\t<meta property=\"og:image:width\" content=\"450\" \/>\n\t<meta property=\"og:image:height\" content=\"208\" \/>\n\t<meta property=\"og:image:type\" content=\"image\/jpeg\" \/>\n<meta name=\"author\" content=\"proagrolab\" \/>\n<meta name=\"twitter:card\" content=\"summary_large_image\" \/>\n<meta name=\"twitter:label1\" content=\"Written by\" \/>\n\t<meta name=\"twitter:data1\" content=\"proagrolab\" \/>\n\t<meta name=\"twitter:label2\" content=\"Est. reading time\" \/>\n\t<meta name=\"twitter:data2\" content=\"3 minutes\" \/>\n<script type=\"application\/ld+json\" class=\"yoast-schema-graph\">{\"@context\":\"https:\\\/\\\/schema.org\",\"@graph\":[{\"@type\":\"Article\",\"@id\":\"https:\\\/\\\/proagrolab.com.ar\\\/explicar-seducir-y-convencer-para-lo-que-vendra-en-2016\\\/#article\",\"isPartOf\":{\"@id\":\"https:\\\/\\\/proagrolab.com.ar\\\/explicar-seducir-y-convencer-para-lo-que-vendra-en-2016\\\/\"},\"author\":{\"name\":\"proagrolab\",\"@id\":\"https:\\\/\\\/proagrolab.com.ar\\\/#\\\/schema\\\/person\\\/38003ff90bf80381f71c7d922d207444\"},\"headline\":\"Explicar, seducir y convencer para lo que vendr\u00e1 en 2016.\",\"datePublished\":\"2014-12-09T00:00:01+00:00\",\"dateModified\":\"2020-06-29T19:26:55+00:00\",\"mainEntityOfPage\":{\"@id\":\"https:\\\/\\\/proagrolab.com.ar\\\/explicar-seducir-y-convencer-para-lo-que-vendra-en-2016\\\/\"},\"wordCount\":635,\"publisher\":{\"@id\":\"https:\\\/\\\/proagrolab.com.ar\\\/#organization\"},\"image\":{\"@id\":\"https:\\\/\\\/proagrolab.com.ar\\\/explicar-seducir-y-convencer-para-lo-que-vendra-en-2016\\\/#primaryimage\"},\"thumbnailUrl\":\"https:\\\/\\\/proagrolab.com.ar\\\/wp-content\\\/uploads\\\/2015\\\/01\\\/g_kyzqwad9f__Vacas-3.jpg\",\"articleSection\":[\"News\"],\"inLanguage\":\"en-US\"},{\"@type\":\"WebPage\",\"@id\":\"https:\\\/\\\/proagrolab.com.ar\\\/explicar-seducir-y-convencer-para-lo-que-vendra-en-2016\\\/\",\"url\":\"https:\\\/\\\/proagrolab.com.ar\\\/explicar-seducir-y-convencer-para-lo-que-vendra-en-2016\\\/\",\"name\":\"Explicar, seducir y convencer para lo que vendr\u00e1 en 2016. | Proagro\",\"isPartOf\":{\"@id\":\"https:\\\/\\\/proagrolab.com.ar\\\/#website\"},\"primaryImageOfPage\":{\"@id\":\"https:\\\/\\\/proagrolab.com.ar\\\/explicar-seducir-y-convencer-para-lo-que-vendra-en-2016\\\/#primaryimage\"},\"image\":{\"@id\":\"https:\\\/\\\/proagrolab.com.ar\\\/explicar-seducir-y-convencer-para-lo-que-vendra-en-2016\\\/#primaryimage\"},\"thumbnailUrl\":\"https:\\\/\\\/proagrolab.com.ar\\\/wp-content\\\/uploads\\\/2015\\\/01\\\/g_kyzqwad9f__Vacas-3.jpg\",\"datePublished\":\"2014-12-09T00:00:01+00:00\",\"dateModified\":\"2020-06-29T19:26:55+00:00\",\"breadcrumb\":{\"@id\":\"https:\\\/\\\/proagrolab.com.ar\\\/explicar-seducir-y-convencer-para-lo-que-vendra-en-2016\\\/#breadcrumb\"},\"inLanguage\":\"en-US\",\"potentialAction\":[{\"@type\":\"ReadAction\",\"target\":[\"https:\\\/\\\/proagrolab.com.ar\\\/explicar-seducir-y-convencer-para-lo-que-vendra-en-2016\\\/\"]}]},{\"@type\":\"ImageObject\",\"inLanguage\":\"en-US\",\"@id\":\"https:\\\/\\\/proagrolab.com.ar\\\/explicar-seducir-y-convencer-para-lo-que-vendra-en-2016\\\/#primaryimage\",\"url\":\"https:\\\/\\\/proagrolab.com.ar\\\/wp-content\\\/uploads\\\/2015\\\/01\\\/g_kyzqwad9f__Vacas-3.jpg\",\"contentUrl\":\"https:\\\/\\\/proagrolab.com.ar\\\/wp-content\\\/uploads\\\/2015\\\/01\\\/g_kyzqwad9f__Vacas-3.jpg\",\"width\":450,\"height\":208},{\"@type\":\"BreadcrumbList\",\"@id\":\"https:\\\/\\\/proagrolab.com.ar\\\/explicar-seducir-y-convencer-para-lo-que-vendra-en-2016\\\/#breadcrumb\",\"itemListElement\":[{\"@type\":\"ListItem\",\"position\":1,\"name\":\"Portada\",\"item\":\"https:\\\/\\\/proagrolab.com.ar\\\/\"},{\"@type\":\"ListItem\",\"position\":2,\"name\":\"Explicar, seducir y convencer para lo que vendr\u00e1 en 2016.\"}]},{\"@type\":\"WebSite\",\"@id\":\"https:\\\/\\\/proagrolab.com.ar\\\/#website\",\"url\":\"https:\\\/\\\/proagrolab.com.ar\\\/\",\"name\":\"Proagro Laboratorio Veterinario\",\"description\":\"Veterinary laboratory\",\"publisher\":{\"@id\":\"https:\\\/\\\/proagrolab.com.ar\\\/#organization\"},\"potentialAction\":[{\"@type\":\"SearchAction\",\"target\":{\"@type\":\"EntryPoint\",\"urlTemplate\":\"https:\\\/\\\/proagrolab.com.ar\\\/?s={search_term_string}\"},\"query-input\":{\"@type\":\"PropertyValueSpecification\",\"valueRequired\":true,\"valueName\":\"search_term_string\"}}],\"inLanguage\":\"en-US\"},{\"@type\":\"Organization\",\"@id\":\"https:\\\/\\\/proagrolab.com.ar\\\/#organization\",\"name\":\"Proagro\",\"url\":\"https:\\\/\\\/proagrolab.com.ar\\\/\",\"logo\":{\"@type\":\"ImageObject\",\"inLanguage\":\"en-US\",\"@id\":\"https:\\\/\\\/proagrolab.com.ar\\\/#\\\/schema\\\/logo\\\/image\\\/\",\"url\":\"https:\\\/\\\/proagrolab.com.ar\\\/wp-content\\\/uploads\\\/2020\\\/04\\\/logo-retina.png\",\"contentUrl\":\"https:\\\/\\\/proagrolab.com.ar\\\/wp-content\\\/uploads\\\/2020\\\/04\\\/logo-retina.png\",\"width\":478,\"height\":120,\"caption\":\"Proagro\"},\"image\":{\"@id\":\"https:\\\/\\\/proagrolab.com.ar\\\/#\\\/schema\\\/logo\\\/image\\\/\"},\"sameAs\":[\"http:\\\/\\\/www.facebook.com\\\/proagrolab\",\"https:\\\/\\\/www.instagram.com\\\/proagrolab\\\/\",\"https:\\\/\\\/www.linkedin.com\\\/company\\\/laboratorio-proagro-s-a\\\/\"]},{\"@type\":\"Person\",\"@id\":\"https:\\\/\\\/proagrolab.com.ar\\\/#\\\/schema\\\/person\\\/38003ff90bf80381f71c7d922d207444\",\"name\":\"proagrolab\"}]}<\/script>\n<!-- \/ Yoast SEO plugin. -->","yoast_head_json":{"title":"Explicar, seducir y convencer para lo que vendr\u00e1 en 2016. | Proagro","robots":{"index":"index","follow":"follow","max-snippet":"max-snippet:-1","max-image-preview":"max-image-preview:large","max-video-preview":"max-video-preview:-1"},"canonical":"https:\/\/proagrolab.com.ar\/en\/explicar-seducir-y-convencer-para-lo-que-vendra-en-2016\/","og_locale":"en_US","og_type":"article","og_title":"Explicar, seducir y convencer para lo que vendr\u00e1 en 2016. | Proagro","og_description":"Por Cristian Mira. Que el campo ocupe el lugar que le corresponde en las decisiones pol\u00edticas y econ\u00f3micas del pa\u00eds es una tarea de largo plazo. Romper mitos, preconceptos y barreras culturales no es cuesti\u00f3n de un d\u00eda para el otro. En ese largo camino, la dirigencia, junto con Aapresid y Aacrea, instalaron un moj\u00f3n. Durante la reciente jornada del Foro de Convergencia Empresarial se expuso el potencial que tiene el campo y el impacto econ\u00f3mico que podr\u00eda generar si se eliminan las trabas que actualmente lo frenan. Frente a los candidatos presidenciales de la mayor\u00eda de los partidos de la oposici\u00f3n -el oficialismo estuvo ausente- disertaron los presidentes de la Sociedad Rural Argentina y Confederaciones Rurales Argentinas, Luis Miguel Etchevehere y Rub\u00e9n Ferrero, respectivamente. Dijeron que la producci\u00f3n agropecuaria tiene un valor bruto, con datos de 2013, de 63.000 millones de d\u00f3lares, pero que podr\u00eda incrementarse a 83.000 millones de d\u00f3lares en 2023. &#8220;Los agronegocios aportar\u00edan un piso de crecimiento de 2% del PBI anual al 2020&#8221;, se explic\u00f3 en el Foro. Con la capacidad de generar el 60% de las divisas que ingresan por exportaciones, se dieron ejemplos de una cadena de valor. La maquinaria agr\u00edcola, por ejemplo, [&hellip;]","og_url":"https:\/\/proagrolab.com.ar\/explicar-seducir-y-convencer-para-lo-que-vendra-en-2016\/","og_site_name":"Proagro","article_publisher":"http:\/\/www.facebook.com\/proagrolab","article_published_time":"2014-12-09T00:00:01+00:00","article_modified_time":"2020-06-29T19:26:55+00:00","og_image":[{"width":450,"height":208,"url":"https:\/\/proagrolab.com.ar\/wp-content\/uploads\/2015\/01\/g_kyzqwad9f__Vacas-3.jpg","type":"image\/jpeg"}],"author":"proagrolab","twitter_card":"summary_large_image","twitter_misc":{"Written by":"proagrolab","Est. reading time":"3 minutes"},"schema":{"@context":"https:\/\/schema.org","@graph":[{"@type":"Article","@id":"https:\/\/proagrolab.com.ar\/explicar-seducir-y-convencer-para-lo-que-vendra-en-2016\/#article","isPartOf":{"@id":"https:\/\/proagrolab.com.ar\/explicar-seducir-y-convencer-para-lo-que-vendra-en-2016\/"},"author":{"name":"proagrolab","@id":"https:\/\/proagrolab.com.ar\/#\/schema\/person\/38003ff90bf80381f71c7d922d207444"},"headline":"Explicar, seducir y convencer para lo que vendr\u00e1 en 2016.","datePublished":"2014-12-09T00:00:01+00:00","dateModified":"2020-06-29T19:26:55+00:00","mainEntityOfPage":{"@id":"https:\/\/proagrolab.com.ar\/explicar-seducir-y-convencer-para-lo-que-vendra-en-2016\/"},"wordCount":635,"publisher":{"@id":"https:\/\/proagrolab.com.ar\/#organization"},"image":{"@id":"https:\/\/proagrolab.com.ar\/explicar-seducir-y-convencer-para-lo-que-vendra-en-2016\/#primaryimage"},"thumbnailUrl":"https:\/\/proagrolab.com.ar\/wp-content\/uploads\/2015\/01\/g_kyzqwad9f__Vacas-3.jpg","articleSection":["News"],"inLanguage":"en-US"},{"@type":"WebPage","@id":"https:\/\/proagrolab.com.ar\/explicar-seducir-y-convencer-para-lo-que-vendra-en-2016\/","url":"https:\/\/proagrolab.com.ar\/explicar-seducir-y-convencer-para-lo-que-vendra-en-2016\/","name":"Explicar, seducir y convencer para lo que vendr\u00e1 en 2016. | Proagro","isPartOf":{"@id":"https:\/\/proagrolab.com.ar\/#website"},"primaryImageOfPage":{"@id":"https:\/\/proagrolab.com.ar\/explicar-seducir-y-convencer-para-lo-que-vendra-en-2016\/#primaryimage"},"image":{"@id":"https:\/\/proagrolab.com.ar\/explicar-seducir-y-convencer-para-lo-que-vendra-en-2016\/#primaryimage"},"thumbnailUrl":"https:\/\/proagrolab.com.ar\/wp-content\/uploads\/2015\/01\/g_kyzqwad9f__Vacas-3.jpg","datePublished":"2014-12-09T00:00:01+00:00","dateModified":"2020-06-29T19:26:55+00:00","breadcrumb":{"@id":"https:\/\/proagrolab.com.ar\/explicar-seducir-y-convencer-para-lo-que-vendra-en-2016\/#breadcrumb"},"inLanguage":"en-US","potentialAction":[{"@type":"ReadAction","target":["https:\/\/proagrolab.com.ar\/explicar-seducir-y-convencer-para-lo-que-vendra-en-2016\/"]}]},{"@type":"ImageObject","inLanguage":"en-US","@id":"https:\/\/proagrolab.com.ar\/explicar-seducir-y-convencer-para-lo-que-vendra-en-2016\/#primaryimage","url":"https:\/\/proagrolab.com.ar\/wp-content\/uploads\/2015\/01\/g_kyzqwad9f__Vacas-3.jpg","contentUrl":"https:\/\/proagrolab.com.ar\/wp-content\/uploads\/2015\/01\/g_kyzqwad9f__Vacas-3.jpg","width":450,"height":208},{"@type":"BreadcrumbList","@id":"https:\/\/proagrolab.com.ar\/explicar-seducir-y-convencer-para-lo-que-vendra-en-2016\/#breadcrumb","itemListElement":[{"@type":"ListItem","position":1,"name":"Portada","item":"https:\/\/proagrolab.com.ar\/"},{"@type":"ListItem","position":2,"name":"Explicar, seducir y convencer para lo que vendr\u00e1 en 2016."}]},{"@type":"WebSite","@id":"https:\/\/proagrolab.com.ar\/#website","url":"https:\/\/proagrolab.com.ar\/","name":"Proagro Laboratorio Veterinario","description":"Veterinary laboratory","publisher":{"@id":"https:\/\/proagrolab.com.ar\/#organization"},"potentialAction":[{"@type":"SearchAction","target":{"@type":"EntryPoint","urlTemplate":"https:\/\/proagrolab.com.ar\/?s={search_term_string}"},"query-input":{"@type":"PropertyValueSpecification","valueRequired":true,"valueName":"search_term_string"}}],"inLanguage":"en-US"},{"@type":"Organization","@id":"https:\/\/proagrolab.com.ar\/#organization","name":"Proagro","url":"https:\/\/proagrolab.com.ar\/","logo":{"@type":"ImageObject","inLanguage":"en-US","@id":"https:\/\/proagrolab.com.ar\/#\/schema\/logo\/image\/","url":"https:\/\/proagrolab.com.ar\/wp-content\/uploads\/2020\/04\/logo-retina.png","contentUrl":"https:\/\/proagrolab.com.ar\/wp-content\/uploads\/2020\/04\/logo-retina.png","width":478,"height":120,"caption":"Proagro"},"image":{"@id":"https:\/\/proagrolab.com.ar\/#\/schema\/logo\/image\/"},"sameAs":["http:\/\/www.facebook.com\/proagrolab","https:\/\/www.instagram.com\/proagrolab\/","https:\/\/www.linkedin.com\/company\/laboratorio-proagro-s-a\/"]},{"@type":"Person","@id":"https:\/\/proagrolab.com.ar\/#\/schema\/person\/38003ff90bf80381f71c7d922d207444","name":"proagrolab"}]}},"_links":{"self":[{"href":"https:\/\/proagrolab.com.ar\/en\/wp-json\/wp\/v2\/posts\/6485","targetHints":{"allow":["GET"]}}],"collection":[{"href":"https:\/\/proagrolab.com.ar\/en\/wp-json\/wp\/v2\/posts"}],"about":[{"href":"https:\/\/proagrolab.com.ar\/en\/wp-json\/wp\/v2\/types\/post"}],"author":[{"embeddable":true,"href":"https:\/\/proagrolab.com.ar\/en\/wp-json\/wp\/v2\/users\/2"}],"replies":[{"embeddable":true,"href":"https:\/\/proagrolab.com.ar\/en\/wp-json\/wp\/v2\/comments?post=6485"}],"version-history":[{"count":1,"href":"https:\/\/proagrolab.com.ar\/en\/wp-json\/wp\/v2\/posts\/6485\/revisions"}],"predecessor-version":[{"id":14115,"href":"https:\/\/proagrolab.com.ar\/en\/wp-json\/wp\/v2\/posts\/6485\/revisions\/14115"}],"wp:featuredmedia":[{"embeddable":true,"href":"https:\/\/proagrolab.com.ar\/en\/wp-json\/wp\/v2\/media\/2972"}],"wp:attachment":[{"href":"https:\/\/proagrolab.com.ar\/en\/wp-json\/wp\/v2\/media?parent=6485"}],"wp:term":[{"taxonomy":"category","embeddable":true,"href":"https:\/\/proagrolab.com.ar\/en\/wp-json\/wp\/v2\/categories?post=6485"},{"taxonomy":"post_tag","embeddable":true,"href":"https:\/\/proagrolab.com.ar\/en\/wp-json\/wp\/v2\/tags?post=6485"}],"curies":[{"name":"wp","href":"https:\/\/api.w.org\/{rel}","templated":true}]}}