{"id":6482,"date":"2014-12-09T00:00:01","date_gmt":"2014-12-09T00:00:01","guid":{"rendered":"https:\/\/proagrolab.com.ar\/se-fueron-al-pasto-la-manera-mas-didactica-de-ensenar-a-mejorar-el-manejo-forrajero-parte-1\/"},"modified":"2020-06-29T19:22:52","modified_gmt":"2020-06-29T19:22:52","slug":"se-fueron-al-pasto-la-manera-mas-didactica-de-ensenar-a-mejorar-el-manejo-forrajero-parte-1","status":"publish","type":"post","link":"https:\/\/proagrolab.com.ar\/en\/se-fueron-al-pasto-la-manera-mas-didactica-de-ensenar-a-mejorar-el-manejo-forrajero-parte-1\/","title":{"rendered":"Se fueron al pasto: la manera m\u00e1s did\u00e1ctica de ense\u00f1ar a mejorar el manejo forrajero. Parte 1"},"content":{"rendered":"<p class=\"qtranxs-available-languages-message qtranxs-available-languages-message-en\"> <\/p><p>La Escuela de Pastores, que lideran t\u00e9cnicos de Gentos, acaba de finalizar su primer y novedoso curso, que capacit\u00f3 a campo a encargados y a puesteros.<\/p>\n<p><b>Por Roberto Seifert.<\/b><\/p>\n<p>NUEVE DE JULIO. &#8220;Mire, estas personas son desde ahora verdaderos gerentes de pasto; se capacitaron para aprovechar el potencial de alimento que tienen en sus campos para sus rodeos. Son los que est\u00e1n en el d\u00eda a d\u00eda&#8221;, dijo Juan Jos\u00e9 Amadeo, director de la empresa Gentos, al se\u00f1alar a un grupo de peones, puesteros y encargados que terminaban en estos d\u00edas el novedoso curso Escuela de Pastores, cuya \u00faltimo taller se realiz\u00f3 en el establecimiento El Arapey, de esta localidad.<\/p>\n<p>Junto a Joaqu\u00edn Gonz\u00e1lez Bonorino, Amadeo ide\u00f3 y dirige este curso que este a\u00f1o se dict\u00f3 en campos de Maip\u00fa, Laprida y en este, de Nueve de Julio. Est\u00e1n convencidos de que hay muchos kilos de materia seca que no se aprovechan para que los rodeos ganen peso y las empresas mejoren su rentabilidad. Todo es cuesti\u00f3n de manejo; entienden que ni el sobrepastoreo ni el subpastoreo son deseables. Saber la disponibilidad de pasto es fundamental para que el rodeo coma la mayor cantidad posible y anticiparse es clave, como cuando en la primavera de la pampa h\u00fameda, despu\u00e9s de una lluvia, se produce lo que el especialista franc\u00e9s Andr\u00e9 Voisin denomina &#8220;llamarada de crecimiento&#8221;.<\/p>\n<p>La idea de crear esta escuela surgi\u00f3 hace un a\u00f1o. &#8220;Despu\u00e9s de un muy buen congreso de pasturas organizado por el INTA, nos dimos cuenta de que esos conocimientos no llegaban a los usuarios directos, a quienes est\u00e1n en el d\u00eda a d\u00eda en el manejo del rodeo&#8221;, dijo Amadeo a La Nacion. El desaf\u00edo fue \u00e9se: transmitir en forma eficaz ese conocimiento para que tenga impacto. Para que en definitiva el resultado sea que un ganadero produzca m\u00e1s carne o leche a menor costo.<\/p>\n<p>&#8220;En la diaria, el camino para sobrevivir y crecer es ser eficaz y pedirle precisi\u00f3n a los equipos de gente y no s\u00f3lo a las m\u00e1quinas y a los insumos&#8221;, agreg\u00f3 el ingeniero agr\u00f3nomo Amadeo.<\/p>\n<p>Lo que ocurre es que la producci\u00f3n de carne en la cuenca del Salado, que tiene diez millones de hect\u00e1reas, &#8220;no ha cambiado en 60 a\u00f1os y est\u00e1 en unos 65 kilos de carne por hect\u00e1rea por a\u00f1o, cuando en realidad esa cifra puede ser mucho m\u00e1s alta con un uso m\u00e1s eficiente&#8221;, explic\u00f3 Manuel Arnaude, ingeniero agr\u00f3nomo, asesor privado, integrante del Grupo de Pasturas del INTA Balcarce y uno de los capacitadores del curso.<\/p>\n<p>A su lado, el coordinador de la Escuela, F\u00e9lix Roumieu, veterinario y extensionista de Gentos, acerc\u00f3 cifras contundentes: &#8220;Hoy los productores de punta, que son los que implantaron praderas y fertilizaron, obtienen 300 kilos de carne por hect\u00e1rea por a\u00f1o. Pero podr\u00edan llegar tranquilamente a los 800 kilos&#8221;.<\/p>\n<p>Ese potencial, seg\u00fan Roumieu, no se aprovecha &#8220;porque los reales ejecutores del manejo, de esa interacci\u00f3n entre animal, pasto y persona, no asisten a los cursos&#8221;. Seg\u00fan el profesional, mediante t\u00e9cnicas de manejo, en la cosecha y en el aprovechamiento del pasto &#8220;se puede duplicar la producci\u00f3n de carne&#8221;.<\/p>\n<p>Roumieu advirti\u00f3 que en el actual contexto el productor chico est\u00e1 obligado a intensificar para poder sobrevivir como unidad productiva. &#8220;Un ganadero de 10.000 hect\u00e1reas se puede dar el lujo de producir 60 kilos de carne por hect\u00e1rea, porque diluye el costo de estructura en la cantidad de campo que tiene. Pero un productor de 200 o 300 hect\u00e1reas est\u00e1 obligado a ser eficiente porque si no, no llega a pagar los gastos fijos&#8221;, se\u00f1al\u00f3.<\/p>\n<p>Esta es una tarea que apenas comienza, pero ya hay campos que aplican esta metodolog\u00eda en Nueve de Julio, Maip\u00fa, Olavarr\u00eda, Tapalqu\u00e9 y 25 de Mayo, entre otros lugares.<\/p>\n<p><i>Saltos productivos<\/i><br \/>Uno de esos casos es el de la Estancia San Miguel, ubicada en General Guido, en el partido de Maip\u00fa. Su encargado, Silvio P\u00e9rez, de 38 a\u00f1os, asistente al curso, dijo que desde 2002 se empez\u00f3 a sembrar pasturas para pasar de un campo extensivo a uno intensivo.<\/p>\n<p>El campo se transform\u00f3 de cr\u00eda a uno de invernada que dio como resultado en los \u00faltimos cinco a\u00f1os pasar a &#8220;producir entre 750 y 800 kilos de carne por hect\u00e1rea por a\u00f1o&#8221;, tres veces m\u00e1s de lo que obtienen los campos tradicionales de la zona. En ese mismo lapso explic\u00f3 P\u00e9rez que la carga animal se increment\u00f3 de 0,7 a 2,7 equivalente vaca por hect\u00e1rea (EV\/ha).<\/p>\n<p>&#8220;Hay que tener mucha dedicaci\u00f3n, cuidado y atenci\u00f3n en el crecimiento de las pasturas para poder hacer un pastoreo eficiente, que es lo que nos da altos rendimientos de aumentos de peso diario vivo&#8221;, dijo P\u00e9rez.<\/p>\n<p>Seg\u00fan este encargado, el abec\u00e9 de la eficiencia est\u00e1 en una siembra correcta, en un lote limpio y sin malezas, entendiendo el crecimiento del pasto y la oferta de alimento que hay en cada parcela y la demanda del rodeo. &#8220;Sabiendo lo que uno necesita hace un adecuado manejo de pasturas, se corren los animales diariamente de las parcelas para que coman lo mejor&#8221;, explic\u00f3.<\/p>\n<p>Con 38 a\u00f1os, a P\u00e9rez se lo nota experimentado. &#8220;Estudi\u00e9 en un secundario con formaci\u00f3n agropecuaria. Pero siempre que hay alg\u00fan curso como \u00e9ste, la empresa me da la oportunidad de asistir para seguir capacit\u00e1ndome y transmitir conocimiento a la gente que tengo a cargo, que son cuatro personas&#8221;, agreg\u00f3.<\/p>\n<p>Por su parte, Francisco &#8220;Pancho&#8221; Lugano, de 40 a\u00f1os, es gerente del establecimiento El Arapey. El campo es propiedad de su padre, Andr\u00e9s, y tiene 1510 hect\u00e1reas (500 de tambo y el resto, de agricultura).<\/p>\n<p>&#8220;El salto que dimos en los \u00faltimos diez a\u00f1os fue aumentar la carga. Y como resultado, la producci\u00f3n de leche es mayor. Ten\u00edamos una vaca por hect\u00e1rea y hoy estamos en dos y media y en algunos momentos del a\u00f1o, hasta con tres. Y eso es lo importante; no que la vaca de m\u00e1s leche, sino que uno tiene dos o tres animales por hect\u00e1rea y la productividad global del campo es mucho mayor&#8221;, sostuvo Lugano.<\/p>\n<p>La familia Lugano tambi\u00e9n tiene un campo ganadero en Santiago del Estero para producir carne. &#8220;Los manejos son distintos pero el concepto de tratar de que la hacienda coma la mayor cantidad de pasto posible es el mismo. Son estrategias distintas, pero el fin es uno solo&#8221;, dijo el productor.<\/p>\n<p>Agreg\u00f3 Lugano que en sistemas intensivos -como tambo o invernada- todos los d\u00edas hay que tomar decisiones: &#8220;Si se agranda la parcela o se achica, si se le da al animal m\u00e1s o menos pasto; como reaccionar ante una lluvia o altas temperaturas. Eso es lo que tienen que saber los que est\u00e1n todo el tiempo en el campo. Es clave que ellos se capaciten porque son los que est\u00e1n todos los d\u00edas detr\u00e1s de las vacas&#8221;. Por eso el productor concluy\u00f3 que toda la gente que trabaja en su tambo ha sido capacitada.<\/p>\n<p>El pr\u00f3ximo curso comenzar\u00e1 en marzo y se dictar\u00e1 en el sudeste y sudoeste bonaerense. Los interesados pueden informarse en escuelapastores@gentos.com.ar.<\/p>\n<p>Fuente: La Naci\u00f3n, suple campo, 6 de diciembre.<br \/><\/p>","protected":false},"excerpt":{"rendered":"<p>La Escuela de Pastores, que lideran t\u00e9cnicos de Gentos, acaba de finalizar su primer y novedoso curso, que capacit\u00f3 a campo a encargados y a puesteros. Por Roberto Seifert. NUEVE DE JULIO. &#8220;Mire, estas personas son desde ahora verdaderos gerentes de pasto; se capacitaron para aprovechar el potencial de alimento que tienen en sus campos para sus rodeos. Son los que est\u00e1n en el d\u00eda a d\u00eda&#8221;, dijo Juan Jos\u00e9 Amadeo, director de la empresa Gentos, al se\u00f1alar a un grupo de peones, puesteros y encargados que terminaban en estos d\u00edas el novedoso curso Escuela de Pastores, cuya \u00faltimo taller se realiz\u00f3 en el establecimiento El Arapey, de esta localidad. Junto a Joaqu\u00edn Gonz\u00e1lez Bonorino, Amadeo ide\u00f3 y dirige este curso que este a\u00f1o se dict\u00f3 en campos de Maip\u00fa, Laprida y en este, de Nueve de Julio. Est\u00e1n convencidos de que hay muchos kilos de materia seca que no se aprovechan para que los rodeos ganen peso y las empresas mejoren su rentabilidad. Todo es cuesti\u00f3n de manejo; entienden que ni el sobrepastoreo ni el subpastoreo son deseables. Saber la disponibilidad de pasto es fundamental para que el rodeo coma la mayor cantidad posible y anticiparse es clave, como [&hellip;]<\/p>\n","protected":false},"author":2,"featured_media":2969,"comment_status":"closed","ping_status":"open","sticky":false,"template":"","format":"standard","meta":{"_acf_changed":false,"footnotes":""},"categories":[56],"tags":[],"class_list":["post-6482","post","type-post","status-publish","format-standard","has-post-thumbnail","hentry","category-infoganadero"],"acf":[],"yoast_head":"<!-- This site is optimized with the Yoast SEO plugin v27.4 - https:\/\/yoast.com\/product\/yoast-seo-wordpress\/ -->\n<title>Se fueron al pasto: la manera m\u00e1s did\u00e1ctica de ense\u00f1ar a mejorar el manejo forrajero. Parte 1 | Proagro<\/title>\n<meta name=\"robots\" content=\"index, follow, max-snippet:-1, max-image-preview:large, max-video-preview:-1\" \/>\n<link rel=\"canonical\" href=\"https:\/\/proagrolab.com.ar\/en\/se-fueron-al-pasto-la-manera-mas-didactica-de-ensenar-a-mejorar-el-manejo-forrajero-parte-1\/\" \/>\n<meta property=\"og:locale\" content=\"en_US\" \/>\n<meta property=\"og:type\" content=\"article\" \/>\n<meta property=\"og:title\" content=\"Se fueron al pasto: la manera m\u00e1s did\u00e1ctica de ense\u00f1ar a mejorar el manejo forrajero. Parte 1 | Proagro\" \/>\n<meta property=\"og:description\" content=\"La Escuela de Pastores, que lideran t\u00e9cnicos de Gentos, acaba de finalizar su primer y novedoso curso, que capacit\u00f3 a campo a encargados y a puesteros. Por Roberto Seifert. NUEVE DE JULIO. &#8220;Mire, estas personas son desde ahora verdaderos gerentes de pasto; se capacitaron para aprovechar el potencial de alimento que tienen en sus campos para sus rodeos. Son los que est\u00e1n en el d\u00eda a d\u00eda&#8221;, dijo Juan Jos\u00e9 Amadeo, director de la empresa Gentos, al se\u00f1alar a un grupo de peones, puesteros y encargados que terminaban en estos d\u00edas el novedoso curso Escuela de Pastores, cuya \u00faltimo taller se realiz\u00f3 en el establecimiento El Arapey, de esta localidad. Junto a Joaqu\u00edn Gonz\u00e1lez Bonorino, Amadeo ide\u00f3 y dirige este curso que este a\u00f1o se dict\u00f3 en campos de Maip\u00fa, Laprida y en este, de Nueve de Julio. Est\u00e1n convencidos de que hay muchos kilos de materia seca que no se aprovechan para que los rodeos ganen peso y las empresas mejoren su rentabilidad. Todo es cuesti\u00f3n de manejo; entienden que ni el sobrepastoreo ni el subpastoreo son deseables. Saber la disponibilidad de pasto es fundamental para que el rodeo coma la mayor cantidad posible y anticiparse es clave, como [&hellip;]\" \/>\n<meta property=\"og:url\" content=\"https:\/\/proagrolab.com.ar\/se-fueron-al-pasto-la-manera-mas-didactica-de-ensenar-a-mejorar-el-manejo-forrajero-parte-1\/\" \/>\n<meta property=\"og:site_name\" content=\"Proagro\" \/>\n<meta property=\"article:publisher\" content=\"http:\/\/www.facebook.com\/proagrolab\" \/>\n<meta property=\"article:published_time\" content=\"2014-12-09T00:00:01+00:00\" \/>\n<meta property=\"article:modified_time\" content=\"2020-06-29T19:22:52+00:00\" \/>\n<meta property=\"og:image\" content=\"https:\/\/proagrolab.com.ar\/wp-content\/uploads\/2015\/01\/g_t7nueawut__Pasturas-2.jpg\" \/>\n\t<meta property=\"og:image:width\" content=\"450\" \/>\n\t<meta property=\"og:image:height\" content=\"208\" \/>\n\t<meta property=\"og:image:type\" content=\"image\/jpeg\" \/>\n<meta name=\"author\" content=\"proagrolab\" \/>\n<meta name=\"twitter:card\" content=\"summary_large_image\" \/>\n<meta name=\"twitter:label1\" content=\"Written by\" \/>\n\t<meta name=\"twitter:data1\" content=\"proagrolab\" \/>\n\t<meta name=\"twitter:label2\" content=\"Est. reading time\" \/>\n\t<meta name=\"twitter:data2\" content=\"6 minutes\" \/>\n<script type=\"application\/ld+json\" class=\"yoast-schema-graph\">{\"@context\":\"https:\\\/\\\/schema.org\",\"@graph\":[{\"@type\":\"Article\",\"@id\":\"https:\\\/\\\/proagrolab.com.ar\\\/se-fueron-al-pasto-la-manera-mas-didactica-de-ensenar-a-mejorar-el-manejo-forrajero-parte-1\\\/#article\",\"isPartOf\":{\"@id\":\"https:\\\/\\\/proagrolab.com.ar\\\/se-fueron-al-pasto-la-manera-mas-didactica-de-ensenar-a-mejorar-el-manejo-forrajero-parte-1\\\/\"},\"author\":{\"name\":\"proagrolab\",\"@id\":\"https:\\\/\\\/proagrolab.com.ar\\\/#\\\/schema\\\/person\\\/38003ff90bf80381f71c7d922d207444\"},\"headline\":\"Se fueron al pasto: la manera m\u00e1s did\u00e1ctica de ense\u00f1ar a mejorar el manejo forrajero. Parte 1\",\"datePublished\":\"2014-12-09T00:00:01+00:00\",\"dateModified\":\"2020-06-29T19:22:52+00:00\",\"mainEntityOfPage\":{\"@id\":\"https:\\\/\\\/proagrolab.com.ar\\\/se-fueron-al-pasto-la-manera-mas-didactica-de-ensenar-a-mejorar-el-manejo-forrajero-parte-1\\\/\"},\"wordCount\":1261,\"publisher\":{\"@id\":\"https:\\\/\\\/proagrolab.com.ar\\\/#organization\"},\"image\":{\"@id\":\"https:\\\/\\\/proagrolab.com.ar\\\/se-fueron-al-pasto-la-manera-mas-didactica-de-ensenar-a-mejorar-el-manejo-forrajero-parte-1\\\/#primaryimage\"},\"thumbnailUrl\":\"https:\\\/\\\/proagrolab.com.ar\\\/wp-content\\\/uploads\\\/2015\\\/01\\\/g_t7nueawut__Pasturas-2.jpg\",\"articleSection\":[\"News\"],\"inLanguage\":\"en-US\"},{\"@type\":\"WebPage\",\"@id\":\"https:\\\/\\\/proagrolab.com.ar\\\/se-fueron-al-pasto-la-manera-mas-didactica-de-ensenar-a-mejorar-el-manejo-forrajero-parte-1\\\/\",\"url\":\"https:\\\/\\\/proagrolab.com.ar\\\/se-fueron-al-pasto-la-manera-mas-didactica-de-ensenar-a-mejorar-el-manejo-forrajero-parte-1\\\/\",\"name\":\"Se fueron al pasto: la manera m\u00e1s did\u00e1ctica de ense\u00f1ar a mejorar el manejo forrajero. Parte 1 | Proagro\",\"isPartOf\":{\"@id\":\"https:\\\/\\\/proagrolab.com.ar\\\/#website\"},\"primaryImageOfPage\":{\"@id\":\"https:\\\/\\\/proagrolab.com.ar\\\/se-fueron-al-pasto-la-manera-mas-didactica-de-ensenar-a-mejorar-el-manejo-forrajero-parte-1\\\/#primaryimage\"},\"image\":{\"@id\":\"https:\\\/\\\/proagrolab.com.ar\\\/se-fueron-al-pasto-la-manera-mas-didactica-de-ensenar-a-mejorar-el-manejo-forrajero-parte-1\\\/#primaryimage\"},\"thumbnailUrl\":\"https:\\\/\\\/proagrolab.com.ar\\\/wp-content\\\/uploads\\\/2015\\\/01\\\/g_t7nueawut__Pasturas-2.jpg\",\"datePublished\":\"2014-12-09T00:00:01+00:00\",\"dateModified\":\"2020-06-29T19:22:52+00:00\",\"breadcrumb\":{\"@id\":\"https:\\\/\\\/proagrolab.com.ar\\\/se-fueron-al-pasto-la-manera-mas-didactica-de-ensenar-a-mejorar-el-manejo-forrajero-parte-1\\\/#breadcrumb\"},\"inLanguage\":\"en-US\",\"potentialAction\":[{\"@type\":\"ReadAction\",\"target\":[\"https:\\\/\\\/proagrolab.com.ar\\\/se-fueron-al-pasto-la-manera-mas-didactica-de-ensenar-a-mejorar-el-manejo-forrajero-parte-1\\\/\"]}]},{\"@type\":\"ImageObject\",\"inLanguage\":\"en-US\",\"@id\":\"https:\\\/\\\/proagrolab.com.ar\\\/se-fueron-al-pasto-la-manera-mas-didactica-de-ensenar-a-mejorar-el-manejo-forrajero-parte-1\\\/#primaryimage\",\"url\":\"https:\\\/\\\/proagrolab.com.ar\\\/wp-content\\\/uploads\\\/2015\\\/01\\\/g_t7nueawut__Pasturas-2.jpg\",\"contentUrl\":\"https:\\\/\\\/proagrolab.com.ar\\\/wp-content\\\/uploads\\\/2015\\\/01\\\/g_t7nueawut__Pasturas-2.jpg\",\"width\":450,\"height\":208},{\"@type\":\"BreadcrumbList\",\"@id\":\"https:\\\/\\\/proagrolab.com.ar\\\/se-fueron-al-pasto-la-manera-mas-didactica-de-ensenar-a-mejorar-el-manejo-forrajero-parte-1\\\/#breadcrumb\",\"itemListElement\":[{\"@type\":\"ListItem\",\"position\":1,\"name\":\"Portada\",\"item\":\"https:\\\/\\\/proagrolab.com.ar\\\/\"},{\"@type\":\"ListItem\",\"position\":2,\"name\":\"Se fueron al pasto: la manera m\u00e1s did\u00e1ctica de ense\u00f1ar a mejorar el manejo forrajero. Parte 1\"}]},{\"@type\":\"WebSite\",\"@id\":\"https:\\\/\\\/proagrolab.com.ar\\\/#website\",\"url\":\"https:\\\/\\\/proagrolab.com.ar\\\/\",\"name\":\"Proagro Laboratorio Veterinario\",\"description\":\"Veterinary laboratory\",\"publisher\":{\"@id\":\"https:\\\/\\\/proagrolab.com.ar\\\/#organization\"},\"potentialAction\":[{\"@type\":\"SearchAction\",\"target\":{\"@type\":\"EntryPoint\",\"urlTemplate\":\"https:\\\/\\\/proagrolab.com.ar\\\/?s={search_term_string}\"},\"query-input\":{\"@type\":\"PropertyValueSpecification\",\"valueRequired\":true,\"valueName\":\"search_term_string\"}}],\"inLanguage\":\"en-US\"},{\"@type\":\"Organization\",\"@id\":\"https:\\\/\\\/proagrolab.com.ar\\\/#organization\",\"name\":\"Proagro\",\"url\":\"https:\\\/\\\/proagrolab.com.ar\\\/\",\"logo\":{\"@type\":\"ImageObject\",\"inLanguage\":\"en-US\",\"@id\":\"https:\\\/\\\/proagrolab.com.ar\\\/#\\\/schema\\\/logo\\\/image\\\/\",\"url\":\"https:\\\/\\\/proagrolab.com.ar\\\/wp-content\\\/uploads\\\/2020\\\/04\\\/logo-retina.png\",\"contentUrl\":\"https:\\\/\\\/proagrolab.com.ar\\\/wp-content\\\/uploads\\\/2020\\\/04\\\/logo-retina.png\",\"width\":478,\"height\":120,\"caption\":\"Proagro\"},\"image\":{\"@id\":\"https:\\\/\\\/proagrolab.com.ar\\\/#\\\/schema\\\/logo\\\/image\\\/\"},\"sameAs\":[\"http:\\\/\\\/www.facebook.com\\\/proagrolab\",\"https:\\\/\\\/www.instagram.com\\\/proagrolab\\\/\",\"https:\\\/\\\/www.linkedin.com\\\/company\\\/laboratorio-proagro-s-a\\\/\"]},{\"@type\":\"Person\",\"@id\":\"https:\\\/\\\/proagrolab.com.ar\\\/#\\\/schema\\\/person\\\/38003ff90bf80381f71c7d922d207444\",\"name\":\"proagrolab\"}]}<\/script>\n<!-- \/ Yoast SEO plugin. -->","yoast_head_json":{"title":"Se fueron al pasto: la manera m\u00e1s did\u00e1ctica de ense\u00f1ar a mejorar el manejo forrajero. Parte 1 | Proagro","robots":{"index":"index","follow":"follow","max-snippet":"max-snippet:-1","max-image-preview":"max-image-preview:large","max-video-preview":"max-video-preview:-1"},"canonical":"https:\/\/proagrolab.com.ar\/en\/se-fueron-al-pasto-la-manera-mas-didactica-de-ensenar-a-mejorar-el-manejo-forrajero-parte-1\/","og_locale":"en_US","og_type":"article","og_title":"Se fueron al pasto: la manera m\u00e1s did\u00e1ctica de ense\u00f1ar a mejorar el manejo forrajero. Parte 1 | Proagro","og_description":"La Escuela de Pastores, que lideran t\u00e9cnicos de Gentos, acaba de finalizar su primer y novedoso curso, que capacit\u00f3 a campo a encargados y a puesteros. Por Roberto Seifert. NUEVE DE JULIO. &#8220;Mire, estas personas son desde ahora verdaderos gerentes de pasto; se capacitaron para aprovechar el potencial de alimento que tienen en sus campos para sus rodeos. Son los que est\u00e1n en el d\u00eda a d\u00eda&#8221;, dijo Juan Jos\u00e9 Amadeo, director de la empresa Gentos, al se\u00f1alar a un grupo de peones, puesteros y encargados que terminaban en estos d\u00edas el novedoso curso Escuela de Pastores, cuya \u00faltimo taller se realiz\u00f3 en el establecimiento El Arapey, de esta localidad. Junto a Joaqu\u00edn Gonz\u00e1lez Bonorino, Amadeo ide\u00f3 y dirige este curso que este a\u00f1o se dict\u00f3 en campos de Maip\u00fa, Laprida y en este, de Nueve de Julio. Est\u00e1n convencidos de que hay muchos kilos de materia seca que no se aprovechan para que los rodeos ganen peso y las empresas mejoren su rentabilidad. Todo es cuesti\u00f3n de manejo; entienden que ni el sobrepastoreo ni el subpastoreo son deseables. Saber la disponibilidad de pasto es fundamental para que el rodeo coma la mayor cantidad posible y anticiparse es clave, como [&hellip;]","og_url":"https:\/\/proagrolab.com.ar\/se-fueron-al-pasto-la-manera-mas-didactica-de-ensenar-a-mejorar-el-manejo-forrajero-parte-1\/","og_site_name":"Proagro","article_publisher":"http:\/\/www.facebook.com\/proagrolab","article_published_time":"2014-12-09T00:00:01+00:00","article_modified_time":"2020-06-29T19:22:52+00:00","og_image":[{"width":450,"height":208,"url":"https:\/\/proagrolab.com.ar\/wp-content\/uploads\/2015\/01\/g_t7nueawut__Pasturas-2.jpg","type":"image\/jpeg"}],"author":"proagrolab","twitter_card":"summary_large_image","twitter_misc":{"Written by":"proagrolab","Est. reading time":"6 minutes"},"schema":{"@context":"https:\/\/schema.org","@graph":[{"@type":"Article","@id":"https:\/\/proagrolab.com.ar\/se-fueron-al-pasto-la-manera-mas-didactica-de-ensenar-a-mejorar-el-manejo-forrajero-parte-1\/#article","isPartOf":{"@id":"https:\/\/proagrolab.com.ar\/se-fueron-al-pasto-la-manera-mas-didactica-de-ensenar-a-mejorar-el-manejo-forrajero-parte-1\/"},"author":{"name":"proagrolab","@id":"https:\/\/proagrolab.com.ar\/#\/schema\/person\/38003ff90bf80381f71c7d922d207444"},"headline":"Se fueron al pasto: la manera m\u00e1s did\u00e1ctica de ense\u00f1ar a mejorar el manejo forrajero. Parte 1","datePublished":"2014-12-09T00:00:01+00:00","dateModified":"2020-06-29T19:22:52+00:00","mainEntityOfPage":{"@id":"https:\/\/proagrolab.com.ar\/se-fueron-al-pasto-la-manera-mas-didactica-de-ensenar-a-mejorar-el-manejo-forrajero-parte-1\/"},"wordCount":1261,"publisher":{"@id":"https:\/\/proagrolab.com.ar\/#organization"},"image":{"@id":"https:\/\/proagrolab.com.ar\/se-fueron-al-pasto-la-manera-mas-didactica-de-ensenar-a-mejorar-el-manejo-forrajero-parte-1\/#primaryimage"},"thumbnailUrl":"https:\/\/proagrolab.com.ar\/wp-content\/uploads\/2015\/01\/g_t7nueawut__Pasturas-2.jpg","articleSection":["News"],"inLanguage":"en-US"},{"@type":"WebPage","@id":"https:\/\/proagrolab.com.ar\/se-fueron-al-pasto-la-manera-mas-didactica-de-ensenar-a-mejorar-el-manejo-forrajero-parte-1\/","url":"https:\/\/proagrolab.com.ar\/se-fueron-al-pasto-la-manera-mas-didactica-de-ensenar-a-mejorar-el-manejo-forrajero-parte-1\/","name":"Se fueron al pasto: la manera m\u00e1s did\u00e1ctica de ense\u00f1ar a mejorar el manejo forrajero. Parte 1 | Proagro","isPartOf":{"@id":"https:\/\/proagrolab.com.ar\/#website"},"primaryImageOfPage":{"@id":"https:\/\/proagrolab.com.ar\/se-fueron-al-pasto-la-manera-mas-didactica-de-ensenar-a-mejorar-el-manejo-forrajero-parte-1\/#primaryimage"},"image":{"@id":"https:\/\/proagrolab.com.ar\/se-fueron-al-pasto-la-manera-mas-didactica-de-ensenar-a-mejorar-el-manejo-forrajero-parte-1\/#primaryimage"},"thumbnailUrl":"https:\/\/proagrolab.com.ar\/wp-content\/uploads\/2015\/01\/g_t7nueawut__Pasturas-2.jpg","datePublished":"2014-12-09T00:00:01+00:00","dateModified":"2020-06-29T19:22:52+00:00","breadcrumb":{"@id":"https:\/\/proagrolab.com.ar\/se-fueron-al-pasto-la-manera-mas-didactica-de-ensenar-a-mejorar-el-manejo-forrajero-parte-1\/#breadcrumb"},"inLanguage":"en-US","potentialAction":[{"@type":"ReadAction","target":["https:\/\/proagrolab.com.ar\/se-fueron-al-pasto-la-manera-mas-didactica-de-ensenar-a-mejorar-el-manejo-forrajero-parte-1\/"]}]},{"@type":"ImageObject","inLanguage":"en-US","@id":"https:\/\/proagrolab.com.ar\/se-fueron-al-pasto-la-manera-mas-didactica-de-ensenar-a-mejorar-el-manejo-forrajero-parte-1\/#primaryimage","url":"https:\/\/proagrolab.com.ar\/wp-content\/uploads\/2015\/01\/g_t7nueawut__Pasturas-2.jpg","contentUrl":"https:\/\/proagrolab.com.ar\/wp-content\/uploads\/2015\/01\/g_t7nueawut__Pasturas-2.jpg","width":450,"height":208},{"@type":"BreadcrumbList","@id":"https:\/\/proagrolab.com.ar\/se-fueron-al-pasto-la-manera-mas-didactica-de-ensenar-a-mejorar-el-manejo-forrajero-parte-1\/#breadcrumb","itemListElement":[{"@type":"ListItem","position":1,"name":"Portada","item":"https:\/\/proagrolab.com.ar\/"},{"@type":"ListItem","position":2,"name":"Se fueron al pasto: la manera m\u00e1s did\u00e1ctica de ense\u00f1ar a mejorar el manejo forrajero. Parte 1"}]},{"@type":"WebSite","@id":"https:\/\/proagrolab.com.ar\/#website","url":"https:\/\/proagrolab.com.ar\/","name":"Proagro Laboratorio Veterinario","description":"Veterinary laboratory","publisher":{"@id":"https:\/\/proagrolab.com.ar\/#organization"},"potentialAction":[{"@type":"SearchAction","target":{"@type":"EntryPoint","urlTemplate":"https:\/\/proagrolab.com.ar\/?s={search_term_string}"},"query-input":{"@type":"PropertyValueSpecification","valueRequired":true,"valueName":"search_term_string"}}],"inLanguage":"en-US"},{"@type":"Organization","@id":"https:\/\/proagrolab.com.ar\/#organization","name":"Proagro","url":"https:\/\/proagrolab.com.ar\/","logo":{"@type":"ImageObject","inLanguage":"en-US","@id":"https:\/\/proagrolab.com.ar\/#\/schema\/logo\/image\/","url":"https:\/\/proagrolab.com.ar\/wp-content\/uploads\/2020\/04\/logo-retina.png","contentUrl":"https:\/\/proagrolab.com.ar\/wp-content\/uploads\/2020\/04\/logo-retina.png","width":478,"height":120,"caption":"Proagro"},"image":{"@id":"https:\/\/proagrolab.com.ar\/#\/schema\/logo\/image\/"},"sameAs":["http:\/\/www.facebook.com\/proagrolab","https:\/\/www.instagram.com\/proagrolab\/","https:\/\/www.linkedin.com\/company\/laboratorio-proagro-s-a\/"]},{"@type":"Person","@id":"https:\/\/proagrolab.com.ar\/#\/schema\/person\/38003ff90bf80381f71c7d922d207444","name":"proagrolab"}]}},"_links":{"self":[{"href":"https:\/\/proagrolab.com.ar\/en\/wp-json\/wp\/v2\/posts\/6482","targetHints":{"allow":["GET"]}}],"collection":[{"href":"https:\/\/proagrolab.com.ar\/en\/wp-json\/wp\/v2\/posts"}],"about":[{"href":"https:\/\/proagrolab.com.ar\/en\/wp-json\/wp\/v2\/types\/post"}],"author":[{"embeddable":true,"href":"https:\/\/proagrolab.com.ar\/en\/wp-json\/wp\/v2\/users\/2"}],"replies":[{"embeddable":true,"href":"https:\/\/proagrolab.com.ar\/en\/wp-json\/wp\/v2\/comments?post=6482"}],"version-history":[{"count":1,"href":"https:\/\/proagrolab.com.ar\/en\/wp-json\/wp\/v2\/posts\/6482\/revisions"}],"predecessor-version":[{"id":14078,"href":"https:\/\/proagrolab.com.ar\/en\/wp-json\/wp\/v2\/posts\/6482\/revisions\/14078"}],"wp:featuredmedia":[{"embeddable":true,"href":"https:\/\/proagrolab.com.ar\/en\/wp-json\/wp\/v2\/media\/2969"}],"wp:attachment":[{"href":"https:\/\/proagrolab.com.ar\/en\/wp-json\/wp\/v2\/media?parent=6482"}],"wp:term":[{"taxonomy":"category","embeddable":true,"href":"https:\/\/proagrolab.com.ar\/en\/wp-json\/wp\/v2\/categories?post=6482"},{"taxonomy":"post_tag","embeddable":true,"href":"https:\/\/proagrolab.com.ar\/en\/wp-json\/wp\/v2\/tags?post=6482"}],"curies":[{"name":"wp","href":"https:\/\/api.w.org\/{rel}","templated":true}]}}