{"id":6255,"date":"2014-08-01T00:00:01","date_gmt":"2014-08-01T00:00:01","guid":{"rendered":"https:\/\/proagrolab.com.ar\/fonterra-dice-cautela-2\/"},"modified":"2020-07-01T19:16:35","modified_gmt":"2020-07-01T19:16:35","slug":"fonterra-dice-cautela-2","status":"publish","type":"post","link":"https:\/\/proagrolab.com.ar\/en\/fonterra-dice-cautela-2\/","title":{"rendered":"Fonterra dice cautela."},"content":{"rendered":"<p class=\"qtranxs-available-languages-message qtranxs-available-languages-message-en\"> <\/p><p>La cooperativa neocelandesa redujo su proyecci\u00f3n sobre el valor del kilo de s\u00f3lidos que recibir\u00e1n sus productores en el a\u00f1o comercial 2014\/2015.<\/p>\n<p>La cooperativa recort\u00f3 su previsi\u00f3n sobre el precio del kilogramo de s\u00f3lidos de NZ$ 7 a NZ$ 6 para 2014\/2015. Este ajuste lleva a una baja de 29% en los precios comparado con el r\u00e9cord alcanzado durante el a\u00f1o comercial 2013\/2014.<\/p>\n<p>En ese ciclo la remisi\u00f3n a Fonterra creci\u00f3 8,3% a 1.580 millones de kilogramos de s\u00f3lidos. El director ejecutivo de Fonterra, John Wilson, destac\u00f3 que la baja en el precio de la leche \u0093tendr\u00e1 un impacto en el flujo de fondos de nuestros productores\u0094.<\/p>\n<p>Inst\u00f3 a manejar con \u0093cautela\u0094 los presupuestos de los establecimientos en un escenario en que persistir\u00e1 la volatilidad en los mercados internacionales. En la plataforma electr\u00f3nica de Fonterra globaldairytrande.com, los precios llegaron a mediados de julio a su m\u00ednimo en 21 meses. La baja desde el 30 de junio lleg\u00f3 a 16%.<\/p>\n<p>V\u00eda Infortambo, 31 de julio.<br \/><\/p>","protected":false},"excerpt":{"rendered":"<p>La cooperativa neocelandesa redujo su proyecci\u00f3n sobre el valor del kilo de s\u00f3lidos que recibir\u00e1n sus productores en el a\u00f1o comercial 2014\/2015. La cooperativa recort\u00f3 su previsi\u00f3n sobre el precio del kilogramo de s\u00f3lidos de NZ$ 7 a NZ$ 6 para 2014\/2015. Este ajuste lleva a una baja de 29% en los precios comparado con el r\u00e9cord alcanzado durante el a\u00f1o comercial 2013\/2014. En ese ciclo la remisi\u00f3n a Fonterra creci\u00f3 8,3% a 1.580 millones de kilogramos de s\u00f3lidos. El director ejecutivo de Fonterra, John Wilson, destac\u00f3 que la baja en el precio de la leche \u0093tendr\u00e1 un impacto en el flujo de fondos de nuestros productores\u0094. Inst\u00f3 a manejar con \u0093cautela\u0094 los presupuestos de los establecimientos en un escenario en que persistir\u00e1 la volatilidad en los mercados internacionales. En la plataforma electr\u00f3nica de Fonterra globaldairytrande.com, los precios llegaron a mediados de julio a su m\u00ednimo en 21 meses. La baja desde el 30 de junio lleg\u00f3 a 16%. V\u00eda Infortambo, 31 de julio.<\/p>\n","protected":false},"author":2,"featured_media":2742,"comment_status":"closed","ping_status":"open","sticky":false,"template":"","format":"standard","meta":{"_acf_changed":false,"footnotes":""},"categories":[56],"tags":[],"class_list":["post-6255","post","type-post","status-publish","format-standard","has-post-thumbnail","hentry","category-infoganadero"],"acf":[],"yoast_head":"<!-- This site is optimized with the Yoast SEO plugin v27.4 - https:\/\/yoast.com\/product\/yoast-seo-wordpress\/ -->\n<title>Fonterra dice cautela. | Proagro<\/title>\n<meta name=\"robots\" content=\"index, follow, max-snippet:-1, max-image-preview:large, max-video-preview:-1\" \/>\n<link rel=\"canonical\" href=\"https:\/\/proagrolab.com.ar\/en\/fonterra-dice-cautela-2\/\" \/>\n<meta property=\"og:locale\" content=\"en_US\" \/>\n<meta property=\"og:type\" content=\"article\" \/>\n<meta property=\"og:title\" content=\"Fonterra dice cautela. | Proagro\" \/>\n<meta property=\"og:description\" content=\"La cooperativa neocelandesa redujo su proyecci\u00f3n sobre el valor del kilo de s\u00f3lidos que recibir\u00e1n sus productores en el a\u00f1o comercial 2014\/2015. La cooperativa recort\u00f3 su previsi\u00f3n sobre el precio del kilogramo de s\u00f3lidos de NZ$ 7 a NZ$ 6 para 2014\/2015. Este ajuste lleva a una baja de 29% en los precios comparado con el r\u00e9cord alcanzado durante el a\u00f1o comercial 2013\/2014. En ese ciclo la remisi\u00f3n a Fonterra creci\u00f3 8,3% a 1.580 millones de kilogramos de s\u00f3lidos. El director ejecutivo de Fonterra, John Wilson, destac\u00f3 que la baja en el precio de la leche \u0093tendr\u00e1 un impacto en el flujo de fondos de nuestros productores\u0094. Inst\u00f3 a manejar con \u0093cautela\u0094 los presupuestos de los establecimientos en un escenario en que persistir\u00e1 la volatilidad en los mercados internacionales. En la plataforma electr\u00f3nica de Fonterra globaldairytrande.com, los precios llegaron a mediados de julio a su m\u00ednimo en 21 meses. La baja desde el 30 de junio lleg\u00f3 a 16%. V\u00eda Infortambo, 31 de julio.\" \/>\n<meta property=\"og:url\" content=\"https:\/\/proagrolab.com.ar\/fonterra-dice-cautela-2\/\" \/>\n<meta property=\"og:site_name\" content=\"Proagro\" \/>\n<meta property=\"article:publisher\" content=\"http:\/\/www.facebook.com\/proagrolab\" \/>\n<meta property=\"article:published_time\" content=\"2014-08-01T00:00:01+00:00\" \/>\n<meta property=\"article:modified_time\" content=\"2020-07-01T19:16:35+00:00\" \/>\n<meta property=\"og:image\" content=\"https:\/\/proagrolab.com.ar\/wp-content\/uploads\/2015\/01\/g_2eaxocnmt__Lecheras-6.jpg\" \/>\n\t<meta property=\"og:image:width\" content=\"522\" \/>\n\t<meta property=\"og:image:height\" content=\"311\" \/>\n\t<meta property=\"og:image:type\" content=\"image\/jpeg\" \/>\n<meta name=\"author\" content=\"proagrolab\" \/>\n<meta name=\"twitter:card\" content=\"summary_large_image\" \/>\n<meta name=\"twitter:label1\" content=\"Written by\" \/>\n\t<meta name=\"twitter:data1\" content=\"proagrolab\" \/>\n\t<meta name=\"twitter:label2\" content=\"Est. reading time\" \/>\n\t<meta name=\"twitter:data2\" content=\"1 minute\" \/>\n<script type=\"application\/ld+json\" class=\"yoast-schema-graph\">{\"@context\":\"https:\\\/\\\/schema.org\",\"@graph\":[{\"@type\":\"Article\",\"@id\":\"https:\\\/\\\/proagrolab.com.ar\\\/fonterra-dice-cautela-2\\\/#article\",\"isPartOf\":{\"@id\":\"https:\\\/\\\/proagrolab.com.ar\\\/fonterra-dice-cautela-2\\\/\"},\"author\":{\"name\":\"proagrolab\",\"@id\":\"https:\\\/\\\/proagrolab.com.ar\\\/#\\\/schema\\\/person\\\/38003ff90bf80381f71c7d922d207444\"},\"headline\":\"Fonterra dice cautela.\",\"datePublished\":\"2014-08-01T00:00:01+00:00\",\"dateModified\":\"2020-07-01T19:16:35+00:00\",\"mainEntityOfPage\":{\"@id\":\"https:\\\/\\\/proagrolab.com.ar\\\/fonterra-dice-cautela-2\\\/\"},\"wordCount\":169,\"publisher\":{\"@id\":\"https:\\\/\\\/proagrolab.com.ar\\\/#organization\"},\"image\":{\"@id\":\"https:\\\/\\\/proagrolab.com.ar\\\/fonterra-dice-cautela-2\\\/#primaryimage\"},\"thumbnailUrl\":\"https:\\\/\\\/proagrolab.com.ar\\\/wp-content\\\/uploads\\\/2015\\\/01\\\/g_2eaxocnmt__Lecheras-6.jpg\",\"articleSection\":[\"News\"],\"inLanguage\":\"en-US\"},{\"@type\":\"WebPage\",\"@id\":\"https:\\\/\\\/proagrolab.com.ar\\\/fonterra-dice-cautela-2\\\/\",\"url\":\"https:\\\/\\\/proagrolab.com.ar\\\/fonterra-dice-cautela-2\\\/\",\"name\":\"Fonterra dice cautela. | Proagro\",\"isPartOf\":{\"@id\":\"https:\\\/\\\/proagrolab.com.ar\\\/#website\"},\"primaryImageOfPage\":{\"@id\":\"https:\\\/\\\/proagrolab.com.ar\\\/fonterra-dice-cautela-2\\\/#primaryimage\"},\"image\":{\"@id\":\"https:\\\/\\\/proagrolab.com.ar\\\/fonterra-dice-cautela-2\\\/#primaryimage\"},\"thumbnailUrl\":\"https:\\\/\\\/proagrolab.com.ar\\\/wp-content\\\/uploads\\\/2015\\\/01\\\/g_2eaxocnmt__Lecheras-6.jpg\",\"datePublished\":\"2014-08-01T00:00:01+00:00\",\"dateModified\":\"2020-07-01T19:16:35+00:00\",\"breadcrumb\":{\"@id\":\"https:\\\/\\\/proagrolab.com.ar\\\/fonterra-dice-cautela-2\\\/#breadcrumb\"},\"inLanguage\":\"en-US\",\"potentialAction\":[{\"@type\":\"ReadAction\",\"target\":[\"https:\\\/\\\/proagrolab.com.ar\\\/fonterra-dice-cautela-2\\\/\"]}]},{\"@type\":\"ImageObject\",\"inLanguage\":\"en-US\",\"@id\":\"https:\\\/\\\/proagrolab.com.ar\\\/fonterra-dice-cautela-2\\\/#primaryimage\",\"url\":\"https:\\\/\\\/proagrolab.com.ar\\\/wp-content\\\/uploads\\\/2015\\\/01\\\/g_2eaxocnmt__Lecheras-6.jpg\",\"contentUrl\":\"https:\\\/\\\/proagrolab.com.ar\\\/wp-content\\\/uploads\\\/2015\\\/01\\\/g_2eaxocnmt__Lecheras-6.jpg\",\"width\":522,\"height\":311},{\"@type\":\"BreadcrumbList\",\"@id\":\"https:\\\/\\\/proagrolab.com.ar\\\/fonterra-dice-cautela-2\\\/#breadcrumb\",\"itemListElement\":[{\"@type\":\"ListItem\",\"position\":1,\"name\":\"Portada\",\"item\":\"https:\\\/\\\/proagrolab.com.ar\\\/\"},{\"@type\":\"ListItem\",\"position\":2,\"name\":\"Fonterra dice cautela.\"}]},{\"@type\":\"WebSite\",\"@id\":\"https:\\\/\\\/proagrolab.com.ar\\\/#website\",\"url\":\"https:\\\/\\\/proagrolab.com.ar\\\/\",\"name\":\"Proagro Laboratorio Veterinario\",\"description\":\"Veterinary laboratory\",\"publisher\":{\"@id\":\"https:\\\/\\\/proagrolab.com.ar\\\/#organization\"},\"potentialAction\":[{\"@type\":\"SearchAction\",\"target\":{\"@type\":\"EntryPoint\",\"urlTemplate\":\"https:\\\/\\\/proagrolab.com.ar\\\/?s={search_term_string}\"},\"query-input\":{\"@type\":\"PropertyValueSpecification\",\"valueRequired\":true,\"valueName\":\"search_term_string\"}}],\"inLanguage\":\"en-US\"},{\"@type\":\"Organization\",\"@id\":\"https:\\\/\\\/proagrolab.com.ar\\\/#organization\",\"name\":\"Proagro\",\"url\":\"https:\\\/\\\/proagrolab.com.ar\\\/\",\"logo\":{\"@type\":\"ImageObject\",\"inLanguage\":\"en-US\",\"@id\":\"https:\\\/\\\/proagrolab.com.ar\\\/#\\\/schema\\\/logo\\\/image\\\/\",\"url\":\"https:\\\/\\\/proagrolab.com.ar\\\/wp-content\\\/uploads\\\/2020\\\/04\\\/logo-retina.png\",\"contentUrl\":\"https:\\\/\\\/proagrolab.com.ar\\\/wp-content\\\/uploads\\\/2020\\\/04\\\/logo-retina.png\",\"width\":478,\"height\":120,\"caption\":\"Proagro\"},\"image\":{\"@id\":\"https:\\\/\\\/proagrolab.com.ar\\\/#\\\/schema\\\/logo\\\/image\\\/\"},\"sameAs\":[\"http:\\\/\\\/www.facebook.com\\\/proagrolab\",\"https:\\\/\\\/www.instagram.com\\\/proagrolab\\\/\",\"https:\\\/\\\/www.linkedin.com\\\/company\\\/laboratorio-proagro-s-a\\\/\"]},{\"@type\":\"Person\",\"@id\":\"https:\\\/\\\/proagrolab.com.ar\\\/#\\\/schema\\\/person\\\/38003ff90bf80381f71c7d922d207444\",\"name\":\"proagrolab\"}]}<\/script>\n<!-- \/ Yoast SEO plugin. -->","yoast_head_json":{"title":"Fonterra dice cautela. | Proagro","robots":{"index":"index","follow":"follow","max-snippet":"max-snippet:-1","max-image-preview":"max-image-preview:large","max-video-preview":"max-video-preview:-1"},"canonical":"https:\/\/proagrolab.com.ar\/en\/fonterra-dice-cautela-2\/","og_locale":"en_US","og_type":"article","og_title":"Fonterra dice cautela. | Proagro","og_description":"La cooperativa neocelandesa redujo su proyecci\u00f3n sobre el valor del kilo de s\u00f3lidos que recibir\u00e1n sus productores en el a\u00f1o comercial 2014\/2015. La cooperativa recort\u00f3 su previsi\u00f3n sobre el precio del kilogramo de s\u00f3lidos de NZ$ 7 a NZ$ 6 para 2014\/2015. Este ajuste lleva a una baja de 29% en los precios comparado con el r\u00e9cord alcanzado durante el a\u00f1o comercial 2013\/2014. En ese ciclo la remisi\u00f3n a Fonterra creci\u00f3 8,3% a 1.580 millones de kilogramos de s\u00f3lidos. El director ejecutivo de Fonterra, John Wilson, destac\u00f3 que la baja en el precio de la leche \u0093tendr\u00e1 un impacto en el flujo de fondos de nuestros productores\u0094. Inst\u00f3 a manejar con \u0093cautela\u0094 los presupuestos de los establecimientos en un escenario en que persistir\u00e1 la volatilidad en los mercados internacionales. En la plataforma electr\u00f3nica de Fonterra globaldairytrande.com, los precios llegaron a mediados de julio a su m\u00ednimo en 21 meses. La baja desde el 30 de junio lleg\u00f3 a 16%. V\u00eda Infortambo, 31 de julio.","og_url":"https:\/\/proagrolab.com.ar\/fonterra-dice-cautela-2\/","og_site_name":"Proagro","article_publisher":"http:\/\/www.facebook.com\/proagrolab","article_published_time":"2014-08-01T00:00:01+00:00","article_modified_time":"2020-07-01T19:16:35+00:00","og_image":[{"width":522,"height":311,"url":"https:\/\/proagrolab.com.ar\/wp-content\/uploads\/2015\/01\/g_2eaxocnmt__Lecheras-6.jpg","type":"image\/jpeg"}],"author":"proagrolab","twitter_card":"summary_large_image","twitter_misc":{"Written by":"proagrolab","Est. reading time":"1 minute"},"schema":{"@context":"https:\/\/schema.org","@graph":[{"@type":"Article","@id":"https:\/\/proagrolab.com.ar\/fonterra-dice-cautela-2\/#article","isPartOf":{"@id":"https:\/\/proagrolab.com.ar\/fonterra-dice-cautela-2\/"},"author":{"name":"proagrolab","@id":"https:\/\/proagrolab.com.ar\/#\/schema\/person\/38003ff90bf80381f71c7d922d207444"},"headline":"Fonterra dice cautela.","datePublished":"2014-08-01T00:00:01+00:00","dateModified":"2020-07-01T19:16:35+00:00","mainEntityOfPage":{"@id":"https:\/\/proagrolab.com.ar\/fonterra-dice-cautela-2\/"},"wordCount":169,"publisher":{"@id":"https:\/\/proagrolab.com.ar\/#organization"},"image":{"@id":"https:\/\/proagrolab.com.ar\/fonterra-dice-cautela-2\/#primaryimage"},"thumbnailUrl":"https:\/\/proagrolab.com.ar\/wp-content\/uploads\/2015\/01\/g_2eaxocnmt__Lecheras-6.jpg","articleSection":["News"],"inLanguage":"en-US"},{"@type":"WebPage","@id":"https:\/\/proagrolab.com.ar\/fonterra-dice-cautela-2\/","url":"https:\/\/proagrolab.com.ar\/fonterra-dice-cautela-2\/","name":"Fonterra dice cautela. | Proagro","isPartOf":{"@id":"https:\/\/proagrolab.com.ar\/#website"},"primaryImageOfPage":{"@id":"https:\/\/proagrolab.com.ar\/fonterra-dice-cautela-2\/#primaryimage"},"image":{"@id":"https:\/\/proagrolab.com.ar\/fonterra-dice-cautela-2\/#primaryimage"},"thumbnailUrl":"https:\/\/proagrolab.com.ar\/wp-content\/uploads\/2015\/01\/g_2eaxocnmt__Lecheras-6.jpg","datePublished":"2014-08-01T00:00:01+00:00","dateModified":"2020-07-01T19:16:35+00:00","breadcrumb":{"@id":"https:\/\/proagrolab.com.ar\/fonterra-dice-cautela-2\/#breadcrumb"},"inLanguage":"en-US","potentialAction":[{"@type":"ReadAction","target":["https:\/\/proagrolab.com.ar\/fonterra-dice-cautela-2\/"]}]},{"@type":"ImageObject","inLanguage":"en-US","@id":"https:\/\/proagrolab.com.ar\/fonterra-dice-cautela-2\/#primaryimage","url":"https:\/\/proagrolab.com.ar\/wp-content\/uploads\/2015\/01\/g_2eaxocnmt__Lecheras-6.jpg","contentUrl":"https:\/\/proagrolab.com.ar\/wp-content\/uploads\/2015\/01\/g_2eaxocnmt__Lecheras-6.jpg","width":522,"height":311},{"@type":"BreadcrumbList","@id":"https:\/\/proagrolab.com.ar\/fonterra-dice-cautela-2\/#breadcrumb","itemListElement":[{"@type":"ListItem","position":1,"name":"Portada","item":"https:\/\/proagrolab.com.ar\/"},{"@type":"ListItem","position":2,"name":"Fonterra dice cautela."}]},{"@type":"WebSite","@id":"https:\/\/proagrolab.com.ar\/#website","url":"https:\/\/proagrolab.com.ar\/","name":"Proagro Laboratorio Veterinario","description":"Veterinary laboratory","publisher":{"@id":"https:\/\/proagrolab.com.ar\/#organization"},"potentialAction":[{"@type":"SearchAction","target":{"@type":"EntryPoint","urlTemplate":"https:\/\/proagrolab.com.ar\/?s={search_term_string}"},"query-input":{"@type":"PropertyValueSpecification","valueRequired":true,"valueName":"search_term_string"}}],"inLanguage":"en-US"},{"@type":"Organization","@id":"https:\/\/proagrolab.com.ar\/#organization","name":"Proagro","url":"https:\/\/proagrolab.com.ar\/","logo":{"@type":"ImageObject","inLanguage":"en-US","@id":"https:\/\/proagrolab.com.ar\/#\/schema\/logo\/image\/","url":"https:\/\/proagrolab.com.ar\/wp-content\/uploads\/2020\/04\/logo-retina.png","contentUrl":"https:\/\/proagrolab.com.ar\/wp-content\/uploads\/2020\/04\/logo-retina.png","width":478,"height":120,"caption":"Proagro"},"image":{"@id":"https:\/\/proagrolab.com.ar\/#\/schema\/logo\/image\/"},"sameAs":["http:\/\/www.facebook.com\/proagrolab","https:\/\/www.instagram.com\/proagrolab\/","https:\/\/www.linkedin.com\/company\/laboratorio-proagro-s-a\/"]},{"@type":"Person","@id":"https:\/\/proagrolab.com.ar\/#\/schema\/person\/38003ff90bf80381f71c7d922d207444","name":"proagrolab"}]}},"_links":{"self":[{"href":"https:\/\/proagrolab.com.ar\/en\/wp-json\/wp\/v2\/posts\/6255","targetHints":{"allow":["GET"]}}],"collection":[{"href":"https:\/\/proagrolab.com.ar\/en\/wp-json\/wp\/v2\/posts"}],"about":[{"href":"https:\/\/proagrolab.com.ar\/en\/wp-json\/wp\/v2\/types\/post"}],"author":[{"embeddable":true,"href":"https:\/\/proagrolab.com.ar\/en\/wp-json\/wp\/v2\/users\/2"}],"replies":[{"embeddable":true,"href":"https:\/\/proagrolab.com.ar\/en\/wp-json\/wp\/v2\/comments?post=6255"}],"version-history":[{"count":1,"href":"https:\/\/proagrolab.com.ar\/en\/wp-json\/wp\/v2\/posts\/6255\/revisions"}],"predecessor-version":[{"id":14371,"href":"https:\/\/proagrolab.com.ar\/en\/wp-json\/wp\/v2\/posts\/6255\/revisions\/14371"}],"wp:featuredmedia":[{"embeddable":true,"href":"https:\/\/proagrolab.com.ar\/en\/wp-json\/wp\/v2\/media\/2742"}],"wp:attachment":[{"href":"https:\/\/proagrolab.com.ar\/en\/wp-json\/wp\/v2\/media?parent=6255"}],"wp:term":[{"taxonomy":"category","embeddable":true,"href":"https:\/\/proagrolab.com.ar\/en\/wp-json\/wp\/v2\/categories?post=6255"},{"taxonomy":"post_tag","embeddable":true,"href":"https:\/\/proagrolab.com.ar\/en\/wp-json\/wp\/v2\/tags?post=6255"}],"curies":[{"name":"wp","href":"https:\/\/api.w.org\/{rel}","templated":true}]}}