{"id":6252,"date":"2014-08-01T00:00:01","date_gmt":"2014-08-01T00:00:01","guid":{"rendered":"https:\/\/proagrolab.com.ar\/salas-de-faena-movil-una-solucion-innovadora\/"},"modified":"2020-07-01T19:16:49","modified_gmt":"2020-07-01T19:16:49","slug":"salas-de-faena-movil-una-solucion-innovadora","status":"publish","type":"post","link":"https:\/\/proagrolab.com.ar\/en\/salas-de-faena-movil-una-solucion-innovadora\/","title":{"rendered":"Salas de faena m\u00f3vil: una soluci\u00f3n innovadora."},"content":{"rendered":"<p class=\"qtranxs-available-languages-message qtranxs-available-languages-message-en\"> <\/p><p>Impulsado por el Senasa, el proyecto colabora con aquellos productores peque\u00f1os con dificultades para acceder a los frigor\u00edficos tradicionales, mejorando su desarrollo productivo y las condiciones sanitarias para la faena de sus animales.<\/p>\n<p>Tradicionalmente, la faena de los animales realizada por peque\u00f1os productores, implica un acontecimiento familiar muy significativo. Se compart\u00eda el proceso en la elaboraci\u00f3n de los alimentos que comenzaba desde la cr\u00eda del animal, su faena, hasta su cocci\u00f3n directa o la producci\u00f3n de embutidos. &#8211;<\/p>\n<p>A pesar del crecimiento y la industrializaci\u00f3n de la cadena agroalimentaria, la peque\u00f1a producci\u00f3n local contin\u00faa siendo un sector importante en la Argentina.<\/p>\n<p>Uno de los problemas sanitarios y comerciales principales que afrontan los peque\u00f1os productores de las denominadas especies menores como cabritos, corderos o lechones en nuestro pa\u00eds es la imposibilidad de contar con mataderos cercanos debidamente habilitados que les permitan faenar su producci\u00f3n en condiciones sanitarias adecuadas.<\/p>\n<p>A ello se agrega que la diversificaci\u00f3n geogr\u00e1fica de este tipo de productores y el escaso volumen por explotaci\u00f3n, dificultan el env\u00edo de sus animales a un matadero habilitado o incluso la instalaci\u00f3n de mataderos o frigor\u00edficos que permitan resolver la situaci\u00f3n.<\/p>\n<p>En el marco del apoyo que brinda el Estado Nacional al desarrollo de los productores peque\u00f1os y a la producci\u00f3n de agroalimentos inocuos para la poblaci\u00f3n, desde el Ministerio de Agricultura, Ganader\u00eda y Pesca de la Naci\u00f3n se consider\u00f3 la problem\u00e1tica indicada impulsando mataderos m\u00f3viles a punto fijo para abastecimiento local, que preste sus servicios de faena en distintas zonas.<\/p>\n<p>Entre diciembre de 2013 y mayo de 2014 la Sala de faena m\u00f3vil instalada en Villaguay, Entre R\u00edos, faen\u00f3 m\u00e1s de 1400 animales entre porcinos, ovinos y lechones. Por su parte, las gobernaciones de Chaco, Formosa, Catamarca y La Rioja ya solicitaron la provisi\u00f3n de una sala de este tipo a trav\u00e9s de convenios firmados en el marco del Programa de Desarrollo de Econom\u00edas Regionales.<\/p>\n<p>La iniciativa, surgida en la Secretar\u00eda de Desarrollo Rural, con el asesoramiento del Servicio Nacional de Sanidad y Calidad Agroalimentaria (Senasa), encuentra antecedentes similares en pa\u00edses como Suecia, Noruega, Estados Unidos e Italia.<\/p>\n<p>&#8220;La creaci\u00f3n de esta nueva categor\u00eda de frigor\u00edficos asegura mejores condiciones higi\u00e9nico-sanitarias, responde a las demandas de algunas regiones que, por lejan\u00eda a los centros de distribuci\u00f3n, no ten\u00edan acceso a la prote\u00edna animal en forma fluida y a un costo accesible y est\u00e1 acorde con los lineamientos estrat\u00e9gicos que nos ha dado el ministro Carlos Casamiquela&#8221;, explica Luis Carn\u00e9, vicepresidente del Senasa.<\/p>\n<p>Este sistema, adem\u00e1s, es un est\u00edmulo para el desarrollo de las capacidades a nivel municipal, la asociaci\u00f3n y organizaci\u00f3n de los peque\u00f1os productores y a la vez, disminuye el estr\u00e9s del animal, al evitar su traslado a grandes distancias, lo que repercute en la obtenci\u00f3n de un producto de mejor calidad.<\/p>\n<p>El m\u00f3dulo cuenta con una c\u00e1mara de fr\u00edo para que los productores puedan acopiar e identificar cada ejemplar con su sello caracter\u00edstico para poder despu\u00e9s comercializarlos de manera conjunta o individualmente con la garant\u00eda de contar con productos aptos para la venta y consumo.<\/p>\n<p>V\u00eda Agrositio, 31 de julio.<br \/><\/p>","protected":false},"excerpt":{"rendered":"<p>Impulsado por el Senasa, el proyecto colabora con aquellos productores peque\u00f1os con dificultades para acceder a los frigor\u00edficos tradicionales, mejorando su desarrollo productivo y las condiciones sanitarias para la faena de sus animales. Tradicionalmente, la faena de los animales realizada por peque\u00f1os productores, implica un acontecimiento familiar muy significativo. Se compart\u00eda el proceso en la elaboraci\u00f3n de los alimentos que comenzaba desde la cr\u00eda del animal, su faena, hasta su cocci\u00f3n directa o la producci\u00f3n de embutidos. &#8211; A pesar del crecimiento y la industrializaci\u00f3n de la cadena agroalimentaria, la peque\u00f1a producci\u00f3n local contin\u00faa siendo un sector importante en la Argentina. Uno de los problemas sanitarios y comerciales principales que afrontan los peque\u00f1os productores de las denominadas especies menores como cabritos, corderos o lechones en nuestro pa\u00eds es la imposibilidad de contar con mataderos cercanos debidamente habilitados que les permitan faenar su producci\u00f3n en condiciones sanitarias adecuadas. A ello se agrega que la diversificaci\u00f3n geogr\u00e1fica de este tipo de productores y el escaso volumen por explotaci\u00f3n, dificultan el env\u00edo de sus animales a un matadero habilitado o incluso la instalaci\u00f3n de mataderos o frigor\u00edficos que permitan resolver la situaci\u00f3n. En el marco del apoyo que brinda el Estado Nacional al [&hellip;]<\/p>\n","protected":false},"author":2,"featured_media":2739,"comment_status":"closed","ping_status":"open","sticky":false,"template":"","format":"standard","meta":{"_acf_changed":false,"footnotes":""},"categories":[56],"tags":[],"class_list":["post-6252","post","type-post","status-publish","format-standard","has-post-thumbnail","hentry","category-infoganadero"],"acf":[],"yoast_head":"<!-- This site is optimized with the Yoast SEO plugin v27.4 - https:\/\/yoast.com\/product\/yoast-seo-wordpress\/ -->\n<title>Salas de faena m\u00f3vil: una soluci\u00f3n innovadora. | Proagro<\/title>\n<meta name=\"robots\" content=\"index, follow, max-snippet:-1, max-image-preview:large, max-video-preview:-1\" \/>\n<link rel=\"canonical\" href=\"https:\/\/proagrolab.com.ar\/en\/salas-de-faena-movil-una-solucion-innovadora\/\" \/>\n<meta property=\"og:locale\" content=\"en_US\" \/>\n<meta property=\"og:type\" content=\"article\" \/>\n<meta property=\"og:title\" content=\"Salas de faena m\u00f3vil: una soluci\u00f3n innovadora. | Proagro\" \/>\n<meta property=\"og:description\" content=\"Impulsado por el Senasa, el proyecto colabora con aquellos productores peque\u00f1os con dificultades para acceder a los frigor\u00edficos tradicionales, mejorando su desarrollo productivo y las condiciones sanitarias para la faena de sus animales. Tradicionalmente, la faena de los animales realizada por peque\u00f1os productores, implica un acontecimiento familiar muy significativo. Se compart\u00eda el proceso en la elaboraci\u00f3n de los alimentos que comenzaba desde la cr\u00eda del animal, su faena, hasta su cocci\u00f3n directa o la producci\u00f3n de embutidos. &#8211; A pesar del crecimiento y la industrializaci\u00f3n de la cadena agroalimentaria, la peque\u00f1a producci\u00f3n local contin\u00faa siendo un sector importante en la Argentina. Uno de los problemas sanitarios y comerciales principales que afrontan los peque\u00f1os productores de las denominadas especies menores como cabritos, corderos o lechones en nuestro pa\u00eds es la imposibilidad de contar con mataderos cercanos debidamente habilitados que les permitan faenar su producci\u00f3n en condiciones sanitarias adecuadas. A ello se agrega que la diversificaci\u00f3n geogr\u00e1fica de este tipo de productores y el escaso volumen por explotaci\u00f3n, dificultan el env\u00edo de sus animales a un matadero habilitado o incluso la instalaci\u00f3n de mataderos o frigor\u00edficos que permitan resolver la situaci\u00f3n. En el marco del apoyo que brinda el Estado Nacional al [&hellip;]\" \/>\n<meta property=\"og:url\" content=\"https:\/\/proagrolab.com.ar\/salas-de-faena-movil-una-solucion-innovadora\/\" \/>\n<meta property=\"og:site_name\" content=\"Proagro\" \/>\n<meta property=\"article:publisher\" content=\"http:\/\/www.facebook.com\/proagrolab\" \/>\n<meta property=\"article:published_time\" content=\"2014-08-01T00:00:01+00:00\" \/>\n<meta property=\"article:modified_time\" content=\"2020-07-01T19:16:49+00:00\" \/>\n<meta property=\"og:image\" content=\"https:\/\/proagrolab.com.ar\/wp-content\/uploads\/2015\/01\/g_k7zfyuvx6__Porcinos-4.jpg\" \/>\n\t<meta property=\"og:image:width\" content=\"450\" \/>\n\t<meta property=\"og:image:height\" content=\"208\" \/>\n\t<meta property=\"og:image:type\" content=\"image\/jpeg\" \/>\n<meta name=\"author\" content=\"proagrolab\" \/>\n<meta name=\"twitter:card\" content=\"summary_large_image\" \/>\n<meta name=\"twitter:label1\" content=\"Written by\" \/>\n\t<meta name=\"twitter:data1\" content=\"proagrolab\" \/>\n\t<meta name=\"twitter:label2\" content=\"Est. reading time\" \/>\n\t<meta name=\"twitter:data2\" content=\"3 minutes\" \/>\n<script type=\"application\/ld+json\" class=\"yoast-schema-graph\">{\"@context\":\"https:\\\/\\\/schema.org\",\"@graph\":[{\"@type\":\"Article\",\"@id\":\"https:\\\/\\\/proagrolab.com.ar\\\/salas-de-faena-movil-una-solucion-innovadora\\\/#article\",\"isPartOf\":{\"@id\":\"https:\\\/\\\/proagrolab.com.ar\\\/salas-de-faena-movil-una-solucion-innovadora\\\/\"},\"author\":{\"name\":\"proagrolab\",\"@id\":\"https:\\\/\\\/proagrolab.com.ar\\\/#\\\/schema\\\/person\\\/38003ff90bf80381f71c7d922d207444\"},\"headline\":\"Salas de faena m\u00f3vil: una soluci\u00f3n innovadora.\",\"datePublished\":\"2014-08-01T00:00:01+00:00\",\"dateModified\":\"2020-07-01T19:16:49+00:00\",\"mainEntityOfPage\":{\"@id\":\"https:\\\/\\\/proagrolab.com.ar\\\/salas-de-faena-movil-una-solucion-innovadora\\\/\"},\"wordCount\":575,\"publisher\":{\"@id\":\"https:\\\/\\\/proagrolab.com.ar\\\/#organization\"},\"image\":{\"@id\":\"https:\\\/\\\/proagrolab.com.ar\\\/salas-de-faena-movil-una-solucion-innovadora\\\/#primaryimage\"},\"thumbnailUrl\":\"https:\\\/\\\/proagrolab.com.ar\\\/wp-content\\\/uploads\\\/2015\\\/01\\\/g_k7zfyuvx6__Porcinos-4.jpg\",\"articleSection\":[\"News\"],\"inLanguage\":\"en-US\"},{\"@type\":\"WebPage\",\"@id\":\"https:\\\/\\\/proagrolab.com.ar\\\/salas-de-faena-movil-una-solucion-innovadora\\\/\",\"url\":\"https:\\\/\\\/proagrolab.com.ar\\\/salas-de-faena-movil-una-solucion-innovadora\\\/\",\"name\":\"Salas de faena m\u00f3vil: una soluci\u00f3n innovadora. | Proagro\",\"isPartOf\":{\"@id\":\"https:\\\/\\\/proagrolab.com.ar\\\/#website\"},\"primaryImageOfPage\":{\"@id\":\"https:\\\/\\\/proagrolab.com.ar\\\/salas-de-faena-movil-una-solucion-innovadora\\\/#primaryimage\"},\"image\":{\"@id\":\"https:\\\/\\\/proagrolab.com.ar\\\/salas-de-faena-movil-una-solucion-innovadora\\\/#primaryimage\"},\"thumbnailUrl\":\"https:\\\/\\\/proagrolab.com.ar\\\/wp-content\\\/uploads\\\/2015\\\/01\\\/g_k7zfyuvx6__Porcinos-4.jpg\",\"datePublished\":\"2014-08-01T00:00:01+00:00\",\"dateModified\":\"2020-07-01T19:16:49+00:00\",\"breadcrumb\":{\"@id\":\"https:\\\/\\\/proagrolab.com.ar\\\/salas-de-faena-movil-una-solucion-innovadora\\\/#breadcrumb\"},\"inLanguage\":\"en-US\",\"potentialAction\":[{\"@type\":\"ReadAction\",\"target\":[\"https:\\\/\\\/proagrolab.com.ar\\\/salas-de-faena-movil-una-solucion-innovadora\\\/\"]}]},{\"@type\":\"ImageObject\",\"inLanguage\":\"en-US\",\"@id\":\"https:\\\/\\\/proagrolab.com.ar\\\/salas-de-faena-movil-una-solucion-innovadora\\\/#primaryimage\",\"url\":\"https:\\\/\\\/proagrolab.com.ar\\\/wp-content\\\/uploads\\\/2015\\\/01\\\/g_k7zfyuvx6__Porcinos-4.jpg\",\"contentUrl\":\"https:\\\/\\\/proagrolab.com.ar\\\/wp-content\\\/uploads\\\/2015\\\/01\\\/g_k7zfyuvx6__Porcinos-4.jpg\",\"width\":450,\"height\":208},{\"@type\":\"BreadcrumbList\",\"@id\":\"https:\\\/\\\/proagrolab.com.ar\\\/salas-de-faena-movil-una-solucion-innovadora\\\/#breadcrumb\",\"itemListElement\":[{\"@type\":\"ListItem\",\"position\":1,\"name\":\"Portada\",\"item\":\"https:\\\/\\\/proagrolab.com.ar\\\/\"},{\"@type\":\"ListItem\",\"position\":2,\"name\":\"Salas de faena m\u00f3vil: una soluci\u00f3n innovadora.\"}]},{\"@type\":\"WebSite\",\"@id\":\"https:\\\/\\\/proagrolab.com.ar\\\/#website\",\"url\":\"https:\\\/\\\/proagrolab.com.ar\\\/\",\"name\":\"Proagro Laboratorio Veterinario\",\"description\":\"Veterinary laboratory\",\"publisher\":{\"@id\":\"https:\\\/\\\/proagrolab.com.ar\\\/#organization\"},\"potentialAction\":[{\"@type\":\"SearchAction\",\"target\":{\"@type\":\"EntryPoint\",\"urlTemplate\":\"https:\\\/\\\/proagrolab.com.ar\\\/?s={search_term_string}\"},\"query-input\":{\"@type\":\"PropertyValueSpecification\",\"valueRequired\":true,\"valueName\":\"search_term_string\"}}],\"inLanguage\":\"en-US\"},{\"@type\":\"Organization\",\"@id\":\"https:\\\/\\\/proagrolab.com.ar\\\/#organization\",\"name\":\"Proagro\",\"url\":\"https:\\\/\\\/proagrolab.com.ar\\\/\",\"logo\":{\"@type\":\"ImageObject\",\"inLanguage\":\"en-US\",\"@id\":\"https:\\\/\\\/proagrolab.com.ar\\\/#\\\/schema\\\/logo\\\/image\\\/\",\"url\":\"https:\\\/\\\/proagrolab.com.ar\\\/wp-content\\\/uploads\\\/2020\\\/04\\\/logo-retina.png\",\"contentUrl\":\"https:\\\/\\\/proagrolab.com.ar\\\/wp-content\\\/uploads\\\/2020\\\/04\\\/logo-retina.png\",\"width\":478,\"height\":120,\"caption\":\"Proagro\"},\"image\":{\"@id\":\"https:\\\/\\\/proagrolab.com.ar\\\/#\\\/schema\\\/logo\\\/image\\\/\"},\"sameAs\":[\"http:\\\/\\\/www.facebook.com\\\/proagrolab\",\"https:\\\/\\\/www.instagram.com\\\/proagrolab\\\/\",\"https:\\\/\\\/www.linkedin.com\\\/company\\\/laboratorio-proagro-s-a\\\/\"]},{\"@type\":\"Person\",\"@id\":\"https:\\\/\\\/proagrolab.com.ar\\\/#\\\/schema\\\/person\\\/38003ff90bf80381f71c7d922d207444\",\"name\":\"proagrolab\"}]}<\/script>\n<!-- \/ Yoast SEO plugin. -->","yoast_head_json":{"title":"Salas de faena m\u00f3vil: una soluci\u00f3n innovadora. | Proagro","robots":{"index":"index","follow":"follow","max-snippet":"max-snippet:-1","max-image-preview":"max-image-preview:large","max-video-preview":"max-video-preview:-1"},"canonical":"https:\/\/proagrolab.com.ar\/en\/salas-de-faena-movil-una-solucion-innovadora\/","og_locale":"en_US","og_type":"article","og_title":"Salas de faena m\u00f3vil: una soluci\u00f3n innovadora. | Proagro","og_description":"Impulsado por el Senasa, el proyecto colabora con aquellos productores peque\u00f1os con dificultades para acceder a los frigor\u00edficos tradicionales, mejorando su desarrollo productivo y las condiciones sanitarias para la faena de sus animales. Tradicionalmente, la faena de los animales realizada por peque\u00f1os productores, implica un acontecimiento familiar muy significativo. Se compart\u00eda el proceso en la elaboraci\u00f3n de los alimentos que comenzaba desde la cr\u00eda del animal, su faena, hasta su cocci\u00f3n directa o la producci\u00f3n de embutidos. &#8211; A pesar del crecimiento y la industrializaci\u00f3n de la cadena agroalimentaria, la peque\u00f1a producci\u00f3n local contin\u00faa siendo un sector importante en la Argentina. Uno de los problemas sanitarios y comerciales principales que afrontan los peque\u00f1os productores de las denominadas especies menores como cabritos, corderos o lechones en nuestro pa\u00eds es la imposibilidad de contar con mataderos cercanos debidamente habilitados que les permitan faenar su producci\u00f3n en condiciones sanitarias adecuadas. A ello se agrega que la diversificaci\u00f3n geogr\u00e1fica de este tipo de productores y el escaso volumen por explotaci\u00f3n, dificultan el env\u00edo de sus animales a un matadero habilitado o incluso la instalaci\u00f3n de mataderos o frigor\u00edficos que permitan resolver la situaci\u00f3n. En el marco del apoyo que brinda el Estado Nacional al [&hellip;]","og_url":"https:\/\/proagrolab.com.ar\/salas-de-faena-movil-una-solucion-innovadora\/","og_site_name":"Proagro","article_publisher":"http:\/\/www.facebook.com\/proagrolab","article_published_time":"2014-08-01T00:00:01+00:00","article_modified_time":"2020-07-01T19:16:49+00:00","og_image":[{"width":450,"height":208,"url":"https:\/\/proagrolab.com.ar\/wp-content\/uploads\/2015\/01\/g_k7zfyuvx6__Porcinos-4.jpg","type":"image\/jpeg"}],"author":"proagrolab","twitter_card":"summary_large_image","twitter_misc":{"Written by":"proagrolab","Est. reading time":"3 minutes"},"schema":{"@context":"https:\/\/schema.org","@graph":[{"@type":"Article","@id":"https:\/\/proagrolab.com.ar\/salas-de-faena-movil-una-solucion-innovadora\/#article","isPartOf":{"@id":"https:\/\/proagrolab.com.ar\/salas-de-faena-movil-una-solucion-innovadora\/"},"author":{"name":"proagrolab","@id":"https:\/\/proagrolab.com.ar\/#\/schema\/person\/38003ff90bf80381f71c7d922d207444"},"headline":"Salas de faena m\u00f3vil: una soluci\u00f3n innovadora.","datePublished":"2014-08-01T00:00:01+00:00","dateModified":"2020-07-01T19:16:49+00:00","mainEntityOfPage":{"@id":"https:\/\/proagrolab.com.ar\/salas-de-faena-movil-una-solucion-innovadora\/"},"wordCount":575,"publisher":{"@id":"https:\/\/proagrolab.com.ar\/#organization"},"image":{"@id":"https:\/\/proagrolab.com.ar\/salas-de-faena-movil-una-solucion-innovadora\/#primaryimage"},"thumbnailUrl":"https:\/\/proagrolab.com.ar\/wp-content\/uploads\/2015\/01\/g_k7zfyuvx6__Porcinos-4.jpg","articleSection":["News"],"inLanguage":"en-US"},{"@type":"WebPage","@id":"https:\/\/proagrolab.com.ar\/salas-de-faena-movil-una-solucion-innovadora\/","url":"https:\/\/proagrolab.com.ar\/salas-de-faena-movil-una-solucion-innovadora\/","name":"Salas de faena m\u00f3vil: una soluci\u00f3n innovadora. | Proagro","isPartOf":{"@id":"https:\/\/proagrolab.com.ar\/#website"},"primaryImageOfPage":{"@id":"https:\/\/proagrolab.com.ar\/salas-de-faena-movil-una-solucion-innovadora\/#primaryimage"},"image":{"@id":"https:\/\/proagrolab.com.ar\/salas-de-faena-movil-una-solucion-innovadora\/#primaryimage"},"thumbnailUrl":"https:\/\/proagrolab.com.ar\/wp-content\/uploads\/2015\/01\/g_k7zfyuvx6__Porcinos-4.jpg","datePublished":"2014-08-01T00:00:01+00:00","dateModified":"2020-07-01T19:16:49+00:00","breadcrumb":{"@id":"https:\/\/proagrolab.com.ar\/salas-de-faena-movil-una-solucion-innovadora\/#breadcrumb"},"inLanguage":"en-US","potentialAction":[{"@type":"ReadAction","target":["https:\/\/proagrolab.com.ar\/salas-de-faena-movil-una-solucion-innovadora\/"]}]},{"@type":"ImageObject","inLanguage":"en-US","@id":"https:\/\/proagrolab.com.ar\/salas-de-faena-movil-una-solucion-innovadora\/#primaryimage","url":"https:\/\/proagrolab.com.ar\/wp-content\/uploads\/2015\/01\/g_k7zfyuvx6__Porcinos-4.jpg","contentUrl":"https:\/\/proagrolab.com.ar\/wp-content\/uploads\/2015\/01\/g_k7zfyuvx6__Porcinos-4.jpg","width":450,"height":208},{"@type":"BreadcrumbList","@id":"https:\/\/proagrolab.com.ar\/salas-de-faena-movil-una-solucion-innovadora\/#breadcrumb","itemListElement":[{"@type":"ListItem","position":1,"name":"Portada","item":"https:\/\/proagrolab.com.ar\/"},{"@type":"ListItem","position":2,"name":"Salas de faena m\u00f3vil: una soluci\u00f3n innovadora."}]},{"@type":"WebSite","@id":"https:\/\/proagrolab.com.ar\/#website","url":"https:\/\/proagrolab.com.ar\/","name":"Proagro Laboratorio Veterinario","description":"Veterinary laboratory","publisher":{"@id":"https:\/\/proagrolab.com.ar\/#organization"},"potentialAction":[{"@type":"SearchAction","target":{"@type":"EntryPoint","urlTemplate":"https:\/\/proagrolab.com.ar\/?s={search_term_string}"},"query-input":{"@type":"PropertyValueSpecification","valueRequired":true,"valueName":"search_term_string"}}],"inLanguage":"en-US"},{"@type":"Organization","@id":"https:\/\/proagrolab.com.ar\/#organization","name":"Proagro","url":"https:\/\/proagrolab.com.ar\/","logo":{"@type":"ImageObject","inLanguage":"en-US","@id":"https:\/\/proagrolab.com.ar\/#\/schema\/logo\/image\/","url":"https:\/\/proagrolab.com.ar\/wp-content\/uploads\/2020\/04\/logo-retina.png","contentUrl":"https:\/\/proagrolab.com.ar\/wp-content\/uploads\/2020\/04\/logo-retina.png","width":478,"height":120,"caption":"Proagro"},"image":{"@id":"https:\/\/proagrolab.com.ar\/#\/schema\/logo\/image\/"},"sameAs":["http:\/\/www.facebook.com\/proagrolab","https:\/\/www.instagram.com\/proagrolab\/","https:\/\/www.linkedin.com\/company\/laboratorio-proagro-s-a\/"]},{"@type":"Person","@id":"https:\/\/proagrolab.com.ar\/#\/schema\/person\/38003ff90bf80381f71c7d922d207444","name":"proagrolab"}]}},"_links":{"self":[{"href":"https:\/\/proagrolab.com.ar\/en\/wp-json\/wp\/v2\/posts\/6252","targetHints":{"allow":["GET"]}}],"collection":[{"href":"https:\/\/proagrolab.com.ar\/en\/wp-json\/wp\/v2\/posts"}],"about":[{"href":"https:\/\/proagrolab.com.ar\/en\/wp-json\/wp\/v2\/types\/post"}],"author":[{"embeddable":true,"href":"https:\/\/proagrolab.com.ar\/en\/wp-json\/wp\/v2\/users\/2"}],"replies":[{"embeddable":true,"href":"https:\/\/proagrolab.com.ar\/en\/wp-json\/wp\/v2\/comments?post=6252"}],"version-history":[{"count":1,"href":"https:\/\/proagrolab.com.ar\/en\/wp-json\/wp\/v2\/posts\/6252\/revisions"}],"predecessor-version":[{"id":14374,"href":"https:\/\/proagrolab.com.ar\/en\/wp-json\/wp\/v2\/posts\/6252\/revisions\/14374"}],"wp:featuredmedia":[{"embeddable":true,"href":"https:\/\/proagrolab.com.ar\/en\/wp-json\/wp\/v2\/media\/2739"}],"wp:attachment":[{"href":"https:\/\/proagrolab.com.ar\/en\/wp-json\/wp\/v2\/media?parent=6252"}],"wp:term":[{"taxonomy":"category","embeddable":true,"href":"https:\/\/proagrolab.com.ar\/en\/wp-json\/wp\/v2\/categories?post=6252"},{"taxonomy":"post_tag","embeddable":true,"href":"https:\/\/proagrolab.com.ar\/en\/wp-json\/wp\/v2\/tags?post=6252"}],"curies":[{"name":"wp","href":"https:\/\/api.w.org\/{rel}","templated":true}]}}