{"id":6248,"date":"2014-07-29T00:00:01","date_gmt":"2014-07-29T00:00:01","guid":{"rendered":"https:\/\/proagrolab.com.ar\/brasil-con-miras-a-abrir-el-mercado-de-mexico-a-exportaciones-de-proteina-animal\/"},"modified":"2020-07-01T19:15:59","modified_gmt":"2020-07-01T19:15:59","slug":"brasil-con-miras-a-abrir-el-mercado-de-mexico-a-exportaciones-de-proteina-animal","status":"publish","type":"post","link":"https:\/\/proagrolab.com.ar\/en\/brasil-con-miras-a-abrir-el-mercado-de-mexico-a-exportaciones-de-proteina-animal\/","title":{"rendered":"Brasil con miras a abrir el mercado de M\u00e9xico a exportaciones de prote\u00edna animal."},"content":{"rendered":"<p class=\"qtranxs-available-languages-message qtranxs-available-languages-message-en\"> <\/p><p>La Asociaci\u00f3n Brasile\u00f1a de Prote\u00edna Animal (ABPA) realizar\u00e1 el martes, 29 de julio en la Embajada de Brasil en la Ciudad de M\u00e9xico un taller enfocado en la apertura de ese mercado a exportaciones de carne porcina y material gen\u00e9tico av\u00edcola de Brasil.<\/p>\n<p>Este evento contar\u00e1 con la presencia de autoridades de M\u00e9xico.<\/p>\n<p>Organizado por el presidente del ente, Francisco Turra, y por los vicepresidentes de aves del mismo, Ricardo Santin y de porcinos, Rui Eduardo Saldanha Vargas, la agenda tiene como objetivo, tambi\u00e9n, elevar el vol\u00famen de exportaci\u00f3n de carne de pollo destinado al pa\u00eds azteca.<\/p>\n<p>M\u00e9xico y Corea del Sur son mercados objetivos para los env\u00edos brasile\u00f1os de carne porcina, subray\u00f3 el presidente de ABPA.<\/p>\n<p>\u0093Recientemente, formamos parte de iniciativas en el mercado de M\u00e9xico y nos informaron sobre los problemas de abastecimiento de carne porcina en el pa\u00eds, a ra\u00edz de los brotes de diarrea epid\u00e9mica porcina (DEP)\u0094, dijo. \u0093Por ese motivo, queremos agilizar los procesos para\u0085garantizar la oferta del productos para los consumidores locales\u0094.<\/p>\n<p>El presidente de ABPA adem\u00e1s discuti\u00f3 el problema de la influeza aviar, registrado en el a\u00f1o 2012, lo que a\u00fan impacta la producci\u00f3n mexicana.<\/p>\n<p>En el 2013, M\u00e9xico abri\u00f3 su mercado a la carne de pollo de Brasil y, seg\u00fan Turra, \u0093solo reci\u00e9n\u0085es que los embarques han ganado fuerza, llegando a 3,5 mil toneladas en los primeros cinco meses de este a\u00f1o\u0094.<\/p>\n<p>Fuente: Carnetec, 28 de julio.<br \/><\/p>","protected":false},"excerpt":{"rendered":"<p>La Asociaci\u00f3n Brasile\u00f1a de Prote\u00edna Animal (ABPA) realizar\u00e1 el martes, 29 de julio en la Embajada de Brasil en la Ciudad de M\u00e9xico un taller enfocado en la apertura de ese mercado a exportaciones de carne porcina y material gen\u00e9tico av\u00edcola de Brasil. Este evento contar\u00e1 con la presencia de autoridades de M\u00e9xico. Organizado por el presidente del ente, Francisco Turra, y por los vicepresidentes de aves del mismo, Ricardo Santin y de porcinos, Rui Eduardo Saldanha Vargas, la agenda tiene como objetivo, tambi\u00e9n, elevar el vol\u00famen de exportaci\u00f3n de carne de pollo destinado al pa\u00eds azteca. M\u00e9xico y Corea del Sur son mercados objetivos para los env\u00edos brasile\u00f1os de carne porcina, subray\u00f3 el presidente de ABPA. \u0093Recientemente, formamos parte de iniciativas en el mercado de M\u00e9xico y nos informaron sobre los problemas de abastecimiento de carne porcina en el pa\u00eds, a ra\u00edz de los brotes de diarrea epid\u00e9mica porcina (DEP)\u0094, dijo. \u0093Por ese motivo, queremos agilizar los procesos para\u0085garantizar la oferta del productos para los consumidores locales\u0094. El presidente de ABPA adem\u00e1s discuti\u00f3 el problema de la influeza aviar, registrado en el a\u00f1o 2012, lo que a\u00fan impacta la producci\u00f3n mexicana. En el 2013, M\u00e9xico abri\u00f3 su mercado a [&hellip;]<\/p>\n","protected":false},"author":2,"featured_media":2735,"comment_status":"closed","ping_status":"open","sticky":false,"template":"","format":"standard","meta":{"_acf_changed":false,"footnotes":""},"categories":[56],"tags":[],"class_list":["post-6248","post","type-post","status-publish","format-standard","has-post-thumbnail","hentry","category-infoganadero"],"acf":[],"yoast_head":"<!-- This site is optimized with the Yoast SEO plugin v27.4 - https:\/\/yoast.com\/product\/yoast-seo-wordpress\/ -->\n<title>Brasil con miras a abrir el mercado de M\u00e9xico a exportaciones de prote\u00edna animal. | Proagro<\/title>\n<meta name=\"robots\" content=\"index, follow, max-snippet:-1, max-image-preview:large, max-video-preview:-1\" \/>\n<link rel=\"canonical\" href=\"https:\/\/proagrolab.com.ar\/en\/brasil-con-miras-a-abrir-el-mercado-de-mexico-a-exportaciones-de-proteina-animal\/\" \/>\n<meta property=\"og:locale\" content=\"en_US\" \/>\n<meta property=\"og:type\" content=\"article\" \/>\n<meta property=\"og:title\" content=\"Brasil con miras a abrir el mercado de M\u00e9xico a exportaciones de prote\u00edna animal. | Proagro\" \/>\n<meta property=\"og:description\" content=\"La Asociaci\u00f3n Brasile\u00f1a de Prote\u00edna Animal (ABPA) realizar\u00e1 el martes, 29 de julio en la Embajada de Brasil en la Ciudad de M\u00e9xico un taller enfocado en la apertura de ese mercado a exportaciones de carne porcina y material gen\u00e9tico av\u00edcola de Brasil. Este evento contar\u00e1 con la presencia de autoridades de M\u00e9xico. Organizado por el presidente del ente, Francisco Turra, y por los vicepresidentes de aves del mismo, Ricardo Santin y de porcinos, Rui Eduardo Saldanha Vargas, la agenda tiene como objetivo, tambi\u00e9n, elevar el vol\u00famen de exportaci\u00f3n de carne de pollo destinado al pa\u00eds azteca. M\u00e9xico y Corea del Sur son mercados objetivos para los env\u00edos brasile\u00f1os de carne porcina, subray\u00f3 el presidente de ABPA. \u0093Recientemente, formamos parte de iniciativas en el mercado de M\u00e9xico y nos informaron sobre los problemas de abastecimiento de carne porcina en el pa\u00eds, a ra\u00edz de los brotes de diarrea epid\u00e9mica porcina (DEP)\u0094, dijo. \u0093Por ese motivo, queremos agilizar los procesos para\u0085garantizar la oferta del productos para los consumidores locales\u0094. El presidente de ABPA adem\u00e1s discuti\u00f3 el problema de la influeza aviar, registrado en el a\u00f1o 2012, lo que a\u00fan impacta la producci\u00f3n mexicana. En el 2013, M\u00e9xico abri\u00f3 su mercado a [&hellip;]\" \/>\n<meta property=\"og:url\" content=\"https:\/\/proagrolab.com.ar\/brasil-con-miras-a-abrir-el-mercado-de-mexico-a-exportaciones-de-proteina-animal\/\" \/>\n<meta property=\"og:site_name\" content=\"Proagro\" \/>\n<meta property=\"article:publisher\" content=\"http:\/\/www.facebook.com\/proagrolab\" \/>\n<meta property=\"article:published_time\" content=\"2014-07-29T00:00:01+00:00\" \/>\n<meta property=\"article:modified_time\" content=\"2020-07-01T19:15:59+00:00\" \/>\n<meta property=\"og:image\" content=\"https:\/\/proagrolab.com.ar\/wp-content\/uploads\/2015\/01\/g_mpq4zgaiy__Porcinos-3.jpg\" \/>\n\t<meta property=\"og:image:width\" content=\"450\" \/>\n\t<meta property=\"og:image:height\" content=\"208\" \/>\n\t<meta property=\"og:image:type\" content=\"image\/jpeg\" \/>\n<meta name=\"author\" content=\"proagrolab\" \/>\n<meta name=\"twitter:card\" content=\"summary_large_image\" \/>\n<meta name=\"twitter:label1\" content=\"Written by\" \/>\n\t<meta name=\"twitter:data1\" content=\"proagrolab\" \/>\n\t<meta name=\"twitter:label2\" content=\"Est. reading time\" \/>\n\t<meta name=\"twitter:data2\" content=\"1 minute\" \/>\n<script type=\"application\/ld+json\" class=\"yoast-schema-graph\">{\"@context\":\"https:\\\/\\\/schema.org\",\"@graph\":[{\"@type\":\"Article\",\"@id\":\"https:\\\/\\\/proagrolab.com.ar\\\/brasil-con-miras-a-abrir-el-mercado-de-mexico-a-exportaciones-de-proteina-animal\\\/#article\",\"isPartOf\":{\"@id\":\"https:\\\/\\\/proagrolab.com.ar\\\/brasil-con-miras-a-abrir-el-mercado-de-mexico-a-exportaciones-de-proteina-animal\\\/\"},\"author\":{\"name\":\"proagrolab\",\"@id\":\"https:\\\/\\\/proagrolab.com.ar\\\/#\\\/schema\\\/person\\\/38003ff90bf80381f71c7d922d207444\"},\"headline\":\"Brasil con miras a abrir el mercado de M\u00e9xico a exportaciones de prote\u00edna animal.\",\"datePublished\":\"2014-07-29T00:00:01+00:00\",\"dateModified\":\"2020-07-01T19:15:59+00:00\",\"mainEntityOfPage\":{\"@id\":\"https:\\\/\\\/proagrolab.com.ar\\\/brasil-con-miras-a-abrir-el-mercado-de-mexico-a-exportaciones-de-proteina-animal\\\/\"},\"wordCount\":274,\"publisher\":{\"@id\":\"https:\\\/\\\/proagrolab.com.ar\\\/#organization\"},\"image\":{\"@id\":\"https:\\\/\\\/proagrolab.com.ar\\\/brasil-con-miras-a-abrir-el-mercado-de-mexico-a-exportaciones-de-proteina-animal\\\/#primaryimage\"},\"thumbnailUrl\":\"https:\\\/\\\/proagrolab.com.ar\\\/wp-content\\\/uploads\\\/2015\\\/01\\\/g_mpq4zgaiy__Porcinos-3.jpg\",\"articleSection\":[\"News\"],\"inLanguage\":\"en-US\"},{\"@type\":\"WebPage\",\"@id\":\"https:\\\/\\\/proagrolab.com.ar\\\/brasil-con-miras-a-abrir-el-mercado-de-mexico-a-exportaciones-de-proteina-animal\\\/\",\"url\":\"https:\\\/\\\/proagrolab.com.ar\\\/brasil-con-miras-a-abrir-el-mercado-de-mexico-a-exportaciones-de-proteina-animal\\\/\",\"name\":\"Brasil con miras a abrir el mercado de M\u00e9xico a exportaciones de prote\u00edna animal. | Proagro\",\"isPartOf\":{\"@id\":\"https:\\\/\\\/proagrolab.com.ar\\\/#website\"},\"primaryImageOfPage\":{\"@id\":\"https:\\\/\\\/proagrolab.com.ar\\\/brasil-con-miras-a-abrir-el-mercado-de-mexico-a-exportaciones-de-proteina-animal\\\/#primaryimage\"},\"image\":{\"@id\":\"https:\\\/\\\/proagrolab.com.ar\\\/brasil-con-miras-a-abrir-el-mercado-de-mexico-a-exportaciones-de-proteina-animal\\\/#primaryimage\"},\"thumbnailUrl\":\"https:\\\/\\\/proagrolab.com.ar\\\/wp-content\\\/uploads\\\/2015\\\/01\\\/g_mpq4zgaiy__Porcinos-3.jpg\",\"datePublished\":\"2014-07-29T00:00:01+00:00\",\"dateModified\":\"2020-07-01T19:15:59+00:00\",\"breadcrumb\":{\"@id\":\"https:\\\/\\\/proagrolab.com.ar\\\/brasil-con-miras-a-abrir-el-mercado-de-mexico-a-exportaciones-de-proteina-animal\\\/#breadcrumb\"},\"inLanguage\":\"en-US\",\"potentialAction\":[{\"@type\":\"ReadAction\",\"target\":[\"https:\\\/\\\/proagrolab.com.ar\\\/brasil-con-miras-a-abrir-el-mercado-de-mexico-a-exportaciones-de-proteina-animal\\\/\"]}]},{\"@type\":\"ImageObject\",\"inLanguage\":\"en-US\",\"@id\":\"https:\\\/\\\/proagrolab.com.ar\\\/brasil-con-miras-a-abrir-el-mercado-de-mexico-a-exportaciones-de-proteina-animal\\\/#primaryimage\",\"url\":\"https:\\\/\\\/proagrolab.com.ar\\\/wp-content\\\/uploads\\\/2015\\\/01\\\/g_mpq4zgaiy__Porcinos-3.jpg\",\"contentUrl\":\"https:\\\/\\\/proagrolab.com.ar\\\/wp-content\\\/uploads\\\/2015\\\/01\\\/g_mpq4zgaiy__Porcinos-3.jpg\",\"width\":450,\"height\":208},{\"@type\":\"BreadcrumbList\",\"@id\":\"https:\\\/\\\/proagrolab.com.ar\\\/brasil-con-miras-a-abrir-el-mercado-de-mexico-a-exportaciones-de-proteina-animal\\\/#breadcrumb\",\"itemListElement\":[{\"@type\":\"ListItem\",\"position\":1,\"name\":\"Portada\",\"item\":\"https:\\\/\\\/proagrolab.com.ar\\\/\"},{\"@type\":\"ListItem\",\"position\":2,\"name\":\"Brasil con miras a abrir el mercado de M\u00e9xico a exportaciones de prote\u00edna animal.\"}]},{\"@type\":\"WebSite\",\"@id\":\"https:\\\/\\\/proagrolab.com.ar\\\/#website\",\"url\":\"https:\\\/\\\/proagrolab.com.ar\\\/\",\"name\":\"Proagro Laboratorio Veterinario\",\"description\":\"Veterinary laboratory\",\"publisher\":{\"@id\":\"https:\\\/\\\/proagrolab.com.ar\\\/#organization\"},\"potentialAction\":[{\"@type\":\"SearchAction\",\"target\":{\"@type\":\"EntryPoint\",\"urlTemplate\":\"https:\\\/\\\/proagrolab.com.ar\\\/?s={search_term_string}\"},\"query-input\":{\"@type\":\"PropertyValueSpecification\",\"valueRequired\":true,\"valueName\":\"search_term_string\"}}],\"inLanguage\":\"en-US\"},{\"@type\":\"Organization\",\"@id\":\"https:\\\/\\\/proagrolab.com.ar\\\/#organization\",\"name\":\"Proagro\",\"url\":\"https:\\\/\\\/proagrolab.com.ar\\\/\",\"logo\":{\"@type\":\"ImageObject\",\"inLanguage\":\"en-US\",\"@id\":\"https:\\\/\\\/proagrolab.com.ar\\\/#\\\/schema\\\/logo\\\/image\\\/\",\"url\":\"https:\\\/\\\/proagrolab.com.ar\\\/wp-content\\\/uploads\\\/2020\\\/04\\\/logo-retina.png\",\"contentUrl\":\"https:\\\/\\\/proagrolab.com.ar\\\/wp-content\\\/uploads\\\/2020\\\/04\\\/logo-retina.png\",\"width\":478,\"height\":120,\"caption\":\"Proagro\"},\"image\":{\"@id\":\"https:\\\/\\\/proagrolab.com.ar\\\/#\\\/schema\\\/logo\\\/image\\\/\"},\"sameAs\":[\"http:\\\/\\\/www.facebook.com\\\/proagrolab\",\"https:\\\/\\\/www.instagram.com\\\/proagrolab\\\/\",\"https:\\\/\\\/www.linkedin.com\\\/company\\\/laboratorio-proagro-s-a\\\/\"]},{\"@type\":\"Person\",\"@id\":\"https:\\\/\\\/proagrolab.com.ar\\\/#\\\/schema\\\/person\\\/38003ff90bf80381f71c7d922d207444\",\"name\":\"proagrolab\"}]}<\/script>\n<!-- \/ Yoast SEO plugin. -->","yoast_head_json":{"title":"Brasil con miras a abrir el mercado de M\u00e9xico a exportaciones de prote\u00edna animal. | Proagro","robots":{"index":"index","follow":"follow","max-snippet":"max-snippet:-1","max-image-preview":"max-image-preview:large","max-video-preview":"max-video-preview:-1"},"canonical":"https:\/\/proagrolab.com.ar\/en\/brasil-con-miras-a-abrir-el-mercado-de-mexico-a-exportaciones-de-proteina-animal\/","og_locale":"en_US","og_type":"article","og_title":"Brasil con miras a abrir el mercado de M\u00e9xico a exportaciones de prote\u00edna animal. | Proagro","og_description":"La Asociaci\u00f3n Brasile\u00f1a de Prote\u00edna Animal (ABPA) realizar\u00e1 el martes, 29 de julio en la Embajada de Brasil en la Ciudad de M\u00e9xico un taller enfocado en la apertura de ese mercado a exportaciones de carne porcina y material gen\u00e9tico av\u00edcola de Brasil. Este evento contar\u00e1 con la presencia de autoridades de M\u00e9xico. Organizado por el presidente del ente, Francisco Turra, y por los vicepresidentes de aves del mismo, Ricardo Santin y de porcinos, Rui Eduardo Saldanha Vargas, la agenda tiene como objetivo, tambi\u00e9n, elevar el vol\u00famen de exportaci\u00f3n de carne de pollo destinado al pa\u00eds azteca. M\u00e9xico y Corea del Sur son mercados objetivos para los env\u00edos brasile\u00f1os de carne porcina, subray\u00f3 el presidente de ABPA. \u0093Recientemente, formamos parte de iniciativas en el mercado de M\u00e9xico y nos informaron sobre los problemas de abastecimiento de carne porcina en el pa\u00eds, a ra\u00edz de los brotes de diarrea epid\u00e9mica porcina (DEP)\u0094, dijo. \u0093Por ese motivo, queremos agilizar los procesos para\u0085garantizar la oferta del productos para los consumidores locales\u0094. El presidente de ABPA adem\u00e1s discuti\u00f3 el problema de la influeza aviar, registrado en el a\u00f1o 2012, lo que a\u00fan impacta la producci\u00f3n mexicana. En el 2013, M\u00e9xico abri\u00f3 su mercado a [&hellip;]","og_url":"https:\/\/proagrolab.com.ar\/brasil-con-miras-a-abrir-el-mercado-de-mexico-a-exportaciones-de-proteina-animal\/","og_site_name":"Proagro","article_publisher":"http:\/\/www.facebook.com\/proagrolab","article_published_time":"2014-07-29T00:00:01+00:00","article_modified_time":"2020-07-01T19:15:59+00:00","og_image":[{"width":450,"height":208,"url":"https:\/\/proagrolab.com.ar\/wp-content\/uploads\/2015\/01\/g_mpq4zgaiy__Porcinos-3.jpg","type":"image\/jpeg"}],"author":"proagrolab","twitter_card":"summary_large_image","twitter_misc":{"Written by":"proagrolab","Est. reading time":"1 minute"},"schema":{"@context":"https:\/\/schema.org","@graph":[{"@type":"Article","@id":"https:\/\/proagrolab.com.ar\/brasil-con-miras-a-abrir-el-mercado-de-mexico-a-exportaciones-de-proteina-animal\/#article","isPartOf":{"@id":"https:\/\/proagrolab.com.ar\/brasil-con-miras-a-abrir-el-mercado-de-mexico-a-exportaciones-de-proteina-animal\/"},"author":{"name":"proagrolab","@id":"https:\/\/proagrolab.com.ar\/#\/schema\/person\/38003ff90bf80381f71c7d922d207444"},"headline":"Brasil con miras a abrir el mercado de M\u00e9xico a exportaciones de prote\u00edna animal.","datePublished":"2014-07-29T00:00:01+00:00","dateModified":"2020-07-01T19:15:59+00:00","mainEntityOfPage":{"@id":"https:\/\/proagrolab.com.ar\/brasil-con-miras-a-abrir-el-mercado-de-mexico-a-exportaciones-de-proteina-animal\/"},"wordCount":274,"publisher":{"@id":"https:\/\/proagrolab.com.ar\/#organization"},"image":{"@id":"https:\/\/proagrolab.com.ar\/brasil-con-miras-a-abrir-el-mercado-de-mexico-a-exportaciones-de-proteina-animal\/#primaryimage"},"thumbnailUrl":"https:\/\/proagrolab.com.ar\/wp-content\/uploads\/2015\/01\/g_mpq4zgaiy__Porcinos-3.jpg","articleSection":["News"],"inLanguage":"en-US"},{"@type":"WebPage","@id":"https:\/\/proagrolab.com.ar\/brasil-con-miras-a-abrir-el-mercado-de-mexico-a-exportaciones-de-proteina-animal\/","url":"https:\/\/proagrolab.com.ar\/brasil-con-miras-a-abrir-el-mercado-de-mexico-a-exportaciones-de-proteina-animal\/","name":"Brasil con miras a abrir el mercado de M\u00e9xico a exportaciones de prote\u00edna animal. | Proagro","isPartOf":{"@id":"https:\/\/proagrolab.com.ar\/#website"},"primaryImageOfPage":{"@id":"https:\/\/proagrolab.com.ar\/brasil-con-miras-a-abrir-el-mercado-de-mexico-a-exportaciones-de-proteina-animal\/#primaryimage"},"image":{"@id":"https:\/\/proagrolab.com.ar\/brasil-con-miras-a-abrir-el-mercado-de-mexico-a-exportaciones-de-proteina-animal\/#primaryimage"},"thumbnailUrl":"https:\/\/proagrolab.com.ar\/wp-content\/uploads\/2015\/01\/g_mpq4zgaiy__Porcinos-3.jpg","datePublished":"2014-07-29T00:00:01+00:00","dateModified":"2020-07-01T19:15:59+00:00","breadcrumb":{"@id":"https:\/\/proagrolab.com.ar\/brasil-con-miras-a-abrir-el-mercado-de-mexico-a-exportaciones-de-proteina-animal\/#breadcrumb"},"inLanguage":"en-US","potentialAction":[{"@type":"ReadAction","target":["https:\/\/proagrolab.com.ar\/brasil-con-miras-a-abrir-el-mercado-de-mexico-a-exportaciones-de-proteina-animal\/"]}]},{"@type":"ImageObject","inLanguage":"en-US","@id":"https:\/\/proagrolab.com.ar\/brasil-con-miras-a-abrir-el-mercado-de-mexico-a-exportaciones-de-proteina-animal\/#primaryimage","url":"https:\/\/proagrolab.com.ar\/wp-content\/uploads\/2015\/01\/g_mpq4zgaiy__Porcinos-3.jpg","contentUrl":"https:\/\/proagrolab.com.ar\/wp-content\/uploads\/2015\/01\/g_mpq4zgaiy__Porcinos-3.jpg","width":450,"height":208},{"@type":"BreadcrumbList","@id":"https:\/\/proagrolab.com.ar\/brasil-con-miras-a-abrir-el-mercado-de-mexico-a-exportaciones-de-proteina-animal\/#breadcrumb","itemListElement":[{"@type":"ListItem","position":1,"name":"Portada","item":"https:\/\/proagrolab.com.ar\/"},{"@type":"ListItem","position":2,"name":"Brasil con miras a abrir el mercado de M\u00e9xico a exportaciones de prote\u00edna animal."}]},{"@type":"WebSite","@id":"https:\/\/proagrolab.com.ar\/#website","url":"https:\/\/proagrolab.com.ar\/","name":"Proagro Laboratorio Veterinario","description":"Veterinary laboratory","publisher":{"@id":"https:\/\/proagrolab.com.ar\/#organization"},"potentialAction":[{"@type":"SearchAction","target":{"@type":"EntryPoint","urlTemplate":"https:\/\/proagrolab.com.ar\/?s={search_term_string}"},"query-input":{"@type":"PropertyValueSpecification","valueRequired":true,"valueName":"search_term_string"}}],"inLanguage":"en-US"},{"@type":"Organization","@id":"https:\/\/proagrolab.com.ar\/#organization","name":"Proagro","url":"https:\/\/proagrolab.com.ar\/","logo":{"@type":"ImageObject","inLanguage":"en-US","@id":"https:\/\/proagrolab.com.ar\/#\/schema\/logo\/image\/","url":"https:\/\/proagrolab.com.ar\/wp-content\/uploads\/2020\/04\/logo-retina.png","contentUrl":"https:\/\/proagrolab.com.ar\/wp-content\/uploads\/2020\/04\/logo-retina.png","width":478,"height":120,"caption":"Proagro"},"image":{"@id":"https:\/\/proagrolab.com.ar\/#\/schema\/logo\/image\/"},"sameAs":["http:\/\/www.facebook.com\/proagrolab","https:\/\/www.instagram.com\/proagrolab\/","https:\/\/www.linkedin.com\/company\/laboratorio-proagro-s-a\/"]},{"@type":"Person","@id":"https:\/\/proagrolab.com.ar\/#\/schema\/person\/38003ff90bf80381f71c7d922d207444","name":"proagrolab"}]}},"_links":{"self":[{"href":"https:\/\/proagrolab.com.ar\/en\/wp-json\/wp\/v2\/posts\/6248","targetHints":{"allow":["GET"]}}],"collection":[{"href":"https:\/\/proagrolab.com.ar\/en\/wp-json\/wp\/v2\/posts"}],"about":[{"href":"https:\/\/proagrolab.com.ar\/en\/wp-json\/wp\/v2\/types\/post"}],"author":[{"embeddable":true,"href":"https:\/\/proagrolab.com.ar\/en\/wp-json\/wp\/v2\/users\/2"}],"replies":[{"embeddable":true,"href":"https:\/\/proagrolab.com.ar\/en\/wp-json\/wp\/v2\/comments?post=6248"}],"version-history":[{"count":1,"href":"https:\/\/proagrolab.com.ar\/en\/wp-json\/wp\/v2\/posts\/6248\/revisions"}],"predecessor-version":[{"id":14365,"href":"https:\/\/proagrolab.com.ar\/en\/wp-json\/wp\/v2\/posts\/6248\/revisions\/14365"}],"wp:featuredmedia":[{"embeddable":true,"href":"https:\/\/proagrolab.com.ar\/en\/wp-json\/wp\/v2\/media\/2735"}],"wp:attachment":[{"href":"https:\/\/proagrolab.com.ar\/en\/wp-json\/wp\/v2\/media?parent=6248"}],"wp:term":[{"taxonomy":"category","embeddable":true,"href":"https:\/\/proagrolab.com.ar\/en\/wp-json\/wp\/v2\/categories?post=6248"},{"taxonomy":"post_tag","embeddable":true,"href":"https:\/\/proagrolab.com.ar\/en\/wp-json\/wp\/v2\/tags?post=6248"}],"curies":[{"name":"wp","href":"https:\/\/api.w.org\/{rel}","templated":true}]}}