{"id":6241,"date":"2014-07-25T00:00:01","date_gmt":"2014-07-25T00:00:01","guid":{"rendered":"https:\/\/proagrolab.com.ar\/las-razas-fuertes-encendieron-las-tribunas-en-palermo\/"},"modified":"2020-07-01T19:15:30","modified_gmt":"2020-07-01T19:15:30","slug":"las-razas-fuertes-encendieron-las-tribunas-en-palermo","status":"publish","type":"post","link":"https:\/\/proagrolab.com.ar\/en\/las-razas-fuertes-encendieron-las-tribunas-en-palermo\/","title":{"rendered":"Las razas fuertes encendieron las tribunas en Palermo."},"content":{"rendered":"<p class=\"qtranxs-available-languages-message qtranxs-available-languages-message-en\"> <\/p><p>Ayer se eligieron los grandes campeones hembra Angus y macho Polled Hereford; De la Sota recorri\u00f3 la muestra.<\/p>\n<p><b>Por Roberto Seifert.<\/b><\/p>\n<p>Fue el primer gran premio que sacaba la caba\u00f1a en Palermo, por eso la alegr\u00eda y emoci\u00f3n de Graciela Quintans de Blanco Villegas, propietaria del Gran Campe\u00f3n Hembra Aberdeen Angus. Minutos antes, en otro de los sectores de la Pista Central de Palermo se coronaba el Gran Campe\u00f3n Macho Polled Hereford. As\u00ed, la 128a Exposici\u00f3n de Ganader\u00eda, Agricultura e Industria Internacional va tomando su color caracter\u00edstico y el marco no pudo ser mejor: un d\u00eda a pleno sol y gente por todos lados.<\/p>\n<p>La cl\u00e1sica tribuna pol\u00edtica tuvo ayer como visitantes al gobernador de la provincia de C\u00f3rdoba, Jos\u00e9 Manuel de la Sota; a una de las m\u00e1ximas referentes de UNEN, Elisa &#8220;Lilita&#8221; Carri\u00f3, quien dijo que fue a visitar a un familiar expositor de la raza Brangus, y al peronista disidente Francisco de Narv\u00e1ez.<\/p>\n<p>&#8220;Cuando uno ve todo lo que se produce en la Argentina, no es f\u00e1cil explicar lo inexplicable. Y lo inexplicable es que estemos como estamos, teniendo todas las oportunidades que tenemos, que Dios nos ha dado&#8221;, se\u00f1al\u00f3 el gobernador cordob\u00e9s momentos previos a entregar la cucarda al mejor Polled Hereford, junto con el presidente de la Sociedad Rural Argentina, Luis Miguel Etchevehere.<\/p>\n<p>&#8220;Tenemos que mirar a Chile, Brasil, Uruguay? a nuestros vecinos, para que nos vaya mejor. Paraguay vino a comprar muy buena gen\u00e9tica y se la lleva, y est\u00e1 progresando&#8221;, agreg\u00f3 De la Sota.<\/p>\n<p>Luego, en di\u00e1logo con radio La Red, el mandatario provincial abord\u00f3 distintos temas de actualidad, como el peligro de default y los fondos buitre, y dijo que la Argentina est\u00e1 en recesi\u00f3n.<\/p>\n<p>Respecto del respaldo de la presidenta Cristina Kirchner al vicepresidente, dijo: &#8220;Boudou se los lleva puestos a todos. \u00bfC\u00f3mo justifican que son parte de un gobierno con un vicepresidente acusado de graves delitos, procesado?&#8221;.<\/p>\n<p><i>Emoci\u00f3n en la pista<\/i><br \/>El Gran Campe\u00f3n Hembra de la raza Angus fue el box 519 de la Caba\u00f1a Huaca Cur\u00fa, de Tandil. &#8220;Hace muy poco empezamos a venir a Palermo y \u00e9ste es nuestro primer gran premio. Imposible en este momento no pensar en mi marido (el desaparecido empresario Jorge Blanco Villegas), que luch\u00f3 tanto por esta caba\u00f1a y que ahora estar\u00eda tan feliz&#8221;, dijo contenta y emocionada Graciela Quintans, junto a su hija, Luciana.<\/p>\n<p>\u00bfSale a la venta el animal?, pregunt\u00f3 LA NACION: &#8220;Lo deber\u00edamos pensar en equipo&#8221;, respondi\u00f3 Quintans, y subray\u00f3 que &#8220;sin su equipo de gente no hubiese podido salir adelante con la caba\u00f1a&#8221;, de la que se hizo cargo hace tres a\u00f1os y medio, tras la muerte de su marido.<\/p>\n<p>En tanto, el Reservado de Gran Campe\u00f3n Hembra fue el box 486, de Compa\u00f1\u00eda Argentina de Hacienda.<\/p>\n<p>En la raza Polled Hereford, el Gran Campe\u00f3n Macho fue para el box 705, de la sociedad conformada por Establecimiento y Caba\u00f1a La Centella SA, Carlos Ojea Rullan, Horacio La Valle y Marta Vila Moret. &#8220;Va a ser un toro muy importante para la raza, y no s\u00f3lo es lindo, sino que tiene un gran respaldo gen\u00e9tico. Es un toro de mucha calidad racial, mucho arco de costillas, se mueve muy bien, con buenas condiciones carniceras, correcto de estructura y es muy f\u00e9rtil&#8221;, dijo Ojea Rullan.<\/p>\n<p>El Reservado Gran Campe\u00f3n Macho Polled Hereford fue para el box 701, de Compa\u00f1\u00eda La Legua SA, Ra\u00fal Hoven, Jorge Gil y La Goya SRL.<\/p>\n<p>Entre tanta actividad se destac\u00f3 tambi\u00e9n la venta de anteayer de los reproductores de la raza Shorthorn. El precio m\u00e1ximo fue de 35.500 pesos por un macho, box 1222, de Luciano Nicol\u00e1s Macaroni y Alberto Almada.<\/p>\n<p>Fuente: La Naci\u00f3n, 25 de julio.<br \/><\/p>","protected":false},"excerpt":{"rendered":"<p>Ayer se eligieron los grandes campeones hembra Angus y macho Polled Hereford; De la Sota recorri\u00f3 la muestra. Por Roberto Seifert. Fue el primer gran premio que sacaba la caba\u00f1a en Palermo, por eso la alegr\u00eda y emoci\u00f3n de Graciela Quintans de Blanco Villegas, propietaria del Gran Campe\u00f3n Hembra Aberdeen Angus. Minutos antes, en otro de los sectores de la Pista Central de Palermo se coronaba el Gran Campe\u00f3n Macho Polled Hereford. As\u00ed, la 128a Exposici\u00f3n de Ganader\u00eda, Agricultura e Industria Internacional va tomando su color caracter\u00edstico y el marco no pudo ser mejor: un d\u00eda a pleno sol y gente por todos lados. La cl\u00e1sica tribuna pol\u00edtica tuvo ayer como visitantes al gobernador de la provincia de C\u00f3rdoba, Jos\u00e9 Manuel de la Sota; a una de las m\u00e1ximas referentes de UNEN, Elisa &#8220;Lilita&#8221; Carri\u00f3, quien dijo que fue a visitar a un familiar expositor de la raza Brangus, y al peronista disidente Francisco de Narv\u00e1ez. &#8220;Cuando uno ve todo lo que se produce en la Argentina, no es f\u00e1cil explicar lo inexplicable. Y lo inexplicable es que estemos como estamos, teniendo todas las oportunidades que tenemos, que Dios nos ha dado&#8221;, se\u00f1al\u00f3 el gobernador cordob\u00e9s momentos previos a entregar [&hellip;]<\/p>\n","protected":false},"author":2,"featured_media":2728,"comment_status":"closed","ping_status":"open","sticky":false,"template":"","format":"standard","meta":{"_acf_changed":false,"footnotes":""},"categories":[56],"tags":[],"class_list":["post-6241","post","type-post","status-publish","format-standard","has-post-thumbnail","hentry","category-infoganadero"],"acf":[],"yoast_head":"<!-- This site is optimized with the Yoast SEO plugin v27.4 - https:\/\/yoast.com\/product\/yoast-seo-wordpress\/ -->\n<title>Las razas fuertes encendieron las tribunas en Palermo. | Proagro<\/title>\n<meta name=\"robots\" content=\"index, follow, max-snippet:-1, max-image-preview:large, max-video-preview:-1\" \/>\n<link rel=\"canonical\" href=\"https:\/\/proagrolab.com.ar\/en\/las-razas-fuertes-encendieron-las-tribunas-en-palermo\/\" \/>\n<meta property=\"og:locale\" content=\"en_US\" \/>\n<meta property=\"og:type\" content=\"article\" \/>\n<meta property=\"og:title\" content=\"Las razas fuertes encendieron las tribunas en Palermo. | Proagro\" \/>\n<meta property=\"og:description\" content=\"Ayer se eligieron los grandes campeones hembra Angus y macho Polled Hereford; De la Sota recorri\u00f3 la muestra. Por Roberto Seifert. Fue el primer gran premio que sacaba la caba\u00f1a en Palermo, por eso la alegr\u00eda y emoci\u00f3n de Graciela Quintans de Blanco Villegas, propietaria del Gran Campe\u00f3n Hembra Aberdeen Angus. Minutos antes, en otro de los sectores de la Pista Central de Palermo se coronaba el Gran Campe\u00f3n Macho Polled Hereford. As\u00ed, la 128a Exposici\u00f3n de Ganader\u00eda, Agricultura e Industria Internacional va tomando su color caracter\u00edstico y el marco no pudo ser mejor: un d\u00eda a pleno sol y gente por todos lados. La cl\u00e1sica tribuna pol\u00edtica tuvo ayer como visitantes al gobernador de la provincia de C\u00f3rdoba, Jos\u00e9 Manuel de la Sota; a una de las m\u00e1ximas referentes de UNEN, Elisa &#8220;Lilita&#8221; Carri\u00f3, quien dijo que fue a visitar a un familiar expositor de la raza Brangus, y al peronista disidente Francisco de Narv\u00e1ez. &#8220;Cuando uno ve todo lo que se produce en la Argentina, no es f\u00e1cil explicar lo inexplicable. Y lo inexplicable es que estemos como estamos, teniendo todas las oportunidades que tenemos, que Dios nos ha dado&#8221;, se\u00f1al\u00f3 el gobernador cordob\u00e9s momentos previos a entregar [&hellip;]\" \/>\n<meta property=\"og:url\" content=\"https:\/\/proagrolab.com.ar\/las-razas-fuertes-encendieron-las-tribunas-en-palermo\/\" \/>\n<meta property=\"og:site_name\" content=\"Proagro\" \/>\n<meta property=\"article:publisher\" content=\"http:\/\/www.facebook.com\/proagrolab\" \/>\n<meta property=\"article:published_time\" content=\"2014-07-25T00:00:01+00:00\" \/>\n<meta property=\"article:modified_time\" content=\"2020-07-01T19:15:30+00:00\" \/>\n<meta property=\"og:image\" content=\"https:\/\/proagrolab.com.ar\/wp-content\/uploads\/2015\/01\/g_cdgjl3yxf__Angus-en-la-Rural-2.jpg\" \/>\n\t<meta property=\"og:image:width\" content=\"450\" \/>\n\t<meta property=\"og:image:height\" content=\"208\" \/>\n\t<meta property=\"og:image:type\" content=\"image\/jpeg\" \/>\n<meta name=\"author\" content=\"proagrolab\" \/>\n<meta name=\"twitter:card\" content=\"summary_large_image\" \/>\n<meta name=\"twitter:label1\" content=\"Written by\" \/>\n\t<meta name=\"twitter:data1\" content=\"proagrolab\" \/>\n\t<meta name=\"twitter:label2\" content=\"Est. reading time\" \/>\n\t<meta name=\"twitter:data2\" content=\"3 minutes\" \/>\n<script type=\"application\/ld+json\" class=\"yoast-schema-graph\">{\"@context\":\"https:\\\/\\\/schema.org\",\"@graph\":[{\"@type\":\"Article\",\"@id\":\"https:\\\/\\\/proagrolab.com.ar\\\/las-razas-fuertes-encendieron-las-tribunas-en-palermo\\\/#article\",\"isPartOf\":{\"@id\":\"https:\\\/\\\/proagrolab.com.ar\\\/las-razas-fuertes-encendieron-las-tribunas-en-palermo\\\/\"},\"author\":{\"name\":\"proagrolab\",\"@id\":\"https:\\\/\\\/proagrolab.com.ar\\\/#\\\/schema\\\/person\\\/38003ff90bf80381f71c7d922d207444\"},\"headline\":\"Las razas fuertes encendieron las tribunas en Palermo.\",\"datePublished\":\"2014-07-25T00:00:01+00:00\",\"dateModified\":\"2020-07-01T19:15:30+00:00\",\"mainEntityOfPage\":{\"@id\":\"https:\\\/\\\/proagrolab.com.ar\\\/las-razas-fuertes-encendieron-las-tribunas-en-palermo\\\/\"},\"wordCount\":656,\"publisher\":{\"@id\":\"https:\\\/\\\/proagrolab.com.ar\\\/#organization\"},\"image\":{\"@id\":\"https:\\\/\\\/proagrolab.com.ar\\\/las-razas-fuertes-encendieron-las-tribunas-en-palermo\\\/#primaryimage\"},\"thumbnailUrl\":\"https:\\\/\\\/proagrolab.com.ar\\\/wp-content\\\/uploads\\\/2015\\\/01\\\/g_cdgjl3yxf__Angus-en-la-Rural-2.jpg\",\"articleSection\":[\"News\"],\"inLanguage\":\"en-US\"},{\"@type\":\"WebPage\",\"@id\":\"https:\\\/\\\/proagrolab.com.ar\\\/las-razas-fuertes-encendieron-las-tribunas-en-palermo\\\/\",\"url\":\"https:\\\/\\\/proagrolab.com.ar\\\/las-razas-fuertes-encendieron-las-tribunas-en-palermo\\\/\",\"name\":\"Las razas fuertes encendieron las tribunas en Palermo. | Proagro\",\"isPartOf\":{\"@id\":\"https:\\\/\\\/proagrolab.com.ar\\\/#website\"},\"primaryImageOfPage\":{\"@id\":\"https:\\\/\\\/proagrolab.com.ar\\\/las-razas-fuertes-encendieron-las-tribunas-en-palermo\\\/#primaryimage\"},\"image\":{\"@id\":\"https:\\\/\\\/proagrolab.com.ar\\\/las-razas-fuertes-encendieron-las-tribunas-en-palermo\\\/#primaryimage\"},\"thumbnailUrl\":\"https:\\\/\\\/proagrolab.com.ar\\\/wp-content\\\/uploads\\\/2015\\\/01\\\/g_cdgjl3yxf__Angus-en-la-Rural-2.jpg\",\"datePublished\":\"2014-07-25T00:00:01+00:00\",\"dateModified\":\"2020-07-01T19:15:30+00:00\",\"breadcrumb\":{\"@id\":\"https:\\\/\\\/proagrolab.com.ar\\\/las-razas-fuertes-encendieron-las-tribunas-en-palermo\\\/#breadcrumb\"},\"inLanguage\":\"en-US\",\"potentialAction\":[{\"@type\":\"ReadAction\",\"target\":[\"https:\\\/\\\/proagrolab.com.ar\\\/las-razas-fuertes-encendieron-las-tribunas-en-palermo\\\/\"]}]},{\"@type\":\"ImageObject\",\"inLanguage\":\"en-US\",\"@id\":\"https:\\\/\\\/proagrolab.com.ar\\\/las-razas-fuertes-encendieron-las-tribunas-en-palermo\\\/#primaryimage\",\"url\":\"https:\\\/\\\/proagrolab.com.ar\\\/wp-content\\\/uploads\\\/2015\\\/01\\\/g_cdgjl3yxf__Angus-en-la-Rural-2.jpg\",\"contentUrl\":\"https:\\\/\\\/proagrolab.com.ar\\\/wp-content\\\/uploads\\\/2015\\\/01\\\/g_cdgjl3yxf__Angus-en-la-Rural-2.jpg\",\"width\":450,\"height\":208},{\"@type\":\"BreadcrumbList\",\"@id\":\"https:\\\/\\\/proagrolab.com.ar\\\/las-razas-fuertes-encendieron-las-tribunas-en-palermo\\\/#breadcrumb\",\"itemListElement\":[{\"@type\":\"ListItem\",\"position\":1,\"name\":\"Portada\",\"item\":\"https:\\\/\\\/proagrolab.com.ar\\\/\"},{\"@type\":\"ListItem\",\"position\":2,\"name\":\"Las razas fuertes encendieron las tribunas en Palermo.\"}]},{\"@type\":\"WebSite\",\"@id\":\"https:\\\/\\\/proagrolab.com.ar\\\/#website\",\"url\":\"https:\\\/\\\/proagrolab.com.ar\\\/\",\"name\":\"Proagro Laboratorio Veterinario\",\"description\":\"Veterinary laboratory\",\"publisher\":{\"@id\":\"https:\\\/\\\/proagrolab.com.ar\\\/#organization\"},\"potentialAction\":[{\"@type\":\"SearchAction\",\"target\":{\"@type\":\"EntryPoint\",\"urlTemplate\":\"https:\\\/\\\/proagrolab.com.ar\\\/?s={search_term_string}\"},\"query-input\":{\"@type\":\"PropertyValueSpecification\",\"valueRequired\":true,\"valueName\":\"search_term_string\"}}],\"inLanguage\":\"en-US\"},{\"@type\":\"Organization\",\"@id\":\"https:\\\/\\\/proagrolab.com.ar\\\/#organization\",\"name\":\"Proagro\",\"url\":\"https:\\\/\\\/proagrolab.com.ar\\\/\",\"logo\":{\"@type\":\"ImageObject\",\"inLanguage\":\"en-US\",\"@id\":\"https:\\\/\\\/proagrolab.com.ar\\\/#\\\/schema\\\/logo\\\/image\\\/\",\"url\":\"https:\\\/\\\/proagrolab.com.ar\\\/wp-content\\\/uploads\\\/2020\\\/04\\\/logo-retina.png\",\"contentUrl\":\"https:\\\/\\\/proagrolab.com.ar\\\/wp-content\\\/uploads\\\/2020\\\/04\\\/logo-retina.png\",\"width\":478,\"height\":120,\"caption\":\"Proagro\"},\"image\":{\"@id\":\"https:\\\/\\\/proagrolab.com.ar\\\/#\\\/schema\\\/logo\\\/image\\\/\"},\"sameAs\":[\"http:\\\/\\\/www.facebook.com\\\/proagrolab\",\"https:\\\/\\\/www.instagram.com\\\/proagrolab\\\/\",\"https:\\\/\\\/www.linkedin.com\\\/company\\\/laboratorio-proagro-s-a\\\/\"]},{\"@type\":\"Person\",\"@id\":\"https:\\\/\\\/proagrolab.com.ar\\\/#\\\/schema\\\/person\\\/38003ff90bf80381f71c7d922d207444\",\"name\":\"proagrolab\"}]}<\/script>\n<!-- \/ Yoast SEO plugin. -->","yoast_head_json":{"title":"Las razas fuertes encendieron las tribunas en Palermo. | Proagro","robots":{"index":"index","follow":"follow","max-snippet":"max-snippet:-1","max-image-preview":"max-image-preview:large","max-video-preview":"max-video-preview:-1"},"canonical":"https:\/\/proagrolab.com.ar\/en\/las-razas-fuertes-encendieron-las-tribunas-en-palermo\/","og_locale":"en_US","og_type":"article","og_title":"Las razas fuertes encendieron las tribunas en Palermo. | Proagro","og_description":"Ayer se eligieron los grandes campeones hembra Angus y macho Polled Hereford; De la Sota recorri\u00f3 la muestra. Por Roberto Seifert. Fue el primer gran premio que sacaba la caba\u00f1a en Palermo, por eso la alegr\u00eda y emoci\u00f3n de Graciela Quintans de Blanco Villegas, propietaria del Gran Campe\u00f3n Hembra Aberdeen Angus. Minutos antes, en otro de los sectores de la Pista Central de Palermo se coronaba el Gran Campe\u00f3n Macho Polled Hereford. As\u00ed, la 128a Exposici\u00f3n de Ganader\u00eda, Agricultura e Industria Internacional va tomando su color caracter\u00edstico y el marco no pudo ser mejor: un d\u00eda a pleno sol y gente por todos lados. La cl\u00e1sica tribuna pol\u00edtica tuvo ayer como visitantes al gobernador de la provincia de C\u00f3rdoba, Jos\u00e9 Manuel de la Sota; a una de las m\u00e1ximas referentes de UNEN, Elisa &#8220;Lilita&#8221; Carri\u00f3, quien dijo que fue a visitar a un familiar expositor de la raza Brangus, y al peronista disidente Francisco de Narv\u00e1ez. &#8220;Cuando uno ve todo lo que se produce en la Argentina, no es f\u00e1cil explicar lo inexplicable. Y lo inexplicable es que estemos como estamos, teniendo todas las oportunidades que tenemos, que Dios nos ha dado&#8221;, se\u00f1al\u00f3 el gobernador cordob\u00e9s momentos previos a entregar [&hellip;]","og_url":"https:\/\/proagrolab.com.ar\/las-razas-fuertes-encendieron-las-tribunas-en-palermo\/","og_site_name":"Proagro","article_publisher":"http:\/\/www.facebook.com\/proagrolab","article_published_time":"2014-07-25T00:00:01+00:00","article_modified_time":"2020-07-01T19:15:30+00:00","og_image":[{"width":450,"height":208,"url":"https:\/\/proagrolab.com.ar\/wp-content\/uploads\/2015\/01\/g_cdgjl3yxf__Angus-en-la-Rural-2.jpg","type":"image\/jpeg"}],"author":"proagrolab","twitter_card":"summary_large_image","twitter_misc":{"Written by":"proagrolab","Est. reading time":"3 minutes"},"schema":{"@context":"https:\/\/schema.org","@graph":[{"@type":"Article","@id":"https:\/\/proagrolab.com.ar\/las-razas-fuertes-encendieron-las-tribunas-en-palermo\/#article","isPartOf":{"@id":"https:\/\/proagrolab.com.ar\/las-razas-fuertes-encendieron-las-tribunas-en-palermo\/"},"author":{"name":"proagrolab","@id":"https:\/\/proagrolab.com.ar\/#\/schema\/person\/38003ff90bf80381f71c7d922d207444"},"headline":"Las razas fuertes encendieron las tribunas en Palermo.","datePublished":"2014-07-25T00:00:01+00:00","dateModified":"2020-07-01T19:15:30+00:00","mainEntityOfPage":{"@id":"https:\/\/proagrolab.com.ar\/las-razas-fuertes-encendieron-las-tribunas-en-palermo\/"},"wordCount":656,"publisher":{"@id":"https:\/\/proagrolab.com.ar\/#organization"},"image":{"@id":"https:\/\/proagrolab.com.ar\/las-razas-fuertes-encendieron-las-tribunas-en-palermo\/#primaryimage"},"thumbnailUrl":"https:\/\/proagrolab.com.ar\/wp-content\/uploads\/2015\/01\/g_cdgjl3yxf__Angus-en-la-Rural-2.jpg","articleSection":["News"],"inLanguage":"en-US"},{"@type":"WebPage","@id":"https:\/\/proagrolab.com.ar\/las-razas-fuertes-encendieron-las-tribunas-en-palermo\/","url":"https:\/\/proagrolab.com.ar\/las-razas-fuertes-encendieron-las-tribunas-en-palermo\/","name":"Las razas fuertes encendieron las tribunas en Palermo. | Proagro","isPartOf":{"@id":"https:\/\/proagrolab.com.ar\/#website"},"primaryImageOfPage":{"@id":"https:\/\/proagrolab.com.ar\/las-razas-fuertes-encendieron-las-tribunas-en-palermo\/#primaryimage"},"image":{"@id":"https:\/\/proagrolab.com.ar\/las-razas-fuertes-encendieron-las-tribunas-en-palermo\/#primaryimage"},"thumbnailUrl":"https:\/\/proagrolab.com.ar\/wp-content\/uploads\/2015\/01\/g_cdgjl3yxf__Angus-en-la-Rural-2.jpg","datePublished":"2014-07-25T00:00:01+00:00","dateModified":"2020-07-01T19:15:30+00:00","breadcrumb":{"@id":"https:\/\/proagrolab.com.ar\/las-razas-fuertes-encendieron-las-tribunas-en-palermo\/#breadcrumb"},"inLanguage":"en-US","potentialAction":[{"@type":"ReadAction","target":["https:\/\/proagrolab.com.ar\/las-razas-fuertes-encendieron-las-tribunas-en-palermo\/"]}]},{"@type":"ImageObject","inLanguage":"en-US","@id":"https:\/\/proagrolab.com.ar\/las-razas-fuertes-encendieron-las-tribunas-en-palermo\/#primaryimage","url":"https:\/\/proagrolab.com.ar\/wp-content\/uploads\/2015\/01\/g_cdgjl3yxf__Angus-en-la-Rural-2.jpg","contentUrl":"https:\/\/proagrolab.com.ar\/wp-content\/uploads\/2015\/01\/g_cdgjl3yxf__Angus-en-la-Rural-2.jpg","width":450,"height":208},{"@type":"BreadcrumbList","@id":"https:\/\/proagrolab.com.ar\/las-razas-fuertes-encendieron-las-tribunas-en-palermo\/#breadcrumb","itemListElement":[{"@type":"ListItem","position":1,"name":"Portada","item":"https:\/\/proagrolab.com.ar\/"},{"@type":"ListItem","position":2,"name":"Las razas fuertes encendieron las tribunas en Palermo."}]},{"@type":"WebSite","@id":"https:\/\/proagrolab.com.ar\/#website","url":"https:\/\/proagrolab.com.ar\/","name":"Proagro Laboratorio Veterinario","description":"Veterinary laboratory","publisher":{"@id":"https:\/\/proagrolab.com.ar\/#organization"},"potentialAction":[{"@type":"SearchAction","target":{"@type":"EntryPoint","urlTemplate":"https:\/\/proagrolab.com.ar\/?s={search_term_string}"},"query-input":{"@type":"PropertyValueSpecification","valueRequired":true,"valueName":"search_term_string"}}],"inLanguage":"en-US"},{"@type":"Organization","@id":"https:\/\/proagrolab.com.ar\/#organization","name":"Proagro","url":"https:\/\/proagrolab.com.ar\/","logo":{"@type":"ImageObject","inLanguage":"en-US","@id":"https:\/\/proagrolab.com.ar\/#\/schema\/logo\/image\/","url":"https:\/\/proagrolab.com.ar\/wp-content\/uploads\/2020\/04\/logo-retina.png","contentUrl":"https:\/\/proagrolab.com.ar\/wp-content\/uploads\/2020\/04\/logo-retina.png","width":478,"height":120,"caption":"Proagro"},"image":{"@id":"https:\/\/proagrolab.com.ar\/#\/schema\/logo\/image\/"},"sameAs":["http:\/\/www.facebook.com\/proagrolab","https:\/\/www.instagram.com\/proagrolab\/","https:\/\/www.linkedin.com\/company\/laboratorio-proagro-s-a\/"]},{"@type":"Person","@id":"https:\/\/proagrolab.com.ar\/#\/schema\/person\/38003ff90bf80381f71c7d922d207444","name":"proagrolab"}]}},"_links":{"self":[{"href":"https:\/\/proagrolab.com.ar\/en\/wp-json\/wp\/v2\/posts\/6241","targetHints":{"allow":["GET"]}}],"collection":[{"href":"https:\/\/proagrolab.com.ar\/en\/wp-json\/wp\/v2\/posts"}],"about":[{"href":"https:\/\/proagrolab.com.ar\/en\/wp-json\/wp\/v2\/types\/post"}],"author":[{"embeddable":true,"href":"https:\/\/proagrolab.com.ar\/en\/wp-json\/wp\/v2\/users\/2"}],"replies":[{"embeddable":true,"href":"https:\/\/proagrolab.com.ar\/en\/wp-json\/wp\/v2\/comments?post=6241"}],"version-history":[{"count":1,"href":"https:\/\/proagrolab.com.ar\/en\/wp-json\/wp\/v2\/posts\/6241\/revisions"}],"predecessor-version":[{"id":14360,"href":"https:\/\/proagrolab.com.ar\/en\/wp-json\/wp\/v2\/posts\/6241\/revisions\/14360"}],"wp:featuredmedia":[{"embeddable":true,"href":"https:\/\/proagrolab.com.ar\/en\/wp-json\/wp\/v2\/media\/2728"}],"wp:attachment":[{"href":"https:\/\/proagrolab.com.ar\/en\/wp-json\/wp\/v2\/media?parent=6241"}],"wp:term":[{"taxonomy":"category","embeddable":true,"href":"https:\/\/proagrolab.com.ar\/en\/wp-json\/wp\/v2\/categories?post=6241"},{"taxonomy":"post_tag","embeddable":true,"href":"https:\/\/proagrolab.com.ar\/en\/wp-json\/wp\/v2\/tags?post=6241"}],"curies":[{"name":"wp","href":"https:\/\/api.w.org\/{rel}","templated":true}]}}