{"id":6240,"date":"2014-07-25T00:00:01","date_gmt":"2014-07-25T00:00:01","guid":{"rendered":"https:\/\/proagrolab.com.ar\/la-nacion-se-acordo-y-lanzo-creditos-y-subsidios-tamberos\/"},"modified":"2020-07-01T19:15:35","modified_gmt":"2020-07-01T19:15:35","slug":"la-nacion-se-acordo-y-lanzo-creditos-y-subsidios-tamberos","status":"publish","type":"post","link":"https:\/\/proagrolab.com.ar\/en\/la-nacion-se-acordo-y-lanzo-creditos-y-subsidios-tamberos\/","title":{"rendered":"La Naci\u00f3n se acord\u00f3 y lanz\u00f3 cr\u00e9ditos y subsidios tamberos."},"content":{"rendered":"<p class=\"qtranxs-available-languages-message qtranxs-available-languages-message-en\"> <\/p><p>Vigente la subvenci\u00f3n de tasas junto a Santa Fe y Buenos Aires, suma pr\u00e9stamos a trav\u00e9s del Banco Naci\u00f3n. A pesar de la ca\u00edda productiva del 30 por ciento, ofrecen subsidios para los m\u00e1s chicos que hayan superado interanualmente su producci\u00f3n de mayo.<\/p>\n<p><b>Por Elida Thiery <\/b>(redacci\u00f3n LA OPINION) &#8211; \u0093No por mucho madrugar se amanece m\u00e1s temprano\u0094 dec\u00eda ayer un tambero, que leyendo LA OPINION recordaba los compromisos asumidos por el Gobierno y corridos en el tiempo, aunque hayan pasado s\u00f3lo unos d\u00edas desde las palabras oficiales. En la desaz\u00f3n de haber sido embelesados por la recepci\u00f3n en el Ministerio de Econom\u00eda, fueron muchos los que una vez m\u00e1s volvieron a resignar posturas y retomaron el mismo gesto adusto que dos veces cada d\u00eda los pone frente a las vacas.<\/p>\n<p>Ayer los invit\u00e1bamos a tomar asiento a los productores, primero en el antiguo banco para orde\u00f1ar, pero luego en las reposeras de madera y lona para estar m\u00e1s c\u00f3modos. Haciendo un repaso de todo lo prometido diez d\u00edas antes, parece que hemos alterado la modorra oficial y algunos asiduos lectores acusaron recibo de la falta de cumplimiento de la funci\u00f3n p\u00fablica y pidieron agilizar los tr\u00e1mites.<\/p>\n<p>Lo cierto es que hay anuncios, pero a\u00fan nig\u00fan tambero puede salir de manera desenfrenada a instalarse frente a una muebler\u00eda para adquirir un sof\u00e1 reclinable para un mejor paso por todos estos meses que restan hasta el final de 2015, al menos, porque las \u0093herramientas\u0094 propuestas tardar\u00e1n en activarse. Claro que de mejoras concretas en las pol\u00edticas, las que pueden modificar las realidades concretas, no hay nada, as\u00ed que no salgan de la incomodidad de siempre y res\u00edgnense a las condiciones de siempre.<\/p>\n<p><i>En el Banco Naci\u00f3n<\/i><br \/>Vamos a detallar el parte oficial del Ministerio de Agricultura, Ganader\u00eda y Pesca donde se hace referencia al \u0093establecimiento de nuevas l\u00edneas de financiamiento con tasas bonificadas para capital de trabajo, equipamiento e infraestructura y un est\u00edmulo para la producci\u00f3n de litros y s\u00f3lidos \u00fatiles adicionales\u0094. Ser\u00e1 as\u00ed que \u0093a trav\u00e9s del Banco de la Naci\u00f3n Argentina se dispondr\u00e1 de 500 millones de pesos para pr\u00e9stamos al sector con una bonificaci\u00f3n de tasa de cuatro puntos sobre la tasa de inter\u00e9s asumida por la cartera agropecuaria, con el objetivo de financiar la realizaci\u00f3n de inversiones en capital de trabajo y equipamiento, infraestructura y gen\u00e9tica e incorporaci\u00f3n de innovaciones tecnol\u00f3gicas\u0094. <\/p>\n<p>El punto est\u00e1 ac\u00e1, se destina a tambos, \u0093unidades econ\u00f3micas peque\u00f1as y medianas con una producci\u00f3n promedio menor a 3.000 litros diarios (cerca del 75% de los tambos del pa\u00eds)\u0094. Por lo tanto, el par\u00e1metro de siempre de los tres mil litros como l\u00edmite queda en el olvido y ser\u00e1n los que produzcan menos los que puedan acceder al beneficio. <\/p>\n<p>Se aclara desde el MAGyP que \u0093se acord\u00f3 con los gobiernos provinciales de Buenos Aires y Santa Fe, a trav\u00e9s de sus agentes financieros, el Nuevo Banco de Santa Fe y el Banco de la Provincia de Buenos Aires, la creaci\u00f3n de otras dos l\u00edneas de pr\u00e9stamos que en una primera etapa ascender\u00e1n a $150 millones para productores del sector que se encuentren en situaciones de emergencia\u0094. Es as\u00ed que la tasa de inter\u00e9s se bonificar\u00e1 de manera compartida entre las mencionadas provincias y el Ministerio de Agricultura. En este sentido, en nuestra provincia, comenz\u00f3 a regir muy recientemente la subvenci\u00f3n de cinco puntos porcentuales de la tasa por parte de la Naci\u00f3n, sumado a un monto similar por parte de la Casa Gris, con lo cual el 13 por ciento es el total que debe afrontar el tambero. Claro que son muy pocos los que acceden al beneficio, ya que la mayor\u00eda de los productores que hoy est\u00e1n en emergencia, vienen acumulando deudas anteriores, que no permiten calificar para el cr\u00e9dito.<\/p>\n<p><i>Subsidio para la superproducci\u00f3n<\/i><br \/>A pesar de haberse negado en el encuentro del lunes 14 de julio a dar subsidios, el planteo fue repensado, pero de la peor manera.<\/p>\n<p>Recordar\u00e1n quienes estuvieron en la asamblea de Sunchales, o quienes leyeron las cr\u00f3nicas en su momento que el Subsecretario de Lecher\u00eda de la Naci\u00f3n reconoc\u00eda la merma productiva l\u00e1ctea. Con cifras que rondan el 30 por ciento de ca\u00edda, se decide premiar a quienes produzcan m\u00e1s en la comparaci\u00f3n interanual, aunque resulte dif\u00edcil leerlo.<\/p>\n<p>\u0093La Secretar\u00eda de Comercio de la Naci\u00f3n otorgar\u00e1 una medida de est\u00edmulo tambi\u00e9n para tambos cuya producci\u00f3n promedio en mayo de 2014 haya sido menor a 3.000 litros diarios. Se transferir\u00e1 mensualmente a cada tambo la suma de $10 por kilogramo adicional de s\u00f3lido \u00fatil, medido interanualmente. Las transferencias tendr\u00e1n un tope m\u00e1ximo mensual de $10 millones. El beneficio ser\u00e1 otorgado a todos aquellos productores con incrementos que puedan verificarse en tanto remitan su leche a empresas que informen las compras en el sistema inform\u00e1tico de pago por calidad\u0094. A los m\u00e1s chicos que son siempre los m\u00e1s perjudicados, incluyendo el declive sectorial, ahora se los sale a buscar con lupa para pagar. Ojal\u00e1 aparezcan muchos exitosos que den sentido a esta decisi\u00f3n de subsidiar, luego de cinco a\u00f1os.<\/p>\n<p>La aclaraci\u00f3n final oficial es imperdible. \u0093Estas iniciativas buscan paliar la situaci\u00f3n que atraviesa el sector, producto de excesos de calor en verano y fuertes lluvias durante el oto\u00f1o que afectaron negativamente la producci\u00f3n lechera en los \u00faltimos meses, como as\u00ed tambi\u00e9n acompa\u00f1ar desde el Gobierno Nacional expectativas de crecimiento para la actividad\u0094.<\/p>\n<p>Claro que en la lista de deudas que ayer public\u00e1bamos est\u00e1 la convocatoria al di\u00e1logo con los productores y la promesa de mostrar el estudio de competitividad de la cadena en la puesta en escena de la comprensi\u00f3n tambera, que llega tarde, pero seguro. Se remarca que \u0093contin\u00faan en an\u00e1lisis otras medidas para potenciar el crecimiento del sector en el mediano plazo continuando con el trabajo conjunto entre Naci\u00f3n, provincias y los distintos eslabones de la cadena productiva\u0094.<\/p>\n<p>A seguir so\u00f1ando con la c\u00f3moda poltrona, sobre todo para la espera en los bancos, cuando haya que presentar tantos papeles como entren en cada mano para intentar acceder a los beneficios y ah\u00ed si, vivir la vida de la oligarqu\u00eda tambera, pero sin olvidar la doble cita diaria junto a la orde\u00f1adora.<\/p>\n<p>Fuente: La Opini\u00f3n (Rafaela), 25 de julio.<br \/><\/p>","protected":false},"excerpt":{"rendered":"<p>Vigente la subvenci\u00f3n de tasas junto a Santa Fe y Buenos Aires, suma pr\u00e9stamos a trav\u00e9s del Banco Naci\u00f3n. A pesar de la ca\u00edda productiva del 30 por ciento, ofrecen subsidios para los m\u00e1s chicos que hayan superado interanualmente su producci\u00f3n de mayo. Por Elida Thiery (redacci\u00f3n LA OPINION) &#8211; \u0093No por mucho madrugar se amanece m\u00e1s temprano\u0094 dec\u00eda ayer un tambero, que leyendo LA OPINION recordaba los compromisos asumidos por el Gobierno y corridos en el tiempo, aunque hayan pasado s\u00f3lo unos d\u00edas desde las palabras oficiales. En la desaz\u00f3n de haber sido embelesados por la recepci\u00f3n en el Ministerio de Econom\u00eda, fueron muchos los que una vez m\u00e1s volvieron a resignar posturas y retomaron el mismo gesto adusto que dos veces cada d\u00eda los pone frente a las vacas. Ayer los invit\u00e1bamos a tomar asiento a los productores, primero en el antiguo banco para orde\u00f1ar, pero luego en las reposeras de madera y lona para estar m\u00e1s c\u00f3modos. Haciendo un repaso de todo lo prometido diez d\u00edas antes, parece que hemos alterado la modorra oficial y algunos asiduos lectores acusaron recibo de la falta de cumplimiento de la funci\u00f3n p\u00fablica y pidieron agilizar los tr\u00e1mites. Lo cierto es [&hellip;]<\/p>\n","protected":false},"author":2,"featured_media":2727,"comment_status":"closed","ping_status":"open","sticky":false,"template":"","format":"standard","meta":{"_acf_changed":false,"footnotes":""},"categories":[56],"tags":[],"class_list":["post-6240","post","type-post","status-publish","format-standard","has-post-thumbnail","hentry","category-infoganadero"],"acf":[],"yoast_head":"<!-- This site is optimized with the Yoast SEO plugin v27.4 - https:\/\/yoast.com\/product\/yoast-seo-wordpress\/ -->\n<title>La Naci\u00f3n se acord\u00f3 y lanz\u00f3 cr\u00e9ditos y subsidios tamberos. | Proagro<\/title>\n<meta name=\"robots\" content=\"index, follow, max-snippet:-1, max-image-preview:large, max-video-preview:-1\" \/>\n<link rel=\"canonical\" href=\"https:\/\/proagrolab.com.ar\/en\/la-nacion-se-acordo-y-lanzo-creditos-y-subsidios-tamberos\/\" \/>\n<meta property=\"og:locale\" content=\"en_US\" \/>\n<meta property=\"og:type\" content=\"article\" \/>\n<meta property=\"og:title\" content=\"La Naci\u00f3n se acord\u00f3 y lanz\u00f3 cr\u00e9ditos y subsidios tamberos. | Proagro\" \/>\n<meta property=\"og:description\" content=\"Vigente la subvenci\u00f3n de tasas junto a Santa Fe y Buenos Aires, suma pr\u00e9stamos a trav\u00e9s del Banco Naci\u00f3n. A pesar de la ca\u00edda productiva del 30 por ciento, ofrecen subsidios para los m\u00e1s chicos que hayan superado interanualmente su producci\u00f3n de mayo. Por Elida Thiery (redacci\u00f3n LA OPINION) &#8211; \u0093No por mucho madrugar se amanece m\u00e1s temprano\u0094 dec\u00eda ayer un tambero, que leyendo LA OPINION recordaba los compromisos asumidos por el Gobierno y corridos en el tiempo, aunque hayan pasado s\u00f3lo unos d\u00edas desde las palabras oficiales. En la desaz\u00f3n de haber sido embelesados por la recepci\u00f3n en el Ministerio de Econom\u00eda, fueron muchos los que una vez m\u00e1s volvieron a resignar posturas y retomaron el mismo gesto adusto que dos veces cada d\u00eda los pone frente a las vacas. Ayer los invit\u00e1bamos a tomar asiento a los productores, primero en el antiguo banco para orde\u00f1ar, pero luego en las reposeras de madera y lona para estar m\u00e1s c\u00f3modos. Haciendo un repaso de todo lo prometido diez d\u00edas antes, parece que hemos alterado la modorra oficial y algunos asiduos lectores acusaron recibo de la falta de cumplimiento de la funci\u00f3n p\u00fablica y pidieron agilizar los tr\u00e1mites. Lo cierto es [&hellip;]\" \/>\n<meta property=\"og:url\" content=\"https:\/\/proagrolab.com.ar\/la-nacion-se-acordo-y-lanzo-creditos-y-subsidios-tamberos\/\" \/>\n<meta property=\"og:site_name\" content=\"Proagro\" \/>\n<meta property=\"article:publisher\" content=\"http:\/\/www.facebook.com\/proagrolab\" \/>\n<meta property=\"article:published_time\" content=\"2014-07-25T00:00:01+00:00\" \/>\n<meta property=\"article:modified_time\" content=\"2020-07-01T19:15:35+00:00\" \/>\n<meta property=\"og:image\" content=\"https:\/\/proagrolab.com.ar\/wp-content\/uploads\/2015\/01\/g_0skhnajkh__Lecheras-13.jpg\" \/>\n\t<meta property=\"og:image:width\" content=\"450\" \/>\n\t<meta property=\"og:image:height\" content=\"208\" \/>\n\t<meta property=\"og:image:type\" content=\"image\/jpeg\" \/>\n<meta name=\"author\" content=\"proagrolab\" \/>\n<meta name=\"twitter:card\" content=\"summary_large_image\" \/>\n<meta name=\"twitter:label1\" content=\"Written by\" \/>\n\t<meta name=\"twitter:data1\" content=\"proagrolab\" \/>\n\t<meta name=\"twitter:label2\" content=\"Est. reading time\" \/>\n\t<meta name=\"twitter:data2\" content=\"6 minutes\" \/>\n<script type=\"application\/ld+json\" class=\"yoast-schema-graph\">{\"@context\":\"https:\\\/\\\/schema.org\",\"@graph\":[{\"@type\":\"Article\",\"@id\":\"https:\\\/\\\/proagrolab.com.ar\\\/la-nacion-se-acordo-y-lanzo-creditos-y-subsidios-tamberos\\\/#article\",\"isPartOf\":{\"@id\":\"https:\\\/\\\/proagrolab.com.ar\\\/la-nacion-se-acordo-y-lanzo-creditos-y-subsidios-tamberos\\\/\"},\"author\":{\"name\":\"proagrolab\",\"@id\":\"https:\\\/\\\/proagrolab.com.ar\\\/#\\\/schema\\\/person\\\/38003ff90bf80381f71c7d922d207444\"},\"headline\":\"La Naci\u00f3n se acord\u00f3 y lanz\u00f3 cr\u00e9ditos y subsidios tamberos.\",\"datePublished\":\"2014-07-25T00:00:01+00:00\",\"dateModified\":\"2020-07-01T19:15:35+00:00\",\"mainEntityOfPage\":{\"@id\":\"https:\\\/\\\/proagrolab.com.ar\\\/la-nacion-se-acordo-y-lanzo-creditos-y-subsidios-tamberos\\\/\"},\"wordCount\":1132,\"publisher\":{\"@id\":\"https:\\\/\\\/proagrolab.com.ar\\\/#organization\"},\"image\":{\"@id\":\"https:\\\/\\\/proagrolab.com.ar\\\/la-nacion-se-acordo-y-lanzo-creditos-y-subsidios-tamberos\\\/#primaryimage\"},\"thumbnailUrl\":\"https:\\\/\\\/proagrolab.com.ar\\\/wp-content\\\/uploads\\\/2015\\\/01\\\/g_0skhnajkh__Lecheras-13.jpg\",\"articleSection\":[\"News\"],\"inLanguage\":\"en-US\"},{\"@type\":\"WebPage\",\"@id\":\"https:\\\/\\\/proagrolab.com.ar\\\/la-nacion-se-acordo-y-lanzo-creditos-y-subsidios-tamberos\\\/\",\"url\":\"https:\\\/\\\/proagrolab.com.ar\\\/la-nacion-se-acordo-y-lanzo-creditos-y-subsidios-tamberos\\\/\",\"name\":\"La Naci\u00f3n se acord\u00f3 y lanz\u00f3 cr\u00e9ditos y subsidios tamberos. | Proagro\",\"isPartOf\":{\"@id\":\"https:\\\/\\\/proagrolab.com.ar\\\/#website\"},\"primaryImageOfPage\":{\"@id\":\"https:\\\/\\\/proagrolab.com.ar\\\/la-nacion-se-acordo-y-lanzo-creditos-y-subsidios-tamberos\\\/#primaryimage\"},\"image\":{\"@id\":\"https:\\\/\\\/proagrolab.com.ar\\\/la-nacion-se-acordo-y-lanzo-creditos-y-subsidios-tamberos\\\/#primaryimage\"},\"thumbnailUrl\":\"https:\\\/\\\/proagrolab.com.ar\\\/wp-content\\\/uploads\\\/2015\\\/01\\\/g_0skhnajkh__Lecheras-13.jpg\",\"datePublished\":\"2014-07-25T00:00:01+00:00\",\"dateModified\":\"2020-07-01T19:15:35+00:00\",\"breadcrumb\":{\"@id\":\"https:\\\/\\\/proagrolab.com.ar\\\/la-nacion-se-acordo-y-lanzo-creditos-y-subsidios-tamberos\\\/#breadcrumb\"},\"inLanguage\":\"en-US\",\"potentialAction\":[{\"@type\":\"ReadAction\",\"target\":[\"https:\\\/\\\/proagrolab.com.ar\\\/la-nacion-se-acordo-y-lanzo-creditos-y-subsidios-tamberos\\\/\"]}]},{\"@type\":\"ImageObject\",\"inLanguage\":\"en-US\",\"@id\":\"https:\\\/\\\/proagrolab.com.ar\\\/la-nacion-se-acordo-y-lanzo-creditos-y-subsidios-tamberos\\\/#primaryimage\",\"url\":\"https:\\\/\\\/proagrolab.com.ar\\\/wp-content\\\/uploads\\\/2015\\\/01\\\/g_0skhnajkh__Lecheras-13.jpg\",\"contentUrl\":\"https:\\\/\\\/proagrolab.com.ar\\\/wp-content\\\/uploads\\\/2015\\\/01\\\/g_0skhnajkh__Lecheras-13.jpg\",\"width\":450,\"height\":208},{\"@type\":\"BreadcrumbList\",\"@id\":\"https:\\\/\\\/proagrolab.com.ar\\\/la-nacion-se-acordo-y-lanzo-creditos-y-subsidios-tamberos\\\/#breadcrumb\",\"itemListElement\":[{\"@type\":\"ListItem\",\"position\":1,\"name\":\"Portada\",\"item\":\"https:\\\/\\\/proagrolab.com.ar\\\/\"},{\"@type\":\"ListItem\",\"position\":2,\"name\":\"La Naci\u00f3n se acord\u00f3 y lanz\u00f3 cr\u00e9ditos y subsidios tamberos.\"}]},{\"@type\":\"WebSite\",\"@id\":\"https:\\\/\\\/proagrolab.com.ar\\\/#website\",\"url\":\"https:\\\/\\\/proagrolab.com.ar\\\/\",\"name\":\"Proagro Laboratorio Veterinario\",\"description\":\"Veterinary laboratory\",\"publisher\":{\"@id\":\"https:\\\/\\\/proagrolab.com.ar\\\/#organization\"},\"potentialAction\":[{\"@type\":\"SearchAction\",\"target\":{\"@type\":\"EntryPoint\",\"urlTemplate\":\"https:\\\/\\\/proagrolab.com.ar\\\/?s={search_term_string}\"},\"query-input\":{\"@type\":\"PropertyValueSpecification\",\"valueRequired\":true,\"valueName\":\"search_term_string\"}}],\"inLanguage\":\"en-US\"},{\"@type\":\"Organization\",\"@id\":\"https:\\\/\\\/proagrolab.com.ar\\\/#organization\",\"name\":\"Proagro\",\"url\":\"https:\\\/\\\/proagrolab.com.ar\\\/\",\"logo\":{\"@type\":\"ImageObject\",\"inLanguage\":\"en-US\",\"@id\":\"https:\\\/\\\/proagrolab.com.ar\\\/#\\\/schema\\\/logo\\\/image\\\/\",\"url\":\"https:\\\/\\\/proagrolab.com.ar\\\/wp-content\\\/uploads\\\/2020\\\/04\\\/logo-retina.png\",\"contentUrl\":\"https:\\\/\\\/proagrolab.com.ar\\\/wp-content\\\/uploads\\\/2020\\\/04\\\/logo-retina.png\",\"width\":478,\"height\":120,\"caption\":\"Proagro\"},\"image\":{\"@id\":\"https:\\\/\\\/proagrolab.com.ar\\\/#\\\/schema\\\/logo\\\/image\\\/\"},\"sameAs\":[\"http:\\\/\\\/www.facebook.com\\\/proagrolab\",\"https:\\\/\\\/www.instagram.com\\\/proagrolab\\\/\",\"https:\\\/\\\/www.linkedin.com\\\/company\\\/laboratorio-proagro-s-a\\\/\"]},{\"@type\":\"Person\",\"@id\":\"https:\\\/\\\/proagrolab.com.ar\\\/#\\\/schema\\\/person\\\/38003ff90bf80381f71c7d922d207444\",\"name\":\"proagrolab\"}]}<\/script>\n<!-- \/ Yoast SEO plugin. -->","yoast_head_json":{"title":"La Naci\u00f3n se acord\u00f3 y lanz\u00f3 cr\u00e9ditos y subsidios tamberos. | Proagro","robots":{"index":"index","follow":"follow","max-snippet":"max-snippet:-1","max-image-preview":"max-image-preview:large","max-video-preview":"max-video-preview:-1"},"canonical":"https:\/\/proagrolab.com.ar\/en\/la-nacion-se-acordo-y-lanzo-creditos-y-subsidios-tamberos\/","og_locale":"en_US","og_type":"article","og_title":"La Naci\u00f3n se acord\u00f3 y lanz\u00f3 cr\u00e9ditos y subsidios tamberos. | Proagro","og_description":"Vigente la subvenci\u00f3n de tasas junto a Santa Fe y Buenos Aires, suma pr\u00e9stamos a trav\u00e9s del Banco Naci\u00f3n. A pesar de la ca\u00edda productiva del 30 por ciento, ofrecen subsidios para los m\u00e1s chicos que hayan superado interanualmente su producci\u00f3n de mayo. Por Elida Thiery (redacci\u00f3n LA OPINION) &#8211; \u0093No por mucho madrugar se amanece m\u00e1s temprano\u0094 dec\u00eda ayer un tambero, que leyendo LA OPINION recordaba los compromisos asumidos por el Gobierno y corridos en el tiempo, aunque hayan pasado s\u00f3lo unos d\u00edas desde las palabras oficiales. En la desaz\u00f3n de haber sido embelesados por la recepci\u00f3n en el Ministerio de Econom\u00eda, fueron muchos los que una vez m\u00e1s volvieron a resignar posturas y retomaron el mismo gesto adusto que dos veces cada d\u00eda los pone frente a las vacas. Ayer los invit\u00e1bamos a tomar asiento a los productores, primero en el antiguo banco para orde\u00f1ar, pero luego en las reposeras de madera y lona para estar m\u00e1s c\u00f3modos. Haciendo un repaso de todo lo prometido diez d\u00edas antes, parece que hemos alterado la modorra oficial y algunos asiduos lectores acusaron recibo de la falta de cumplimiento de la funci\u00f3n p\u00fablica y pidieron agilizar los tr\u00e1mites. Lo cierto es [&hellip;]","og_url":"https:\/\/proagrolab.com.ar\/la-nacion-se-acordo-y-lanzo-creditos-y-subsidios-tamberos\/","og_site_name":"Proagro","article_publisher":"http:\/\/www.facebook.com\/proagrolab","article_published_time":"2014-07-25T00:00:01+00:00","article_modified_time":"2020-07-01T19:15:35+00:00","og_image":[{"width":450,"height":208,"url":"https:\/\/proagrolab.com.ar\/wp-content\/uploads\/2015\/01\/g_0skhnajkh__Lecheras-13.jpg","type":"image\/jpeg"}],"author":"proagrolab","twitter_card":"summary_large_image","twitter_misc":{"Written by":"proagrolab","Est. reading time":"6 minutes"},"schema":{"@context":"https:\/\/schema.org","@graph":[{"@type":"Article","@id":"https:\/\/proagrolab.com.ar\/la-nacion-se-acordo-y-lanzo-creditos-y-subsidios-tamberos\/#article","isPartOf":{"@id":"https:\/\/proagrolab.com.ar\/la-nacion-se-acordo-y-lanzo-creditos-y-subsidios-tamberos\/"},"author":{"name":"proagrolab","@id":"https:\/\/proagrolab.com.ar\/#\/schema\/person\/38003ff90bf80381f71c7d922d207444"},"headline":"La Naci\u00f3n se acord\u00f3 y lanz\u00f3 cr\u00e9ditos y subsidios tamberos.","datePublished":"2014-07-25T00:00:01+00:00","dateModified":"2020-07-01T19:15:35+00:00","mainEntityOfPage":{"@id":"https:\/\/proagrolab.com.ar\/la-nacion-se-acordo-y-lanzo-creditos-y-subsidios-tamberos\/"},"wordCount":1132,"publisher":{"@id":"https:\/\/proagrolab.com.ar\/#organization"},"image":{"@id":"https:\/\/proagrolab.com.ar\/la-nacion-se-acordo-y-lanzo-creditos-y-subsidios-tamberos\/#primaryimage"},"thumbnailUrl":"https:\/\/proagrolab.com.ar\/wp-content\/uploads\/2015\/01\/g_0skhnajkh__Lecheras-13.jpg","articleSection":["News"],"inLanguage":"en-US"},{"@type":"WebPage","@id":"https:\/\/proagrolab.com.ar\/la-nacion-se-acordo-y-lanzo-creditos-y-subsidios-tamberos\/","url":"https:\/\/proagrolab.com.ar\/la-nacion-se-acordo-y-lanzo-creditos-y-subsidios-tamberos\/","name":"La Naci\u00f3n se acord\u00f3 y lanz\u00f3 cr\u00e9ditos y subsidios tamberos. | Proagro","isPartOf":{"@id":"https:\/\/proagrolab.com.ar\/#website"},"primaryImageOfPage":{"@id":"https:\/\/proagrolab.com.ar\/la-nacion-se-acordo-y-lanzo-creditos-y-subsidios-tamberos\/#primaryimage"},"image":{"@id":"https:\/\/proagrolab.com.ar\/la-nacion-se-acordo-y-lanzo-creditos-y-subsidios-tamberos\/#primaryimage"},"thumbnailUrl":"https:\/\/proagrolab.com.ar\/wp-content\/uploads\/2015\/01\/g_0skhnajkh__Lecheras-13.jpg","datePublished":"2014-07-25T00:00:01+00:00","dateModified":"2020-07-01T19:15:35+00:00","breadcrumb":{"@id":"https:\/\/proagrolab.com.ar\/la-nacion-se-acordo-y-lanzo-creditos-y-subsidios-tamberos\/#breadcrumb"},"inLanguage":"en-US","potentialAction":[{"@type":"ReadAction","target":["https:\/\/proagrolab.com.ar\/la-nacion-se-acordo-y-lanzo-creditos-y-subsidios-tamberos\/"]}]},{"@type":"ImageObject","inLanguage":"en-US","@id":"https:\/\/proagrolab.com.ar\/la-nacion-se-acordo-y-lanzo-creditos-y-subsidios-tamberos\/#primaryimage","url":"https:\/\/proagrolab.com.ar\/wp-content\/uploads\/2015\/01\/g_0skhnajkh__Lecheras-13.jpg","contentUrl":"https:\/\/proagrolab.com.ar\/wp-content\/uploads\/2015\/01\/g_0skhnajkh__Lecheras-13.jpg","width":450,"height":208},{"@type":"BreadcrumbList","@id":"https:\/\/proagrolab.com.ar\/la-nacion-se-acordo-y-lanzo-creditos-y-subsidios-tamberos\/#breadcrumb","itemListElement":[{"@type":"ListItem","position":1,"name":"Portada","item":"https:\/\/proagrolab.com.ar\/"},{"@type":"ListItem","position":2,"name":"La Naci\u00f3n se acord\u00f3 y lanz\u00f3 cr\u00e9ditos y subsidios tamberos."}]},{"@type":"WebSite","@id":"https:\/\/proagrolab.com.ar\/#website","url":"https:\/\/proagrolab.com.ar\/","name":"Proagro Laboratorio Veterinario","description":"Veterinary laboratory","publisher":{"@id":"https:\/\/proagrolab.com.ar\/#organization"},"potentialAction":[{"@type":"SearchAction","target":{"@type":"EntryPoint","urlTemplate":"https:\/\/proagrolab.com.ar\/?s={search_term_string}"},"query-input":{"@type":"PropertyValueSpecification","valueRequired":true,"valueName":"search_term_string"}}],"inLanguage":"en-US"},{"@type":"Organization","@id":"https:\/\/proagrolab.com.ar\/#organization","name":"Proagro","url":"https:\/\/proagrolab.com.ar\/","logo":{"@type":"ImageObject","inLanguage":"en-US","@id":"https:\/\/proagrolab.com.ar\/#\/schema\/logo\/image\/","url":"https:\/\/proagrolab.com.ar\/wp-content\/uploads\/2020\/04\/logo-retina.png","contentUrl":"https:\/\/proagrolab.com.ar\/wp-content\/uploads\/2020\/04\/logo-retina.png","width":478,"height":120,"caption":"Proagro"},"image":{"@id":"https:\/\/proagrolab.com.ar\/#\/schema\/logo\/image\/"},"sameAs":["http:\/\/www.facebook.com\/proagrolab","https:\/\/www.instagram.com\/proagrolab\/","https:\/\/www.linkedin.com\/company\/laboratorio-proagro-s-a\/"]},{"@type":"Person","@id":"https:\/\/proagrolab.com.ar\/#\/schema\/person\/38003ff90bf80381f71c7d922d207444","name":"proagrolab"}]}},"_links":{"self":[{"href":"https:\/\/proagrolab.com.ar\/en\/wp-json\/wp\/v2\/posts\/6240","targetHints":{"allow":["GET"]}}],"collection":[{"href":"https:\/\/proagrolab.com.ar\/en\/wp-json\/wp\/v2\/posts"}],"about":[{"href":"https:\/\/proagrolab.com.ar\/en\/wp-json\/wp\/v2\/types\/post"}],"author":[{"embeddable":true,"href":"https:\/\/proagrolab.com.ar\/en\/wp-json\/wp\/v2\/users\/2"}],"replies":[{"embeddable":true,"href":"https:\/\/proagrolab.com.ar\/en\/wp-json\/wp\/v2\/comments?post=6240"}],"version-history":[{"count":1,"href":"https:\/\/proagrolab.com.ar\/en\/wp-json\/wp\/v2\/posts\/6240\/revisions"}],"predecessor-version":[{"id":14361,"href":"https:\/\/proagrolab.com.ar\/en\/wp-json\/wp\/v2\/posts\/6240\/revisions\/14361"}],"wp:featuredmedia":[{"embeddable":true,"href":"https:\/\/proagrolab.com.ar\/en\/wp-json\/wp\/v2\/media\/2727"}],"wp:attachment":[{"href":"https:\/\/proagrolab.com.ar\/en\/wp-json\/wp\/v2\/media?parent=6240"}],"wp:term":[{"taxonomy":"category","embeddable":true,"href":"https:\/\/proagrolab.com.ar\/en\/wp-json\/wp\/v2\/categories?post=6240"},{"taxonomy":"post_tag","embeddable":true,"href":"https:\/\/proagrolab.com.ar\/en\/wp-json\/wp\/v2\/tags?post=6240"}],"curies":[{"name":"wp","href":"https:\/\/api.w.org\/{rel}","templated":true}]}}