{"id":6239,"date":"2014-07-24T00:00:01","date_gmt":"2014-07-24T00:00:01","guid":{"rendered":"https:\/\/proagrolab.com.ar\/subasta-especial-de-vientres-de-cabanas-formosenas-integradas\/"},"modified":"2020-07-01T19:18:49","modified_gmt":"2020-07-01T19:18:49","slug":"subasta-especial-de-vientres-de-cabanas-formosenas-integradas","status":"publish","type":"post","link":"https:\/\/proagrolab.com.ar\/en\/subasta-especial-de-vientres-de-cabanas-formosenas-integradas\/","title":{"rendered":"Subasta especial de vientres de Caba\u00f1as Formose\u00f1as Integradas."},"content":{"rendered":"<p class=\"qtranxs-available-languages-message qtranxs-available-languages-message-en\"> <\/p><p>Formosa.- Por primera vez se realiz\u00f3 en la provincia, el s\u00e1bado pasado, el remate de alrededor de 1000 hembras pre\u00f1adas organizado por Caba\u00f1as Formose\u00f1as Integradas, con haciendas que en casi un 30% se encuentran inscriptas en los registros de las asociaciones de criadores de Brangus, Braford y de Brahman. <\/p>\n<p>La subasta, que estuvo a cargo de la firma Colombo y Magliano, se desarroll\u00f3 en la Sociedad Rural de Formosa. <\/p>\n<p>Expusieron sus animales trece caba\u00f1as formose\u00f1as, de las cuales vendieron hembras Estancia La Alegr\u00eda; El Remanso; Do\u00f1a Beatriz; Oro Negro; Don Nicasio; La Carlina; San Lorenzo; Rinc\u00f3n el Pombero y El Amargo. Adem\u00e1s de las hembras, se negociaron 50 toros. <\/p>\n<p>A continuaci\u00f3n se detallan los valores promedio, m\u00ednimo y m\u00e1ximo obtenidos: vaquillas generales, $ 8126, de $ 7300 a 9100; toros Brangus, $ 29.000, de $ 18.000 a 38.000; toros Braford, $ 28.700, de $ 25.000 a 33.000; hembras Brangus, $ 11.250, de $ 7400 a 39.000; hembras Braford, $ 15.940, de $ 9000 a 55.500. <\/p>\n<p>Para contribuir a la din\u00e1mica de las transacciones, el gobierno local puso a disposici\u00f3n de los productores 10 millones de pesos a trav\u00e9s del esquema de financiamiento del Fondo Fiduciario Provincial. Tras la subasta, el ministro de la Producci\u00f3n y Ambiente, Ra\u00fal Quintana, destac\u00f3 el trabajo y la mejora gen\u00e9tica que est\u00e1n haciendo las caba\u00f1as formose\u00f1as y que el 75% de los reproductores vendidos haya quedado en la provincia.<\/p>\n<p>Fuente: La Naci\u00f3n, 24 de julio.<br \/><\/p>","protected":false},"excerpt":{"rendered":"<p>Formosa.- Por primera vez se realiz\u00f3 en la provincia, el s\u00e1bado pasado, el remate de alrededor de 1000 hembras pre\u00f1adas organizado por Caba\u00f1as Formose\u00f1as Integradas, con haciendas que en casi un 30% se encuentran inscriptas en los registros de las asociaciones de criadores de Brangus, Braford y de Brahman. La subasta, que estuvo a cargo de la firma Colombo y Magliano, se desarroll\u00f3 en la Sociedad Rural de Formosa. Expusieron sus animales trece caba\u00f1as formose\u00f1as, de las cuales vendieron hembras Estancia La Alegr\u00eda; El Remanso; Do\u00f1a Beatriz; Oro Negro; Don Nicasio; La Carlina; San Lorenzo; Rinc\u00f3n el Pombero y El Amargo. Adem\u00e1s de las hembras, se negociaron 50 toros. A continuaci\u00f3n se detallan los valores promedio, m\u00ednimo y m\u00e1ximo obtenidos: vaquillas generales, $ 8126, de $ 7300 a 9100; toros Brangus, $ 29.000, de $ 18.000 a 38.000; toros Braford, $ 28.700, de $ 25.000 a 33.000; hembras Brangus, $ 11.250, de $ 7400 a 39.000; hembras Braford, $ 15.940, de $ 9000 a 55.500. Para contribuir a la din\u00e1mica de las transacciones, el gobierno local puso a disposici\u00f3n de los productores 10 millones de pesos a trav\u00e9s del esquema de financiamiento del Fondo Fiduciario Provincial. Tras la subasta, el [&hellip;]<\/p>\n","protected":false},"author":2,"featured_media":2726,"comment_status":"closed","ping_status":"open","sticky":false,"template":"","format":"standard","meta":{"_acf_changed":false,"footnotes":""},"categories":[56],"tags":[],"class_list":["post-6239","post","type-post","status-publish","format-standard","has-post-thumbnail","hentry","category-infoganadero"],"acf":[],"yoast_head":"<!-- This site is optimized with the Yoast SEO plugin v27.4 - https:\/\/yoast.com\/product\/yoast-seo-wordpress\/ -->\n<title>Subasta especial de vientres de Caba\u00f1as Formose\u00f1as Integradas. | Proagro<\/title>\n<meta name=\"robots\" content=\"index, follow, max-snippet:-1, max-image-preview:large, max-video-preview:-1\" \/>\n<link rel=\"canonical\" href=\"https:\/\/proagrolab.com.ar\/en\/subasta-especial-de-vientres-de-cabanas-formosenas-integradas\/\" \/>\n<meta property=\"og:locale\" content=\"en_US\" \/>\n<meta property=\"og:type\" content=\"article\" \/>\n<meta property=\"og:title\" content=\"Subasta especial de vientres de Caba\u00f1as Formose\u00f1as Integradas. | Proagro\" \/>\n<meta property=\"og:description\" content=\"Formosa.- Por primera vez se realiz\u00f3 en la provincia, el s\u00e1bado pasado, el remate de alrededor de 1000 hembras pre\u00f1adas organizado por Caba\u00f1as Formose\u00f1as Integradas, con haciendas que en casi un 30% se encuentran inscriptas en los registros de las asociaciones de criadores de Brangus, Braford y de Brahman. La subasta, que estuvo a cargo de la firma Colombo y Magliano, se desarroll\u00f3 en la Sociedad Rural de Formosa. Expusieron sus animales trece caba\u00f1as formose\u00f1as, de las cuales vendieron hembras Estancia La Alegr\u00eda; El Remanso; Do\u00f1a Beatriz; Oro Negro; Don Nicasio; La Carlina; San Lorenzo; Rinc\u00f3n el Pombero y El Amargo. Adem\u00e1s de las hembras, se negociaron 50 toros. A continuaci\u00f3n se detallan los valores promedio, m\u00ednimo y m\u00e1ximo obtenidos: vaquillas generales, $ 8126, de $ 7300 a 9100; toros Brangus, $ 29.000, de $ 18.000 a 38.000; toros Braford, $ 28.700, de $ 25.000 a 33.000; hembras Brangus, $ 11.250, de $ 7400 a 39.000; hembras Braford, $ 15.940, de $ 9000 a 55.500. Para contribuir a la din\u00e1mica de las transacciones, el gobierno local puso a disposici\u00f3n de los productores 10 millones de pesos a trav\u00e9s del esquema de financiamiento del Fondo Fiduciario Provincial. Tras la subasta, el [&hellip;]\" \/>\n<meta property=\"og:url\" content=\"https:\/\/proagrolab.com.ar\/subasta-especial-de-vientres-de-cabanas-formosenas-integradas\/\" \/>\n<meta property=\"og:site_name\" content=\"Proagro\" \/>\n<meta property=\"article:publisher\" content=\"http:\/\/www.facebook.com\/proagrolab\" \/>\n<meta property=\"article:published_time\" content=\"2014-07-24T00:00:01+00:00\" \/>\n<meta property=\"article:modified_time\" content=\"2020-07-01T19:18:49+00:00\" \/>\n<meta property=\"og:image\" content=\"https:\/\/proagrolab.com.ar\/wp-content\/uploads\/2015\/01\/g_41enuaw9q__Remates.jpg\" \/>\n\t<meta property=\"og:image:width\" content=\"450\" \/>\n\t<meta property=\"og:image:height\" content=\"208\" \/>\n\t<meta property=\"og:image:type\" content=\"image\/jpeg\" \/>\n<meta name=\"author\" content=\"proagrolab\" \/>\n<meta name=\"twitter:card\" content=\"summary_large_image\" \/>\n<meta name=\"twitter:label1\" content=\"Written by\" \/>\n\t<meta name=\"twitter:data1\" content=\"proagrolab\" \/>\n\t<meta name=\"twitter:label2\" content=\"Est. reading time\" \/>\n\t<meta name=\"twitter:data2\" content=\"1 minute\" \/>\n<script type=\"application\/ld+json\" class=\"yoast-schema-graph\">{\"@context\":\"https:\\\/\\\/schema.org\",\"@graph\":[{\"@type\":\"Article\",\"@id\":\"https:\\\/\\\/proagrolab.com.ar\\\/subasta-especial-de-vientres-de-cabanas-formosenas-integradas\\\/#article\",\"isPartOf\":{\"@id\":\"https:\\\/\\\/proagrolab.com.ar\\\/subasta-especial-de-vientres-de-cabanas-formosenas-integradas\\\/\"},\"author\":{\"name\":\"proagrolab\",\"@id\":\"https:\\\/\\\/proagrolab.com.ar\\\/#\\\/schema\\\/person\\\/38003ff90bf80381f71c7d922d207444\"},\"headline\":\"Subasta especial de vientres de Caba\u00f1as Formose\u00f1as Integradas.\",\"datePublished\":\"2014-07-24T00:00:01+00:00\",\"dateModified\":\"2020-07-01T19:18:49+00:00\",\"mainEntityOfPage\":{\"@id\":\"https:\\\/\\\/proagrolab.com.ar\\\/subasta-especial-de-vientres-de-cabanas-formosenas-integradas\\\/\"},\"wordCount\":243,\"publisher\":{\"@id\":\"https:\\\/\\\/proagrolab.com.ar\\\/#organization\"},\"image\":{\"@id\":\"https:\\\/\\\/proagrolab.com.ar\\\/subasta-especial-de-vientres-de-cabanas-formosenas-integradas\\\/#primaryimage\"},\"thumbnailUrl\":\"https:\\\/\\\/proagrolab.com.ar\\\/wp-content\\\/uploads\\\/2015\\\/01\\\/g_41enuaw9q__Remates.jpg\",\"articleSection\":[\"News\"],\"inLanguage\":\"en-US\"},{\"@type\":\"WebPage\",\"@id\":\"https:\\\/\\\/proagrolab.com.ar\\\/subasta-especial-de-vientres-de-cabanas-formosenas-integradas\\\/\",\"url\":\"https:\\\/\\\/proagrolab.com.ar\\\/subasta-especial-de-vientres-de-cabanas-formosenas-integradas\\\/\",\"name\":\"Subasta especial de vientres de Caba\u00f1as Formose\u00f1as Integradas. | Proagro\",\"isPartOf\":{\"@id\":\"https:\\\/\\\/proagrolab.com.ar\\\/#website\"},\"primaryImageOfPage\":{\"@id\":\"https:\\\/\\\/proagrolab.com.ar\\\/subasta-especial-de-vientres-de-cabanas-formosenas-integradas\\\/#primaryimage\"},\"image\":{\"@id\":\"https:\\\/\\\/proagrolab.com.ar\\\/subasta-especial-de-vientres-de-cabanas-formosenas-integradas\\\/#primaryimage\"},\"thumbnailUrl\":\"https:\\\/\\\/proagrolab.com.ar\\\/wp-content\\\/uploads\\\/2015\\\/01\\\/g_41enuaw9q__Remates.jpg\",\"datePublished\":\"2014-07-24T00:00:01+00:00\",\"dateModified\":\"2020-07-01T19:18:49+00:00\",\"breadcrumb\":{\"@id\":\"https:\\\/\\\/proagrolab.com.ar\\\/subasta-especial-de-vientres-de-cabanas-formosenas-integradas\\\/#breadcrumb\"},\"inLanguage\":\"en-US\",\"potentialAction\":[{\"@type\":\"ReadAction\",\"target\":[\"https:\\\/\\\/proagrolab.com.ar\\\/subasta-especial-de-vientres-de-cabanas-formosenas-integradas\\\/\"]}]},{\"@type\":\"ImageObject\",\"inLanguage\":\"en-US\",\"@id\":\"https:\\\/\\\/proagrolab.com.ar\\\/subasta-especial-de-vientres-de-cabanas-formosenas-integradas\\\/#primaryimage\",\"url\":\"https:\\\/\\\/proagrolab.com.ar\\\/wp-content\\\/uploads\\\/2015\\\/01\\\/g_41enuaw9q__Remates.jpg\",\"contentUrl\":\"https:\\\/\\\/proagrolab.com.ar\\\/wp-content\\\/uploads\\\/2015\\\/01\\\/g_41enuaw9q__Remates.jpg\",\"width\":450,\"height\":208},{\"@type\":\"BreadcrumbList\",\"@id\":\"https:\\\/\\\/proagrolab.com.ar\\\/subasta-especial-de-vientres-de-cabanas-formosenas-integradas\\\/#breadcrumb\",\"itemListElement\":[{\"@type\":\"ListItem\",\"position\":1,\"name\":\"Portada\",\"item\":\"https:\\\/\\\/proagrolab.com.ar\\\/\"},{\"@type\":\"ListItem\",\"position\":2,\"name\":\"Subasta especial de vientres de Caba\u00f1as Formose\u00f1as Integradas.\"}]},{\"@type\":\"WebSite\",\"@id\":\"https:\\\/\\\/proagrolab.com.ar\\\/#website\",\"url\":\"https:\\\/\\\/proagrolab.com.ar\\\/\",\"name\":\"Proagro Laboratorio Veterinario\",\"description\":\"Veterinary laboratory\",\"publisher\":{\"@id\":\"https:\\\/\\\/proagrolab.com.ar\\\/#organization\"},\"potentialAction\":[{\"@type\":\"SearchAction\",\"target\":{\"@type\":\"EntryPoint\",\"urlTemplate\":\"https:\\\/\\\/proagrolab.com.ar\\\/?s={search_term_string}\"},\"query-input\":{\"@type\":\"PropertyValueSpecification\",\"valueRequired\":true,\"valueName\":\"search_term_string\"}}],\"inLanguage\":\"en-US\"},{\"@type\":\"Organization\",\"@id\":\"https:\\\/\\\/proagrolab.com.ar\\\/#organization\",\"name\":\"Proagro\",\"url\":\"https:\\\/\\\/proagrolab.com.ar\\\/\",\"logo\":{\"@type\":\"ImageObject\",\"inLanguage\":\"en-US\",\"@id\":\"https:\\\/\\\/proagrolab.com.ar\\\/#\\\/schema\\\/logo\\\/image\\\/\",\"url\":\"https:\\\/\\\/proagrolab.com.ar\\\/wp-content\\\/uploads\\\/2020\\\/04\\\/logo-retina.png\",\"contentUrl\":\"https:\\\/\\\/proagrolab.com.ar\\\/wp-content\\\/uploads\\\/2020\\\/04\\\/logo-retina.png\",\"width\":478,\"height\":120,\"caption\":\"Proagro\"},\"image\":{\"@id\":\"https:\\\/\\\/proagrolab.com.ar\\\/#\\\/schema\\\/logo\\\/image\\\/\"},\"sameAs\":[\"http:\\\/\\\/www.facebook.com\\\/proagrolab\",\"https:\\\/\\\/www.instagram.com\\\/proagrolab\\\/\",\"https:\\\/\\\/www.linkedin.com\\\/company\\\/laboratorio-proagro-s-a\\\/\"]},{\"@type\":\"Person\",\"@id\":\"https:\\\/\\\/proagrolab.com.ar\\\/#\\\/schema\\\/person\\\/38003ff90bf80381f71c7d922d207444\",\"name\":\"proagrolab\"}]}<\/script>\n<!-- \/ Yoast SEO plugin. -->","yoast_head_json":{"title":"Subasta especial de vientres de Caba\u00f1as Formose\u00f1as Integradas. | Proagro","robots":{"index":"index","follow":"follow","max-snippet":"max-snippet:-1","max-image-preview":"max-image-preview:large","max-video-preview":"max-video-preview:-1"},"canonical":"https:\/\/proagrolab.com.ar\/en\/subasta-especial-de-vientres-de-cabanas-formosenas-integradas\/","og_locale":"en_US","og_type":"article","og_title":"Subasta especial de vientres de Caba\u00f1as Formose\u00f1as Integradas. | Proagro","og_description":"Formosa.- Por primera vez se realiz\u00f3 en la provincia, el s\u00e1bado pasado, el remate de alrededor de 1000 hembras pre\u00f1adas organizado por Caba\u00f1as Formose\u00f1as Integradas, con haciendas que en casi un 30% se encuentran inscriptas en los registros de las asociaciones de criadores de Brangus, Braford y de Brahman. La subasta, que estuvo a cargo de la firma Colombo y Magliano, se desarroll\u00f3 en la Sociedad Rural de Formosa. Expusieron sus animales trece caba\u00f1as formose\u00f1as, de las cuales vendieron hembras Estancia La Alegr\u00eda; El Remanso; Do\u00f1a Beatriz; Oro Negro; Don Nicasio; La Carlina; San Lorenzo; Rinc\u00f3n el Pombero y El Amargo. Adem\u00e1s de las hembras, se negociaron 50 toros. A continuaci\u00f3n se detallan los valores promedio, m\u00ednimo y m\u00e1ximo obtenidos: vaquillas generales, $ 8126, de $ 7300 a 9100; toros Brangus, $ 29.000, de $ 18.000 a 38.000; toros Braford, $ 28.700, de $ 25.000 a 33.000; hembras Brangus, $ 11.250, de $ 7400 a 39.000; hembras Braford, $ 15.940, de $ 9000 a 55.500. Para contribuir a la din\u00e1mica de las transacciones, el gobierno local puso a disposici\u00f3n de los productores 10 millones de pesos a trav\u00e9s del esquema de financiamiento del Fondo Fiduciario Provincial. Tras la subasta, el [&hellip;]","og_url":"https:\/\/proagrolab.com.ar\/subasta-especial-de-vientres-de-cabanas-formosenas-integradas\/","og_site_name":"Proagro","article_publisher":"http:\/\/www.facebook.com\/proagrolab","article_published_time":"2014-07-24T00:00:01+00:00","article_modified_time":"2020-07-01T19:18:49+00:00","og_image":[{"width":450,"height":208,"url":"https:\/\/proagrolab.com.ar\/wp-content\/uploads\/2015\/01\/g_41enuaw9q__Remates.jpg","type":"image\/jpeg"}],"author":"proagrolab","twitter_card":"summary_large_image","twitter_misc":{"Written by":"proagrolab","Est. reading time":"1 minute"},"schema":{"@context":"https:\/\/schema.org","@graph":[{"@type":"Article","@id":"https:\/\/proagrolab.com.ar\/subasta-especial-de-vientres-de-cabanas-formosenas-integradas\/#article","isPartOf":{"@id":"https:\/\/proagrolab.com.ar\/subasta-especial-de-vientres-de-cabanas-formosenas-integradas\/"},"author":{"name":"proagrolab","@id":"https:\/\/proagrolab.com.ar\/#\/schema\/person\/38003ff90bf80381f71c7d922d207444"},"headline":"Subasta especial de vientres de Caba\u00f1as Formose\u00f1as Integradas.","datePublished":"2014-07-24T00:00:01+00:00","dateModified":"2020-07-01T19:18:49+00:00","mainEntityOfPage":{"@id":"https:\/\/proagrolab.com.ar\/subasta-especial-de-vientres-de-cabanas-formosenas-integradas\/"},"wordCount":243,"publisher":{"@id":"https:\/\/proagrolab.com.ar\/#organization"},"image":{"@id":"https:\/\/proagrolab.com.ar\/subasta-especial-de-vientres-de-cabanas-formosenas-integradas\/#primaryimage"},"thumbnailUrl":"https:\/\/proagrolab.com.ar\/wp-content\/uploads\/2015\/01\/g_41enuaw9q__Remates.jpg","articleSection":["News"],"inLanguage":"en-US"},{"@type":"WebPage","@id":"https:\/\/proagrolab.com.ar\/subasta-especial-de-vientres-de-cabanas-formosenas-integradas\/","url":"https:\/\/proagrolab.com.ar\/subasta-especial-de-vientres-de-cabanas-formosenas-integradas\/","name":"Subasta especial de vientres de Caba\u00f1as Formose\u00f1as Integradas. | Proagro","isPartOf":{"@id":"https:\/\/proagrolab.com.ar\/#website"},"primaryImageOfPage":{"@id":"https:\/\/proagrolab.com.ar\/subasta-especial-de-vientres-de-cabanas-formosenas-integradas\/#primaryimage"},"image":{"@id":"https:\/\/proagrolab.com.ar\/subasta-especial-de-vientres-de-cabanas-formosenas-integradas\/#primaryimage"},"thumbnailUrl":"https:\/\/proagrolab.com.ar\/wp-content\/uploads\/2015\/01\/g_41enuaw9q__Remates.jpg","datePublished":"2014-07-24T00:00:01+00:00","dateModified":"2020-07-01T19:18:49+00:00","breadcrumb":{"@id":"https:\/\/proagrolab.com.ar\/subasta-especial-de-vientres-de-cabanas-formosenas-integradas\/#breadcrumb"},"inLanguage":"en-US","potentialAction":[{"@type":"ReadAction","target":["https:\/\/proagrolab.com.ar\/subasta-especial-de-vientres-de-cabanas-formosenas-integradas\/"]}]},{"@type":"ImageObject","inLanguage":"en-US","@id":"https:\/\/proagrolab.com.ar\/subasta-especial-de-vientres-de-cabanas-formosenas-integradas\/#primaryimage","url":"https:\/\/proagrolab.com.ar\/wp-content\/uploads\/2015\/01\/g_41enuaw9q__Remates.jpg","contentUrl":"https:\/\/proagrolab.com.ar\/wp-content\/uploads\/2015\/01\/g_41enuaw9q__Remates.jpg","width":450,"height":208},{"@type":"BreadcrumbList","@id":"https:\/\/proagrolab.com.ar\/subasta-especial-de-vientres-de-cabanas-formosenas-integradas\/#breadcrumb","itemListElement":[{"@type":"ListItem","position":1,"name":"Portada","item":"https:\/\/proagrolab.com.ar\/"},{"@type":"ListItem","position":2,"name":"Subasta especial de vientres de Caba\u00f1as Formose\u00f1as Integradas."}]},{"@type":"WebSite","@id":"https:\/\/proagrolab.com.ar\/#website","url":"https:\/\/proagrolab.com.ar\/","name":"Proagro Laboratorio Veterinario","description":"Veterinary laboratory","publisher":{"@id":"https:\/\/proagrolab.com.ar\/#organization"},"potentialAction":[{"@type":"SearchAction","target":{"@type":"EntryPoint","urlTemplate":"https:\/\/proagrolab.com.ar\/?s={search_term_string}"},"query-input":{"@type":"PropertyValueSpecification","valueRequired":true,"valueName":"search_term_string"}}],"inLanguage":"en-US"},{"@type":"Organization","@id":"https:\/\/proagrolab.com.ar\/#organization","name":"Proagro","url":"https:\/\/proagrolab.com.ar\/","logo":{"@type":"ImageObject","inLanguage":"en-US","@id":"https:\/\/proagrolab.com.ar\/#\/schema\/logo\/image\/","url":"https:\/\/proagrolab.com.ar\/wp-content\/uploads\/2020\/04\/logo-retina.png","contentUrl":"https:\/\/proagrolab.com.ar\/wp-content\/uploads\/2020\/04\/logo-retina.png","width":478,"height":120,"caption":"Proagro"},"image":{"@id":"https:\/\/proagrolab.com.ar\/#\/schema\/logo\/image\/"},"sameAs":["http:\/\/www.facebook.com\/proagrolab","https:\/\/www.instagram.com\/proagrolab\/","https:\/\/www.linkedin.com\/company\/laboratorio-proagro-s-a\/"]},{"@type":"Person","@id":"https:\/\/proagrolab.com.ar\/#\/schema\/person\/38003ff90bf80381f71c7d922d207444","name":"proagrolab"}]}},"_links":{"self":[{"href":"https:\/\/proagrolab.com.ar\/en\/wp-json\/wp\/v2\/posts\/6239","targetHints":{"allow":["GET"]}}],"collection":[{"href":"https:\/\/proagrolab.com.ar\/en\/wp-json\/wp\/v2\/posts"}],"about":[{"href":"https:\/\/proagrolab.com.ar\/en\/wp-json\/wp\/v2\/types\/post"}],"author":[{"embeddable":true,"href":"https:\/\/proagrolab.com.ar\/en\/wp-json\/wp\/v2\/users\/2"}],"replies":[{"embeddable":true,"href":"https:\/\/proagrolab.com.ar\/en\/wp-json\/wp\/v2\/comments?post=6239"}],"version-history":[{"count":1,"href":"https:\/\/proagrolab.com.ar\/en\/wp-json\/wp\/v2\/posts\/6239\/revisions"}],"predecessor-version":[{"id":14395,"href":"https:\/\/proagrolab.com.ar\/en\/wp-json\/wp\/v2\/posts\/6239\/revisions\/14395"}],"wp:featuredmedia":[{"embeddable":true,"href":"https:\/\/proagrolab.com.ar\/en\/wp-json\/wp\/v2\/media\/2726"}],"wp:attachment":[{"href":"https:\/\/proagrolab.com.ar\/en\/wp-json\/wp\/v2\/media?parent=6239"}],"wp:term":[{"taxonomy":"category","embeddable":true,"href":"https:\/\/proagrolab.com.ar\/en\/wp-json\/wp\/v2\/categories?post=6239"},{"taxonomy":"post_tag","embeddable":true,"href":"https:\/\/proagrolab.com.ar\/en\/wp-json\/wp\/v2\/tags?post=6239"}],"curies":[{"name":"wp","href":"https:\/\/api.w.org\/{rel}","templated":true}]}}