{"id":6235,"date":"2014-07-23T00:00:01","date_gmt":"2014-07-23T00:00:01","guid":{"rendered":"https:\/\/proagrolab.com.ar\/la-raza-brangus-crece-en-el-norte-del-pais-y-ayer-se-lucio-en-la-rural\/"},"modified":"2020-07-01T19:18:31","modified_gmt":"2020-07-01T19:18:31","slug":"la-raza-brangus-crece-en-el-norte-del-pais-y-ayer-se-lucio-en-la-rural","status":"publish","type":"post","link":"https:\/\/proagrolab.com.ar\/en\/la-raza-brangus-crece-en-el-norte-del-pais-y-ayer-se-lucio-en-la-rural\/","title":{"rendered":"La raza Brangus crece en el norte del pa\u00eds y ayer se luci\u00f3 en la Rural."},"content":{"rendered":"<p class=\"qtranxs-available-languages-message qtranxs-available-languages-message-en\"> <\/p><p>En una final pareja, Semex Argentina obtuvo el Gran Campe\u00f3n Macho de la raza; la mejor hembra fue para la caba\u00f1a El Porvenir, de la provincia de C\u00f3rdoba.<\/p>\n<p>Por Fernando Bertello.<\/p>\n<p>Brangus, la raza bovina de carne que m\u00e1s crece en el norte del pa\u00eds, vivi\u00f3 ayer una electrizante consagraci\u00f3n de grandes campeones. Una tribuna colmada, que no par\u00f3 de aplaudir cada vez que el jurado Carlos Ojea Rull\u00e1n destacaba un animal, le puso un marco imponente a la elecci\u00f3n de los mejores.<\/p>\n<p>Las filas finales en machos y hembras dejaron en claro que la raza dio un salto de calidad admirado por criadores de la regi\u00f3n.<\/p>\n<p>&#8220;La Brangus est\u00e1 en un momento brillante y est\u00e1 bien encaminada. Hay que seguir trabajando sobre la funcionalidad, caracter\u00edsticas carniceras, buenos movimientos y consistencia&#8221;, dijo Ojea Rull\u00e1n, que jur\u00f3 por primera vez en Palermo.<\/p>\n<p>Esos atributos vio el jurado en el box 880, un toro de tres a\u00f1os de Semex Argentina SA consagrado Gran Campe\u00f3n Macho Brangus. &#8220;Me impact\u00f3 desde que entr\u00f3 a la pista. Ver a un animal de tres a\u00f1os, con 1000 kilos, c\u00f3mo traccionaba en una pista embarrada; es un placer para un criador observar un animal desplazarse de esa manera&#8221;, indic\u00f3.<\/p>\n<p>Jorge C\u00e1rcano, gerente general de Semex Argentina, empresa de gen\u00e9tica originaria de Canad\u00e1, cont\u00f3 que la firma hab\u00eda comprado en 2013 el animal a la caba\u00f1a Rancho Grande. En la edici\u00f3n pasada de Palermo, el reproductor qued\u00f3 tercero.<\/p>\n<p>El Reservado de Gran Campe\u00f3n Macho fue el box 856, de Gilotaux Agropecuaria SA, de la caba\u00f1a El Pozo de la Carreta, de San Jos\u00e9 de la Dormida (C\u00f3rdoba), perteneciente a Santiago Gilotaux.<\/p>\n<p>En hembras, el Gran Campe\u00f3n Hembra Brangus fue el box 959, una vaquillona pre\u00f1ada de 22 meses de la caba\u00f1a El Porvenir, propiedad de Walter Oroda, de Quilino, C\u00f3rdoba. Es el primer gran campe\u00f3n en hembras que obtiene esta caba\u00f1a de s\u00f3lo ocho a\u00f1os de antig\u00fcedad y que ayer estuvo por segunda vez en Palermo.<\/p>\n<p>En tanto, el Reservado de Gran Campe\u00f3n Hembra fue el box 905, del expositor Pedro Borgatello Ganadera SRL.<\/p>\n<p>En Shorthorn, Guillermo Alston sum\u00f3 ayer su quint\u00f3 Gran Campe\u00f3n Macho. Fue con el box 1230, que obtuvo junto a Helen Judd. En esta raza, el Gran Campe\u00f3n Hembra se lo llev\u00f3 Juan Cieutat, ganador en hembras en los \u00faltimos cuatro a\u00f1os. Ayer su vaca repiti\u00f3 el gran campeonato del a\u00f1o pasado. En tanto, en Limangus Ram\u00f3n Echechiquia hizo doblete al ganar los campeonatos de machos y hembras.<\/p>\n<p>En materia de visitas pol\u00edticas, ayer se destac\u00f3 la presencia en Palermo de Jos\u00e9 &#8220;Pepe&#8221; Scioli, presidente de la Fundaci\u00f3n DAR, y el senador nacional Fernando &#8220;Pino&#8221; Solanas.<\/p>\n<p><i>Criadores de la regi\u00f3n admirados por la raza<\/i><br \/>La tribuna de Palermo tuvo ayer una numerosa concurrencia de criadores de M\u00e9xico, Colombia, Paraguay, Uruguay y Brasil, entre otros pa\u00edses, que vinieron a ver el Brangus local. La Argentina participa en una asociaci\u00f3n latinoamericana que trabaja para unificar registros, planes de crianza y evaluaciones gen\u00e9ticas, entre otros objetivos en esta raza. &#8220;Hay un mercado enorme para conquistar en gen\u00e9tica de carne&#8221;, dijo Mart\u00edn Garc\u00eda Fern\u00e1ndez, vicepresidente de Brangus. Existen 100 millones de vientres en Am\u00e9rica latina, entre todas las razas.<\/p>\n<p>En la Argentina, la raza Brangus ya es la segunda raza exportadora de semen bovino, seg\u00fan expres\u00f3 Santiago Gilotaux, presidente de Brangus.<\/p>\n<p>Fuente: La Naci\u00f3n, 23 de julio.<br \/><\/p>","protected":false},"excerpt":{"rendered":"<p>En una final pareja, Semex Argentina obtuvo el Gran Campe\u00f3n Macho de la raza; la mejor hembra fue para la caba\u00f1a El Porvenir, de la provincia de C\u00f3rdoba. Por Fernando Bertello. Brangus, la raza bovina de carne que m\u00e1s crece en el norte del pa\u00eds, vivi\u00f3 ayer una electrizante consagraci\u00f3n de grandes campeones. Una tribuna colmada, que no par\u00f3 de aplaudir cada vez que el jurado Carlos Ojea Rull\u00e1n destacaba un animal, le puso un marco imponente a la elecci\u00f3n de los mejores. Las filas finales en machos y hembras dejaron en claro que la raza dio un salto de calidad admirado por criadores de la regi\u00f3n. &#8220;La Brangus est\u00e1 en un momento brillante y est\u00e1 bien encaminada. Hay que seguir trabajando sobre la funcionalidad, caracter\u00edsticas carniceras, buenos movimientos y consistencia&#8221;, dijo Ojea Rull\u00e1n, que jur\u00f3 por primera vez en Palermo. Esos atributos vio el jurado en el box 880, un toro de tres a\u00f1os de Semex Argentina SA consagrado Gran Campe\u00f3n Macho Brangus. &#8220;Me impact\u00f3 desde que entr\u00f3 a la pista. Ver a un animal de tres a\u00f1os, con 1000 kilos, c\u00f3mo traccionaba en una pista embarrada; es un placer para un criador observar un animal desplazarse de esa [&hellip;]<\/p>\n","protected":false},"author":2,"featured_media":2722,"comment_status":"closed","ping_status":"open","sticky":false,"template":"","format":"standard","meta":{"_acf_changed":false,"footnotes":""},"categories":[56],"tags":[],"class_list":["post-6235","post","type-post","status-publish","format-standard","has-post-thumbnail","hentry","category-infoganadero"],"acf":[],"yoast_head":"<!-- This site is optimized with the Yoast SEO plugin v27.4 - https:\/\/yoast.com\/product\/yoast-seo-wordpress\/ -->\n<title>La raza Brangus crece en el norte del pa\u00eds y ayer se luci\u00f3 en la Rural. | Proagro<\/title>\n<meta name=\"robots\" content=\"index, follow, max-snippet:-1, max-image-preview:large, max-video-preview:-1\" \/>\n<link rel=\"canonical\" href=\"https:\/\/proagrolab.com.ar\/en\/la-raza-brangus-crece-en-el-norte-del-pais-y-ayer-se-lucio-en-la-rural\/\" \/>\n<meta property=\"og:locale\" content=\"en_US\" \/>\n<meta property=\"og:type\" content=\"article\" \/>\n<meta property=\"og:title\" content=\"La raza Brangus crece en el norte del pa\u00eds y ayer se luci\u00f3 en la Rural. | Proagro\" \/>\n<meta property=\"og:description\" content=\"En una final pareja, Semex Argentina obtuvo el Gran Campe\u00f3n Macho de la raza; la mejor hembra fue para la caba\u00f1a El Porvenir, de la provincia de C\u00f3rdoba. Por Fernando Bertello. Brangus, la raza bovina de carne que m\u00e1s crece en el norte del pa\u00eds, vivi\u00f3 ayer una electrizante consagraci\u00f3n de grandes campeones. Una tribuna colmada, que no par\u00f3 de aplaudir cada vez que el jurado Carlos Ojea Rull\u00e1n destacaba un animal, le puso un marco imponente a la elecci\u00f3n de los mejores. Las filas finales en machos y hembras dejaron en claro que la raza dio un salto de calidad admirado por criadores de la regi\u00f3n. &#8220;La Brangus est\u00e1 en un momento brillante y est\u00e1 bien encaminada. Hay que seguir trabajando sobre la funcionalidad, caracter\u00edsticas carniceras, buenos movimientos y consistencia&#8221;, dijo Ojea Rull\u00e1n, que jur\u00f3 por primera vez en Palermo. Esos atributos vio el jurado en el box 880, un toro de tres a\u00f1os de Semex Argentina SA consagrado Gran Campe\u00f3n Macho Brangus. &#8220;Me impact\u00f3 desde que entr\u00f3 a la pista. Ver a un animal de tres a\u00f1os, con 1000 kilos, c\u00f3mo traccionaba en una pista embarrada; es un placer para un criador observar un animal desplazarse de esa [&hellip;]\" \/>\n<meta property=\"og:url\" content=\"https:\/\/proagrolab.com.ar\/la-raza-brangus-crece-en-el-norte-del-pais-y-ayer-se-lucio-en-la-rural\/\" \/>\n<meta property=\"og:site_name\" content=\"Proagro\" \/>\n<meta property=\"article:publisher\" content=\"http:\/\/www.facebook.com\/proagrolab\" \/>\n<meta property=\"article:published_time\" content=\"2014-07-23T00:00:01+00:00\" \/>\n<meta property=\"article:modified_time\" content=\"2020-07-01T19:18:31+00:00\" \/>\n<meta property=\"og:image\" content=\"https:\/\/proagrolab.com.ar\/wp-content\/uploads\/2015\/01\/g_jq9q8f87c__Brangus-camp.jpg\" \/>\n\t<meta property=\"og:image:width\" content=\"450\" \/>\n\t<meta property=\"og:image:height\" content=\"208\" \/>\n\t<meta property=\"og:image:type\" content=\"image\/jpeg\" \/>\n<meta name=\"author\" content=\"proagrolab\" \/>\n<meta name=\"twitter:card\" content=\"summary_large_image\" \/>\n<meta name=\"twitter:label1\" content=\"Written by\" \/>\n\t<meta name=\"twitter:data1\" content=\"proagrolab\" \/>\n\t<meta name=\"twitter:label2\" content=\"Est. reading time\" \/>\n\t<meta name=\"twitter:data2\" content=\"3 minutes\" \/>\n<script type=\"application\/ld+json\" class=\"yoast-schema-graph\">{\"@context\":\"https:\\\/\\\/schema.org\",\"@graph\":[{\"@type\":\"Article\",\"@id\":\"https:\\\/\\\/proagrolab.com.ar\\\/la-raza-brangus-crece-en-el-norte-del-pais-y-ayer-se-lucio-en-la-rural\\\/#article\",\"isPartOf\":{\"@id\":\"https:\\\/\\\/proagrolab.com.ar\\\/la-raza-brangus-crece-en-el-norte-del-pais-y-ayer-se-lucio-en-la-rural\\\/\"},\"author\":{\"name\":\"proagrolab\",\"@id\":\"https:\\\/\\\/proagrolab.com.ar\\\/#\\\/schema\\\/person\\\/38003ff90bf80381f71c7d922d207444\"},\"headline\":\"La raza Brangus crece en el norte del pa\u00eds y ayer se luci\u00f3 en la Rural.\",\"datePublished\":\"2014-07-23T00:00:01+00:00\",\"dateModified\":\"2020-07-01T19:18:31+00:00\",\"mainEntityOfPage\":{\"@id\":\"https:\\\/\\\/proagrolab.com.ar\\\/la-raza-brangus-crece-en-el-norte-del-pais-y-ayer-se-lucio-en-la-rural\\\/\"},\"wordCount\":618,\"publisher\":{\"@id\":\"https:\\\/\\\/proagrolab.com.ar\\\/#organization\"},\"image\":{\"@id\":\"https:\\\/\\\/proagrolab.com.ar\\\/la-raza-brangus-crece-en-el-norte-del-pais-y-ayer-se-lucio-en-la-rural\\\/#primaryimage\"},\"thumbnailUrl\":\"https:\\\/\\\/proagrolab.com.ar\\\/wp-content\\\/uploads\\\/2015\\\/01\\\/g_jq9q8f87c__Brangus-camp.jpg\",\"articleSection\":[\"News\"],\"inLanguage\":\"en-US\"},{\"@type\":\"WebPage\",\"@id\":\"https:\\\/\\\/proagrolab.com.ar\\\/la-raza-brangus-crece-en-el-norte-del-pais-y-ayer-se-lucio-en-la-rural\\\/\",\"url\":\"https:\\\/\\\/proagrolab.com.ar\\\/la-raza-brangus-crece-en-el-norte-del-pais-y-ayer-se-lucio-en-la-rural\\\/\",\"name\":\"La raza Brangus crece en el norte del pa\u00eds y ayer se luci\u00f3 en la Rural. | Proagro\",\"isPartOf\":{\"@id\":\"https:\\\/\\\/proagrolab.com.ar\\\/#website\"},\"primaryImageOfPage\":{\"@id\":\"https:\\\/\\\/proagrolab.com.ar\\\/la-raza-brangus-crece-en-el-norte-del-pais-y-ayer-se-lucio-en-la-rural\\\/#primaryimage\"},\"image\":{\"@id\":\"https:\\\/\\\/proagrolab.com.ar\\\/la-raza-brangus-crece-en-el-norte-del-pais-y-ayer-se-lucio-en-la-rural\\\/#primaryimage\"},\"thumbnailUrl\":\"https:\\\/\\\/proagrolab.com.ar\\\/wp-content\\\/uploads\\\/2015\\\/01\\\/g_jq9q8f87c__Brangus-camp.jpg\",\"datePublished\":\"2014-07-23T00:00:01+00:00\",\"dateModified\":\"2020-07-01T19:18:31+00:00\",\"breadcrumb\":{\"@id\":\"https:\\\/\\\/proagrolab.com.ar\\\/la-raza-brangus-crece-en-el-norte-del-pais-y-ayer-se-lucio-en-la-rural\\\/#breadcrumb\"},\"inLanguage\":\"en-US\",\"potentialAction\":[{\"@type\":\"ReadAction\",\"target\":[\"https:\\\/\\\/proagrolab.com.ar\\\/la-raza-brangus-crece-en-el-norte-del-pais-y-ayer-se-lucio-en-la-rural\\\/\"]}]},{\"@type\":\"ImageObject\",\"inLanguage\":\"en-US\",\"@id\":\"https:\\\/\\\/proagrolab.com.ar\\\/la-raza-brangus-crece-en-el-norte-del-pais-y-ayer-se-lucio-en-la-rural\\\/#primaryimage\",\"url\":\"https:\\\/\\\/proagrolab.com.ar\\\/wp-content\\\/uploads\\\/2015\\\/01\\\/g_jq9q8f87c__Brangus-camp.jpg\",\"contentUrl\":\"https:\\\/\\\/proagrolab.com.ar\\\/wp-content\\\/uploads\\\/2015\\\/01\\\/g_jq9q8f87c__Brangus-camp.jpg\",\"width\":450,\"height\":208},{\"@type\":\"BreadcrumbList\",\"@id\":\"https:\\\/\\\/proagrolab.com.ar\\\/la-raza-brangus-crece-en-el-norte-del-pais-y-ayer-se-lucio-en-la-rural\\\/#breadcrumb\",\"itemListElement\":[{\"@type\":\"ListItem\",\"position\":1,\"name\":\"Portada\",\"item\":\"https:\\\/\\\/proagrolab.com.ar\\\/\"},{\"@type\":\"ListItem\",\"position\":2,\"name\":\"La raza Brangus crece en el norte del pa\u00eds y ayer se luci\u00f3 en la Rural.\"}]},{\"@type\":\"WebSite\",\"@id\":\"https:\\\/\\\/proagrolab.com.ar\\\/#website\",\"url\":\"https:\\\/\\\/proagrolab.com.ar\\\/\",\"name\":\"Proagro Laboratorio Veterinario\",\"description\":\"Veterinary laboratory\",\"publisher\":{\"@id\":\"https:\\\/\\\/proagrolab.com.ar\\\/#organization\"},\"potentialAction\":[{\"@type\":\"SearchAction\",\"target\":{\"@type\":\"EntryPoint\",\"urlTemplate\":\"https:\\\/\\\/proagrolab.com.ar\\\/?s={search_term_string}\"},\"query-input\":{\"@type\":\"PropertyValueSpecification\",\"valueRequired\":true,\"valueName\":\"search_term_string\"}}],\"inLanguage\":\"en-US\"},{\"@type\":\"Organization\",\"@id\":\"https:\\\/\\\/proagrolab.com.ar\\\/#organization\",\"name\":\"Proagro\",\"url\":\"https:\\\/\\\/proagrolab.com.ar\\\/\",\"logo\":{\"@type\":\"ImageObject\",\"inLanguage\":\"en-US\",\"@id\":\"https:\\\/\\\/proagrolab.com.ar\\\/#\\\/schema\\\/logo\\\/image\\\/\",\"url\":\"https:\\\/\\\/proagrolab.com.ar\\\/wp-content\\\/uploads\\\/2020\\\/04\\\/logo-retina.png\",\"contentUrl\":\"https:\\\/\\\/proagrolab.com.ar\\\/wp-content\\\/uploads\\\/2020\\\/04\\\/logo-retina.png\",\"width\":478,\"height\":120,\"caption\":\"Proagro\"},\"image\":{\"@id\":\"https:\\\/\\\/proagrolab.com.ar\\\/#\\\/schema\\\/logo\\\/image\\\/\"},\"sameAs\":[\"http:\\\/\\\/www.facebook.com\\\/proagrolab\",\"https:\\\/\\\/www.instagram.com\\\/proagrolab\\\/\",\"https:\\\/\\\/www.linkedin.com\\\/company\\\/laboratorio-proagro-s-a\\\/\"]},{\"@type\":\"Person\",\"@id\":\"https:\\\/\\\/proagrolab.com.ar\\\/#\\\/schema\\\/person\\\/38003ff90bf80381f71c7d922d207444\",\"name\":\"proagrolab\"}]}<\/script>\n<!-- \/ Yoast SEO plugin. -->","yoast_head_json":{"title":"La raza Brangus crece en el norte del pa\u00eds y ayer se luci\u00f3 en la Rural. | Proagro","robots":{"index":"index","follow":"follow","max-snippet":"max-snippet:-1","max-image-preview":"max-image-preview:large","max-video-preview":"max-video-preview:-1"},"canonical":"https:\/\/proagrolab.com.ar\/en\/la-raza-brangus-crece-en-el-norte-del-pais-y-ayer-se-lucio-en-la-rural\/","og_locale":"en_US","og_type":"article","og_title":"La raza Brangus crece en el norte del pa\u00eds y ayer se luci\u00f3 en la Rural. | Proagro","og_description":"En una final pareja, Semex Argentina obtuvo el Gran Campe\u00f3n Macho de la raza; la mejor hembra fue para la caba\u00f1a El Porvenir, de la provincia de C\u00f3rdoba. Por Fernando Bertello. Brangus, la raza bovina de carne que m\u00e1s crece en el norte del pa\u00eds, vivi\u00f3 ayer una electrizante consagraci\u00f3n de grandes campeones. Una tribuna colmada, que no par\u00f3 de aplaudir cada vez que el jurado Carlos Ojea Rull\u00e1n destacaba un animal, le puso un marco imponente a la elecci\u00f3n de los mejores. Las filas finales en machos y hembras dejaron en claro que la raza dio un salto de calidad admirado por criadores de la regi\u00f3n. &#8220;La Brangus est\u00e1 en un momento brillante y est\u00e1 bien encaminada. Hay que seguir trabajando sobre la funcionalidad, caracter\u00edsticas carniceras, buenos movimientos y consistencia&#8221;, dijo Ojea Rull\u00e1n, que jur\u00f3 por primera vez en Palermo. Esos atributos vio el jurado en el box 880, un toro de tres a\u00f1os de Semex Argentina SA consagrado Gran Campe\u00f3n Macho Brangus. &#8220;Me impact\u00f3 desde que entr\u00f3 a la pista. Ver a un animal de tres a\u00f1os, con 1000 kilos, c\u00f3mo traccionaba en una pista embarrada; es un placer para un criador observar un animal desplazarse de esa [&hellip;]","og_url":"https:\/\/proagrolab.com.ar\/la-raza-brangus-crece-en-el-norte-del-pais-y-ayer-se-lucio-en-la-rural\/","og_site_name":"Proagro","article_publisher":"http:\/\/www.facebook.com\/proagrolab","article_published_time":"2014-07-23T00:00:01+00:00","article_modified_time":"2020-07-01T19:18:31+00:00","og_image":[{"width":450,"height":208,"url":"https:\/\/proagrolab.com.ar\/wp-content\/uploads\/2015\/01\/g_jq9q8f87c__Brangus-camp.jpg","type":"image\/jpeg"}],"author":"proagrolab","twitter_card":"summary_large_image","twitter_misc":{"Written by":"proagrolab","Est. reading time":"3 minutes"},"schema":{"@context":"https:\/\/schema.org","@graph":[{"@type":"Article","@id":"https:\/\/proagrolab.com.ar\/la-raza-brangus-crece-en-el-norte-del-pais-y-ayer-se-lucio-en-la-rural\/#article","isPartOf":{"@id":"https:\/\/proagrolab.com.ar\/la-raza-brangus-crece-en-el-norte-del-pais-y-ayer-se-lucio-en-la-rural\/"},"author":{"name":"proagrolab","@id":"https:\/\/proagrolab.com.ar\/#\/schema\/person\/38003ff90bf80381f71c7d922d207444"},"headline":"La raza Brangus crece en el norte del pa\u00eds y ayer se luci\u00f3 en la Rural.","datePublished":"2014-07-23T00:00:01+00:00","dateModified":"2020-07-01T19:18:31+00:00","mainEntityOfPage":{"@id":"https:\/\/proagrolab.com.ar\/la-raza-brangus-crece-en-el-norte-del-pais-y-ayer-se-lucio-en-la-rural\/"},"wordCount":618,"publisher":{"@id":"https:\/\/proagrolab.com.ar\/#organization"},"image":{"@id":"https:\/\/proagrolab.com.ar\/la-raza-brangus-crece-en-el-norte-del-pais-y-ayer-se-lucio-en-la-rural\/#primaryimage"},"thumbnailUrl":"https:\/\/proagrolab.com.ar\/wp-content\/uploads\/2015\/01\/g_jq9q8f87c__Brangus-camp.jpg","articleSection":["News"],"inLanguage":"en-US"},{"@type":"WebPage","@id":"https:\/\/proagrolab.com.ar\/la-raza-brangus-crece-en-el-norte-del-pais-y-ayer-se-lucio-en-la-rural\/","url":"https:\/\/proagrolab.com.ar\/la-raza-brangus-crece-en-el-norte-del-pais-y-ayer-se-lucio-en-la-rural\/","name":"La raza Brangus crece en el norte del pa\u00eds y ayer se luci\u00f3 en la Rural. | Proagro","isPartOf":{"@id":"https:\/\/proagrolab.com.ar\/#website"},"primaryImageOfPage":{"@id":"https:\/\/proagrolab.com.ar\/la-raza-brangus-crece-en-el-norte-del-pais-y-ayer-se-lucio-en-la-rural\/#primaryimage"},"image":{"@id":"https:\/\/proagrolab.com.ar\/la-raza-brangus-crece-en-el-norte-del-pais-y-ayer-se-lucio-en-la-rural\/#primaryimage"},"thumbnailUrl":"https:\/\/proagrolab.com.ar\/wp-content\/uploads\/2015\/01\/g_jq9q8f87c__Brangus-camp.jpg","datePublished":"2014-07-23T00:00:01+00:00","dateModified":"2020-07-01T19:18:31+00:00","breadcrumb":{"@id":"https:\/\/proagrolab.com.ar\/la-raza-brangus-crece-en-el-norte-del-pais-y-ayer-se-lucio-en-la-rural\/#breadcrumb"},"inLanguage":"en-US","potentialAction":[{"@type":"ReadAction","target":["https:\/\/proagrolab.com.ar\/la-raza-brangus-crece-en-el-norte-del-pais-y-ayer-se-lucio-en-la-rural\/"]}]},{"@type":"ImageObject","inLanguage":"en-US","@id":"https:\/\/proagrolab.com.ar\/la-raza-brangus-crece-en-el-norte-del-pais-y-ayer-se-lucio-en-la-rural\/#primaryimage","url":"https:\/\/proagrolab.com.ar\/wp-content\/uploads\/2015\/01\/g_jq9q8f87c__Brangus-camp.jpg","contentUrl":"https:\/\/proagrolab.com.ar\/wp-content\/uploads\/2015\/01\/g_jq9q8f87c__Brangus-camp.jpg","width":450,"height":208},{"@type":"BreadcrumbList","@id":"https:\/\/proagrolab.com.ar\/la-raza-brangus-crece-en-el-norte-del-pais-y-ayer-se-lucio-en-la-rural\/#breadcrumb","itemListElement":[{"@type":"ListItem","position":1,"name":"Portada","item":"https:\/\/proagrolab.com.ar\/"},{"@type":"ListItem","position":2,"name":"La raza Brangus crece en el norte del pa\u00eds y ayer se luci\u00f3 en la Rural."}]},{"@type":"WebSite","@id":"https:\/\/proagrolab.com.ar\/#website","url":"https:\/\/proagrolab.com.ar\/","name":"Proagro Laboratorio Veterinario","description":"Veterinary laboratory","publisher":{"@id":"https:\/\/proagrolab.com.ar\/#organization"},"potentialAction":[{"@type":"SearchAction","target":{"@type":"EntryPoint","urlTemplate":"https:\/\/proagrolab.com.ar\/?s={search_term_string}"},"query-input":{"@type":"PropertyValueSpecification","valueRequired":true,"valueName":"search_term_string"}}],"inLanguage":"en-US"},{"@type":"Organization","@id":"https:\/\/proagrolab.com.ar\/#organization","name":"Proagro","url":"https:\/\/proagrolab.com.ar\/","logo":{"@type":"ImageObject","inLanguage":"en-US","@id":"https:\/\/proagrolab.com.ar\/#\/schema\/logo\/image\/","url":"https:\/\/proagrolab.com.ar\/wp-content\/uploads\/2020\/04\/logo-retina.png","contentUrl":"https:\/\/proagrolab.com.ar\/wp-content\/uploads\/2020\/04\/logo-retina.png","width":478,"height":120,"caption":"Proagro"},"image":{"@id":"https:\/\/proagrolab.com.ar\/#\/schema\/logo\/image\/"},"sameAs":["http:\/\/www.facebook.com\/proagrolab","https:\/\/www.instagram.com\/proagrolab\/","https:\/\/www.linkedin.com\/company\/laboratorio-proagro-s-a\/"]},{"@type":"Person","@id":"https:\/\/proagrolab.com.ar\/#\/schema\/person\/38003ff90bf80381f71c7d922d207444","name":"proagrolab"}]}},"_links":{"self":[{"href":"https:\/\/proagrolab.com.ar\/en\/wp-json\/wp\/v2\/posts\/6235","targetHints":{"allow":["GET"]}}],"collection":[{"href":"https:\/\/proagrolab.com.ar\/en\/wp-json\/wp\/v2\/posts"}],"about":[{"href":"https:\/\/proagrolab.com.ar\/en\/wp-json\/wp\/v2\/types\/post"}],"author":[{"embeddable":true,"href":"https:\/\/proagrolab.com.ar\/en\/wp-json\/wp\/v2\/users\/2"}],"replies":[{"embeddable":true,"href":"https:\/\/proagrolab.com.ar\/en\/wp-json\/wp\/v2\/comments?post=6235"}],"version-history":[{"count":1,"href":"https:\/\/proagrolab.com.ar\/en\/wp-json\/wp\/v2\/posts\/6235\/revisions"}],"predecessor-version":[{"id":14392,"href":"https:\/\/proagrolab.com.ar\/en\/wp-json\/wp\/v2\/posts\/6235\/revisions\/14392"}],"wp:featuredmedia":[{"embeddable":true,"href":"https:\/\/proagrolab.com.ar\/en\/wp-json\/wp\/v2\/media\/2722"}],"wp:attachment":[{"href":"https:\/\/proagrolab.com.ar\/en\/wp-json\/wp\/v2\/media?parent=6235"}],"wp:term":[{"taxonomy":"category","embeddable":true,"href":"https:\/\/proagrolab.com.ar\/en\/wp-json\/wp\/v2\/categories?post=6235"},{"taxonomy":"post_tag","embeddable":true,"href":"https:\/\/proagrolab.com.ar\/en\/wp-json\/wp\/v2\/tags?post=6235"}],"curies":[{"name":"wp","href":"https:\/\/api.w.org\/{rel}","templated":true}]}}