{"id":6229,"date":"2014-07-21T00:00:01","date_gmt":"2014-07-21T00:00:01","guid":{"rendered":"https:\/\/proagrolab.com.ar\/conclusiones-del-cara-a-cara-de-kicillof-con-los-tamberos\/"},"modified":"2020-07-01T19:18:06","modified_gmt":"2020-07-01T19:18:06","slug":"conclusiones-del-cara-a-cara-de-kicillof-con-los-tamberos","status":"publish","type":"post","link":"https:\/\/proagrolab.com.ar\/en\/conclusiones-del-cara-a-cara-de-kicillof-con-los-tamberos\/","title":{"rendered":"Conclusiones del cara a cara de Kicillof con los tamberos."},"content":{"rendered":"<p class=\"qtranxs-available-languages-message qtranxs-available-languages-message-en\"> <\/p><p>Por F\u00e9lix Sammartino.<\/p>\n<p>La escena no dej\u00f3 de tener un costado tragic\u00f3mico: ven\u00edan a pedir una soluci\u00f3n a quien les provoc\u00f3 el problema.<\/p>\n<p>Una situaci\u00f3n que no es nueva, que ya se repite en otras actividades, pero que esta semana les toc\u00f3 a los tamberos. Enfrente de Axel Kicillof, ministro de Econom\u00eda; su par de Agricultura, Carlos Casamiquela, y los secretarios de Comercio, Augusto Costa, y de Agricultura, Gabriel Delgado, estaban los dirigentes de la Mesa Nacional de Productores de Leche representando a productores con n\u00fameros en rojo, especialmente despu\u00e9s de la devaluaci\u00f3n de enero. Llegaban a esta audiencia despu\u00e9s de haber realizado una asamblea bien caliente en Sunchales, con frases subidas de tono frente al subsecretario de Lecher\u00eda, Arturo Videla.<\/p>\n<p>Los dirigentes lecheros, con tal de conseguir algo, estaban dispuestos a simular y dejar pasar por alto todas las facturas que le ten\u00edan que pasar al Gobierno por haber pisado los precios con un tope de tres pesos el litro, medida que se termin\u00f3 cumpliendo por el alto acatamiento que tuvo la industria, necesitada de obtener los permisos de exportaci\u00f3n (ROE). Esperaban una marcha atr\u00e1s imposible, que por supuesto no ocurri\u00f3. Carlos Brave, coordinador de la Mesa Nacional de Productores de Leche, y sus colegas se fueron con las manos vac\u00edas de soluciones.<\/p>\n<p>Sin embargo, la reuni\u00f3n dej\u00f3 mucho en cuanto a los mecanismos que est\u00e1n vigentes en la toma de decisiones de la pol\u00edtica agropecuaria:<\/p>\n<p>&#8211; M\u00e1s que nunca las decisiones pasan por el ministro de Econom\u00eda, su par de Agricultura s\u00f3lo acompa\u00f1a. Lo preocupante es que mientras Carlos Casamiquela dialoga, excepto con la Mesa de Enlace, y conoce la realidad del sector por su paso por el INTA, Axel Kicillof blinda su decisi\u00f3n de toda discusi\u00f3n y mantiene un gran desconocimiento del agro. En este esquema, Agricultura paga el costo pol\u00edtico de las decisiones que se toman en Econom\u00eda y el sector se queda sin un interlocutor v\u00e1lido. En el \u00faltimo congreso de Maizar, Gabriel Delgado confirm\u00f3 esta situaci\u00f3n cuando declar\u00f3 &#8220;que las decisiones se tomaban en forma colegiada&#8221;.<\/p>\n<p>&#8211; Cada vez m\u00e1s lejos de la realidad. En la reuni\u00f3n con los tamberos, Kicillof sorprendi\u00f3 a todos cuando afirm\u00f3 que &#8220;los productores cobran bien, y la leche a tres pesos es rentable&#8221;. Los tamberos hab\u00edan imaginado que el diagn\u00f3stico sobre la descapitalizaci\u00f3n que est\u00e1n sufriendo no estaba en discusi\u00f3n. Hasta los tamberos K est\u00e1n de acuerdo en que la situaci\u00f3n ha puesto en jaque a la mayor\u00eda de los tambos. Ya hay gerentes de sucursales del Banco Naci\u00f3n alarmados por el aumento de los cheques que vienen rebotados de los tamberos.<\/p>\n<p>&#8211; Contener los problemas, sin solucionarlos. Se pudo observar una vez m\u00e1s que no hay variaciones en lo que ya es una marca de la gesti\u00f3n K. Los tamberos se fueron con la promesa de cr\u00e9ditos blandos que se anunciar\u00e1n la pr\u00f3xima semana. En estas circunstancias, la financiaci\u00f3n no es m\u00e1s que un dudoso paliativo para unos pocos, ya que la mayor\u00eda de los tamberos tienen las carpetas bancarias al rojo vivo. Adem\u00e1s, es m\u00e1s que discutible una pol\u00edtica oficial que empuje a los productores a sacar cr\u00e9ditos, por m\u00e1s subsidiados que \u00e9stos sean, sobre actividades que no son rentables. Tarde o temprano se termina convirtiendo en un salvavida de plomo. Y por supuesto del horizonte del negocio en el mediano y largo plazo, ni mu.<\/p>\n<p>&#8211; El mercado externo, como una variable del consumo interno. En nada se afloj\u00f3 esta regla que el kirchnerismo convirti\u00f3 en dogma. En la reuni\u00f3n con los tamberos Augusto Costa otorg\u00f3 la categor\u00eda de pol\u00edtica de Estado a los controles sobre los precios y las exportaciones. Salvo la soja, el resto de las actividades del campo funciona con una espada de Damocles lista para caer ante las primeras variaciones de los precios internos. Todav\u00eda se recuerdan los 330 contenedores de carne que en marzo de 2006 N\u00e9stor Kirchner orden\u00f3 bajar de los barcos que ten\u00edan como destino Alemania. Nada lo impidi\u00f3, a pesar de que eran cargas autorizadas y el faltante se iba a reflejar en el Mundial de f\u00fatbol. Las afirmaciones de Costa hay que tenerlas presentes cuando se habla de apertura de mercados externos.<\/p>\n<p>En este sentido, las visitas de los presidentes de Rusia y China, Vladimir Putin y Xi Jinping, respectivamente, tienen nuevamente al agro como actor protag\u00f3nico. Por el incremento de la cantidad y calidad de sus compras, y en el caso particular de China, por su decisi\u00f3n de invertir en toda la cadena productiva.<\/p>\n<p>Rusia nos permite subir en la escalera del valor. De venderles carne congelada de vacas de descarte a cortes premium de m\u00e1s de 8000 euros. Y quieren m\u00e1s.<\/p>\n<p>Otra realidad que tampoco se quiere ver.<\/p>\n<p><i>Resumen<\/i><br \/>26,6% Atraso de cosecha<br \/>La recolecci\u00f3n de ma\u00edz avanz\u00f3 sobre el 65,4% del \u00e1rea apta, seg\u00fan la Bolsa de Cereales de Bs. As.<\/p>\n<p><i>La frase<\/i><br \/>Luis Etchevehere, presidente SRA<br \/>&#8220;A seis a\u00f1os del voto no positivo el Gobierno se ocup\u00f3 de trabar la producci\u00f3n&#8221;.<\/p>\n<p>Fuente: La Naci\u00f3n, suple campo, 19 de julio.<br \/><\/p>","protected":false},"excerpt":{"rendered":"<p>Por F\u00e9lix Sammartino. La escena no dej\u00f3 de tener un costado tragic\u00f3mico: ven\u00edan a pedir una soluci\u00f3n a quien les provoc\u00f3 el problema. Una situaci\u00f3n que no es nueva, que ya se repite en otras actividades, pero que esta semana les toc\u00f3 a los tamberos. Enfrente de Axel Kicillof, ministro de Econom\u00eda; su par de Agricultura, Carlos Casamiquela, y los secretarios de Comercio, Augusto Costa, y de Agricultura, Gabriel Delgado, estaban los dirigentes de la Mesa Nacional de Productores de Leche representando a productores con n\u00fameros en rojo, especialmente despu\u00e9s de la devaluaci\u00f3n de enero. Llegaban a esta audiencia despu\u00e9s de haber realizado una asamblea bien caliente en Sunchales, con frases subidas de tono frente al subsecretario de Lecher\u00eda, Arturo Videla. Los dirigentes lecheros, con tal de conseguir algo, estaban dispuestos a simular y dejar pasar por alto todas las facturas que le ten\u00edan que pasar al Gobierno por haber pisado los precios con un tope de tres pesos el litro, medida que se termin\u00f3 cumpliendo por el alto acatamiento que tuvo la industria, necesitada de obtener los permisos de exportaci\u00f3n (ROE). Esperaban una marcha atr\u00e1s imposible, que por supuesto no ocurri\u00f3. Carlos Brave, coordinador de la Mesa Nacional de [&hellip;]<\/p>\n","protected":false},"author":2,"featured_media":2716,"comment_status":"closed","ping_status":"open","sticky":false,"template":"","format":"standard","meta":{"_acf_changed":false,"footnotes":""},"categories":[56],"tags":[],"class_list":["post-6229","post","type-post","status-publish","format-standard","has-post-thumbnail","hentry","category-infoganadero"],"acf":[],"yoast_head":"<!-- This site is optimized with the Yoast SEO plugin v27.4 - https:\/\/yoast.com\/product\/yoast-seo-wordpress\/ -->\n<title>Conclusiones del cara a cara de Kicillof con los tamberos. | Proagro<\/title>\n<meta name=\"robots\" content=\"index, follow, max-snippet:-1, max-image-preview:large, max-video-preview:-1\" \/>\n<link rel=\"canonical\" href=\"https:\/\/proagrolab.com.ar\/en\/conclusiones-del-cara-a-cara-de-kicillof-con-los-tamberos\/\" \/>\n<meta property=\"og:locale\" content=\"en_US\" \/>\n<meta property=\"og:type\" content=\"article\" \/>\n<meta property=\"og:title\" content=\"Conclusiones del cara a cara de Kicillof con los tamberos. | Proagro\" \/>\n<meta property=\"og:description\" content=\"Por F\u00e9lix Sammartino. La escena no dej\u00f3 de tener un costado tragic\u00f3mico: ven\u00edan a pedir una soluci\u00f3n a quien les provoc\u00f3 el problema. Una situaci\u00f3n que no es nueva, que ya se repite en otras actividades, pero que esta semana les toc\u00f3 a los tamberos. Enfrente de Axel Kicillof, ministro de Econom\u00eda; su par de Agricultura, Carlos Casamiquela, y los secretarios de Comercio, Augusto Costa, y de Agricultura, Gabriel Delgado, estaban los dirigentes de la Mesa Nacional de Productores de Leche representando a productores con n\u00fameros en rojo, especialmente despu\u00e9s de la devaluaci\u00f3n de enero. Llegaban a esta audiencia despu\u00e9s de haber realizado una asamblea bien caliente en Sunchales, con frases subidas de tono frente al subsecretario de Lecher\u00eda, Arturo Videla. Los dirigentes lecheros, con tal de conseguir algo, estaban dispuestos a simular y dejar pasar por alto todas las facturas que le ten\u00edan que pasar al Gobierno por haber pisado los precios con un tope de tres pesos el litro, medida que se termin\u00f3 cumpliendo por el alto acatamiento que tuvo la industria, necesitada de obtener los permisos de exportaci\u00f3n (ROE). Esperaban una marcha atr\u00e1s imposible, que por supuesto no ocurri\u00f3. Carlos Brave, coordinador de la Mesa Nacional de [&hellip;]\" \/>\n<meta property=\"og:url\" content=\"https:\/\/proagrolab.com.ar\/conclusiones-del-cara-a-cara-de-kicillof-con-los-tamberos\/\" \/>\n<meta property=\"og:site_name\" content=\"Proagro\" \/>\n<meta property=\"article:publisher\" content=\"http:\/\/www.facebook.com\/proagrolab\" \/>\n<meta property=\"article:published_time\" content=\"2014-07-21T00:00:01+00:00\" \/>\n<meta property=\"article:modified_time\" content=\"2020-07-01T19:18:06+00:00\" \/>\n<meta property=\"og:image\" content=\"https:\/\/proagrolab.com.ar\/wp-content\/uploads\/2015\/01\/g_zideqoycb__Lecheras-14.jpg\" \/>\n\t<meta property=\"og:image:width\" content=\"450\" \/>\n\t<meta property=\"og:image:height\" content=\"208\" \/>\n\t<meta property=\"og:image:type\" content=\"image\/jpeg\" \/>\n<meta name=\"author\" content=\"proagrolab\" \/>\n<meta name=\"twitter:card\" content=\"summary_large_image\" \/>\n<meta name=\"twitter:label1\" content=\"Written by\" \/>\n\t<meta name=\"twitter:data1\" content=\"proagrolab\" \/>\n\t<meta name=\"twitter:label2\" content=\"Est. reading time\" \/>\n\t<meta name=\"twitter:data2\" content=\"4 minutes\" \/>\n<script type=\"application\/ld+json\" class=\"yoast-schema-graph\">{\"@context\":\"https:\\\/\\\/schema.org\",\"@graph\":[{\"@type\":\"Article\",\"@id\":\"https:\\\/\\\/proagrolab.com.ar\\\/conclusiones-del-cara-a-cara-de-kicillof-con-los-tamberos\\\/#article\",\"isPartOf\":{\"@id\":\"https:\\\/\\\/proagrolab.com.ar\\\/conclusiones-del-cara-a-cara-de-kicillof-con-los-tamberos\\\/\"},\"author\":{\"name\":\"proagrolab\",\"@id\":\"https:\\\/\\\/proagrolab.com.ar\\\/#\\\/schema\\\/person\\\/38003ff90bf80381f71c7d922d207444\"},\"headline\":\"Conclusiones del cara a cara de Kicillof con los tamberos.\",\"datePublished\":\"2014-07-21T00:00:01+00:00\",\"dateModified\":\"2020-07-01T19:18:06+00:00\",\"mainEntityOfPage\":{\"@id\":\"https:\\\/\\\/proagrolab.com.ar\\\/conclusiones-del-cara-a-cara-de-kicillof-con-los-tamberos\\\/\"},\"wordCount\":909,\"publisher\":{\"@id\":\"https:\\\/\\\/proagrolab.com.ar\\\/#organization\"},\"image\":{\"@id\":\"https:\\\/\\\/proagrolab.com.ar\\\/conclusiones-del-cara-a-cara-de-kicillof-con-los-tamberos\\\/#primaryimage\"},\"thumbnailUrl\":\"https:\\\/\\\/proagrolab.com.ar\\\/wp-content\\\/uploads\\\/2015\\\/01\\\/g_zideqoycb__Lecheras-14.jpg\",\"articleSection\":[\"News\"],\"inLanguage\":\"en-US\"},{\"@type\":\"WebPage\",\"@id\":\"https:\\\/\\\/proagrolab.com.ar\\\/conclusiones-del-cara-a-cara-de-kicillof-con-los-tamberos\\\/\",\"url\":\"https:\\\/\\\/proagrolab.com.ar\\\/conclusiones-del-cara-a-cara-de-kicillof-con-los-tamberos\\\/\",\"name\":\"Conclusiones del cara a cara de Kicillof con los tamberos. | Proagro\",\"isPartOf\":{\"@id\":\"https:\\\/\\\/proagrolab.com.ar\\\/#website\"},\"primaryImageOfPage\":{\"@id\":\"https:\\\/\\\/proagrolab.com.ar\\\/conclusiones-del-cara-a-cara-de-kicillof-con-los-tamberos\\\/#primaryimage\"},\"image\":{\"@id\":\"https:\\\/\\\/proagrolab.com.ar\\\/conclusiones-del-cara-a-cara-de-kicillof-con-los-tamberos\\\/#primaryimage\"},\"thumbnailUrl\":\"https:\\\/\\\/proagrolab.com.ar\\\/wp-content\\\/uploads\\\/2015\\\/01\\\/g_zideqoycb__Lecheras-14.jpg\",\"datePublished\":\"2014-07-21T00:00:01+00:00\",\"dateModified\":\"2020-07-01T19:18:06+00:00\",\"breadcrumb\":{\"@id\":\"https:\\\/\\\/proagrolab.com.ar\\\/conclusiones-del-cara-a-cara-de-kicillof-con-los-tamberos\\\/#breadcrumb\"},\"inLanguage\":\"en-US\",\"potentialAction\":[{\"@type\":\"ReadAction\",\"target\":[\"https:\\\/\\\/proagrolab.com.ar\\\/conclusiones-del-cara-a-cara-de-kicillof-con-los-tamberos\\\/\"]}]},{\"@type\":\"ImageObject\",\"inLanguage\":\"en-US\",\"@id\":\"https:\\\/\\\/proagrolab.com.ar\\\/conclusiones-del-cara-a-cara-de-kicillof-con-los-tamberos\\\/#primaryimage\",\"url\":\"https:\\\/\\\/proagrolab.com.ar\\\/wp-content\\\/uploads\\\/2015\\\/01\\\/g_zideqoycb__Lecheras-14.jpg\",\"contentUrl\":\"https:\\\/\\\/proagrolab.com.ar\\\/wp-content\\\/uploads\\\/2015\\\/01\\\/g_zideqoycb__Lecheras-14.jpg\",\"width\":450,\"height\":208},{\"@type\":\"BreadcrumbList\",\"@id\":\"https:\\\/\\\/proagrolab.com.ar\\\/conclusiones-del-cara-a-cara-de-kicillof-con-los-tamberos\\\/#breadcrumb\",\"itemListElement\":[{\"@type\":\"ListItem\",\"position\":1,\"name\":\"Portada\",\"item\":\"https:\\\/\\\/proagrolab.com.ar\\\/\"},{\"@type\":\"ListItem\",\"position\":2,\"name\":\"Conclusiones del cara a cara de Kicillof con los tamberos.\"}]},{\"@type\":\"WebSite\",\"@id\":\"https:\\\/\\\/proagrolab.com.ar\\\/#website\",\"url\":\"https:\\\/\\\/proagrolab.com.ar\\\/\",\"name\":\"Proagro Laboratorio Veterinario\",\"description\":\"Veterinary laboratory\",\"publisher\":{\"@id\":\"https:\\\/\\\/proagrolab.com.ar\\\/#organization\"},\"potentialAction\":[{\"@type\":\"SearchAction\",\"target\":{\"@type\":\"EntryPoint\",\"urlTemplate\":\"https:\\\/\\\/proagrolab.com.ar\\\/?s={search_term_string}\"},\"query-input\":{\"@type\":\"PropertyValueSpecification\",\"valueRequired\":true,\"valueName\":\"search_term_string\"}}],\"inLanguage\":\"en-US\"},{\"@type\":\"Organization\",\"@id\":\"https:\\\/\\\/proagrolab.com.ar\\\/#organization\",\"name\":\"Proagro\",\"url\":\"https:\\\/\\\/proagrolab.com.ar\\\/\",\"logo\":{\"@type\":\"ImageObject\",\"inLanguage\":\"en-US\",\"@id\":\"https:\\\/\\\/proagrolab.com.ar\\\/#\\\/schema\\\/logo\\\/image\\\/\",\"url\":\"https:\\\/\\\/proagrolab.com.ar\\\/wp-content\\\/uploads\\\/2020\\\/04\\\/logo-retina.png\",\"contentUrl\":\"https:\\\/\\\/proagrolab.com.ar\\\/wp-content\\\/uploads\\\/2020\\\/04\\\/logo-retina.png\",\"width\":478,\"height\":120,\"caption\":\"Proagro\"},\"image\":{\"@id\":\"https:\\\/\\\/proagrolab.com.ar\\\/#\\\/schema\\\/logo\\\/image\\\/\"},\"sameAs\":[\"http:\\\/\\\/www.facebook.com\\\/proagrolab\",\"https:\\\/\\\/www.instagram.com\\\/proagrolab\\\/\",\"https:\\\/\\\/www.linkedin.com\\\/company\\\/laboratorio-proagro-s-a\\\/\"]},{\"@type\":\"Person\",\"@id\":\"https:\\\/\\\/proagrolab.com.ar\\\/#\\\/schema\\\/person\\\/38003ff90bf80381f71c7d922d207444\",\"name\":\"proagrolab\"}]}<\/script>\n<!-- \/ Yoast SEO plugin. -->","yoast_head_json":{"title":"Conclusiones del cara a cara de Kicillof con los tamberos. | Proagro","robots":{"index":"index","follow":"follow","max-snippet":"max-snippet:-1","max-image-preview":"max-image-preview:large","max-video-preview":"max-video-preview:-1"},"canonical":"https:\/\/proagrolab.com.ar\/en\/conclusiones-del-cara-a-cara-de-kicillof-con-los-tamberos\/","og_locale":"en_US","og_type":"article","og_title":"Conclusiones del cara a cara de Kicillof con los tamberos. | Proagro","og_description":"Por F\u00e9lix Sammartino. La escena no dej\u00f3 de tener un costado tragic\u00f3mico: ven\u00edan a pedir una soluci\u00f3n a quien les provoc\u00f3 el problema. Una situaci\u00f3n que no es nueva, que ya se repite en otras actividades, pero que esta semana les toc\u00f3 a los tamberos. Enfrente de Axel Kicillof, ministro de Econom\u00eda; su par de Agricultura, Carlos Casamiquela, y los secretarios de Comercio, Augusto Costa, y de Agricultura, Gabriel Delgado, estaban los dirigentes de la Mesa Nacional de Productores de Leche representando a productores con n\u00fameros en rojo, especialmente despu\u00e9s de la devaluaci\u00f3n de enero. Llegaban a esta audiencia despu\u00e9s de haber realizado una asamblea bien caliente en Sunchales, con frases subidas de tono frente al subsecretario de Lecher\u00eda, Arturo Videla. Los dirigentes lecheros, con tal de conseguir algo, estaban dispuestos a simular y dejar pasar por alto todas las facturas que le ten\u00edan que pasar al Gobierno por haber pisado los precios con un tope de tres pesos el litro, medida que se termin\u00f3 cumpliendo por el alto acatamiento que tuvo la industria, necesitada de obtener los permisos de exportaci\u00f3n (ROE). Esperaban una marcha atr\u00e1s imposible, que por supuesto no ocurri\u00f3. Carlos Brave, coordinador de la Mesa Nacional de [&hellip;]","og_url":"https:\/\/proagrolab.com.ar\/conclusiones-del-cara-a-cara-de-kicillof-con-los-tamberos\/","og_site_name":"Proagro","article_publisher":"http:\/\/www.facebook.com\/proagrolab","article_published_time":"2014-07-21T00:00:01+00:00","article_modified_time":"2020-07-01T19:18:06+00:00","og_image":[{"width":450,"height":208,"url":"https:\/\/proagrolab.com.ar\/wp-content\/uploads\/2015\/01\/g_zideqoycb__Lecheras-14.jpg","type":"image\/jpeg"}],"author":"proagrolab","twitter_card":"summary_large_image","twitter_misc":{"Written by":"proagrolab","Est. reading time":"4 minutes"},"schema":{"@context":"https:\/\/schema.org","@graph":[{"@type":"Article","@id":"https:\/\/proagrolab.com.ar\/conclusiones-del-cara-a-cara-de-kicillof-con-los-tamberos\/#article","isPartOf":{"@id":"https:\/\/proagrolab.com.ar\/conclusiones-del-cara-a-cara-de-kicillof-con-los-tamberos\/"},"author":{"name":"proagrolab","@id":"https:\/\/proagrolab.com.ar\/#\/schema\/person\/38003ff90bf80381f71c7d922d207444"},"headline":"Conclusiones del cara a cara de Kicillof con los tamberos.","datePublished":"2014-07-21T00:00:01+00:00","dateModified":"2020-07-01T19:18:06+00:00","mainEntityOfPage":{"@id":"https:\/\/proagrolab.com.ar\/conclusiones-del-cara-a-cara-de-kicillof-con-los-tamberos\/"},"wordCount":909,"publisher":{"@id":"https:\/\/proagrolab.com.ar\/#organization"},"image":{"@id":"https:\/\/proagrolab.com.ar\/conclusiones-del-cara-a-cara-de-kicillof-con-los-tamberos\/#primaryimage"},"thumbnailUrl":"https:\/\/proagrolab.com.ar\/wp-content\/uploads\/2015\/01\/g_zideqoycb__Lecheras-14.jpg","articleSection":["News"],"inLanguage":"en-US"},{"@type":"WebPage","@id":"https:\/\/proagrolab.com.ar\/conclusiones-del-cara-a-cara-de-kicillof-con-los-tamberos\/","url":"https:\/\/proagrolab.com.ar\/conclusiones-del-cara-a-cara-de-kicillof-con-los-tamberos\/","name":"Conclusiones del cara a cara de Kicillof con los tamberos. | Proagro","isPartOf":{"@id":"https:\/\/proagrolab.com.ar\/#website"},"primaryImageOfPage":{"@id":"https:\/\/proagrolab.com.ar\/conclusiones-del-cara-a-cara-de-kicillof-con-los-tamberos\/#primaryimage"},"image":{"@id":"https:\/\/proagrolab.com.ar\/conclusiones-del-cara-a-cara-de-kicillof-con-los-tamberos\/#primaryimage"},"thumbnailUrl":"https:\/\/proagrolab.com.ar\/wp-content\/uploads\/2015\/01\/g_zideqoycb__Lecheras-14.jpg","datePublished":"2014-07-21T00:00:01+00:00","dateModified":"2020-07-01T19:18:06+00:00","breadcrumb":{"@id":"https:\/\/proagrolab.com.ar\/conclusiones-del-cara-a-cara-de-kicillof-con-los-tamberos\/#breadcrumb"},"inLanguage":"en-US","potentialAction":[{"@type":"ReadAction","target":["https:\/\/proagrolab.com.ar\/conclusiones-del-cara-a-cara-de-kicillof-con-los-tamberos\/"]}]},{"@type":"ImageObject","inLanguage":"en-US","@id":"https:\/\/proagrolab.com.ar\/conclusiones-del-cara-a-cara-de-kicillof-con-los-tamberos\/#primaryimage","url":"https:\/\/proagrolab.com.ar\/wp-content\/uploads\/2015\/01\/g_zideqoycb__Lecheras-14.jpg","contentUrl":"https:\/\/proagrolab.com.ar\/wp-content\/uploads\/2015\/01\/g_zideqoycb__Lecheras-14.jpg","width":450,"height":208},{"@type":"BreadcrumbList","@id":"https:\/\/proagrolab.com.ar\/conclusiones-del-cara-a-cara-de-kicillof-con-los-tamberos\/#breadcrumb","itemListElement":[{"@type":"ListItem","position":1,"name":"Portada","item":"https:\/\/proagrolab.com.ar\/"},{"@type":"ListItem","position":2,"name":"Conclusiones del cara a cara de Kicillof con los tamberos."}]},{"@type":"WebSite","@id":"https:\/\/proagrolab.com.ar\/#website","url":"https:\/\/proagrolab.com.ar\/","name":"Proagro Laboratorio Veterinario","description":"Veterinary laboratory","publisher":{"@id":"https:\/\/proagrolab.com.ar\/#organization"},"potentialAction":[{"@type":"SearchAction","target":{"@type":"EntryPoint","urlTemplate":"https:\/\/proagrolab.com.ar\/?s={search_term_string}"},"query-input":{"@type":"PropertyValueSpecification","valueRequired":true,"valueName":"search_term_string"}}],"inLanguage":"en-US"},{"@type":"Organization","@id":"https:\/\/proagrolab.com.ar\/#organization","name":"Proagro","url":"https:\/\/proagrolab.com.ar\/","logo":{"@type":"ImageObject","inLanguage":"en-US","@id":"https:\/\/proagrolab.com.ar\/#\/schema\/logo\/image\/","url":"https:\/\/proagrolab.com.ar\/wp-content\/uploads\/2020\/04\/logo-retina.png","contentUrl":"https:\/\/proagrolab.com.ar\/wp-content\/uploads\/2020\/04\/logo-retina.png","width":478,"height":120,"caption":"Proagro"},"image":{"@id":"https:\/\/proagrolab.com.ar\/#\/schema\/logo\/image\/"},"sameAs":["http:\/\/www.facebook.com\/proagrolab","https:\/\/www.instagram.com\/proagrolab\/","https:\/\/www.linkedin.com\/company\/laboratorio-proagro-s-a\/"]},{"@type":"Person","@id":"https:\/\/proagrolab.com.ar\/#\/schema\/person\/38003ff90bf80381f71c7d922d207444","name":"proagrolab"}]}},"_links":{"self":[{"href":"https:\/\/proagrolab.com.ar\/en\/wp-json\/wp\/v2\/posts\/6229","targetHints":{"allow":["GET"]}}],"collection":[{"href":"https:\/\/proagrolab.com.ar\/en\/wp-json\/wp\/v2\/posts"}],"about":[{"href":"https:\/\/proagrolab.com.ar\/en\/wp-json\/wp\/v2\/types\/post"}],"author":[{"embeddable":true,"href":"https:\/\/proagrolab.com.ar\/en\/wp-json\/wp\/v2\/users\/2"}],"replies":[{"embeddable":true,"href":"https:\/\/proagrolab.com.ar\/en\/wp-json\/wp\/v2\/comments?post=6229"}],"version-history":[{"count":1,"href":"https:\/\/proagrolab.com.ar\/en\/wp-json\/wp\/v2\/posts\/6229\/revisions"}],"predecessor-version":[{"id":14387,"href":"https:\/\/proagrolab.com.ar\/en\/wp-json\/wp\/v2\/posts\/6229\/revisions\/14387"}],"wp:featuredmedia":[{"embeddable":true,"href":"https:\/\/proagrolab.com.ar\/en\/wp-json\/wp\/v2\/media\/2716"}],"wp:attachment":[{"href":"https:\/\/proagrolab.com.ar\/en\/wp-json\/wp\/v2\/media?parent=6229"}],"wp:term":[{"taxonomy":"category","embeddable":true,"href":"https:\/\/proagrolab.com.ar\/en\/wp-json\/wp\/v2\/categories?post=6229"},{"taxonomy":"post_tag","embeddable":true,"href":"https:\/\/proagrolab.com.ar\/en\/wp-json\/wp\/v2\/tags?post=6229"}],"curies":[{"name":"wp","href":"https:\/\/api.w.org\/{rel}","templated":true}]}}