{"id":6226,"date":"2014-07-14T00:00:01","date_gmt":"2014-07-14T00:00:01","guid":{"rendered":"https:\/\/proagrolab.com.ar\/llego-el-gran-hermano-ganadero-a-partir-de-2015-todos-los-animales-deberan-tener-dispositivos-de-trazabilidad-individual-certificados-por-la-afip\/"},"modified":"2020-07-01T19:17:42","modified_gmt":"2020-07-01T19:17:42","slug":"llego-el-gran-hermano-ganadero-a-partir-de-2015-todos-los-animales-deberan-tener-dispositivos-de-trazabilidad-individual-certificados-por-la-afip","status":"publish","type":"post","link":"https:\/\/proagrolab.com.ar\/en\/llego-el-gran-hermano-ganadero-a-partir-de-2015-todos-los-animales-deberan-tener-dispositivos-de-trazabilidad-individual-certificados-por-la-afip\/","title":{"rendered":"Lleg\u00f3 el Gran Hermano Ganadero: a partir de 2015 todos los animales deber\u00e1n tener dispositivos de trazabilidad individual certificados por la Afip."},"content":{"rendered":"<p class=\"qtranxs-available-languages-message qtranxs-available-languages-message-en\"> <\/p><p>El nuevo r\u00e9gimen comenzar\u00e1 a regir el 1 de enero del a\u00f1o que viene.<\/p>\n<p>A partir del 1 de enero de 2015 la Afip implementar\u00e1 un \u0093Sistema Fiscal de Trazabilidad Animal\u0094 por medio del cual los integrantes de la cadena bovina deber\u00e1n informar todos los \u0093eventos ocurridos\u0094 con la hacienda bovina y los productos c\u00e1rnicos derivados de la misma.<\/p>\n<p>Por medio de la resoluci\u00f3n 3649\/14 \u0096publicada hoy lunes en el Bolet\u00edn Oficial\u0096 el organismo dirigido por Ricardo Echegaray dispuso que \u0093mediante la aplicaci\u00f3n de dispositivos de identificaci\u00f3n\u0094 en los animales se registrar\u00e1n en la \u0093base inform\u00e1tica\u0094 de la Afip \u0093nacimientos, muertes, traslados, faena, transformaci\u00f3n, comercializaci\u00f3n y dem\u00e1s supuestos de naturaleza imponible necesarios para obtener un informe de toda su historia\u0094.<\/p>\n<p>La resoluci\u00f3n expresa que \u0093la obligaci\u00f3n dispuesta se cumplir\u00e1 \u00fanicamente por medio de alguno de los dispositivos que al efecto resulten homologados por esta Administraci\u00f3n Federal y que ser\u00e1n provistos a los usuarios del sistema exclusivamente por las empresas proveedoras que este organismo autorice para su comercializaci\u00f3n\u0094.<\/p>\n<p>Los datos tomados por los dispositivos de identificaci\u00f3n individual aplicados en cada bovino se incorporar\u00e1 en el \u0093Registro Fiscal de Operadores del Sistema de Trazabilidad Animal\u0094.<\/p>\n<p>En los pr\u00f3ximos meses la normativa deber\u00e1 ser reglamentada. La resoluci\u00f3n se\u00f1ala 3649\/14 que la Afip \u0093definir\u00e1 oportunamente todos aquellos aspectos complementarios y necesarios para la operatividad del sistema\u0094, tales como \u0093los alcances funcionales y tecnol\u00f3gicos, los plazos y vigencias, caracter\u00edsticas del dispositivo a utilizar, sujetos obligados e informaci\u00f3n a suministrar\u0094.<\/p>\n<p>Fuente: Valor soja, 14 de julio.<br \/><\/p>","protected":false},"excerpt":{"rendered":"<p>El nuevo r\u00e9gimen comenzar\u00e1 a regir el 1 de enero del a\u00f1o que viene. A partir del 1 de enero de 2015 la Afip implementar\u00e1 un \u0093Sistema Fiscal de Trazabilidad Animal\u0094 por medio del cual los integrantes de la cadena bovina deber\u00e1n informar todos los \u0093eventos ocurridos\u0094 con la hacienda bovina y los productos c\u00e1rnicos derivados de la misma. Por medio de la resoluci\u00f3n 3649\/14 \u0096publicada hoy lunes en el Bolet\u00edn Oficial\u0096 el organismo dirigido por Ricardo Echegaray dispuso que \u0093mediante la aplicaci\u00f3n de dispositivos de identificaci\u00f3n\u0094 en los animales se registrar\u00e1n en la \u0093base inform\u00e1tica\u0094 de la Afip \u0093nacimientos, muertes, traslados, faena, transformaci\u00f3n, comercializaci\u00f3n y dem\u00e1s supuestos de naturaleza imponible necesarios para obtener un informe de toda su historia\u0094. La resoluci\u00f3n expresa que \u0093la obligaci\u00f3n dispuesta se cumplir\u00e1 \u00fanicamente por medio de alguno de los dispositivos que al efecto resulten homologados por esta Administraci\u00f3n Federal y que ser\u00e1n provistos a los usuarios del sistema exclusivamente por las empresas proveedoras que este organismo autorice para su comercializaci\u00f3n\u0094. Los datos tomados por los dispositivos de identificaci\u00f3n individual aplicados en cada bovino se incorporar\u00e1 en el \u0093Registro Fiscal de Operadores del Sistema de Trazabilidad Animal\u0094. En los pr\u00f3ximos meses la normativa deber\u00e1 [&hellip;]<\/p>\n","protected":false},"author":2,"featured_media":2714,"comment_status":"closed","ping_status":"open","sticky":false,"template":"","format":"standard","meta":{"_acf_changed":false,"footnotes":""},"categories":[56],"tags":[],"class_list":["post-6226","post","type-post","status-publish","format-standard","has-post-thumbnail","hentry","category-infoganadero"],"acf":[],"yoast_head":"<!-- This site is optimized with the Yoast SEO plugin v27.4 - https:\/\/yoast.com\/product\/yoast-seo-wordpress\/ -->\n<title>Lleg\u00f3 el Gran Hermano Ganadero: a partir de 2015 todos los animales deber\u00e1n tener dispositivos de trazabilidad individual certificados por la Afip. | Proagro<\/title>\n<meta name=\"robots\" content=\"index, follow, max-snippet:-1, max-image-preview:large, max-video-preview:-1\" \/>\n<link rel=\"canonical\" href=\"https:\/\/proagrolab.com.ar\/en\/llego-el-gran-hermano-ganadero-a-partir-de-2015-todos-los-animales-deberan-tener-dispositivos-de-trazabilidad-individual-certificados-por-la-afip\/\" \/>\n<meta property=\"og:locale\" content=\"en_US\" \/>\n<meta property=\"og:type\" content=\"article\" \/>\n<meta property=\"og:title\" content=\"Lleg\u00f3 el Gran Hermano Ganadero: a partir de 2015 todos los animales deber\u00e1n tener dispositivos de trazabilidad individual certificados por la Afip. | Proagro\" \/>\n<meta property=\"og:description\" content=\"El nuevo r\u00e9gimen comenzar\u00e1 a regir el 1 de enero del a\u00f1o que viene. A partir del 1 de enero de 2015 la Afip implementar\u00e1 un \u0093Sistema Fiscal de Trazabilidad Animal\u0094 por medio del cual los integrantes de la cadena bovina deber\u00e1n informar todos los \u0093eventos ocurridos\u0094 con la hacienda bovina y los productos c\u00e1rnicos derivados de la misma. Por medio de la resoluci\u00f3n 3649\/14 \u0096publicada hoy lunes en el Bolet\u00edn Oficial\u0096 el organismo dirigido por Ricardo Echegaray dispuso que \u0093mediante la aplicaci\u00f3n de dispositivos de identificaci\u00f3n\u0094 en los animales se registrar\u00e1n en la \u0093base inform\u00e1tica\u0094 de la Afip \u0093nacimientos, muertes, traslados, faena, transformaci\u00f3n, comercializaci\u00f3n y dem\u00e1s supuestos de naturaleza imponible necesarios para obtener un informe de toda su historia\u0094. La resoluci\u00f3n expresa que \u0093la obligaci\u00f3n dispuesta se cumplir\u00e1 \u00fanicamente por medio de alguno de los dispositivos que al efecto resulten homologados por esta Administraci\u00f3n Federal y que ser\u00e1n provistos a los usuarios del sistema exclusivamente por las empresas proveedoras que este organismo autorice para su comercializaci\u00f3n\u0094. Los datos tomados por los dispositivos de identificaci\u00f3n individual aplicados en cada bovino se incorporar\u00e1 en el \u0093Registro Fiscal de Operadores del Sistema de Trazabilidad Animal\u0094. En los pr\u00f3ximos meses la normativa deber\u00e1 [&hellip;]\" \/>\n<meta property=\"og:url\" content=\"https:\/\/proagrolab.com.ar\/llego-el-gran-hermano-ganadero-a-partir-de-2015-todos-los-animales-deberan-tener-dispositivos-de-trazabilidad-individual-certificados-por-la-afip\/\" \/>\n<meta property=\"og:site_name\" content=\"Proagro\" \/>\n<meta property=\"article:publisher\" content=\"http:\/\/www.facebook.com\/proagrolab\" \/>\n<meta property=\"article:published_time\" content=\"2014-07-14T00:00:01+00:00\" \/>\n<meta property=\"article:modified_time\" content=\"2020-07-01T19:17:42+00:00\" \/>\n<meta property=\"og:image\" content=\"https:\/\/proagrolab.com.ar\/wp-content\/uploads\/2015\/01\/g_b8x2whm8e__Bovinos-pastando.jpg\" \/>\n\t<meta property=\"og:image:width\" content=\"450\" \/>\n\t<meta property=\"og:image:height\" content=\"208\" \/>\n\t<meta property=\"og:image:type\" content=\"image\/jpeg\" \/>\n<meta name=\"author\" content=\"proagrolab\" \/>\n<meta name=\"twitter:card\" content=\"summary_large_image\" \/>\n<meta name=\"twitter:label1\" content=\"Written by\" \/>\n\t<meta name=\"twitter:data1\" content=\"proagrolab\" \/>\n\t<meta name=\"twitter:label2\" content=\"Est. reading time\" \/>\n\t<meta name=\"twitter:data2\" content=\"1 minute\" \/>\n<script type=\"application\/ld+json\" class=\"yoast-schema-graph\">{\"@context\":\"https:\\\/\\\/schema.org\",\"@graph\":[{\"@type\":\"Article\",\"@id\":\"https:\\\/\\\/proagrolab.com.ar\\\/llego-el-gran-hermano-ganadero-a-partir-de-2015-todos-los-animales-deberan-tener-dispositivos-de-trazabilidad-individual-certificados-por-la-afip\\\/#article\",\"isPartOf\":{\"@id\":\"https:\\\/\\\/proagrolab.com.ar\\\/llego-el-gran-hermano-ganadero-a-partir-de-2015-todos-los-animales-deberan-tener-dispositivos-de-trazabilidad-individual-certificados-por-la-afip\\\/\"},\"author\":{\"name\":\"proagrolab\",\"@id\":\"https:\\\/\\\/proagrolab.com.ar\\\/#\\\/schema\\\/person\\\/38003ff90bf80381f71c7d922d207444\"},\"headline\":\"Lleg\u00f3 el Gran Hermano Ganadero: a partir de 2015 todos los animales deber\u00e1n tener dispositivos de trazabilidad individual certificados por la Afip.\",\"datePublished\":\"2014-07-14T00:00:01+00:00\",\"dateModified\":\"2020-07-01T19:17:42+00:00\",\"mainEntityOfPage\":{\"@id\":\"https:\\\/\\\/proagrolab.com.ar\\\/llego-el-gran-hermano-ganadero-a-partir-de-2015-todos-los-animales-deberan-tener-dispositivos-de-trazabilidad-individual-certificados-por-la-afip\\\/\"},\"wordCount\":291,\"publisher\":{\"@id\":\"https:\\\/\\\/proagrolab.com.ar\\\/#organization\"},\"image\":{\"@id\":\"https:\\\/\\\/proagrolab.com.ar\\\/llego-el-gran-hermano-ganadero-a-partir-de-2015-todos-los-animales-deberan-tener-dispositivos-de-trazabilidad-individual-certificados-por-la-afip\\\/#primaryimage\"},\"thumbnailUrl\":\"https:\\\/\\\/proagrolab.com.ar\\\/wp-content\\\/uploads\\\/2015\\\/01\\\/g_b8x2whm8e__Bovinos-pastando.jpg\",\"articleSection\":[\"News\"],\"inLanguage\":\"en-US\"},{\"@type\":\"WebPage\",\"@id\":\"https:\\\/\\\/proagrolab.com.ar\\\/llego-el-gran-hermano-ganadero-a-partir-de-2015-todos-los-animales-deberan-tener-dispositivos-de-trazabilidad-individual-certificados-por-la-afip\\\/\",\"url\":\"https:\\\/\\\/proagrolab.com.ar\\\/llego-el-gran-hermano-ganadero-a-partir-de-2015-todos-los-animales-deberan-tener-dispositivos-de-trazabilidad-individual-certificados-por-la-afip\\\/\",\"name\":\"Lleg\u00f3 el Gran Hermano Ganadero: a partir de 2015 todos los animales deber\u00e1n tener dispositivos de trazabilidad individual certificados por la Afip. | Proagro\",\"isPartOf\":{\"@id\":\"https:\\\/\\\/proagrolab.com.ar\\\/#website\"},\"primaryImageOfPage\":{\"@id\":\"https:\\\/\\\/proagrolab.com.ar\\\/llego-el-gran-hermano-ganadero-a-partir-de-2015-todos-los-animales-deberan-tener-dispositivos-de-trazabilidad-individual-certificados-por-la-afip\\\/#primaryimage\"},\"image\":{\"@id\":\"https:\\\/\\\/proagrolab.com.ar\\\/llego-el-gran-hermano-ganadero-a-partir-de-2015-todos-los-animales-deberan-tener-dispositivos-de-trazabilidad-individual-certificados-por-la-afip\\\/#primaryimage\"},\"thumbnailUrl\":\"https:\\\/\\\/proagrolab.com.ar\\\/wp-content\\\/uploads\\\/2015\\\/01\\\/g_b8x2whm8e__Bovinos-pastando.jpg\",\"datePublished\":\"2014-07-14T00:00:01+00:00\",\"dateModified\":\"2020-07-01T19:17:42+00:00\",\"breadcrumb\":{\"@id\":\"https:\\\/\\\/proagrolab.com.ar\\\/llego-el-gran-hermano-ganadero-a-partir-de-2015-todos-los-animales-deberan-tener-dispositivos-de-trazabilidad-individual-certificados-por-la-afip\\\/#breadcrumb\"},\"inLanguage\":\"en-US\",\"potentialAction\":[{\"@type\":\"ReadAction\",\"target\":[\"https:\\\/\\\/proagrolab.com.ar\\\/llego-el-gran-hermano-ganadero-a-partir-de-2015-todos-los-animales-deberan-tener-dispositivos-de-trazabilidad-individual-certificados-por-la-afip\\\/\"]}]},{\"@type\":\"ImageObject\",\"inLanguage\":\"en-US\",\"@id\":\"https:\\\/\\\/proagrolab.com.ar\\\/llego-el-gran-hermano-ganadero-a-partir-de-2015-todos-los-animales-deberan-tener-dispositivos-de-trazabilidad-individual-certificados-por-la-afip\\\/#primaryimage\",\"url\":\"https:\\\/\\\/proagrolab.com.ar\\\/wp-content\\\/uploads\\\/2015\\\/01\\\/g_b8x2whm8e__Bovinos-pastando.jpg\",\"contentUrl\":\"https:\\\/\\\/proagrolab.com.ar\\\/wp-content\\\/uploads\\\/2015\\\/01\\\/g_b8x2whm8e__Bovinos-pastando.jpg\",\"width\":450,\"height\":208},{\"@type\":\"BreadcrumbList\",\"@id\":\"https:\\\/\\\/proagrolab.com.ar\\\/llego-el-gran-hermano-ganadero-a-partir-de-2015-todos-los-animales-deberan-tener-dispositivos-de-trazabilidad-individual-certificados-por-la-afip\\\/#breadcrumb\",\"itemListElement\":[{\"@type\":\"ListItem\",\"position\":1,\"name\":\"Portada\",\"item\":\"https:\\\/\\\/proagrolab.com.ar\\\/\"},{\"@type\":\"ListItem\",\"position\":2,\"name\":\"Lleg\u00f3 el Gran Hermano Ganadero: a partir de 2015 todos los animales deber\u00e1n tener dispositivos de trazabilidad individual certificados por la Afip.\"}]},{\"@type\":\"WebSite\",\"@id\":\"https:\\\/\\\/proagrolab.com.ar\\\/#website\",\"url\":\"https:\\\/\\\/proagrolab.com.ar\\\/\",\"name\":\"Proagro Laboratorio Veterinario\",\"description\":\"Veterinary laboratory\",\"publisher\":{\"@id\":\"https:\\\/\\\/proagrolab.com.ar\\\/#organization\"},\"potentialAction\":[{\"@type\":\"SearchAction\",\"target\":{\"@type\":\"EntryPoint\",\"urlTemplate\":\"https:\\\/\\\/proagrolab.com.ar\\\/?s={search_term_string}\"},\"query-input\":{\"@type\":\"PropertyValueSpecification\",\"valueRequired\":true,\"valueName\":\"search_term_string\"}}],\"inLanguage\":\"en-US\"},{\"@type\":\"Organization\",\"@id\":\"https:\\\/\\\/proagrolab.com.ar\\\/#organization\",\"name\":\"Proagro\",\"url\":\"https:\\\/\\\/proagrolab.com.ar\\\/\",\"logo\":{\"@type\":\"ImageObject\",\"inLanguage\":\"en-US\",\"@id\":\"https:\\\/\\\/proagrolab.com.ar\\\/#\\\/schema\\\/logo\\\/image\\\/\",\"url\":\"https:\\\/\\\/proagrolab.com.ar\\\/wp-content\\\/uploads\\\/2020\\\/04\\\/logo-retina.png\",\"contentUrl\":\"https:\\\/\\\/proagrolab.com.ar\\\/wp-content\\\/uploads\\\/2020\\\/04\\\/logo-retina.png\",\"width\":478,\"height\":120,\"caption\":\"Proagro\"},\"image\":{\"@id\":\"https:\\\/\\\/proagrolab.com.ar\\\/#\\\/schema\\\/logo\\\/image\\\/\"},\"sameAs\":[\"http:\\\/\\\/www.facebook.com\\\/proagrolab\",\"https:\\\/\\\/www.instagram.com\\\/proagrolab\\\/\",\"https:\\\/\\\/www.linkedin.com\\\/company\\\/laboratorio-proagro-s-a\\\/\"]},{\"@type\":\"Person\",\"@id\":\"https:\\\/\\\/proagrolab.com.ar\\\/#\\\/schema\\\/person\\\/38003ff90bf80381f71c7d922d207444\",\"name\":\"proagrolab\"}]}<\/script>\n<!-- \/ Yoast SEO plugin. -->","yoast_head_json":{"title":"Lleg\u00f3 el Gran Hermano Ganadero: a partir de 2015 todos los animales deber\u00e1n tener dispositivos de trazabilidad individual certificados por la Afip. | Proagro","robots":{"index":"index","follow":"follow","max-snippet":"max-snippet:-1","max-image-preview":"max-image-preview:large","max-video-preview":"max-video-preview:-1"},"canonical":"https:\/\/proagrolab.com.ar\/en\/llego-el-gran-hermano-ganadero-a-partir-de-2015-todos-los-animales-deberan-tener-dispositivos-de-trazabilidad-individual-certificados-por-la-afip\/","og_locale":"en_US","og_type":"article","og_title":"Lleg\u00f3 el Gran Hermano Ganadero: a partir de 2015 todos los animales deber\u00e1n tener dispositivos de trazabilidad individual certificados por la Afip. | Proagro","og_description":"El nuevo r\u00e9gimen comenzar\u00e1 a regir el 1 de enero del a\u00f1o que viene. A partir del 1 de enero de 2015 la Afip implementar\u00e1 un \u0093Sistema Fiscal de Trazabilidad Animal\u0094 por medio del cual los integrantes de la cadena bovina deber\u00e1n informar todos los \u0093eventos ocurridos\u0094 con la hacienda bovina y los productos c\u00e1rnicos derivados de la misma. Por medio de la resoluci\u00f3n 3649\/14 \u0096publicada hoy lunes en el Bolet\u00edn Oficial\u0096 el organismo dirigido por Ricardo Echegaray dispuso que \u0093mediante la aplicaci\u00f3n de dispositivos de identificaci\u00f3n\u0094 en los animales se registrar\u00e1n en la \u0093base inform\u00e1tica\u0094 de la Afip \u0093nacimientos, muertes, traslados, faena, transformaci\u00f3n, comercializaci\u00f3n y dem\u00e1s supuestos de naturaleza imponible necesarios para obtener un informe de toda su historia\u0094. La resoluci\u00f3n expresa que \u0093la obligaci\u00f3n dispuesta se cumplir\u00e1 \u00fanicamente por medio de alguno de los dispositivos que al efecto resulten homologados por esta Administraci\u00f3n Federal y que ser\u00e1n provistos a los usuarios del sistema exclusivamente por las empresas proveedoras que este organismo autorice para su comercializaci\u00f3n\u0094. Los datos tomados por los dispositivos de identificaci\u00f3n individual aplicados en cada bovino se incorporar\u00e1 en el \u0093Registro Fiscal de Operadores del Sistema de Trazabilidad Animal\u0094. En los pr\u00f3ximos meses la normativa deber\u00e1 [&hellip;]","og_url":"https:\/\/proagrolab.com.ar\/llego-el-gran-hermano-ganadero-a-partir-de-2015-todos-los-animales-deberan-tener-dispositivos-de-trazabilidad-individual-certificados-por-la-afip\/","og_site_name":"Proagro","article_publisher":"http:\/\/www.facebook.com\/proagrolab","article_published_time":"2014-07-14T00:00:01+00:00","article_modified_time":"2020-07-01T19:17:42+00:00","og_image":[{"width":450,"height":208,"url":"https:\/\/proagrolab.com.ar\/wp-content\/uploads\/2015\/01\/g_b8x2whm8e__Bovinos-pastando.jpg","type":"image\/jpeg"}],"author":"proagrolab","twitter_card":"summary_large_image","twitter_misc":{"Written by":"proagrolab","Est. reading time":"1 minute"},"schema":{"@context":"https:\/\/schema.org","@graph":[{"@type":"Article","@id":"https:\/\/proagrolab.com.ar\/llego-el-gran-hermano-ganadero-a-partir-de-2015-todos-los-animales-deberan-tener-dispositivos-de-trazabilidad-individual-certificados-por-la-afip\/#article","isPartOf":{"@id":"https:\/\/proagrolab.com.ar\/llego-el-gran-hermano-ganadero-a-partir-de-2015-todos-los-animales-deberan-tener-dispositivos-de-trazabilidad-individual-certificados-por-la-afip\/"},"author":{"name":"proagrolab","@id":"https:\/\/proagrolab.com.ar\/#\/schema\/person\/38003ff90bf80381f71c7d922d207444"},"headline":"Lleg\u00f3 el Gran Hermano Ganadero: a partir de 2015 todos los animales deber\u00e1n tener dispositivos de trazabilidad individual certificados por la Afip.","datePublished":"2014-07-14T00:00:01+00:00","dateModified":"2020-07-01T19:17:42+00:00","mainEntityOfPage":{"@id":"https:\/\/proagrolab.com.ar\/llego-el-gran-hermano-ganadero-a-partir-de-2015-todos-los-animales-deberan-tener-dispositivos-de-trazabilidad-individual-certificados-por-la-afip\/"},"wordCount":291,"publisher":{"@id":"https:\/\/proagrolab.com.ar\/#organization"},"image":{"@id":"https:\/\/proagrolab.com.ar\/llego-el-gran-hermano-ganadero-a-partir-de-2015-todos-los-animales-deberan-tener-dispositivos-de-trazabilidad-individual-certificados-por-la-afip\/#primaryimage"},"thumbnailUrl":"https:\/\/proagrolab.com.ar\/wp-content\/uploads\/2015\/01\/g_b8x2whm8e__Bovinos-pastando.jpg","articleSection":["News"],"inLanguage":"en-US"},{"@type":"WebPage","@id":"https:\/\/proagrolab.com.ar\/llego-el-gran-hermano-ganadero-a-partir-de-2015-todos-los-animales-deberan-tener-dispositivos-de-trazabilidad-individual-certificados-por-la-afip\/","url":"https:\/\/proagrolab.com.ar\/llego-el-gran-hermano-ganadero-a-partir-de-2015-todos-los-animales-deberan-tener-dispositivos-de-trazabilidad-individual-certificados-por-la-afip\/","name":"Lleg\u00f3 el Gran Hermano Ganadero: a partir de 2015 todos los animales deber\u00e1n tener dispositivos de trazabilidad individual certificados por la Afip. | Proagro","isPartOf":{"@id":"https:\/\/proagrolab.com.ar\/#website"},"primaryImageOfPage":{"@id":"https:\/\/proagrolab.com.ar\/llego-el-gran-hermano-ganadero-a-partir-de-2015-todos-los-animales-deberan-tener-dispositivos-de-trazabilidad-individual-certificados-por-la-afip\/#primaryimage"},"image":{"@id":"https:\/\/proagrolab.com.ar\/llego-el-gran-hermano-ganadero-a-partir-de-2015-todos-los-animales-deberan-tener-dispositivos-de-trazabilidad-individual-certificados-por-la-afip\/#primaryimage"},"thumbnailUrl":"https:\/\/proagrolab.com.ar\/wp-content\/uploads\/2015\/01\/g_b8x2whm8e__Bovinos-pastando.jpg","datePublished":"2014-07-14T00:00:01+00:00","dateModified":"2020-07-01T19:17:42+00:00","breadcrumb":{"@id":"https:\/\/proagrolab.com.ar\/llego-el-gran-hermano-ganadero-a-partir-de-2015-todos-los-animales-deberan-tener-dispositivos-de-trazabilidad-individual-certificados-por-la-afip\/#breadcrumb"},"inLanguage":"en-US","potentialAction":[{"@type":"ReadAction","target":["https:\/\/proagrolab.com.ar\/llego-el-gran-hermano-ganadero-a-partir-de-2015-todos-los-animales-deberan-tener-dispositivos-de-trazabilidad-individual-certificados-por-la-afip\/"]}]},{"@type":"ImageObject","inLanguage":"en-US","@id":"https:\/\/proagrolab.com.ar\/llego-el-gran-hermano-ganadero-a-partir-de-2015-todos-los-animales-deberan-tener-dispositivos-de-trazabilidad-individual-certificados-por-la-afip\/#primaryimage","url":"https:\/\/proagrolab.com.ar\/wp-content\/uploads\/2015\/01\/g_b8x2whm8e__Bovinos-pastando.jpg","contentUrl":"https:\/\/proagrolab.com.ar\/wp-content\/uploads\/2015\/01\/g_b8x2whm8e__Bovinos-pastando.jpg","width":450,"height":208},{"@type":"BreadcrumbList","@id":"https:\/\/proagrolab.com.ar\/llego-el-gran-hermano-ganadero-a-partir-de-2015-todos-los-animales-deberan-tener-dispositivos-de-trazabilidad-individual-certificados-por-la-afip\/#breadcrumb","itemListElement":[{"@type":"ListItem","position":1,"name":"Portada","item":"https:\/\/proagrolab.com.ar\/"},{"@type":"ListItem","position":2,"name":"Lleg\u00f3 el Gran Hermano Ganadero: a partir de 2015 todos los animales deber\u00e1n tener dispositivos de trazabilidad individual certificados por la Afip."}]},{"@type":"WebSite","@id":"https:\/\/proagrolab.com.ar\/#website","url":"https:\/\/proagrolab.com.ar\/","name":"Proagro Laboratorio Veterinario","description":"Veterinary laboratory","publisher":{"@id":"https:\/\/proagrolab.com.ar\/#organization"},"potentialAction":[{"@type":"SearchAction","target":{"@type":"EntryPoint","urlTemplate":"https:\/\/proagrolab.com.ar\/?s={search_term_string}"},"query-input":{"@type":"PropertyValueSpecification","valueRequired":true,"valueName":"search_term_string"}}],"inLanguage":"en-US"},{"@type":"Organization","@id":"https:\/\/proagrolab.com.ar\/#organization","name":"Proagro","url":"https:\/\/proagrolab.com.ar\/","logo":{"@type":"ImageObject","inLanguage":"en-US","@id":"https:\/\/proagrolab.com.ar\/#\/schema\/logo\/image\/","url":"https:\/\/proagrolab.com.ar\/wp-content\/uploads\/2020\/04\/logo-retina.png","contentUrl":"https:\/\/proagrolab.com.ar\/wp-content\/uploads\/2020\/04\/logo-retina.png","width":478,"height":120,"caption":"Proagro"},"image":{"@id":"https:\/\/proagrolab.com.ar\/#\/schema\/logo\/image\/"},"sameAs":["http:\/\/www.facebook.com\/proagrolab","https:\/\/www.instagram.com\/proagrolab\/","https:\/\/www.linkedin.com\/company\/laboratorio-proagro-s-a\/"]},{"@type":"Person","@id":"https:\/\/proagrolab.com.ar\/#\/schema\/person\/38003ff90bf80381f71c7d922d207444","name":"proagrolab"}]}},"_links":{"self":[{"href":"https:\/\/proagrolab.com.ar\/en\/wp-json\/wp\/v2\/posts\/6226","targetHints":{"allow":["GET"]}}],"collection":[{"href":"https:\/\/proagrolab.com.ar\/en\/wp-json\/wp\/v2\/posts"}],"about":[{"href":"https:\/\/proagrolab.com.ar\/en\/wp-json\/wp\/v2\/types\/post"}],"author":[{"embeddable":true,"href":"https:\/\/proagrolab.com.ar\/en\/wp-json\/wp\/v2\/users\/2"}],"replies":[{"embeddable":true,"href":"https:\/\/proagrolab.com.ar\/en\/wp-json\/wp\/v2\/comments?post=6226"}],"version-history":[{"count":1,"href":"https:\/\/proagrolab.com.ar\/en\/wp-json\/wp\/v2\/posts\/6226\/revisions"}],"predecessor-version":[{"id":14382,"href":"https:\/\/proagrolab.com.ar\/en\/wp-json\/wp\/v2\/posts\/6226\/revisions\/14382"}],"wp:featuredmedia":[{"embeddable":true,"href":"https:\/\/proagrolab.com.ar\/en\/wp-json\/wp\/v2\/media\/2714"}],"wp:attachment":[{"href":"https:\/\/proagrolab.com.ar\/en\/wp-json\/wp\/v2\/media?parent=6226"}],"wp:term":[{"taxonomy":"category","embeddable":true,"href":"https:\/\/proagrolab.com.ar\/en\/wp-json\/wp\/v2\/categories?post=6226"},{"taxonomy":"post_tag","embeddable":true,"href":"https:\/\/proagrolab.com.ar\/en\/wp-json\/wp\/v2\/tags?post=6226"}],"curies":[{"name":"wp","href":"https:\/\/api.w.org\/{rel}","templated":true}]}}