{"id":6223,"date":"2014-07-11T00:00:01","date_gmt":"2014-07-11T00:00:01","guid":{"rendered":"https:\/\/proagrolab.com.ar\/la-faena-se-recupera-pero-no-lo-suficiente\/"},"modified":"2020-07-01T19:17:33","modified_gmt":"2020-07-01T19:17:33","slug":"la-faena-se-recupera-pero-no-lo-suficiente","status":"publish","type":"post","link":"https:\/\/proagrolab.com.ar\/en\/la-faena-se-recupera-pero-no-lo-suficiente\/","title":{"rendered":"La faena se recupera, pero no lo suficiente."},"content":{"rendered":"<p class=\"qtranxs-available-languages-message qtranxs-available-languages-message-en\"> <\/p><p>Por Ignacio Iriarte.<\/p>\n<p>En junio, la faena se recupera (+3,8 por ciento), pero no lo suficiente como para evitar que en el primer semestre la oferta ganadera se haya ubicado un 1,1 por ciento por debajo del a\u00f1o anterior.<\/p>\n<p>El consumo se mantiene en los 61 kilos, un par de kilos por debajo de un a\u00f1o atr\u00e1s, consecuencia de un peso medio de faena cada vez m\u00e1s bajo, y del crecimiento poblacional.<\/p>\n<p><i>Panorama<\/i><br \/>La producci\u00f3n actual de carne vacuna se ubica al mismo nivel que en la d\u00e9cada pasada, y s\u00f3lo 100 mil toneladas por encima de las d\u00e9cadas de 1980 y de 1990. Con respecto a los \u009170, la producci\u00f3n es 250 mil toneladas mayor (+9,6 por ciento), pero la poblaci\u00f3n argentina es de 18 millones de habitantes m\u00e1s (+75 por ciento).<\/p>\n<p>La exportaci\u00f3n se sostiene en bajos niveles (17 mil toneladas en mayo), y los precios siguen firmes, consecuencia de una oferta restringida por las lluvias, por los paros y por los feriados. Ya estamos entrando en el segundo semestre, con el antecedente de que el a\u00f1o pasado la oferta de carne en julio-diciembre fue un nueve por ciento m\u00e1s alta que en el semestre previo, y con el dato a considerar de que este a\u00f1o habr\u00eda un 12 por ciento m\u00e1s de hacienda encerrada que el a\u00f1o pasado, estando todav\u00eda el feedlot en proceso de llenado en mayo y junio.<\/p>\n<p>Adem\u00e1s, hay mucha hacienda demorada en sus engordes, a causa del barro y de los temporales, lo que ha impedido la entrada a verdeos y pasturas, y hasta ha restringido en algunos casos la suplementaci\u00f3n con grano o con silaje.<\/p>\n<p>En los feedlots , problemas de barro, de menor consumo y hasta de conversi\u00f3n. Habr\u00eda una generaci\u00f3n de animales atrasados en sus engordes que, si el tiempo se afirma, se terminar\u00e1n, se vender\u00e1n y contribuir\u00e1n a incrementar la oferta en las pr\u00f3ximas semanas.<\/p>\n<p><i>Precio internacional<\/i><br \/>El precio internacional de la carne vacuna, despu\u00e9s de haberse tomado un respiro durante el a\u00f1o pasado, vuelve a subir en el primer semestre de 2014, para igualar ya los r\u00e9cords hist\u00f3ricos tocados a mediados de 2008, antes de la crisis de las hipotecas subprime en los Estados Unidos.<\/p>\n<p>En abril, el valor FOB promedio de la carne que exporta los Estados Unidos se ubica un 8,5 por ciento arriba de un a\u00f1o atr\u00e1s, mientras el FOB de Uruguay registra un alza del 11,1 por ciento. En cuanto a Brasil \u0096el primer exportador del mundo\u0096 registr\u00f3 en mayo un valor promedio 8,5 por ciento m\u00e1s alto que igual mes del a\u00f1o pasado.<\/p>\n<p>China est\u00e1 pagando a Australia, que provee el 51 por ciento de sus compras de carne vacuna, un 12 por ciento m\u00e1s en promedio que un a\u00f1o atr\u00e1s.<\/p>\n<p>Se est\u00e1 dando un aumento en los precios acompa\u00f1ado de un incremento en los vol\u00famenes comercializados, los cuales seg\u00fan el Departamento de Agricultura de los Estados Unidos (Usda) a nivel mundial pasar\u00edan de 8,9 millones de toneladas el a\u00f1o pasado a unos 9,5 millones de toneladas en 2014.<\/p>\n<p><i>Producci\u00f3n<\/i><br \/>La producci\u00f3n mundial de carne vacuna crece s\u00f3lo un 2,6 por ciento con respecto a cinco a\u00f1os atr\u00e1s, mientras que la de cerdo crece un 10,3 por ciento y la de carne aviar lo hace un 15,2 por ciento.<\/p>\n<p>En cuanto a las exportaciones mundiales, las de carne de cerdo crecieron en cinco a\u00f1os un 22 por ciento, las de pollo un 28 por ciento y las de carne vacuna un 28 por ciento.<\/p>\n<p>En los \u00faltimos 10 a\u00f1os, la producci\u00f3n mundial de carne aviar creci\u00f3 un 53 por ciento, la de cerdo un 26 por ciento y la de carne vacuna un 14,9 por ciento. Al decir de un analista internacional: \u0093La carne vacuna se produce cada vez menos y se comercializa cada vez m\u00e1s\u0094. <\/p>\n<p>Fuente: La Voz del Interior, 11 de julio.<br \/><\/p>","protected":false},"excerpt":{"rendered":"<p>Por Ignacio Iriarte. En junio, la faena se recupera (+3,8 por ciento), pero no lo suficiente como para evitar que en el primer semestre la oferta ganadera se haya ubicado un 1,1 por ciento por debajo del a\u00f1o anterior. El consumo se mantiene en los 61 kilos, un par de kilos por debajo de un a\u00f1o atr\u00e1s, consecuencia de un peso medio de faena cada vez m\u00e1s bajo, y del crecimiento poblacional. PanoramaLa producci\u00f3n actual de carne vacuna se ubica al mismo nivel que en la d\u00e9cada pasada, y s\u00f3lo 100 mil toneladas por encima de las d\u00e9cadas de 1980 y de 1990. Con respecto a los \u009170, la producci\u00f3n es 250 mil toneladas mayor (+9,6 por ciento), pero la poblaci\u00f3n argentina es de 18 millones de habitantes m\u00e1s (+75 por ciento). La exportaci\u00f3n se sostiene en bajos niveles (17 mil toneladas en mayo), y los precios siguen firmes, consecuencia de una oferta restringida por las lluvias, por los paros y por los feriados. Ya estamos entrando en el segundo semestre, con el antecedente de que el a\u00f1o pasado la oferta de carne en julio-diciembre fue un nueve por ciento m\u00e1s alta que en el semestre previo, y con el [&hellip;]<\/p>\n","protected":false},"author":2,"featured_media":2711,"comment_status":"closed","ping_status":"open","sticky":false,"template":"","format":"standard","meta":{"_acf_changed":false,"footnotes":""},"categories":[56],"tags":[],"class_list":["post-6223","post","type-post","status-publish","format-standard","has-post-thumbnail","hentry","category-infoganadero"],"acf":[],"yoast_head":"<!-- This site is optimized with the Yoast SEO plugin v27.4 - https:\/\/yoast.com\/product\/yoast-seo-wordpress\/ -->\n<title>La faena se recupera, pero no lo suficiente. | Proagro<\/title>\n<meta name=\"robots\" content=\"index, follow, max-snippet:-1, max-image-preview:large, max-video-preview:-1\" \/>\n<link rel=\"canonical\" href=\"https:\/\/proagrolab.com.ar\/en\/la-faena-se-recupera-pero-no-lo-suficiente\/\" \/>\n<meta property=\"og:locale\" content=\"en_US\" \/>\n<meta property=\"og:type\" content=\"article\" \/>\n<meta property=\"og:title\" content=\"La faena se recupera, pero no lo suficiente. | Proagro\" \/>\n<meta property=\"og:description\" content=\"Por Ignacio Iriarte. En junio, la faena se recupera (+3,8 por ciento), pero no lo suficiente como para evitar que en el primer semestre la oferta ganadera se haya ubicado un 1,1 por ciento por debajo del a\u00f1o anterior. El consumo se mantiene en los 61 kilos, un par de kilos por debajo de un a\u00f1o atr\u00e1s, consecuencia de un peso medio de faena cada vez m\u00e1s bajo, y del crecimiento poblacional. PanoramaLa producci\u00f3n actual de carne vacuna se ubica al mismo nivel que en la d\u00e9cada pasada, y s\u00f3lo 100 mil toneladas por encima de las d\u00e9cadas de 1980 y de 1990. Con respecto a los \u009170, la producci\u00f3n es 250 mil toneladas mayor (+9,6 por ciento), pero la poblaci\u00f3n argentina es de 18 millones de habitantes m\u00e1s (+75 por ciento). La exportaci\u00f3n se sostiene en bajos niveles (17 mil toneladas en mayo), y los precios siguen firmes, consecuencia de una oferta restringida por las lluvias, por los paros y por los feriados. Ya estamos entrando en el segundo semestre, con el antecedente de que el a\u00f1o pasado la oferta de carne en julio-diciembre fue un nueve por ciento m\u00e1s alta que en el semestre previo, y con el [&hellip;]\" \/>\n<meta property=\"og:url\" content=\"https:\/\/proagrolab.com.ar\/la-faena-se-recupera-pero-no-lo-suficiente\/\" \/>\n<meta property=\"og:site_name\" content=\"Proagro\" \/>\n<meta property=\"article:publisher\" content=\"http:\/\/www.facebook.com\/proagrolab\" \/>\n<meta property=\"article:published_time\" content=\"2014-07-11T00:00:01+00:00\" \/>\n<meta property=\"article:modified_time\" content=\"2020-07-01T19:17:33+00:00\" \/>\n<meta property=\"og:image\" content=\"https:\/\/proagrolab.com.ar\/wp-content\/uploads\/2015\/01\/g_p408s7mb3__Frigorifico-3.jpg\" \/>\n\t<meta property=\"og:image:width\" content=\"450\" \/>\n\t<meta property=\"og:image:height\" content=\"208\" \/>\n\t<meta property=\"og:image:type\" content=\"image\/jpeg\" \/>\n<meta name=\"author\" content=\"proagrolab\" \/>\n<meta name=\"twitter:card\" content=\"summary_large_image\" \/>\n<meta name=\"twitter:label1\" content=\"Written by\" \/>\n\t<meta name=\"twitter:data1\" content=\"proagrolab\" \/>\n\t<meta name=\"twitter:label2\" content=\"Est. reading time\" \/>\n\t<meta name=\"twitter:data2\" content=\"3 minutes\" \/>\n<script type=\"application\/ld+json\" class=\"yoast-schema-graph\">{\"@context\":\"https:\\\/\\\/schema.org\",\"@graph\":[{\"@type\":\"Article\",\"@id\":\"https:\\\/\\\/proagrolab.com.ar\\\/la-faena-se-recupera-pero-no-lo-suficiente\\\/#article\",\"isPartOf\":{\"@id\":\"https:\\\/\\\/proagrolab.com.ar\\\/la-faena-se-recupera-pero-no-lo-suficiente\\\/\"},\"author\":{\"name\":\"proagrolab\",\"@id\":\"https:\\\/\\\/proagrolab.com.ar\\\/#\\\/schema\\\/person\\\/38003ff90bf80381f71c7d922d207444\"},\"headline\":\"La faena se recupera, pero no lo suficiente.\",\"datePublished\":\"2014-07-11T00:00:01+00:00\",\"dateModified\":\"2020-07-01T19:17:33+00:00\",\"mainEntityOfPage\":{\"@id\":\"https:\\\/\\\/proagrolab.com.ar\\\/la-faena-se-recupera-pero-no-lo-suficiente\\\/\"},\"wordCount\":667,\"publisher\":{\"@id\":\"https:\\\/\\\/proagrolab.com.ar\\\/#organization\"},\"image\":{\"@id\":\"https:\\\/\\\/proagrolab.com.ar\\\/la-faena-se-recupera-pero-no-lo-suficiente\\\/#primaryimage\"},\"thumbnailUrl\":\"https:\\\/\\\/proagrolab.com.ar\\\/wp-content\\\/uploads\\\/2015\\\/01\\\/g_p408s7mb3__Frigorifico-3.jpg\",\"articleSection\":[\"News\"],\"inLanguage\":\"en-US\"},{\"@type\":\"WebPage\",\"@id\":\"https:\\\/\\\/proagrolab.com.ar\\\/la-faena-se-recupera-pero-no-lo-suficiente\\\/\",\"url\":\"https:\\\/\\\/proagrolab.com.ar\\\/la-faena-se-recupera-pero-no-lo-suficiente\\\/\",\"name\":\"La faena se recupera, pero no lo suficiente. | Proagro\",\"isPartOf\":{\"@id\":\"https:\\\/\\\/proagrolab.com.ar\\\/#website\"},\"primaryImageOfPage\":{\"@id\":\"https:\\\/\\\/proagrolab.com.ar\\\/la-faena-se-recupera-pero-no-lo-suficiente\\\/#primaryimage\"},\"image\":{\"@id\":\"https:\\\/\\\/proagrolab.com.ar\\\/la-faena-se-recupera-pero-no-lo-suficiente\\\/#primaryimage\"},\"thumbnailUrl\":\"https:\\\/\\\/proagrolab.com.ar\\\/wp-content\\\/uploads\\\/2015\\\/01\\\/g_p408s7mb3__Frigorifico-3.jpg\",\"datePublished\":\"2014-07-11T00:00:01+00:00\",\"dateModified\":\"2020-07-01T19:17:33+00:00\",\"breadcrumb\":{\"@id\":\"https:\\\/\\\/proagrolab.com.ar\\\/la-faena-se-recupera-pero-no-lo-suficiente\\\/#breadcrumb\"},\"inLanguage\":\"en-US\",\"potentialAction\":[{\"@type\":\"ReadAction\",\"target\":[\"https:\\\/\\\/proagrolab.com.ar\\\/la-faena-se-recupera-pero-no-lo-suficiente\\\/\"]}]},{\"@type\":\"ImageObject\",\"inLanguage\":\"en-US\",\"@id\":\"https:\\\/\\\/proagrolab.com.ar\\\/la-faena-se-recupera-pero-no-lo-suficiente\\\/#primaryimage\",\"url\":\"https:\\\/\\\/proagrolab.com.ar\\\/wp-content\\\/uploads\\\/2015\\\/01\\\/g_p408s7mb3__Frigorifico-3.jpg\",\"contentUrl\":\"https:\\\/\\\/proagrolab.com.ar\\\/wp-content\\\/uploads\\\/2015\\\/01\\\/g_p408s7mb3__Frigorifico-3.jpg\",\"width\":450,\"height\":208},{\"@type\":\"BreadcrumbList\",\"@id\":\"https:\\\/\\\/proagrolab.com.ar\\\/la-faena-se-recupera-pero-no-lo-suficiente\\\/#breadcrumb\",\"itemListElement\":[{\"@type\":\"ListItem\",\"position\":1,\"name\":\"Portada\",\"item\":\"https:\\\/\\\/proagrolab.com.ar\\\/\"},{\"@type\":\"ListItem\",\"position\":2,\"name\":\"La faena se recupera, pero no lo suficiente.\"}]},{\"@type\":\"WebSite\",\"@id\":\"https:\\\/\\\/proagrolab.com.ar\\\/#website\",\"url\":\"https:\\\/\\\/proagrolab.com.ar\\\/\",\"name\":\"Proagro Laboratorio Veterinario\",\"description\":\"Veterinary laboratory\",\"publisher\":{\"@id\":\"https:\\\/\\\/proagrolab.com.ar\\\/#organization\"},\"potentialAction\":[{\"@type\":\"SearchAction\",\"target\":{\"@type\":\"EntryPoint\",\"urlTemplate\":\"https:\\\/\\\/proagrolab.com.ar\\\/?s={search_term_string}\"},\"query-input\":{\"@type\":\"PropertyValueSpecification\",\"valueRequired\":true,\"valueName\":\"search_term_string\"}}],\"inLanguage\":\"en-US\"},{\"@type\":\"Organization\",\"@id\":\"https:\\\/\\\/proagrolab.com.ar\\\/#organization\",\"name\":\"Proagro\",\"url\":\"https:\\\/\\\/proagrolab.com.ar\\\/\",\"logo\":{\"@type\":\"ImageObject\",\"inLanguage\":\"en-US\",\"@id\":\"https:\\\/\\\/proagrolab.com.ar\\\/#\\\/schema\\\/logo\\\/image\\\/\",\"url\":\"https:\\\/\\\/proagrolab.com.ar\\\/wp-content\\\/uploads\\\/2020\\\/04\\\/logo-retina.png\",\"contentUrl\":\"https:\\\/\\\/proagrolab.com.ar\\\/wp-content\\\/uploads\\\/2020\\\/04\\\/logo-retina.png\",\"width\":478,\"height\":120,\"caption\":\"Proagro\"},\"image\":{\"@id\":\"https:\\\/\\\/proagrolab.com.ar\\\/#\\\/schema\\\/logo\\\/image\\\/\"},\"sameAs\":[\"http:\\\/\\\/www.facebook.com\\\/proagrolab\",\"https:\\\/\\\/www.instagram.com\\\/proagrolab\\\/\",\"https:\\\/\\\/www.linkedin.com\\\/company\\\/laboratorio-proagro-s-a\\\/\"]},{\"@type\":\"Person\",\"@id\":\"https:\\\/\\\/proagrolab.com.ar\\\/#\\\/schema\\\/person\\\/38003ff90bf80381f71c7d922d207444\",\"name\":\"proagrolab\"}]}<\/script>\n<!-- \/ Yoast SEO plugin. -->","yoast_head_json":{"title":"La faena se recupera, pero no lo suficiente. | Proagro","robots":{"index":"index","follow":"follow","max-snippet":"max-snippet:-1","max-image-preview":"max-image-preview:large","max-video-preview":"max-video-preview:-1"},"canonical":"https:\/\/proagrolab.com.ar\/en\/la-faena-se-recupera-pero-no-lo-suficiente\/","og_locale":"en_US","og_type":"article","og_title":"La faena se recupera, pero no lo suficiente. | Proagro","og_description":"Por Ignacio Iriarte. En junio, la faena se recupera (+3,8 por ciento), pero no lo suficiente como para evitar que en el primer semestre la oferta ganadera se haya ubicado un 1,1 por ciento por debajo del a\u00f1o anterior. El consumo se mantiene en los 61 kilos, un par de kilos por debajo de un a\u00f1o atr\u00e1s, consecuencia de un peso medio de faena cada vez m\u00e1s bajo, y del crecimiento poblacional. PanoramaLa producci\u00f3n actual de carne vacuna se ubica al mismo nivel que en la d\u00e9cada pasada, y s\u00f3lo 100 mil toneladas por encima de las d\u00e9cadas de 1980 y de 1990. Con respecto a los \u009170, la producci\u00f3n es 250 mil toneladas mayor (+9,6 por ciento), pero la poblaci\u00f3n argentina es de 18 millones de habitantes m\u00e1s (+75 por ciento). La exportaci\u00f3n se sostiene en bajos niveles (17 mil toneladas en mayo), y los precios siguen firmes, consecuencia de una oferta restringida por las lluvias, por los paros y por los feriados. Ya estamos entrando en el segundo semestre, con el antecedente de que el a\u00f1o pasado la oferta de carne en julio-diciembre fue un nueve por ciento m\u00e1s alta que en el semestre previo, y con el [&hellip;]","og_url":"https:\/\/proagrolab.com.ar\/la-faena-se-recupera-pero-no-lo-suficiente\/","og_site_name":"Proagro","article_publisher":"http:\/\/www.facebook.com\/proagrolab","article_published_time":"2014-07-11T00:00:01+00:00","article_modified_time":"2020-07-01T19:17:33+00:00","og_image":[{"width":450,"height":208,"url":"https:\/\/proagrolab.com.ar\/wp-content\/uploads\/2015\/01\/g_p408s7mb3__Frigorifico-3.jpg","type":"image\/jpeg"}],"author":"proagrolab","twitter_card":"summary_large_image","twitter_misc":{"Written by":"proagrolab","Est. reading time":"3 minutes"},"schema":{"@context":"https:\/\/schema.org","@graph":[{"@type":"Article","@id":"https:\/\/proagrolab.com.ar\/la-faena-se-recupera-pero-no-lo-suficiente\/#article","isPartOf":{"@id":"https:\/\/proagrolab.com.ar\/la-faena-se-recupera-pero-no-lo-suficiente\/"},"author":{"name":"proagrolab","@id":"https:\/\/proagrolab.com.ar\/#\/schema\/person\/38003ff90bf80381f71c7d922d207444"},"headline":"La faena se recupera, pero no lo suficiente.","datePublished":"2014-07-11T00:00:01+00:00","dateModified":"2020-07-01T19:17:33+00:00","mainEntityOfPage":{"@id":"https:\/\/proagrolab.com.ar\/la-faena-se-recupera-pero-no-lo-suficiente\/"},"wordCount":667,"publisher":{"@id":"https:\/\/proagrolab.com.ar\/#organization"},"image":{"@id":"https:\/\/proagrolab.com.ar\/la-faena-se-recupera-pero-no-lo-suficiente\/#primaryimage"},"thumbnailUrl":"https:\/\/proagrolab.com.ar\/wp-content\/uploads\/2015\/01\/g_p408s7mb3__Frigorifico-3.jpg","articleSection":["News"],"inLanguage":"en-US"},{"@type":"WebPage","@id":"https:\/\/proagrolab.com.ar\/la-faena-se-recupera-pero-no-lo-suficiente\/","url":"https:\/\/proagrolab.com.ar\/la-faena-se-recupera-pero-no-lo-suficiente\/","name":"La faena se recupera, pero no lo suficiente. | Proagro","isPartOf":{"@id":"https:\/\/proagrolab.com.ar\/#website"},"primaryImageOfPage":{"@id":"https:\/\/proagrolab.com.ar\/la-faena-se-recupera-pero-no-lo-suficiente\/#primaryimage"},"image":{"@id":"https:\/\/proagrolab.com.ar\/la-faena-se-recupera-pero-no-lo-suficiente\/#primaryimage"},"thumbnailUrl":"https:\/\/proagrolab.com.ar\/wp-content\/uploads\/2015\/01\/g_p408s7mb3__Frigorifico-3.jpg","datePublished":"2014-07-11T00:00:01+00:00","dateModified":"2020-07-01T19:17:33+00:00","breadcrumb":{"@id":"https:\/\/proagrolab.com.ar\/la-faena-se-recupera-pero-no-lo-suficiente\/#breadcrumb"},"inLanguage":"en-US","potentialAction":[{"@type":"ReadAction","target":["https:\/\/proagrolab.com.ar\/la-faena-se-recupera-pero-no-lo-suficiente\/"]}]},{"@type":"ImageObject","inLanguage":"en-US","@id":"https:\/\/proagrolab.com.ar\/la-faena-se-recupera-pero-no-lo-suficiente\/#primaryimage","url":"https:\/\/proagrolab.com.ar\/wp-content\/uploads\/2015\/01\/g_p408s7mb3__Frigorifico-3.jpg","contentUrl":"https:\/\/proagrolab.com.ar\/wp-content\/uploads\/2015\/01\/g_p408s7mb3__Frigorifico-3.jpg","width":450,"height":208},{"@type":"BreadcrumbList","@id":"https:\/\/proagrolab.com.ar\/la-faena-se-recupera-pero-no-lo-suficiente\/#breadcrumb","itemListElement":[{"@type":"ListItem","position":1,"name":"Portada","item":"https:\/\/proagrolab.com.ar\/"},{"@type":"ListItem","position":2,"name":"La faena se recupera, pero no lo suficiente."}]},{"@type":"WebSite","@id":"https:\/\/proagrolab.com.ar\/#website","url":"https:\/\/proagrolab.com.ar\/","name":"Proagro Laboratorio Veterinario","description":"Veterinary laboratory","publisher":{"@id":"https:\/\/proagrolab.com.ar\/#organization"},"potentialAction":[{"@type":"SearchAction","target":{"@type":"EntryPoint","urlTemplate":"https:\/\/proagrolab.com.ar\/?s={search_term_string}"},"query-input":{"@type":"PropertyValueSpecification","valueRequired":true,"valueName":"search_term_string"}}],"inLanguage":"en-US"},{"@type":"Organization","@id":"https:\/\/proagrolab.com.ar\/#organization","name":"Proagro","url":"https:\/\/proagrolab.com.ar\/","logo":{"@type":"ImageObject","inLanguage":"en-US","@id":"https:\/\/proagrolab.com.ar\/#\/schema\/logo\/image\/","url":"https:\/\/proagrolab.com.ar\/wp-content\/uploads\/2020\/04\/logo-retina.png","contentUrl":"https:\/\/proagrolab.com.ar\/wp-content\/uploads\/2020\/04\/logo-retina.png","width":478,"height":120,"caption":"Proagro"},"image":{"@id":"https:\/\/proagrolab.com.ar\/#\/schema\/logo\/image\/"},"sameAs":["http:\/\/www.facebook.com\/proagrolab","https:\/\/www.instagram.com\/proagrolab\/","https:\/\/www.linkedin.com\/company\/laboratorio-proagro-s-a\/"]},{"@type":"Person","@id":"https:\/\/proagrolab.com.ar\/#\/schema\/person\/38003ff90bf80381f71c7d922d207444","name":"proagrolab"}]}},"_links":{"self":[{"href":"https:\/\/proagrolab.com.ar\/en\/wp-json\/wp\/v2\/posts\/6223","targetHints":{"allow":["GET"]}}],"collection":[{"href":"https:\/\/proagrolab.com.ar\/en\/wp-json\/wp\/v2\/posts"}],"about":[{"href":"https:\/\/proagrolab.com.ar\/en\/wp-json\/wp\/v2\/types\/post"}],"author":[{"embeddable":true,"href":"https:\/\/proagrolab.com.ar\/en\/wp-json\/wp\/v2\/users\/2"}],"replies":[{"embeddable":true,"href":"https:\/\/proagrolab.com.ar\/en\/wp-json\/wp\/v2\/comments?post=6223"}],"version-history":[{"count":1,"href":"https:\/\/proagrolab.com.ar\/en\/wp-json\/wp\/v2\/posts\/6223\/revisions"}],"predecessor-version":[{"id":14380,"href":"https:\/\/proagrolab.com.ar\/en\/wp-json\/wp\/v2\/posts\/6223\/revisions\/14380"}],"wp:featuredmedia":[{"embeddable":true,"href":"https:\/\/proagrolab.com.ar\/en\/wp-json\/wp\/v2\/media\/2711"}],"wp:attachment":[{"href":"https:\/\/proagrolab.com.ar\/en\/wp-json\/wp\/v2\/media?parent=6223"}],"wp:term":[{"taxonomy":"category","embeddable":true,"href":"https:\/\/proagrolab.com.ar\/en\/wp-json\/wp\/v2\/categories?post=6223"},{"taxonomy":"post_tag","embeddable":true,"href":"https:\/\/proagrolab.com.ar\/en\/wp-json\/wp\/v2\/tags?post=6223"}],"curies":[{"name":"wp","href":"https:\/\/api.w.org\/{rel}","templated":true}]}}