{"id":6221,"date":"2014-07-08T00:00:01","date_gmt":"2014-07-08T00:00:01","guid":{"rendered":"https:\/\/proagrolab.com.ar\/tamberos-lograron-el-compromiso-de-ser-atendidos-por-casamiquela\/"},"modified":"2020-07-01T19:20:17","modified_gmt":"2020-07-01T19:20:17","slug":"tamberos-lograron-el-compromiso-de-ser-atendidos-por-casamiquela","status":"publish","type":"post","link":"https:\/\/proagrolab.com.ar\/en\/tamberos-lograron-el-compromiso-de-ser-atendidos-por-casamiquela\/","title":{"rendered":"Tamberos lograron el compromiso de ser atendidos por Casamiquela."},"content":{"rendered":"<p class=\"qtranxs-available-languages-message qtranxs-available-languages-message-en\"> <\/p><p>Por Elida Thiery<\/p>\n<p>El Subsecretario de Lecher\u00eda de la Naci\u00f3n dar\u00e1 este mediod\u00eda el horario en el que el Ministro de Agricultura recibir\u00e1 entre ma\u00f1ana y pasado a los productores, entidades y representantes pol\u00edticos, luego de una acalorada asamblea en Sunchales, donde dijo no haber presiones para congelar los precios.<\/p>\n<p>Ya de noche y frente a la plaza de Sunchales, los productores llegaban a la sala de Amigos del Arte, esta vez no solos, sino con referentes pol\u00edticos de m\u00faltiples sectores.<\/p>\n<p>El diputado nacional, Omar Perotti, acompa\u00f1ado por el intendente de Rafaela, Luis Castellano, la diputada provincial, Rosario Cristiani, el senador departamental, Alcides Calvo, se sumaron al ministro de la Producci\u00f3n, Carlos Fascendini, la diputada, In\u00e9s Bertero, pero tambi\u00e9n los representantes de C\u00f3rdoba y Buenos Aires, de los segmentos lecheros de los ministerios de la Producci\u00f3n y Asuntos Agrarios, respectivamente.<\/p>\n<p>Pero el intendente sunchalense dio la sorpresa al ingresar sobre el inicio del acto con el subsecretario de Lecher\u00eda de la Naci\u00f3n, que por primera vez respondi\u00f3 a una invitaci\u00f3n asamblearia, derivada del encuentro que hace m\u00e1s de dos semanas se dio en la Rural rafaelina.<\/p>\n<p>Sentado en la primera fila de butacas escuch\u00f3 y respondi\u00f3, sin eludir los nervios, pero as\u00ed tampoco la letra aprendida sobre lo que \u00e9l dice es su \u0093realidad relativa\u0094, pero lo que para los productores es el complejo d\u00eda a d\u00eda.<\/p>\n<p>El presidente de la Rural de Rafaela llam\u00f3 a \u0093encontrarle una soluci\u00f3n a esto que no s\u00e9 c\u00f3mo llamarlo, un decreto encubierto, una amenaza\u0094, en referencia a lo que desat\u00f3 la \u0093crisis m\u00e1s problem\u00e1tica de la historia lechera\u0094, por no tener materia prima en las industrias y a causa del tope del precio en los tres pesos, o el valor congelado desde mayo, mientras los costos de producci\u00f3n est\u00e1n por sobre los 3,50 pesos y el valor en g\u00f3ndola por arriba de los diez pesos por litro de leche.<\/p>\n<p>Un productor de Freyre inst\u00f3 a los pol\u00edticos presentes a presentar soluciones al tema, porque la problem\u00e1tica es bien conocida por todos y lo que se precisa son decisiones concretas que cambien el rumbo.<\/p>\n<p>Liliana Allassia, del Ministerio de la Producci\u00f3n de C\u00f3rdoba, se present\u00f3 como tambera, m\u00e1s all\u00e1 de su funci\u00f3n y se cuestion\u00f3 la realidad sobre la propiedad de la leche. Tenemos que recuperar la propiedad de la materia prima, donde la calidad se aporta en el tambo y no en las industrias. A\u00f1adiendo que en la vecina provincia \u0093vamos a hacer todo lo posible para que tengamos m\u00e1s leche, m\u00e1s vacas, pero tambi\u00e9n m\u00e1s productores\u0094.<\/p>\n<p>Jorge Chemes, titular de la Federaci\u00f3n de Asociaciones Rurales de Entre R\u00edos, tom\u00f3 la palabra para establecer que tambi\u00e9n en su provincia hay problemas econ\u00f3micos y sociales derivados de la crisis l\u00e1ctea.<\/p>\n<p>Daniel Oggero, tambero de Ramona se\u00f1al\u00f3 que \u0093hoy la lecher\u00eda est\u00e1 en una situaci\u00f3n terminal\u0094, por lo que los productores necesitan \u0093rentabilidad y ayuda financiera\u0094, anexando la propuesta de \u0093ofrecer el negocio de la comercializaci\u00f3n a entidades organizadas. Que comercialicen nuestra leche en conjunto y nos cobren una comisi\u00f3n. Las vacas son nuestras y los que corremos el riesgo somos nosotros\u0094.<\/p>\n<p>Guillermo Giannassi, titular de lecher\u00eda en FAA, remarc\u00f3 en\u00e9rgicamente que \u0093no hay voluntad pol\u00edtica para resolver estos problemas\u0094, sin embargo destac\u00f3 la presencia de Videla, al tiempo que le reclam\u00f3 di\u00e1logo, soluciones, mientras el hombre de C\u00f3rdoba juntaba sus manos y miraba hacia arriba, como imaginando qu\u00e9 decir ante tantas demandas y un discurso de a\u00f1os tan alejado de la realidad como sostenido livianamente.<\/p>\n<p>Desde Villa Trinidad, una voz pidi\u00f3 honestidad intelectual y acci\u00f3n pol\u00edtica, dos cuestiones complejas de conseguir conjuntamente, para no terminar en la rebeld\u00eda de los productores.<\/p>\n<p>Fue Guillermo Miretti, reconocido tambero de Ataliva quien record\u00f3 a la sala que los productores est\u00e1n \u0093desfinanciados y superando problemas clim\u00e1ticos fuert\u00edsimos\u0094. <\/p>\n<p>Fue concreto, \u0093tres pesos, un cepo a la leche, \u00bfd\u00f3nde se vio?\u0094.<\/p>\n<p>Roberto Cerutti, dirigente santafesino de Coninagro, comprometi\u00f3 a Videla \u0093a que nos siente a todos, industriales, comerciantes, productores, entidades y el Estado\u0094, para dejar las cosas en claro, porque \u0093lo que no se puede escribir, no se debe hacer\u0094.<br \/>Con m\u00e1s vehemencia, Francisco Mayoraz, titular de Carsfe remarc\u00f3 que \u0093m\u00e1s que di\u00e1logo necesitamos acciones, ya que por parte de la producci\u00f3n en siete a\u00f1os el di\u00e1logo siempre estuvo\u0094, en tanto que a trav\u00e9s de la gesti\u00f3n coordinada en Santa Fe, \u0093Hoy se est\u00e1n prendiendo desde la naci\u00f3n en las cosas que estamos logrando desde la provincia\u0094, como es el caso del ordenamiento lechero, o la tarea cumplida con la cadena de la carne.<\/p>\n<p>A su tiempo, Fascendini remarc\u00f3 que el conflicto de hace dos a\u00f1os se destrab\u00f3 con el compromiso de generar un estudio de competitividad. Eso nunca se conoci\u00f3, los ministros que pasaron en estos a\u00f1os no han traccionado pol\u00edticas, a pesar que con la llegada de Carlos Casamiquela al Minagri se recuper\u00f3 el di\u00e1logo franco y las diferentes posiciones. Pero una promesa de algo obsoleto, que dej\u00f3 caer el Gobierno, hoy seguir\u00eda dando, de actualizarse, el resultado ser\u00eda el mismo, p\u00e9rdida econ\u00f3mica del productor, la baja ganancia industrial y la gran renta comercial del supermercadismo. Pero \u0093las provincias no somos escuchadas por la Naci\u00f3n\u0094, reconoci\u00f3.<\/p>\n<p>Jes\u00fas Vanzetti, coordinador de lecher\u00eda de Cartez, le sugiri\u00f3 al Subsecretario que de no haber hecho nada para pisar el precio, que salga \u00e9l con el Ministro a aclararlo y que liberen p\u00fablicamente a las industrias a pagar lo que negocien con los productores.<\/p>\n<p><i>A la fuerza<\/i><br \/>Resumiendo el intento de explicaci\u00f3n de Jorge Videla, termin\u00f3 cediendo a gestionar, a llamar al Jefe de Gabinete del Minagri, para que se ampl\u00ede la recepci\u00f3n del Foro de Presidentes Comunales, pactada para el jueves a las 14, a los tamberos, a trav\u00e9s de sus entidades madre de la Comisi\u00f3n de Enlace con sus representantes de lecher\u00eda y tambi\u00e9n a los intendentes. La promesa fue confirmar la fecha hoy al mediod\u00eda.<br \/>Tambi\u00e9n fue instado a reconocer que no hubo presi\u00f3n ni pedido de Augusto Costa, para que el precio de la leche se planche, sino que dej\u00f3 en claro que eso es una decisi\u00f3n de las industrias.<\/p>\n<p>El funcionario lidi\u00f3 con la asamblea, trat\u00f3 de explicar lo inexplicable, se desdijo en m\u00faltiples oportunidades y ni siquiera termin\u00f3 de reconocer la contradicci\u00f3n de su propia mirada, comparada con algunos meses atr\u00e1s.<\/p>\n<p>Seg\u00fan \u00e9l fue una \u0093reuni\u00f3n intensa\u0094, en la que \u00e9l mismo trat\u00f3 de torcer la aguja hacia el pedido de una ley de lecher\u00eda, pero los gritos fuertes del auditorio se iban hacia la necesidad de precio.<\/p>\n<p>Aunque con cuatro a\u00f1os y medio en el cargo sigue mencionando que \u0093hay una pol\u00edtica sectorial que definir a mediano y largo plazo, cit\u00f3 la \u0093decisi\u00f3n pol\u00edtica de participar en esta asamblea\u0094, motivo situado en \u0093el verdadero momento cr\u00edtico que ha tenido la lecher\u00eda argentina y que necesita se\u00f1ales y trabajo\u0094.<\/p>\n<p>L\u00e1stima que no lo termine de comprender \u00e9l con claridad, pero el pedido de los productores durante todos estos a\u00f1os y replicado anoche fue el de poder trabajar tranquilos, algo racional y l\u00f3gico pero no para un pa\u00eds como este y en estas condiciones, donde las pr\u00e9dicas ocasionales se llevan puestas las ideas, las l\u00f3gicas y las razones concretas para un crecimiento conjunto. Con la liviandad en la funci\u00f3n p\u00fablica es muy complejo lidiar, sin embargo en estas condiciones se debe tratar de seguir adelante, es lo que expresan los tamberos, los chicos, medianos y grandes, todos en su derecho y con sus condiciones.<\/p>\n<p>Fuente: La Opini\u00f3n de Rafaela, 8 de julio.<br \/><\/p>","protected":false},"excerpt":{"rendered":"<p>Por Elida Thiery El Subsecretario de Lecher\u00eda de la Naci\u00f3n dar\u00e1 este mediod\u00eda el horario en el que el Ministro de Agricultura recibir\u00e1 entre ma\u00f1ana y pasado a los productores, entidades y representantes pol\u00edticos, luego de una acalorada asamblea en Sunchales, donde dijo no haber presiones para congelar los precios. Ya de noche y frente a la plaza de Sunchales, los productores llegaban a la sala de Amigos del Arte, esta vez no solos, sino con referentes pol\u00edticos de m\u00faltiples sectores. El diputado nacional, Omar Perotti, acompa\u00f1ado por el intendente de Rafaela, Luis Castellano, la diputada provincial, Rosario Cristiani, el senador departamental, Alcides Calvo, se sumaron al ministro de la Producci\u00f3n, Carlos Fascendini, la diputada, In\u00e9s Bertero, pero tambi\u00e9n los representantes de C\u00f3rdoba y Buenos Aires, de los segmentos lecheros de los ministerios de la Producci\u00f3n y Asuntos Agrarios, respectivamente. Pero el intendente sunchalense dio la sorpresa al ingresar sobre el inicio del acto con el subsecretario de Lecher\u00eda de la Naci\u00f3n, que por primera vez respondi\u00f3 a una invitaci\u00f3n asamblearia, derivada del encuentro que hace m\u00e1s de dos semanas se dio en la Rural rafaelina. Sentado en la primera fila de butacas escuch\u00f3 y respondi\u00f3, sin eludir los nervios, [&hellip;]<\/p>\n","protected":false},"author":2,"featured_media":2709,"comment_status":"closed","ping_status":"open","sticky":false,"template":"","format":"standard","meta":{"_acf_changed":false,"footnotes":""},"categories":[56],"tags":[],"class_list":["post-6221","post","type-post","status-publish","format-standard","has-post-thumbnail","hentry","category-infoganadero"],"acf":[],"yoast_head":"<!-- This site is optimized with the Yoast SEO plugin v27.4 - https:\/\/yoast.com\/product\/yoast-seo-wordpress\/ -->\n<title>Tamberos lograron el compromiso de ser atendidos por Casamiquela. | Proagro<\/title>\n<meta name=\"robots\" content=\"index, follow, max-snippet:-1, max-image-preview:large, max-video-preview:-1\" \/>\n<link rel=\"canonical\" href=\"https:\/\/proagrolab.com.ar\/en\/tamberos-lograron-el-compromiso-de-ser-atendidos-por-casamiquela\/\" \/>\n<meta property=\"og:locale\" content=\"en_US\" \/>\n<meta property=\"og:type\" content=\"article\" \/>\n<meta property=\"og:title\" content=\"Tamberos lograron el compromiso de ser atendidos por Casamiquela. | Proagro\" \/>\n<meta property=\"og:description\" content=\"Por Elida Thiery El Subsecretario de Lecher\u00eda de la Naci\u00f3n dar\u00e1 este mediod\u00eda el horario en el que el Ministro de Agricultura recibir\u00e1 entre ma\u00f1ana y pasado a los productores, entidades y representantes pol\u00edticos, luego de una acalorada asamblea en Sunchales, donde dijo no haber presiones para congelar los precios. Ya de noche y frente a la plaza de Sunchales, los productores llegaban a la sala de Amigos del Arte, esta vez no solos, sino con referentes pol\u00edticos de m\u00faltiples sectores. El diputado nacional, Omar Perotti, acompa\u00f1ado por el intendente de Rafaela, Luis Castellano, la diputada provincial, Rosario Cristiani, el senador departamental, Alcides Calvo, se sumaron al ministro de la Producci\u00f3n, Carlos Fascendini, la diputada, In\u00e9s Bertero, pero tambi\u00e9n los representantes de C\u00f3rdoba y Buenos Aires, de los segmentos lecheros de los ministerios de la Producci\u00f3n y Asuntos Agrarios, respectivamente. Pero el intendente sunchalense dio la sorpresa al ingresar sobre el inicio del acto con el subsecretario de Lecher\u00eda de la Naci\u00f3n, que por primera vez respondi\u00f3 a una invitaci\u00f3n asamblearia, derivada del encuentro que hace m\u00e1s de dos semanas se dio en la Rural rafaelina. Sentado en la primera fila de butacas escuch\u00f3 y respondi\u00f3, sin eludir los nervios, [&hellip;]\" \/>\n<meta property=\"og:url\" content=\"https:\/\/proagrolab.com.ar\/tamberos-lograron-el-compromiso-de-ser-atendidos-por-casamiquela\/\" \/>\n<meta property=\"og:site_name\" content=\"Proagro\" \/>\n<meta property=\"article:publisher\" content=\"http:\/\/www.facebook.com\/proagrolab\" \/>\n<meta property=\"article:published_time\" content=\"2014-07-08T00:00:01+00:00\" \/>\n<meta property=\"article:modified_time\" content=\"2020-07-01T19:20:17+00:00\" \/>\n<meta property=\"og:image\" content=\"https:\/\/proagrolab.com.ar\/wp-content\/uploads\/2015\/01\/g_a71elqjub__Lecheras-14.jpg\" \/>\n\t<meta property=\"og:image:width\" content=\"450\" \/>\n\t<meta property=\"og:image:height\" content=\"208\" \/>\n\t<meta property=\"og:image:type\" content=\"image\/jpeg\" \/>\n<meta name=\"author\" content=\"proagrolab\" \/>\n<meta name=\"twitter:card\" content=\"summary_large_image\" \/>\n<meta name=\"twitter:label1\" content=\"Written by\" \/>\n\t<meta name=\"twitter:data1\" content=\"proagrolab\" \/>\n\t<meta name=\"twitter:label2\" content=\"Est. reading time\" \/>\n\t<meta name=\"twitter:data2\" content=\"7 minutes\" \/>\n<script type=\"application\/ld+json\" class=\"yoast-schema-graph\">{\"@context\":\"https:\\\/\\\/schema.org\",\"@graph\":[{\"@type\":\"Article\",\"@id\":\"https:\\\/\\\/proagrolab.com.ar\\\/tamberos-lograron-el-compromiso-de-ser-atendidos-por-casamiquela\\\/#article\",\"isPartOf\":{\"@id\":\"https:\\\/\\\/proagrolab.com.ar\\\/tamberos-lograron-el-compromiso-de-ser-atendidos-por-casamiquela\\\/\"},\"author\":{\"name\":\"proagrolab\",\"@id\":\"https:\\\/\\\/proagrolab.com.ar\\\/#\\\/schema\\\/person\\\/38003ff90bf80381f71c7d922d207444\"},\"headline\":\"Tamberos lograron el compromiso de ser atendidos por Casamiquela.\",\"datePublished\":\"2014-07-08T00:00:01+00:00\",\"dateModified\":\"2020-07-01T19:20:17+00:00\",\"mainEntityOfPage\":{\"@id\":\"https:\\\/\\\/proagrolab.com.ar\\\/tamberos-lograron-el-compromiso-de-ser-atendidos-por-casamiquela\\\/\"},\"wordCount\":1366,\"publisher\":{\"@id\":\"https:\\\/\\\/proagrolab.com.ar\\\/#organization\"},\"image\":{\"@id\":\"https:\\\/\\\/proagrolab.com.ar\\\/tamberos-lograron-el-compromiso-de-ser-atendidos-por-casamiquela\\\/#primaryimage\"},\"thumbnailUrl\":\"https:\\\/\\\/proagrolab.com.ar\\\/wp-content\\\/uploads\\\/2015\\\/01\\\/g_a71elqjub__Lecheras-14.jpg\",\"articleSection\":[\"News\"],\"inLanguage\":\"en-US\"},{\"@type\":\"WebPage\",\"@id\":\"https:\\\/\\\/proagrolab.com.ar\\\/tamberos-lograron-el-compromiso-de-ser-atendidos-por-casamiquela\\\/\",\"url\":\"https:\\\/\\\/proagrolab.com.ar\\\/tamberos-lograron-el-compromiso-de-ser-atendidos-por-casamiquela\\\/\",\"name\":\"Tamberos lograron el compromiso de ser atendidos por Casamiquela. | Proagro\",\"isPartOf\":{\"@id\":\"https:\\\/\\\/proagrolab.com.ar\\\/#website\"},\"primaryImageOfPage\":{\"@id\":\"https:\\\/\\\/proagrolab.com.ar\\\/tamberos-lograron-el-compromiso-de-ser-atendidos-por-casamiquela\\\/#primaryimage\"},\"image\":{\"@id\":\"https:\\\/\\\/proagrolab.com.ar\\\/tamberos-lograron-el-compromiso-de-ser-atendidos-por-casamiquela\\\/#primaryimage\"},\"thumbnailUrl\":\"https:\\\/\\\/proagrolab.com.ar\\\/wp-content\\\/uploads\\\/2015\\\/01\\\/g_a71elqjub__Lecheras-14.jpg\",\"datePublished\":\"2014-07-08T00:00:01+00:00\",\"dateModified\":\"2020-07-01T19:20:17+00:00\",\"breadcrumb\":{\"@id\":\"https:\\\/\\\/proagrolab.com.ar\\\/tamberos-lograron-el-compromiso-de-ser-atendidos-por-casamiquela\\\/#breadcrumb\"},\"inLanguage\":\"en-US\",\"potentialAction\":[{\"@type\":\"ReadAction\",\"target\":[\"https:\\\/\\\/proagrolab.com.ar\\\/tamberos-lograron-el-compromiso-de-ser-atendidos-por-casamiquela\\\/\"]}]},{\"@type\":\"ImageObject\",\"inLanguage\":\"en-US\",\"@id\":\"https:\\\/\\\/proagrolab.com.ar\\\/tamberos-lograron-el-compromiso-de-ser-atendidos-por-casamiquela\\\/#primaryimage\",\"url\":\"https:\\\/\\\/proagrolab.com.ar\\\/wp-content\\\/uploads\\\/2015\\\/01\\\/g_a71elqjub__Lecheras-14.jpg\",\"contentUrl\":\"https:\\\/\\\/proagrolab.com.ar\\\/wp-content\\\/uploads\\\/2015\\\/01\\\/g_a71elqjub__Lecheras-14.jpg\",\"width\":450,\"height\":208},{\"@type\":\"BreadcrumbList\",\"@id\":\"https:\\\/\\\/proagrolab.com.ar\\\/tamberos-lograron-el-compromiso-de-ser-atendidos-por-casamiquela\\\/#breadcrumb\",\"itemListElement\":[{\"@type\":\"ListItem\",\"position\":1,\"name\":\"Portada\",\"item\":\"https:\\\/\\\/proagrolab.com.ar\\\/\"},{\"@type\":\"ListItem\",\"position\":2,\"name\":\"Tamberos lograron el compromiso de ser atendidos por Casamiquela.\"}]},{\"@type\":\"WebSite\",\"@id\":\"https:\\\/\\\/proagrolab.com.ar\\\/#website\",\"url\":\"https:\\\/\\\/proagrolab.com.ar\\\/\",\"name\":\"Proagro Laboratorio Veterinario\",\"description\":\"Veterinary laboratory\",\"publisher\":{\"@id\":\"https:\\\/\\\/proagrolab.com.ar\\\/#organization\"},\"potentialAction\":[{\"@type\":\"SearchAction\",\"target\":{\"@type\":\"EntryPoint\",\"urlTemplate\":\"https:\\\/\\\/proagrolab.com.ar\\\/?s={search_term_string}\"},\"query-input\":{\"@type\":\"PropertyValueSpecification\",\"valueRequired\":true,\"valueName\":\"search_term_string\"}}],\"inLanguage\":\"en-US\"},{\"@type\":\"Organization\",\"@id\":\"https:\\\/\\\/proagrolab.com.ar\\\/#organization\",\"name\":\"Proagro\",\"url\":\"https:\\\/\\\/proagrolab.com.ar\\\/\",\"logo\":{\"@type\":\"ImageObject\",\"inLanguage\":\"en-US\",\"@id\":\"https:\\\/\\\/proagrolab.com.ar\\\/#\\\/schema\\\/logo\\\/image\\\/\",\"url\":\"https:\\\/\\\/proagrolab.com.ar\\\/wp-content\\\/uploads\\\/2020\\\/04\\\/logo-retina.png\",\"contentUrl\":\"https:\\\/\\\/proagrolab.com.ar\\\/wp-content\\\/uploads\\\/2020\\\/04\\\/logo-retina.png\",\"width\":478,\"height\":120,\"caption\":\"Proagro\"},\"image\":{\"@id\":\"https:\\\/\\\/proagrolab.com.ar\\\/#\\\/schema\\\/logo\\\/image\\\/\"},\"sameAs\":[\"http:\\\/\\\/www.facebook.com\\\/proagrolab\",\"https:\\\/\\\/www.instagram.com\\\/proagrolab\\\/\",\"https:\\\/\\\/www.linkedin.com\\\/company\\\/laboratorio-proagro-s-a\\\/\"]},{\"@type\":\"Person\",\"@id\":\"https:\\\/\\\/proagrolab.com.ar\\\/#\\\/schema\\\/person\\\/38003ff90bf80381f71c7d922d207444\",\"name\":\"proagrolab\"}]}<\/script>\n<!-- \/ Yoast SEO plugin. -->","yoast_head_json":{"title":"Tamberos lograron el compromiso de ser atendidos por Casamiquela. | Proagro","robots":{"index":"index","follow":"follow","max-snippet":"max-snippet:-1","max-image-preview":"max-image-preview:large","max-video-preview":"max-video-preview:-1"},"canonical":"https:\/\/proagrolab.com.ar\/en\/tamberos-lograron-el-compromiso-de-ser-atendidos-por-casamiquela\/","og_locale":"en_US","og_type":"article","og_title":"Tamberos lograron el compromiso de ser atendidos por Casamiquela. | Proagro","og_description":"Por Elida Thiery El Subsecretario de Lecher\u00eda de la Naci\u00f3n dar\u00e1 este mediod\u00eda el horario en el que el Ministro de Agricultura recibir\u00e1 entre ma\u00f1ana y pasado a los productores, entidades y representantes pol\u00edticos, luego de una acalorada asamblea en Sunchales, donde dijo no haber presiones para congelar los precios. Ya de noche y frente a la plaza de Sunchales, los productores llegaban a la sala de Amigos del Arte, esta vez no solos, sino con referentes pol\u00edticos de m\u00faltiples sectores. El diputado nacional, Omar Perotti, acompa\u00f1ado por el intendente de Rafaela, Luis Castellano, la diputada provincial, Rosario Cristiani, el senador departamental, Alcides Calvo, se sumaron al ministro de la Producci\u00f3n, Carlos Fascendini, la diputada, In\u00e9s Bertero, pero tambi\u00e9n los representantes de C\u00f3rdoba y Buenos Aires, de los segmentos lecheros de los ministerios de la Producci\u00f3n y Asuntos Agrarios, respectivamente. Pero el intendente sunchalense dio la sorpresa al ingresar sobre el inicio del acto con el subsecretario de Lecher\u00eda de la Naci\u00f3n, que por primera vez respondi\u00f3 a una invitaci\u00f3n asamblearia, derivada del encuentro que hace m\u00e1s de dos semanas se dio en la Rural rafaelina. Sentado en la primera fila de butacas escuch\u00f3 y respondi\u00f3, sin eludir los nervios, [&hellip;]","og_url":"https:\/\/proagrolab.com.ar\/tamberos-lograron-el-compromiso-de-ser-atendidos-por-casamiquela\/","og_site_name":"Proagro","article_publisher":"http:\/\/www.facebook.com\/proagrolab","article_published_time":"2014-07-08T00:00:01+00:00","article_modified_time":"2020-07-01T19:20:17+00:00","og_image":[{"width":450,"height":208,"url":"https:\/\/proagrolab.com.ar\/wp-content\/uploads\/2015\/01\/g_a71elqjub__Lecheras-14.jpg","type":"image\/jpeg"}],"author":"proagrolab","twitter_card":"summary_large_image","twitter_misc":{"Written by":"proagrolab","Est. reading time":"7 minutes"},"schema":{"@context":"https:\/\/schema.org","@graph":[{"@type":"Article","@id":"https:\/\/proagrolab.com.ar\/tamberos-lograron-el-compromiso-de-ser-atendidos-por-casamiquela\/#article","isPartOf":{"@id":"https:\/\/proagrolab.com.ar\/tamberos-lograron-el-compromiso-de-ser-atendidos-por-casamiquela\/"},"author":{"name":"proagrolab","@id":"https:\/\/proagrolab.com.ar\/#\/schema\/person\/38003ff90bf80381f71c7d922d207444"},"headline":"Tamberos lograron el compromiso de ser atendidos por Casamiquela.","datePublished":"2014-07-08T00:00:01+00:00","dateModified":"2020-07-01T19:20:17+00:00","mainEntityOfPage":{"@id":"https:\/\/proagrolab.com.ar\/tamberos-lograron-el-compromiso-de-ser-atendidos-por-casamiquela\/"},"wordCount":1366,"publisher":{"@id":"https:\/\/proagrolab.com.ar\/#organization"},"image":{"@id":"https:\/\/proagrolab.com.ar\/tamberos-lograron-el-compromiso-de-ser-atendidos-por-casamiquela\/#primaryimage"},"thumbnailUrl":"https:\/\/proagrolab.com.ar\/wp-content\/uploads\/2015\/01\/g_a71elqjub__Lecheras-14.jpg","articleSection":["News"],"inLanguage":"en-US"},{"@type":"WebPage","@id":"https:\/\/proagrolab.com.ar\/tamberos-lograron-el-compromiso-de-ser-atendidos-por-casamiquela\/","url":"https:\/\/proagrolab.com.ar\/tamberos-lograron-el-compromiso-de-ser-atendidos-por-casamiquela\/","name":"Tamberos lograron el compromiso de ser atendidos por Casamiquela. | Proagro","isPartOf":{"@id":"https:\/\/proagrolab.com.ar\/#website"},"primaryImageOfPage":{"@id":"https:\/\/proagrolab.com.ar\/tamberos-lograron-el-compromiso-de-ser-atendidos-por-casamiquela\/#primaryimage"},"image":{"@id":"https:\/\/proagrolab.com.ar\/tamberos-lograron-el-compromiso-de-ser-atendidos-por-casamiquela\/#primaryimage"},"thumbnailUrl":"https:\/\/proagrolab.com.ar\/wp-content\/uploads\/2015\/01\/g_a71elqjub__Lecheras-14.jpg","datePublished":"2014-07-08T00:00:01+00:00","dateModified":"2020-07-01T19:20:17+00:00","breadcrumb":{"@id":"https:\/\/proagrolab.com.ar\/tamberos-lograron-el-compromiso-de-ser-atendidos-por-casamiquela\/#breadcrumb"},"inLanguage":"en-US","potentialAction":[{"@type":"ReadAction","target":["https:\/\/proagrolab.com.ar\/tamberos-lograron-el-compromiso-de-ser-atendidos-por-casamiquela\/"]}]},{"@type":"ImageObject","inLanguage":"en-US","@id":"https:\/\/proagrolab.com.ar\/tamberos-lograron-el-compromiso-de-ser-atendidos-por-casamiquela\/#primaryimage","url":"https:\/\/proagrolab.com.ar\/wp-content\/uploads\/2015\/01\/g_a71elqjub__Lecheras-14.jpg","contentUrl":"https:\/\/proagrolab.com.ar\/wp-content\/uploads\/2015\/01\/g_a71elqjub__Lecheras-14.jpg","width":450,"height":208},{"@type":"BreadcrumbList","@id":"https:\/\/proagrolab.com.ar\/tamberos-lograron-el-compromiso-de-ser-atendidos-por-casamiquela\/#breadcrumb","itemListElement":[{"@type":"ListItem","position":1,"name":"Portada","item":"https:\/\/proagrolab.com.ar\/"},{"@type":"ListItem","position":2,"name":"Tamberos lograron el compromiso de ser atendidos por Casamiquela."}]},{"@type":"WebSite","@id":"https:\/\/proagrolab.com.ar\/#website","url":"https:\/\/proagrolab.com.ar\/","name":"Proagro Laboratorio Veterinario","description":"Veterinary laboratory","publisher":{"@id":"https:\/\/proagrolab.com.ar\/#organization"},"potentialAction":[{"@type":"SearchAction","target":{"@type":"EntryPoint","urlTemplate":"https:\/\/proagrolab.com.ar\/?s={search_term_string}"},"query-input":{"@type":"PropertyValueSpecification","valueRequired":true,"valueName":"search_term_string"}}],"inLanguage":"en-US"},{"@type":"Organization","@id":"https:\/\/proagrolab.com.ar\/#organization","name":"Proagro","url":"https:\/\/proagrolab.com.ar\/","logo":{"@type":"ImageObject","inLanguage":"en-US","@id":"https:\/\/proagrolab.com.ar\/#\/schema\/logo\/image\/","url":"https:\/\/proagrolab.com.ar\/wp-content\/uploads\/2020\/04\/logo-retina.png","contentUrl":"https:\/\/proagrolab.com.ar\/wp-content\/uploads\/2020\/04\/logo-retina.png","width":478,"height":120,"caption":"Proagro"},"image":{"@id":"https:\/\/proagrolab.com.ar\/#\/schema\/logo\/image\/"},"sameAs":["http:\/\/www.facebook.com\/proagrolab","https:\/\/www.instagram.com\/proagrolab\/","https:\/\/www.linkedin.com\/company\/laboratorio-proagro-s-a\/"]},{"@type":"Person","@id":"https:\/\/proagrolab.com.ar\/#\/schema\/person\/38003ff90bf80381f71c7d922d207444","name":"proagrolab"}]}},"_links":{"self":[{"href":"https:\/\/proagrolab.com.ar\/en\/wp-json\/wp\/v2\/posts\/6221","targetHints":{"allow":["GET"]}}],"collection":[{"href":"https:\/\/proagrolab.com.ar\/en\/wp-json\/wp\/v2\/posts"}],"about":[{"href":"https:\/\/proagrolab.com.ar\/en\/wp-json\/wp\/v2\/types\/post"}],"author":[{"embeddable":true,"href":"https:\/\/proagrolab.com.ar\/en\/wp-json\/wp\/v2\/users\/2"}],"replies":[{"embeddable":true,"href":"https:\/\/proagrolab.com.ar\/en\/wp-json\/wp\/v2\/comments?post=6221"}],"version-history":[{"count":1,"href":"https:\/\/proagrolab.com.ar\/en\/wp-json\/wp\/v2\/posts\/6221\/revisions"}],"predecessor-version":[{"id":14412,"href":"https:\/\/proagrolab.com.ar\/en\/wp-json\/wp\/v2\/posts\/6221\/revisions\/14412"}],"wp:featuredmedia":[{"embeddable":true,"href":"https:\/\/proagrolab.com.ar\/en\/wp-json\/wp\/v2\/media\/2709"}],"wp:attachment":[{"href":"https:\/\/proagrolab.com.ar\/en\/wp-json\/wp\/v2\/media?parent=6221"}],"wp:term":[{"taxonomy":"category","embeddable":true,"href":"https:\/\/proagrolab.com.ar\/en\/wp-json\/wp\/v2\/categories?post=6221"},{"taxonomy":"post_tag","embeddable":true,"href":"https:\/\/proagrolab.com.ar\/en\/wp-json\/wp\/v2\/tags?post=6221"}],"curies":[{"name":"wp","href":"https:\/\/api.w.org\/{rel}","templated":true}]}}