{"id":6220,"date":"2014-07-08T00:00:01","date_gmt":"2014-07-08T00:00:01","guid":{"rendered":"https:\/\/proagrolab.com.ar\/videla-desmintio-el-cepo-lacteo-y-responsabilizo-a-la-industria-de-planchar-el-precio-al-productor\/"},"modified":"2020-07-01T19:20:22","modified_gmt":"2020-07-01T19:20:22","slug":"videla-desmintio-el-cepo-lacteo-y-responsabilizo-a-la-industria-de-planchar-el-precio-al-productor","status":"publish","type":"post","link":"https:\/\/proagrolab.com.ar\/en\/videla-desmintio-el-cepo-lacteo-y-responsabilizo-a-la-industria-de-planchar-el-precio-al-productor\/","title":{"rendered":"Videla desminti\u00f3 el cepo l\u00e1cteo y responsabiliz\u00f3 a la industria de planchar el precio al productor."},"content":{"rendered":"<p class=\"qtranxs-available-languages-message qtranxs-available-languages-message-en\"> <\/p><p>En una multitudinaria asamblea de productores en Sunchales y con la in\u00e9dita presencia de funcionarios pol\u00edticos y gobernantes de la cuenca, la inesperada participaci\u00f3n del subsecretario de Lecher\u00eda de la Naci\u00f3n sirvi\u00f3 para esclarecer qui\u00e9n decidi\u00f3 el piso de $3\/litro para el tambero.<\/p>\n<p>Si bien se esperaba una concurrencia mayor y m\u00e1s efusiva que la asamblea precedente del 19 de junio en Rafaela, nadie imagin\u00f3 semejante convocatoria. Es que no s\u00f3lo hubo m\u00e1s de 250 productores en Sunchales sino que sorprendi\u00f3 la presencia de funcionarios pol\u00edticos de las tres provincias m\u00e1s lecheras (Buenos Aires, C\u00f3rdoba y Santa Fe), legisladores nacionales, intendentes y presidentes comunales de la regi\u00f3n y dirigentes sectoriales que llegaron desde diferentes puntos del pa\u00eds. Pero la aparici\u00f3n inesperada del subsecretario de Lecher\u00eda, Jorge Arturo Videla, termin\u00f3 por darle un marco de importancia superlativo a este urgente reclamo de los productores.<\/p>\n<p>La asamblea se prolong\u00f3 por dos horas y media y en su transcurso hay que destacar la moderaci\u00f3n de los dirigentes de la Rural de Rafaela y Sunchales, que permitieron ordenar las intervenciones y calmar los \u00e1nimos de los m\u00e1s productores m\u00e1s euf\u00f3ricos, en especial cuando tomaba la palabra Videla, a quien no se le perdonaron cierta expresiones de apoyo a las pol\u00edticas nacionales del actual Gobierno.<\/p>\n<p><i>Dos confesiones<\/i><br \/>Se har\u00eda engorroso escribir una cr\u00f3nica de los hechos de esta caldeada asamblea que Nuestro Agro presenci\u00f3 en su plenitud, por lo que lo principal debe resumirse en algunos puntos que quedaron luego de tanta catarsis.<\/p>\n<p>Videla afirm\u00f3 que nunca existi\u00f3 ninguna resoluci\u00f3n o intervenci\u00f3n de Augusto Costa (Secretario de Comercio) sugiriendo a los industriales que si superaban el precio de $3 por litro al productor se les cancelar\u00edan los ROES para exportar; dijo que los industriales llevan ventaja en la cadena y que fueron los responsables de limitar el aumento a los productores. Y finalmente, se comunic\u00f3 durante la asamblea con su Ministro (Casamiquela) para agendar una reuni\u00f3n con car\u00e1cter de urgencia con el sector productivo (incluidos representantes de la Mesa de Enlace) y los ministros provinciales en el transcurso de esta semana. Cuando el ministro Casamiquela ordene su agenda se comunicar\u00e1 el horario y el lugar del encuentro, pero se pidi\u00f3 que no pase de esta semana.<\/p>\n<p>El segundo punto importante que qued\u00f3 de la asamblea fue el anuncio del cr\u00e9dito a tamberos a una tasa del 13,15% con tres meses de gracia, que fue anunciado por el ministro de la Producci\u00f3n de Santa Fe, Carlos Fascendini, dando la novedad de que ayer mismo el Gobierno nacional confirm\u00f3 que subsidiar\u00e1 ese 5% de la tasa que falta.<\/p>\n<p>Por otra parte, los representantes de los gobiernos de C\u00f3rdoba, Buenos Aires y Santa Fe pidieron que en esa pr\u00f3xima reuni\u00f3n con Casamiquela tambi\u00e9n est\u00e9 presente Augusto Costa, porque consideran que le problema no es s\u00f3lo productivo sino eminentemente comercial y econ\u00f3mico. Videla dijo que har\u00e1 lo posible para ello suceda.<\/p>\n<p>Mucha tela para cortar y escasas soluciones concretas a la rentabilidad coyuntural del productor, dej\u00f3 la asamblea de Sunchales pero la agenda est\u00e1 abierta y el productor al menos se fue con la satisfacci\u00f3n que los pol\u00edticos se interesaron por la problem\u00e1tica antes de que estallara un conflicto m\u00e1s grave.<\/p>\n<p>Habr\u00e1 que estar atentos a como discurre lo prometido.<\/p>\n<p>Fuente: Nuestro Agro, 8 de julio.<br \/><\/p>","protected":false},"excerpt":{"rendered":"<p>En una multitudinaria asamblea de productores en Sunchales y con la in\u00e9dita presencia de funcionarios pol\u00edticos y gobernantes de la cuenca, la inesperada participaci\u00f3n del subsecretario de Lecher\u00eda de la Naci\u00f3n sirvi\u00f3 para esclarecer qui\u00e9n decidi\u00f3 el piso de $3\/litro para el tambero. Si bien se esperaba una concurrencia mayor y m\u00e1s efusiva que la asamblea precedente del 19 de junio en Rafaela, nadie imagin\u00f3 semejante convocatoria. Es que no s\u00f3lo hubo m\u00e1s de 250 productores en Sunchales sino que sorprendi\u00f3 la presencia de funcionarios pol\u00edticos de las tres provincias m\u00e1s lecheras (Buenos Aires, C\u00f3rdoba y Santa Fe), legisladores nacionales, intendentes y presidentes comunales de la regi\u00f3n y dirigentes sectoriales que llegaron desde diferentes puntos del pa\u00eds. Pero la aparici\u00f3n inesperada del subsecretario de Lecher\u00eda, Jorge Arturo Videla, termin\u00f3 por darle un marco de importancia superlativo a este urgente reclamo de los productores. La asamblea se prolong\u00f3 por dos horas y media y en su transcurso hay que destacar la moderaci\u00f3n de los dirigentes de la Rural de Rafaela y Sunchales, que permitieron ordenar las intervenciones y calmar los \u00e1nimos de los m\u00e1s productores m\u00e1s euf\u00f3ricos, en especial cuando tomaba la palabra Videla, a quien no se le perdonaron cierta [&hellip;]<\/p>\n","protected":false},"author":2,"featured_media":2708,"comment_status":"closed","ping_status":"open","sticky":false,"template":"","format":"standard","meta":{"_acf_changed":false,"footnotes":""},"categories":[56],"tags":[],"class_list":["post-6220","post","type-post","status-publish","format-standard","has-post-thumbnail","hentry","category-infoganadero"],"acf":[],"yoast_head":"<!-- This site is optimized with the Yoast SEO plugin v27.4 - https:\/\/yoast.com\/product\/yoast-seo-wordpress\/ -->\n<title>Videla desminti\u00f3 el cepo l\u00e1cteo y responsabiliz\u00f3 a la industria de planchar el precio al productor. | Proagro<\/title>\n<meta name=\"robots\" content=\"index, follow, max-snippet:-1, max-image-preview:large, max-video-preview:-1\" \/>\n<link rel=\"canonical\" href=\"https:\/\/proagrolab.com.ar\/en\/videla-desmintio-el-cepo-lacteo-y-responsabilizo-a-la-industria-de-planchar-el-precio-al-productor\/\" \/>\n<meta property=\"og:locale\" content=\"en_US\" \/>\n<meta property=\"og:type\" content=\"article\" \/>\n<meta property=\"og:title\" content=\"Videla desminti\u00f3 el cepo l\u00e1cteo y responsabiliz\u00f3 a la industria de planchar el precio al productor. | Proagro\" \/>\n<meta property=\"og:description\" content=\"En una multitudinaria asamblea de productores en Sunchales y con la in\u00e9dita presencia de funcionarios pol\u00edticos y gobernantes de la cuenca, la inesperada participaci\u00f3n del subsecretario de Lecher\u00eda de la Naci\u00f3n sirvi\u00f3 para esclarecer qui\u00e9n decidi\u00f3 el piso de $3\/litro para el tambero. Si bien se esperaba una concurrencia mayor y m\u00e1s efusiva que la asamblea precedente del 19 de junio en Rafaela, nadie imagin\u00f3 semejante convocatoria. Es que no s\u00f3lo hubo m\u00e1s de 250 productores en Sunchales sino que sorprendi\u00f3 la presencia de funcionarios pol\u00edticos de las tres provincias m\u00e1s lecheras (Buenos Aires, C\u00f3rdoba y Santa Fe), legisladores nacionales, intendentes y presidentes comunales de la regi\u00f3n y dirigentes sectoriales que llegaron desde diferentes puntos del pa\u00eds. Pero la aparici\u00f3n inesperada del subsecretario de Lecher\u00eda, Jorge Arturo Videla, termin\u00f3 por darle un marco de importancia superlativo a este urgente reclamo de los productores. La asamblea se prolong\u00f3 por dos horas y media y en su transcurso hay que destacar la moderaci\u00f3n de los dirigentes de la Rural de Rafaela y Sunchales, que permitieron ordenar las intervenciones y calmar los \u00e1nimos de los m\u00e1s productores m\u00e1s euf\u00f3ricos, en especial cuando tomaba la palabra Videla, a quien no se le perdonaron cierta [&hellip;]\" \/>\n<meta property=\"og:url\" content=\"https:\/\/proagrolab.com.ar\/videla-desmintio-el-cepo-lacteo-y-responsabilizo-a-la-industria-de-planchar-el-precio-al-productor\/\" \/>\n<meta property=\"og:site_name\" content=\"Proagro\" \/>\n<meta property=\"article:publisher\" content=\"http:\/\/www.facebook.com\/proagrolab\" \/>\n<meta property=\"article:published_time\" content=\"2014-07-08T00:00:01+00:00\" \/>\n<meta property=\"article:modified_time\" content=\"2020-07-01T19:20:22+00:00\" \/>\n<meta property=\"og:image\" content=\"https:\/\/proagrolab.com.ar\/wp-content\/uploads\/2015\/01\/g_ukxnc9boy__Videla-2.jpg\" \/>\n\t<meta property=\"og:image:width\" content=\"450\" \/>\n\t<meta property=\"og:image:height\" content=\"208\" \/>\n\t<meta property=\"og:image:type\" content=\"image\/jpeg\" \/>\n<meta name=\"author\" content=\"proagrolab\" \/>\n<meta name=\"twitter:card\" content=\"summary_large_image\" \/>\n<meta name=\"twitter:label1\" content=\"Written by\" \/>\n\t<meta name=\"twitter:data1\" content=\"proagrolab\" \/>\n\t<meta name=\"twitter:label2\" content=\"Est. reading time\" \/>\n\t<meta name=\"twitter:data2\" content=\"3 minutes\" \/>\n<script type=\"application\/ld+json\" class=\"yoast-schema-graph\">{\"@context\":\"https:\\\/\\\/schema.org\",\"@graph\":[{\"@type\":\"Article\",\"@id\":\"https:\\\/\\\/proagrolab.com.ar\\\/videla-desmintio-el-cepo-lacteo-y-responsabilizo-a-la-industria-de-planchar-el-precio-al-productor\\\/#article\",\"isPartOf\":{\"@id\":\"https:\\\/\\\/proagrolab.com.ar\\\/videla-desmintio-el-cepo-lacteo-y-responsabilizo-a-la-industria-de-planchar-el-precio-al-productor\\\/\"},\"author\":{\"name\":\"proagrolab\",\"@id\":\"https:\\\/\\\/proagrolab.com.ar\\\/#\\\/schema\\\/person\\\/38003ff90bf80381f71c7d922d207444\"},\"headline\":\"Videla desminti\u00f3 el cepo l\u00e1cteo y responsabiliz\u00f3 a la industria de planchar el precio al productor.\",\"datePublished\":\"2014-07-08T00:00:01+00:00\",\"dateModified\":\"2020-07-01T19:20:22+00:00\",\"mainEntityOfPage\":{\"@id\":\"https:\\\/\\\/proagrolab.com.ar\\\/videla-desmintio-el-cepo-lacteo-y-responsabilizo-a-la-industria-de-planchar-el-precio-al-productor\\\/\"},\"wordCount\":598,\"publisher\":{\"@id\":\"https:\\\/\\\/proagrolab.com.ar\\\/#organization\"},\"image\":{\"@id\":\"https:\\\/\\\/proagrolab.com.ar\\\/videla-desmintio-el-cepo-lacteo-y-responsabilizo-a-la-industria-de-planchar-el-precio-al-productor\\\/#primaryimage\"},\"thumbnailUrl\":\"https:\\\/\\\/proagrolab.com.ar\\\/wp-content\\\/uploads\\\/2015\\\/01\\\/g_ukxnc9boy__Videla-2.jpg\",\"articleSection\":[\"News\"],\"inLanguage\":\"en-US\"},{\"@type\":\"WebPage\",\"@id\":\"https:\\\/\\\/proagrolab.com.ar\\\/videla-desmintio-el-cepo-lacteo-y-responsabilizo-a-la-industria-de-planchar-el-precio-al-productor\\\/\",\"url\":\"https:\\\/\\\/proagrolab.com.ar\\\/videla-desmintio-el-cepo-lacteo-y-responsabilizo-a-la-industria-de-planchar-el-precio-al-productor\\\/\",\"name\":\"Videla desminti\u00f3 el cepo l\u00e1cteo y responsabiliz\u00f3 a la industria de planchar el precio al productor. | Proagro\",\"isPartOf\":{\"@id\":\"https:\\\/\\\/proagrolab.com.ar\\\/#website\"},\"primaryImageOfPage\":{\"@id\":\"https:\\\/\\\/proagrolab.com.ar\\\/videla-desmintio-el-cepo-lacteo-y-responsabilizo-a-la-industria-de-planchar-el-precio-al-productor\\\/#primaryimage\"},\"image\":{\"@id\":\"https:\\\/\\\/proagrolab.com.ar\\\/videla-desmintio-el-cepo-lacteo-y-responsabilizo-a-la-industria-de-planchar-el-precio-al-productor\\\/#primaryimage\"},\"thumbnailUrl\":\"https:\\\/\\\/proagrolab.com.ar\\\/wp-content\\\/uploads\\\/2015\\\/01\\\/g_ukxnc9boy__Videla-2.jpg\",\"datePublished\":\"2014-07-08T00:00:01+00:00\",\"dateModified\":\"2020-07-01T19:20:22+00:00\",\"breadcrumb\":{\"@id\":\"https:\\\/\\\/proagrolab.com.ar\\\/videla-desmintio-el-cepo-lacteo-y-responsabilizo-a-la-industria-de-planchar-el-precio-al-productor\\\/#breadcrumb\"},\"inLanguage\":\"en-US\",\"potentialAction\":[{\"@type\":\"ReadAction\",\"target\":[\"https:\\\/\\\/proagrolab.com.ar\\\/videla-desmintio-el-cepo-lacteo-y-responsabilizo-a-la-industria-de-planchar-el-precio-al-productor\\\/\"]}]},{\"@type\":\"ImageObject\",\"inLanguage\":\"en-US\",\"@id\":\"https:\\\/\\\/proagrolab.com.ar\\\/videla-desmintio-el-cepo-lacteo-y-responsabilizo-a-la-industria-de-planchar-el-precio-al-productor\\\/#primaryimage\",\"url\":\"https:\\\/\\\/proagrolab.com.ar\\\/wp-content\\\/uploads\\\/2015\\\/01\\\/g_ukxnc9boy__Videla-2.jpg\",\"contentUrl\":\"https:\\\/\\\/proagrolab.com.ar\\\/wp-content\\\/uploads\\\/2015\\\/01\\\/g_ukxnc9boy__Videla-2.jpg\",\"width\":450,\"height\":208},{\"@type\":\"BreadcrumbList\",\"@id\":\"https:\\\/\\\/proagrolab.com.ar\\\/videla-desmintio-el-cepo-lacteo-y-responsabilizo-a-la-industria-de-planchar-el-precio-al-productor\\\/#breadcrumb\",\"itemListElement\":[{\"@type\":\"ListItem\",\"position\":1,\"name\":\"Portada\",\"item\":\"https:\\\/\\\/proagrolab.com.ar\\\/\"},{\"@type\":\"ListItem\",\"position\":2,\"name\":\"Videla desminti\u00f3 el cepo l\u00e1cteo y responsabiliz\u00f3 a la industria de planchar el precio al productor.\"}]},{\"@type\":\"WebSite\",\"@id\":\"https:\\\/\\\/proagrolab.com.ar\\\/#website\",\"url\":\"https:\\\/\\\/proagrolab.com.ar\\\/\",\"name\":\"Proagro Laboratorio Veterinario\",\"description\":\"Veterinary laboratory\",\"publisher\":{\"@id\":\"https:\\\/\\\/proagrolab.com.ar\\\/#organization\"},\"potentialAction\":[{\"@type\":\"SearchAction\",\"target\":{\"@type\":\"EntryPoint\",\"urlTemplate\":\"https:\\\/\\\/proagrolab.com.ar\\\/?s={search_term_string}\"},\"query-input\":{\"@type\":\"PropertyValueSpecification\",\"valueRequired\":true,\"valueName\":\"search_term_string\"}}],\"inLanguage\":\"en-US\"},{\"@type\":\"Organization\",\"@id\":\"https:\\\/\\\/proagrolab.com.ar\\\/#organization\",\"name\":\"Proagro\",\"url\":\"https:\\\/\\\/proagrolab.com.ar\\\/\",\"logo\":{\"@type\":\"ImageObject\",\"inLanguage\":\"en-US\",\"@id\":\"https:\\\/\\\/proagrolab.com.ar\\\/#\\\/schema\\\/logo\\\/image\\\/\",\"url\":\"https:\\\/\\\/proagrolab.com.ar\\\/wp-content\\\/uploads\\\/2020\\\/04\\\/logo-retina.png\",\"contentUrl\":\"https:\\\/\\\/proagrolab.com.ar\\\/wp-content\\\/uploads\\\/2020\\\/04\\\/logo-retina.png\",\"width\":478,\"height\":120,\"caption\":\"Proagro\"},\"image\":{\"@id\":\"https:\\\/\\\/proagrolab.com.ar\\\/#\\\/schema\\\/logo\\\/image\\\/\"},\"sameAs\":[\"http:\\\/\\\/www.facebook.com\\\/proagrolab\",\"https:\\\/\\\/www.instagram.com\\\/proagrolab\\\/\",\"https:\\\/\\\/www.linkedin.com\\\/company\\\/laboratorio-proagro-s-a\\\/\"]},{\"@type\":\"Person\",\"@id\":\"https:\\\/\\\/proagrolab.com.ar\\\/#\\\/schema\\\/person\\\/38003ff90bf80381f71c7d922d207444\",\"name\":\"proagrolab\"}]}<\/script>\n<!-- \/ Yoast SEO plugin. -->","yoast_head_json":{"title":"Videla desminti\u00f3 el cepo l\u00e1cteo y responsabiliz\u00f3 a la industria de planchar el precio al productor. | Proagro","robots":{"index":"index","follow":"follow","max-snippet":"max-snippet:-1","max-image-preview":"max-image-preview:large","max-video-preview":"max-video-preview:-1"},"canonical":"https:\/\/proagrolab.com.ar\/en\/videla-desmintio-el-cepo-lacteo-y-responsabilizo-a-la-industria-de-planchar-el-precio-al-productor\/","og_locale":"en_US","og_type":"article","og_title":"Videla desminti\u00f3 el cepo l\u00e1cteo y responsabiliz\u00f3 a la industria de planchar el precio al productor. | Proagro","og_description":"En una multitudinaria asamblea de productores en Sunchales y con la in\u00e9dita presencia de funcionarios pol\u00edticos y gobernantes de la cuenca, la inesperada participaci\u00f3n del subsecretario de Lecher\u00eda de la Naci\u00f3n sirvi\u00f3 para esclarecer qui\u00e9n decidi\u00f3 el piso de $3\/litro para el tambero. Si bien se esperaba una concurrencia mayor y m\u00e1s efusiva que la asamblea precedente del 19 de junio en Rafaela, nadie imagin\u00f3 semejante convocatoria. Es que no s\u00f3lo hubo m\u00e1s de 250 productores en Sunchales sino que sorprendi\u00f3 la presencia de funcionarios pol\u00edticos de las tres provincias m\u00e1s lecheras (Buenos Aires, C\u00f3rdoba y Santa Fe), legisladores nacionales, intendentes y presidentes comunales de la regi\u00f3n y dirigentes sectoriales que llegaron desde diferentes puntos del pa\u00eds. Pero la aparici\u00f3n inesperada del subsecretario de Lecher\u00eda, Jorge Arturo Videla, termin\u00f3 por darle un marco de importancia superlativo a este urgente reclamo de los productores. La asamblea se prolong\u00f3 por dos horas y media y en su transcurso hay que destacar la moderaci\u00f3n de los dirigentes de la Rural de Rafaela y Sunchales, que permitieron ordenar las intervenciones y calmar los \u00e1nimos de los m\u00e1s productores m\u00e1s euf\u00f3ricos, en especial cuando tomaba la palabra Videla, a quien no se le perdonaron cierta [&hellip;]","og_url":"https:\/\/proagrolab.com.ar\/videla-desmintio-el-cepo-lacteo-y-responsabilizo-a-la-industria-de-planchar-el-precio-al-productor\/","og_site_name":"Proagro","article_publisher":"http:\/\/www.facebook.com\/proagrolab","article_published_time":"2014-07-08T00:00:01+00:00","article_modified_time":"2020-07-01T19:20:22+00:00","og_image":[{"width":450,"height":208,"url":"https:\/\/proagrolab.com.ar\/wp-content\/uploads\/2015\/01\/g_ukxnc9boy__Videla-2.jpg","type":"image\/jpeg"}],"author":"proagrolab","twitter_card":"summary_large_image","twitter_misc":{"Written by":"proagrolab","Est. reading time":"3 minutes"},"schema":{"@context":"https:\/\/schema.org","@graph":[{"@type":"Article","@id":"https:\/\/proagrolab.com.ar\/videla-desmintio-el-cepo-lacteo-y-responsabilizo-a-la-industria-de-planchar-el-precio-al-productor\/#article","isPartOf":{"@id":"https:\/\/proagrolab.com.ar\/videla-desmintio-el-cepo-lacteo-y-responsabilizo-a-la-industria-de-planchar-el-precio-al-productor\/"},"author":{"name":"proagrolab","@id":"https:\/\/proagrolab.com.ar\/#\/schema\/person\/38003ff90bf80381f71c7d922d207444"},"headline":"Videla desminti\u00f3 el cepo l\u00e1cteo y responsabiliz\u00f3 a la industria de planchar el precio al productor.","datePublished":"2014-07-08T00:00:01+00:00","dateModified":"2020-07-01T19:20:22+00:00","mainEntityOfPage":{"@id":"https:\/\/proagrolab.com.ar\/videla-desmintio-el-cepo-lacteo-y-responsabilizo-a-la-industria-de-planchar-el-precio-al-productor\/"},"wordCount":598,"publisher":{"@id":"https:\/\/proagrolab.com.ar\/#organization"},"image":{"@id":"https:\/\/proagrolab.com.ar\/videla-desmintio-el-cepo-lacteo-y-responsabilizo-a-la-industria-de-planchar-el-precio-al-productor\/#primaryimage"},"thumbnailUrl":"https:\/\/proagrolab.com.ar\/wp-content\/uploads\/2015\/01\/g_ukxnc9boy__Videla-2.jpg","articleSection":["News"],"inLanguage":"en-US"},{"@type":"WebPage","@id":"https:\/\/proagrolab.com.ar\/videla-desmintio-el-cepo-lacteo-y-responsabilizo-a-la-industria-de-planchar-el-precio-al-productor\/","url":"https:\/\/proagrolab.com.ar\/videla-desmintio-el-cepo-lacteo-y-responsabilizo-a-la-industria-de-planchar-el-precio-al-productor\/","name":"Videla desminti\u00f3 el cepo l\u00e1cteo y responsabiliz\u00f3 a la industria de planchar el precio al productor. | Proagro","isPartOf":{"@id":"https:\/\/proagrolab.com.ar\/#website"},"primaryImageOfPage":{"@id":"https:\/\/proagrolab.com.ar\/videla-desmintio-el-cepo-lacteo-y-responsabilizo-a-la-industria-de-planchar-el-precio-al-productor\/#primaryimage"},"image":{"@id":"https:\/\/proagrolab.com.ar\/videla-desmintio-el-cepo-lacteo-y-responsabilizo-a-la-industria-de-planchar-el-precio-al-productor\/#primaryimage"},"thumbnailUrl":"https:\/\/proagrolab.com.ar\/wp-content\/uploads\/2015\/01\/g_ukxnc9boy__Videla-2.jpg","datePublished":"2014-07-08T00:00:01+00:00","dateModified":"2020-07-01T19:20:22+00:00","breadcrumb":{"@id":"https:\/\/proagrolab.com.ar\/videla-desmintio-el-cepo-lacteo-y-responsabilizo-a-la-industria-de-planchar-el-precio-al-productor\/#breadcrumb"},"inLanguage":"en-US","potentialAction":[{"@type":"ReadAction","target":["https:\/\/proagrolab.com.ar\/videla-desmintio-el-cepo-lacteo-y-responsabilizo-a-la-industria-de-planchar-el-precio-al-productor\/"]}]},{"@type":"ImageObject","inLanguage":"en-US","@id":"https:\/\/proagrolab.com.ar\/videla-desmintio-el-cepo-lacteo-y-responsabilizo-a-la-industria-de-planchar-el-precio-al-productor\/#primaryimage","url":"https:\/\/proagrolab.com.ar\/wp-content\/uploads\/2015\/01\/g_ukxnc9boy__Videla-2.jpg","contentUrl":"https:\/\/proagrolab.com.ar\/wp-content\/uploads\/2015\/01\/g_ukxnc9boy__Videla-2.jpg","width":450,"height":208},{"@type":"BreadcrumbList","@id":"https:\/\/proagrolab.com.ar\/videla-desmintio-el-cepo-lacteo-y-responsabilizo-a-la-industria-de-planchar-el-precio-al-productor\/#breadcrumb","itemListElement":[{"@type":"ListItem","position":1,"name":"Portada","item":"https:\/\/proagrolab.com.ar\/"},{"@type":"ListItem","position":2,"name":"Videla desminti\u00f3 el cepo l\u00e1cteo y responsabiliz\u00f3 a la industria de planchar el precio al productor."}]},{"@type":"WebSite","@id":"https:\/\/proagrolab.com.ar\/#website","url":"https:\/\/proagrolab.com.ar\/","name":"Proagro Laboratorio Veterinario","description":"Veterinary laboratory","publisher":{"@id":"https:\/\/proagrolab.com.ar\/#organization"},"potentialAction":[{"@type":"SearchAction","target":{"@type":"EntryPoint","urlTemplate":"https:\/\/proagrolab.com.ar\/?s={search_term_string}"},"query-input":{"@type":"PropertyValueSpecification","valueRequired":true,"valueName":"search_term_string"}}],"inLanguage":"en-US"},{"@type":"Organization","@id":"https:\/\/proagrolab.com.ar\/#organization","name":"Proagro","url":"https:\/\/proagrolab.com.ar\/","logo":{"@type":"ImageObject","inLanguage":"en-US","@id":"https:\/\/proagrolab.com.ar\/#\/schema\/logo\/image\/","url":"https:\/\/proagrolab.com.ar\/wp-content\/uploads\/2020\/04\/logo-retina.png","contentUrl":"https:\/\/proagrolab.com.ar\/wp-content\/uploads\/2020\/04\/logo-retina.png","width":478,"height":120,"caption":"Proagro"},"image":{"@id":"https:\/\/proagrolab.com.ar\/#\/schema\/logo\/image\/"},"sameAs":["http:\/\/www.facebook.com\/proagrolab","https:\/\/www.instagram.com\/proagrolab\/","https:\/\/www.linkedin.com\/company\/laboratorio-proagro-s-a\/"]},{"@type":"Person","@id":"https:\/\/proagrolab.com.ar\/#\/schema\/person\/38003ff90bf80381f71c7d922d207444","name":"proagrolab"}]}},"_links":{"self":[{"href":"https:\/\/proagrolab.com.ar\/en\/wp-json\/wp\/v2\/posts\/6220","targetHints":{"allow":["GET"]}}],"collection":[{"href":"https:\/\/proagrolab.com.ar\/en\/wp-json\/wp\/v2\/posts"}],"about":[{"href":"https:\/\/proagrolab.com.ar\/en\/wp-json\/wp\/v2\/types\/post"}],"author":[{"embeddable":true,"href":"https:\/\/proagrolab.com.ar\/en\/wp-json\/wp\/v2\/users\/2"}],"replies":[{"embeddable":true,"href":"https:\/\/proagrolab.com.ar\/en\/wp-json\/wp\/v2\/comments?post=6220"}],"version-history":[{"count":1,"href":"https:\/\/proagrolab.com.ar\/en\/wp-json\/wp\/v2\/posts\/6220\/revisions"}],"predecessor-version":[{"id":14413,"href":"https:\/\/proagrolab.com.ar\/en\/wp-json\/wp\/v2\/posts\/6220\/revisions\/14413"}],"wp:featuredmedia":[{"embeddable":true,"href":"https:\/\/proagrolab.com.ar\/en\/wp-json\/wp\/v2\/media\/2708"}],"wp:attachment":[{"href":"https:\/\/proagrolab.com.ar\/en\/wp-json\/wp\/v2\/media?parent=6220"}],"wp:term":[{"taxonomy":"category","embeddable":true,"href":"https:\/\/proagrolab.com.ar\/en\/wp-json\/wp\/v2\/categories?post=6220"},{"taxonomy":"post_tag","embeddable":true,"href":"https:\/\/proagrolab.com.ar\/en\/wp-json\/wp\/v2\/tags?post=6220"}],"curies":[{"name":"wp","href":"https:\/\/api.w.org\/{rel}","templated":true}]}}