{"id":6218,"date":"2014-07-08T00:00:01","date_gmt":"2014-07-08T00:00:01","guid":{"rendered":"https:\/\/proagrolab.com.ar\/bolivia-importara-carne-bovina-de-argentina-a-fin-de-regular-los-precios-internos\/"},"modified":"2020-07-01T19:20:36","modified_gmt":"2020-07-01T19:20:36","slug":"bolivia-importara-carne-bovina-de-argentina-a-fin-de-regular-los-precios-internos","status":"publish","type":"post","link":"https:\/\/proagrolab.com.ar\/en\/bolivia-importara-carne-bovina-de-argentina-a-fin-de-regular-los-precios-internos\/","title":{"rendered":"Bolivia importar\u00e1 carne bovina de Argentina a fin de regular los precios internos."},"content":{"rendered":"<p class=\"qtranxs-available-languages-message qtranxs-available-languages-message-en\"> <\/p><p>Bolivia prev\u00e9 importar carne bovina de Argentina esta semana con el objetivo de regular su precio en el mercado interno. La ministra de Desarrollo Productivo, Teresa Morales, garantiz\u00f3 que la Empresa de Apoyo a la Producci\u00f3n de Alimentos (Emapa) garantizar\u00e1 el kilo gancho a Bs 19 (US$2,75).<\/p>\n<p>La ministra inform\u00f3 que &#8220;se estar\u00eda importando dos containers (de carne) por d\u00eda&#8221;, que equivalen a 20 toneladas de carne. La autoridad a\u00fan no mencion\u00f3 qui\u00e9nes ser\u00edan los proveedores de carne desde la Argentina.<\/p>\n<p>El vicepresidente de la Federaci\u00f3n de Ganaderos de Santa Cruz (Fegasacruz), Jos\u00e9 Luis Vaca, expres\u00f3 su preocupaci\u00f3n respecto a la carne importada. El estim\u00f3 que \u00e9sta podr\u00eda ser de segunda calidad o de descarte, lo que, adem\u00e1s, podr\u00eda alentar a la importaci\u00f3n ilegal de este insumo.<\/p>\n<p>Esta instituci\u00f3n incluso expres\u00f3 sus dudas sobre si el gobierno boliviano cuenta con los adecuados medios de transporte para concretar esta operaci\u00f3n, dado que el transporte de carne requiere de una cadena de fr\u00edo.<\/p>\n<p>&#8220;Hemos hecho la verificaci\u00f3n de que en los frigor\u00edficos en La Paz est\u00e1n atestados de carne&#8221;, afirm\u00f3. &#8220;Hay sobre estocamiento de carne, y por lo tanto, hay un mecanismo que vamos a poner en marcha para lograr que toda esa carne salga al mercado de tal manera que se pueda bajar todav\u00eda m\u00e1s los precios&#8221;.<\/p>\n<p>Fuente: Carnetec, 7 de julio.<br \/><\/p>","protected":false},"excerpt":{"rendered":"<p>Bolivia prev\u00e9 importar carne bovina de Argentina esta semana con el objetivo de regular su precio en el mercado interno. La ministra de Desarrollo Productivo, Teresa Morales, garantiz\u00f3 que la Empresa de Apoyo a la Producci\u00f3n de Alimentos (Emapa) garantizar\u00e1 el kilo gancho a Bs 19 (US$2,75). La ministra inform\u00f3 que &#8220;se estar\u00eda importando dos containers (de carne) por d\u00eda&#8221;, que equivalen a 20 toneladas de carne. La autoridad a\u00fan no mencion\u00f3 qui\u00e9nes ser\u00edan los proveedores de carne desde la Argentina. El vicepresidente de la Federaci\u00f3n de Ganaderos de Santa Cruz (Fegasacruz), Jos\u00e9 Luis Vaca, expres\u00f3 su preocupaci\u00f3n respecto a la carne importada. El estim\u00f3 que \u00e9sta podr\u00eda ser de segunda calidad o de descarte, lo que, adem\u00e1s, podr\u00eda alentar a la importaci\u00f3n ilegal de este insumo. Esta instituci\u00f3n incluso expres\u00f3 sus dudas sobre si el gobierno boliviano cuenta con los adecuados medios de transporte para concretar esta operaci\u00f3n, dado que el transporte de carne requiere de una cadena de fr\u00edo. &#8220;Hemos hecho la verificaci\u00f3n de que en los frigor\u00edficos en La Paz est\u00e1n atestados de carne&#8221;, afirm\u00f3. &#8220;Hay sobre estocamiento de carne, y por lo tanto, hay un mecanismo que vamos a poner en marcha para lograr que toda [&hellip;]<\/p>\n","protected":false},"author":2,"featured_media":2706,"comment_status":"closed","ping_status":"open","sticky":false,"template":"","format":"standard","meta":{"_acf_changed":false,"footnotes":""},"categories":[56],"tags":[],"class_list":["post-6218","post","type-post","status-publish","format-standard","has-post-thumbnail","hentry","category-infoganadero"],"acf":[],"yoast_head":"<!-- This site is optimized with the Yoast SEO plugin v27.4 - https:\/\/yoast.com\/product\/yoast-seo-wordpress\/ -->\n<title>Bolivia importar\u00e1 carne bovina de Argentina a fin de regular los precios internos. | Proagro<\/title>\n<meta name=\"robots\" content=\"index, follow, max-snippet:-1, max-image-preview:large, max-video-preview:-1\" \/>\n<link rel=\"canonical\" href=\"https:\/\/proagrolab.com.ar\/en\/bolivia-importara-carne-bovina-de-argentina-a-fin-de-regular-los-precios-internos\/\" \/>\n<meta property=\"og:locale\" content=\"en_US\" \/>\n<meta property=\"og:type\" content=\"article\" \/>\n<meta property=\"og:title\" content=\"Bolivia importar\u00e1 carne bovina de Argentina a fin de regular los precios internos. | Proagro\" \/>\n<meta property=\"og:description\" content=\"Bolivia prev\u00e9 importar carne bovina de Argentina esta semana con el objetivo de regular su precio en el mercado interno. La ministra de Desarrollo Productivo, Teresa Morales, garantiz\u00f3 que la Empresa de Apoyo a la Producci\u00f3n de Alimentos (Emapa) garantizar\u00e1 el kilo gancho a Bs 19 (US$2,75). La ministra inform\u00f3 que &#8220;se estar\u00eda importando dos containers (de carne) por d\u00eda&#8221;, que equivalen a 20 toneladas de carne. La autoridad a\u00fan no mencion\u00f3 qui\u00e9nes ser\u00edan los proveedores de carne desde la Argentina. El vicepresidente de la Federaci\u00f3n de Ganaderos de Santa Cruz (Fegasacruz), Jos\u00e9 Luis Vaca, expres\u00f3 su preocupaci\u00f3n respecto a la carne importada. El estim\u00f3 que \u00e9sta podr\u00eda ser de segunda calidad o de descarte, lo que, adem\u00e1s, podr\u00eda alentar a la importaci\u00f3n ilegal de este insumo. Esta instituci\u00f3n incluso expres\u00f3 sus dudas sobre si el gobierno boliviano cuenta con los adecuados medios de transporte para concretar esta operaci\u00f3n, dado que el transporte de carne requiere de una cadena de fr\u00edo. &#8220;Hemos hecho la verificaci\u00f3n de que en los frigor\u00edficos en La Paz est\u00e1n atestados de carne&#8221;, afirm\u00f3. &#8220;Hay sobre estocamiento de carne, y por lo tanto, hay un mecanismo que vamos a poner en marcha para lograr que toda [&hellip;]\" \/>\n<meta property=\"og:url\" content=\"https:\/\/proagrolab.com.ar\/bolivia-importara-carne-bovina-de-argentina-a-fin-de-regular-los-precios-internos\/\" \/>\n<meta property=\"og:site_name\" content=\"Proagro\" \/>\n<meta property=\"article:publisher\" content=\"http:\/\/www.facebook.com\/proagrolab\" \/>\n<meta property=\"article:published_time\" content=\"2014-07-08T00:00:01+00:00\" \/>\n<meta property=\"article:modified_time\" content=\"2020-07-01T19:20:36+00:00\" \/>\n<meta property=\"og:image\" content=\"https:\/\/proagrolab.com.ar\/wp-content\/uploads\/2015\/01\/g_amgwlu8d6__Frigorifico-3.jpg\" \/>\n\t<meta property=\"og:image:width\" content=\"450\" \/>\n\t<meta property=\"og:image:height\" content=\"208\" \/>\n\t<meta property=\"og:image:type\" content=\"image\/jpeg\" \/>\n<meta name=\"author\" content=\"proagrolab\" \/>\n<meta name=\"twitter:card\" content=\"summary_large_image\" \/>\n<meta name=\"twitter:label1\" content=\"Written by\" \/>\n\t<meta name=\"twitter:data1\" content=\"proagrolab\" \/>\n\t<meta name=\"twitter:label2\" content=\"Est. reading time\" \/>\n\t<meta name=\"twitter:data2\" content=\"1 minute\" \/>\n<script type=\"application\/ld+json\" class=\"yoast-schema-graph\">{\"@context\":\"https:\\\/\\\/schema.org\",\"@graph\":[{\"@type\":\"Article\",\"@id\":\"https:\\\/\\\/proagrolab.com.ar\\\/bolivia-importara-carne-bovina-de-argentina-a-fin-de-regular-los-precios-internos\\\/#article\",\"isPartOf\":{\"@id\":\"https:\\\/\\\/proagrolab.com.ar\\\/bolivia-importara-carne-bovina-de-argentina-a-fin-de-regular-los-precios-internos\\\/\"},\"author\":{\"name\":\"proagrolab\",\"@id\":\"https:\\\/\\\/proagrolab.com.ar\\\/#\\\/schema\\\/person\\\/38003ff90bf80381f71c7d922d207444\"},\"headline\":\"Bolivia importar\u00e1 carne bovina de Argentina a fin de regular los precios internos.\",\"datePublished\":\"2014-07-08T00:00:01+00:00\",\"dateModified\":\"2020-07-01T19:20:36+00:00\",\"mainEntityOfPage\":{\"@id\":\"https:\\\/\\\/proagrolab.com.ar\\\/bolivia-importara-carne-bovina-de-argentina-a-fin-de-regular-los-precios-internos\\\/\"},\"wordCount\":251,\"publisher\":{\"@id\":\"https:\\\/\\\/proagrolab.com.ar\\\/#organization\"},\"image\":{\"@id\":\"https:\\\/\\\/proagrolab.com.ar\\\/bolivia-importara-carne-bovina-de-argentina-a-fin-de-regular-los-precios-internos\\\/#primaryimage\"},\"thumbnailUrl\":\"https:\\\/\\\/proagrolab.com.ar\\\/wp-content\\\/uploads\\\/2015\\\/01\\\/g_amgwlu8d6__Frigorifico-3.jpg\",\"articleSection\":[\"News\"],\"inLanguage\":\"en-US\"},{\"@type\":\"WebPage\",\"@id\":\"https:\\\/\\\/proagrolab.com.ar\\\/bolivia-importara-carne-bovina-de-argentina-a-fin-de-regular-los-precios-internos\\\/\",\"url\":\"https:\\\/\\\/proagrolab.com.ar\\\/bolivia-importara-carne-bovina-de-argentina-a-fin-de-regular-los-precios-internos\\\/\",\"name\":\"Bolivia importar\u00e1 carne bovina de Argentina a fin de regular los precios internos. | Proagro\",\"isPartOf\":{\"@id\":\"https:\\\/\\\/proagrolab.com.ar\\\/#website\"},\"primaryImageOfPage\":{\"@id\":\"https:\\\/\\\/proagrolab.com.ar\\\/bolivia-importara-carne-bovina-de-argentina-a-fin-de-regular-los-precios-internos\\\/#primaryimage\"},\"image\":{\"@id\":\"https:\\\/\\\/proagrolab.com.ar\\\/bolivia-importara-carne-bovina-de-argentina-a-fin-de-regular-los-precios-internos\\\/#primaryimage\"},\"thumbnailUrl\":\"https:\\\/\\\/proagrolab.com.ar\\\/wp-content\\\/uploads\\\/2015\\\/01\\\/g_amgwlu8d6__Frigorifico-3.jpg\",\"datePublished\":\"2014-07-08T00:00:01+00:00\",\"dateModified\":\"2020-07-01T19:20:36+00:00\",\"breadcrumb\":{\"@id\":\"https:\\\/\\\/proagrolab.com.ar\\\/bolivia-importara-carne-bovina-de-argentina-a-fin-de-regular-los-precios-internos\\\/#breadcrumb\"},\"inLanguage\":\"en-US\",\"potentialAction\":[{\"@type\":\"ReadAction\",\"target\":[\"https:\\\/\\\/proagrolab.com.ar\\\/bolivia-importara-carne-bovina-de-argentina-a-fin-de-regular-los-precios-internos\\\/\"]}]},{\"@type\":\"ImageObject\",\"inLanguage\":\"en-US\",\"@id\":\"https:\\\/\\\/proagrolab.com.ar\\\/bolivia-importara-carne-bovina-de-argentina-a-fin-de-regular-los-precios-internos\\\/#primaryimage\",\"url\":\"https:\\\/\\\/proagrolab.com.ar\\\/wp-content\\\/uploads\\\/2015\\\/01\\\/g_amgwlu8d6__Frigorifico-3.jpg\",\"contentUrl\":\"https:\\\/\\\/proagrolab.com.ar\\\/wp-content\\\/uploads\\\/2015\\\/01\\\/g_amgwlu8d6__Frigorifico-3.jpg\",\"width\":450,\"height\":208},{\"@type\":\"BreadcrumbList\",\"@id\":\"https:\\\/\\\/proagrolab.com.ar\\\/bolivia-importara-carne-bovina-de-argentina-a-fin-de-regular-los-precios-internos\\\/#breadcrumb\",\"itemListElement\":[{\"@type\":\"ListItem\",\"position\":1,\"name\":\"Portada\",\"item\":\"https:\\\/\\\/proagrolab.com.ar\\\/\"},{\"@type\":\"ListItem\",\"position\":2,\"name\":\"Bolivia importar\u00e1 carne bovina de Argentina a fin de regular los precios internos.\"}]},{\"@type\":\"WebSite\",\"@id\":\"https:\\\/\\\/proagrolab.com.ar\\\/#website\",\"url\":\"https:\\\/\\\/proagrolab.com.ar\\\/\",\"name\":\"Proagro Laboratorio Veterinario\",\"description\":\"Veterinary laboratory\",\"publisher\":{\"@id\":\"https:\\\/\\\/proagrolab.com.ar\\\/#organization\"},\"potentialAction\":[{\"@type\":\"SearchAction\",\"target\":{\"@type\":\"EntryPoint\",\"urlTemplate\":\"https:\\\/\\\/proagrolab.com.ar\\\/?s={search_term_string}\"},\"query-input\":{\"@type\":\"PropertyValueSpecification\",\"valueRequired\":true,\"valueName\":\"search_term_string\"}}],\"inLanguage\":\"en-US\"},{\"@type\":\"Organization\",\"@id\":\"https:\\\/\\\/proagrolab.com.ar\\\/#organization\",\"name\":\"Proagro\",\"url\":\"https:\\\/\\\/proagrolab.com.ar\\\/\",\"logo\":{\"@type\":\"ImageObject\",\"inLanguage\":\"en-US\",\"@id\":\"https:\\\/\\\/proagrolab.com.ar\\\/#\\\/schema\\\/logo\\\/image\\\/\",\"url\":\"https:\\\/\\\/proagrolab.com.ar\\\/wp-content\\\/uploads\\\/2020\\\/04\\\/logo-retina.png\",\"contentUrl\":\"https:\\\/\\\/proagrolab.com.ar\\\/wp-content\\\/uploads\\\/2020\\\/04\\\/logo-retina.png\",\"width\":478,\"height\":120,\"caption\":\"Proagro\"},\"image\":{\"@id\":\"https:\\\/\\\/proagrolab.com.ar\\\/#\\\/schema\\\/logo\\\/image\\\/\"},\"sameAs\":[\"http:\\\/\\\/www.facebook.com\\\/proagrolab\",\"https:\\\/\\\/www.instagram.com\\\/proagrolab\\\/\",\"https:\\\/\\\/www.linkedin.com\\\/company\\\/laboratorio-proagro-s-a\\\/\"]},{\"@type\":\"Person\",\"@id\":\"https:\\\/\\\/proagrolab.com.ar\\\/#\\\/schema\\\/person\\\/38003ff90bf80381f71c7d922d207444\",\"name\":\"proagrolab\"}]}<\/script>\n<!-- \/ Yoast SEO plugin. -->","yoast_head_json":{"title":"Bolivia importar\u00e1 carne bovina de Argentina a fin de regular los precios internos. | Proagro","robots":{"index":"index","follow":"follow","max-snippet":"max-snippet:-1","max-image-preview":"max-image-preview:large","max-video-preview":"max-video-preview:-1"},"canonical":"https:\/\/proagrolab.com.ar\/en\/bolivia-importara-carne-bovina-de-argentina-a-fin-de-regular-los-precios-internos\/","og_locale":"en_US","og_type":"article","og_title":"Bolivia importar\u00e1 carne bovina de Argentina a fin de regular los precios internos. | Proagro","og_description":"Bolivia prev\u00e9 importar carne bovina de Argentina esta semana con el objetivo de regular su precio en el mercado interno. La ministra de Desarrollo Productivo, Teresa Morales, garantiz\u00f3 que la Empresa de Apoyo a la Producci\u00f3n de Alimentos (Emapa) garantizar\u00e1 el kilo gancho a Bs 19 (US$2,75). La ministra inform\u00f3 que &#8220;se estar\u00eda importando dos containers (de carne) por d\u00eda&#8221;, que equivalen a 20 toneladas de carne. La autoridad a\u00fan no mencion\u00f3 qui\u00e9nes ser\u00edan los proveedores de carne desde la Argentina. El vicepresidente de la Federaci\u00f3n de Ganaderos de Santa Cruz (Fegasacruz), Jos\u00e9 Luis Vaca, expres\u00f3 su preocupaci\u00f3n respecto a la carne importada. El estim\u00f3 que \u00e9sta podr\u00eda ser de segunda calidad o de descarte, lo que, adem\u00e1s, podr\u00eda alentar a la importaci\u00f3n ilegal de este insumo. Esta instituci\u00f3n incluso expres\u00f3 sus dudas sobre si el gobierno boliviano cuenta con los adecuados medios de transporte para concretar esta operaci\u00f3n, dado que el transporte de carne requiere de una cadena de fr\u00edo. &#8220;Hemos hecho la verificaci\u00f3n de que en los frigor\u00edficos en La Paz est\u00e1n atestados de carne&#8221;, afirm\u00f3. &#8220;Hay sobre estocamiento de carne, y por lo tanto, hay un mecanismo que vamos a poner en marcha para lograr que toda [&hellip;]","og_url":"https:\/\/proagrolab.com.ar\/bolivia-importara-carne-bovina-de-argentina-a-fin-de-regular-los-precios-internos\/","og_site_name":"Proagro","article_publisher":"http:\/\/www.facebook.com\/proagrolab","article_published_time":"2014-07-08T00:00:01+00:00","article_modified_time":"2020-07-01T19:20:36+00:00","og_image":[{"width":450,"height":208,"url":"https:\/\/proagrolab.com.ar\/wp-content\/uploads\/2015\/01\/g_amgwlu8d6__Frigorifico-3.jpg","type":"image\/jpeg"}],"author":"proagrolab","twitter_card":"summary_large_image","twitter_misc":{"Written by":"proagrolab","Est. reading time":"1 minute"},"schema":{"@context":"https:\/\/schema.org","@graph":[{"@type":"Article","@id":"https:\/\/proagrolab.com.ar\/bolivia-importara-carne-bovina-de-argentina-a-fin-de-regular-los-precios-internos\/#article","isPartOf":{"@id":"https:\/\/proagrolab.com.ar\/bolivia-importara-carne-bovina-de-argentina-a-fin-de-regular-los-precios-internos\/"},"author":{"name":"proagrolab","@id":"https:\/\/proagrolab.com.ar\/#\/schema\/person\/38003ff90bf80381f71c7d922d207444"},"headline":"Bolivia importar\u00e1 carne bovina de Argentina a fin de regular los precios internos.","datePublished":"2014-07-08T00:00:01+00:00","dateModified":"2020-07-01T19:20:36+00:00","mainEntityOfPage":{"@id":"https:\/\/proagrolab.com.ar\/bolivia-importara-carne-bovina-de-argentina-a-fin-de-regular-los-precios-internos\/"},"wordCount":251,"publisher":{"@id":"https:\/\/proagrolab.com.ar\/#organization"},"image":{"@id":"https:\/\/proagrolab.com.ar\/bolivia-importara-carne-bovina-de-argentina-a-fin-de-regular-los-precios-internos\/#primaryimage"},"thumbnailUrl":"https:\/\/proagrolab.com.ar\/wp-content\/uploads\/2015\/01\/g_amgwlu8d6__Frigorifico-3.jpg","articleSection":["News"],"inLanguage":"en-US"},{"@type":"WebPage","@id":"https:\/\/proagrolab.com.ar\/bolivia-importara-carne-bovina-de-argentina-a-fin-de-regular-los-precios-internos\/","url":"https:\/\/proagrolab.com.ar\/bolivia-importara-carne-bovina-de-argentina-a-fin-de-regular-los-precios-internos\/","name":"Bolivia importar\u00e1 carne bovina de Argentina a fin de regular los precios internos. | Proagro","isPartOf":{"@id":"https:\/\/proagrolab.com.ar\/#website"},"primaryImageOfPage":{"@id":"https:\/\/proagrolab.com.ar\/bolivia-importara-carne-bovina-de-argentina-a-fin-de-regular-los-precios-internos\/#primaryimage"},"image":{"@id":"https:\/\/proagrolab.com.ar\/bolivia-importara-carne-bovina-de-argentina-a-fin-de-regular-los-precios-internos\/#primaryimage"},"thumbnailUrl":"https:\/\/proagrolab.com.ar\/wp-content\/uploads\/2015\/01\/g_amgwlu8d6__Frigorifico-3.jpg","datePublished":"2014-07-08T00:00:01+00:00","dateModified":"2020-07-01T19:20:36+00:00","breadcrumb":{"@id":"https:\/\/proagrolab.com.ar\/bolivia-importara-carne-bovina-de-argentina-a-fin-de-regular-los-precios-internos\/#breadcrumb"},"inLanguage":"en-US","potentialAction":[{"@type":"ReadAction","target":["https:\/\/proagrolab.com.ar\/bolivia-importara-carne-bovina-de-argentina-a-fin-de-regular-los-precios-internos\/"]}]},{"@type":"ImageObject","inLanguage":"en-US","@id":"https:\/\/proagrolab.com.ar\/bolivia-importara-carne-bovina-de-argentina-a-fin-de-regular-los-precios-internos\/#primaryimage","url":"https:\/\/proagrolab.com.ar\/wp-content\/uploads\/2015\/01\/g_amgwlu8d6__Frigorifico-3.jpg","contentUrl":"https:\/\/proagrolab.com.ar\/wp-content\/uploads\/2015\/01\/g_amgwlu8d6__Frigorifico-3.jpg","width":450,"height":208},{"@type":"BreadcrumbList","@id":"https:\/\/proagrolab.com.ar\/bolivia-importara-carne-bovina-de-argentina-a-fin-de-regular-los-precios-internos\/#breadcrumb","itemListElement":[{"@type":"ListItem","position":1,"name":"Portada","item":"https:\/\/proagrolab.com.ar\/"},{"@type":"ListItem","position":2,"name":"Bolivia importar\u00e1 carne bovina de Argentina a fin de regular los precios internos."}]},{"@type":"WebSite","@id":"https:\/\/proagrolab.com.ar\/#website","url":"https:\/\/proagrolab.com.ar\/","name":"Proagro Laboratorio Veterinario","description":"Veterinary laboratory","publisher":{"@id":"https:\/\/proagrolab.com.ar\/#organization"},"potentialAction":[{"@type":"SearchAction","target":{"@type":"EntryPoint","urlTemplate":"https:\/\/proagrolab.com.ar\/?s={search_term_string}"},"query-input":{"@type":"PropertyValueSpecification","valueRequired":true,"valueName":"search_term_string"}}],"inLanguage":"en-US"},{"@type":"Organization","@id":"https:\/\/proagrolab.com.ar\/#organization","name":"Proagro","url":"https:\/\/proagrolab.com.ar\/","logo":{"@type":"ImageObject","inLanguage":"en-US","@id":"https:\/\/proagrolab.com.ar\/#\/schema\/logo\/image\/","url":"https:\/\/proagrolab.com.ar\/wp-content\/uploads\/2020\/04\/logo-retina.png","contentUrl":"https:\/\/proagrolab.com.ar\/wp-content\/uploads\/2020\/04\/logo-retina.png","width":478,"height":120,"caption":"Proagro"},"image":{"@id":"https:\/\/proagrolab.com.ar\/#\/schema\/logo\/image\/"},"sameAs":["http:\/\/www.facebook.com\/proagrolab","https:\/\/www.instagram.com\/proagrolab\/","https:\/\/www.linkedin.com\/company\/laboratorio-proagro-s-a\/"]},{"@type":"Person","@id":"https:\/\/proagrolab.com.ar\/#\/schema\/person\/38003ff90bf80381f71c7d922d207444","name":"proagrolab"}]}},"_links":{"self":[{"href":"https:\/\/proagrolab.com.ar\/en\/wp-json\/wp\/v2\/posts\/6218","targetHints":{"allow":["GET"]}}],"collection":[{"href":"https:\/\/proagrolab.com.ar\/en\/wp-json\/wp\/v2\/posts"}],"about":[{"href":"https:\/\/proagrolab.com.ar\/en\/wp-json\/wp\/v2\/types\/post"}],"author":[{"embeddable":true,"href":"https:\/\/proagrolab.com.ar\/en\/wp-json\/wp\/v2\/users\/2"}],"replies":[{"embeddable":true,"href":"https:\/\/proagrolab.com.ar\/en\/wp-json\/wp\/v2\/comments?post=6218"}],"version-history":[{"count":1,"href":"https:\/\/proagrolab.com.ar\/en\/wp-json\/wp\/v2\/posts\/6218\/revisions"}],"predecessor-version":[{"id":14415,"href":"https:\/\/proagrolab.com.ar\/en\/wp-json\/wp\/v2\/posts\/6218\/revisions\/14415"}],"wp:featuredmedia":[{"embeddable":true,"href":"https:\/\/proagrolab.com.ar\/en\/wp-json\/wp\/v2\/media\/2706"}],"wp:attachment":[{"href":"https:\/\/proagrolab.com.ar\/en\/wp-json\/wp\/v2\/media?parent=6218"}],"wp:term":[{"taxonomy":"category","embeddable":true,"href":"https:\/\/proagrolab.com.ar\/en\/wp-json\/wp\/v2\/categories?post=6218"},{"taxonomy":"post_tag","embeddable":true,"href":"https:\/\/proagrolab.com.ar\/en\/wp-json\/wp\/v2\/tags?post=6218"}],"curies":[{"name":"wp","href":"https:\/\/api.w.org\/{rel}","templated":true}]}}