{"id":6214,"date":"2014-07-07T00:00:01","date_gmt":"2014-07-07T00:00:01","guid":{"rendered":"https:\/\/proagrolab.com.ar\/crecida-del-parana-el-inta-presento-plan-de-contingencia\/"},"modified":"2020-07-01T19:19:59","modified_gmt":"2020-07-01T19:19:59","slug":"crecida-del-parana-el-inta-presento-plan-de-contingencia","status":"publish","type":"post","link":"https:\/\/proagrolab.com.ar\/en\/crecida-del-parana-el-inta-presento-plan-de-contingencia\/","title":{"rendered":"Crecida del Paran\u00e1: el INTA present\u00f3 plan de contingencia."},"content":{"rendered":"<p class=\"qtranxs-available-languages-message qtranxs-available-languages-message-en\"> <\/p><p>La superficie de pastoreo anegada en las islas del Delta aument\u00f3 y el organismo relev\u00f3 necesidades de asistencia de los peque\u00f1os productores ante posibles evacuaciones de ganado.<\/p>\n<p>El comit\u00e9 de crisis h\u00eddrica \u0096conformado por representantes del Ministerio de Agricultura y Desarrollo Social, INTA, Senasa, Cruz Roja, Bomberos y asociaciones civiles locales junto al Municipio bonaerense de San Pedro\u0096 realiz\u00f3 un plan de contingencia que releva las necesidades y prioridades de los peque\u00f1os productores ante la crecida del r\u00edo Paran\u00e1.<\/p>\n<p>En este contexto, Carlos Casamiquela \u0096ministro de Agricultura, Ganader\u00eda y Pesca de la Naci\u00f3n\u0096 visit\u00f3 San Pedro y se interioriz\u00f3 sobre el Plan de contingencia quien destac\u00f3 la articulaci\u00f3n ante la problem\u00e1tica y el censo, lo que permite conocer el estado de situaci\u00f3n y prever la evacuaci\u00f3n. Y se puso a disposici\u00f3n \u0093para ofrecer colaboraci\u00f3n y responder a todas las necesidades de los productores para evitar, o reducir al m\u00e1ximo, las p\u00e9rdidas\u0094.<\/p>\n<p>Por su parte, Daniel Somma \u0096director del Centro Regional Buenos Aires Norte del INTA y coordinador de la emergencia h\u00eddrica\u0096 explic\u00f3 que \u0093la superficie de pastoreo anegada en las islas aument\u00f3\u0094 y agreg\u00f3 que \u0093los grandes productores ya comenzaron a evacuar, mientras que los peque\u00f1os esperan hasta \u00faltimo momento para evitar el costo y complicaci\u00f3n que implica el traslado, albergue, alimentaci\u00f3n y posterior restituci\u00f3n de los animales\u0094.<\/p>\n<p>En este sentido, recomend\u00f3 a los peque\u00f1os productores \u0093estar atentos a posibles lluvias en la cuenca alta o sudestadas, evaluar el movimiento del agua y el \u00e1rea de pastoreo que tienen disponibles sus animales y, en el caso de estar en riesgo, tomar contacto con el municipio para solicitar la asistencia en materia de evacuaci\u00f3n y mantenimiento del ganado\u0094.<\/p>\n<p>Y agreg\u00f3: \u0093La onda de crecida que viene bajando por el Paran\u00e1 podr\u00eda derivar en anegamientos en zona de islas de las ciudades bonaerenses de San Nicol\u00e1s, Ramallo, San Pedro y Baradero, con la consecuente reducci\u00f3n de las zonas de pastoreo de animales\u0094.<\/p>\n<p>Para ello, se realiza un seguimiento de las alturas en la Cuenca Alta y Media a partir de datos del Instituto Nacional del Agua (INA) y del Centro de Investigaciones Meteorol\u00f3gicas (CIM) de la Universidad del Litoral.<\/p>\n<p>En este contexto, el organismo \u0096junto a la subsecretar\u00eda de Agricultura Familiar del Ministerio de Agricultura, Ganader\u00eda y Pesca de la Naci\u00f3n y la direcci\u00f3n de Emergencia del Ministerio de Seguridad\u0096 relev\u00f3 las necesidades de asistencia de los peque\u00f1os productores a fin de colaborar en materia de transporte y alojamiento de los animales.<\/p>\n<p>De acuerdo con el informe, hay 209 peque\u00f1os productores en las islas de las ciudades de San Pedro, Baradero y Ramallo, las cuales cuentan con un total de 4.655 bovinos, 592 ovinos, 440 ovinos, 1.460 aves y 253 equinos, adem\u00e1s de varias colmenas. De estas familias, el 90% tiene un lugar donde alojarse en el continente.<\/p>\n<p><i>Aguas abajo<\/i><br \/>De acuerdo con un informe del Instituto de Clima y Agua del INTA Castelar, las alturas hidrom\u00e9tricas en el puerto de Rosario \u0096Santa Fe\u0096&nbsp; alcanzan los 4 metros y estar\u00eda en el nivel de \u0093evacuaci\u00f3n para el sector ganadero\u0094. Asimismo, indica que, seg\u00fan el pron\u00f3stico, continuar\u00eda en ascenso hasta mediados de julio con un pico de crecida de 4,65 metros para el viernes 11 de ese mes, por lo que se recomienda a los productores el retiro de los animales de la zona de islas del Delta, no as\u00ed de la poblaci\u00f3n.<\/p>\n<p>En cuanto al puerto de Corrientes,&nbsp; se observ\u00f3 que el 18 de junio hubo un pico de crecida de 7,16 metros y luego comenz\u00f3 a descender. Esta onda de crecida se trasladar\u00eda aguas abajo, paulatinamente, hasta alcanzar sus m\u00e1ximos en los pr\u00f3ximos d\u00edas, de acuerdo a lo publicado por el INA.<\/p>\n<p>Por su parte, el puerto de Iguaz\u00fa marc\u00f3 un pico de crecida el 10 de junio con 38,60 metros. Si bien hasta la fecha los niveles de agua contin\u00faan en descenso, de acuerdo a las lluvias pronosticadas por el Servicio Meteorol\u00f3gico Nacional para los pr\u00f3ximos d\u00edas, podr\u00eda haber un nuevo ascenso.<\/p>\n<p>Fuente: INTA informa, 7 de julio.<br \/><\/p>","protected":false},"excerpt":{"rendered":"<p>La superficie de pastoreo anegada en las islas del Delta aument\u00f3 y el organismo relev\u00f3 necesidades de asistencia de los peque\u00f1os productores ante posibles evacuaciones de ganado. El comit\u00e9 de crisis h\u00eddrica \u0096conformado por representantes del Ministerio de Agricultura y Desarrollo Social, INTA, Senasa, Cruz Roja, Bomberos y asociaciones civiles locales junto al Municipio bonaerense de San Pedro\u0096 realiz\u00f3 un plan de contingencia que releva las necesidades y prioridades de los peque\u00f1os productores ante la crecida del r\u00edo Paran\u00e1. En este contexto, Carlos Casamiquela \u0096ministro de Agricultura, Ganader\u00eda y Pesca de la Naci\u00f3n\u0096 visit\u00f3 San Pedro y se interioriz\u00f3 sobre el Plan de contingencia quien destac\u00f3 la articulaci\u00f3n ante la problem\u00e1tica y el censo, lo que permite conocer el estado de situaci\u00f3n y prever la evacuaci\u00f3n. Y se puso a disposici\u00f3n \u0093para ofrecer colaboraci\u00f3n y responder a todas las necesidades de los productores para evitar, o reducir al m\u00e1ximo, las p\u00e9rdidas\u0094. Por su parte, Daniel Somma \u0096director del Centro Regional Buenos Aires Norte del INTA y coordinador de la emergencia h\u00eddrica\u0096 explic\u00f3 que \u0093la superficie de pastoreo anegada en las islas aument\u00f3\u0094 y agreg\u00f3 que \u0093los grandes productores ya comenzaron a evacuar, mientras que los peque\u00f1os esperan hasta \u00faltimo momento [&hellip;]<\/p>\n","protected":false},"author":2,"featured_media":2702,"comment_status":"closed","ping_status":"open","sticky":false,"template":"","format":"standard","meta":{"_acf_changed":false,"footnotes":""},"categories":[56],"tags":[],"class_list":["post-6214","post","type-post","status-publish","format-standard","has-post-thumbnail","hentry","category-infoganadero"],"acf":[],"yoast_head":"<!-- This site is optimized with the Yoast SEO plugin v27.4 - https:\/\/yoast.com\/product\/yoast-seo-wordpress\/ -->\n<title>Crecida del Paran\u00e1: el INTA present\u00f3 plan de contingencia. | Proagro<\/title>\n<meta name=\"robots\" content=\"index, follow, max-snippet:-1, max-image-preview:large, max-video-preview:-1\" \/>\n<link rel=\"canonical\" href=\"https:\/\/proagrolab.com.ar\/en\/crecida-del-parana-el-inta-presento-plan-de-contingencia\/\" \/>\n<meta property=\"og:locale\" content=\"en_US\" \/>\n<meta property=\"og:type\" content=\"article\" \/>\n<meta property=\"og:title\" content=\"Crecida del Paran\u00e1: el INTA present\u00f3 plan de contingencia. | Proagro\" \/>\n<meta property=\"og:description\" content=\"La superficie de pastoreo anegada en las islas del Delta aument\u00f3 y el organismo relev\u00f3 necesidades de asistencia de los peque\u00f1os productores ante posibles evacuaciones de ganado. El comit\u00e9 de crisis h\u00eddrica \u0096conformado por representantes del Ministerio de Agricultura y Desarrollo Social, INTA, Senasa, Cruz Roja, Bomberos y asociaciones civiles locales junto al Municipio bonaerense de San Pedro\u0096 realiz\u00f3 un plan de contingencia que releva las necesidades y prioridades de los peque\u00f1os productores ante la crecida del r\u00edo Paran\u00e1. En este contexto, Carlos Casamiquela \u0096ministro de Agricultura, Ganader\u00eda y Pesca de la Naci\u00f3n\u0096 visit\u00f3 San Pedro y se interioriz\u00f3 sobre el Plan de contingencia quien destac\u00f3 la articulaci\u00f3n ante la problem\u00e1tica y el censo, lo que permite conocer el estado de situaci\u00f3n y prever la evacuaci\u00f3n. Y se puso a disposici\u00f3n \u0093para ofrecer colaboraci\u00f3n y responder a todas las necesidades de los productores para evitar, o reducir al m\u00e1ximo, las p\u00e9rdidas\u0094. Por su parte, Daniel Somma \u0096director del Centro Regional Buenos Aires Norte del INTA y coordinador de la emergencia h\u00eddrica\u0096 explic\u00f3 que \u0093la superficie de pastoreo anegada en las islas aument\u00f3\u0094 y agreg\u00f3 que \u0093los grandes productores ya comenzaron a evacuar, mientras que los peque\u00f1os esperan hasta \u00faltimo momento [&hellip;]\" \/>\n<meta property=\"og:url\" content=\"https:\/\/proagrolab.com.ar\/crecida-del-parana-el-inta-presento-plan-de-contingencia\/\" \/>\n<meta property=\"og:site_name\" content=\"Proagro\" \/>\n<meta property=\"article:publisher\" content=\"http:\/\/www.facebook.com\/proagrolab\" \/>\n<meta property=\"article:published_time\" content=\"2014-07-07T00:00:01+00:00\" \/>\n<meta property=\"article:modified_time\" content=\"2020-07-01T19:19:59+00:00\" \/>\n<meta property=\"og:image\" content=\"https:\/\/proagrolab.com.ar\/wp-content\/uploads\/2015\/01\/g_g99kwj9ub__Vacas-en-la-isla-2.jpg\" \/>\n\t<meta property=\"og:image:width\" content=\"450\" \/>\n\t<meta property=\"og:image:height\" content=\"208\" \/>\n\t<meta property=\"og:image:type\" content=\"image\/jpeg\" \/>\n<meta name=\"author\" content=\"proagrolab\" \/>\n<meta name=\"twitter:card\" content=\"summary_large_image\" \/>\n<meta name=\"twitter:label1\" content=\"Written by\" \/>\n\t<meta name=\"twitter:data1\" content=\"proagrolab\" \/>\n\t<meta name=\"twitter:label2\" content=\"Est. reading time\" \/>\n\t<meta name=\"twitter:data2\" content=\"4 minutes\" \/>\n<script type=\"application\/ld+json\" class=\"yoast-schema-graph\">{\"@context\":\"https:\\\/\\\/schema.org\",\"@graph\":[{\"@type\":\"Article\",\"@id\":\"https:\\\/\\\/proagrolab.com.ar\\\/crecida-del-parana-el-inta-presento-plan-de-contingencia\\\/#article\",\"isPartOf\":{\"@id\":\"https:\\\/\\\/proagrolab.com.ar\\\/crecida-del-parana-el-inta-presento-plan-de-contingencia\\\/\"},\"author\":{\"name\":\"proagrolab\",\"@id\":\"https:\\\/\\\/proagrolab.com.ar\\\/#\\\/schema\\\/person\\\/38003ff90bf80381f71c7d922d207444\"},\"headline\":\"Crecida del Paran\u00e1: el INTA present\u00f3 plan de contingencia.\",\"datePublished\":\"2014-07-07T00:00:01+00:00\",\"dateModified\":\"2020-07-01T19:19:59+00:00\",\"mainEntityOfPage\":{\"@id\":\"https:\\\/\\\/proagrolab.com.ar\\\/crecida-del-parana-el-inta-presento-plan-de-contingencia\\\/\"},\"wordCount\":712,\"publisher\":{\"@id\":\"https:\\\/\\\/proagrolab.com.ar\\\/#organization\"},\"image\":{\"@id\":\"https:\\\/\\\/proagrolab.com.ar\\\/crecida-del-parana-el-inta-presento-plan-de-contingencia\\\/#primaryimage\"},\"thumbnailUrl\":\"https:\\\/\\\/proagrolab.com.ar\\\/wp-content\\\/uploads\\\/2015\\\/01\\\/g_g99kwj9ub__Vacas-en-la-isla-2.jpg\",\"articleSection\":[\"News\"],\"inLanguage\":\"en-US\"},{\"@type\":\"WebPage\",\"@id\":\"https:\\\/\\\/proagrolab.com.ar\\\/crecida-del-parana-el-inta-presento-plan-de-contingencia\\\/\",\"url\":\"https:\\\/\\\/proagrolab.com.ar\\\/crecida-del-parana-el-inta-presento-plan-de-contingencia\\\/\",\"name\":\"Crecida del Paran\u00e1: el INTA present\u00f3 plan de contingencia. | Proagro\",\"isPartOf\":{\"@id\":\"https:\\\/\\\/proagrolab.com.ar\\\/#website\"},\"primaryImageOfPage\":{\"@id\":\"https:\\\/\\\/proagrolab.com.ar\\\/crecida-del-parana-el-inta-presento-plan-de-contingencia\\\/#primaryimage\"},\"image\":{\"@id\":\"https:\\\/\\\/proagrolab.com.ar\\\/crecida-del-parana-el-inta-presento-plan-de-contingencia\\\/#primaryimage\"},\"thumbnailUrl\":\"https:\\\/\\\/proagrolab.com.ar\\\/wp-content\\\/uploads\\\/2015\\\/01\\\/g_g99kwj9ub__Vacas-en-la-isla-2.jpg\",\"datePublished\":\"2014-07-07T00:00:01+00:00\",\"dateModified\":\"2020-07-01T19:19:59+00:00\",\"breadcrumb\":{\"@id\":\"https:\\\/\\\/proagrolab.com.ar\\\/crecida-del-parana-el-inta-presento-plan-de-contingencia\\\/#breadcrumb\"},\"inLanguage\":\"en-US\",\"potentialAction\":[{\"@type\":\"ReadAction\",\"target\":[\"https:\\\/\\\/proagrolab.com.ar\\\/crecida-del-parana-el-inta-presento-plan-de-contingencia\\\/\"]}]},{\"@type\":\"ImageObject\",\"inLanguage\":\"en-US\",\"@id\":\"https:\\\/\\\/proagrolab.com.ar\\\/crecida-del-parana-el-inta-presento-plan-de-contingencia\\\/#primaryimage\",\"url\":\"https:\\\/\\\/proagrolab.com.ar\\\/wp-content\\\/uploads\\\/2015\\\/01\\\/g_g99kwj9ub__Vacas-en-la-isla-2.jpg\",\"contentUrl\":\"https:\\\/\\\/proagrolab.com.ar\\\/wp-content\\\/uploads\\\/2015\\\/01\\\/g_g99kwj9ub__Vacas-en-la-isla-2.jpg\",\"width\":450,\"height\":208},{\"@type\":\"BreadcrumbList\",\"@id\":\"https:\\\/\\\/proagrolab.com.ar\\\/crecida-del-parana-el-inta-presento-plan-de-contingencia\\\/#breadcrumb\",\"itemListElement\":[{\"@type\":\"ListItem\",\"position\":1,\"name\":\"Portada\",\"item\":\"https:\\\/\\\/proagrolab.com.ar\\\/\"},{\"@type\":\"ListItem\",\"position\":2,\"name\":\"Crecida del Paran\u00e1: el INTA present\u00f3 plan de contingencia.\"}]},{\"@type\":\"WebSite\",\"@id\":\"https:\\\/\\\/proagrolab.com.ar\\\/#website\",\"url\":\"https:\\\/\\\/proagrolab.com.ar\\\/\",\"name\":\"Proagro Laboratorio Veterinario\",\"description\":\"Veterinary laboratory\",\"publisher\":{\"@id\":\"https:\\\/\\\/proagrolab.com.ar\\\/#organization\"},\"potentialAction\":[{\"@type\":\"SearchAction\",\"target\":{\"@type\":\"EntryPoint\",\"urlTemplate\":\"https:\\\/\\\/proagrolab.com.ar\\\/?s={search_term_string}\"},\"query-input\":{\"@type\":\"PropertyValueSpecification\",\"valueRequired\":true,\"valueName\":\"search_term_string\"}}],\"inLanguage\":\"en-US\"},{\"@type\":\"Organization\",\"@id\":\"https:\\\/\\\/proagrolab.com.ar\\\/#organization\",\"name\":\"Proagro\",\"url\":\"https:\\\/\\\/proagrolab.com.ar\\\/\",\"logo\":{\"@type\":\"ImageObject\",\"inLanguage\":\"en-US\",\"@id\":\"https:\\\/\\\/proagrolab.com.ar\\\/#\\\/schema\\\/logo\\\/image\\\/\",\"url\":\"https:\\\/\\\/proagrolab.com.ar\\\/wp-content\\\/uploads\\\/2020\\\/04\\\/logo-retina.png\",\"contentUrl\":\"https:\\\/\\\/proagrolab.com.ar\\\/wp-content\\\/uploads\\\/2020\\\/04\\\/logo-retina.png\",\"width\":478,\"height\":120,\"caption\":\"Proagro\"},\"image\":{\"@id\":\"https:\\\/\\\/proagrolab.com.ar\\\/#\\\/schema\\\/logo\\\/image\\\/\"},\"sameAs\":[\"http:\\\/\\\/www.facebook.com\\\/proagrolab\",\"https:\\\/\\\/www.instagram.com\\\/proagrolab\\\/\",\"https:\\\/\\\/www.linkedin.com\\\/company\\\/laboratorio-proagro-s-a\\\/\"]},{\"@type\":\"Person\",\"@id\":\"https:\\\/\\\/proagrolab.com.ar\\\/#\\\/schema\\\/person\\\/38003ff90bf80381f71c7d922d207444\",\"name\":\"proagrolab\"}]}<\/script>\n<!-- \/ Yoast SEO plugin. -->","yoast_head_json":{"title":"Crecida del Paran\u00e1: el INTA present\u00f3 plan de contingencia. | Proagro","robots":{"index":"index","follow":"follow","max-snippet":"max-snippet:-1","max-image-preview":"max-image-preview:large","max-video-preview":"max-video-preview:-1"},"canonical":"https:\/\/proagrolab.com.ar\/en\/crecida-del-parana-el-inta-presento-plan-de-contingencia\/","og_locale":"en_US","og_type":"article","og_title":"Crecida del Paran\u00e1: el INTA present\u00f3 plan de contingencia. | Proagro","og_description":"La superficie de pastoreo anegada en las islas del Delta aument\u00f3 y el organismo relev\u00f3 necesidades de asistencia de los peque\u00f1os productores ante posibles evacuaciones de ganado. El comit\u00e9 de crisis h\u00eddrica \u0096conformado por representantes del Ministerio de Agricultura y Desarrollo Social, INTA, Senasa, Cruz Roja, Bomberos y asociaciones civiles locales junto al Municipio bonaerense de San Pedro\u0096 realiz\u00f3 un plan de contingencia que releva las necesidades y prioridades de los peque\u00f1os productores ante la crecida del r\u00edo Paran\u00e1. En este contexto, Carlos Casamiquela \u0096ministro de Agricultura, Ganader\u00eda y Pesca de la Naci\u00f3n\u0096 visit\u00f3 San Pedro y se interioriz\u00f3 sobre el Plan de contingencia quien destac\u00f3 la articulaci\u00f3n ante la problem\u00e1tica y el censo, lo que permite conocer el estado de situaci\u00f3n y prever la evacuaci\u00f3n. Y se puso a disposici\u00f3n \u0093para ofrecer colaboraci\u00f3n y responder a todas las necesidades de los productores para evitar, o reducir al m\u00e1ximo, las p\u00e9rdidas\u0094. Por su parte, Daniel Somma \u0096director del Centro Regional Buenos Aires Norte del INTA y coordinador de la emergencia h\u00eddrica\u0096 explic\u00f3 que \u0093la superficie de pastoreo anegada en las islas aument\u00f3\u0094 y agreg\u00f3 que \u0093los grandes productores ya comenzaron a evacuar, mientras que los peque\u00f1os esperan hasta \u00faltimo momento [&hellip;]","og_url":"https:\/\/proagrolab.com.ar\/crecida-del-parana-el-inta-presento-plan-de-contingencia\/","og_site_name":"Proagro","article_publisher":"http:\/\/www.facebook.com\/proagrolab","article_published_time":"2014-07-07T00:00:01+00:00","article_modified_time":"2020-07-01T19:19:59+00:00","og_image":[{"width":450,"height":208,"url":"https:\/\/proagrolab.com.ar\/wp-content\/uploads\/2015\/01\/g_g99kwj9ub__Vacas-en-la-isla-2.jpg","type":"image\/jpeg"}],"author":"proagrolab","twitter_card":"summary_large_image","twitter_misc":{"Written by":"proagrolab","Est. reading time":"4 minutes"},"schema":{"@context":"https:\/\/schema.org","@graph":[{"@type":"Article","@id":"https:\/\/proagrolab.com.ar\/crecida-del-parana-el-inta-presento-plan-de-contingencia\/#article","isPartOf":{"@id":"https:\/\/proagrolab.com.ar\/crecida-del-parana-el-inta-presento-plan-de-contingencia\/"},"author":{"name":"proagrolab","@id":"https:\/\/proagrolab.com.ar\/#\/schema\/person\/38003ff90bf80381f71c7d922d207444"},"headline":"Crecida del Paran\u00e1: el INTA present\u00f3 plan de contingencia.","datePublished":"2014-07-07T00:00:01+00:00","dateModified":"2020-07-01T19:19:59+00:00","mainEntityOfPage":{"@id":"https:\/\/proagrolab.com.ar\/crecida-del-parana-el-inta-presento-plan-de-contingencia\/"},"wordCount":712,"publisher":{"@id":"https:\/\/proagrolab.com.ar\/#organization"},"image":{"@id":"https:\/\/proagrolab.com.ar\/crecida-del-parana-el-inta-presento-plan-de-contingencia\/#primaryimage"},"thumbnailUrl":"https:\/\/proagrolab.com.ar\/wp-content\/uploads\/2015\/01\/g_g99kwj9ub__Vacas-en-la-isla-2.jpg","articleSection":["News"],"inLanguage":"en-US"},{"@type":"WebPage","@id":"https:\/\/proagrolab.com.ar\/crecida-del-parana-el-inta-presento-plan-de-contingencia\/","url":"https:\/\/proagrolab.com.ar\/crecida-del-parana-el-inta-presento-plan-de-contingencia\/","name":"Crecida del Paran\u00e1: el INTA present\u00f3 plan de contingencia. | Proagro","isPartOf":{"@id":"https:\/\/proagrolab.com.ar\/#website"},"primaryImageOfPage":{"@id":"https:\/\/proagrolab.com.ar\/crecida-del-parana-el-inta-presento-plan-de-contingencia\/#primaryimage"},"image":{"@id":"https:\/\/proagrolab.com.ar\/crecida-del-parana-el-inta-presento-plan-de-contingencia\/#primaryimage"},"thumbnailUrl":"https:\/\/proagrolab.com.ar\/wp-content\/uploads\/2015\/01\/g_g99kwj9ub__Vacas-en-la-isla-2.jpg","datePublished":"2014-07-07T00:00:01+00:00","dateModified":"2020-07-01T19:19:59+00:00","breadcrumb":{"@id":"https:\/\/proagrolab.com.ar\/crecida-del-parana-el-inta-presento-plan-de-contingencia\/#breadcrumb"},"inLanguage":"en-US","potentialAction":[{"@type":"ReadAction","target":["https:\/\/proagrolab.com.ar\/crecida-del-parana-el-inta-presento-plan-de-contingencia\/"]}]},{"@type":"ImageObject","inLanguage":"en-US","@id":"https:\/\/proagrolab.com.ar\/crecida-del-parana-el-inta-presento-plan-de-contingencia\/#primaryimage","url":"https:\/\/proagrolab.com.ar\/wp-content\/uploads\/2015\/01\/g_g99kwj9ub__Vacas-en-la-isla-2.jpg","contentUrl":"https:\/\/proagrolab.com.ar\/wp-content\/uploads\/2015\/01\/g_g99kwj9ub__Vacas-en-la-isla-2.jpg","width":450,"height":208},{"@type":"BreadcrumbList","@id":"https:\/\/proagrolab.com.ar\/crecida-del-parana-el-inta-presento-plan-de-contingencia\/#breadcrumb","itemListElement":[{"@type":"ListItem","position":1,"name":"Portada","item":"https:\/\/proagrolab.com.ar\/"},{"@type":"ListItem","position":2,"name":"Crecida del Paran\u00e1: el INTA present\u00f3 plan de contingencia."}]},{"@type":"WebSite","@id":"https:\/\/proagrolab.com.ar\/#website","url":"https:\/\/proagrolab.com.ar\/","name":"Proagro Laboratorio Veterinario","description":"Veterinary laboratory","publisher":{"@id":"https:\/\/proagrolab.com.ar\/#organization"},"potentialAction":[{"@type":"SearchAction","target":{"@type":"EntryPoint","urlTemplate":"https:\/\/proagrolab.com.ar\/?s={search_term_string}"},"query-input":{"@type":"PropertyValueSpecification","valueRequired":true,"valueName":"search_term_string"}}],"inLanguage":"en-US"},{"@type":"Organization","@id":"https:\/\/proagrolab.com.ar\/#organization","name":"Proagro","url":"https:\/\/proagrolab.com.ar\/","logo":{"@type":"ImageObject","inLanguage":"en-US","@id":"https:\/\/proagrolab.com.ar\/#\/schema\/logo\/image\/","url":"https:\/\/proagrolab.com.ar\/wp-content\/uploads\/2020\/04\/logo-retina.png","contentUrl":"https:\/\/proagrolab.com.ar\/wp-content\/uploads\/2020\/04\/logo-retina.png","width":478,"height":120,"caption":"Proagro"},"image":{"@id":"https:\/\/proagrolab.com.ar\/#\/schema\/logo\/image\/"},"sameAs":["http:\/\/www.facebook.com\/proagrolab","https:\/\/www.instagram.com\/proagrolab\/","https:\/\/www.linkedin.com\/company\/laboratorio-proagro-s-a\/"]},{"@type":"Person","@id":"https:\/\/proagrolab.com.ar\/#\/schema\/person\/38003ff90bf80381f71c7d922d207444","name":"proagrolab"}]}},"_links":{"self":[{"href":"https:\/\/proagrolab.com.ar\/en\/wp-json\/wp\/v2\/posts\/6214","targetHints":{"allow":["GET"]}}],"collection":[{"href":"https:\/\/proagrolab.com.ar\/en\/wp-json\/wp\/v2\/posts"}],"about":[{"href":"https:\/\/proagrolab.com.ar\/en\/wp-json\/wp\/v2\/types\/post"}],"author":[{"embeddable":true,"href":"https:\/\/proagrolab.com.ar\/en\/wp-json\/wp\/v2\/users\/2"}],"replies":[{"embeddable":true,"href":"https:\/\/proagrolab.com.ar\/en\/wp-json\/wp\/v2\/comments?post=6214"}],"version-history":[{"count":1,"href":"https:\/\/proagrolab.com.ar\/en\/wp-json\/wp\/v2\/posts\/6214\/revisions"}],"predecessor-version":[{"id":14409,"href":"https:\/\/proagrolab.com.ar\/en\/wp-json\/wp\/v2\/posts\/6214\/revisions\/14409"}],"wp:featuredmedia":[{"embeddable":true,"href":"https:\/\/proagrolab.com.ar\/en\/wp-json\/wp\/v2\/media\/2702"}],"wp:attachment":[{"href":"https:\/\/proagrolab.com.ar\/en\/wp-json\/wp\/v2\/media?parent=6214"}],"wp:term":[{"taxonomy":"category","embeddable":true,"href":"https:\/\/proagrolab.com.ar\/en\/wp-json\/wp\/v2\/categories?post=6214"},{"taxonomy":"post_tag","embeddable":true,"href":"https:\/\/proagrolab.com.ar\/en\/wp-json\/wp\/v2\/tags?post=6214"}],"curies":[{"name":"wp","href":"https:\/\/api.w.org\/{rel}","templated":true}]}}