{"id":6213,"date":"2014-07-07T00:00:01","date_gmt":"2014-07-07T00:00:01","guid":{"rendered":"https:\/\/proagrolab.com.ar\/uruguay-asiste-a-batalla-entre-ganaderos-y-frigorificos-con-amenaza-oficial-sobre-precios\/"},"modified":"2020-07-01T19:20:04","modified_gmt":"2020-07-01T19:20:04","slug":"uruguay-asiste-a-batalla-entre-ganaderos-y-frigorificos-con-amenaza-oficial-sobre-precios","status":"publish","type":"post","link":"https:\/\/proagrolab.com.ar\/en\/uruguay-asiste-a-batalla-entre-ganaderos-y-frigorificos-con-amenaza-oficial-sobre-precios\/","title":{"rendered":"Uruguay asiste a batalla entre ganaderos y frigor\u00edficos con amenaza oficial sobre precios."},"content":{"rendered":"<p class=\"qtranxs-available-languages-message qtranxs-available-languages-message-en\"> <\/p><p>Se espera que el gobierno uruguayo intervenga en el conflicto para controlar el precio de la hacienda.<\/p>\n<p>Por Nelson Fern\u00e1ndez.<\/p>\n<p>MONTEVIDEO. Los ganaderos han iniciado una ofensiva contra los frigor\u00edficos para conseguir una mejora en el precio de la hacienda y han obtenido el respaldo del gobierno, que viene amenazando p\u00fablicamente con diversas medidas, aunque en realidad las autoridades esperan que ambas partes lleguen a un acuerdo.<\/p>\n<p>El marco del conflicto es porque los ganaderos aseguran que los industriales han logrado un nivel de acuerdo para controlar la faena y de esa forma presionar el precio hacia abajo.<\/p>\n<p>Los empresarios frigor\u00edficos rechazan las acusaciones y preparan una ofensiva para los pr\u00f3ximos d\u00edas. Han estado callados hasta ahora.<\/p>\n<p>Las gremiales de ganaderos y los representantes de ruralistas en el Instituto Nacional de Carnes (INAC), sostienen que las estad\u00edsticas ilustran sobre una acci\u00f3n coordinada de frigor\u00edficos y que eso est\u00e1 desestimulando la producci\u00f3n del sector.<\/p>\n<p><i>Posibles acciones del gobierno<\/i><br \/>Mientras tanto, circulan versiones sobre posibles medidas de gobierno que el Poder Ejecutivo ya rechaz\u00f3 en sesiones de hace varios d\u00edas, pero que se toman como posibles acciones gubernamentales.<\/p>\n<p>En medio de gran confusi\u00f3n medi\u00e1tica, el presidente del INAC, Luis Alfredo Fratti, comenz\u00f3 a hablar sobre la posibilidad de fijar un &#8220;precio de referencia&#8221; para el ganado y la discusi\u00f3n comenz\u00f3 a girar en torno a esa propuesta.<\/p>\n<p>Nadie explic\u00f3 qu\u00e9 funci\u00f3n tendr\u00eda dicha referencia. \u00bfSer\u00e1 un precio m\u00ednimo que los industriales deber\u00e1n pagarle a los ganaderos? Fuentes del gobierno aseguran que eso no es posible, que viola la legislaci\u00f3n sobre competencia y que adem\u00e1s, va contra la pol\u00edtica econ\u00f3mica que ha puesto acento en no fijar administrativamente precios de mercado.<\/p>\n<p>Pero el propio gobierno habilita ese espiral de confusi\u00f3n, porque el presidente Jos\u00e9 Mujica quiere presionar a la industria, para que &#8220;afloje&#8221; en su &#8220;estrategia&#8221; y pague m\u00e1s por el ganado.<\/p>\n<p>Entre las medidas con las que se ha amenazado, se encuentra la de hacer devoluci\u00f3n de impuestos a la exportaci\u00f3n de ganado en pie. Eso fue propuesto por el ministro de Ganader\u00eda, Tabar\u00e9 Aguerre en el Consejo de Ministros del 16 de junio. Fue cuando el ministro de Econom\u00eda, Mario Bergara, y el Prosecretario de Presidencia (&#8220;jefe de gabinete&#8221;) Diego C\u00e1nepa, respondieron que eso no est\u00e1 en la consideraci\u00f3n. El gobierno no quiere &#8220;toquetear&#8221; un r\u00e9gimen que acaba de cambiar, y no est\u00e1 en l\u00ednea con estimular con impuestos la exportaci\u00f3n sin valor agregado.<\/p>\n<p>Los frigor\u00edficos dicen que &#8220;la cancha est\u00e1 flechada&#8221;. El presidente del INAC, Fratti (como delegado del Ministerio de Ganader\u00eda) es productor ganadero en Cerro Largo; y el vicepresidente, Fernando P\u00e9rez Abella (delegado del Ministerio de Industria) es productor en Flores.<\/p>\n<p>La Comisi\u00f3n de Promoci\u00f3n y Defensa de la Competencia abri\u00f3 una investigaci\u00f3n para saber si es cierto que los frigor\u00edficos se ponen de acuerdo para faenar menos y deprimir el precio de la hacienda.<\/p>\n<p>Mujica ha defendido a los ganaderos en sus audiciones de radio y adhiere a la l\u00ednea argumental de los ruralistas. &#8220;Si se caen los precios, las se\u00f1ales que recoge el criador son negativas, proceder\u00e1 a un ajuste y trabajar\u00e1 en procrear menos terneros, y seguramente se deshaga de parte del rodeo, va a vender vacas servidas (pre\u00f1adas) y no har\u00e1 esfuerzos para que cumplan el ciclo de ser madres&#8221;, dijo el presidente.<\/p>\n<p>El INAC inform\u00f3 que el precio pagado por la hacienda fue en mayo de 835 d\u00f3lares por cabeza, mientras el valor que pueden obtener de la venta (entre exportaci\u00f3n y plaza interna) es de US$ 1.225. Y quieren achicar ese margen.<\/p>\n<p>En tanto, en Econom\u00eda preocupa el control de la inflaci\u00f3n y se teme que esto repercuta en suba de precio al consumidor. La disputa lleva meses y tiende a prolongarse.<\/p>\n<p>Fuente: La Naci\u00f3n, 6 de julio.<br \/><\/p>","protected":false},"excerpt":{"rendered":"<p>Se espera que el gobierno uruguayo intervenga en el conflicto para controlar el precio de la hacienda. Por Nelson Fern\u00e1ndez. MONTEVIDEO. Los ganaderos han iniciado una ofensiva contra los frigor\u00edficos para conseguir una mejora en el precio de la hacienda y han obtenido el respaldo del gobierno, que viene amenazando p\u00fablicamente con diversas medidas, aunque en realidad las autoridades esperan que ambas partes lleguen a un acuerdo. El marco del conflicto es porque los ganaderos aseguran que los industriales han logrado un nivel de acuerdo para controlar la faena y de esa forma presionar el precio hacia abajo. Los empresarios frigor\u00edficos rechazan las acusaciones y preparan una ofensiva para los pr\u00f3ximos d\u00edas. Han estado callados hasta ahora. Las gremiales de ganaderos y los representantes de ruralistas en el Instituto Nacional de Carnes (INAC), sostienen que las estad\u00edsticas ilustran sobre una acci\u00f3n coordinada de frigor\u00edficos y que eso est\u00e1 desestimulando la producci\u00f3n del sector. Posibles acciones del gobiernoMientras tanto, circulan versiones sobre posibles medidas de gobierno que el Poder Ejecutivo ya rechaz\u00f3 en sesiones de hace varios d\u00edas, pero que se toman como posibles acciones gubernamentales. En medio de gran confusi\u00f3n medi\u00e1tica, el presidente del INAC, Luis Alfredo Fratti, comenz\u00f3 a [&hellip;]<\/p>\n","protected":false},"author":2,"featured_media":2701,"comment_status":"closed","ping_status":"open","sticky":false,"template":"","format":"standard","meta":{"_acf_changed":false,"footnotes":""},"categories":[56],"tags":[],"class_list":["post-6213","post","type-post","status-publish","format-standard","has-post-thumbnail","hentry","category-infoganadero"],"acf":[],"yoast_head":"<!-- This site is optimized with the Yoast SEO plugin v27.4 - https:\/\/yoast.com\/product\/yoast-seo-wordpress\/ -->\n<title>Uruguay asiste a batalla entre ganaderos y frigor\u00edficos con amenaza oficial sobre precios. | Proagro<\/title>\n<meta name=\"robots\" content=\"index, follow, max-snippet:-1, max-image-preview:large, max-video-preview:-1\" \/>\n<link rel=\"canonical\" href=\"https:\/\/proagrolab.com.ar\/en\/uruguay-asiste-a-batalla-entre-ganaderos-y-frigorificos-con-amenaza-oficial-sobre-precios\/\" \/>\n<meta property=\"og:locale\" content=\"en_US\" \/>\n<meta property=\"og:type\" content=\"article\" \/>\n<meta property=\"og:title\" content=\"Uruguay asiste a batalla entre ganaderos y frigor\u00edficos con amenaza oficial sobre precios. | Proagro\" \/>\n<meta property=\"og:description\" content=\"Se espera que el gobierno uruguayo intervenga en el conflicto para controlar el precio de la hacienda. Por Nelson Fern\u00e1ndez. MONTEVIDEO. Los ganaderos han iniciado una ofensiva contra los frigor\u00edficos para conseguir una mejora en el precio de la hacienda y han obtenido el respaldo del gobierno, que viene amenazando p\u00fablicamente con diversas medidas, aunque en realidad las autoridades esperan que ambas partes lleguen a un acuerdo. El marco del conflicto es porque los ganaderos aseguran que los industriales han logrado un nivel de acuerdo para controlar la faena y de esa forma presionar el precio hacia abajo. Los empresarios frigor\u00edficos rechazan las acusaciones y preparan una ofensiva para los pr\u00f3ximos d\u00edas. Han estado callados hasta ahora. Las gremiales de ganaderos y los representantes de ruralistas en el Instituto Nacional de Carnes (INAC), sostienen que las estad\u00edsticas ilustran sobre una acci\u00f3n coordinada de frigor\u00edficos y que eso est\u00e1 desestimulando la producci\u00f3n del sector. Posibles acciones del gobiernoMientras tanto, circulan versiones sobre posibles medidas de gobierno que el Poder Ejecutivo ya rechaz\u00f3 en sesiones de hace varios d\u00edas, pero que se toman como posibles acciones gubernamentales. En medio de gran confusi\u00f3n medi\u00e1tica, el presidente del INAC, Luis Alfredo Fratti, comenz\u00f3 a [&hellip;]\" \/>\n<meta property=\"og:url\" content=\"https:\/\/proagrolab.com.ar\/uruguay-asiste-a-batalla-entre-ganaderos-y-frigorificos-con-amenaza-oficial-sobre-precios\/\" \/>\n<meta property=\"og:site_name\" content=\"Proagro\" \/>\n<meta property=\"article:publisher\" content=\"http:\/\/www.facebook.com\/proagrolab\" \/>\n<meta property=\"article:published_time\" content=\"2014-07-07T00:00:01+00:00\" \/>\n<meta property=\"article:modified_time\" content=\"2020-07-01T19:20:04+00:00\" \/>\n<meta property=\"og:image\" content=\"https:\/\/proagrolab.com.ar\/wp-content\/uploads\/2015\/01\/g_vco3xilsh__Vacas-2.jpg\" \/>\n\t<meta property=\"og:image:width\" content=\"450\" \/>\n\t<meta property=\"og:image:height\" content=\"208\" \/>\n\t<meta property=\"og:image:type\" content=\"image\/jpeg\" \/>\n<meta name=\"author\" content=\"proagrolab\" \/>\n<meta name=\"twitter:card\" content=\"summary_large_image\" \/>\n<meta name=\"twitter:label1\" content=\"Written by\" \/>\n\t<meta name=\"twitter:data1\" content=\"proagrolab\" \/>\n\t<meta name=\"twitter:label2\" content=\"Est. reading time\" \/>\n\t<meta name=\"twitter:data2\" content=\"3 minutes\" \/>\n<script type=\"application\/ld+json\" class=\"yoast-schema-graph\">{\"@context\":\"https:\\\/\\\/schema.org\",\"@graph\":[{\"@type\":\"Article\",\"@id\":\"https:\\\/\\\/proagrolab.com.ar\\\/uruguay-asiste-a-batalla-entre-ganaderos-y-frigorificos-con-amenaza-oficial-sobre-precios\\\/#article\",\"isPartOf\":{\"@id\":\"https:\\\/\\\/proagrolab.com.ar\\\/uruguay-asiste-a-batalla-entre-ganaderos-y-frigorificos-con-amenaza-oficial-sobre-precios\\\/\"},\"author\":{\"name\":\"proagrolab\",\"@id\":\"https:\\\/\\\/proagrolab.com.ar\\\/#\\\/schema\\\/person\\\/38003ff90bf80381f71c7d922d207444\"},\"headline\":\"Uruguay asiste a batalla entre ganaderos y frigor\u00edficos con amenaza oficial sobre precios.\",\"datePublished\":\"2014-07-07T00:00:01+00:00\",\"dateModified\":\"2020-07-01T19:20:04+00:00\",\"mainEntityOfPage\":{\"@id\":\"https:\\\/\\\/proagrolab.com.ar\\\/uruguay-asiste-a-batalla-entre-ganaderos-y-frigorificos-con-amenaza-oficial-sobre-precios\\\/\"},\"wordCount\":684,\"publisher\":{\"@id\":\"https:\\\/\\\/proagrolab.com.ar\\\/#organization\"},\"image\":{\"@id\":\"https:\\\/\\\/proagrolab.com.ar\\\/uruguay-asiste-a-batalla-entre-ganaderos-y-frigorificos-con-amenaza-oficial-sobre-precios\\\/#primaryimage\"},\"thumbnailUrl\":\"https:\\\/\\\/proagrolab.com.ar\\\/wp-content\\\/uploads\\\/2015\\\/01\\\/g_vco3xilsh__Vacas-2.jpg\",\"articleSection\":[\"News\"],\"inLanguage\":\"en-US\"},{\"@type\":\"WebPage\",\"@id\":\"https:\\\/\\\/proagrolab.com.ar\\\/uruguay-asiste-a-batalla-entre-ganaderos-y-frigorificos-con-amenaza-oficial-sobre-precios\\\/\",\"url\":\"https:\\\/\\\/proagrolab.com.ar\\\/uruguay-asiste-a-batalla-entre-ganaderos-y-frigorificos-con-amenaza-oficial-sobre-precios\\\/\",\"name\":\"Uruguay asiste a batalla entre ganaderos y frigor\u00edficos con amenaza oficial sobre precios. | Proagro\",\"isPartOf\":{\"@id\":\"https:\\\/\\\/proagrolab.com.ar\\\/#website\"},\"primaryImageOfPage\":{\"@id\":\"https:\\\/\\\/proagrolab.com.ar\\\/uruguay-asiste-a-batalla-entre-ganaderos-y-frigorificos-con-amenaza-oficial-sobre-precios\\\/#primaryimage\"},\"image\":{\"@id\":\"https:\\\/\\\/proagrolab.com.ar\\\/uruguay-asiste-a-batalla-entre-ganaderos-y-frigorificos-con-amenaza-oficial-sobre-precios\\\/#primaryimage\"},\"thumbnailUrl\":\"https:\\\/\\\/proagrolab.com.ar\\\/wp-content\\\/uploads\\\/2015\\\/01\\\/g_vco3xilsh__Vacas-2.jpg\",\"datePublished\":\"2014-07-07T00:00:01+00:00\",\"dateModified\":\"2020-07-01T19:20:04+00:00\",\"breadcrumb\":{\"@id\":\"https:\\\/\\\/proagrolab.com.ar\\\/uruguay-asiste-a-batalla-entre-ganaderos-y-frigorificos-con-amenaza-oficial-sobre-precios\\\/#breadcrumb\"},\"inLanguage\":\"en-US\",\"potentialAction\":[{\"@type\":\"ReadAction\",\"target\":[\"https:\\\/\\\/proagrolab.com.ar\\\/uruguay-asiste-a-batalla-entre-ganaderos-y-frigorificos-con-amenaza-oficial-sobre-precios\\\/\"]}]},{\"@type\":\"ImageObject\",\"inLanguage\":\"en-US\",\"@id\":\"https:\\\/\\\/proagrolab.com.ar\\\/uruguay-asiste-a-batalla-entre-ganaderos-y-frigorificos-con-amenaza-oficial-sobre-precios\\\/#primaryimage\",\"url\":\"https:\\\/\\\/proagrolab.com.ar\\\/wp-content\\\/uploads\\\/2015\\\/01\\\/g_vco3xilsh__Vacas-2.jpg\",\"contentUrl\":\"https:\\\/\\\/proagrolab.com.ar\\\/wp-content\\\/uploads\\\/2015\\\/01\\\/g_vco3xilsh__Vacas-2.jpg\",\"width\":450,\"height\":208},{\"@type\":\"BreadcrumbList\",\"@id\":\"https:\\\/\\\/proagrolab.com.ar\\\/uruguay-asiste-a-batalla-entre-ganaderos-y-frigorificos-con-amenaza-oficial-sobre-precios\\\/#breadcrumb\",\"itemListElement\":[{\"@type\":\"ListItem\",\"position\":1,\"name\":\"Portada\",\"item\":\"https:\\\/\\\/proagrolab.com.ar\\\/\"},{\"@type\":\"ListItem\",\"position\":2,\"name\":\"Uruguay asiste a batalla entre ganaderos y frigor\u00edficos con amenaza oficial sobre precios.\"}]},{\"@type\":\"WebSite\",\"@id\":\"https:\\\/\\\/proagrolab.com.ar\\\/#website\",\"url\":\"https:\\\/\\\/proagrolab.com.ar\\\/\",\"name\":\"Proagro Laboratorio Veterinario\",\"description\":\"Veterinary laboratory\",\"publisher\":{\"@id\":\"https:\\\/\\\/proagrolab.com.ar\\\/#organization\"},\"potentialAction\":[{\"@type\":\"SearchAction\",\"target\":{\"@type\":\"EntryPoint\",\"urlTemplate\":\"https:\\\/\\\/proagrolab.com.ar\\\/?s={search_term_string}\"},\"query-input\":{\"@type\":\"PropertyValueSpecification\",\"valueRequired\":true,\"valueName\":\"search_term_string\"}}],\"inLanguage\":\"en-US\"},{\"@type\":\"Organization\",\"@id\":\"https:\\\/\\\/proagrolab.com.ar\\\/#organization\",\"name\":\"Proagro\",\"url\":\"https:\\\/\\\/proagrolab.com.ar\\\/\",\"logo\":{\"@type\":\"ImageObject\",\"inLanguage\":\"en-US\",\"@id\":\"https:\\\/\\\/proagrolab.com.ar\\\/#\\\/schema\\\/logo\\\/image\\\/\",\"url\":\"https:\\\/\\\/proagrolab.com.ar\\\/wp-content\\\/uploads\\\/2020\\\/04\\\/logo-retina.png\",\"contentUrl\":\"https:\\\/\\\/proagrolab.com.ar\\\/wp-content\\\/uploads\\\/2020\\\/04\\\/logo-retina.png\",\"width\":478,\"height\":120,\"caption\":\"Proagro\"},\"image\":{\"@id\":\"https:\\\/\\\/proagrolab.com.ar\\\/#\\\/schema\\\/logo\\\/image\\\/\"},\"sameAs\":[\"http:\\\/\\\/www.facebook.com\\\/proagrolab\",\"https:\\\/\\\/www.instagram.com\\\/proagrolab\\\/\",\"https:\\\/\\\/www.linkedin.com\\\/company\\\/laboratorio-proagro-s-a\\\/\"]},{\"@type\":\"Person\",\"@id\":\"https:\\\/\\\/proagrolab.com.ar\\\/#\\\/schema\\\/person\\\/38003ff90bf80381f71c7d922d207444\",\"name\":\"proagrolab\"}]}<\/script>\n<!-- \/ Yoast SEO plugin. -->","yoast_head_json":{"title":"Uruguay asiste a batalla entre ganaderos y frigor\u00edficos con amenaza oficial sobre precios. | Proagro","robots":{"index":"index","follow":"follow","max-snippet":"max-snippet:-1","max-image-preview":"max-image-preview:large","max-video-preview":"max-video-preview:-1"},"canonical":"https:\/\/proagrolab.com.ar\/en\/uruguay-asiste-a-batalla-entre-ganaderos-y-frigorificos-con-amenaza-oficial-sobre-precios\/","og_locale":"en_US","og_type":"article","og_title":"Uruguay asiste a batalla entre ganaderos y frigor\u00edficos con amenaza oficial sobre precios. | Proagro","og_description":"Se espera que el gobierno uruguayo intervenga en el conflicto para controlar el precio de la hacienda. Por Nelson Fern\u00e1ndez. MONTEVIDEO. Los ganaderos han iniciado una ofensiva contra los frigor\u00edficos para conseguir una mejora en el precio de la hacienda y han obtenido el respaldo del gobierno, que viene amenazando p\u00fablicamente con diversas medidas, aunque en realidad las autoridades esperan que ambas partes lleguen a un acuerdo. El marco del conflicto es porque los ganaderos aseguran que los industriales han logrado un nivel de acuerdo para controlar la faena y de esa forma presionar el precio hacia abajo. Los empresarios frigor\u00edficos rechazan las acusaciones y preparan una ofensiva para los pr\u00f3ximos d\u00edas. Han estado callados hasta ahora. Las gremiales de ganaderos y los representantes de ruralistas en el Instituto Nacional de Carnes (INAC), sostienen que las estad\u00edsticas ilustran sobre una acci\u00f3n coordinada de frigor\u00edficos y que eso est\u00e1 desestimulando la producci\u00f3n del sector. Posibles acciones del gobiernoMientras tanto, circulan versiones sobre posibles medidas de gobierno que el Poder Ejecutivo ya rechaz\u00f3 en sesiones de hace varios d\u00edas, pero que se toman como posibles acciones gubernamentales. En medio de gran confusi\u00f3n medi\u00e1tica, el presidente del INAC, Luis Alfredo Fratti, comenz\u00f3 a [&hellip;]","og_url":"https:\/\/proagrolab.com.ar\/uruguay-asiste-a-batalla-entre-ganaderos-y-frigorificos-con-amenaza-oficial-sobre-precios\/","og_site_name":"Proagro","article_publisher":"http:\/\/www.facebook.com\/proagrolab","article_published_time":"2014-07-07T00:00:01+00:00","article_modified_time":"2020-07-01T19:20:04+00:00","og_image":[{"width":450,"height":208,"url":"https:\/\/proagrolab.com.ar\/wp-content\/uploads\/2015\/01\/g_vco3xilsh__Vacas-2.jpg","type":"image\/jpeg"}],"author":"proagrolab","twitter_card":"summary_large_image","twitter_misc":{"Written by":"proagrolab","Est. reading time":"3 minutes"},"schema":{"@context":"https:\/\/schema.org","@graph":[{"@type":"Article","@id":"https:\/\/proagrolab.com.ar\/uruguay-asiste-a-batalla-entre-ganaderos-y-frigorificos-con-amenaza-oficial-sobre-precios\/#article","isPartOf":{"@id":"https:\/\/proagrolab.com.ar\/uruguay-asiste-a-batalla-entre-ganaderos-y-frigorificos-con-amenaza-oficial-sobre-precios\/"},"author":{"name":"proagrolab","@id":"https:\/\/proagrolab.com.ar\/#\/schema\/person\/38003ff90bf80381f71c7d922d207444"},"headline":"Uruguay asiste a batalla entre ganaderos y frigor\u00edficos con amenaza oficial sobre precios.","datePublished":"2014-07-07T00:00:01+00:00","dateModified":"2020-07-01T19:20:04+00:00","mainEntityOfPage":{"@id":"https:\/\/proagrolab.com.ar\/uruguay-asiste-a-batalla-entre-ganaderos-y-frigorificos-con-amenaza-oficial-sobre-precios\/"},"wordCount":684,"publisher":{"@id":"https:\/\/proagrolab.com.ar\/#organization"},"image":{"@id":"https:\/\/proagrolab.com.ar\/uruguay-asiste-a-batalla-entre-ganaderos-y-frigorificos-con-amenaza-oficial-sobre-precios\/#primaryimage"},"thumbnailUrl":"https:\/\/proagrolab.com.ar\/wp-content\/uploads\/2015\/01\/g_vco3xilsh__Vacas-2.jpg","articleSection":["News"],"inLanguage":"en-US"},{"@type":"WebPage","@id":"https:\/\/proagrolab.com.ar\/uruguay-asiste-a-batalla-entre-ganaderos-y-frigorificos-con-amenaza-oficial-sobre-precios\/","url":"https:\/\/proagrolab.com.ar\/uruguay-asiste-a-batalla-entre-ganaderos-y-frigorificos-con-amenaza-oficial-sobre-precios\/","name":"Uruguay asiste a batalla entre ganaderos y frigor\u00edficos con amenaza oficial sobre precios. | Proagro","isPartOf":{"@id":"https:\/\/proagrolab.com.ar\/#website"},"primaryImageOfPage":{"@id":"https:\/\/proagrolab.com.ar\/uruguay-asiste-a-batalla-entre-ganaderos-y-frigorificos-con-amenaza-oficial-sobre-precios\/#primaryimage"},"image":{"@id":"https:\/\/proagrolab.com.ar\/uruguay-asiste-a-batalla-entre-ganaderos-y-frigorificos-con-amenaza-oficial-sobre-precios\/#primaryimage"},"thumbnailUrl":"https:\/\/proagrolab.com.ar\/wp-content\/uploads\/2015\/01\/g_vco3xilsh__Vacas-2.jpg","datePublished":"2014-07-07T00:00:01+00:00","dateModified":"2020-07-01T19:20:04+00:00","breadcrumb":{"@id":"https:\/\/proagrolab.com.ar\/uruguay-asiste-a-batalla-entre-ganaderos-y-frigorificos-con-amenaza-oficial-sobre-precios\/#breadcrumb"},"inLanguage":"en-US","potentialAction":[{"@type":"ReadAction","target":["https:\/\/proagrolab.com.ar\/uruguay-asiste-a-batalla-entre-ganaderos-y-frigorificos-con-amenaza-oficial-sobre-precios\/"]}]},{"@type":"ImageObject","inLanguage":"en-US","@id":"https:\/\/proagrolab.com.ar\/uruguay-asiste-a-batalla-entre-ganaderos-y-frigorificos-con-amenaza-oficial-sobre-precios\/#primaryimage","url":"https:\/\/proagrolab.com.ar\/wp-content\/uploads\/2015\/01\/g_vco3xilsh__Vacas-2.jpg","contentUrl":"https:\/\/proagrolab.com.ar\/wp-content\/uploads\/2015\/01\/g_vco3xilsh__Vacas-2.jpg","width":450,"height":208},{"@type":"BreadcrumbList","@id":"https:\/\/proagrolab.com.ar\/uruguay-asiste-a-batalla-entre-ganaderos-y-frigorificos-con-amenaza-oficial-sobre-precios\/#breadcrumb","itemListElement":[{"@type":"ListItem","position":1,"name":"Portada","item":"https:\/\/proagrolab.com.ar\/"},{"@type":"ListItem","position":2,"name":"Uruguay asiste a batalla entre ganaderos y frigor\u00edficos con amenaza oficial sobre precios."}]},{"@type":"WebSite","@id":"https:\/\/proagrolab.com.ar\/#website","url":"https:\/\/proagrolab.com.ar\/","name":"Proagro Laboratorio Veterinario","description":"Veterinary laboratory","publisher":{"@id":"https:\/\/proagrolab.com.ar\/#organization"},"potentialAction":[{"@type":"SearchAction","target":{"@type":"EntryPoint","urlTemplate":"https:\/\/proagrolab.com.ar\/?s={search_term_string}"},"query-input":{"@type":"PropertyValueSpecification","valueRequired":true,"valueName":"search_term_string"}}],"inLanguage":"en-US"},{"@type":"Organization","@id":"https:\/\/proagrolab.com.ar\/#organization","name":"Proagro","url":"https:\/\/proagrolab.com.ar\/","logo":{"@type":"ImageObject","inLanguage":"en-US","@id":"https:\/\/proagrolab.com.ar\/#\/schema\/logo\/image\/","url":"https:\/\/proagrolab.com.ar\/wp-content\/uploads\/2020\/04\/logo-retina.png","contentUrl":"https:\/\/proagrolab.com.ar\/wp-content\/uploads\/2020\/04\/logo-retina.png","width":478,"height":120,"caption":"Proagro"},"image":{"@id":"https:\/\/proagrolab.com.ar\/#\/schema\/logo\/image\/"},"sameAs":["http:\/\/www.facebook.com\/proagrolab","https:\/\/www.instagram.com\/proagrolab\/","https:\/\/www.linkedin.com\/company\/laboratorio-proagro-s-a\/"]},{"@type":"Person","@id":"https:\/\/proagrolab.com.ar\/#\/schema\/person\/38003ff90bf80381f71c7d922d207444","name":"proagrolab"}]}},"_links":{"self":[{"href":"https:\/\/proagrolab.com.ar\/en\/wp-json\/wp\/v2\/posts\/6213","targetHints":{"allow":["GET"]}}],"collection":[{"href":"https:\/\/proagrolab.com.ar\/en\/wp-json\/wp\/v2\/posts"}],"about":[{"href":"https:\/\/proagrolab.com.ar\/en\/wp-json\/wp\/v2\/types\/post"}],"author":[{"embeddable":true,"href":"https:\/\/proagrolab.com.ar\/en\/wp-json\/wp\/v2\/users\/2"}],"replies":[{"embeddable":true,"href":"https:\/\/proagrolab.com.ar\/en\/wp-json\/wp\/v2\/comments?post=6213"}],"version-history":[{"count":1,"href":"https:\/\/proagrolab.com.ar\/en\/wp-json\/wp\/v2\/posts\/6213\/revisions"}],"predecessor-version":[{"id":14410,"href":"https:\/\/proagrolab.com.ar\/en\/wp-json\/wp\/v2\/posts\/6213\/revisions\/14410"}],"wp:featuredmedia":[{"embeddable":true,"href":"https:\/\/proagrolab.com.ar\/en\/wp-json\/wp\/v2\/media\/2701"}],"wp:attachment":[{"href":"https:\/\/proagrolab.com.ar\/en\/wp-json\/wp\/v2\/media?parent=6213"}],"wp:term":[{"taxonomy":"category","embeddable":true,"href":"https:\/\/proagrolab.com.ar\/en\/wp-json\/wp\/v2\/categories?post=6213"},{"taxonomy":"post_tag","embeddable":true,"href":"https:\/\/proagrolab.com.ar\/en\/wp-json\/wp\/v2\/tags?post=6213"}],"curies":[{"name":"wp","href":"https:\/\/api.w.org\/{rel}","templated":true}]}}