{"id":6212,"date":"2014-07-07T00:00:01","date_gmt":"2014-07-07T00:00:01","guid":{"rendered":"https:\/\/proagrolab.com.ar\/produtores-de-leite-devem-se-adequar-a-regras-ate-2016\/"},"modified":"2020-07-01T19:20:08","modified_gmt":"2020-07-01T19:20:08","slug":"produtores-de-leite-devem-se-adequar-a-regras-ate-2016","status":"publish","type":"post","link":"https:\/\/proagrolab.com.ar\/en\/produtores-de-leite-devem-se-adequar-a-regras-ate-2016\/","title":{"rendered":"Produtores de leite devem se adequar a regras at\u00e9 2016."},"content":{"rendered":"<p class=\"qtranxs-available-languages-message qtranxs-available-languages-message-en\"> <\/p><p>Os produtores de leite das regi\u00f5es Centro-Oeste, Sudeste e Sul t\u00eam at\u00e9 2016 para se adequarem \u00e0s exig\u00eancias de qualidade da Instru\u00e7\u00e3o Normativa 62, que entrou em vigor nesta semana. Apesar da exist\u00eancia de programas para capacita\u00e7\u00e3o, segundo a Coordenadoria de Assist\u00eancia T\u00e9cnica Integral (Cati) da Secretaria de Agricultura de S\u00e3o Paulo, cerca de 40% dos produtores do estado ainda n\u00e3o est\u00e3o dentro dos novos padr\u00f5es &#8211; que focam os n\u00edveis da produ\u00e7\u00e3o leiteira na Europa.<\/p>\n<p>O produtor que cumpre as exig\u00eancias costuma receber mais pelo litro do produto, de acordo com a ind\u00fastria em que comercializa, at\u00e9 que se inviabilize a venda do leite fora dos padr\u00f5es do Minist\u00e9rio da Agricultura. Nos estados do Norte e Nordeste, onde a produ\u00e7\u00e3o \u00e9 menor, os produtores t\u00eam um ano a mais para adapta\u00e7\u00e3o, at\u00e9 2017.<\/p>\n<p>A regra veio para substituir a Instru\u00e7\u00e3o Normativa 51, cujo prazo para adapta\u00e7\u00e3o venceu em este ano, e muda os par\u00e2metros para a contagem bacteriana total (CBT) e a contagem de c\u00e9lulas som\u00e1ticas (CCS).<\/p>\n<p>&#8220;O alvo principal agora \u00e9 o consumidor. As mudan\u00e7as est\u00e3o em todos os itens que se referem \u00e0 qualidade, regras para ordenha, higieniza\u00e7\u00e3o e armazenamento. At\u00e9 o pequeno produtor, que faz a ordenha manual, pode se enquadrar. Creio que n\u00e3o ser\u00e1 mais necess\u00e1ria nenhuma mudan\u00e7a normativa, basta colocar em pr\u00e1tica&#8221;, diz o presidente da Leite Brasil, Jorge Rubez.<\/p>\n<p>O presidente da Comiss\u00e3o Nacional de Pecu\u00e1ria de Leite da Confedera\u00e7\u00e3o da Agricultura e Pecu\u00e1ria do Brasil (CNA), Rodrigo Alvim, afirma que a ideia \u00e9 chegar ao patamar dos produtos nativos da Uni\u00e3o Europeia. &#8220;A diferen\u00e7a \u00e9 que eles est\u00e3o com programas de qualidade h\u00e1 50 anos e a instru\u00e7\u00e3o 51 foi prevista apenas desde 2002&#8221;, enfatiza.<\/p>\n<p>Al\u00e9m disso, Alvim lembra que cerca de 80% dos produtores brasileiros v\u00eam da agricultura familiar, dificultando a padroniza\u00e7\u00e3o das atividades.<\/p>\n<p><i>Programas<br \/><\/i>O Estado de S\u00e3o Paulo conta com Cati o programa Microbacias para apoio e capacita\u00e7\u00e3o ao produtor, vinculados \u00e0 Secretaria de Agricultura e Pecu\u00e1ria.<\/p>\n<p>&#8220;Temos o projeto Cati Leite que contempla exatamente este segmento, com foco na agricultura familiar. S\u00e3o os pecuaristas que nos procuram e, atualmente, atendemos cerca de 1.500 propriedades&#8221;, diz o gerente t\u00e9cnico do Cati Leite, Carlos Pagani Netto.<\/p>\n<p>Segundo o especialista, alguns dos principais munic\u00edpios atendidos s\u00e3o Dracena, Ara\u00e7atuba e Campinas. Para a regi\u00e3o de Piracicaba foi destinado R$ 1 milh\u00e3o para a compra de equipamentos a cooperativas e produtores.<\/p>\n<p>Em Minas Gerais, maior estado produtor, Rodrigo Alvim destaca os treinamentos do Servi\u00e7o Nacional de Aprendizagem Rural (Senar) que contemplam cerca de 900 mil produtores.<\/p>\n<p>J\u00e1 o segundo estado mais representativo para o mercado de latic\u00ednios, Rio Grande do Sul, mant\u00e9m o programa Mais Leite, que d\u00e1 aux\u00edlio financeiro ao pecuarista atrav\u00e9s de um v\u00ednculo com o Programa Nacional de Fortalecimento da Agricultura Familiar (Pronaf) Mais Alimentos.<\/p>\n<p>&#8220;O produtor pode fazer a aquisi\u00e7\u00e3o de resfriadores e ordenhadeiras, por exemplo, atrav\u00e9s do Mais Alimentos e, no momento da ades\u00e3o ao programa, ele assina um termo para participa\u00e7\u00e3o no Mais Leite. Desta forma, o pecuarista consegue um reembolso de 1\/7 do valor financiado, com teto de R$ 10 mil&#8221;, explica o Coordenador da C\u00e2mara Setorial de Leite no RS e gestor do projeto, Jo\u00e3o Milton Cunha.<\/p>\n<p>DCI &#8211; Di\u00e1rio do Com\u00e9rcio &amp; Ind\u00fastria<br \/>Autor: Nayara Figueiredo<br \/><\/p>","protected":false},"excerpt":{"rendered":"<p>Os produtores de leite das regi\u00f5es Centro-Oeste, Sudeste e Sul t\u00eam at\u00e9 2016 para se adequarem \u00e0s exig\u00eancias de qualidade da Instru\u00e7\u00e3o Normativa 62, que entrou em vigor nesta semana. Apesar da exist\u00eancia de programas para capacita\u00e7\u00e3o, segundo a Coordenadoria de Assist\u00eancia T\u00e9cnica Integral (Cati) da Secretaria de Agricultura de S\u00e3o Paulo, cerca de 40% dos produtores do estado ainda n\u00e3o est\u00e3o dentro dos novos padr\u00f5es &#8211; que focam os n\u00edveis da produ\u00e7\u00e3o leiteira na Europa. O produtor que cumpre as exig\u00eancias costuma receber mais pelo litro do produto, de acordo com a ind\u00fastria em que comercializa, at\u00e9 que se inviabilize a venda do leite fora dos padr\u00f5es do Minist\u00e9rio da Agricultura. Nos estados do Norte e Nordeste, onde a produ\u00e7\u00e3o \u00e9 menor, os produtores t\u00eam um ano a mais para adapta\u00e7\u00e3o, at\u00e9 2017. A regra veio para substituir a Instru\u00e7\u00e3o Normativa 51, cujo prazo para adapta\u00e7\u00e3o venceu em este ano, e muda os par\u00e2metros para a contagem bacteriana total (CBT) e a contagem de c\u00e9lulas som\u00e1ticas (CCS). &#8220;O alvo principal agora \u00e9 o consumidor. As mudan\u00e7as est\u00e3o em todos os itens que se referem \u00e0 qualidade, regras para ordenha, higieniza\u00e7\u00e3o e armazenamento. At\u00e9 o pequeno produtor, que faz a [&hellip;]<\/p>\n","protected":false},"author":2,"featured_media":2700,"comment_status":"closed","ping_status":"open","sticky":false,"template":"","format":"standard","meta":{"_acf_changed":false,"footnotes":""},"categories":[56],"tags":[],"class_list":["post-6212","post","type-post","status-publish","format-standard","has-post-thumbnail","hentry","category-infoganadero"],"acf":[],"yoast_head":"<!-- This site is optimized with the Yoast SEO plugin v27.4 - https:\/\/yoast.com\/product\/yoast-seo-wordpress\/ -->\n<title>Produtores de leite devem se adequar a regras at\u00e9 2016. | Proagro<\/title>\n<meta name=\"robots\" content=\"index, follow, max-snippet:-1, max-image-preview:large, max-video-preview:-1\" \/>\n<link rel=\"canonical\" href=\"https:\/\/proagrolab.com.ar\/en\/produtores-de-leite-devem-se-adequar-a-regras-ate-2016\/\" \/>\n<meta property=\"og:locale\" content=\"en_US\" \/>\n<meta property=\"og:type\" content=\"article\" \/>\n<meta property=\"og:title\" content=\"Produtores de leite devem se adequar a regras at\u00e9 2016. | Proagro\" \/>\n<meta property=\"og:description\" content=\"Os produtores de leite das regi\u00f5es Centro-Oeste, Sudeste e Sul t\u00eam at\u00e9 2016 para se adequarem \u00e0s exig\u00eancias de qualidade da Instru\u00e7\u00e3o Normativa 62, que entrou em vigor nesta semana. Apesar da exist\u00eancia de programas para capacita\u00e7\u00e3o, segundo a Coordenadoria de Assist\u00eancia T\u00e9cnica Integral (Cati) da Secretaria de Agricultura de S\u00e3o Paulo, cerca de 40% dos produtores do estado ainda n\u00e3o est\u00e3o dentro dos novos padr\u00f5es &#8211; que focam os n\u00edveis da produ\u00e7\u00e3o leiteira na Europa. O produtor que cumpre as exig\u00eancias costuma receber mais pelo litro do produto, de acordo com a ind\u00fastria em que comercializa, at\u00e9 que se inviabilize a venda do leite fora dos padr\u00f5es do Minist\u00e9rio da Agricultura. Nos estados do Norte e Nordeste, onde a produ\u00e7\u00e3o \u00e9 menor, os produtores t\u00eam um ano a mais para adapta\u00e7\u00e3o, at\u00e9 2017. A regra veio para substituir a Instru\u00e7\u00e3o Normativa 51, cujo prazo para adapta\u00e7\u00e3o venceu em este ano, e muda os par\u00e2metros para a contagem bacteriana total (CBT) e a contagem de c\u00e9lulas som\u00e1ticas (CCS). &#8220;O alvo principal agora \u00e9 o consumidor. As mudan\u00e7as est\u00e3o em todos os itens que se referem \u00e0 qualidade, regras para ordenha, higieniza\u00e7\u00e3o e armazenamento. At\u00e9 o pequeno produtor, que faz a [&hellip;]\" \/>\n<meta property=\"og:url\" content=\"https:\/\/proagrolab.com.ar\/produtores-de-leite-devem-se-adequar-a-regras-ate-2016\/\" \/>\n<meta property=\"og:site_name\" content=\"Proagro\" \/>\n<meta property=\"article:publisher\" content=\"http:\/\/www.facebook.com\/proagrolab\" \/>\n<meta property=\"article:published_time\" content=\"2014-07-07T00:00:01+00:00\" \/>\n<meta property=\"article:modified_time\" content=\"2020-07-01T19:20:08+00:00\" \/>\n<meta property=\"og:image\" content=\"https:\/\/proagrolab.com.ar\/wp-content\/uploads\/2015\/01\/g_i0an3ykjw__Lecheras-6.jpg\" \/>\n\t<meta property=\"og:image:width\" content=\"522\" \/>\n\t<meta property=\"og:image:height\" content=\"311\" \/>\n\t<meta property=\"og:image:type\" content=\"image\/jpeg\" \/>\n<meta name=\"author\" content=\"proagrolab\" \/>\n<meta name=\"twitter:card\" content=\"summary_large_image\" \/>\n<meta name=\"twitter:label1\" content=\"Written by\" \/>\n\t<meta name=\"twitter:data1\" content=\"proagrolab\" \/>\n\t<meta name=\"twitter:label2\" content=\"Est. reading time\" \/>\n\t<meta name=\"twitter:data2\" content=\"3 minutes\" \/>\n<script type=\"application\/ld+json\" class=\"yoast-schema-graph\">{\"@context\":\"https:\\\/\\\/schema.org\",\"@graph\":[{\"@type\":\"Article\",\"@id\":\"https:\\\/\\\/proagrolab.com.ar\\\/produtores-de-leite-devem-se-adequar-a-regras-ate-2016\\\/#article\",\"isPartOf\":{\"@id\":\"https:\\\/\\\/proagrolab.com.ar\\\/produtores-de-leite-devem-se-adequar-a-regras-ate-2016\\\/\"},\"author\":{\"name\":\"proagrolab\",\"@id\":\"https:\\\/\\\/proagrolab.com.ar\\\/#\\\/schema\\\/person\\\/38003ff90bf80381f71c7d922d207444\"},\"headline\":\"Produtores de leite devem se adequar a regras at\u00e9 2016.\",\"datePublished\":\"2014-07-07T00:00:01+00:00\",\"dateModified\":\"2020-07-01T19:20:08+00:00\",\"mainEntityOfPage\":{\"@id\":\"https:\\\/\\\/proagrolab.com.ar\\\/produtores-de-leite-devem-se-adequar-a-regras-ate-2016\\\/\"},\"wordCount\":599,\"publisher\":{\"@id\":\"https:\\\/\\\/proagrolab.com.ar\\\/#organization\"},\"image\":{\"@id\":\"https:\\\/\\\/proagrolab.com.ar\\\/produtores-de-leite-devem-se-adequar-a-regras-ate-2016\\\/#primaryimage\"},\"thumbnailUrl\":\"https:\\\/\\\/proagrolab.com.ar\\\/wp-content\\\/uploads\\\/2015\\\/01\\\/g_i0an3ykjw__Lecheras-6.jpg\",\"articleSection\":[\"News\"],\"inLanguage\":\"en-US\"},{\"@type\":\"WebPage\",\"@id\":\"https:\\\/\\\/proagrolab.com.ar\\\/produtores-de-leite-devem-se-adequar-a-regras-ate-2016\\\/\",\"url\":\"https:\\\/\\\/proagrolab.com.ar\\\/produtores-de-leite-devem-se-adequar-a-regras-ate-2016\\\/\",\"name\":\"Produtores de leite devem se adequar a regras at\u00e9 2016. | Proagro\",\"isPartOf\":{\"@id\":\"https:\\\/\\\/proagrolab.com.ar\\\/#website\"},\"primaryImageOfPage\":{\"@id\":\"https:\\\/\\\/proagrolab.com.ar\\\/produtores-de-leite-devem-se-adequar-a-regras-ate-2016\\\/#primaryimage\"},\"image\":{\"@id\":\"https:\\\/\\\/proagrolab.com.ar\\\/produtores-de-leite-devem-se-adequar-a-regras-ate-2016\\\/#primaryimage\"},\"thumbnailUrl\":\"https:\\\/\\\/proagrolab.com.ar\\\/wp-content\\\/uploads\\\/2015\\\/01\\\/g_i0an3ykjw__Lecheras-6.jpg\",\"datePublished\":\"2014-07-07T00:00:01+00:00\",\"dateModified\":\"2020-07-01T19:20:08+00:00\",\"breadcrumb\":{\"@id\":\"https:\\\/\\\/proagrolab.com.ar\\\/produtores-de-leite-devem-se-adequar-a-regras-ate-2016\\\/#breadcrumb\"},\"inLanguage\":\"en-US\",\"potentialAction\":[{\"@type\":\"ReadAction\",\"target\":[\"https:\\\/\\\/proagrolab.com.ar\\\/produtores-de-leite-devem-se-adequar-a-regras-ate-2016\\\/\"]}]},{\"@type\":\"ImageObject\",\"inLanguage\":\"en-US\",\"@id\":\"https:\\\/\\\/proagrolab.com.ar\\\/produtores-de-leite-devem-se-adequar-a-regras-ate-2016\\\/#primaryimage\",\"url\":\"https:\\\/\\\/proagrolab.com.ar\\\/wp-content\\\/uploads\\\/2015\\\/01\\\/g_i0an3ykjw__Lecheras-6.jpg\",\"contentUrl\":\"https:\\\/\\\/proagrolab.com.ar\\\/wp-content\\\/uploads\\\/2015\\\/01\\\/g_i0an3ykjw__Lecheras-6.jpg\",\"width\":522,\"height\":311},{\"@type\":\"BreadcrumbList\",\"@id\":\"https:\\\/\\\/proagrolab.com.ar\\\/produtores-de-leite-devem-se-adequar-a-regras-ate-2016\\\/#breadcrumb\",\"itemListElement\":[{\"@type\":\"ListItem\",\"position\":1,\"name\":\"Portada\",\"item\":\"https:\\\/\\\/proagrolab.com.ar\\\/\"},{\"@type\":\"ListItem\",\"position\":2,\"name\":\"Produtores de leite devem se adequar a regras at\u00e9 2016.\"}]},{\"@type\":\"WebSite\",\"@id\":\"https:\\\/\\\/proagrolab.com.ar\\\/#website\",\"url\":\"https:\\\/\\\/proagrolab.com.ar\\\/\",\"name\":\"Proagro Laboratorio Veterinario\",\"description\":\"Veterinary laboratory\",\"publisher\":{\"@id\":\"https:\\\/\\\/proagrolab.com.ar\\\/#organization\"},\"potentialAction\":[{\"@type\":\"SearchAction\",\"target\":{\"@type\":\"EntryPoint\",\"urlTemplate\":\"https:\\\/\\\/proagrolab.com.ar\\\/?s={search_term_string}\"},\"query-input\":{\"@type\":\"PropertyValueSpecification\",\"valueRequired\":true,\"valueName\":\"search_term_string\"}}],\"inLanguage\":\"en-US\"},{\"@type\":\"Organization\",\"@id\":\"https:\\\/\\\/proagrolab.com.ar\\\/#organization\",\"name\":\"Proagro\",\"url\":\"https:\\\/\\\/proagrolab.com.ar\\\/\",\"logo\":{\"@type\":\"ImageObject\",\"inLanguage\":\"en-US\",\"@id\":\"https:\\\/\\\/proagrolab.com.ar\\\/#\\\/schema\\\/logo\\\/image\\\/\",\"url\":\"https:\\\/\\\/proagrolab.com.ar\\\/wp-content\\\/uploads\\\/2020\\\/04\\\/logo-retina.png\",\"contentUrl\":\"https:\\\/\\\/proagrolab.com.ar\\\/wp-content\\\/uploads\\\/2020\\\/04\\\/logo-retina.png\",\"width\":478,\"height\":120,\"caption\":\"Proagro\"},\"image\":{\"@id\":\"https:\\\/\\\/proagrolab.com.ar\\\/#\\\/schema\\\/logo\\\/image\\\/\"},\"sameAs\":[\"http:\\\/\\\/www.facebook.com\\\/proagrolab\",\"https:\\\/\\\/www.instagram.com\\\/proagrolab\\\/\",\"https:\\\/\\\/www.linkedin.com\\\/company\\\/laboratorio-proagro-s-a\\\/\"]},{\"@type\":\"Person\",\"@id\":\"https:\\\/\\\/proagrolab.com.ar\\\/#\\\/schema\\\/person\\\/38003ff90bf80381f71c7d922d207444\",\"name\":\"proagrolab\"}]}<\/script>\n<!-- \/ Yoast SEO plugin. -->","yoast_head_json":{"title":"Produtores de leite devem se adequar a regras at\u00e9 2016. | Proagro","robots":{"index":"index","follow":"follow","max-snippet":"max-snippet:-1","max-image-preview":"max-image-preview:large","max-video-preview":"max-video-preview:-1"},"canonical":"https:\/\/proagrolab.com.ar\/en\/produtores-de-leite-devem-se-adequar-a-regras-ate-2016\/","og_locale":"en_US","og_type":"article","og_title":"Produtores de leite devem se adequar a regras at\u00e9 2016. | Proagro","og_description":"Os produtores de leite das regi\u00f5es Centro-Oeste, Sudeste e Sul t\u00eam at\u00e9 2016 para se adequarem \u00e0s exig\u00eancias de qualidade da Instru\u00e7\u00e3o Normativa 62, que entrou em vigor nesta semana. Apesar da exist\u00eancia de programas para capacita\u00e7\u00e3o, segundo a Coordenadoria de Assist\u00eancia T\u00e9cnica Integral (Cati) da Secretaria de Agricultura de S\u00e3o Paulo, cerca de 40% dos produtores do estado ainda n\u00e3o est\u00e3o dentro dos novos padr\u00f5es &#8211; que focam os n\u00edveis da produ\u00e7\u00e3o leiteira na Europa. O produtor que cumpre as exig\u00eancias costuma receber mais pelo litro do produto, de acordo com a ind\u00fastria em que comercializa, at\u00e9 que se inviabilize a venda do leite fora dos padr\u00f5es do Minist\u00e9rio da Agricultura. Nos estados do Norte e Nordeste, onde a produ\u00e7\u00e3o \u00e9 menor, os produtores t\u00eam um ano a mais para adapta\u00e7\u00e3o, at\u00e9 2017. A regra veio para substituir a Instru\u00e7\u00e3o Normativa 51, cujo prazo para adapta\u00e7\u00e3o venceu em este ano, e muda os par\u00e2metros para a contagem bacteriana total (CBT) e a contagem de c\u00e9lulas som\u00e1ticas (CCS). &#8220;O alvo principal agora \u00e9 o consumidor. As mudan\u00e7as est\u00e3o em todos os itens que se referem \u00e0 qualidade, regras para ordenha, higieniza\u00e7\u00e3o e armazenamento. At\u00e9 o pequeno produtor, que faz a [&hellip;]","og_url":"https:\/\/proagrolab.com.ar\/produtores-de-leite-devem-se-adequar-a-regras-ate-2016\/","og_site_name":"Proagro","article_publisher":"http:\/\/www.facebook.com\/proagrolab","article_published_time":"2014-07-07T00:00:01+00:00","article_modified_time":"2020-07-01T19:20:08+00:00","og_image":[{"width":522,"height":311,"url":"https:\/\/proagrolab.com.ar\/wp-content\/uploads\/2015\/01\/g_i0an3ykjw__Lecheras-6.jpg","type":"image\/jpeg"}],"author":"proagrolab","twitter_card":"summary_large_image","twitter_misc":{"Written by":"proagrolab","Est. reading time":"3 minutes"},"schema":{"@context":"https:\/\/schema.org","@graph":[{"@type":"Article","@id":"https:\/\/proagrolab.com.ar\/produtores-de-leite-devem-se-adequar-a-regras-ate-2016\/#article","isPartOf":{"@id":"https:\/\/proagrolab.com.ar\/produtores-de-leite-devem-se-adequar-a-regras-ate-2016\/"},"author":{"name":"proagrolab","@id":"https:\/\/proagrolab.com.ar\/#\/schema\/person\/38003ff90bf80381f71c7d922d207444"},"headline":"Produtores de leite devem se adequar a regras at\u00e9 2016.","datePublished":"2014-07-07T00:00:01+00:00","dateModified":"2020-07-01T19:20:08+00:00","mainEntityOfPage":{"@id":"https:\/\/proagrolab.com.ar\/produtores-de-leite-devem-se-adequar-a-regras-ate-2016\/"},"wordCount":599,"publisher":{"@id":"https:\/\/proagrolab.com.ar\/#organization"},"image":{"@id":"https:\/\/proagrolab.com.ar\/produtores-de-leite-devem-se-adequar-a-regras-ate-2016\/#primaryimage"},"thumbnailUrl":"https:\/\/proagrolab.com.ar\/wp-content\/uploads\/2015\/01\/g_i0an3ykjw__Lecheras-6.jpg","articleSection":["News"],"inLanguage":"en-US"},{"@type":"WebPage","@id":"https:\/\/proagrolab.com.ar\/produtores-de-leite-devem-se-adequar-a-regras-ate-2016\/","url":"https:\/\/proagrolab.com.ar\/produtores-de-leite-devem-se-adequar-a-regras-ate-2016\/","name":"Produtores de leite devem se adequar a regras at\u00e9 2016. | Proagro","isPartOf":{"@id":"https:\/\/proagrolab.com.ar\/#website"},"primaryImageOfPage":{"@id":"https:\/\/proagrolab.com.ar\/produtores-de-leite-devem-se-adequar-a-regras-ate-2016\/#primaryimage"},"image":{"@id":"https:\/\/proagrolab.com.ar\/produtores-de-leite-devem-se-adequar-a-regras-ate-2016\/#primaryimage"},"thumbnailUrl":"https:\/\/proagrolab.com.ar\/wp-content\/uploads\/2015\/01\/g_i0an3ykjw__Lecheras-6.jpg","datePublished":"2014-07-07T00:00:01+00:00","dateModified":"2020-07-01T19:20:08+00:00","breadcrumb":{"@id":"https:\/\/proagrolab.com.ar\/produtores-de-leite-devem-se-adequar-a-regras-ate-2016\/#breadcrumb"},"inLanguage":"en-US","potentialAction":[{"@type":"ReadAction","target":["https:\/\/proagrolab.com.ar\/produtores-de-leite-devem-se-adequar-a-regras-ate-2016\/"]}]},{"@type":"ImageObject","inLanguage":"en-US","@id":"https:\/\/proagrolab.com.ar\/produtores-de-leite-devem-se-adequar-a-regras-ate-2016\/#primaryimage","url":"https:\/\/proagrolab.com.ar\/wp-content\/uploads\/2015\/01\/g_i0an3ykjw__Lecheras-6.jpg","contentUrl":"https:\/\/proagrolab.com.ar\/wp-content\/uploads\/2015\/01\/g_i0an3ykjw__Lecheras-6.jpg","width":522,"height":311},{"@type":"BreadcrumbList","@id":"https:\/\/proagrolab.com.ar\/produtores-de-leite-devem-se-adequar-a-regras-ate-2016\/#breadcrumb","itemListElement":[{"@type":"ListItem","position":1,"name":"Portada","item":"https:\/\/proagrolab.com.ar\/"},{"@type":"ListItem","position":2,"name":"Produtores de leite devem se adequar a regras at\u00e9 2016."}]},{"@type":"WebSite","@id":"https:\/\/proagrolab.com.ar\/#website","url":"https:\/\/proagrolab.com.ar\/","name":"Proagro Laboratorio Veterinario","description":"Veterinary laboratory","publisher":{"@id":"https:\/\/proagrolab.com.ar\/#organization"},"potentialAction":[{"@type":"SearchAction","target":{"@type":"EntryPoint","urlTemplate":"https:\/\/proagrolab.com.ar\/?s={search_term_string}"},"query-input":{"@type":"PropertyValueSpecification","valueRequired":true,"valueName":"search_term_string"}}],"inLanguage":"en-US"},{"@type":"Organization","@id":"https:\/\/proagrolab.com.ar\/#organization","name":"Proagro","url":"https:\/\/proagrolab.com.ar\/","logo":{"@type":"ImageObject","inLanguage":"en-US","@id":"https:\/\/proagrolab.com.ar\/#\/schema\/logo\/image\/","url":"https:\/\/proagrolab.com.ar\/wp-content\/uploads\/2020\/04\/logo-retina.png","contentUrl":"https:\/\/proagrolab.com.ar\/wp-content\/uploads\/2020\/04\/logo-retina.png","width":478,"height":120,"caption":"Proagro"},"image":{"@id":"https:\/\/proagrolab.com.ar\/#\/schema\/logo\/image\/"},"sameAs":["http:\/\/www.facebook.com\/proagrolab","https:\/\/www.instagram.com\/proagrolab\/","https:\/\/www.linkedin.com\/company\/laboratorio-proagro-s-a\/"]},{"@type":"Person","@id":"https:\/\/proagrolab.com.ar\/#\/schema\/person\/38003ff90bf80381f71c7d922d207444","name":"proagrolab"}]}},"_links":{"self":[{"href":"https:\/\/proagrolab.com.ar\/en\/wp-json\/wp\/v2\/posts\/6212","targetHints":{"allow":["GET"]}}],"collection":[{"href":"https:\/\/proagrolab.com.ar\/en\/wp-json\/wp\/v2\/posts"}],"about":[{"href":"https:\/\/proagrolab.com.ar\/en\/wp-json\/wp\/v2\/types\/post"}],"author":[{"embeddable":true,"href":"https:\/\/proagrolab.com.ar\/en\/wp-json\/wp\/v2\/users\/2"}],"replies":[{"embeddable":true,"href":"https:\/\/proagrolab.com.ar\/en\/wp-json\/wp\/v2\/comments?post=6212"}],"version-history":[{"count":1,"href":"https:\/\/proagrolab.com.ar\/en\/wp-json\/wp\/v2\/posts\/6212\/revisions"}],"predecessor-version":[{"id":14411,"href":"https:\/\/proagrolab.com.ar\/en\/wp-json\/wp\/v2\/posts\/6212\/revisions\/14411"}],"wp:featuredmedia":[{"embeddable":true,"href":"https:\/\/proagrolab.com.ar\/en\/wp-json\/wp\/v2\/media\/2700"}],"wp:attachment":[{"href":"https:\/\/proagrolab.com.ar\/en\/wp-json\/wp\/v2\/media?parent=6212"}],"wp:term":[{"taxonomy":"category","embeddable":true,"href":"https:\/\/proagrolab.com.ar\/en\/wp-json\/wp\/v2\/categories?post=6212"},{"taxonomy":"post_tag","embeddable":true,"href":"https:\/\/proagrolab.com.ar\/en\/wp-json\/wp\/v2\/tags?post=6212"}],"curies":[{"name":"wp","href":"https:\/\/api.w.org\/{rel}","templated":true}]}}