{"id":6205,"date":"2014-07-04T00:00:01","date_gmt":"2014-07-04T00:00:01","guid":{"rendered":"https:\/\/proagrolab.com.ar\/los-precios-de-los-lacteos-podrian-recuperarse-en-6-meses\/"},"modified":"2020-07-01T19:19:26","modified_gmt":"2020-07-01T19:19:26","slug":"los-precios-de-los-lacteos-podrian-recuperarse-en-6-meses","status":"publish","type":"post","link":"https:\/\/proagrolab.com.ar\/en\/los-precios-de-los-lacteos-podrian-recuperarse-en-6-meses\/","title":{"rendered":"Los precios de los l\u00e1cteos podr\u00edan recuperarse en 6 meses."},"content":{"rendered":"<p class=\"qtranxs-available-languages-message qtranxs-available-languages-message-en\"> <\/p><p>La mejora de la producci\u00f3n en las regiones de exportaci\u00f3n y las menores compras a t\u00e9rmino de China justifican las ca\u00eddas de hasta 20% en el precio.<\/p>\n<p>Como era de esperar, los precios mundiales de los productos l\u00e1cteos se suavizaron considerablemente durante el segundo trimestre del a\u00f1o, con ca\u00eddas de entre el 10% y 20%. El motivo del descenso es la mejora de la producci\u00f3n de leche en las regiones de exportaci\u00f3n y la disminuci\u00f3n de las compras a t\u00e9rmino por parte de China, de acuerdo con el \u00faltimo informe de Rabobank.<\/p>\n<p>Se espera que la producci\u00f3n de leche se desacelere considerablemente en el segundo semestre de 2014, como consecuencia de los peores precios. Tambi\u00e9n se prev\u00e9 que el consumo en las regiones exportadoras mejore lentamente debido al aumento de los ingresos de los consumidores, el crecimiento del empleo y la ca\u00edda de los precios minoristas. Esta mejora en la demanda podr\u00eda conducir a una mejora de los precios a finales de 2014 y principio de 2015.<\/p>\n<p><i>La situaci\u00f3n esas regiones es la siguiente:<\/i><br \/>-Uni\u00f3n Europea: 2014 ha sido testigo de un extraordinario aumento en la producci\u00f3n de leche de la UE. Los m\u00e1rgenes han sido lo suficientemente altos para que muchos ganaderos hayan optado por producir por encima de la cuota (+5,6% en el segundo trimestre de 2014 con respecto al mismo trimestre de 2013). Se espera que el crecimiento de la producci\u00f3n contin\u00fae superando el consumo en el mercado interno.<\/p>\n<p>-Estados Unidos: los precios en el pa\u00eds se han reducido considerablemente menos que en el mercado internacional. No obstante, se espera una ca\u00edda mayor en el segundo semestre, como consecuencia de menores exportaciones y un mayor aumento de la producci\u00f3n interna de leche.<\/p>\n<p>-Nueva Zelanda: la producci\u00f3n de Nueva Zelanda ha sido un 17,5% m\u00e1s elevada que en la campa\u00f1a anterior, que se vio afectada por la sequ\u00eda. Tambi\u00e9n se espera que aumenten las exportaciones durante el segundo y tercer trimestre de 2014.<\/p>\n<p>-Australia: balance positivo en 2014\/15 para la mayor\u00eda de las regiones lecheras, si bien, los tambos del sur se enfrentan a precios m\u00e1s bajos que en la campa\u00f1a anterior. <\/p>\n<p>V\u00eda: Infortambo, 3 de julio.<br \/><\/p>","protected":false},"excerpt":{"rendered":"<p>La mejora de la producci\u00f3n en las regiones de exportaci\u00f3n y las menores compras a t\u00e9rmino de China justifican las ca\u00eddas de hasta 20% en el precio. Como era de esperar, los precios mundiales de los productos l\u00e1cteos se suavizaron considerablemente durante el segundo trimestre del a\u00f1o, con ca\u00eddas de entre el 10% y 20%. El motivo del descenso es la mejora de la producci\u00f3n de leche en las regiones de exportaci\u00f3n y la disminuci\u00f3n de las compras a t\u00e9rmino por parte de China, de acuerdo con el \u00faltimo informe de Rabobank. Se espera que la producci\u00f3n de leche se desacelere considerablemente en el segundo semestre de 2014, como consecuencia de los peores precios. Tambi\u00e9n se prev\u00e9 que el consumo en las regiones exportadoras mejore lentamente debido al aumento de los ingresos de los consumidores, el crecimiento del empleo y la ca\u00edda de los precios minoristas. Esta mejora en la demanda podr\u00eda conducir a una mejora de los precios a finales de 2014 y principio de 2015. La situaci\u00f3n esas regiones es la siguiente:-Uni\u00f3n Europea: 2014 ha sido testigo de un extraordinario aumento en la producci\u00f3n de leche de la UE. Los m\u00e1rgenes han sido lo suficientemente altos para que [&hellip;]<\/p>\n","protected":false},"author":2,"featured_media":2693,"comment_status":"closed","ping_status":"open","sticky":false,"template":"","format":"standard","meta":{"_acf_changed":false,"footnotes":""},"categories":[56],"tags":[],"class_list":["post-6205","post","type-post","status-publish","format-standard","has-post-thumbnail","hentry","category-infoganadero"],"acf":[],"yoast_head":"<!-- This site is optimized with the Yoast SEO plugin v27.4 - https:\/\/yoast.com\/product\/yoast-seo-wordpress\/ -->\n<title>Los precios de los l\u00e1cteos podr\u00edan recuperarse en 6 meses. | Proagro<\/title>\n<meta name=\"robots\" content=\"index, follow, max-snippet:-1, max-image-preview:large, max-video-preview:-1\" \/>\n<link rel=\"canonical\" href=\"https:\/\/proagrolab.com.ar\/en\/los-precios-de-los-lacteos-podrian-recuperarse-en-6-meses\/\" \/>\n<meta property=\"og:locale\" content=\"en_US\" \/>\n<meta property=\"og:type\" content=\"article\" \/>\n<meta property=\"og:title\" content=\"Los precios de los l\u00e1cteos podr\u00edan recuperarse en 6 meses. | Proagro\" \/>\n<meta property=\"og:description\" content=\"La mejora de la producci\u00f3n en las regiones de exportaci\u00f3n y las menores compras a t\u00e9rmino de China justifican las ca\u00eddas de hasta 20% en el precio. Como era de esperar, los precios mundiales de los productos l\u00e1cteos se suavizaron considerablemente durante el segundo trimestre del a\u00f1o, con ca\u00eddas de entre el 10% y 20%. El motivo del descenso es la mejora de la producci\u00f3n de leche en las regiones de exportaci\u00f3n y la disminuci\u00f3n de las compras a t\u00e9rmino por parte de China, de acuerdo con el \u00faltimo informe de Rabobank. Se espera que la producci\u00f3n de leche se desacelere considerablemente en el segundo semestre de 2014, como consecuencia de los peores precios. Tambi\u00e9n se prev\u00e9 que el consumo en las regiones exportadoras mejore lentamente debido al aumento de los ingresos de los consumidores, el crecimiento del empleo y la ca\u00edda de los precios minoristas. Esta mejora en la demanda podr\u00eda conducir a una mejora de los precios a finales de 2014 y principio de 2015. La situaci\u00f3n esas regiones es la siguiente:-Uni\u00f3n Europea: 2014 ha sido testigo de un extraordinario aumento en la producci\u00f3n de leche de la UE. Los m\u00e1rgenes han sido lo suficientemente altos para que [&hellip;]\" \/>\n<meta property=\"og:url\" content=\"https:\/\/proagrolab.com.ar\/los-precios-de-los-lacteos-podrian-recuperarse-en-6-meses\/\" \/>\n<meta property=\"og:site_name\" content=\"Proagro\" \/>\n<meta property=\"article:publisher\" content=\"http:\/\/www.facebook.com\/proagrolab\" \/>\n<meta property=\"article:published_time\" content=\"2014-07-04T00:00:01+00:00\" \/>\n<meta property=\"article:modified_time\" content=\"2020-07-01T19:19:26+00:00\" \/>\n<meta property=\"og:image\" content=\"https:\/\/proagrolab.com.ar\/wp-content\/uploads\/2015\/01\/g_ft9qj9t9c__Lecheras-20.jpg\" \/>\n\t<meta property=\"og:image:width\" content=\"450\" \/>\n\t<meta property=\"og:image:height\" content=\"208\" \/>\n\t<meta property=\"og:image:type\" content=\"image\/jpeg\" \/>\n<meta name=\"author\" content=\"proagrolab\" \/>\n<meta name=\"twitter:card\" content=\"summary_large_image\" \/>\n<meta name=\"twitter:label1\" content=\"Written by\" \/>\n\t<meta name=\"twitter:data1\" content=\"proagrolab\" \/>\n\t<meta name=\"twitter:label2\" content=\"Est. reading time\" \/>\n\t<meta name=\"twitter:data2\" content=\"2 minutes\" \/>\n<script type=\"application\/ld+json\" class=\"yoast-schema-graph\">{\"@context\":\"https:\\\/\\\/schema.org\",\"@graph\":[{\"@type\":\"Article\",\"@id\":\"https:\\\/\\\/proagrolab.com.ar\\\/los-precios-de-los-lacteos-podrian-recuperarse-en-6-meses\\\/#article\",\"isPartOf\":{\"@id\":\"https:\\\/\\\/proagrolab.com.ar\\\/los-precios-de-los-lacteos-podrian-recuperarse-en-6-meses\\\/\"},\"author\":{\"name\":\"proagrolab\",\"@id\":\"https:\\\/\\\/proagrolab.com.ar\\\/#\\\/schema\\\/person\\\/38003ff90bf80381f71c7d922d207444\"},\"headline\":\"Los precios de los l\u00e1cteos podr\u00edan recuperarse en 6 meses.\",\"datePublished\":\"2014-07-04T00:00:01+00:00\",\"dateModified\":\"2020-07-01T19:19:26+00:00\",\"mainEntityOfPage\":{\"@id\":\"https:\\\/\\\/proagrolab.com.ar\\\/los-precios-de-los-lacteos-podrian-recuperarse-en-6-meses\\\/\"},\"wordCount\":389,\"publisher\":{\"@id\":\"https:\\\/\\\/proagrolab.com.ar\\\/#organization\"},\"image\":{\"@id\":\"https:\\\/\\\/proagrolab.com.ar\\\/los-precios-de-los-lacteos-podrian-recuperarse-en-6-meses\\\/#primaryimage\"},\"thumbnailUrl\":\"https:\\\/\\\/proagrolab.com.ar\\\/wp-content\\\/uploads\\\/2015\\\/01\\\/g_ft9qj9t9c__Lecheras-20.jpg\",\"articleSection\":[\"News\"],\"inLanguage\":\"en-US\"},{\"@type\":\"WebPage\",\"@id\":\"https:\\\/\\\/proagrolab.com.ar\\\/los-precios-de-los-lacteos-podrian-recuperarse-en-6-meses\\\/\",\"url\":\"https:\\\/\\\/proagrolab.com.ar\\\/los-precios-de-los-lacteos-podrian-recuperarse-en-6-meses\\\/\",\"name\":\"Los precios de los l\u00e1cteos podr\u00edan recuperarse en 6 meses. | Proagro\",\"isPartOf\":{\"@id\":\"https:\\\/\\\/proagrolab.com.ar\\\/#website\"},\"primaryImageOfPage\":{\"@id\":\"https:\\\/\\\/proagrolab.com.ar\\\/los-precios-de-los-lacteos-podrian-recuperarse-en-6-meses\\\/#primaryimage\"},\"image\":{\"@id\":\"https:\\\/\\\/proagrolab.com.ar\\\/los-precios-de-los-lacteos-podrian-recuperarse-en-6-meses\\\/#primaryimage\"},\"thumbnailUrl\":\"https:\\\/\\\/proagrolab.com.ar\\\/wp-content\\\/uploads\\\/2015\\\/01\\\/g_ft9qj9t9c__Lecheras-20.jpg\",\"datePublished\":\"2014-07-04T00:00:01+00:00\",\"dateModified\":\"2020-07-01T19:19:26+00:00\",\"breadcrumb\":{\"@id\":\"https:\\\/\\\/proagrolab.com.ar\\\/los-precios-de-los-lacteos-podrian-recuperarse-en-6-meses\\\/#breadcrumb\"},\"inLanguage\":\"en-US\",\"potentialAction\":[{\"@type\":\"ReadAction\",\"target\":[\"https:\\\/\\\/proagrolab.com.ar\\\/los-precios-de-los-lacteos-podrian-recuperarse-en-6-meses\\\/\"]}]},{\"@type\":\"ImageObject\",\"inLanguage\":\"en-US\",\"@id\":\"https:\\\/\\\/proagrolab.com.ar\\\/los-precios-de-los-lacteos-podrian-recuperarse-en-6-meses\\\/#primaryimage\",\"url\":\"https:\\\/\\\/proagrolab.com.ar\\\/wp-content\\\/uploads\\\/2015\\\/01\\\/g_ft9qj9t9c__Lecheras-20.jpg\",\"contentUrl\":\"https:\\\/\\\/proagrolab.com.ar\\\/wp-content\\\/uploads\\\/2015\\\/01\\\/g_ft9qj9t9c__Lecheras-20.jpg\",\"width\":450,\"height\":208},{\"@type\":\"BreadcrumbList\",\"@id\":\"https:\\\/\\\/proagrolab.com.ar\\\/los-precios-de-los-lacteos-podrian-recuperarse-en-6-meses\\\/#breadcrumb\",\"itemListElement\":[{\"@type\":\"ListItem\",\"position\":1,\"name\":\"Portada\",\"item\":\"https:\\\/\\\/proagrolab.com.ar\\\/\"},{\"@type\":\"ListItem\",\"position\":2,\"name\":\"Los precios de los l\u00e1cteos podr\u00edan recuperarse en 6 meses.\"}]},{\"@type\":\"WebSite\",\"@id\":\"https:\\\/\\\/proagrolab.com.ar\\\/#website\",\"url\":\"https:\\\/\\\/proagrolab.com.ar\\\/\",\"name\":\"Proagro Laboratorio Veterinario\",\"description\":\"Veterinary laboratory\",\"publisher\":{\"@id\":\"https:\\\/\\\/proagrolab.com.ar\\\/#organization\"},\"potentialAction\":[{\"@type\":\"SearchAction\",\"target\":{\"@type\":\"EntryPoint\",\"urlTemplate\":\"https:\\\/\\\/proagrolab.com.ar\\\/?s={search_term_string}\"},\"query-input\":{\"@type\":\"PropertyValueSpecification\",\"valueRequired\":true,\"valueName\":\"search_term_string\"}}],\"inLanguage\":\"en-US\"},{\"@type\":\"Organization\",\"@id\":\"https:\\\/\\\/proagrolab.com.ar\\\/#organization\",\"name\":\"Proagro\",\"url\":\"https:\\\/\\\/proagrolab.com.ar\\\/\",\"logo\":{\"@type\":\"ImageObject\",\"inLanguage\":\"en-US\",\"@id\":\"https:\\\/\\\/proagrolab.com.ar\\\/#\\\/schema\\\/logo\\\/image\\\/\",\"url\":\"https:\\\/\\\/proagrolab.com.ar\\\/wp-content\\\/uploads\\\/2020\\\/04\\\/logo-retina.png\",\"contentUrl\":\"https:\\\/\\\/proagrolab.com.ar\\\/wp-content\\\/uploads\\\/2020\\\/04\\\/logo-retina.png\",\"width\":478,\"height\":120,\"caption\":\"Proagro\"},\"image\":{\"@id\":\"https:\\\/\\\/proagrolab.com.ar\\\/#\\\/schema\\\/logo\\\/image\\\/\"},\"sameAs\":[\"http:\\\/\\\/www.facebook.com\\\/proagrolab\",\"https:\\\/\\\/www.instagram.com\\\/proagrolab\\\/\",\"https:\\\/\\\/www.linkedin.com\\\/company\\\/laboratorio-proagro-s-a\\\/\"]},{\"@type\":\"Person\",\"@id\":\"https:\\\/\\\/proagrolab.com.ar\\\/#\\\/schema\\\/person\\\/38003ff90bf80381f71c7d922d207444\",\"name\":\"proagrolab\"}]}<\/script>\n<!-- \/ Yoast SEO plugin. -->","yoast_head_json":{"title":"Los precios de los l\u00e1cteos podr\u00edan recuperarse en 6 meses. | Proagro","robots":{"index":"index","follow":"follow","max-snippet":"max-snippet:-1","max-image-preview":"max-image-preview:large","max-video-preview":"max-video-preview:-1"},"canonical":"https:\/\/proagrolab.com.ar\/en\/los-precios-de-los-lacteos-podrian-recuperarse-en-6-meses\/","og_locale":"en_US","og_type":"article","og_title":"Los precios de los l\u00e1cteos podr\u00edan recuperarse en 6 meses. | Proagro","og_description":"La mejora de la producci\u00f3n en las regiones de exportaci\u00f3n y las menores compras a t\u00e9rmino de China justifican las ca\u00eddas de hasta 20% en el precio. Como era de esperar, los precios mundiales de los productos l\u00e1cteos se suavizaron considerablemente durante el segundo trimestre del a\u00f1o, con ca\u00eddas de entre el 10% y 20%. El motivo del descenso es la mejora de la producci\u00f3n de leche en las regiones de exportaci\u00f3n y la disminuci\u00f3n de las compras a t\u00e9rmino por parte de China, de acuerdo con el \u00faltimo informe de Rabobank. Se espera que la producci\u00f3n de leche se desacelere considerablemente en el segundo semestre de 2014, como consecuencia de los peores precios. Tambi\u00e9n se prev\u00e9 que el consumo en las regiones exportadoras mejore lentamente debido al aumento de los ingresos de los consumidores, el crecimiento del empleo y la ca\u00edda de los precios minoristas. Esta mejora en la demanda podr\u00eda conducir a una mejora de los precios a finales de 2014 y principio de 2015. La situaci\u00f3n esas regiones es la siguiente:-Uni\u00f3n Europea: 2014 ha sido testigo de un extraordinario aumento en la producci\u00f3n de leche de la UE. Los m\u00e1rgenes han sido lo suficientemente altos para que [&hellip;]","og_url":"https:\/\/proagrolab.com.ar\/los-precios-de-los-lacteos-podrian-recuperarse-en-6-meses\/","og_site_name":"Proagro","article_publisher":"http:\/\/www.facebook.com\/proagrolab","article_published_time":"2014-07-04T00:00:01+00:00","article_modified_time":"2020-07-01T19:19:26+00:00","og_image":[{"width":450,"height":208,"url":"https:\/\/proagrolab.com.ar\/wp-content\/uploads\/2015\/01\/g_ft9qj9t9c__Lecheras-20.jpg","type":"image\/jpeg"}],"author":"proagrolab","twitter_card":"summary_large_image","twitter_misc":{"Written by":"proagrolab","Est. reading time":"2 minutes"},"schema":{"@context":"https:\/\/schema.org","@graph":[{"@type":"Article","@id":"https:\/\/proagrolab.com.ar\/los-precios-de-los-lacteos-podrian-recuperarse-en-6-meses\/#article","isPartOf":{"@id":"https:\/\/proagrolab.com.ar\/los-precios-de-los-lacteos-podrian-recuperarse-en-6-meses\/"},"author":{"name":"proagrolab","@id":"https:\/\/proagrolab.com.ar\/#\/schema\/person\/38003ff90bf80381f71c7d922d207444"},"headline":"Los precios de los l\u00e1cteos podr\u00edan recuperarse en 6 meses.","datePublished":"2014-07-04T00:00:01+00:00","dateModified":"2020-07-01T19:19:26+00:00","mainEntityOfPage":{"@id":"https:\/\/proagrolab.com.ar\/los-precios-de-los-lacteos-podrian-recuperarse-en-6-meses\/"},"wordCount":389,"publisher":{"@id":"https:\/\/proagrolab.com.ar\/#organization"},"image":{"@id":"https:\/\/proagrolab.com.ar\/los-precios-de-los-lacteos-podrian-recuperarse-en-6-meses\/#primaryimage"},"thumbnailUrl":"https:\/\/proagrolab.com.ar\/wp-content\/uploads\/2015\/01\/g_ft9qj9t9c__Lecheras-20.jpg","articleSection":["News"],"inLanguage":"en-US"},{"@type":"WebPage","@id":"https:\/\/proagrolab.com.ar\/los-precios-de-los-lacteos-podrian-recuperarse-en-6-meses\/","url":"https:\/\/proagrolab.com.ar\/los-precios-de-los-lacteos-podrian-recuperarse-en-6-meses\/","name":"Los precios de los l\u00e1cteos podr\u00edan recuperarse en 6 meses. | Proagro","isPartOf":{"@id":"https:\/\/proagrolab.com.ar\/#website"},"primaryImageOfPage":{"@id":"https:\/\/proagrolab.com.ar\/los-precios-de-los-lacteos-podrian-recuperarse-en-6-meses\/#primaryimage"},"image":{"@id":"https:\/\/proagrolab.com.ar\/los-precios-de-los-lacteos-podrian-recuperarse-en-6-meses\/#primaryimage"},"thumbnailUrl":"https:\/\/proagrolab.com.ar\/wp-content\/uploads\/2015\/01\/g_ft9qj9t9c__Lecheras-20.jpg","datePublished":"2014-07-04T00:00:01+00:00","dateModified":"2020-07-01T19:19:26+00:00","breadcrumb":{"@id":"https:\/\/proagrolab.com.ar\/los-precios-de-los-lacteos-podrian-recuperarse-en-6-meses\/#breadcrumb"},"inLanguage":"en-US","potentialAction":[{"@type":"ReadAction","target":["https:\/\/proagrolab.com.ar\/los-precios-de-los-lacteos-podrian-recuperarse-en-6-meses\/"]}]},{"@type":"ImageObject","inLanguage":"en-US","@id":"https:\/\/proagrolab.com.ar\/los-precios-de-los-lacteos-podrian-recuperarse-en-6-meses\/#primaryimage","url":"https:\/\/proagrolab.com.ar\/wp-content\/uploads\/2015\/01\/g_ft9qj9t9c__Lecheras-20.jpg","contentUrl":"https:\/\/proagrolab.com.ar\/wp-content\/uploads\/2015\/01\/g_ft9qj9t9c__Lecheras-20.jpg","width":450,"height":208},{"@type":"BreadcrumbList","@id":"https:\/\/proagrolab.com.ar\/los-precios-de-los-lacteos-podrian-recuperarse-en-6-meses\/#breadcrumb","itemListElement":[{"@type":"ListItem","position":1,"name":"Portada","item":"https:\/\/proagrolab.com.ar\/"},{"@type":"ListItem","position":2,"name":"Los precios de los l\u00e1cteos podr\u00edan recuperarse en 6 meses."}]},{"@type":"WebSite","@id":"https:\/\/proagrolab.com.ar\/#website","url":"https:\/\/proagrolab.com.ar\/","name":"Proagro Laboratorio Veterinario","description":"Veterinary laboratory","publisher":{"@id":"https:\/\/proagrolab.com.ar\/#organization"},"potentialAction":[{"@type":"SearchAction","target":{"@type":"EntryPoint","urlTemplate":"https:\/\/proagrolab.com.ar\/?s={search_term_string}"},"query-input":{"@type":"PropertyValueSpecification","valueRequired":true,"valueName":"search_term_string"}}],"inLanguage":"en-US"},{"@type":"Organization","@id":"https:\/\/proagrolab.com.ar\/#organization","name":"Proagro","url":"https:\/\/proagrolab.com.ar\/","logo":{"@type":"ImageObject","inLanguage":"en-US","@id":"https:\/\/proagrolab.com.ar\/#\/schema\/logo\/image\/","url":"https:\/\/proagrolab.com.ar\/wp-content\/uploads\/2020\/04\/logo-retina.png","contentUrl":"https:\/\/proagrolab.com.ar\/wp-content\/uploads\/2020\/04\/logo-retina.png","width":478,"height":120,"caption":"Proagro"},"image":{"@id":"https:\/\/proagrolab.com.ar\/#\/schema\/logo\/image\/"},"sameAs":["http:\/\/www.facebook.com\/proagrolab","https:\/\/www.instagram.com\/proagrolab\/","https:\/\/www.linkedin.com\/company\/laboratorio-proagro-s-a\/"]},{"@type":"Person","@id":"https:\/\/proagrolab.com.ar\/#\/schema\/person\/38003ff90bf80381f71c7d922d207444","name":"proagrolab"}]}},"_links":{"self":[{"href":"https:\/\/proagrolab.com.ar\/en\/wp-json\/wp\/v2\/posts\/6205","targetHints":{"allow":["GET"]}}],"collection":[{"href":"https:\/\/proagrolab.com.ar\/en\/wp-json\/wp\/v2\/posts"}],"about":[{"href":"https:\/\/proagrolab.com.ar\/en\/wp-json\/wp\/v2\/types\/post"}],"author":[{"embeddable":true,"href":"https:\/\/proagrolab.com.ar\/en\/wp-json\/wp\/v2\/users\/2"}],"replies":[{"embeddable":true,"href":"https:\/\/proagrolab.com.ar\/en\/wp-json\/wp\/v2\/comments?post=6205"}],"version-history":[{"count":1,"href":"https:\/\/proagrolab.com.ar\/en\/wp-json\/wp\/v2\/posts\/6205\/revisions"}],"predecessor-version":[{"id":14402,"href":"https:\/\/proagrolab.com.ar\/en\/wp-json\/wp\/v2\/posts\/6205\/revisions\/14402"}],"wp:featuredmedia":[{"embeddable":true,"href":"https:\/\/proagrolab.com.ar\/en\/wp-json\/wp\/v2\/media\/2693"}],"wp:attachment":[{"href":"https:\/\/proagrolab.com.ar\/en\/wp-json\/wp\/v2\/media?parent=6205"}],"wp:term":[{"taxonomy":"category","embeddable":true,"href":"https:\/\/proagrolab.com.ar\/en\/wp-json\/wp\/v2\/categories?post=6205"},{"taxonomy":"post_tag","embeddable":true,"href":"https:\/\/proagrolab.com.ar\/en\/wp-json\/wp\/v2\/tags?post=6205"}],"curies":[{"name":"wp","href":"https:\/\/api.w.org\/{rel}","templated":true}]}}