{"id":6198,"date":"2014-06-27T00:00:01","date_gmt":"2014-06-27T00:00:01","guid":{"rendered":"https:\/\/proagrolab.com.ar\/financiacion-para-los-afectados-por-la-emergencia-agropecuaria\/"},"modified":"2020-07-01T19:31:11","modified_gmt":"2020-07-01T19:31:11","slug":"financiacion-para-los-afectados-por-la-emergencia-agropecuaria","status":"publish","type":"post","link":"https:\/\/proagrolab.com.ar\/en\/financiacion-para-los-afectados-por-la-emergencia-agropecuaria\/","title":{"rendered":"Financiaci\u00f3n para los afectados por la emergencia agropecuaria."},"content":{"rendered":"<p class=\"qtranxs-available-languages-message qtranxs-available-languages-message-en\"> <\/p><p>El Ministerio de Producci\u00f3n de Santa Fe firm\u00f3 un convenio con el Nuevo Banco de Santa Fe. La provincia subsidiar\u00e1 el 5% de la tasa de inter\u00e9s.<\/p>\n<p>El ministro de la Producci\u00f3n, Carlos Fascendini firm\u00f3 el lunes un convenio entre la cartera a su cargo y el Nuevo Banco de Santa Fe, que tiene por objetivo asistir financieramente a productores de leche cuyas explotaciones se encuentren radicadas en los distintos distritos y\/o departamentos en situaci\u00f3n de emergencia y\/o desastre agropecuario.<\/p>\n<p>Del acto donde se rubric\u00f3 el acuerdo -llevado a cabo en el Sal\u00f3n Amarillo del Ministerio- participaron tambi\u00e9n el secretario de Servicios de Apoyo al Desarrollo, Pedro Pavicich y, por la entidad financiera, los gerentes de Banca de Empresas, Fernando Mauro y de Asuntos Legales, Pablo Bonetto.<\/p>\n<p>La ayuda involucra un monto total de 100 millones de pesos y es una respuesta concreta al pedido de productores que manifiestan la necesidad urgente de recomponer su situaci\u00f3n productiva a trav\u00e9s de acciones de apoyo al financiamiento de la inversi\u00f3n de activo fijo y\/o capital de trabajo.<\/p>\n<p>A partir del convenio se establece una l\u00ednea con una tasa fija nominal anual de 23,15 por ciento, sobre la cual la provincia bonificar\u00e1 5 Puntos Porcentuales Anuales (PPA), resultando una tasa fija del 18,15 por ciento, a pagar por el productor.<\/p>\n<p>Por otra parte, desde la cartera productiva se inform\u00f3 que es inminente la firma de un convenio con el Gobierno Nacional para que \u00e9ste subsidie, a trav\u00e9s del Programa de Asistencia Financiera, otro 5% de la tasa. De esa manera, la tasa llegar\u00eda 13,15%, siendo este un porcentaje muy beneficioso para los productores.<\/p>\n<p><i>Caracter\u00edsticas y condiciones de los pr\u00e9stamos<\/i><br \/>Destino: Activo Fijo y\/o Capital de Trabajo.<br \/>Tasa de Inter\u00e9s: Tasa Fija expresada como T.N.A. (Tasa Nominal Anual) vencida.<br \/>Bonificaci\u00f3n de Tasa de inter\u00e9s en p.p.a. (puntos porcentuales anuales: Bonificaci\u00f3n a cargos del Ministerio de la Producci\u00f3n 5 p.p.a. (5 puntos porcentuales anuales).<br \/>Plazo y per\u00edodo de gracia: M\u00e1ximo 18 meses con hasta 3 meses de gracia incluido en el plazo m\u00e1ximo.<br \/>Monto por empresa: M\u00e1ximo 400.000 pesos.<br \/>Sistema y per\u00edodo de amortizaci\u00f3n: Aleman. Pago de Capital e Inter\u00e9s: Mensual.<br \/>Garant\u00edas: A satisfacci\u00f3n de la entidad bancaria y\/o financiera interviniente. <\/p>\n<p>Fuente: Infortambo, 25 de junio.<br \/><\/p>","protected":false},"excerpt":{"rendered":"<p>El Ministerio de Producci\u00f3n de Santa Fe firm\u00f3 un convenio con el Nuevo Banco de Santa Fe. La provincia subsidiar\u00e1 el 5% de la tasa de inter\u00e9s. El ministro de la Producci\u00f3n, Carlos Fascendini firm\u00f3 el lunes un convenio entre la cartera a su cargo y el Nuevo Banco de Santa Fe, que tiene por objetivo asistir financieramente a productores de leche cuyas explotaciones se encuentren radicadas en los distintos distritos y\/o departamentos en situaci\u00f3n de emergencia y\/o desastre agropecuario. Del acto donde se rubric\u00f3 el acuerdo -llevado a cabo en el Sal\u00f3n Amarillo del Ministerio- participaron tambi\u00e9n el secretario de Servicios de Apoyo al Desarrollo, Pedro Pavicich y, por la entidad financiera, los gerentes de Banca de Empresas, Fernando Mauro y de Asuntos Legales, Pablo Bonetto. La ayuda involucra un monto total de 100 millones de pesos y es una respuesta concreta al pedido de productores que manifiestan la necesidad urgente de recomponer su situaci\u00f3n productiva a trav\u00e9s de acciones de apoyo al financiamiento de la inversi\u00f3n de activo fijo y\/o capital de trabajo. A partir del convenio se establece una l\u00ednea con una tasa fija nominal anual de 23,15 por ciento, sobre la cual la provincia bonificar\u00e1 5 [&hellip;]<\/p>\n","protected":false},"author":2,"featured_media":2686,"comment_status":"closed","ping_status":"open","sticky":false,"template":"","format":"standard","meta":{"_acf_changed":false,"footnotes":""},"categories":[56],"tags":[],"class_list":["post-6198","post","type-post","status-publish","format-standard","has-post-thumbnail","hentry","category-infoganadero"],"acf":[],"yoast_head":"<!-- This site is optimized with the Yoast SEO plugin v27.4 - https:\/\/yoast.com\/product\/yoast-seo-wordpress\/ -->\n<title>Financiaci\u00f3n para los afectados por la emergencia agropecuaria. | Proagro<\/title>\n<meta name=\"robots\" content=\"index, follow, max-snippet:-1, max-image-preview:large, max-video-preview:-1\" \/>\n<link rel=\"canonical\" href=\"https:\/\/proagrolab.com.ar\/en\/financiacion-para-los-afectados-por-la-emergencia-agropecuaria\/\" \/>\n<meta property=\"og:locale\" content=\"en_US\" \/>\n<meta property=\"og:type\" content=\"article\" \/>\n<meta property=\"og:title\" content=\"Financiaci\u00f3n para los afectados por la emergencia agropecuaria. | Proagro\" \/>\n<meta property=\"og:description\" content=\"El Ministerio de Producci\u00f3n de Santa Fe firm\u00f3 un convenio con el Nuevo Banco de Santa Fe. La provincia subsidiar\u00e1 el 5% de la tasa de inter\u00e9s. El ministro de la Producci\u00f3n, Carlos Fascendini firm\u00f3 el lunes un convenio entre la cartera a su cargo y el Nuevo Banco de Santa Fe, que tiene por objetivo asistir financieramente a productores de leche cuyas explotaciones se encuentren radicadas en los distintos distritos y\/o departamentos en situaci\u00f3n de emergencia y\/o desastre agropecuario. Del acto donde se rubric\u00f3 el acuerdo -llevado a cabo en el Sal\u00f3n Amarillo del Ministerio- participaron tambi\u00e9n el secretario de Servicios de Apoyo al Desarrollo, Pedro Pavicich y, por la entidad financiera, los gerentes de Banca de Empresas, Fernando Mauro y de Asuntos Legales, Pablo Bonetto. La ayuda involucra un monto total de 100 millones de pesos y es una respuesta concreta al pedido de productores que manifiestan la necesidad urgente de recomponer su situaci\u00f3n productiva a trav\u00e9s de acciones de apoyo al financiamiento de la inversi\u00f3n de activo fijo y\/o capital de trabajo. A partir del convenio se establece una l\u00ednea con una tasa fija nominal anual de 23,15 por ciento, sobre la cual la provincia bonificar\u00e1 5 [&hellip;]\" \/>\n<meta property=\"og:url\" content=\"https:\/\/proagrolab.com.ar\/financiacion-para-los-afectados-por-la-emergencia-agropecuaria\/\" \/>\n<meta property=\"og:site_name\" content=\"Proagro\" \/>\n<meta property=\"article:publisher\" content=\"http:\/\/www.facebook.com\/proagrolab\" \/>\n<meta property=\"article:published_time\" content=\"2014-06-27T00:00:01+00:00\" \/>\n<meta property=\"article:modified_time\" content=\"2020-07-01T19:31:11+00:00\" \/>\n<meta property=\"og:image\" content=\"https:\/\/proagrolab.com.ar\/wp-content\/uploads\/2015\/01\/g_qdssn2nb1__Lecheras-12.jpg\" \/>\n\t<meta property=\"og:image:width\" content=\"450\" \/>\n\t<meta property=\"og:image:height\" content=\"208\" \/>\n\t<meta property=\"og:image:type\" content=\"image\/jpeg\" \/>\n<meta name=\"author\" content=\"proagrolab\" \/>\n<meta name=\"twitter:card\" content=\"summary_large_image\" \/>\n<meta name=\"twitter:label1\" content=\"Written by\" \/>\n\t<meta name=\"twitter:data1\" content=\"proagrolab\" \/>\n\t<meta name=\"twitter:label2\" content=\"Est. reading time\" \/>\n\t<meta name=\"twitter:data2\" content=\"2 minutes\" \/>\n<script type=\"application\/ld+json\" class=\"yoast-schema-graph\">{\"@context\":\"https:\\\/\\\/schema.org\",\"@graph\":[{\"@type\":\"Article\",\"@id\":\"https:\\\/\\\/proagrolab.com.ar\\\/financiacion-para-los-afectados-por-la-emergencia-agropecuaria\\\/#article\",\"isPartOf\":{\"@id\":\"https:\\\/\\\/proagrolab.com.ar\\\/financiacion-para-los-afectados-por-la-emergencia-agropecuaria\\\/\"},\"author\":{\"name\":\"proagrolab\",\"@id\":\"https:\\\/\\\/proagrolab.com.ar\\\/#\\\/schema\\\/person\\\/38003ff90bf80381f71c7d922d207444\"},\"headline\":\"Financiaci\u00f3n para los afectados por la emergencia agropecuaria.\",\"datePublished\":\"2014-06-27T00:00:01+00:00\",\"dateModified\":\"2020-07-01T19:31:11+00:00\",\"mainEntityOfPage\":{\"@id\":\"https:\\\/\\\/proagrolab.com.ar\\\/financiacion-para-los-afectados-por-la-emergencia-agropecuaria\\\/\"},\"wordCount\":406,\"publisher\":{\"@id\":\"https:\\\/\\\/proagrolab.com.ar\\\/#organization\"},\"image\":{\"@id\":\"https:\\\/\\\/proagrolab.com.ar\\\/financiacion-para-los-afectados-por-la-emergencia-agropecuaria\\\/#primaryimage\"},\"thumbnailUrl\":\"https:\\\/\\\/proagrolab.com.ar\\\/wp-content\\\/uploads\\\/2015\\\/01\\\/g_qdssn2nb1__Lecheras-12.jpg\",\"articleSection\":[\"News\"],\"inLanguage\":\"en-US\"},{\"@type\":\"WebPage\",\"@id\":\"https:\\\/\\\/proagrolab.com.ar\\\/financiacion-para-los-afectados-por-la-emergencia-agropecuaria\\\/\",\"url\":\"https:\\\/\\\/proagrolab.com.ar\\\/financiacion-para-los-afectados-por-la-emergencia-agropecuaria\\\/\",\"name\":\"Financiaci\u00f3n para los afectados por la emergencia agropecuaria. | Proagro\",\"isPartOf\":{\"@id\":\"https:\\\/\\\/proagrolab.com.ar\\\/#website\"},\"primaryImageOfPage\":{\"@id\":\"https:\\\/\\\/proagrolab.com.ar\\\/financiacion-para-los-afectados-por-la-emergencia-agropecuaria\\\/#primaryimage\"},\"image\":{\"@id\":\"https:\\\/\\\/proagrolab.com.ar\\\/financiacion-para-los-afectados-por-la-emergencia-agropecuaria\\\/#primaryimage\"},\"thumbnailUrl\":\"https:\\\/\\\/proagrolab.com.ar\\\/wp-content\\\/uploads\\\/2015\\\/01\\\/g_qdssn2nb1__Lecheras-12.jpg\",\"datePublished\":\"2014-06-27T00:00:01+00:00\",\"dateModified\":\"2020-07-01T19:31:11+00:00\",\"breadcrumb\":{\"@id\":\"https:\\\/\\\/proagrolab.com.ar\\\/financiacion-para-los-afectados-por-la-emergencia-agropecuaria\\\/#breadcrumb\"},\"inLanguage\":\"en-US\",\"potentialAction\":[{\"@type\":\"ReadAction\",\"target\":[\"https:\\\/\\\/proagrolab.com.ar\\\/financiacion-para-los-afectados-por-la-emergencia-agropecuaria\\\/\"]}]},{\"@type\":\"ImageObject\",\"inLanguage\":\"en-US\",\"@id\":\"https:\\\/\\\/proagrolab.com.ar\\\/financiacion-para-los-afectados-por-la-emergencia-agropecuaria\\\/#primaryimage\",\"url\":\"https:\\\/\\\/proagrolab.com.ar\\\/wp-content\\\/uploads\\\/2015\\\/01\\\/g_qdssn2nb1__Lecheras-12.jpg\",\"contentUrl\":\"https:\\\/\\\/proagrolab.com.ar\\\/wp-content\\\/uploads\\\/2015\\\/01\\\/g_qdssn2nb1__Lecheras-12.jpg\",\"width\":450,\"height\":208},{\"@type\":\"BreadcrumbList\",\"@id\":\"https:\\\/\\\/proagrolab.com.ar\\\/financiacion-para-los-afectados-por-la-emergencia-agropecuaria\\\/#breadcrumb\",\"itemListElement\":[{\"@type\":\"ListItem\",\"position\":1,\"name\":\"Portada\",\"item\":\"https:\\\/\\\/proagrolab.com.ar\\\/\"},{\"@type\":\"ListItem\",\"position\":2,\"name\":\"Financiaci\u00f3n para los afectados por la emergencia agropecuaria.\"}]},{\"@type\":\"WebSite\",\"@id\":\"https:\\\/\\\/proagrolab.com.ar\\\/#website\",\"url\":\"https:\\\/\\\/proagrolab.com.ar\\\/\",\"name\":\"Proagro Laboratorio Veterinario\",\"description\":\"Veterinary laboratory\",\"publisher\":{\"@id\":\"https:\\\/\\\/proagrolab.com.ar\\\/#organization\"},\"potentialAction\":[{\"@type\":\"SearchAction\",\"target\":{\"@type\":\"EntryPoint\",\"urlTemplate\":\"https:\\\/\\\/proagrolab.com.ar\\\/?s={search_term_string}\"},\"query-input\":{\"@type\":\"PropertyValueSpecification\",\"valueRequired\":true,\"valueName\":\"search_term_string\"}}],\"inLanguage\":\"en-US\"},{\"@type\":\"Organization\",\"@id\":\"https:\\\/\\\/proagrolab.com.ar\\\/#organization\",\"name\":\"Proagro\",\"url\":\"https:\\\/\\\/proagrolab.com.ar\\\/\",\"logo\":{\"@type\":\"ImageObject\",\"inLanguage\":\"en-US\",\"@id\":\"https:\\\/\\\/proagrolab.com.ar\\\/#\\\/schema\\\/logo\\\/image\\\/\",\"url\":\"https:\\\/\\\/proagrolab.com.ar\\\/wp-content\\\/uploads\\\/2020\\\/04\\\/logo-retina.png\",\"contentUrl\":\"https:\\\/\\\/proagrolab.com.ar\\\/wp-content\\\/uploads\\\/2020\\\/04\\\/logo-retina.png\",\"width\":478,\"height\":120,\"caption\":\"Proagro\"},\"image\":{\"@id\":\"https:\\\/\\\/proagrolab.com.ar\\\/#\\\/schema\\\/logo\\\/image\\\/\"},\"sameAs\":[\"http:\\\/\\\/www.facebook.com\\\/proagrolab\",\"https:\\\/\\\/www.instagram.com\\\/proagrolab\\\/\",\"https:\\\/\\\/www.linkedin.com\\\/company\\\/laboratorio-proagro-s-a\\\/\"]},{\"@type\":\"Person\",\"@id\":\"https:\\\/\\\/proagrolab.com.ar\\\/#\\\/schema\\\/person\\\/38003ff90bf80381f71c7d922d207444\",\"name\":\"proagrolab\"}]}<\/script>\n<!-- \/ Yoast SEO plugin. -->","yoast_head_json":{"title":"Financiaci\u00f3n para los afectados por la emergencia agropecuaria. | Proagro","robots":{"index":"index","follow":"follow","max-snippet":"max-snippet:-1","max-image-preview":"max-image-preview:large","max-video-preview":"max-video-preview:-1"},"canonical":"https:\/\/proagrolab.com.ar\/en\/financiacion-para-los-afectados-por-la-emergencia-agropecuaria\/","og_locale":"en_US","og_type":"article","og_title":"Financiaci\u00f3n para los afectados por la emergencia agropecuaria. | Proagro","og_description":"El Ministerio de Producci\u00f3n de Santa Fe firm\u00f3 un convenio con el Nuevo Banco de Santa Fe. La provincia subsidiar\u00e1 el 5% de la tasa de inter\u00e9s. El ministro de la Producci\u00f3n, Carlos Fascendini firm\u00f3 el lunes un convenio entre la cartera a su cargo y el Nuevo Banco de Santa Fe, que tiene por objetivo asistir financieramente a productores de leche cuyas explotaciones se encuentren radicadas en los distintos distritos y\/o departamentos en situaci\u00f3n de emergencia y\/o desastre agropecuario. Del acto donde se rubric\u00f3 el acuerdo -llevado a cabo en el Sal\u00f3n Amarillo del Ministerio- participaron tambi\u00e9n el secretario de Servicios de Apoyo al Desarrollo, Pedro Pavicich y, por la entidad financiera, los gerentes de Banca de Empresas, Fernando Mauro y de Asuntos Legales, Pablo Bonetto. La ayuda involucra un monto total de 100 millones de pesos y es una respuesta concreta al pedido de productores que manifiestan la necesidad urgente de recomponer su situaci\u00f3n productiva a trav\u00e9s de acciones de apoyo al financiamiento de la inversi\u00f3n de activo fijo y\/o capital de trabajo. A partir del convenio se establece una l\u00ednea con una tasa fija nominal anual de 23,15 por ciento, sobre la cual la provincia bonificar\u00e1 5 [&hellip;]","og_url":"https:\/\/proagrolab.com.ar\/financiacion-para-los-afectados-por-la-emergencia-agropecuaria\/","og_site_name":"Proagro","article_publisher":"http:\/\/www.facebook.com\/proagrolab","article_published_time":"2014-06-27T00:00:01+00:00","article_modified_time":"2020-07-01T19:31:11+00:00","og_image":[{"width":450,"height":208,"url":"https:\/\/proagrolab.com.ar\/wp-content\/uploads\/2015\/01\/g_qdssn2nb1__Lecheras-12.jpg","type":"image\/jpeg"}],"author":"proagrolab","twitter_card":"summary_large_image","twitter_misc":{"Written by":"proagrolab","Est. reading time":"2 minutes"},"schema":{"@context":"https:\/\/schema.org","@graph":[{"@type":"Article","@id":"https:\/\/proagrolab.com.ar\/financiacion-para-los-afectados-por-la-emergencia-agropecuaria\/#article","isPartOf":{"@id":"https:\/\/proagrolab.com.ar\/financiacion-para-los-afectados-por-la-emergencia-agropecuaria\/"},"author":{"name":"proagrolab","@id":"https:\/\/proagrolab.com.ar\/#\/schema\/person\/38003ff90bf80381f71c7d922d207444"},"headline":"Financiaci\u00f3n para los afectados por la emergencia agropecuaria.","datePublished":"2014-06-27T00:00:01+00:00","dateModified":"2020-07-01T19:31:11+00:00","mainEntityOfPage":{"@id":"https:\/\/proagrolab.com.ar\/financiacion-para-los-afectados-por-la-emergencia-agropecuaria\/"},"wordCount":406,"publisher":{"@id":"https:\/\/proagrolab.com.ar\/#organization"},"image":{"@id":"https:\/\/proagrolab.com.ar\/financiacion-para-los-afectados-por-la-emergencia-agropecuaria\/#primaryimage"},"thumbnailUrl":"https:\/\/proagrolab.com.ar\/wp-content\/uploads\/2015\/01\/g_qdssn2nb1__Lecheras-12.jpg","articleSection":["News"],"inLanguage":"en-US"},{"@type":"WebPage","@id":"https:\/\/proagrolab.com.ar\/financiacion-para-los-afectados-por-la-emergencia-agropecuaria\/","url":"https:\/\/proagrolab.com.ar\/financiacion-para-los-afectados-por-la-emergencia-agropecuaria\/","name":"Financiaci\u00f3n para los afectados por la emergencia agropecuaria. | Proagro","isPartOf":{"@id":"https:\/\/proagrolab.com.ar\/#website"},"primaryImageOfPage":{"@id":"https:\/\/proagrolab.com.ar\/financiacion-para-los-afectados-por-la-emergencia-agropecuaria\/#primaryimage"},"image":{"@id":"https:\/\/proagrolab.com.ar\/financiacion-para-los-afectados-por-la-emergencia-agropecuaria\/#primaryimage"},"thumbnailUrl":"https:\/\/proagrolab.com.ar\/wp-content\/uploads\/2015\/01\/g_qdssn2nb1__Lecheras-12.jpg","datePublished":"2014-06-27T00:00:01+00:00","dateModified":"2020-07-01T19:31:11+00:00","breadcrumb":{"@id":"https:\/\/proagrolab.com.ar\/financiacion-para-los-afectados-por-la-emergencia-agropecuaria\/#breadcrumb"},"inLanguage":"en-US","potentialAction":[{"@type":"ReadAction","target":["https:\/\/proagrolab.com.ar\/financiacion-para-los-afectados-por-la-emergencia-agropecuaria\/"]}]},{"@type":"ImageObject","inLanguage":"en-US","@id":"https:\/\/proagrolab.com.ar\/financiacion-para-los-afectados-por-la-emergencia-agropecuaria\/#primaryimage","url":"https:\/\/proagrolab.com.ar\/wp-content\/uploads\/2015\/01\/g_qdssn2nb1__Lecheras-12.jpg","contentUrl":"https:\/\/proagrolab.com.ar\/wp-content\/uploads\/2015\/01\/g_qdssn2nb1__Lecheras-12.jpg","width":450,"height":208},{"@type":"BreadcrumbList","@id":"https:\/\/proagrolab.com.ar\/financiacion-para-los-afectados-por-la-emergencia-agropecuaria\/#breadcrumb","itemListElement":[{"@type":"ListItem","position":1,"name":"Portada","item":"https:\/\/proagrolab.com.ar\/"},{"@type":"ListItem","position":2,"name":"Financiaci\u00f3n para los afectados por la emergencia agropecuaria."}]},{"@type":"WebSite","@id":"https:\/\/proagrolab.com.ar\/#website","url":"https:\/\/proagrolab.com.ar\/","name":"Proagro Laboratorio Veterinario","description":"Veterinary laboratory","publisher":{"@id":"https:\/\/proagrolab.com.ar\/#organization"},"potentialAction":[{"@type":"SearchAction","target":{"@type":"EntryPoint","urlTemplate":"https:\/\/proagrolab.com.ar\/?s={search_term_string}"},"query-input":{"@type":"PropertyValueSpecification","valueRequired":true,"valueName":"search_term_string"}}],"inLanguage":"en-US"},{"@type":"Organization","@id":"https:\/\/proagrolab.com.ar\/#organization","name":"Proagro","url":"https:\/\/proagrolab.com.ar\/","logo":{"@type":"ImageObject","inLanguage":"en-US","@id":"https:\/\/proagrolab.com.ar\/#\/schema\/logo\/image\/","url":"https:\/\/proagrolab.com.ar\/wp-content\/uploads\/2020\/04\/logo-retina.png","contentUrl":"https:\/\/proagrolab.com.ar\/wp-content\/uploads\/2020\/04\/logo-retina.png","width":478,"height":120,"caption":"Proagro"},"image":{"@id":"https:\/\/proagrolab.com.ar\/#\/schema\/logo\/image\/"},"sameAs":["http:\/\/www.facebook.com\/proagrolab","https:\/\/www.instagram.com\/proagrolab\/","https:\/\/www.linkedin.com\/company\/laboratorio-proagro-s-a\/"]},{"@type":"Person","@id":"https:\/\/proagrolab.com.ar\/#\/schema\/person\/38003ff90bf80381f71c7d922d207444","name":"proagrolab"}]}},"_links":{"self":[{"href":"https:\/\/proagrolab.com.ar\/en\/wp-json\/wp\/v2\/posts\/6198","targetHints":{"allow":["GET"]}}],"collection":[{"href":"https:\/\/proagrolab.com.ar\/en\/wp-json\/wp\/v2\/posts"}],"about":[{"href":"https:\/\/proagrolab.com.ar\/en\/wp-json\/wp\/v2\/types\/post"}],"author":[{"embeddable":true,"href":"https:\/\/proagrolab.com.ar\/en\/wp-json\/wp\/v2\/users\/2"}],"replies":[{"embeddable":true,"href":"https:\/\/proagrolab.com.ar\/en\/wp-json\/wp\/v2\/comments?post=6198"}],"version-history":[{"count":1,"href":"https:\/\/proagrolab.com.ar\/en\/wp-json\/wp\/v2\/posts\/6198\/revisions"}],"predecessor-version":[{"id":14445,"href":"https:\/\/proagrolab.com.ar\/en\/wp-json\/wp\/v2\/posts\/6198\/revisions\/14445"}],"wp:featuredmedia":[{"embeddable":true,"href":"https:\/\/proagrolab.com.ar\/en\/wp-json\/wp\/v2\/media\/2686"}],"wp:attachment":[{"href":"https:\/\/proagrolab.com.ar\/en\/wp-json\/wp\/v2\/media?parent=6198"}],"wp:term":[{"taxonomy":"category","embeddable":true,"href":"https:\/\/proagrolab.com.ar\/en\/wp-json\/wp\/v2\/categories?post=6198"},{"taxonomy":"post_tag","embeddable":true,"href":"https:\/\/proagrolab.com.ar\/en\/wp-json\/wp\/v2\/tags?post=6198"}],"curies":[{"name":"wp","href":"https:\/\/api.w.org\/{rel}","templated":true}]}}