{"id":6192,"date":"2014-06-26T00:00:01","date_gmt":"2014-06-26T00:00:01","guid":{"rendered":"https:\/\/proagrolab.com.ar\/uruguay-firmara-acuerdo-con-iran-para-intercambiar-productos-carnicos-por-petroleo\/"},"modified":"2020-07-01T19:21:48","modified_gmt":"2020-07-01T19:21:48","slug":"uruguay-firmara-acuerdo-con-iran-para-intercambiar-productos-carnicos-por-petroleo","status":"publish","type":"post","link":"https:\/\/proagrolab.com.ar\/en\/uruguay-firmara-acuerdo-con-iran-para-intercambiar-productos-carnicos-por-petroleo\/","title":{"rendered":"Uruguay firmar\u00e1 acuerdo con Ir\u00e1n para intercambiar productos c\u00e1rnicos por petr\u00f3leo."},"content":{"rendered":"<p class=\"qtranxs-available-languages-message qtranxs-available-languages-message-en\"> <\/p><p>El presidente uruguayo, Jos\u00e9 Mujica, sostuvo reuniones con representantes de distintos gobiernos para abrir el umbral de negocios durante la cumbre del G77+China realizado este fin de semana en Bolivia, seg\u00fan confirm\u00f3 en una entrevista concedida al diario La Rep\u00fablica.<\/p>\n<p>&#8220;Entre ellos, con un n\u00facleo de negociadores de Ir\u00e1n&#8221;, precis\u00f3.<\/p>\n<p>Mujica agreg\u00f3 que &#8220;dentro de algunos d\u00edas va a viajar una delegaci\u00f3n del Gobierno a suscribir un acuerdo y lo tomamos como un primer paso para cerrar otros muy importantes. Se trata de un mercado con una econom\u00eda pujante e importante tecnolog\u00eda&#8221;.<\/p>\n<p>El mandatario explic\u00f3 que, en septiembre, Uruguay firmar\u00e1 un convenio para intercambiar carne por petr\u00f3leo con el pa\u00eds persa.<\/p>\n<p>Mujica agreg\u00f3 que tambi\u00e9n busca mejorar la relaci\u00f3n comercial con Rusia, pa\u00eds al que viaj\u00f3 d\u00edas atr\u00e1s el vicepresidente Danilo Astori. &#8220;Por lo que habl\u00e9 con \u00e9l, hay opciones muy favorables. Astori estuvo conversando con representantes de ese gobierno que van a estar pr\u00f3ximamente en Brasilia y probablemente podamos concretar algunos valiosos acuerdos&#8221;, afirm\u00f3.<\/p>\n<p>Rusia e Ir\u00e1n son dos pa\u00edses cuestionados internacionalmente. El primero, por su papel en la crisis ucraniana; y el segundo, por su plan nuclear y su aversi\u00f3n por el Estado de Israel. Sin embago, Mujica se ha mostrado abierto al di\u00e1logo en t\u00e9rminos general.<\/p>\n<p>Fuente: Carnetec, 23 de junio.<br \/><\/p>","protected":false},"excerpt":{"rendered":"<p>El presidente uruguayo, Jos\u00e9 Mujica, sostuvo reuniones con representantes de distintos gobiernos para abrir el umbral de negocios durante la cumbre del G77+China realizado este fin de semana en Bolivia, seg\u00fan confirm\u00f3 en una entrevista concedida al diario La Rep\u00fablica. &#8220;Entre ellos, con un n\u00facleo de negociadores de Ir\u00e1n&#8221;, precis\u00f3. Mujica agreg\u00f3 que &#8220;dentro de algunos d\u00edas va a viajar una delegaci\u00f3n del Gobierno a suscribir un acuerdo y lo tomamos como un primer paso para cerrar otros muy importantes. Se trata de un mercado con una econom\u00eda pujante e importante tecnolog\u00eda&#8221;. El mandatario explic\u00f3 que, en septiembre, Uruguay firmar\u00e1 un convenio para intercambiar carne por petr\u00f3leo con el pa\u00eds persa. Mujica agreg\u00f3 que tambi\u00e9n busca mejorar la relaci\u00f3n comercial con Rusia, pa\u00eds al que viaj\u00f3 d\u00edas atr\u00e1s el vicepresidente Danilo Astori. &#8220;Por lo que habl\u00e9 con \u00e9l, hay opciones muy favorables. Astori estuvo conversando con representantes de ese gobierno que van a estar pr\u00f3ximamente en Brasilia y probablemente podamos concretar algunos valiosos acuerdos&#8221;, afirm\u00f3. Rusia e Ir\u00e1n son dos pa\u00edses cuestionados internacionalmente. El primero, por su papel en la crisis ucraniana; y el segundo, por su plan nuclear y su aversi\u00f3n por el Estado de Israel. Sin embago, Mujica [&hellip;]<\/p>\n","protected":false},"author":2,"featured_media":2680,"comment_status":"closed","ping_status":"open","sticky":false,"template":"","format":"standard","meta":{"_acf_changed":false,"footnotes":""},"categories":[56],"tags":[],"class_list":["post-6192","post","type-post","status-publish","format-standard","has-post-thumbnail","hentry","category-infoganadero"],"acf":[],"yoast_head":"<!-- This site is optimized with the Yoast SEO plugin v27.4 - https:\/\/yoast.com\/product\/yoast-seo-wordpress\/ -->\n<title>Uruguay firmar\u00e1 acuerdo con Ir\u00e1n para intercambiar productos c\u00e1rnicos por petr\u00f3leo. | Proagro<\/title>\n<meta name=\"robots\" content=\"index, follow, max-snippet:-1, max-image-preview:large, max-video-preview:-1\" \/>\n<link rel=\"canonical\" href=\"https:\/\/proagrolab.com.ar\/en\/uruguay-firmara-acuerdo-con-iran-para-intercambiar-productos-carnicos-por-petroleo\/\" \/>\n<meta property=\"og:locale\" content=\"en_US\" \/>\n<meta property=\"og:type\" content=\"article\" \/>\n<meta property=\"og:title\" content=\"Uruguay firmar\u00e1 acuerdo con Ir\u00e1n para intercambiar productos c\u00e1rnicos por petr\u00f3leo. | Proagro\" \/>\n<meta property=\"og:description\" content=\"El presidente uruguayo, Jos\u00e9 Mujica, sostuvo reuniones con representantes de distintos gobiernos para abrir el umbral de negocios durante la cumbre del G77+China realizado este fin de semana en Bolivia, seg\u00fan confirm\u00f3 en una entrevista concedida al diario La Rep\u00fablica. &#8220;Entre ellos, con un n\u00facleo de negociadores de Ir\u00e1n&#8221;, precis\u00f3. Mujica agreg\u00f3 que &#8220;dentro de algunos d\u00edas va a viajar una delegaci\u00f3n del Gobierno a suscribir un acuerdo y lo tomamos como un primer paso para cerrar otros muy importantes. Se trata de un mercado con una econom\u00eda pujante e importante tecnolog\u00eda&#8221;. El mandatario explic\u00f3 que, en septiembre, Uruguay firmar\u00e1 un convenio para intercambiar carne por petr\u00f3leo con el pa\u00eds persa. Mujica agreg\u00f3 que tambi\u00e9n busca mejorar la relaci\u00f3n comercial con Rusia, pa\u00eds al que viaj\u00f3 d\u00edas atr\u00e1s el vicepresidente Danilo Astori. &#8220;Por lo que habl\u00e9 con \u00e9l, hay opciones muy favorables. Astori estuvo conversando con representantes de ese gobierno que van a estar pr\u00f3ximamente en Brasilia y probablemente podamos concretar algunos valiosos acuerdos&#8221;, afirm\u00f3. Rusia e Ir\u00e1n son dos pa\u00edses cuestionados internacionalmente. El primero, por su papel en la crisis ucraniana; y el segundo, por su plan nuclear y su aversi\u00f3n por el Estado de Israel. Sin embago, Mujica [&hellip;]\" \/>\n<meta property=\"og:url\" content=\"https:\/\/proagrolab.com.ar\/uruguay-firmara-acuerdo-con-iran-para-intercambiar-productos-carnicos-por-petroleo\/\" \/>\n<meta property=\"og:site_name\" content=\"Proagro\" \/>\n<meta property=\"article:publisher\" content=\"http:\/\/www.facebook.com\/proagrolab\" \/>\n<meta property=\"article:published_time\" content=\"2014-06-26T00:00:01+00:00\" \/>\n<meta property=\"article:modified_time\" content=\"2020-07-01T19:21:48+00:00\" \/>\n<meta property=\"og:image\" content=\"https:\/\/proagrolab.com.ar\/wp-content\/uploads\/2015\/01\/g_2foubpaq4__Frigorifico-5.jpg\" \/>\n\t<meta property=\"og:image:width\" content=\"450\" \/>\n\t<meta property=\"og:image:height\" content=\"208\" \/>\n\t<meta property=\"og:image:type\" content=\"image\/jpeg\" \/>\n<meta name=\"author\" content=\"proagrolab\" \/>\n<meta name=\"twitter:card\" content=\"summary_large_image\" \/>\n<meta name=\"twitter:label1\" content=\"Written by\" \/>\n\t<meta name=\"twitter:data1\" content=\"proagrolab\" \/>\n\t<meta name=\"twitter:label2\" content=\"Est. reading time\" \/>\n\t<meta name=\"twitter:data2\" content=\"1 minute\" \/>\n<script type=\"application\/ld+json\" class=\"yoast-schema-graph\">{\"@context\":\"https:\\\/\\\/schema.org\",\"@graph\":[{\"@type\":\"Article\",\"@id\":\"https:\\\/\\\/proagrolab.com.ar\\\/uruguay-firmara-acuerdo-con-iran-para-intercambiar-productos-carnicos-por-petroleo\\\/#article\",\"isPartOf\":{\"@id\":\"https:\\\/\\\/proagrolab.com.ar\\\/uruguay-firmara-acuerdo-con-iran-para-intercambiar-productos-carnicos-por-petroleo\\\/\"},\"author\":{\"name\":\"proagrolab\",\"@id\":\"https:\\\/\\\/proagrolab.com.ar\\\/#\\\/schema\\\/person\\\/38003ff90bf80381f71c7d922d207444\"},\"headline\":\"Uruguay firmar\u00e1 acuerdo con Ir\u00e1n para intercambiar productos c\u00e1rnicos por petr\u00f3leo.\",\"datePublished\":\"2014-06-26T00:00:01+00:00\",\"dateModified\":\"2020-07-01T19:21:48+00:00\",\"mainEntityOfPage\":{\"@id\":\"https:\\\/\\\/proagrolab.com.ar\\\/uruguay-firmara-acuerdo-con-iran-para-intercambiar-productos-carnicos-por-petroleo\\\/\"},\"wordCount\":249,\"publisher\":{\"@id\":\"https:\\\/\\\/proagrolab.com.ar\\\/#organization\"},\"image\":{\"@id\":\"https:\\\/\\\/proagrolab.com.ar\\\/uruguay-firmara-acuerdo-con-iran-para-intercambiar-productos-carnicos-por-petroleo\\\/#primaryimage\"},\"thumbnailUrl\":\"https:\\\/\\\/proagrolab.com.ar\\\/wp-content\\\/uploads\\\/2015\\\/01\\\/g_2foubpaq4__Frigorifico-5.jpg\",\"articleSection\":[\"News\"],\"inLanguage\":\"en-US\"},{\"@type\":\"WebPage\",\"@id\":\"https:\\\/\\\/proagrolab.com.ar\\\/uruguay-firmara-acuerdo-con-iran-para-intercambiar-productos-carnicos-por-petroleo\\\/\",\"url\":\"https:\\\/\\\/proagrolab.com.ar\\\/uruguay-firmara-acuerdo-con-iran-para-intercambiar-productos-carnicos-por-petroleo\\\/\",\"name\":\"Uruguay firmar\u00e1 acuerdo con Ir\u00e1n para intercambiar productos c\u00e1rnicos por petr\u00f3leo. | Proagro\",\"isPartOf\":{\"@id\":\"https:\\\/\\\/proagrolab.com.ar\\\/#website\"},\"primaryImageOfPage\":{\"@id\":\"https:\\\/\\\/proagrolab.com.ar\\\/uruguay-firmara-acuerdo-con-iran-para-intercambiar-productos-carnicos-por-petroleo\\\/#primaryimage\"},\"image\":{\"@id\":\"https:\\\/\\\/proagrolab.com.ar\\\/uruguay-firmara-acuerdo-con-iran-para-intercambiar-productos-carnicos-por-petroleo\\\/#primaryimage\"},\"thumbnailUrl\":\"https:\\\/\\\/proagrolab.com.ar\\\/wp-content\\\/uploads\\\/2015\\\/01\\\/g_2foubpaq4__Frigorifico-5.jpg\",\"datePublished\":\"2014-06-26T00:00:01+00:00\",\"dateModified\":\"2020-07-01T19:21:48+00:00\",\"breadcrumb\":{\"@id\":\"https:\\\/\\\/proagrolab.com.ar\\\/uruguay-firmara-acuerdo-con-iran-para-intercambiar-productos-carnicos-por-petroleo\\\/#breadcrumb\"},\"inLanguage\":\"en-US\",\"potentialAction\":[{\"@type\":\"ReadAction\",\"target\":[\"https:\\\/\\\/proagrolab.com.ar\\\/uruguay-firmara-acuerdo-con-iran-para-intercambiar-productos-carnicos-por-petroleo\\\/\"]}]},{\"@type\":\"ImageObject\",\"inLanguage\":\"en-US\",\"@id\":\"https:\\\/\\\/proagrolab.com.ar\\\/uruguay-firmara-acuerdo-con-iran-para-intercambiar-productos-carnicos-por-petroleo\\\/#primaryimage\",\"url\":\"https:\\\/\\\/proagrolab.com.ar\\\/wp-content\\\/uploads\\\/2015\\\/01\\\/g_2foubpaq4__Frigorifico-5.jpg\",\"contentUrl\":\"https:\\\/\\\/proagrolab.com.ar\\\/wp-content\\\/uploads\\\/2015\\\/01\\\/g_2foubpaq4__Frigorifico-5.jpg\",\"width\":450,\"height\":208},{\"@type\":\"BreadcrumbList\",\"@id\":\"https:\\\/\\\/proagrolab.com.ar\\\/uruguay-firmara-acuerdo-con-iran-para-intercambiar-productos-carnicos-por-petroleo\\\/#breadcrumb\",\"itemListElement\":[{\"@type\":\"ListItem\",\"position\":1,\"name\":\"Portada\",\"item\":\"https:\\\/\\\/proagrolab.com.ar\\\/\"},{\"@type\":\"ListItem\",\"position\":2,\"name\":\"Uruguay firmar\u00e1 acuerdo con Ir\u00e1n para intercambiar productos c\u00e1rnicos por petr\u00f3leo.\"}]},{\"@type\":\"WebSite\",\"@id\":\"https:\\\/\\\/proagrolab.com.ar\\\/#website\",\"url\":\"https:\\\/\\\/proagrolab.com.ar\\\/\",\"name\":\"Proagro Laboratorio Veterinario\",\"description\":\"Veterinary laboratory\",\"publisher\":{\"@id\":\"https:\\\/\\\/proagrolab.com.ar\\\/#organization\"},\"potentialAction\":[{\"@type\":\"SearchAction\",\"target\":{\"@type\":\"EntryPoint\",\"urlTemplate\":\"https:\\\/\\\/proagrolab.com.ar\\\/?s={search_term_string}\"},\"query-input\":{\"@type\":\"PropertyValueSpecification\",\"valueRequired\":true,\"valueName\":\"search_term_string\"}}],\"inLanguage\":\"en-US\"},{\"@type\":\"Organization\",\"@id\":\"https:\\\/\\\/proagrolab.com.ar\\\/#organization\",\"name\":\"Proagro\",\"url\":\"https:\\\/\\\/proagrolab.com.ar\\\/\",\"logo\":{\"@type\":\"ImageObject\",\"inLanguage\":\"en-US\",\"@id\":\"https:\\\/\\\/proagrolab.com.ar\\\/#\\\/schema\\\/logo\\\/image\\\/\",\"url\":\"https:\\\/\\\/proagrolab.com.ar\\\/wp-content\\\/uploads\\\/2020\\\/04\\\/logo-retina.png\",\"contentUrl\":\"https:\\\/\\\/proagrolab.com.ar\\\/wp-content\\\/uploads\\\/2020\\\/04\\\/logo-retina.png\",\"width\":478,\"height\":120,\"caption\":\"Proagro\"},\"image\":{\"@id\":\"https:\\\/\\\/proagrolab.com.ar\\\/#\\\/schema\\\/logo\\\/image\\\/\"},\"sameAs\":[\"http:\\\/\\\/www.facebook.com\\\/proagrolab\",\"https:\\\/\\\/www.instagram.com\\\/proagrolab\\\/\",\"https:\\\/\\\/www.linkedin.com\\\/company\\\/laboratorio-proagro-s-a\\\/\"]},{\"@type\":\"Person\",\"@id\":\"https:\\\/\\\/proagrolab.com.ar\\\/#\\\/schema\\\/person\\\/38003ff90bf80381f71c7d922d207444\",\"name\":\"proagrolab\"}]}<\/script>\n<!-- \/ Yoast SEO plugin. -->","yoast_head_json":{"title":"Uruguay firmar\u00e1 acuerdo con Ir\u00e1n para intercambiar productos c\u00e1rnicos por petr\u00f3leo. | Proagro","robots":{"index":"index","follow":"follow","max-snippet":"max-snippet:-1","max-image-preview":"max-image-preview:large","max-video-preview":"max-video-preview:-1"},"canonical":"https:\/\/proagrolab.com.ar\/en\/uruguay-firmara-acuerdo-con-iran-para-intercambiar-productos-carnicos-por-petroleo\/","og_locale":"en_US","og_type":"article","og_title":"Uruguay firmar\u00e1 acuerdo con Ir\u00e1n para intercambiar productos c\u00e1rnicos por petr\u00f3leo. | Proagro","og_description":"El presidente uruguayo, Jos\u00e9 Mujica, sostuvo reuniones con representantes de distintos gobiernos para abrir el umbral de negocios durante la cumbre del G77+China realizado este fin de semana en Bolivia, seg\u00fan confirm\u00f3 en una entrevista concedida al diario La Rep\u00fablica. &#8220;Entre ellos, con un n\u00facleo de negociadores de Ir\u00e1n&#8221;, precis\u00f3. Mujica agreg\u00f3 que &#8220;dentro de algunos d\u00edas va a viajar una delegaci\u00f3n del Gobierno a suscribir un acuerdo y lo tomamos como un primer paso para cerrar otros muy importantes. Se trata de un mercado con una econom\u00eda pujante e importante tecnolog\u00eda&#8221;. El mandatario explic\u00f3 que, en septiembre, Uruguay firmar\u00e1 un convenio para intercambiar carne por petr\u00f3leo con el pa\u00eds persa. Mujica agreg\u00f3 que tambi\u00e9n busca mejorar la relaci\u00f3n comercial con Rusia, pa\u00eds al que viaj\u00f3 d\u00edas atr\u00e1s el vicepresidente Danilo Astori. &#8220;Por lo que habl\u00e9 con \u00e9l, hay opciones muy favorables. Astori estuvo conversando con representantes de ese gobierno que van a estar pr\u00f3ximamente en Brasilia y probablemente podamos concretar algunos valiosos acuerdos&#8221;, afirm\u00f3. Rusia e Ir\u00e1n son dos pa\u00edses cuestionados internacionalmente. El primero, por su papel en la crisis ucraniana; y el segundo, por su plan nuclear y su aversi\u00f3n por el Estado de Israel. Sin embago, Mujica [&hellip;]","og_url":"https:\/\/proagrolab.com.ar\/uruguay-firmara-acuerdo-con-iran-para-intercambiar-productos-carnicos-por-petroleo\/","og_site_name":"Proagro","article_publisher":"http:\/\/www.facebook.com\/proagrolab","article_published_time":"2014-06-26T00:00:01+00:00","article_modified_time":"2020-07-01T19:21:48+00:00","og_image":[{"width":450,"height":208,"url":"https:\/\/proagrolab.com.ar\/wp-content\/uploads\/2015\/01\/g_2foubpaq4__Frigorifico-5.jpg","type":"image\/jpeg"}],"author":"proagrolab","twitter_card":"summary_large_image","twitter_misc":{"Written by":"proagrolab","Est. reading time":"1 minute"},"schema":{"@context":"https:\/\/schema.org","@graph":[{"@type":"Article","@id":"https:\/\/proagrolab.com.ar\/uruguay-firmara-acuerdo-con-iran-para-intercambiar-productos-carnicos-por-petroleo\/#article","isPartOf":{"@id":"https:\/\/proagrolab.com.ar\/uruguay-firmara-acuerdo-con-iran-para-intercambiar-productos-carnicos-por-petroleo\/"},"author":{"name":"proagrolab","@id":"https:\/\/proagrolab.com.ar\/#\/schema\/person\/38003ff90bf80381f71c7d922d207444"},"headline":"Uruguay firmar\u00e1 acuerdo con Ir\u00e1n para intercambiar productos c\u00e1rnicos por petr\u00f3leo.","datePublished":"2014-06-26T00:00:01+00:00","dateModified":"2020-07-01T19:21:48+00:00","mainEntityOfPage":{"@id":"https:\/\/proagrolab.com.ar\/uruguay-firmara-acuerdo-con-iran-para-intercambiar-productos-carnicos-por-petroleo\/"},"wordCount":249,"publisher":{"@id":"https:\/\/proagrolab.com.ar\/#organization"},"image":{"@id":"https:\/\/proagrolab.com.ar\/uruguay-firmara-acuerdo-con-iran-para-intercambiar-productos-carnicos-por-petroleo\/#primaryimage"},"thumbnailUrl":"https:\/\/proagrolab.com.ar\/wp-content\/uploads\/2015\/01\/g_2foubpaq4__Frigorifico-5.jpg","articleSection":["News"],"inLanguage":"en-US"},{"@type":"WebPage","@id":"https:\/\/proagrolab.com.ar\/uruguay-firmara-acuerdo-con-iran-para-intercambiar-productos-carnicos-por-petroleo\/","url":"https:\/\/proagrolab.com.ar\/uruguay-firmara-acuerdo-con-iran-para-intercambiar-productos-carnicos-por-petroleo\/","name":"Uruguay firmar\u00e1 acuerdo con Ir\u00e1n para intercambiar productos c\u00e1rnicos por petr\u00f3leo. | Proagro","isPartOf":{"@id":"https:\/\/proagrolab.com.ar\/#website"},"primaryImageOfPage":{"@id":"https:\/\/proagrolab.com.ar\/uruguay-firmara-acuerdo-con-iran-para-intercambiar-productos-carnicos-por-petroleo\/#primaryimage"},"image":{"@id":"https:\/\/proagrolab.com.ar\/uruguay-firmara-acuerdo-con-iran-para-intercambiar-productos-carnicos-por-petroleo\/#primaryimage"},"thumbnailUrl":"https:\/\/proagrolab.com.ar\/wp-content\/uploads\/2015\/01\/g_2foubpaq4__Frigorifico-5.jpg","datePublished":"2014-06-26T00:00:01+00:00","dateModified":"2020-07-01T19:21:48+00:00","breadcrumb":{"@id":"https:\/\/proagrolab.com.ar\/uruguay-firmara-acuerdo-con-iran-para-intercambiar-productos-carnicos-por-petroleo\/#breadcrumb"},"inLanguage":"en-US","potentialAction":[{"@type":"ReadAction","target":["https:\/\/proagrolab.com.ar\/uruguay-firmara-acuerdo-con-iran-para-intercambiar-productos-carnicos-por-petroleo\/"]}]},{"@type":"ImageObject","inLanguage":"en-US","@id":"https:\/\/proagrolab.com.ar\/uruguay-firmara-acuerdo-con-iran-para-intercambiar-productos-carnicos-por-petroleo\/#primaryimage","url":"https:\/\/proagrolab.com.ar\/wp-content\/uploads\/2015\/01\/g_2foubpaq4__Frigorifico-5.jpg","contentUrl":"https:\/\/proagrolab.com.ar\/wp-content\/uploads\/2015\/01\/g_2foubpaq4__Frigorifico-5.jpg","width":450,"height":208},{"@type":"BreadcrumbList","@id":"https:\/\/proagrolab.com.ar\/uruguay-firmara-acuerdo-con-iran-para-intercambiar-productos-carnicos-por-petroleo\/#breadcrumb","itemListElement":[{"@type":"ListItem","position":1,"name":"Portada","item":"https:\/\/proagrolab.com.ar\/"},{"@type":"ListItem","position":2,"name":"Uruguay firmar\u00e1 acuerdo con Ir\u00e1n para intercambiar productos c\u00e1rnicos por petr\u00f3leo."}]},{"@type":"WebSite","@id":"https:\/\/proagrolab.com.ar\/#website","url":"https:\/\/proagrolab.com.ar\/","name":"Proagro Laboratorio Veterinario","description":"Veterinary laboratory","publisher":{"@id":"https:\/\/proagrolab.com.ar\/#organization"},"potentialAction":[{"@type":"SearchAction","target":{"@type":"EntryPoint","urlTemplate":"https:\/\/proagrolab.com.ar\/?s={search_term_string}"},"query-input":{"@type":"PropertyValueSpecification","valueRequired":true,"valueName":"search_term_string"}}],"inLanguage":"en-US"},{"@type":"Organization","@id":"https:\/\/proagrolab.com.ar\/#organization","name":"Proagro","url":"https:\/\/proagrolab.com.ar\/","logo":{"@type":"ImageObject","inLanguage":"en-US","@id":"https:\/\/proagrolab.com.ar\/#\/schema\/logo\/image\/","url":"https:\/\/proagrolab.com.ar\/wp-content\/uploads\/2020\/04\/logo-retina.png","contentUrl":"https:\/\/proagrolab.com.ar\/wp-content\/uploads\/2020\/04\/logo-retina.png","width":478,"height":120,"caption":"Proagro"},"image":{"@id":"https:\/\/proagrolab.com.ar\/#\/schema\/logo\/image\/"},"sameAs":["http:\/\/www.facebook.com\/proagrolab","https:\/\/www.instagram.com\/proagrolab\/","https:\/\/www.linkedin.com\/company\/laboratorio-proagro-s-a\/"]},{"@type":"Person","@id":"https:\/\/proagrolab.com.ar\/#\/schema\/person\/38003ff90bf80381f71c7d922d207444","name":"proagrolab"}]}},"_links":{"self":[{"href":"https:\/\/proagrolab.com.ar\/en\/wp-json\/wp\/v2\/posts\/6192","targetHints":{"allow":["GET"]}}],"collection":[{"href":"https:\/\/proagrolab.com.ar\/en\/wp-json\/wp\/v2\/posts"}],"about":[{"href":"https:\/\/proagrolab.com.ar\/en\/wp-json\/wp\/v2\/types\/post"}],"author":[{"embeddable":true,"href":"https:\/\/proagrolab.com.ar\/en\/wp-json\/wp\/v2\/users\/2"}],"replies":[{"embeddable":true,"href":"https:\/\/proagrolab.com.ar\/en\/wp-json\/wp\/v2\/comments?post=6192"}],"version-history":[{"count":1,"href":"https:\/\/proagrolab.com.ar\/en\/wp-json\/wp\/v2\/posts\/6192\/revisions"}],"predecessor-version":[{"id":14428,"href":"https:\/\/proagrolab.com.ar\/en\/wp-json\/wp\/v2\/posts\/6192\/revisions\/14428"}],"wp:featuredmedia":[{"embeddable":true,"href":"https:\/\/proagrolab.com.ar\/en\/wp-json\/wp\/v2\/media\/2680"}],"wp:attachment":[{"href":"https:\/\/proagrolab.com.ar\/en\/wp-json\/wp\/v2\/media?parent=6192"}],"wp:term":[{"taxonomy":"category","embeddable":true,"href":"https:\/\/proagrolab.com.ar\/en\/wp-json\/wp\/v2\/categories?post=6192"},{"taxonomy":"post_tag","embeddable":true,"href":"https:\/\/proagrolab.com.ar\/en\/wp-json\/wp\/v2\/tags?post=6192"}],"curies":[{"name":"wp","href":"https:\/\/api.w.org\/{rel}","templated":true}]}}