{"id":6191,"date":"2014-06-26T00:00:01","date_gmt":"2014-06-26T00:00:01","guid":{"rendered":"https:\/\/proagrolab.com.ar\/argentina-realiza-gestiones-para-exportar-carne-a-los-mercados-de-canada-y-ee-uu\/"},"modified":"2020-07-01T19:21:54","modified_gmt":"2020-07-01T19:21:54","slug":"argentina-realiza-gestiones-para-exportar-carne-a-los-mercados-de-canada-y-ee-uu","status":"publish","type":"post","link":"https:\/\/proagrolab.com.ar\/en\/argentina-realiza-gestiones-para-exportar-carne-a-los-mercados-de-canada-y-ee-uu\/","title":{"rendered":"Argentina realiza gestiones para exportar carne a los mercados de Canad\u00e1 y EE.UU."},"content":{"rendered":"<p class=\"qtranxs-available-languages-message qtranxs-available-languages-message-en\"> <\/p><p>El Instituto de Promoci\u00f3n de la Carne Vacuna Argentina (IPCVA) est\u00e1 realizando acciones tendientes a introducir el producto a los mercados de Estados Unidos y Canad\u00e1.<\/p>\n<p>Las gestiones contaron con el apoyo de las embajadas argentinas en ambos pa\u00edses, la Agregadur\u00eda Agr\u00edcola y Canciller\u00eda. D\u00edas atr\u00e1s el IPCVA cumpli\u00f3 con una gira de tres d\u00edas por ambos pa\u00edses para cumplir con el mencionado objetivo.<\/p>\n<p>En ese contexto, el Presidente del IPCVA, Gonzalo \u00c1lvarez Maldonado, acompa\u00f1ado por Carlos Vuegen, Gerente General, se entrevistaron en primer t\u00e9rmino con el Diputado Bev Shipley, Presidente del Comit\u00e9 de Agricultura y Agroalimentaci\u00f3n de la C\u00e1mara de los Comunes de Canad\u00e1.<\/p>\n<p>Shipley mostr\u00f3 inter\u00e9s en la postura argentina y, ante la afirmaci\u00f3n del Instituto que no hay razones para que el mercado canadiense est\u00e9 cerrado, se comprometi\u00f3 a colaborar en el proceso de apertura.<\/p>\n<p>El segundo encuentro fue con Rob Fischer, Gerente de la cadena de supermercados FarmBoy, con quien se habl\u00f3 sobre la situaci\u00f3n del mercado y las importaciones.<\/p>\n<p>Por su parte, Canad\u00e1 es un mercado relativamente peque\u00f1o que realiza sus importaciones de carne mediante convenios pa\u00eds-pa\u00eds (actualmente lo hace con EE.UU., M\u00e9xico y Chile, mientas que Per\u00fa y Colombia est\u00e1n en proceso de aprobaci\u00f3n) y tambi\u00e9n por sistema de cuotas. Actualmente, la cuota de 11 mil toneladas de importaci\u00f3n es mayormente abastecida por Uruguay.<\/p>\n<p>En reuniones adem\u00e1s se volvi\u00f3 a hablar sobre el hecho que Canad\u00e1 est\u00e1 por obtener el ingreso a la Uni\u00f3n Europea de 35 mil toneladas de carne fresca y 15 mil toneladas de carne congelada con arancel 0, lo cual podr\u00eda significar una competencia con la Cuota Hilton y otras cuotas que tributan aranceles por encima del 20%.<\/p>\n<p>Fuente: Carnetec, 23 de junio.<br \/><\/p>","protected":false},"excerpt":{"rendered":"<p>El Instituto de Promoci\u00f3n de la Carne Vacuna Argentina (IPCVA) est\u00e1 realizando acciones tendientes a introducir el producto a los mercados de Estados Unidos y Canad\u00e1. Las gestiones contaron con el apoyo de las embajadas argentinas en ambos pa\u00edses, la Agregadur\u00eda Agr\u00edcola y Canciller\u00eda. D\u00edas atr\u00e1s el IPCVA cumpli\u00f3 con una gira de tres d\u00edas por ambos pa\u00edses para cumplir con el mencionado objetivo. En ese contexto, el Presidente del IPCVA, Gonzalo \u00c1lvarez Maldonado, acompa\u00f1ado por Carlos Vuegen, Gerente General, se entrevistaron en primer t\u00e9rmino con el Diputado Bev Shipley, Presidente del Comit\u00e9 de Agricultura y Agroalimentaci\u00f3n de la C\u00e1mara de los Comunes de Canad\u00e1. Shipley mostr\u00f3 inter\u00e9s en la postura argentina y, ante la afirmaci\u00f3n del Instituto que no hay razones para que el mercado canadiense est\u00e9 cerrado, se comprometi\u00f3 a colaborar en el proceso de apertura. El segundo encuentro fue con Rob Fischer, Gerente de la cadena de supermercados FarmBoy, con quien se habl\u00f3 sobre la situaci\u00f3n del mercado y las importaciones. Por su parte, Canad\u00e1 es un mercado relativamente peque\u00f1o que realiza sus importaciones de carne mediante convenios pa\u00eds-pa\u00eds (actualmente lo hace con EE.UU., M\u00e9xico y Chile, mientas que Per\u00fa y Colombia est\u00e1n en proceso de aprobaci\u00f3n) [&hellip;]<\/p>\n","protected":false},"author":2,"featured_media":2679,"comment_status":"closed","ping_status":"open","sticky":false,"template":"","format":"standard","meta":{"_acf_changed":false,"footnotes":""},"categories":[56],"tags":[],"class_list":["post-6191","post","type-post","status-publish","format-standard","has-post-thumbnail","hentry","category-infoganadero"],"acf":[],"yoast_head":"<!-- This site is optimized with the Yoast SEO plugin v27.4 - https:\/\/yoast.com\/product\/yoast-seo-wordpress\/ -->\n<title>Argentina realiza gestiones para exportar carne a los mercados de Canad\u00e1 y EE.UU. | Proagro<\/title>\n<meta name=\"robots\" content=\"index, follow, max-snippet:-1, max-image-preview:large, max-video-preview:-1\" \/>\n<link rel=\"canonical\" href=\"https:\/\/proagrolab.com.ar\/en\/argentina-realiza-gestiones-para-exportar-carne-a-los-mercados-de-canada-y-ee-uu\/\" \/>\n<meta property=\"og:locale\" content=\"en_US\" \/>\n<meta property=\"og:type\" content=\"article\" \/>\n<meta property=\"og:title\" content=\"Argentina realiza gestiones para exportar carne a los mercados de Canad\u00e1 y EE.UU. | Proagro\" \/>\n<meta property=\"og:description\" content=\"El Instituto de Promoci\u00f3n de la Carne Vacuna Argentina (IPCVA) est\u00e1 realizando acciones tendientes a introducir el producto a los mercados de Estados Unidos y Canad\u00e1. Las gestiones contaron con el apoyo de las embajadas argentinas en ambos pa\u00edses, la Agregadur\u00eda Agr\u00edcola y Canciller\u00eda. D\u00edas atr\u00e1s el IPCVA cumpli\u00f3 con una gira de tres d\u00edas por ambos pa\u00edses para cumplir con el mencionado objetivo. En ese contexto, el Presidente del IPCVA, Gonzalo \u00c1lvarez Maldonado, acompa\u00f1ado por Carlos Vuegen, Gerente General, se entrevistaron en primer t\u00e9rmino con el Diputado Bev Shipley, Presidente del Comit\u00e9 de Agricultura y Agroalimentaci\u00f3n de la C\u00e1mara de los Comunes de Canad\u00e1. Shipley mostr\u00f3 inter\u00e9s en la postura argentina y, ante la afirmaci\u00f3n del Instituto que no hay razones para que el mercado canadiense est\u00e9 cerrado, se comprometi\u00f3 a colaborar en el proceso de apertura. El segundo encuentro fue con Rob Fischer, Gerente de la cadena de supermercados FarmBoy, con quien se habl\u00f3 sobre la situaci\u00f3n del mercado y las importaciones. Por su parte, Canad\u00e1 es un mercado relativamente peque\u00f1o que realiza sus importaciones de carne mediante convenios pa\u00eds-pa\u00eds (actualmente lo hace con EE.UU., M\u00e9xico y Chile, mientas que Per\u00fa y Colombia est\u00e1n en proceso de aprobaci\u00f3n) [&hellip;]\" \/>\n<meta property=\"og:url\" content=\"https:\/\/proagrolab.com.ar\/argentina-realiza-gestiones-para-exportar-carne-a-los-mercados-de-canada-y-ee-uu\/\" \/>\n<meta property=\"og:site_name\" content=\"Proagro\" \/>\n<meta property=\"article:publisher\" content=\"http:\/\/www.facebook.com\/proagrolab\" \/>\n<meta property=\"article:published_time\" content=\"2014-06-26T00:00:01+00:00\" \/>\n<meta property=\"article:modified_time\" content=\"2020-07-01T19:21:54+00:00\" \/>\n<meta property=\"og:image\" content=\"https:\/\/proagrolab.com.ar\/wp-content\/uploads\/2015\/01\/g_bdnjdm8w7__Frigorifico-4.jpg\" \/>\n\t<meta property=\"og:image:width\" content=\"450\" \/>\n\t<meta property=\"og:image:height\" content=\"208\" \/>\n\t<meta property=\"og:image:type\" content=\"image\/jpeg\" \/>\n<meta name=\"author\" content=\"proagrolab\" \/>\n<meta name=\"twitter:card\" content=\"summary_large_image\" \/>\n<meta name=\"twitter:label1\" content=\"Written by\" \/>\n\t<meta name=\"twitter:data1\" content=\"proagrolab\" \/>\n\t<meta name=\"twitter:label2\" content=\"Est. reading time\" \/>\n\t<meta name=\"twitter:data2\" content=\"2 minutes\" \/>\n<script type=\"application\/ld+json\" class=\"yoast-schema-graph\">{\"@context\":\"https:\\\/\\\/schema.org\",\"@graph\":[{\"@type\":\"Article\",\"@id\":\"https:\\\/\\\/proagrolab.com.ar\\\/argentina-realiza-gestiones-para-exportar-carne-a-los-mercados-de-canada-y-ee-uu\\\/#article\",\"isPartOf\":{\"@id\":\"https:\\\/\\\/proagrolab.com.ar\\\/argentina-realiza-gestiones-para-exportar-carne-a-los-mercados-de-canada-y-ee-uu\\\/\"},\"author\":{\"name\":\"proagrolab\",\"@id\":\"https:\\\/\\\/proagrolab.com.ar\\\/#\\\/schema\\\/person\\\/38003ff90bf80381f71c7d922d207444\"},\"headline\":\"Argentina realiza gestiones para exportar carne a los mercados de Canad\u00e1 y EE.UU.\",\"datePublished\":\"2014-06-26T00:00:01+00:00\",\"dateModified\":\"2020-07-01T19:21:54+00:00\",\"mainEntityOfPage\":{\"@id\":\"https:\\\/\\\/proagrolab.com.ar\\\/argentina-realiza-gestiones-para-exportar-carne-a-los-mercados-de-canada-y-ee-uu\\\/\"},\"wordCount\":319,\"publisher\":{\"@id\":\"https:\\\/\\\/proagrolab.com.ar\\\/#organization\"},\"image\":{\"@id\":\"https:\\\/\\\/proagrolab.com.ar\\\/argentina-realiza-gestiones-para-exportar-carne-a-los-mercados-de-canada-y-ee-uu\\\/#primaryimage\"},\"thumbnailUrl\":\"https:\\\/\\\/proagrolab.com.ar\\\/wp-content\\\/uploads\\\/2015\\\/01\\\/g_bdnjdm8w7__Frigorifico-4.jpg\",\"articleSection\":[\"News\"],\"inLanguage\":\"en-US\"},{\"@type\":\"WebPage\",\"@id\":\"https:\\\/\\\/proagrolab.com.ar\\\/argentina-realiza-gestiones-para-exportar-carne-a-los-mercados-de-canada-y-ee-uu\\\/\",\"url\":\"https:\\\/\\\/proagrolab.com.ar\\\/argentina-realiza-gestiones-para-exportar-carne-a-los-mercados-de-canada-y-ee-uu\\\/\",\"name\":\"Argentina realiza gestiones para exportar carne a los mercados de Canad\u00e1 y EE.UU. | Proagro\",\"isPartOf\":{\"@id\":\"https:\\\/\\\/proagrolab.com.ar\\\/#website\"},\"primaryImageOfPage\":{\"@id\":\"https:\\\/\\\/proagrolab.com.ar\\\/argentina-realiza-gestiones-para-exportar-carne-a-los-mercados-de-canada-y-ee-uu\\\/#primaryimage\"},\"image\":{\"@id\":\"https:\\\/\\\/proagrolab.com.ar\\\/argentina-realiza-gestiones-para-exportar-carne-a-los-mercados-de-canada-y-ee-uu\\\/#primaryimage\"},\"thumbnailUrl\":\"https:\\\/\\\/proagrolab.com.ar\\\/wp-content\\\/uploads\\\/2015\\\/01\\\/g_bdnjdm8w7__Frigorifico-4.jpg\",\"datePublished\":\"2014-06-26T00:00:01+00:00\",\"dateModified\":\"2020-07-01T19:21:54+00:00\",\"breadcrumb\":{\"@id\":\"https:\\\/\\\/proagrolab.com.ar\\\/argentina-realiza-gestiones-para-exportar-carne-a-los-mercados-de-canada-y-ee-uu\\\/#breadcrumb\"},\"inLanguage\":\"en-US\",\"potentialAction\":[{\"@type\":\"ReadAction\",\"target\":[\"https:\\\/\\\/proagrolab.com.ar\\\/argentina-realiza-gestiones-para-exportar-carne-a-los-mercados-de-canada-y-ee-uu\\\/\"]}]},{\"@type\":\"ImageObject\",\"inLanguage\":\"en-US\",\"@id\":\"https:\\\/\\\/proagrolab.com.ar\\\/argentina-realiza-gestiones-para-exportar-carne-a-los-mercados-de-canada-y-ee-uu\\\/#primaryimage\",\"url\":\"https:\\\/\\\/proagrolab.com.ar\\\/wp-content\\\/uploads\\\/2015\\\/01\\\/g_bdnjdm8w7__Frigorifico-4.jpg\",\"contentUrl\":\"https:\\\/\\\/proagrolab.com.ar\\\/wp-content\\\/uploads\\\/2015\\\/01\\\/g_bdnjdm8w7__Frigorifico-4.jpg\",\"width\":450,\"height\":208},{\"@type\":\"BreadcrumbList\",\"@id\":\"https:\\\/\\\/proagrolab.com.ar\\\/argentina-realiza-gestiones-para-exportar-carne-a-los-mercados-de-canada-y-ee-uu\\\/#breadcrumb\",\"itemListElement\":[{\"@type\":\"ListItem\",\"position\":1,\"name\":\"Portada\",\"item\":\"https:\\\/\\\/proagrolab.com.ar\\\/\"},{\"@type\":\"ListItem\",\"position\":2,\"name\":\"Argentina realiza gestiones para exportar carne a los mercados de Canad\u00e1 y EE.UU.\"}]},{\"@type\":\"WebSite\",\"@id\":\"https:\\\/\\\/proagrolab.com.ar\\\/#website\",\"url\":\"https:\\\/\\\/proagrolab.com.ar\\\/\",\"name\":\"Proagro Laboratorio Veterinario\",\"description\":\"Veterinary laboratory\",\"publisher\":{\"@id\":\"https:\\\/\\\/proagrolab.com.ar\\\/#organization\"},\"potentialAction\":[{\"@type\":\"SearchAction\",\"target\":{\"@type\":\"EntryPoint\",\"urlTemplate\":\"https:\\\/\\\/proagrolab.com.ar\\\/?s={search_term_string}\"},\"query-input\":{\"@type\":\"PropertyValueSpecification\",\"valueRequired\":true,\"valueName\":\"search_term_string\"}}],\"inLanguage\":\"en-US\"},{\"@type\":\"Organization\",\"@id\":\"https:\\\/\\\/proagrolab.com.ar\\\/#organization\",\"name\":\"Proagro\",\"url\":\"https:\\\/\\\/proagrolab.com.ar\\\/\",\"logo\":{\"@type\":\"ImageObject\",\"inLanguage\":\"en-US\",\"@id\":\"https:\\\/\\\/proagrolab.com.ar\\\/#\\\/schema\\\/logo\\\/image\\\/\",\"url\":\"https:\\\/\\\/proagrolab.com.ar\\\/wp-content\\\/uploads\\\/2020\\\/04\\\/logo-retina.png\",\"contentUrl\":\"https:\\\/\\\/proagrolab.com.ar\\\/wp-content\\\/uploads\\\/2020\\\/04\\\/logo-retina.png\",\"width\":478,\"height\":120,\"caption\":\"Proagro\"},\"image\":{\"@id\":\"https:\\\/\\\/proagrolab.com.ar\\\/#\\\/schema\\\/logo\\\/image\\\/\"},\"sameAs\":[\"http:\\\/\\\/www.facebook.com\\\/proagrolab\",\"https:\\\/\\\/www.instagram.com\\\/proagrolab\\\/\",\"https:\\\/\\\/www.linkedin.com\\\/company\\\/laboratorio-proagro-s-a\\\/\"]},{\"@type\":\"Person\",\"@id\":\"https:\\\/\\\/proagrolab.com.ar\\\/#\\\/schema\\\/person\\\/38003ff90bf80381f71c7d922d207444\",\"name\":\"proagrolab\"}]}<\/script>\n<!-- \/ Yoast SEO plugin. -->","yoast_head_json":{"title":"Argentina realiza gestiones para exportar carne a los mercados de Canad\u00e1 y EE.UU. | Proagro","robots":{"index":"index","follow":"follow","max-snippet":"max-snippet:-1","max-image-preview":"max-image-preview:large","max-video-preview":"max-video-preview:-1"},"canonical":"https:\/\/proagrolab.com.ar\/en\/argentina-realiza-gestiones-para-exportar-carne-a-los-mercados-de-canada-y-ee-uu\/","og_locale":"en_US","og_type":"article","og_title":"Argentina realiza gestiones para exportar carne a los mercados de Canad\u00e1 y EE.UU. | Proagro","og_description":"El Instituto de Promoci\u00f3n de la Carne Vacuna Argentina (IPCVA) est\u00e1 realizando acciones tendientes a introducir el producto a los mercados de Estados Unidos y Canad\u00e1. Las gestiones contaron con el apoyo de las embajadas argentinas en ambos pa\u00edses, la Agregadur\u00eda Agr\u00edcola y Canciller\u00eda. D\u00edas atr\u00e1s el IPCVA cumpli\u00f3 con una gira de tres d\u00edas por ambos pa\u00edses para cumplir con el mencionado objetivo. En ese contexto, el Presidente del IPCVA, Gonzalo \u00c1lvarez Maldonado, acompa\u00f1ado por Carlos Vuegen, Gerente General, se entrevistaron en primer t\u00e9rmino con el Diputado Bev Shipley, Presidente del Comit\u00e9 de Agricultura y Agroalimentaci\u00f3n de la C\u00e1mara de los Comunes de Canad\u00e1. Shipley mostr\u00f3 inter\u00e9s en la postura argentina y, ante la afirmaci\u00f3n del Instituto que no hay razones para que el mercado canadiense est\u00e9 cerrado, se comprometi\u00f3 a colaborar en el proceso de apertura. El segundo encuentro fue con Rob Fischer, Gerente de la cadena de supermercados FarmBoy, con quien se habl\u00f3 sobre la situaci\u00f3n del mercado y las importaciones. Por su parte, Canad\u00e1 es un mercado relativamente peque\u00f1o que realiza sus importaciones de carne mediante convenios pa\u00eds-pa\u00eds (actualmente lo hace con EE.UU., M\u00e9xico y Chile, mientas que Per\u00fa y Colombia est\u00e1n en proceso de aprobaci\u00f3n) [&hellip;]","og_url":"https:\/\/proagrolab.com.ar\/argentina-realiza-gestiones-para-exportar-carne-a-los-mercados-de-canada-y-ee-uu\/","og_site_name":"Proagro","article_publisher":"http:\/\/www.facebook.com\/proagrolab","article_published_time":"2014-06-26T00:00:01+00:00","article_modified_time":"2020-07-01T19:21:54+00:00","og_image":[{"width":450,"height":208,"url":"https:\/\/proagrolab.com.ar\/wp-content\/uploads\/2015\/01\/g_bdnjdm8w7__Frigorifico-4.jpg","type":"image\/jpeg"}],"author":"proagrolab","twitter_card":"summary_large_image","twitter_misc":{"Written by":"proagrolab","Est. reading time":"2 minutes"},"schema":{"@context":"https:\/\/schema.org","@graph":[{"@type":"Article","@id":"https:\/\/proagrolab.com.ar\/argentina-realiza-gestiones-para-exportar-carne-a-los-mercados-de-canada-y-ee-uu\/#article","isPartOf":{"@id":"https:\/\/proagrolab.com.ar\/argentina-realiza-gestiones-para-exportar-carne-a-los-mercados-de-canada-y-ee-uu\/"},"author":{"name":"proagrolab","@id":"https:\/\/proagrolab.com.ar\/#\/schema\/person\/38003ff90bf80381f71c7d922d207444"},"headline":"Argentina realiza gestiones para exportar carne a los mercados de Canad\u00e1 y EE.UU.","datePublished":"2014-06-26T00:00:01+00:00","dateModified":"2020-07-01T19:21:54+00:00","mainEntityOfPage":{"@id":"https:\/\/proagrolab.com.ar\/argentina-realiza-gestiones-para-exportar-carne-a-los-mercados-de-canada-y-ee-uu\/"},"wordCount":319,"publisher":{"@id":"https:\/\/proagrolab.com.ar\/#organization"},"image":{"@id":"https:\/\/proagrolab.com.ar\/argentina-realiza-gestiones-para-exportar-carne-a-los-mercados-de-canada-y-ee-uu\/#primaryimage"},"thumbnailUrl":"https:\/\/proagrolab.com.ar\/wp-content\/uploads\/2015\/01\/g_bdnjdm8w7__Frigorifico-4.jpg","articleSection":["News"],"inLanguage":"en-US"},{"@type":"WebPage","@id":"https:\/\/proagrolab.com.ar\/argentina-realiza-gestiones-para-exportar-carne-a-los-mercados-de-canada-y-ee-uu\/","url":"https:\/\/proagrolab.com.ar\/argentina-realiza-gestiones-para-exportar-carne-a-los-mercados-de-canada-y-ee-uu\/","name":"Argentina realiza gestiones para exportar carne a los mercados de Canad\u00e1 y EE.UU. | Proagro","isPartOf":{"@id":"https:\/\/proagrolab.com.ar\/#website"},"primaryImageOfPage":{"@id":"https:\/\/proagrolab.com.ar\/argentina-realiza-gestiones-para-exportar-carne-a-los-mercados-de-canada-y-ee-uu\/#primaryimage"},"image":{"@id":"https:\/\/proagrolab.com.ar\/argentina-realiza-gestiones-para-exportar-carne-a-los-mercados-de-canada-y-ee-uu\/#primaryimage"},"thumbnailUrl":"https:\/\/proagrolab.com.ar\/wp-content\/uploads\/2015\/01\/g_bdnjdm8w7__Frigorifico-4.jpg","datePublished":"2014-06-26T00:00:01+00:00","dateModified":"2020-07-01T19:21:54+00:00","breadcrumb":{"@id":"https:\/\/proagrolab.com.ar\/argentina-realiza-gestiones-para-exportar-carne-a-los-mercados-de-canada-y-ee-uu\/#breadcrumb"},"inLanguage":"en-US","potentialAction":[{"@type":"ReadAction","target":["https:\/\/proagrolab.com.ar\/argentina-realiza-gestiones-para-exportar-carne-a-los-mercados-de-canada-y-ee-uu\/"]}]},{"@type":"ImageObject","inLanguage":"en-US","@id":"https:\/\/proagrolab.com.ar\/argentina-realiza-gestiones-para-exportar-carne-a-los-mercados-de-canada-y-ee-uu\/#primaryimage","url":"https:\/\/proagrolab.com.ar\/wp-content\/uploads\/2015\/01\/g_bdnjdm8w7__Frigorifico-4.jpg","contentUrl":"https:\/\/proagrolab.com.ar\/wp-content\/uploads\/2015\/01\/g_bdnjdm8w7__Frigorifico-4.jpg","width":450,"height":208},{"@type":"BreadcrumbList","@id":"https:\/\/proagrolab.com.ar\/argentina-realiza-gestiones-para-exportar-carne-a-los-mercados-de-canada-y-ee-uu\/#breadcrumb","itemListElement":[{"@type":"ListItem","position":1,"name":"Portada","item":"https:\/\/proagrolab.com.ar\/"},{"@type":"ListItem","position":2,"name":"Argentina realiza gestiones para exportar carne a los mercados de Canad\u00e1 y EE.UU."}]},{"@type":"WebSite","@id":"https:\/\/proagrolab.com.ar\/#website","url":"https:\/\/proagrolab.com.ar\/","name":"Proagro Laboratorio Veterinario","description":"Veterinary laboratory","publisher":{"@id":"https:\/\/proagrolab.com.ar\/#organization"},"potentialAction":[{"@type":"SearchAction","target":{"@type":"EntryPoint","urlTemplate":"https:\/\/proagrolab.com.ar\/?s={search_term_string}"},"query-input":{"@type":"PropertyValueSpecification","valueRequired":true,"valueName":"search_term_string"}}],"inLanguage":"en-US"},{"@type":"Organization","@id":"https:\/\/proagrolab.com.ar\/#organization","name":"Proagro","url":"https:\/\/proagrolab.com.ar\/","logo":{"@type":"ImageObject","inLanguage":"en-US","@id":"https:\/\/proagrolab.com.ar\/#\/schema\/logo\/image\/","url":"https:\/\/proagrolab.com.ar\/wp-content\/uploads\/2020\/04\/logo-retina.png","contentUrl":"https:\/\/proagrolab.com.ar\/wp-content\/uploads\/2020\/04\/logo-retina.png","width":478,"height":120,"caption":"Proagro"},"image":{"@id":"https:\/\/proagrolab.com.ar\/#\/schema\/logo\/image\/"},"sameAs":["http:\/\/www.facebook.com\/proagrolab","https:\/\/www.instagram.com\/proagrolab\/","https:\/\/www.linkedin.com\/company\/laboratorio-proagro-s-a\/"]},{"@type":"Person","@id":"https:\/\/proagrolab.com.ar\/#\/schema\/person\/38003ff90bf80381f71c7d922d207444","name":"proagrolab"}]}},"_links":{"self":[{"href":"https:\/\/proagrolab.com.ar\/en\/wp-json\/wp\/v2\/posts\/6191","targetHints":{"allow":["GET"]}}],"collection":[{"href":"https:\/\/proagrolab.com.ar\/en\/wp-json\/wp\/v2\/posts"}],"about":[{"href":"https:\/\/proagrolab.com.ar\/en\/wp-json\/wp\/v2\/types\/post"}],"author":[{"embeddable":true,"href":"https:\/\/proagrolab.com.ar\/en\/wp-json\/wp\/v2\/users\/2"}],"replies":[{"embeddable":true,"href":"https:\/\/proagrolab.com.ar\/en\/wp-json\/wp\/v2\/comments?post=6191"}],"version-history":[{"count":1,"href":"https:\/\/proagrolab.com.ar\/en\/wp-json\/wp\/v2\/posts\/6191\/revisions"}],"predecessor-version":[{"id":14429,"href":"https:\/\/proagrolab.com.ar\/en\/wp-json\/wp\/v2\/posts\/6191\/revisions\/14429"}],"wp:featuredmedia":[{"embeddable":true,"href":"https:\/\/proagrolab.com.ar\/en\/wp-json\/wp\/v2\/media\/2679"}],"wp:attachment":[{"href":"https:\/\/proagrolab.com.ar\/en\/wp-json\/wp\/v2\/media?parent=6191"}],"wp:term":[{"taxonomy":"category","embeddable":true,"href":"https:\/\/proagrolab.com.ar\/en\/wp-json\/wp\/v2\/categories?post=6191"},{"taxonomy":"post_tag","embeddable":true,"href":"https:\/\/proagrolab.com.ar\/en\/wp-json\/wp\/v2\/tags?post=6191"}],"curies":[{"name":"wp","href":"https:\/\/api.w.org\/{rel}","templated":true}]}}