{"id":6188,"date":"2014-06-23T00:00:01","date_gmt":"2014-06-23T00:00:01","guid":{"rendered":"https:\/\/proagrolab.com.ar\/preocupa-una-baja-en-el-peso-de-faena\/"},"modified":"2020-07-01T19:21:30","modified_gmt":"2020-07-01T19:21:30","slug":"preocupa-una-baja-en-el-peso-de-faena","status":"publish","type":"post","link":"https:\/\/proagrolab.com.ar\/en\/preocupa-una-baja-en-el-peso-de-faena\/","title":{"rendered":"Preocupa una baja en el peso de faena."},"content":{"rendered":"<p class=\"qtranxs-available-languages-message qtranxs-available-languages-message-en\"> <\/p><p>A pesar de que el pa\u00eds busca obtener m\u00e1s kilos de carne por cabeza, se est\u00e1 dando una retracci\u00f3n productiva y una ca\u00edda en el peso de los animales. <\/p>\n<p>La Argentina contin\u00faa contra la tendencia mundial de conseguir m\u00e1s kilos de carne por cabeza de ganado y preocupa la ca\u00edda de peso de los animales a faena, con una retracci\u00f3n productiva en las principales regiones del pa\u00eds.<\/p>\n<p>As\u00ed lo ratific\u00f3 el \u00faltimo informe de CICCRA, la C\u00e1mara de Industria y Comercio de Carnes y Derivados de la Rep\u00fablica Argentina.<\/p>\n<p>&#8220;En el caso de la producci\u00f3n de carne, la magnitud de la ca\u00edda se vio potenciada por la disminuci\u00f3n del peso en gancho de los animales faenados&#8221;, sostuvo el informe.<\/p>\n<p>En mayo se habr\u00edan faenado alrededor de 1,027 mill\u00f3n de cabezas de ganado vacuno, lo que arroj\u00f3 una baja del 2,9% anual. <\/p>\n<p>Por lo tanto, en t\u00e9rminos absolutos, se sacrificaron 31.122 cabezas menos que en mayo de 2012 y la producci\u00f3n de carne vacuna totaliz\u00f3 224 mil toneladas res con hueso, volumen que se ubic\u00f3 un 6,4% por debajo del registrado un a\u00f1o atr\u00e1s. <\/p>\n<p>La diferencia de ritmos entre la retracci\u00f3n de la faena y de la producci\u00f3n de carne se explic\u00f3 por el menor peso promedio de la res en gancho, que cay\u00f3 un 3,6% anual, hasta ubicarse en 218 kilogramos promedio en mayo de 2014, para la C\u00e1mara. <\/p>\n<p>En tanto, el analista de mercado Ignacio Iriarte asegur\u00f3 que en el a\u00f1o 2013 se faenaron 2,51 millones de novillos, que dieron 684 mil toneladas de carne en gancho, rindiendo cada animal 272 kilogramos de carne por res. <\/p>\n<p>&#8220;Se faenaron tambi\u00e9n 2,9 millones de novillitos, que proporcionaron 639 mil toneladas y rindieron en promedio 220 kilogramos de carne, a lo que hay que agregar la matanza de 1,7 mill\u00f3n de terneros machos, que aportaron 309 mil toneladas, promediando s\u00f3lo 180 kilogramos\/res, o sea, medias reses de 90 kilos&#8221;, sostuvo Iriarte a un matutino cordob\u00e9s.<\/p>\n<p>En el caso de las hembras, el a\u00f1o pasado se mataron 2.315.000 vacas, que dieron 534 mil toneladas, con un rendimiento por vaca de 231 kilogramos por res. <\/p>\n<p>De vaquillonas, se faen\u00f3 1,09 mill\u00f3n de cabezas, que ofrecieron 223 mil toneladas y rindieron 204 kilos promedio, mientras que adem\u00e1s se mataron 2,17 millones de terneras, que aportaron 380 mil toneladas y dieron en promedio 174 kilogramos res cada una.<\/p>\n<p>&#8220;Si se toman las estad\u00edsticas de stock ganadero del Senasa, se advierte que desde 2008 hasta 2014 el stock de Buenos Aires cay\u00f3 un 11,5 por ciento, el de Entre R\u00edos un tres por ciento, el de Santa Fe un 10,3 por ciento, el de C\u00f3rdoba un 22,8 por ciento y el de La Pampa, 26,4&#8221;, expres\u00f3.<\/p>\n<p>En tanto, en el NEA y NOA y Corrientes se mantiene estable.<\/p>\n<p>Fuente: Ambito Financiero, 23 de junio.<br \/><\/p>","protected":false},"excerpt":{"rendered":"<p>A pesar de que el pa\u00eds busca obtener m\u00e1s kilos de carne por cabeza, se est\u00e1 dando una retracci\u00f3n productiva y una ca\u00edda en el peso de los animales. La Argentina contin\u00faa contra la tendencia mundial de conseguir m\u00e1s kilos de carne por cabeza de ganado y preocupa la ca\u00edda de peso de los animales a faena, con una retracci\u00f3n productiva en las principales regiones del pa\u00eds. As\u00ed lo ratific\u00f3 el \u00faltimo informe de CICCRA, la C\u00e1mara de Industria y Comercio de Carnes y Derivados de la Rep\u00fablica Argentina. &#8220;En el caso de la producci\u00f3n de carne, la magnitud de la ca\u00edda se vio potenciada por la disminuci\u00f3n del peso en gancho de los animales faenados&#8221;, sostuvo el informe. En mayo se habr\u00edan faenado alrededor de 1,027 mill\u00f3n de cabezas de ganado vacuno, lo que arroj\u00f3 una baja del 2,9% anual. Por lo tanto, en t\u00e9rminos absolutos, se sacrificaron 31.122 cabezas menos que en mayo de 2012 y la producci\u00f3n de carne vacuna totaliz\u00f3 224 mil toneladas res con hueso, volumen que se ubic\u00f3 un 6,4% por debajo del registrado un a\u00f1o atr\u00e1s. La diferencia de ritmos entre la retracci\u00f3n de la faena y de la producci\u00f3n de carne se [&hellip;]<\/p>\n","protected":false},"author":2,"featured_media":2676,"comment_status":"closed","ping_status":"open","sticky":false,"template":"","format":"standard","meta":{"_acf_changed":false,"footnotes":""},"categories":[56],"tags":[],"class_list":["post-6188","post","type-post","status-publish","format-standard","has-post-thumbnail","hentry","category-infoganadero"],"acf":[],"yoast_head":"<!-- This site is optimized with the Yoast SEO plugin v27.4 - https:\/\/yoast.com\/product\/yoast-seo-wordpress\/ -->\n<title>Preocupa una baja en el peso de faena. | Proagro<\/title>\n<meta name=\"robots\" content=\"index, follow, max-snippet:-1, max-image-preview:large, max-video-preview:-1\" \/>\n<link rel=\"canonical\" href=\"https:\/\/proagrolab.com.ar\/en\/preocupa-una-baja-en-el-peso-de-faena\/\" \/>\n<meta property=\"og:locale\" content=\"en_US\" \/>\n<meta property=\"og:type\" content=\"article\" \/>\n<meta property=\"og:title\" content=\"Preocupa una baja en el peso de faena. | Proagro\" \/>\n<meta property=\"og:description\" content=\"A pesar de que el pa\u00eds busca obtener m\u00e1s kilos de carne por cabeza, se est\u00e1 dando una retracci\u00f3n productiva y una ca\u00edda en el peso de los animales. La Argentina contin\u00faa contra la tendencia mundial de conseguir m\u00e1s kilos de carne por cabeza de ganado y preocupa la ca\u00edda de peso de los animales a faena, con una retracci\u00f3n productiva en las principales regiones del pa\u00eds. As\u00ed lo ratific\u00f3 el \u00faltimo informe de CICCRA, la C\u00e1mara de Industria y Comercio de Carnes y Derivados de la Rep\u00fablica Argentina. &#8220;En el caso de la producci\u00f3n de carne, la magnitud de la ca\u00edda se vio potenciada por la disminuci\u00f3n del peso en gancho de los animales faenados&#8221;, sostuvo el informe. En mayo se habr\u00edan faenado alrededor de 1,027 mill\u00f3n de cabezas de ganado vacuno, lo que arroj\u00f3 una baja del 2,9% anual. Por lo tanto, en t\u00e9rminos absolutos, se sacrificaron 31.122 cabezas menos que en mayo de 2012 y la producci\u00f3n de carne vacuna totaliz\u00f3 224 mil toneladas res con hueso, volumen que se ubic\u00f3 un 6,4% por debajo del registrado un a\u00f1o atr\u00e1s. La diferencia de ritmos entre la retracci\u00f3n de la faena y de la producci\u00f3n de carne se [&hellip;]\" \/>\n<meta property=\"og:url\" content=\"https:\/\/proagrolab.com.ar\/preocupa-una-baja-en-el-peso-de-faena\/\" \/>\n<meta property=\"og:site_name\" content=\"Proagro\" \/>\n<meta property=\"article:publisher\" content=\"http:\/\/www.facebook.com\/proagrolab\" \/>\n<meta property=\"article:published_time\" content=\"2014-06-23T00:00:01+00:00\" \/>\n<meta property=\"article:modified_time\" content=\"2020-07-01T19:21:30+00:00\" \/>\n<meta property=\"og:image\" content=\"https:\/\/proagrolab.com.ar\/wp-content\/uploads\/2015\/01\/g_crcb1nt0l__Terneros-san-luis.jpg\" \/>\n\t<meta property=\"og:image:width\" content=\"450\" \/>\n\t<meta property=\"og:image:height\" content=\"208\" \/>\n\t<meta property=\"og:image:type\" content=\"image\/jpeg\" \/>\n<meta name=\"author\" content=\"proagrolab\" \/>\n<meta name=\"twitter:card\" content=\"summary_large_image\" \/>\n<meta name=\"twitter:label1\" content=\"Written by\" \/>\n\t<meta name=\"twitter:data1\" content=\"proagrolab\" \/>\n\t<meta name=\"twitter:label2\" content=\"Est. reading time\" \/>\n\t<meta name=\"twitter:data2\" content=\"2 minutes\" \/>\n<script type=\"application\/ld+json\" class=\"yoast-schema-graph\">{\"@context\":\"https:\\\/\\\/schema.org\",\"@graph\":[{\"@type\":\"Article\",\"@id\":\"https:\\\/\\\/proagrolab.com.ar\\\/preocupa-una-baja-en-el-peso-de-faena\\\/#article\",\"isPartOf\":{\"@id\":\"https:\\\/\\\/proagrolab.com.ar\\\/preocupa-una-baja-en-el-peso-de-faena\\\/\"},\"author\":{\"name\":\"proagrolab\",\"@id\":\"https:\\\/\\\/proagrolab.com.ar\\\/#\\\/schema\\\/person\\\/38003ff90bf80381f71c7d922d207444\"},\"headline\":\"Preocupa una baja en el peso de faena.\",\"datePublished\":\"2014-06-23T00:00:01+00:00\",\"dateModified\":\"2020-07-01T19:21:30+00:00\",\"mainEntityOfPage\":{\"@id\":\"https:\\\/\\\/proagrolab.com.ar\\\/preocupa-una-baja-en-el-peso-de-faena\\\/\"},\"wordCount\":474,\"publisher\":{\"@id\":\"https:\\\/\\\/proagrolab.com.ar\\\/#organization\"},\"image\":{\"@id\":\"https:\\\/\\\/proagrolab.com.ar\\\/preocupa-una-baja-en-el-peso-de-faena\\\/#primaryimage\"},\"thumbnailUrl\":\"https:\\\/\\\/proagrolab.com.ar\\\/wp-content\\\/uploads\\\/2015\\\/01\\\/g_crcb1nt0l__Terneros-san-luis.jpg\",\"articleSection\":[\"News\"],\"inLanguage\":\"en-US\"},{\"@type\":\"WebPage\",\"@id\":\"https:\\\/\\\/proagrolab.com.ar\\\/preocupa-una-baja-en-el-peso-de-faena\\\/\",\"url\":\"https:\\\/\\\/proagrolab.com.ar\\\/preocupa-una-baja-en-el-peso-de-faena\\\/\",\"name\":\"Preocupa una baja en el peso de faena. | Proagro\",\"isPartOf\":{\"@id\":\"https:\\\/\\\/proagrolab.com.ar\\\/#website\"},\"primaryImageOfPage\":{\"@id\":\"https:\\\/\\\/proagrolab.com.ar\\\/preocupa-una-baja-en-el-peso-de-faena\\\/#primaryimage\"},\"image\":{\"@id\":\"https:\\\/\\\/proagrolab.com.ar\\\/preocupa-una-baja-en-el-peso-de-faena\\\/#primaryimage\"},\"thumbnailUrl\":\"https:\\\/\\\/proagrolab.com.ar\\\/wp-content\\\/uploads\\\/2015\\\/01\\\/g_crcb1nt0l__Terneros-san-luis.jpg\",\"datePublished\":\"2014-06-23T00:00:01+00:00\",\"dateModified\":\"2020-07-01T19:21:30+00:00\",\"breadcrumb\":{\"@id\":\"https:\\\/\\\/proagrolab.com.ar\\\/preocupa-una-baja-en-el-peso-de-faena\\\/#breadcrumb\"},\"inLanguage\":\"en-US\",\"potentialAction\":[{\"@type\":\"ReadAction\",\"target\":[\"https:\\\/\\\/proagrolab.com.ar\\\/preocupa-una-baja-en-el-peso-de-faena\\\/\"]}]},{\"@type\":\"ImageObject\",\"inLanguage\":\"en-US\",\"@id\":\"https:\\\/\\\/proagrolab.com.ar\\\/preocupa-una-baja-en-el-peso-de-faena\\\/#primaryimage\",\"url\":\"https:\\\/\\\/proagrolab.com.ar\\\/wp-content\\\/uploads\\\/2015\\\/01\\\/g_crcb1nt0l__Terneros-san-luis.jpg\",\"contentUrl\":\"https:\\\/\\\/proagrolab.com.ar\\\/wp-content\\\/uploads\\\/2015\\\/01\\\/g_crcb1nt0l__Terneros-san-luis.jpg\",\"width\":450,\"height\":208},{\"@type\":\"BreadcrumbList\",\"@id\":\"https:\\\/\\\/proagrolab.com.ar\\\/preocupa-una-baja-en-el-peso-de-faena\\\/#breadcrumb\",\"itemListElement\":[{\"@type\":\"ListItem\",\"position\":1,\"name\":\"Portada\",\"item\":\"https:\\\/\\\/proagrolab.com.ar\\\/\"},{\"@type\":\"ListItem\",\"position\":2,\"name\":\"Preocupa una baja en el peso de faena.\"}]},{\"@type\":\"WebSite\",\"@id\":\"https:\\\/\\\/proagrolab.com.ar\\\/#website\",\"url\":\"https:\\\/\\\/proagrolab.com.ar\\\/\",\"name\":\"Proagro Laboratorio Veterinario\",\"description\":\"Veterinary laboratory\",\"publisher\":{\"@id\":\"https:\\\/\\\/proagrolab.com.ar\\\/#organization\"},\"potentialAction\":[{\"@type\":\"SearchAction\",\"target\":{\"@type\":\"EntryPoint\",\"urlTemplate\":\"https:\\\/\\\/proagrolab.com.ar\\\/?s={search_term_string}\"},\"query-input\":{\"@type\":\"PropertyValueSpecification\",\"valueRequired\":true,\"valueName\":\"search_term_string\"}}],\"inLanguage\":\"en-US\"},{\"@type\":\"Organization\",\"@id\":\"https:\\\/\\\/proagrolab.com.ar\\\/#organization\",\"name\":\"Proagro\",\"url\":\"https:\\\/\\\/proagrolab.com.ar\\\/\",\"logo\":{\"@type\":\"ImageObject\",\"inLanguage\":\"en-US\",\"@id\":\"https:\\\/\\\/proagrolab.com.ar\\\/#\\\/schema\\\/logo\\\/image\\\/\",\"url\":\"https:\\\/\\\/proagrolab.com.ar\\\/wp-content\\\/uploads\\\/2020\\\/04\\\/logo-retina.png\",\"contentUrl\":\"https:\\\/\\\/proagrolab.com.ar\\\/wp-content\\\/uploads\\\/2020\\\/04\\\/logo-retina.png\",\"width\":478,\"height\":120,\"caption\":\"Proagro\"},\"image\":{\"@id\":\"https:\\\/\\\/proagrolab.com.ar\\\/#\\\/schema\\\/logo\\\/image\\\/\"},\"sameAs\":[\"http:\\\/\\\/www.facebook.com\\\/proagrolab\",\"https:\\\/\\\/www.instagram.com\\\/proagrolab\\\/\",\"https:\\\/\\\/www.linkedin.com\\\/company\\\/laboratorio-proagro-s-a\\\/\"]},{\"@type\":\"Person\",\"@id\":\"https:\\\/\\\/proagrolab.com.ar\\\/#\\\/schema\\\/person\\\/38003ff90bf80381f71c7d922d207444\",\"name\":\"proagrolab\"}]}<\/script>\n<!-- \/ Yoast SEO plugin. -->","yoast_head_json":{"title":"Preocupa una baja en el peso de faena. | Proagro","robots":{"index":"index","follow":"follow","max-snippet":"max-snippet:-1","max-image-preview":"max-image-preview:large","max-video-preview":"max-video-preview:-1"},"canonical":"https:\/\/proagrolab.com.ar\/en\/preocupa-una-baja-en-el-peso-de-faena\/","og_locale":"en_US","og_type":"article","og_title":"Preocupa una baja en el peso de faena. | Proagro","og_description":"A pesar de que el pa\u00eds busca obtener m\u00e1s kilos de carne por cabeza, se est\u00e1 dando una retracci\u00f3n productiva y una ca\u00edda en el peso de los animales. La Argentina contin\u00faa contra la tendencia mundial de conseguir m\u00e1s kilos de carne por cabeza de ganado y preocupa la ca\u00edda de peso de los animales a faena, con una retracci\u00f3n productiva en las principales regiones del pa\u00eds. As\u00ed lo ratific\u00f3 el \u00faltimo informe de CICCRA, la C\u00e1mara de Industria y Comercio de Carnes y Derivados de la Rep\u00fablica Argentina. &#8220;En el caso de la producci\u00f3n de carne, la magnitud de la ca\u00edda se vio potenciada por la disminuci\u00f3n del peso en gancho de los animales faenados&#8221;, sostuvo el informe. En mayo se habr\u00edan faenado alrededor de 1,027 mill\u00f3n de cabezas de ganado vacuno, lo que arroj\u00f3 una baja del 2,9% anual. Por lo tanto, en t\u00e9rminos absolutos, se sacrificaron 31.122 cabezas menos que en mayo de 2012 y la producci\u00f3n de carne vacuna totaliz\u00f3 224 mil toneladas res con hueso, volumen que se ubic\u00f3 un 6,4% por debajo del registrado un a\u00f1o atr\u00e1s. La diferencia de ritmos entre la retracci\u00f3n de la faena y de la producci\u00f3n de carne se [&hellip;]","og_url":"https:\/\/proagrolab.com.ar\/preocupa-una-baja-en-el-peso-de-faena\/","og_site_name":"Proagro","article_publisher":"http:\/\/www.facebook.com\/proagrolab","article_published_time":"2014-06-23T00:00:01+00:00","article_modified_time":"2020-07-01T19:21:30+00:00","og_image":[{"width":450,"height":208,"url":"https:\/\/proagrolab.com.ar\/wp-content\/uploads\/2015\/01\/g_crcb1nt0l__Terneros-san-luis.jpg","type":"image\/jpeg"}],"author":"proagrolab","twitter_card":"summary_large_image","twitter_misc":{"Written by":"proagrolab","Est. reading time":"2 minutes"},"schema":{"@context":"https:\/\/schema.org","@graph":[{"@type":"Article","@id":"https:\/\/proagrolab.com.ar\/preocupa-una-baja-en-el-peso-de-faena\/#article","isPartOf":{"@id":"https:\/\/proagrolab.com.ar\/preocupa-una-baja-en-el-peso-de-faena\/"},"author":{"name":"proagrolab","@id":"https:\/\/proagrolab.com.ar\/#\/schema\/person\/38003ff90bf80381f71c7d922d207444"},"headline":"Preocupa una baja en el peso de faena.","datePublished":"2014-06-23T00:00:01+00:00","dateModified":"2020-07-01T19:21:30+00:00","mainEntityOfPage":{"@id":"https:\/\/proagrolab.com.ar\/preocupa-una-baja-en-el-peso-de-faena\/"},"wordCount":474,"publisher":{"@id":"https:\/\/proagrolab.com.ar\/#organization"},"image":{"@id":"https:\/\/proagrolab.com.ar\/preocupa-una-baja-en-el-peso-de-faena\/#primaryimage"},"thumbnailUrl":"https:\/\/proagrolab.com.ar\/wp-content\/uploads\/2015\/01\/g_crcb1nt0l__Terneros-san-luis.jpg","articleSection":["News"],"inLanguage":"en-US"},{"@type":"WebPage","@id":"https:\/\/proagrolab.com.ar\/preocupa-una-baja-en-el-peso-de-faena\/","url":"https:\/\/proagrolab.com.ar\/preocupa-una-baja-en-el-peso-de-faena\/","name":"Preocupa una baja en el peso de faena. | Proagro","isPartOf":{"@id":"https:\/\/proagrolab.com.ar\/#website"},"primaryImageOfPage":{"@id":"https:\/\/proagrolab.com.ar\/preocupa-una-baja-en-el-peso-de-faena\/#primaryimage"},"image":{"@id":"https:\/\/proagrolab.com.ar\/preocupa-una-baja-en-el-peso-de-faena\/#primaryimage"},"thumbnailUrl":"https:\/\/proagrolab.com.ar\/wp-content\/uploads\/2015\/01\/g_crcb1nt0l__Terneros-san-luis.jpg","datePublished":"2014-06-23T00:00:01+00:00","dateModified":"2020-07-01T19:21:30+00:00","breadcrumb":{"@id":"https:\/\/proagrolab.com.ar\/preocupa-una-baja-en-el-peso-de-faena\/#breadcrumb"},"inLanguage":"en-US","potentialAction":[{"@type":"ReadAction","target":["https:\/\/proagrolab.com.ar\/preocupa-una-baja-en-el-peso-de-faena\/"]}]},{"@type":"ImageObject","inLanguage":"en-US","@id":"https:\/\/proagrolab.com.ar\/preocupa-una-baja-en-el-peso-de-faena\/#primaryimage","url":"https:\/\/proagrolab.com.ar\/wp-content\/uploads\/2015\/01\/g_crcb1nt0l__Terneros-san-luis.jpg","contentUrl":"https:\/\/proagrolab.com.ar\/wp-content\/uploads\/2015\/01\/g_crcb1nt0l__Terneros-san-luis.jpg","width":450,"height":208},{"@type":"BreadcrumbList","@id":"https:\/\/proagrolab.com.ar\/preocupa-una-baja-en-el-peso-de-faena\/#breadcrumb","itemListElement":[{"@type":"ListItem","position":1,"name":"Portada","item":"https:\/\/proagrolab.com.ar\/"},{"@type":"ListItem","position":2,"name":"Preocupa una baja en el peso de faena."}]},{"@type":"WebSite","@id":"https:\/\/proagrolab.com.ar\/#website","url":"https:\/\/proagrolab.com.ar\/","name":"Proagro Laboratorio Veterinario","description":"Veterinary laboratory","publisher":{"@id":"https:\/\/proagrolab.com.ar\/#organization"},"potentialAction":[{"@type":"SearchAction","target":{"@type":"EntryPoint","urlTemplate":"https:\/\/proagrolab.com.ar\/?s={search_term_string}"},"query-input":{"@type":"PropertyValueSpecification","valueRequired":true,"valueName":"search_term_string"}}],"inLanguage":"en-US"},{"@type":"Organization","@id":"https:\/\/proagrolab.com.ar\/#organization","name":"Proagro","url":"https:\/\/proagrolab.com.ar\/","logo":{"@type":"ImageObject","inLanguage":"en-US","@id":"https:\/\/proagrolab.com.ar\/#\/schema\/logo\/image\/","url":"https:\/\/proagrolab.com.ar\/wp-content\/uploads\/2020\/04\/logo-retina.png","contentUrl":"https:\/\/proagrolab.com.ar\/wp-content\/uploads\/2020\/04\/logo-retina.png","width":478,"height":120,"caption":"Proagro"},"image":{"@id":"https:\/\/proagrolab.com.ar\/#\/schema\/logo\/image\/"},"sameAs":["http:\/\/www.facebook.com\/proagrolab","https:\/\/www.instagram.com\/proagrolab\/","https:\/\/www.linkedin.com\/company\/laboratorio-proagro-s-a\/"]},{"@type":"Person","@id":"https:\/\/proagrolab.com.ar\/#\/schema\/person\/38003ff90bf80381f71c7d922d207444","name":"proagrolab"}]}},"_links":{"self":[{"href":"https:\/\/proagrolab.com.ar\/en\/wp-json\/wp\/v2\/posts\/6188","targetHints":{"allow":["GET"]}}],"collection":[{"href":"https:\/\/proagrolab.com.ar\/en\/wp-json\/wp\/v2\/posts"}],"about":[{"href":"https:\/\/proagrolab.com.ar\/en\/wp-json\/wp\/v2\/types\/post"}],"author":[{"embeddable":true,"href":"https:\/\/proagrolab.com.ar\/en\/wp-json\/wp\/v2\/users\/2"}],"replies":[{"embeddable":true,"href":"https:\/\/proagrolab.com.ar\/en\/wp-json\/wp\/v2\/comments?post=6188"}],"version-history":[{"count":1,"href":"https:\/\/proagrolab.com.ar\/en\/wp-json\/wp\/v2\/posts\/6188\/revisions"}],"predecessor-version":[{"id":14424,"href":"https:\/\/proagrolab.com.ar\/en\/wp-json\/wp\/v2\/posts\/6188\/revisions\/14424"}],"wp:featuredmedia":[{"embeddable":true,"href":"https:\/\/proagrolab.com.ar\/en\/wp-json\/wp\/v2\/media\/2676"}],"wp:attachment":[{"href":"https:\/\/proagrolab.com.ar\/en\/wp-json\/wp\/v2\/media?parent=6188"}],"wp:term":[{"taxonomy":"category","embeddable":true,"href":"https:\/\/proagrolab.com.ar\/en\/wp-json\/wp\/v2\/categories?post=6188"},{"taxonomy":"post_tag","embeddable":true,"href":"https:\/\/proagrolab.com.ar\/en\/wp-json\/wp\/v2\/tags?post=6188"}],"curies":[{"name":"wp","href":"https:\/\/api.w.org\/{rel}","templated":true}]}}