{"id":6183,"date":"2014-06-19T00:00:01","date_gmt":"2014-06-19T00:00:01","guid":{"rendered":"https:\/\/proagrolab.com.ar\/gesto-de-las-provincias-a-los-tamberos\/"},"modified":"2020-07-01T19:21:18","modified_gmt":"2020-07-01T19:21:18","slug":"gesto-de-las-provincias-a-los-tamberos","status":"publish","type":"post","link":"https:\/\/proagrolab.com.ar\/en\/gesto-de-las-provincias-a-los-tamberos\/","title":{"rendered":"Gesto de las provincias a los tamberos."},"content":{"rendered":"<p class=\"qtranxs-available-languages-message qtranxs-available-languages-message-en\"> <\/p><p>Por Fernando Bertello.<\/p>\n<p>C\u00f3rdoba, Santa Fe y Buenos Aires har\u00edan gestiones ante Kicillof por la leche.<\/p>\n<p>Los tamberos consiguieron ayer un fuerte respaldo de parte de los ministros de Agricultura de Santa Fe, C\u00f3rdoba y Buenos Aires, provincias que concentran 92% de la producci\u00f3n de leche de la Argentina, en su reclamo contra el congelamiento del precio de su materia prima dispuesto por la Secretar\u00eda de Comercio, a cargo de Augusto Costa.<\/p>\n<p>En Santa Fe, el ministro de la Producci\u00f3n de esa provincia, Carlos Fascendini, fue el anfitri\u00f3n ayer de un encuentro donde recibi\u00f3 junto a sus pares de C\u00f3rdoba, Juli\u00e1n Mar\u00eda L\u00f3pez, y de Buenos Aires, Alejandro &#8220;Topo&#8221; Rodr\u00edguez, a la Mesa Nacional de Productores de Leche y a varios de los principales referentes de la Comisi\u00f3n de Enlace. Ante los productores, los funcionarios se comprometieron a realizar gestiones frente al tope de $ 3 el litro que Comercio pretende que las industrias l\u00e1cteas no superen en el precio pagado a los tamberos.<\/p>\n<p>Los ministros de los gobernadores Daniel Scioli, Jos\u00e9 Manuel de la Sota y Antonio Bonfatti, que ayer adem\u00e1s firmaron un convenio de colaboraci\u00f3n en temas lecheros, dejaron abierta la puerta para llevar el reclamo hasta el mismo ministro de Econom\u00eda, Axel Kicillof y el secretario Costa.<\/p>\n<p>&#8220;Estamos dispuestos a solicitar una audiencia al Ministerio de Econom\u00eda y la Secretar\u00eda de Comercio para hacer los planteos que correspondan&#8221;, expres\u00f3 Fascendini. El ministro precis\u00f3 que no hay un plazo para realizar ese eventual pedido, pero advirti\u00f3: &#8220;El mismo error con la carne y el trigo [por la intervenci\u00f3n del Gobierno en el mercado] amenaza al sector l\u00e1cteo. No estamos dispuestos a que se pierdan m\u00e1s tambos&#8221;. A\u00f1adi\u00f3: &#8220;Tienen que haber modificaciones con el manejo de los registros de exportaci\u00f3n&#8221;.<\/p>\n<p>En esta l\u00ednea, su par de C\u00f3rdoba, indic\u00f3: &#8220;nos comprometemos a reforzar el trabajo conjunto y golpear las puertas que sean necesarias&#8221;. El ministro L\u00f3pez no descart\u00f3 que &#8220;m\u00e1s temprano que tarde&#8221; busquen plantear directamente ante Econom\u00eda la situaci\u00f3n de los tamberos.<\/p>\n<p>Los productores celebraron el gesto de los ministros porque consideran que el Ministerio de Agricultura, que conduce Carlos Casamiquela, y la subsecretar\u00eda de Lecher\u00eda en particular, que depende de Arturo Videla, no les dan respuestas.<\/p>\n<p>&#8220;Casamiquela y Videla no hacen nada para revertir esta situaci\u00f3n. Aceptaron mansamente esto&#8221;, opin\u00f3 Guillermo Giannasi, integrante del comit\u00e9 de Lecher\u00eda de la Federaci\u00f3n Agraria Argentina (FAA) y uno de los asistentes al encuentro de ayer. &#8220;Est\u00e1 claro que en Agricultura no pueden hacer nada y por eso nos apoyamos en los ministros provinciales&#8221;, se\u00f1al\u00f3 Carlos Brave, coordinador de la Mesa Nacional de Productores de Leche.<\/p>\n<p><i>Frente com\u00fan<\/i><br \/>Para los tamberos, la presencia de dirigentes de la Comisi\u00f3n de Enlace fue tambi\u00e9n una se\u00f1al de acompa\u00f1amiento. Entre otros, estuvo Rub\u00e9n Ferrero, presidente de Confederaciones Rurales Argentinas (CRA), que destac\u00f3 &#8220;la voluntad&#8221; de los ministros provinciales.<\/p>\n<p>&#8220;Vemos con buenos ojos que las provincias se pongan al frente del reclamo y vean si se puede encauzar el tema lechero&#8221;, dijo Ferrero a LA NACION.<\/p>\n<p>El ruralista a\u00f1adi\u00f3 que se solicit\u00f3 a los funcionarios &#8220;un proyecto com\u00fan&#8221; para eliminar los registros de exportaci\u00f3n para la leche. El diputado peronista de C\u00f3rdoba Juan Schiaretti present\u00f3 recientemente un proyecto de ley en ese sentido.<\/p>\n<p>Por otra parte, en una carta a Casamiquela, la C\u00e1mara de Productores Lecheros de C\u00f3rdoba se quej\u00f3 de la falta de respuestas de Agricultura y pidi\u00f3 una convocatoria urgente al sector.<\/p>\n<p>Fuente: La Naci\u00f3n, 19 de junio.<br \/><\/p>","protected":false},"excerpt":{"rendered":"<p>Por Fernando Bertello. C\u00f3rdoba, Santa Fe y Buenos Aires har\u00edan gestiones ante Kicillof por la leche. Los tamberos consiguieron ayer un fuerte respaldo de parte de los ministros de Agricultura de Santa Fe, C\u00f3rdoba y Buenos Aires, provincias que concentran 92% de la producci\u00f3n de leche de la Argentina, en su reclamo contra el congelamiento del precio de su materia prima dispuesto por la Secretar\u00eda de Comercio, a cargo de Augusto Costa. En Santa Fe, el ministro de la Producci\u00f3n de esa provincia, Carlos Fascendini, fue el anfitri\u00f3n ayer de un encuentro donde recibi\u00f3 junto a sus pares de C\u00f3rdoba, Juli\u00e1n Mar\u00eda L\u00f3pez, y de Buenos Aires, Alejandro &#8220;Topo&#8221; Rodr\u00edguez, a la Mesa Nacional de Productores de Leche y a varios de los principales referentes de la Comisi\u00f3n de Enlace. Ante los productores, los funcionarios se comprometieron a realizar gestiones frente al tope de $ 3 el litro que Comercio pretende que las industrias l\u00e1cteas no superen en el precio pagado a los tamberos. Los ministros de los gobernadores Daniel Scioli, Jos\u00e9 Manuel de la Sota y Antonio Bonfatti, que ayer adem\u00e1s firmaron un convenio de colaboraci\u00f3n en temas lecheros, dejaron abierta la puerta para llevar el reclamo hasta el [&hellip;]<\/p>\n","protected":false},"author":2,"featured_media":2671,"comment_status":"closed","ping_status":"open","sticky":false,"template":"","format":"standard","meta":{"_acf_changed":false,"footnotes":""},"categories":[56],"tags":[],"class_list":["post-6183","post","type-post","status-publish","format-standard","has-post-thumbnail","hentry","category-infoganadero"],"acf":[],"yoast_head":"<!-- This site is optimized with the Yoast SEO plugin v27.4 - https:\/\/yoast.com\/product\/yoast-seo-wordpress\/ -->\n<title>Gesto de las provincias a los tamberos. | Proagro<\/title>\n<meta name=\"robots\" content=\"index, follow, max-snippet:-1, max-image-preview:large, max-video-preview:-1\" \/>\n<link rel=\"canonical\" href=\"https:\/\/proagrolab.com.ar\/en\/gesto-de-las-provincias-a-los-tamberos\/\" \/>\n<meta property=\"og:locale\" content=\"en_US\" \/>\n<meta property=\"og:type\" content=\"article\" \/>\n<meta property=\"og:title\" content=\"Gesto de las provincias a los tamberos. | Proagro\" \/>\n<meta property=\"og:description\" content=\"Por Fernando Bertello. C\u00f3rdoba, Santa Fe y Buenos Aires har\u00edan gestiones ante Kicillof por la leche. Los tamberos consiguieron ayer un fuerte respaldo de parte de los ministros de Agricultura de Santa Fe, C\u00f3rdoba y Buenos Aires, provincias que concentran 92% de la producci\u00f3n de leche de la Argentina, en su reclamo contra el congelamiento del precio de su materia prima dispuesto por la Secretar\u00eda de Comercio, a cargo de Augusto Costa. En Santa Fe, el ministro de la Producci\u00f3n de esa provincia, Carlos Fascendini, fue el anfitri\u00f3n ayer de un encuentro donde recibi\u00f3 junto a sus pares de C\u00f3rdoba, Juli\u00e1n Mar\u00eda L\u00f3pez, y de Buenos Aires, Alejandro &#8220;Topo&#8221; Rodr\u00edguez, a la Mesa Nacional de Productores de Leche y a varios de los principales referentes de la Comisi\u00f3n de Enlace. Ante los productores, los funcionarios se comprometieron a realizar gestiones frente al tope de $ 3 el litro que Comercio pretende que las industrias l\u00e1cteas no superen en el precio pagado a los tamberos. Los ministros de los gobernadores Daniel Scioli, Jos\u00e9 Manuel de la Sota y Antonio Bonfatti, que ayer adem\u00e1s firmaron un convenio de colaboraci\u00f3n en temas lecheros, dejaron abierta la puerta para llevar el reclamo hasta el [&hellip;]\" \/>\n<meta property=\"og:url\" content=\"https:\/\/proagrolab.com.ar\/gesto-de-las-provincias-a-los-tamberos\/\" \/>\n<meta property=\"og:site_name\" content=\"Proagro\" \/>\n<meta property=\"article:publisher\" content=\"http:\/\/www.facebook.com\/proagrolab\" \/>\n<meta property=\"article:published_time\" content=\"2014-06-19T00:00:01+00:00\" \/>\n<meta property=\"article:modified_time\" content=\"2020-07-01T19:21:18+00:00\" \/>\n<meta property=\"og:image\" content=\"https:\/\/proagrolab.com.ar\/wp-content\/uploads\/2015\/01\/g_41byqaefj__Lecheras-15.jpg\" \/>\n\t<meta property=\"og:image:width\" content=\"450\" \/>\n\t<meta property=\"og:image:height\" content=\"208\" \/>\n\t<meta property=\"og:image:type\" content=\"image\/jpeg\" \/>\n<meta name=\"author\" content=\"proagrolab\" \/>\n<meta name=\"twitter:card\" content=\"summary_large_image\" \/>\n<meta name=\"twitter:label1\" content=\"Written by\" \/>\n\t<meta name=\"twitter:data1\" content=\"proagrolab\" \/>\n\t<meta name=\"twitter:label2\" content=\"Est. reading time\" \/>\n\t<meta name=\"twitter:data2\" content=\"3 minutes\" \/>\n<script type=\"application\/ld+json\" class=\"yoast-schema-graph\">{\"@context\":\"https:\\\/\\\/schema.org\",\"@graph\":[{\"@type\":\"Article\",\"@id\":\"https:\\\/\\\/proagrolab.com.ar\\\/gesto-de-las-provincias-a-los-tamberos\\\/#article\",\"isPartOf\":{\"@id\":\"https:\\\/\\\/proagrolab.com.ar\\\/gesto-de-las-provincias-a-los-tamberos\\\/\"},\"author\":{\"name\":\"proagrolab\",\"@id\":\"https:\\\/\\\/proagrolab.com.ar\\\/#\\\/schema\\\/person\\\/38003ff90bf80381f71c7d922d207444\"},\"headline\":\"Gesto de las provincias a los tamberos.\",\"datePublished\":\"2014-06-19T00:00:01+00:00\",\"dateModified\":\"2020-07-01T19:21:18+00:00\",\"mainEntityOfPage\":{\"@id\":\"https:\\\/\\\/proagrolab.com.ar\\\/gesto-de-las-provincias-a-los-tamberos\\\/\"},\"wordCount\":626,\"publisher\":{\"@id\":\"https:\\\/\\\/proagrolab.com.ar\\\/#organization\"},\"image\":{\"@id\":\"https:\\\/\\\/proagrolab.com.ar\\\/gesto-de-las-provincias-a-los-tamberos\\\/#primaryimage\"},\"thumbnailUrl\":\"https:\\\/\\\/proagrolab.com.ar\\\/wp-content\\\/uploads\\\/2015\\\/01\\\/g_41byqaefj__Lecheras-15.jpg\",\"articleSection\":[\"News\"],\"inLanguage\":\"en-US\"},{\"@type\":\"WebPage\",\"@id\":\"https:\\\/\\\/proagrolab.com.ar\\\/gesto-de-las-provincias-a-los-tamberos\\\/\",\"url\":\"https:\\\/\\\/proagrolab.com.ar\\\/gesto-de-las-provincias-a-los-tamberos\\\/\",\"name\":\"Gesto de las provincias a los tamberos. | Proagro\",\"isPartOf\":{\"@id\":\"https:\\\/\\\/proagrolab.com.ar\\\/#website\"},\"primaryImageOfPage\":{\"@id\":\"https:\\\/\\\/proagrolab.com.ar\\\/gesto-de-las-provincias-a-los-tamberos\\\/#primaryimage\"},\"image\":{\"@id\":\"https:\\\/\\\/proagrolab.com.ar\\\/gesto-de-las-provincias-a-los-tamberos\\\/#primaryimage\"},\"thumbnailUrl\":\"https:\\\/\\\/proagrolab.com.ar\\\/wp-content\\\/uploads\\\/2015\\\/01\\\/g_41byqaefj__Lecheras-15.jpg\",\"datePublished\":\"2014-06-19T00:00:01+00:00\",\"dateModified\":\"2020-07-01T19:21:18+00:00\",\"breadcrumb\":{\"@id\":\"https:\\\/\\\/proagrolab.com.ar\\\/gesto-de-las-provincias-a-los-tamberos\\\/#breadcrumb\"},\"inLanguage\":\"en-US\",\"potentialAction\":[{\"@type\":\"ReadAction\",\"target\":[\"https:\\\/\\\/proagrolab.com.ar\\\/gesto-de-las-provincias-a-los-tamberos\\\/\"]}]},{\"@type\":\"ImageObject\",\"inLanguage\":\"en-US\",\"@id\":\"https:\\\/\\\/proagrolab.com.ar\\\/gesto-de-las-provincias-a-los-tamberos\\\/#primaryimage\",\"url\":\"https:\\\/\\\/proagrolab.com.ar\\\/wp-content\\\/uploads\\\/2015\\\/01\\\/g_41byqaefj__Lecheras-15.jpg\",\"contentUrl\":\"https:\\\/\\\/proagrolab.com.ar\\\/wp-content\\\/uploads\\\/2015\\\/01\\\/g_41byqaefj__Lecheras-15.jpg\",\"width\":450,\"height\":208},{\"@type\":\"BreadcrumbList\",\"@id\":\"https:\\\/\\\/proagrolab.com.ar\\\/gesto-de-las-provincias-a-los-tamberos\\\/#breadcrumb\",\"itemListElement\":[{\"@type\":\"ListItem\",\"position\":1,\"name\":\"Portada\",\"item\":\"https:\\\/\\\/proagrolab.com.ar\\\/\"},{\"@type\":\"ListItem\",\"position\":2,\"name\":\"Gesto de las provincias a los tamberos.\"}]},{\"@type\":\"WebSite\",\"@id\":\"https:\\\/\\\/proagrolab.com.ar\\\/#website\",\"url\":\"https:\\\/\\\/proagrolab.com.ar\\\/\",\"name\":\"Proagro Laboratorio Veterinario\",\"description\":\"Veterinary laboratory\",\"publisher\":{\"@id\":\"https:\\\/\\\/proagrolab.com.ar\\\/#organization\"},\"potentialAction\":[{\"@type\":\"SearchAction\",\"target\":{\"@type\":\"EntryPoint\",\"urlTemplate\":\"https:\\\/\\\/proagrolab.com.ar\\\/?s={search_term_string}\"},\"query-input\":{\"@type\":\"PropertyValueSpecification\",\"valueRequired\":true,\"valueName\":\"search_term_string\"}}],\"inLanguage\":\"en-US\"},{\"@type\":\"Organization\",\"@id\":\"https:\\\/\\\/proagrolab.com.ar\\\/#organization\",\"name\":\"Proagro\",\"url\":\"https:\\\/\\\/proagrolab.com.ar\\\/\",\"logo\":{\"@type\":\"ImageObject\",\"inLanguage\":\"en-US\",\"@id\":\"https:\\\/\\\/proagrolab.com.ar\\\/#\\\/schema\\\/logo\\\/image\\\/\",\"url\":\"https:\\\/\\\/proagrolab.com.ar\\\/wp-content\\\/uploads\\\/2020\\\/04\\\/logo-retina.png\",\"contentUrl\":\"https:\\\/\\\/proagrolab.com.ar\\\/wp-content\\\/uploads\\\/2020\\\/04\\\/logo-retina.png\",\"width\":478,\"height\":120,\"caption\":\"Proagro\"},\"image\":{\"@id\":\"https:\\\/\\\/proagrolab.com.ar\\\/#\\\/schema\\\/logo\\\/image\\\/\"},\"sameAs\":[\"http:\\\/\\\/www.facebook.com\\\/proagrolab\",\"https:\\\/\\\/www.instagram.com\\\/proagrolab\\\/\",\"https:\\\/\\\/www.linkedin.com\\\/company\\\/laboratorio-proagro-s-a\\\/\"]},{\"@type\":\"Person\",\"@id\":\"https:\\\/\\\/proagrolab.com.ar\\\/#\\\/schema\\\/person\\\/38003ff90bf80381f71c7d922d207444\",\"name\":\"proagrolab\"}]}<\/script>\n<!-- \/ Yoast SEO plugin. -->","yoast_head_json":{"title":"Gesto de las provincias a los tamberos. | Proagro","robots":{"index":"index","follow":"follow","max-snippet":"max-snippet:-1","max-image-preview":"max-image-preview:large","max-video-preview":"max-video-preview:-1"},"canonical":"https:\/\/proagrolab.com.ar\/en\/gesto-de-las-provincias-a-los-tamberos\/","og_locale":"en_US","og_type":"article","og_title":"Gesto de las provincias a los tamberos. | Proagro","og_description":"Por Fernando Bertello. C\u00f3rdoba, Santa Fe y Buenos Aires har\u00edan gestiones ante Kicillof por la leche. Los tamberos consiguieron ayer un fuerte respaldo de parte de los ministros de Agricultura de Santa Fe, C\u00f3rdoba y Buenos Aires, provincias que concentran 92% de la producci\u00f3n de leche de la Argentina, en su reclamo contra el congelamiento del precio de su materia prima dispuesto por la Secretar\u00eda de Comercio, a cargo de Augusto Costa. En Santa Fe, el ministro de la Producci\u00f3n de esa provincia, Carlos Fascendini, fue el anfitri\u00f3n ayer de un encuentro donde recibi\u00f3 junto a sus pares de C\u00f3rdoba, Juli\u00e1n Mar\u00eda L\u00f3pez, y de Buenos Aires, Alejandro &#8220;Topo&#8221; Rodr\u00edguez, a la Mesa Nacional de Productores de Leche y a varios de los principales referentes de la Comisi\u00f3n de Enlace. Ante los productores, los funcionarios se comprometieron a realizar gestiones frente al tope de $ 3 el litro que Comercio pretende que las industrias l\u00e1cteas no superen en el precio pagado a los tamberos. Los ministros de los gobernadores Daniel Scioli, Jos\u00e9 Manuel de la Sota y Antonio Bonfatti, que ayer adem\u00e1s firmaron un convenio de colaboraci\u00f3n en temas lecheros, dejaron abierta la puerta para llevar el reclamo hasta el [&hellip;]","og_url":"https:\/\/proagrolab.com.ar\/gesto-de-las-provincias-a-los-tamberos\/","og_site_name":"Proagro","article_publisher":"http:\/\/www.facebook.com\/proagrolab","article_published_time":"2014-06-19T00:00:01+00:00","article_modified_time":"2020-07-01T19:21:18+00:00","og_image":[{"width":450,"height":208,"url":"https:\/\/proagrolab.com.ar\/wp-content\/uploads\/2015\/01\/g_41byqaefj__Lecheras-15.jpg","type":"image\/jpeg"}],"author":"proagrolab","twitter_card":"summary_large_image","twitter_misc":{"Written by":"proagrolab","Est. reading time":"3 minutes"},"schema":{"@context":"https:\/\/schema.org","@graph":[{"@type":"Article","@id":"https:\/\/proagrolab.com.ar\/gesto-de-las-provincias-a-los-tamberos\/#article","isPartOf":{"@id":"https:\/\/proagrolab.com.ar\/gesto-de-las-provincias-a-los-tamberos\/"},"author":{"name":"proagrolab","@id":"https:\/\/proagrolab.com.ar\/#\/schema\/person\/38003ff90bf80381f71c7d922d207444"},"headline":"Gesto de las provincias a los tamberos.","datePublished":"2014-06-19T00:00:01+00:00","dateModified":"2020-07-01T19:21:18+00:00","mainEntityOfPage":{"@id":"https:\/\/proagrolab.com.ar\/gesto-de-las-provincias-a-los-tamberos\/"},"wordCount":626,"publisher":{"@id":"https:\/\/proagrolab.com.ar\/#organization"},"image":{"@id":"https:\/\/proagrolab.com.ar\/gesto-de-las-provincias-a-los-tamberos\/#primaryimage"},"thumbnailUrl":"https:\/\/proagrolab.com.ar\/wp-content\/uploads\/2015\/01\/g_41byqaefj__Lecheras-15.jpg","articleSection":["News"],"inLanguage":"en-US"},{"@type":"WebPage","@id":"https:\/\/proagrolab.com.ar\/gesto-de-las-provincias-a-los-tamberos\/","url":"https:\/\/proagrolab.com.ar\/gesto-de-las-provincias-a-los-tamberos\/","name":"Gesto de las provincias a los tamberos. | Proagro","isPartOf":{"@id":"https:\/\/proagrolab.com.ar\/#website"},"primaryImageOfPage":{"@id":"https:\/\/proagrolab.com.ar\/gesto-de-las-provincias-a-los-tamberos\/#primaryimage"},"image":{"@id":"https:\/\/proagrolab.com.ar\/gesto-de-las-provincias-a-los-tamberos\/#primaryimage"},"thumbnailUrl":"https:\/\/proagrolab.com.ar\/wp-content\/uploads\/2015\/01\/g_41byqaefj__Lecheras-15.jpg","datePublished":"2014-06-19T00:00:01+00:00","dateModified":"2020-07-01T19:21:18+00:00","breadcrumb":{"@id":"https:\/\/proagrolab.com.ar\/gesto-de-las-provincias-a-los-tamberos\/#breadcrumb"},"inLanguage":"en-US","potentialAction":[{"@type":"ReadAction","target":["https:\/\/proagrolab.com.ar\/gesto-de-las-provincias-a-los-tamberos\/"]}]},{"@type":"ImageObject","inLanguage":"en-US","@id":"https:\/\/proagrolab.com.ar\/gesto-de-las-provincias-a-los-tamberos\/#primaryimage","url":"https:\/\/proagrolab.com.ar\/wp-content\/uploads\/2015\/01\/g_41byqaefj__Lecheras-15.jpg","contentUrl":"https:\/\/proagrolab.com.ar\/wp-content\/uploads\/2015\/01\/g_41byqaefj__Lecheras-15.jpg","width":450,"height":208},{"@type":"BreadcrumbList","@id":"https:\/\/proagrolab.com.ar\/gesto-de-las-provincias-a-los-tamberos\/#breadcrumb","itemListElement":[{"@type":"ListItem","position":1,"name":"Portada","item":"https:\/\/proagrolab.com.ar\/"},{"@type":"ListItem","position":2,"name":"Gesto de las provincias a los tamberos."}]},{"@type":"WebSite","@id":"https:\/\/proagrolab.com.ar\/#website","url":"https:\/\/proagrolab.com.ar\/","name":"Proagro Laboratorio Veterinario","description":"Veterinary laboratory","publisher":{"@id":"https:\/\/proagrolab.com.ar\/#organization"},"potentialAction":[{"@type":"SearchAction","target":{"@type":"EntryPoint","urlTemplate":"https:\/\/proagrolab.com.ar\/?s={search_term_string}"},"query-input":{"@type":"PropertyValueSpecification","valueRequired":true,"valueName":"search_term_string"}}],"inLanguage":"en-US"},{"@type":"Organization","@id":"https:\/\/proagrolab.com.ar\/#organization","name":"Proagro","url":"https:\/\/proagrolab.com.ar\/","logo":{"@type":"ImageObject","inLanguage":"en-US","@id":"https:\/\/proagrolab.com.ar\/#\/schema\/logo\/image\/","url":"https:\/\/proagrolab.com.ar\/wp-content\/uploads\/2020\/04\/logo-retina.png","contentUrl":"https:\/\/proagrolab.com.ar\/wp-content\/uploads\/2020\/04\/logo-retina.png","width":478,"height":120,"caption":"Proagro"},"image":{"@id":"https:\/\/proagrolab.com.ar\/#\/schema\/logo\/image\/"},"sameAs":["http:\/\/www.facebook.com\/proagrolab","https:\/\/www.instagram.com\/proagrolab\/","https:\/\/www.linkedin.com\/company\/laboratorio-proagro-s-a\/"]},{"@type":"Person","@id":"https:\/\/proagrolab.com.ar\/#\/schema\/person\/38003ff90bf80381f71c7d922d207444","name":"proagrolab"}]}},"_links":{"self":[{"href":"https:\/\/proagrolab.com.ar\/en\/wp-json\/wp\/v2\/posts\/6183","targetHints":{"allow":["GET"]}}],"collection":[{"href":"https:\/\/proagrolab.com.ar\/en\/wp-json\/wp\/v2\/posts"}],"about":[{"href":"https:\/\/proagrolab.com.ar\/en\/wp-json\/wp\/v2\/types\/post"}],"author":[{"embeddable":true,"href":"https:\/\/proagrolab.com.ar\/en\/wp-json\/wp\/v2\/users\/2"}],"replies":[{"embeddable":true,"href":"https:\/\/proagrolab.com.ar\/en\/wp-json\/wp\/v2\/comments?post=6183"}],"version-history":[{"count":1,"href":"https:\/\/proagrolab.com.ar\/en\/wp-json\/wp\/v2\/posts\/6183\/revisions"}],"predecessor-version":[{"id":14422,"href":"https:\/\/proagrolab.com.ar\/en\/wp-json\/wp\/v2\/posts\/6183\/revisions\/14422"}],"wp:featuredmedia":[{"embeddable":true,"href":"https:\/\/proagrolab.com.ar\/en\/wp-json\/wp\/v2\/media\/2671"}],"wp:attachment":[{"href":"https:\/\/proagrolab.com.ar\/en\/wp-json\/wp\/v2\/media?parent=6183"}],"wp:term":[{"taxonomy":"category","embeddable":true,"href":"https:\/\/proagrolab.com.ar\/en\/wp-json\/wp\/v2\/categories?post=6183"},{"taxonomy":"post_tag","embeddable":true,"href":"https:\/\/proagrolab.com.ar\/en\/wp-json\/wp\/v2\/tags?post=6183"}],"curies":[{"name":"wp","href":"https:\/\/api.w.org\/{rel}","templated":true}]}}