{"id":6181,"date":"2014-06-18T00:00:01","date_gmt":"2014-06-18T00:00:01","guid":{"rendered":"https:\/\/proagrolab.com.ar\/por-la-perdida-de-poder-adquisitivo-en-el-pais-del-bife-cae-el-consumo-de-carne\/"},"modified":"2020-07-01T19:30:34","modified_gmt":"2020-07-01T19:30:34","slug":"por-la-perdida-de-poder-adquisitivo-en-el-pais-del-bife-cae-el-consumo-de-carne","status":"publish","type":"post","link":"https:\/\/proagrolab.com.ar\/en\/por-la-perdida-de-poder-adquisitivo-en-el-pais-del-bife-cae-el-consumo-de-carne\/","title":{"rendered":"Por la p\u00e9rdida de poder adquisitivo, en el pa\u00eds del bife cae el consumo de carne."},"content":{"rendered":"<p class=\"qtranxs-available-languages-message qtranxs-available-languages-message-en\"> <\/p><p>Por Fernando Bertello.<\/p>\n<p>Baj\u00f3 3,7% entre enero y mayo, seg\u00fan una c\u00e1mara industrial; en carnicer\u00edas y supermercados admiten que las ventas alcanzaron un techo.<\/p>\n<p>En el pa\u00eds que m\u00e1s bifes por habitante se comen en el mundo, la p\u00e9rdida del poder adquisitivo del salario le est\u00e1 pegando de lleno a la carne vacuna. Entre enero y mayo pasados, el consumo interno retrocedi\u00f3 3,7% respecto de igual per\u00edodo de 2013, esto es, unas 39.300 toneladas.<\/p>\n<p>M\u00e1s a\u00fan, si a este indicador se lo anualiza, la baja del consumo trep\u00f3 al 4,6 por ciento. Hoy, en promedio, cada habitante consume en la Argentina 59 kilos de este producto, 2,8 kilos menos en relaci\u00f3n con el per\u00edodo enero\/mayo de 2013.<\/p>\n<p>Estos datos se desprenden de un informe realizado por la C\u00e1mara Argentina de la Industria y el Comercio de Carnes y Derivados (Ciccra), que se conoci\u00f3 ayer. En carnicer\u00edas y supermercados admiten que las ventas de carne han encontrado &#8220;un techo&#8221; y que en algunos casos se bajaron precios para incentivar la demanda.<\/p>\n<p>&#8220;La ca\u00edda de la demanda es b\u00e1sicamente por la p\u00e9rdida del poder adquisitivo y se va a seguir agravando en la medida en que contin\u00fae esta inflaci\u00f3n. Si bien un sector de los asalariados cerr\u00f3 paritarias, los aumentos de salarios no son todo de una para compensar&#8221;, afirm\u00f3 Miguel Schiariti, presidente de Ciccra.<\/p>\n<p>Schiariti explic\u00f3 que el retroceso del consumo se observ\u00f3 m\u00e1s con las ventas de los supermercados. Y a\u00f1adi\u00f3: &#8220;Cay\u00f3 m\u00e1s en los supermercados porque sus precios son de 20 a un 30 por ciento m\u00e1s caros que en las carnicer\u00edas&#8221;.<\/p>\n<p>Desde la Asociaci\u00f3n de Propietarios de Carnicer\u00edas de la Capital Federal, su presidente, Alberto Williams, reconoci\u00f3 que la venta &#8220;no da para m\u00e1s&#8221;.<\/p>\n<p>&#8220;Las ventas est\u00e1n en un techo; no le da para m\u00e1s a la gente&#8221;, indic\u00f3 el dirigente.<\/p>\n<p>Williams opin\u00f3 que probablemente el descenso se sienta m\u00e1s en el conurbano y en el interior antes que en la Capital Federal.<\/p>\n<p>&#8220;En la Capital Federal hay una semana que se trabaja m\u00e1s y otra un poco menos, pero luego se recupera. No hay esa merma [por el informe de Ciccra], pero probablemente pueda ser en el conurbano y otras provincias&#8221;, precis\u00f3.<\/p>\n<p>En algunos sectores de la comercializaci\u00f3n parecen haber tomado nota de esta se\u00f1al que viene del lado del consumo y aseguran que est\u00e1n buscando incentivar la demanda con promociones.<\/p>\n<p>&#8220;Se est\u00e1n haciendo ofertas por todos lados para que la gente compre&#8221;, detall\u00f3 Yolanda Dur\u00e1n, presidenta de la C\u00e1mara Empresarial de Desarrollo Argentino y Pa\u00edses del Sudeste Asi\u00e1tico (Cedeapsa), que agrupa a autoservicios de origen chino. Dur\u00e1n dijo que esas promociones incluyen bajas de precios. &#8220;Un kilo de milanesas que estaba en 62 pesos est\u00e1 a 44&#8221;, ejemplific\u00f3.<\/p>\n<p>La presidenta de la c\u00e1mara de autoservicios chinos destac\u00f3, no obstante, que el recorte en las ventas es general y no s\u00f3lo en el rubro de la carne. &#8220;Tuvimos mermas en las ventas, pero no s\u00f3lo en carne, sino en comestibles. La retracci\u00f3n es general&#8221;, expres\u00f3 Dur\u00e1n a LA NACION.<\/p>\n<p>En este sentido, agreg\u00f3: &#8220;Hay una baja de precios en distintos rubros, no s\u00f3lo en la carne, y esto se debe a que necesitamos vender&#8221;.<\/p>\n<p><i>Producci\u00f3n y exportaciones<\/i><br \/>El informe de Ciccra pone la lupa sobre otros dos indicadores que tambi\u00e9n bajaron: la producci\u00f3n y la exportaci\u00f3n de carne vacuna, esta \u00faltima fuertemente controlada por el Gobierno.<\/p>\n<p>Respecto de la producci\u00f3n, en mayo pasado se ubic\u00f3 en 224.000 toneladas de res con hueso, 6,4 por ciento por debajo del volumen registrado en igual mes del a\u00f1o pasado.<\/p>\n<p>En tanto, en el per\u00edodo enero\/mayo de 2014, la contracci\u00f3n fue de 4,8% versus el mismo lapso de 2013. &#8220;Se produjeron 1,097 millones de toneladas res con hueso, es decir 55 mil toneladas menos que en enero\/mayo de 2013&#8221;, destaca el informe.<\/p>\n<p>En cuanto a las exportaciones, de acuerdo con Ciccra, en enero\/mayo de 2014 habr\u00edan ca\u00eddo 19,8 por ciento contra enero\/mayo del a\u00f1o pasado. Esto representar\u00eda 15.730 toneladas menos.<\/p>\n<p>Ya en el per\u00edodo enero\/abril, los embarques hab\u00edan retrocedido interanualmente 22,4 por ciento al colocarse 48.663 toneladas de res con hueso. No por nada, la Argentina exportaba cada vez menos carne respecto de su producci\u00f3n. En enero\/mayo el 94,2 por ciento de lo producido se destin\u00f3 al mercado interno y apenas el 5,8 por ciento se vendi\u00f3 al exterior. En 2005 se exportaba el 20 por ciento.<\/p>\n<p>Ciccra advirti\u00f3 que esta situaci\u00f3n puede generar liquidaci\u00f3n de stock. &#8220;Si la pol\u00edtica restrictiva de exportaciones se mantiene, el precio del ganado caer\u00e1 de manera significativa, estimulando la liquidaci\u00f3n de vientres&#8221;, concluy\u00f3.<\/p>\n<p><i>Alerta en el sector c\u00e1rnico<\/i><br \/>Producci\u00f3n en baja <br \/>Seg\u00fan Ciccra, en mayo pasado la retracci\u00f3n en la producci\u00f3n de carne vacuna fue del 6,4 por ciento<\/p>\n<p>Faena de &#8220;f\u00e1bricas&#8221; <br \/>Sigue creciendo la faena de hembras, las &#8220;f\u00e1bricas de producir terneros&#8221;. En rigor, la participaci\u00f3n de las hembras en la faena total se ubic\u00f3 en 45,5% en mayo de 2014, 2,7 puntos porcentuales mayor a igual mes de 2013.<\/p>\n<p>Fuente: La Naci\u00f3n, 18 de junio.<br \/><\/p>","protected":false},"excerpt":{"rendered":"<p>Por Fernando Bertello. Baj\u00f3 3,7% entre enero y mayo, seg\u00fan una c\u00e1mara industrial; en carnicer\u00edas y supermercados admiten que las ventas alcanzaron un techo. En el pa\u00eds que m\u00e1s bifes por habitante se comen en el mundo, la p\u00e9rdida del poder adquisitivo del salario le est\u00e1 pegando de lleno a la carne vacuna. Entre enero y mayo pasados, el consumo interno retrocedi\u00f3 3,7% respecto de igual per\u00edodo de 2013, esto es, unas 39.300 toneladas. M\u00e1s a\u00fan, si a este indicador se lo anualiza, la baja del consumo trep\u00f3 al 4,6 por ciento. Hoy, en promedio, cada habitante consume en la Argentina 59 kilos de este producto, 2,8 kilos menos en relaci\u00f3n con el per\u00edodo enero\/mayo de 2013. Estos datos se desprenden de un informe realizado por la C\u00e1mara Argentina de la Industria y el Comercio de Carnes y Derivados (Ciccra), que se conoci\u00f3 ayer. En carnicer\u00edas y supermercados admiten que las ventas de carne han encontrado &#8220;un techo&#8221; y que en algunos casos se bajaron precios para incentivar la demanda. &#8220;La ca\u00edda de la demanda es b\u00e1sicamente por la p\u00e9rdida del poder adquisitivo y se va a seguir agravando en la medida en que contin\u00fae esta inflaci\u00f3n. Si bien un [&hellip;]<\/p>\n","protected":false},"author":2,"featured_media":2669,"comment_status":"closed","ping_status":"open","sticky":false,"template":"","format":"standard","meta":{"_acf_changed":false,"footnotes":""},"categories":[56],"tags":[],"class_list":["post-6181","post","type-post","status-publish","format-standard","has-post-thumbnail","hentry","category-infoganadero"],"acf":[],"yoast_head":"<!-- This site is optimized with the Yoast SEO plugin v27.4 - https:\/\/yoast.com\/product\/yoast-seo-wordpress\/ -->\n<title>Por la p\u00e9rdida de poder adquisitivo, en el pa\u00eds del bife cae el consumo de carne. | Proagro<\/title>\n<meta name=\"robots\" content=\"index, follow, max-snippet:-1, max-image-preview:large, max-video-preview:-1\" \/>\n<link rel=\"canonical\" href=\"https:\/\/proagrolab.com.ar\/en\/por-la-perdida-de-poder-adquisitivo-en-el-pais-del-bife-cae-el-consumo-de-carne\/\" \/>\n<meta property=\"og:locale\" content=\"en_US\" \/>\n<meta property=\"og:type\" content=\"article\" \/>\n<meta property=\"og:title\" content=\"Por la p\u00e9rdida de poder adquisitivo, en el pa\u00eds del bife cae el consumo de carne. | Proagro\" \/>\n<meta property=\"og:description\" content=\"Por Fernando Bertello. Baj\u00f3 3,7% entre enero y mayo, seg\u00fan una c\u00e1mara industrial; en carnicer\u00edas y supermercados admiten que las ventas alcanzaron un techo. En el pa\u00eds que m\u00e1s bifes por habitante se comen en el mundo, la p\u00e9rdida del poder adquisitivo del salario le est\u00e1 pegando de lleno a la carne vacuna. Entre enero y mayo pasados, el consumo interno retrocedi\u00f3 3,7% respecto de igual per\u00edodo de 2013, esto es, unas 39.300 toneladas. M\u00e1s a\u00fan, si a este indicador se lo anualiza, la baja del consumo trep\u00f3 al 4,6 por ciento. Hoy, en promedio, cada habitante consume en la Argentina 59 kilos de este producto, 2,8 kilos menos en relaci\u00f3n con el per\u00edodo enero\/mayo de 2013. Estos datos se desprenden de un informe realizado por la C\u00e1mara Argentina de la Industria y el Comercio de Carnes y Derivados (Ciccra), que se conoci\u00f3 ayer. En carnicer\u00edas y supermercados admiten que las ventas de carne han encontrado &#8220;un techo&#8221; y que en algunos casos se bajaron precios para incentivar la demanda. &#8220;La ca\u00edda de la demanda es b\u00e1sicamente por la p\u00e9rdida del poder adquisitivo y se va a seguir agravando en la medida en que contin\u00fae esta inflaci\u00f3n. Si bien un [&hellip;]\" \/>\n<meta property=\"og:url\" content=\"https:\/\/proagrolab.com.ar\/por-la-perdida-de-poder-adquisitivo-en-el-pais-del-bife-cae-el-consumo-de-carne\/\" \/>\n<meta property=\"og:site_name\" content=\"Proagro\" \/>\n<meta property=\"article:publisher\" content=\"http:\/\/www.facebook.com\/proagrolab\" \/>\n<meta property=\"article:published_time\" content=\"2014-06-18T00:00:01+00:00\" \/>\n<meta property=\"article:modified_time\" content=\"2020-07-01T19:30:34+00:00\" \/>\n<meta property=\"og:image\" content=\"https:\/\/proagrolab.com.ar\/wp-content\/uploads\/2015\/01\/g_s65xd7bpu__Frigorifico-2.jpg\" \/>\n\t<meta property=\"og:image:width\" content=\"450\" \/>\n\t<meta property=\"og:image:height\" content=\"208\" \/>\n\t<meta property=\"og:image:type\" content=\"image\/jpeg\" \/>\n<meta name=\"author\" content=\"proagrolab\" \/>\n<meta name=\"twitter:card\" content=\"summary_large_image\" \/>\n<meta name=\"twitter:label1\" content=\"Written by\" \/>\n\t<meta name=\"twitter:data1\" content=\"proagrolab\" \/>\n\t<meta name=\"twitter:label2\" content=\"Est. reading time\" \/>\n\t<meta name=\"twitter:data2\" content=\"4 minutes\" \/>\n<script type=\"application\/ld+json\" class=\"yoast-schema-graph\">{\"@context\":\"https:\\\/\\\/schema.org\",\"@graph\":[{\"@type\":\"Article\",\"@id\":\"https:\\\/\\\/proagrolab.com.ar\\\/por-la-perdida-de-poder-adquisitivo-en-el-pais-del-bife-cae-el-consumo-de-carne\\\/#article\",\"isPartOf\":{\"@id\":\"https:\\\/\\\/proagrolab.com.ar\\\/por-la-perdida-de-poder-adquisitivo-en-el-pais-del-bife-cae-el-consumo-de-carne\\\/\"},\"author\":{\"name\":\"proagrolab\",\"@id\":\"https:\\\/\\\/proagrolab.com.ar\\\/#\\\/schema\\\/person\\\/38003ff90bf80381f71c7d922d207444\"},\"headline\":\"Por la p\u00e9rdida de poder adquisitivo, en el pa\u00eds del bife cae el consumo de carne.\",\"datePublished\":\"2014-06-18T00:00:01+00:00\",\"dateModified\":\"2020-07-01T19:30:34+00:00\",\"mainEntityOfPage\":{\"@id\":\"https:\\\/\\\/proagrolab.com.ar\\\/por-la-perdida-de-poder-adquisitivo-en-el-pais-del-bife-cae-el-consumo-de-carne\\\/\"},\"wordCount\":895,\"publisher\":{\"@id\":\"https:\\\/\\\/proagrolab.com.ar\\\/#organization\"},\"image\":{\"@id\":\"https:\\\/\\\/proagrolab.com.ar\\\/por-la-perdida-de-poder-adquisitivo-en-el-pais-del-bife-cae-el-consumo-de-carne\\\/#primaryimage\"},\"thumbnailUrl\":\"https:\\\/\\\/proagrolab.com.ar\\\/wp-content\\\/uploads\\\/2015\\\/01\\\/g_s65xd7bpu__Frigorifico-2.jpg\",\"articleSection\":[\"News\"],\"inLanguage\":\"en-US\"},{\"@type\":\"WebPage\",\"@id\":\"https:\\\/\\\/proagrolab.com.ar\\\/por-la-perdida-de-poder-adquisitivo-en-el-pais-del-bife-cae-el-consumo-de-carne\\\/\",\"url\":\"https:\\\/\\\/proagrolab.com.ar\\\/por-la-perdida-de-poder-adquisitivo-en-el-pais-del-bife-cae-el-consumo-de-carne\\\/\",\"name\":\"Por la p\u00e9rdida de poder adquisitivo, en el pa\u00eds del bife cae el consumo de carne. | Proagro\",\"isPartOf\":{\"@id\":\"https:\\\/\\\/proagrolab.com.ar\\\/#website\"},\"primaryImageOfPage\":{\"@id\":\"https:\\\/\\\/proagrolab.com.ar\\\/por-la-perdida-de-poder-adquisitivo-en-el-pais-del-bife-cae-el-consumo-de-carne\\\/#primaryimage\"},\"image\":{\"@id\":\"https:\\\/\\\/proagrolab.com.ar\\\/por-la-perdida-de-poder-adquisitivo-en-el-pais-del-bife-cae-el-consumo-de-carne\\\/#primaryimage\"},\"thumbnailUrl\":\"https:\\\/\\\/proagrolab.com.ar\\\/wp-content\\\/uploads\\\/2015\\\/01\\\/g_s65xd7bpu__Frigorifico-2.jpg\",\"datePublished\":\"2014-06-18T00:00:01+00:00\",\"dateModified\":\"2020-07-01T19:30:34+00:00\",\"breadcrumb\":{\"@id\":\"https:\\\/\\\/proagrolab.com.ar\\\/por-la-perdida-de-poder-adquisitivo-en-el-pais-del-bife-cae-el-consumo-de-carne\\\/#breadcrumb\"},\"inLanguage\":\"en-US\",\"potentialAction\":[{\"@type\":\"ReadAction\",\"target\":[\"https:\\\/\\\/proagrolab.com.ar\\\/por-la-perdida-de-poder-adquisitivo-en-el-pais-del-bife-cae-el-consumo-de-carne\\\/\"]}]},{\"@type\":\"ImageObject\",\"inLanguage\":\"en-US\",\"@id\":\"https:\\\/\\\/proagrolab.com.ar\\\/por-la-perdida-de-poder-adquisitivo-en-el-pais-del-bife-cae-el-consumo-de-carne\\\/#primaryimage\",\"url\":\"https:\\\/\\\/proagrolab.com.ar\\\/wp-content\\\/uploads\\\/2015\\\/01\\\/g_s65xd7bpu__Frigorifico-2.jpg\",\"contentUrl\":\"https:\\\/\\\/proagrolab.com.ar\\\/wp-content\\\/uploads\\\/2015\\\/01\\\/g_s65xd7bpu__Frigorifico-2.jpg\",\"width\":450,\"height\":208},{\"@type\":\"BreadcrumbList\",\"@id\":\"https:\\\/\\\/proagrolab.com.ar\\\/por-la-perdida-de-poder-adquisitivo-en-el-pais-del-bife-cae-el-consumo-de-carne\\\/#breadcrumb\",\"itemListElement\":[{\"@type\":\"ListItem\",\"position\":1,\"name\":\"Portada\",\"item\":\"https:\\\/\\\/proagrolab.com.ar\\\/\"},{\"@type\":\"ListItem\",\"position\":2,\"name\":\"Por la p\u00e9rdida de poder adquisitivo, en el pa\u00eds del bife cae el consumo de carne.\"}]},{\"@type\":\"WebSite\",\"@id\":\"https:\\\/\\\/proagrolab.com.ar\\\/#website\",\"url\":\"https:\\\/\\\/proagrolab.com.ar\\\/\",\"name\":\"Proagro Laboratorio Veterinario\",\"description\":\"Veterinary laboratory\",\"publisher\":{\"@id\":\"https:\\\/\\\/proagrolab.com.ar\\\/#organization\"},\"potentialAction\":[{\"@type\":\"SearchAction\",\"target\":{\"@type\":\"EntryPoint\",\"urlTemplate\":\"https:\\\/\\\/proagrolab.com.ar\\\/?s={search_term_string}\"},\"query-input\":{\"@type\":\"PropertyValueSpecification\",\"valueRequired\":true,\"valueName\":\"search_term_string\"}}],\"inLanguage\":\"en-US\"},{\"@type\":\"Organization\",\"@id\":\"https:\\\/\\\/proagrolab.com.ar\\\/#organization\",\"name\":\"Proagro\",\"url\":\"https:\\\/\\\/proagrolab.com.ar\\\/\",\"logo\":{\"@type\":\"ImageObject\",\"inLanguage\":\"en-US\",\"@id\":\"https:\\\/\\\/proagrolab.com.ar\\\/#\\\/schema\\\/logo\\\/image\\\/\",\"url\":\"https:\\\/\\\/proagrolab.com.ar\\\/wp-content\\\/uploads\\\/2020\\\/04\\\/logo-retina.png\",\"contentUrl\":\"https:\\\/\\\/proagrolab.com.ar\\\/wp-content\\\/uploads\\\/2020\\\/04\\\/logo-retina.png\",\"width\":478,\"height\":120,\"caption\":\"Proagro\"},\"image\":{\"@id\":\"https:\\\/\\\/proagrolab.com.ar\\\/#\\\/schema\\\/logo\\\/image\\\/\"},\"sameAs\":[\"http:\\\/\\\/www.facebook.com\\\/proagrolab\",\"https:\\\/\\\/www.instagram.com\\\/proagrolab\\\/\",\"https:\\\/\\\/www.linkedin.com\\\/company\\\/laboratorio-proagro-s-a\\\/\"]},{\"@type\":\"Person\",\"@id\":\"https:\\\/\\\/proagrolab.com.ar\\\/#\\\/schema\\\/person\\\/38003ff90bf80381f71c7d922d207444\",\"name\":\"proagrolab\"}]}<\/script>\n<!-- \/ Yoast SEO plugin. -->","yoast_head_json":{"title":"Por la p\u00e9rdida de poder adquisitivo, en el pa\u00eds del bife cae el consumo de carne. | Proagro","robots":{"index":"index","follow":"follow","max-snippet":"max-snippet:-1","max-image-preview":"max-image-preview:large","max-video-preview":"max-video-preview:-1"},"canonical":"https:\/\/proagrolab.com.ar\/en\/por-la-perdida-de-poder-adquisitivo-en-el-pais-del-bife-cae-el-consumo-de-carne\/","og_locale":"en_US","og_type":"article","og_title":"Por la p\u00e9rdida de poder adquisitivo, en el pa\u00eds del bife cae el consumo de carne. | Proagro","og_description":"Por Fernando Bertello. Baj\u00f3 3,7% entre enero y mayo, seg\u00fan una c\u00e1mara industrial; en carnicer\u00edas y supermercados admiten que las ventas alcanzaron un techo. En el pa\u00eds que m\u00e1s bifes por habitante se comen en el mundo, la p\u00e9rdida del poder adquisitivo del salario le est\u00e1 pegando de lleno a la carne vacuna. Entre enero y mayo pasados, el consumo interno retrocedi\u00f3 3,7% respecto de igual per\u00edodo de 2013, esto es, unas 39.300 toneladas. M\u00e1s a\u00fan, si a este indicador se lo anualiza, la baja del consumo trep\u00f3 al 4,6 por ciento. Hoy, en promedio, cada habitante consume en la Argentina 59 kilos de este producto, 2,8 kilos menos en relaci\u00f3n con el per\u00edodo enero\/mayo de 2013. Estos datos se desprenden de un informe realizado por la C\u00e1mara Argentina de la Industria y el Comercio de Carnes y Derivados (Ciccra), que se conoci\u00f3 ayer. En carnicer\u00edas y supermercados admiten que las ventas de carne han encontrado &#8220;un techo&#8221; y que en algunos casos se bajaron precios para incentivar la demanda. &#8220;La ca\u00edda de la demanda es b\u00e1sicamente por la p\u00e9rdida del poder adquisitivo y se va a seguir agravando en la medida en que contin\u00fae esta inflaci\u00f3n. Si bien un [&hellip;]","og_url":"https:\/\/proagrolab.com.ar\/por-la-perdida-de-poder-adquisitivo-en-el-pais-del-bife-cae-el-consumo-de-carne\/","og_site_name":"Proagro","article_publisher":"http:\/\/www.facebook.com\/proagrolab","article_published_time":"2014-06-18T00:00:01+00:00","article_modified_time":"2020-07-01T19:30:34+00:00","og_image":[{"width":450,"height":208,"url":"https:\/\/proagrolab.com.ar\/wp-content\/uploads\/2015\/01\/g_s65xd7bpu__Frigorifico-2.jpg","type":"image\/jpeg"}],"author":"proagrolab","twitter_card":"summary_large_image","twitter_misc":{"Written by":"proagrolab","Est. reading time":"4 minutes"},"schema":{"@context":"https:\/\/schema.org","@graph":[{"@type":"Article","@id":"https:\/\/proagrolab.com.ar\/por-la-perdida-de-poder-adquisitivo-en-el-pais-del-bife-cae-el-consumo-de-carne\/#article","isPartOf":{"@id":"https:\/\/proagrolab.com.ar\/por-la-perdida-de-poder-adquisitivo-en-el-pais-del-bife-cae-el-consumo-de-carne\/"},"author":{"name":"proagrolab","@id":"https:\/\/proagrolab.com.ar\/#\/schema\/person\/38003ff90bf80381f71c7d922d207444"},"headline":"Por la p\u00e9rdida de poder adquisitivo, en el pa\u00eds del bife cae el consumo de carne.","datePublished":"2014-06-18T00:00:01+00:00","dateModified":"2020-07-01T19:30:34+00:00","mainEntityOfPage":{"@id":"https:\/\/proagrolab.com.ar\/por-la-perdida-de-poder-adquisitivo-en-el-pais-del-bife-cae-el-consumo-de-carne\/"},"wordCount":895,"publisher":{"@id":"https:\/\/proagrolab.com.ar\/#organization"},"image":{"@id":"https:\/\/proagrolab.com.ar\/por-la-perdida-de-poder-adquisitivo-en-el-pais-del-bife-cae-el-consumo-de-carne\/#primaryimage"},"thumbnailUrl":"https:\/\/proagrolab.com.ar\/wp-content\/uploads\/2015\/01\/g_s65xd7bpu__Frigorifico-2.jpg","articleSection":["News"],"inLanguage":"en-US"},{"@type":"WebPage","@id":"https:\/\/proagrolab.com.ar\/por-la-perdida-de-poder-adquisitivo-en-el-pais-del-bife-cae-el-consumo-de-carne\/","url":"https:\/\/proagrolab.com.ar\/por-la-perdida-de-poder-adquisitivo-en-el-pais-del-bife-cae-el-consumo-de-carne\/","name":"Por la p\u00e9rdida de poder adquisitivo, en el pa\u00eds del bife cae el consumo de carne. | Proagro","isPartOf":{"@id":"https:\/\/proagrolab.com.ar\/#website"},"primaryImageOfPage":{"@id":"https:\/\/proagrolab.com.ar\/por-la-perdida-de-poder-adquisitivo-en-el-pais-del-bife-cae-el-consumo-de-carne\/#primaryimage"},"image":{"@id":"https:\/\/proagrolab.com.ar\/por-la-perdida-de-poder-adquisitivo-en-el-pais-del-bife-cae-el-consumo-de-carne\/#primaryimage"},"thumbnailUrl":"https:\/\/proagrolab.com.ar\/wp-content\/uploads\/2015\/01\/g_s65xd7bpu__Frigorifico-2.jpg","datePublished":"2014-06-18T00:00:01+00:00","dateModified":"2020-07-01T19:30:34+00:00","breadcrumb":{"@id":"https:\/\/proagrolab.com.ar\/por-la-perdida-de-poder-adquisitivo-en-el-pais-del-bife-cae-el-consumo-de-carne\/#breadcrumb"},"inLanguage":"en-US","potentialAction":[{"@type":"ReadAction","target":["https:\/\/proagrolab.com.ar\/por-la-perdida-de-poder-adquisitivo-en-el-pais-del-bife-cae-el-consumo-de-carne\/"]}]},{"@type":"ImageObject","inLanguage":"en-US","@id":"https:\/\/proagrolab.com.ar\/por-la-perdida-de-poder-adquisitivo-en-el-pais-del-bife-cae-el-consumo-de-carne\/#primaryimage","url":"https:\/\/proagrolab.com.ar\/wp-content\/uploads\/2015\/01\/g_s65xd7bpu__Frigorifico-2.jpg","contentUrl":"https:\/\/proagrolab.com.ar\/wp-content\/uploads\/2015\/01\/g_s65xd7bpu__Frigorifico-2.jpg","width":450,"height":208},{"@type":"BreadcrumbList","@id":"https:\/\/proagrolab.com.ar\/por-la-perdida-de-poder-adquisitivo-en-el-pais-del-bife-cae-el-consumo-de-carne\/#breadcrumb","itemListElement":[{"@type":"ListItem","position":1,"name":"Portada","item":"https:\/\/proagrolab.com.ar\/"},{"@type":"ListItem","position":2,"name":"Por la p\u00e9rdida de poder adquisitivo, en el pa\u00eds del bife cae el consumo de carne."}]},{"@type":"WebSite","@id":"https:\/\/proagrolab.com.ar\/#website","url":"https:\/\/proagrolab.com.ar\/","name":"Proagro Laboratorio Veterinario","description":"Veterinary laboratory","publisher":{"@id":"https:\/\/proagrolab.com.ar\/#organization"},"potentialAction":[{"@type":"SearchAction","target":{"@type":"EntryPoint","urlTemplate":"https:\/\/proagrolab.com.ar\/?s={search_term_string}"},"query-input":{"@type":"PropertyValueSpecification","valueRequired":true,"valueName":"search_term_string"}}],"inLanguage":"en-US"},{"@type":"Organization","@id":"https:\/\/proagrolab.com.ar\/#organization","name":"Proagro","url":"https:\/\/proagrolab.com.ar\/","logo":{"@type":"ImageObject","inLanguage":"en-US","@id":"https:\/\/proagrolab.com.ar\/#\/schema\/logo\/image\/","url":"https:\/\/proagrolab.com.ar\/wp-content\/uploads\/2020\/04\/logo-retina.png","contentUrl":"https:\/\/proagrolab.com.ar\/wp-content\/uploads\/2020\/04\/logo-retina.png","width":478,"height":120,"caption":"Proagro"},"image":{"@id":"https:\/\/proagrolab.com.ar\/#\/schema\/logo\/image\/"},"sameAs":["http:\/\/www.facebook.com\/proagrolab","https:\/\/www.instagram.com\/proagrolab\/","https:\/\/www.linkedin.com\/company\/laboratorio-proagro-s-a\/"]},{"@type":"Person","@id":"https:\/\/proagrolab.com.ar\/#\/schema\/person\/38003ff90bf80381f71c7d922d207444","name":"proagrolab"}]}},"_links":{"self":[{"href":"https:\/\/proagrolab.com.ar\/en\/wp-json\/wp\/v2\/posts\/6181","targetHints":{"allow":["GET"]}}],"collection":[{"href":"https:\/\/proagrolab.com.ar\/en\/wp-json\/wp\/v2\/posts"}],"about":[{"href":"https:\/\/proagrolab.com.ar\/en\/wp-json\/wp\/v2\/types\/post"}],"author":[{"embeddable":true,"href":"https:\/\/proagrolab.com.ar\/en\/wp-json\/wp\/v2\/users\/2"}],"replies":[{"embeddable":true,"href":"https:\/\/proagrolab.com.ar\/en\/wp-json\/wp\/v2\/comments?post=6181"}],"version-history":[{"count":1,"href":"https:\/\/proagrolab.com.ar\/en\/wp-json\/wp\/v2\/posts\/6181\/revisions"}],"predecessor-version":[{"id":14443,"href":"https:\/\/proagrolab.com.ar\/en\/wp-json\/wp\/v2\/posts\/6181\/revisions\/14443"}],"wp:featuredmedia":[{"embeddable":true,"href":"https:\/\/proagrolab.com.ar\/en\/wp-json\/wp\/v2\/media\/2669"}],"wp:attachment":[{"href":"https:\/\/proagrolab.com.ar\/en\/wp-json\/wp\/v2\/media?parent=6181"}],"wp:term":[{"taxonomy":"category","embeddable":true,"href":"https:\/\/proagrolab.com.ar\/en\/wp-json\/wp\/v2\/categories?post=6181"},{"taxonomy":"post_tag","embeddable":true,"href":"https:\/\/proagrolab.com.ar\/en\/wp-json\/wp\/v2\/tags?post=6181"}],"curies":[{"name":"wp","href":"https:\/\/api.w.org\/{rel}","templated":true}]}}