{"id":6180,"date":"2014-06-17T00:00:01","date_gmt":"2014-06-17T00:00:01","guid":{"rendered":"https:\/\/proagrolab.com.ar\/califican-de-inestable-al-ritmo-de-sacrificio-de-ganado-bovino-en-argentina\/"},"modified":"2020-07-01T19:28:02","modified_gmt":"2020-07-01T19:28:02","slug":"califican-de-inestable-al-ritmo-de-sacrificio-de-ganado-bovino-en-argentina","status":"publish","type":"post","link":"https:\/\/proagrolab.com.ar\/en\/califican-de-inestable-al-ritmo-de-sacrificio-de-ganado-bovino-en-argentina\/","title":{"rendered":"Califican de &#8220;inestable&#8221; al ritmo de sacrificio de ganado bovino en Argentina."},"content":{"rendered":"<p class=\"qtranxs-available-languages-message qtranxs-available-languages-message-en\"> <\/p><p>La faena de bovinos en la Argentina fue de 1,03 millones de cabezas en mayo, 1% m\u00e1s que en abril pero 5% menos que hace un a\u00f1o.<\/p>\n<p>La participaci\u00f3n de hembras en la faena fue de 45,5%, una leve alta sobre el 45,1% de abril. Es el s\u00e9ptimo mes seguido, seg\u00fan informa Valor Carne, en que este indicador se mantiene por encima del 45% pero no muestra se\u00f1ales de seguir subiendo.<\/p>\n<p>A su vez, mayo fue el cuarto mes, de entre los \u00faltimos cinco, en que la faena es inferior a la de igual mes del a\u00f1o anterior. Hay que retroceder hasta fines de 2011 para encontrar una situaci\u00f3n similar, agrega Valor Carne, cuando estaba terminando la fase de contracci\u00f3n de la faena y expansi\u00f3n del rodeo.<\/p>\n<p>En el acumulado de los los primeros cinco meses del a\u00f1o, las 5,1 millones de cabezas faenadas representan 2% menos de faena que en el mismo per\u00edodo de 2013.<\/p>\n<p>Finalmente, la comparaci\u00f3n de la faena del \u00faltimo trimestre y la de los \u00faltimos doce meses, con sus equivalentes de hace un a\u00f1o, muestra que la faena trimestral viene disminuyendo m\u00e1s que la anual, lo que est\u00e1 llevando la comparaci\u00f3n interanual de a doce meses hacia abajo. <\/p>\n<p>Esta situaci\u00f3n se observa tambi\u00e9n cuando se analiza la faena de machos y de hembras por separado, lo que habla de la consistencia del movimiento. No obstante, las hembras siguen mostrando todav\u00eda un crecimiento mayor al de machos. Mientras \u00e9stos est\u00e1n en +1%, en los 12 meses, y en -7%, en el trimestre, las hembras acusan +11% y +4%, respectivamente.<\/p>\n<p>Dicho informe considera que el ciclo ganadero atraviesa una etapa de equilibrio inestable. Cualquier movimiento de las variables macroecon\u00f3micas puede impactar de manera imprevisible esta evoluci\u00f3n.<\/p>\n<p>Fuente: Carnetec, 16 de junio.<br \/><\/p>","protected":false},"excerpt":{"rendered":"<p>La faena de bovinos en la Argentina fue de 1,03 millones de cabezas en mayo, 1% m\u00e1s que en abril pero 5% menos que hace un a\u00f1o. La participaci\u00f3n de hembras en la faena fue de 45,5%, una leve alta sobre el 45,1% de abril. Es el s\u00e9ptimo mes seguido, seg\u00fan informa Valor Carne, en que este indicador se mantiene por encima del 45% pero no muestra se\u00f1ales de seguir subiendo. A su vez, mayo fue el cuarto mes, de entre los \u00faltimos cinco, en que la faena es inferior a la de igual mes del a\u00f1o anterior. Hay que retroceder hasta fines de 2011 para encontrar una situaci\u00f3n similar, agrega Valor Carne, cuando estaba terminando la fase de contracci\u00f3n de la faena y expansi\u00f3n del rodeo. En el acumulado de los los primeros cinco meses del a\u00f1o, las 5,1 millones de cabezas faenadas representan 2% menos de faena que en el mismo per\u00edodo de 2013. Finalmente, la comparaci\u00f3n de la faena del \u00faltimo trimestre y la de los \u00faltimos doce meses, con sus equivalentes de hace un a\u00f1o, muestra que la faena trimestral viene disminuyendo m\u00e1s que la anual, lo que est\u00e1 llevando la comparaci\u00f3n interanual de a doce [&hellip;]<\/p>\n","protected":false},"author":2,"featured_media":2667,"comment_status":"closed","ping_status":"open","sticky":false,"template":"","format":"standard","meta":{"_acf_changed":false,"footnotes":""},"categories":[56],"tags":[],"class_list":["post-6180","post","type-post","status-publish","format-standard","has-post-thumbnail","hentry","category-infoganadero"],"acf":[],"yoast_head":"<!-- This site is optimized with the Yoast SEO plugin v27.4 - https:\/\/yoast.com\/product\/yoast-seo-wordpress\/ -->\n<title>Califican de &quot;inestable&quot; al ritmo de sacrificio de ganado bovino en Argentina. | Proagro<\/title>\n<meta name=\"robots\" content=\"index, follow, max-snippet:-1, max-image-preview:large, max-video-preview:-1\" \/>\n<link rel=\"canonical\" href=\"https:\/\/proagrolab.com.ar\/en\/califican-de-inestable-al-ritmo-de-sacrificio-de-ganado-bovino-en-argentina\/\" \/>\n<meta property=\"og:locale\" content=\"en_US\" \/>\n<meta property=\"og:type\" content=\"article\" \/>\n<meta property=\"og:title\" content=\"Califican de &quot;inestable&quot; al ritmo de sacrificio de ganado bovino en Argentina. | Proagro\" \/>\n<meta property=\"og:description\" content=\"La faena de bovinos en la Argentina fue de 1,03 millones de cabezas en mayo, 1% m\u00e1s que en abril pero 5% menos que hace un a\u00f1o. La participaci\u00f3n de hembras en la faena fue de 45,5%, una leve alta sobre el 45,1% de abril. Es el s\u00e9ptimo mes seguido, seg\u00fan informa Valor Carne, en que este indicador se mantiene por encima del 45% pero no muestra se\u00f1ales de seguir subiendo. A su vez, mayo fue el cuarto mes, de entre los \u00faltimos cinco, en que la faena es inferior a la de igual mes del a\u00f1o anterior. Hay que retroceder hasta fines de 2011 para encontrar una situaci\u00f3n similar, agrega Valor Carne, cuando estaba terminando la fase de contracci\u00f3n de la faena y expansi\u00f3n del rodeo. En el acumulado de los los primeros cinco meses del a\u00f1o, las 5,1 millones de cabezas faenadas representan 2% menos de faena que en el mismo per\u00edodo de 2013. Finalmente, la comparaci\u00f3n de la faena del \u00faltimo trimestre y la de los \u00faltimos doce meses, con sus equivalentes de hace un a\u00f1o, muestra que la faena trimestral viene disminuyendo m\u00e1s que la anual, lo que est\u00e1 llevando la comparaci\u00f3n interanual de a doce [&hellip;]\" \/>\n<meta property=\"og:url\" content=\"https:\/\/proagrolab.com.ar\/califican-de-inestable-al-ritmo-de-sacrificio-de-ganado-bovino-en-argentina\/\" \/>\n<meta property=\"og:site_name\" content=\"Proagro\" \/>\n<meta property=\"article:publisher\" content=\"http:\/\/www.facebook.com\/proagrolab\" \/>\n<meta property=\"article:published_time\" content=\"2014-06-17T00:00:01+00:00\" \/>\n<meta property=\"article:modified_time\" content=\"2020-07-01T19:28:02+00:00\" \/>\n<meta property=\"og:image\" content=\"https:\/\/proagrolab.com.ar\/wp-content\/uploads\/2015\/01\/g_brhpi2zal__Frigorifico-3.jpg\" \/>\n\t<meta property=\"og:image:width\" content=\"450\" \/>\n\t<meta property=\"og:image:height\" content=\"208\" \/>\n\t<meta property=\"og:image:type\" content=\"image\/jpeg\" \/>\n<meta name=\"author\" content=\"proagrolab\" \/>\n<meta name=\"twitter:card\" content=\"summary_large_image\" \/>\n<meta name=\"twitter:label1\" content=\"Written by\" \/>\n\t<meta name=\"twitter:data1\" content=\"proagrolab\" \/>\n\t<meta name=\"twitter:label2\" content=\"Est. reading time\" \/>\n\t<meta name=\"twitter:data2\" content=\"2 minutes\" \/>\n<script type=\"application\/ld+json\" class=\"yoast-schema-graph\">{\"@context\":\"https:\\\/\\\/schema.org\",\"@graph\":[{\"@type\":\"Article\",\"@id\":\"https:\\\/\\\/proagrolab.com.ar\\\/califican-de-inestable-al-ritmo-de-sacrificio-de-ganado-bovino-en-argentina\\\/#article\",\"isPartOf\":{\"@id\":\"https:\\\/\\\/proagrolab.com.ar\\\/califican-de-inestable-al-ritmo-de-sacrificio-de-ganado-bovino-en-argentina\\\/\"},\"author\":{\"name\":\"proagrolab\",\"@id\":\"https:\\\/\\\/proagrolab.com.ar\\\/#\\\/schema\\\/person\\\/38003ff90bf80381f71c7d922d207444\"},\"headline\":\"Califican de &#8220;inestable&#8221; al ritmo de sacrificio de ganado bovino en Argentina.\",\"datePublished\":\"2014-06-17T00:00:01+00:00\",\"dateModified\":\"2020-07-01T19:28:02+00:00\",\"mainEntityOfPage\":{\"@id\":\"https:\\\/\\\/proagrolab.com.ar\\\/califican-de-inestable-al-ritmo-de-sacrificio-de-ganado-bovino-en-argentina\\\/\"},\"wordCount\":313,\"publisher\":{\"@id\":\"https:\\\/\\\/proagrolab.com.ar\\\/#organization\"},\"image\":{\"@id\":\"https:\\\/\\\/proagrolab.com.ar\\\/califican-de-inestable-al-ritmo-de-sacrificio-de-ganado-bovino-en-argentina\\\/#primaryimage\"},\"thumbnailUrl\":\"https:\\\/\\\/proagrolab.com.ar\\\/wp-content\\\/uploads\\\/2015\\\/01\\\/g_brhpi2zal__Frigorifico-3.jpg\",\"articleSection\":[\"News\"],\"inLanguage\":\"en-US\"},{\"@type\":\"WebPage\",\"@id\":\"https:\\\/\\\/proagrolab.com.ar\\\/califican-de-inestable-al-ritmo-de-sacrificio-de-ganado-bovino-en-argentina\\\/\",\"url\":\"https:\\\/\\\/proagrolab.com.ar\\\/califican-de-inestable-al-ritmo-de-sacrificio-de-ganado-bovino-en-argentina\\\/\",\"name\":\"Califican de \\\"inestable\\\" al ritmo de sacrificio de ganado bovino en Argentina. | Proagro\",\"isPartOf\":{\"@id\":\"https:\\\/\\\/proagrolab.com.ar\\\/#website\"},\"primaryImageOfPage\":{\"@id\":\"https:\\\/\\\/proagrolab.com.ar\\\/califican-de-inestable-al-ritmo-de-sacrificio-de-ganado-bovino-en-argentina\\\/#primaryimage\"},\"image\":{\"@id\":\"https:\\\/\\\/proagrolab.com.ar\\\/califican-de-inestable-al-ritmo-de-sacrificio-de-ganado-bovino-en-argentina\\\/#primaryimage\"},\"thumbnailUrl\":\"https:\\\/\\\/proagrolab.com.ar\\\/wp-content\\\/uploads\\\/2015\\\/01\\\/g_brhpi2zal__Frigorifico-3.jpg\",\"datePublished\":\"2014-06-17T00:00:01+00:00\",\"dateModified\":\"2020-07-01T19:28:02+00:00\",\"breadcrumb\":{\"@id\":\"https:\\\/\\\/proagrolab.com.ar\\\/califican-de-inestable-al-ritmo-de-sacrificio-de-ganado-bovino-en-argentina\\\/#breadcrumb\"},\"inLanguage\":\"en-US\",\"potentialAction\":[{\"@type\":\"ReadAction\",\"target\":[\"https:\\\/\\\/proagrolab.com.ar\\\/califican-de-inestable-al-ritmo-de-sacrificio-de-ganado-bovino-en-argentina\\\/\"]}]},{\"@type\":\"ImageObject\",\"inLanguage\":\"en-US\",\"@id\":\"https:\\\/\\\/proagrolab.com.ar\\\/califican-de-inestable-al-ritmo-de-sacrificio-de-ganado-bovino-en-argentina\\\/#primaryimage\",\"url\":\"https:\\\/\\\/proagrolab.com.ar\\\/wp-content\\\/uploads\\\/2015\\\/01\\\/g_brhpi2zal__Frigorifico-3.jpg\",\"contentUrl\":\"https:\\\/\\\/proagrolab.com.ar\\\/wp-content\\\/uploads\\\/2015\\\/01\\\/g_brhpi2zal__Frigorifico-3.jpg\",\"width\":450,\"height\":208},{\"@type\":\"BreadcrumbList\",\"@id\":\"https:\\\/\\\/proagrolab.com.ar\\\/califican-de-inestable-al-ritmo-de-sacrificio-de-ganado-bovino-en-argentina\\\/#breadcrumb\",\"itemListElement\":[{\"@type\":\"ListItem\",\"position\":1,\"name\":\"Portada\",\"item\":\"https:\\\/\\\/proagrolab.com.ar\\\/\"},{\"@type\":\"ListItem\",\"position\":2,\"name\":\"Califican de \u00abinestable\u00bb al ritmo de sacrificio de ganado bovino en Argentina.\"}]},{\"@type\":\"WebSite\",\"@id\":\"https:\\\/\\\/proagrolab.com.ar\\\/#website\",\"url\":\"https:\\\/\\\/proagrolab.com.ar\\\/\",\"name\":\"Proagro Laboratorio Veterinario\",\"description\":\"Veterinary laboratory\",\"publisher\":{\"@id\":\"https:\\\/\\\/proagrolab.com.ar\\\/#organization\"},\"potentialAction\":[{\"@type\":\"SearchAction\",\"target\":{\"@type\":\"EntryPoint\",\"urlTemplate\":\"https:\\\/\\\/proagrolab.com.ar\\\/?s={search_term_string}\"},\"query-input\":{\"@type\":\"PropertyValueSpecification\",\"valueRequired\":true,\"valueName\":\"search_term_string\"}}],\"inLanguage\":\"en-US\"},{\"@type\":\"Organization\",\"@id\":\"https:\\\/\\\/proagrolab.com.ar\\\/#organization\",\"name\":\"Proagro\",\"url\":\"https:\\\/\\\/proagrolab.com.ar\\\/\",\"logo\":{\"@type\":\"ImageObject\",\"inLanguage\":\"en-US\",\"@id\":\"https:\\\/\\\/proagrolab.com.ar\\\/#\\\/schema\\\/logo\\\/image\\\/\",\"url\":\"https:\\\/\\\/proagrolab.com.ar\\\/wp-content\\\/uploads\\\/2020\\\/04\\\/logo-retina.png\",\"contentUrl\":\"https:\\\/\\\/proagrolab.com.ar\\\/wp-content\\\/uploads\\\/2020\\\/04\\\/logo-retina.png\",\"width\":478,\"height\":120,\"caption\":\"Proagro\"},\"image\":{\"@id\":\"https:\\\/\\\/proagrolab.com.ar\\\/#\\\/schema\\\/logo\\\/image\\\/\"},\"sameAs\":[\"http:\\\/\\\/www.facebook.com\\\/proagrolab\",\"https:\\\/\\\/www.instagram.com\\\/proagrolab\\\/\",\"https:\\\/\\\/www.linkedin.com\\\/company\\\/laboratorio-proagro-s-a\\\/\"]},{\"@type\":\"Person\",\"@id\":\"https:\\\/\\\/proagrolab.com.ar\\\/#\\\/schema\\\/person\\\/38003ff90bf80381f71c7d922d207444\",\"name\":\"proagrolab\"}]}<\/script>\n<!-- \/ Yoast SEO plugin. -->","yoast_head_json":{"title":"Califican de \"inestable\" al ritmo de sacrificio de ganado bovino en Argentina. | Proagro","robots":{"index":"index","follow":"follow","max-snippet":"max-snippet:-1","max-image-preview":"max-image-preview:large","max-video-preview":"max-video-preview:-1"},"canonical":"https:\/\/proagrolab.com.ar\/en\/califican-de-inestable-al-ritmo-de-sacrificio-de-ganado-bovino-en-argentina\/","og_locale":"en_US","og_type":"article","og_title":"Califican de \"inestable\" al ritmo de sacrificio de ganado bovino en Argentina. | Proagro","og_description":"La faena de bovinos en la Argentina fue de 1,03 millones de cabezas en mayo, 1% m\u00e1s que en abril pero 5% menos que hace un a\u00f1o. La participaci\u00f3n de hembras en la faena fue de 45,5%, una leve alta sobre el 45,1% de abril. Es el s\u00e9ptimo mes seguido, seg\u00fan informa Valor Carne, en que este indicador se mantiene por encima del 45% pero no muestra se\u00f1ales de seguir subiendo. A su vez, mayo fue el cuarto mes, de entre los \u00faltimos cinco, en que la faena es inferior a la de igual mes del a\u00f1o anterior. Hay que retroceder hasta fines de 2011 para encontrar una situaci\u00f3n similar, agrega Valor Carne, cuando estaba terminando la fase de contracci\u00f3n de la faena y expansi\u00f3n del rodeo. En el acumulado de los los primeros cinco meses del a\u00f1o, las 5,1 millones de cabezas faenadas representan 2% menos de faena que en el mismo per\u00edodo de 2013. Finalmente, la comparaci\u00f3n de la faena del \u00faltimo trimestre y la de los \u00faltimos doce meses, con sus equivalentes de hace un a\u00f1o, muestra que la faena trimestral viene disminuyendo m\u00e1s que la anual, lo que est\u00e1 llevando la comparaci\u00f3n interanual de a doce [&hellip;]","og_url":"https:\/\/proagrolab.com.ar\/califican-de-inestable-al-ritmo-de-sacrificio-de-ganado-bovino-en-argentina\/","og_site_name":"Proagro","article_publisher":"http:\/\/www.facebook.com\/proagrolab","article_published_time":"2014-06-17T00:00:01+00:00","article_modified_time":"2020-07-01T19:28:02+00:00","og_image":[{"width":450,"height":208,"url":"https:\/\/proagrolab.com.ar\/wp-content\/uploads\/2015\/01\/g_brhpi2zal__Frigorifico-3.jpg","type":"image\/jpeg"}],"author":"proagrolab","twitter_card":"summary_large_image","twitter_misc":{"Written by":"proagrolab","Est. reading time":"2 minutes"},"schema":{"@context":"https:\/\/schema.org","@graph":[{"@type":"Article","@id":"https:\/\/proagrolab.com.ar\/califican-de-inestable-al-ritmo-de-sacrificio-de-ganado-bovino-en-argentina\/#article","isPartOf":{"@id":"https:\/\/proagrolab.com.ar\/califican-de-inestable-al-ritmo-de-sacrificio-de-ganado-bovino-en-argentina\/"},"author":{"name":"proagrolab","@id":"https:\/\/proagrolab.com.ar\/#\/schema\/person\/38003ff90bf80381f71c7d922d207444"},"headline":"Califican de &#8220;inestable&#8221; al ritmo de sacrificio de ganado bovino en Argentina.","datePublished":"2014-06-17T00:00:01+00:00","dateModified":"2020-07-01T19:28:02+00:00","mainEntityOfPage":{"@id":"https:\/\/proagrolab.com.ar\/califican-de-inestable-al-ritmo-de-sacrificio-de-ganado-bovino-en-argentina\/"},"wordCount":313,"publisher":{"@id":"https:\/\/proagrolab.com.ar\/#organization"},"image":{"@id":"https:\/\/proagrolab.com.ar\/califican-de-inestable-al-ritmo-de-sacrificio-de-ganado-bovino-en-argentina\/#primaryimage"},"thumbnailUrl":"https:\/\/proagrolab.com.ar\/wp-content\/uploads\/2015\/01\/g_brhpi2zal__Frigorifico-3.jpg","articleSection":["News"],"inLanguage":"en-US"},{"@type":"WebPage","@id":"https:\/\/proagrolab.com.ar\/califican-de-inestable-al-ritmo-de-sacrificio-de-ganado-bovino-en-argentina\/","url":"https:\/\/proagrolab.com.ar\/califican-de-inestable-al-ritmo-de-sacrificio-de-ganado-bovino-en-argentina\/","name":"Califican de \"inestable\" al ritmo de sacrificio de ganado bovino en Argentina. | Proagro","isPartOf":{"@id":"https:\/\/proagrolab.com.ar\/#website"},"primaryImageOfPage":{"@id":"https:\/\/proagrolab.com.ar\/califican-de-inestable-al-ritmo-de-sacrificio-de-ganado-bovino-en-argentina\/#primaryimage"},"image":{"@id":"https:\/\/proagrolab.com.ar\/califican-de-inestable-al-ritmo-de-sacrificio-de-ganado-bovino-en-argentina\/#primaryimage"},"thumbnailUrl":"https:\/\/proagrolab.com.ar\/wp-content\/uploads\/2015\/01\/g_brhpi2zal__Frigorifico-3.jpg","datePublished":"2014-06-17T00:00:01+00:00","dateModified":"2020-07-01T19:28:02+00:00","breadcrumb":{"@id":"https:\/\/proagrolab.com.ar\/califican-de-inestable-al-ritmo-de-sacrificio-de-ganado-bovino-en-argentina\/#breadcrumb"},"inLanguage":"en-US","potentialAction":[{"@type":"ReadAction","target":["https:\/\/proagrolab.com.ar\/califican-de-inestable-al-ritmo-de-sacrificio-de-ganado-bovino-en-argentina\/"]}]},{"@type":"ImageObject","inLanguage":"en-US","@id":"https:\/\/proagrolab.com.ar\/califican-de-inestable-al-ritmo-de-sacrificio-de-ganado-bovino-en-argentina\/#primaryimage","url":"https:\/\/proagrolab.com.ar\/wp-content\/uploads\/2015\/01\/g_brhpi2zal__Frigorifico-3.jpg","contentUrl":"https:\/\/proagrolab.com.ar\/wp-content\/uploads\/2015\/01\/g_brhpi2zal__Frigorifico-3.jpg","width":450,"height":208},{"@type":"BreadcrumbList","@id":"https:\/\/proagrolab.com.ar\/califican-de-inestable-al-ritmo-de-sacrificio-de-ganado-bovino-en-argentina\/#breadcrumb","itemListElement":[{"@type":"ListItem","position":1,"name":"Portada","item":"https:\/\/proagrolab.com.ar\/"},{"@type":"ListItem","position":2,"name":"Califican de \u00abinestable\u00bb al ritmo de sacrificio de ganado bovino en Argentina."}]},{"@type":"WebSite","@id":"https:\/\/proagrolab.com.ar\/#website","url":"https:\/\/proagrolab.com.ar\/","name":"Proagro Laboratorio Veterinario","description":"Veterinary laboratory","publisher":{"@id":"https:\/\/proagrolab.com.ar\/#organization"},"potentialAction":[{"@type":"SearchAction","target":{"@type":"EntryPoint","urlTemplate":"https:\/\/proagrolab.com.ar\/?s={search_term_string}"},"query-input":{"@type":"PropertyValueSpecification","valueRequired":true,"valueName":"search_term_string"}}],"inLanguage":"en-US"},{"@type":"Organization","@id":"https:\/\/proagrolab.com.ar\/#organization","name":"Proagro","url":"https:\/\/proagrolab.com.ar\/","logo":{"@type":"ImageObject","inLanguage":"en-US","@id":"https:\/\/proagrolab.com.ar\/#\/schema\/logo\/image\/","url":"https:\/\/proagrolab.com.ar\/wp-content\/uploads\/2020\/04\/logo-retina.png","contentUrl":"https:\/\/proagrolab.com.ar\/wp-content\/uploads\/2020\/04\/logo-retina.png","width":478,"height":120,"caption":"Proagro"},"image":{"@id":"https:\/\/proagrolab.com.ar\/#\/schema\/logo\/image\/"},"sameAs":["http:\/\/www.facebook.com\/proagrolab","https:\/\/www.instagram.com\/proagrolab\/","https:\/\/www.linkedin.com\/company\/laboratorio-proagro-s-a\/"]},{"@type":"Person","@id":"https:\/\/proagrolab.com.ar\/#\/schema\/person\/38003ff90bf80381f71c7d922d207444","name":"proagrolab"}]}},"_links":{"self":[{"href":"https:\/\/proagrolab.com.ar\/en\/wp-json\/wp\/v2\/posts\/6180","targetHints":{"allow":["GET"]}}],"collection":[{"href":"https:\/\/proagrolab.com.ar\/en\/wp-json\/wp\/v2\/posts"}],"about":[{"href":"https:\/\/proagrolab.com.ar\/en\/wp-json\/wp\/v2\/types\/post"}],"author":[{"embeddable":true,"href":"https:\/\/proagrolab.com.ar\/en\/wp-json\/wp\/v2\/users\/2"}],"replies":[{"embeddable":true,"href":"https:\/\/proagrolab.com.ar\/en\/wp-json\/wp\/v2\/comments?post=6180"}],"version-history":[{"count":1,"href":"https:\/\/proagrolab.com.ar\/en\/wp-json\/wp\/v2\/posts\/6180\/revisions"}],"predecessor-version":[{"id":14439,"href":"https:\/\/proagrolab.com.ar\/en\/wp-json\/wp\/v2\/posts\/6180\/revisions\/14439"}],"wp:featuredmedia":[{"embeddable":true,"href":"https:\/\/proagrolab.com.ar\/en\/wp-json\/wp\/v2\/media\/2667"}],"wp:attachment":[{"href":"https:\/\/proagrolab.com.ar\/en\/wp-json\/wp\/v2\/media?parent=6180"}],"wp:term":[{"taxonomy":"category","embeddable":true,"href":"https:\/\/proagrolab.com.ar\/en\/wp-json\/wp\/v2\/categories?post=6180"},{"taxonomy":"post_tag","embeddable":true,"href":"https:\/\/proagrolab.com.ar\/en\/wp-json\/wp\/v2\/tags?post=6180"}],"curies":[{"name":"wp","href":"https:\/\/api.w.org\/{rel}","templated":true}]}}