{"id":6179,"date":"2014-06-17T00:00:01","date_gmt":"2014-06-17T00:00:01","guid":{"rendered":"https:\/\/proagrolab.com.ar\/preven-que-sera-dificil-para-uruguay-seguir-creciendo-en-la-cuota-carnica-481\/"},"modified":"2020-07-01T19:28:52","modified_gmt":"2020-07-01T19:28:52","slug":"preven-que-sera-dificil-para-uruguay-seguir-creciendo-en-la-cuota-carnica-481","status":"publish","type":"post","link":"https:\/\/proagrolab.com.ar\/en\/preven-que-sera-dificil-para-uruguay-seguir-creciendo-en-la-cuota-carnica-481\/","title":{"rendered":"Prev\u00e9n que ser\u00e1 dif\u00edcil para Uruguay seguir creciendo en la cuota c\u00e1rnica 481."},"content":{"rendered":"<p class=\"qtranxs-available-languages-message qtranxs-available-languages-message-en\"> <\/p><p>Las expectativas de crecimiento en la participaci\u00f3n de Uruguay en la Cuota 481 de carnes para la Uni\u00f3n Europea (UE) para el pr\u00f3ximo ejercicio, que comienza en julio venidero, son inciertas, seg\u00fan inform\u00f3 ElObservador.com.uy. Este an\u00e1lisis viene tras el progreso alcanzado en el actual per\u00edodo donde se habr\u00e1n de superar las 9 mil toneladas de exportaci\u00f3n. En ese marco, se modificaron algunas disposiciones que facilitan la preparaci\u00f3n de los animales con ese destino.<\/p>\n<p>Se estima que los vol\u00famenes de ganado que se encerrar\u00e1n en los corrales de engorde para el pr\u00f3ximo ejercicio son similares o un poco superiores a los del actual, poco m\u00e1s de 100 mil vacunos, destac\u00f3 al diario el presidente de la Asociaci\u00f3n Uruguaya de Producci\u00f3n de Carne Intensiva Natural (Aupcin), Alvaro Ferr\u00e9s.<\/p>\n<p>A futuro ello depender\u00e1 de los negocios generados por la Cuota 481, ya que los informes indican que se estar\u00eda alcanzando casi el 90% de cumplimiento del volumen asignado para negociar de 45.000 toneladas peso embarque.<\/p>\n<p>Por lo tanto, el crecimiento de negocios depender\u00e1 de c\u00f3mo se comporten otros pa\u00edses proveedores de ese mercado y a su vez si Argentina ingresa o no en este nuevo per\u00edodo, lo que se estima estar\u00eda ocurriendo antes de terminar 2014.<\/p>\n<p>En consecuencia, las posibilidades de crecimiento de los proveedores ser\u00e1n menores que en este per\u00edodo, que fue de un 28%, en funci\u00f3n de que apenas queda un poco m\u00e1s de un 11% para totalizar el cupo de 45.000 toneladas y de los cuales Uruguay ingresa este a\u00f1o con 9.000 toneladas.<\/p>\n<p>Fuente: Carnetec, 16 de junio.<br \/><\/p>","protected":false},"excerpt":{"rendered":"<p>Las expectativas de crecimiento en la participaci\u00f3n de Uruguay en la Cuota 481 de carnes para la Uni\u00f3n Europea (UE) para el pr\u00f3ximo ejercicio, que comienza en julio venidero, son inciertas, seg\u00fan inform\u00f3 ElObservador.com.uy. Este an\u00e1lisis viene tras el progreso alcanzado en el actual per\u00edodo donde se habr\u00e1n de superar las 9 mil toneladas de exportaci\u00f3n. En ese marco, se modificaron algunas disposiciones que facilitan la preparaci\u00f3n de los animales con ese destino. Se estima que los vol\u00famenes de ganado que se encerrar\u00e1n en los corrales de engorde para el pr\u00f3ximo ejercicio son similares o un poco superiores a los del actual, poco m\u00e1s de 100 mil vacunos, destac\u00f3 al diario el presidente de la Asociaci\u00f3n Uruguaya de Producci\u00f3n de Carne Intensiva Natural (Aupcin), Alvaro Ferr\u00e9s. A futuro ello depender\u00e1 de los negocios generados por la Cuota 481, ya que los informes indican que se estar\u00eda alcanzando casi el 90% de cumplimiento del volumen asignado para negociar de 45.000 toneladas peso embarque. Por lo tanto, el crecimiento de negocios depender\u00e1 de c\u00f3mo se comporten otros pa\u00edses proveedores de ese mercado y a su vez si Argentina ingresa o no en este nuevo per\u00edodo, lo que se estima estar\u00eda ocurriendo antes [&hellip;]<\/p>\n","protected":false},"author":2,"featured_media":2666,"comment_status":"closed","ping_status":"open","sticky":false,"template":"","format":"standard","meta":{"_acf_changed":false,"footnotes":""},"categories":[56],"tags":[],"class_list":["post-6179","post","type-post","status-publish","format-standard","has-post-thumbnail","hentry","category-infoganadero"],"acf":[],"yoast_head":"<!-- This site is optimized with the Yoast SEO plugin v27.4 - https:\/\/yoast.com\/product\/yoast-seo-wordpress\/ -->\n<title>Prev\u00e9n que ser\u00e1 dif\u00edcil para Uruguay seguir creciendo en la cuota c\u00e1rnica 481. | Proagro<\/title>\n<meta name=\"robots\" content=\"index, follow, max-snippet:-1, max-image-preview:large, max-video-preview:-1\" \/>\n<link rel=\"canonical\" href=\"https:\/\/proagrolab.com.ar\/en\/preven-que-sera-dificil-para-uruguay-seguir-creciendo-en-la-cuota-carnica-481\/\" \/>\n<meta property=\"og:locale\" content=\"en_US\" \/>\n<meta property=\"og:type\" content=\"article\" \/>\n<meta property=\"og:title\" content=\"Prev\u00e9n que ser\u00e1 dif\u00edcil para Uruguay seguir creciendo en la cuota c\u00e1rnica 481. | Proagro\" \/>\n<meta property=\"og:description\" content=\"Las expectativas de crecimiento en la participaci\u00f3n de Uruguay en la Cuota 481 de carnes para la Uni\u00f3n Europea (UE) para el pr\u00f3ximo ejercicio, que comienza en julio venidero, son inciertas, seg\u00fan inform\u00f3 ElObservador.com.uy. Este an\u00e1lisis viene tras el progreso alcanzado en el actual per\u00edodo donde se habr\u00e1n de superar las 9 mil toneladas de exportaci\u00f3n. En ese marco, se modificaron algunas disposiciones que facilitan la preparaci\u00f3n de los animales con ese destino. Se estima que los vol\u00famenes de ganado que se encerrar\u00e1n en los corrales de engorde para el pr\u00f3ximo ejercicio son similares o un poco superiores a los del actual, poco m\u00e1s de 100 mil vacunos, destac\u00f3 al diario el presidente de la Asociaci\u00f3n Uruguaya de Producci\u00f3n de Carne Intensiva Natural (Aupcin), Alvaro Ferr\u00e9s. A futuro ello depender\u00e1 de los negocios generados por la Cuota 481, ya que los informes indican que se estar\u00eda alcanzando casi el 90% de cumplimiento del volumen asignado para negociar de 45.000 toneladas peso embarque. Por lo tanto, el crecimiento de negocios depender\u00e1 de c\u00f3mo se comporten otros pa\u00edses proveedores de ese mercado y a su vez si Argentina ingresa o no en este nuevo per\u00edodo, lo que se estima estar\u00eda ocurriendo antes [&hellip;]\" \/>\n<meta property=\"og:url\" content=\"https:\/\/proagrolab.com.ar\/preven-que-sera-dificil-para-uruguay-seguir-creciendo-en-la-cuota-carnica-481\/\" \/>\n<meta property=\"og:site_name\" content=\"Proagro\" \/>\n<meta property=\"article:publisher\" content=\"http:\/\/www.facebook.com\/proagrolab\" \/>\n<meta property=\"article:published_time\" content=\"2014-06-17T00:00:01+00:00\" \/>\n<meta property=\"article:modified_time\" content=\"2020-07-01T19:28:52+00:00\" \/>\n<meta property=\"og:image\" content=\"https:\/\/proagrolab.com.ar\/wp-content\/uploads\/2015\/01\/g_e2s8v4atv__Bovinos-pastando.jpg\" \/>\n\t<meta property=\"og:image:width\" content=\"450\" \/>\n\t<meta property=\"og:image:height\" content=\"208\" \/>\n\t<meta property=\"og:image:type\" content=\"image\/jpeg\" \/>\n<meta name=\"author\" content=\"proagrolab\" \/>\n<meta name=\"twitter:card\" content=\"summary_large_image\" \/>\n<meta name=\"twitter:label1\" content=\"Written by\" \/>\n\t<meta name=\"twitter:data1\" content=\"proagrolab\" \/>\n\t<meta name=\"twitter:label2\" content=\"Est. reading time\" \/>\n\t<meta name=\"twitter:data2\" content=\"1 minute\" \/>\n<script type=\"application\/ld+json\" class=\"yoast-schema-graph\">{\"@context\":\"https:\\\/\\\/schema.org\",\"@graph\":[{\"@type\":\"Article\",\"@id\":\"https:\\\/\\\/proagrolab.com.ar\\\/preven-que-sera-dificil-para-uruguay-seguir-creciendo-en-la-cuota-carnica-481\\\/#article\",\"isPartOf\":{\"@id\":\"https:\\\/\\\/proagrolab.com.ar\\\/preven-que-sera-dificil-para-uruguay-seguir-creciendo-en-la-cuota-carnica-481\\\/\"},\"author\":{\"name\":\"proagrolab\",\"@id\":\"https:\\\/\\\/proagrolab.com.ar\\\/#\\\/schema\\\/person\\\/38003ff90bf80381f71c7d922d207444\"},\"headline\":\"Prev\u00e9n que ser\u00e1 dif\u00edcil para Uruguay seguir creciendo en la cuota c\u00e1rnica 481.\",\"datePublished\":\"2014-06-17T00:00:01+00:00\",\"dateModified\":\"2020-07-01T19:28:52+00:00\",\"mainEntityOfPage\":{\"@id\":\"https:\\\/\\\/proagrolab.com.ar\\\/preven-que-sera-dificil-para-uruguay-seguir-creciendo-en-la-cuota-carnica-481\\\/\"},\"wordCount\":289,\"publisher\":{\"@id\":\"https:\\\/\\\/proagrolab.com.ar\\\/#organization\"},\"image\":{\"@id\":\"https:\\\/\\\/proagrolab.com.ar\\\/preven-que-sera-dificil-para-uruguay-seguir-creciendo-en-la-cuota-carnica-481\\\/#primaryimage\"},\"thumbnailUrl\":\"https:\\\/\\\/proagrolab.com.ar\\\/wp-content\\\/uploads\\\/2015\\\/01\\\/g_e2s8v4atv__Bovinos-pastando.jpg\",\"articleSection\":[\"News\"],\"inLanguage\":\"en-US\"},{\"@type\":\"WebPage\",\"@id\":\"https:\\\/\\\/proagrolab.com.ar\\\/preven-que-sera-dificil-para-uruguay-seguir-creciendo-en-la-cuota-carnica-481\\\/\",\"url\":\"https:\\\/\\\/proagrolab.com.ar\\\/preven-que-sera-dificil-para-uruguay-seguir-creciendo-en-la-cuota-carnica-481\\\/\",\"name\":\"Prev\u00e9n que ser\u00e1 dif\u00edcil para Uruguay seguir creciendo en la cuota c\u00e1rnica 481. | Proagro\",\"isPartOf\":{\"@id\":\"https:\\\/\\\/proagrolab.com.ar\\\/#website\"},\"primaryImageOfPage\":{\"@id\":\"https:\\\/\\\/proagrolab.com.ar\\\/preven-que-sera-dificil-para-uruguay-seguir-creciendo-en-la-cuota-carnica-481\\\/#primaryimage\"},\"image\":{\"@id\":\"https:\\\/\\\/proagrolab.com.ar\\\/preven-que-sera-dificil-para-uruguay-seguir-creciendo-en-la-cuota-carnica-481\\\/#primaryimage\"},\"thumbnailUrl\":\"https:\\\/\\\/proagrolab.com.ar\\\/wp-content\\\/uploads\\\/2015\\\/01\\\/g_e2s8v4atv__Bovinos-pastando.jpg\",\"datePublished\":\"2014-06-17T00:00:01+00:00\",\"dateModified\":\"2020-07-01T19:28:52+00:00\",\"breadcrumb\":{\"@id\":\"https:\\\/\\\/proagrolab.com.ar\\\/preven-que-sera-dificil-para-uruguay-seguir-creciendo-en-la-cuota-carnica-481\\\/#breadcrumb\"},\"inLanguage\":\"en-US\",\"potentialAction\":[{\"@type\":\"ReadAction\",\"target\":[\"https:\\\/\\\/proagrolab.com.ar\\\/preven-que-sera-dificil-para-uruguay-seguir-creciendo-en-la-cuota-carnica-481\\\/\"]}]},{\"@type\":\"ImageObject\",\"inLanguage\":\"en-US\",\"@id\":\"https:\\\/\\\/proagrolab.com.ar\\\/preven-que-sera-dificil-para-uruguay-seguir-creciendo-en-la-cuota-carnica-481\\\/#primaryimage\",\"url\":\"https:\\\/\\\/proagrolab.com.ar\\\/wp-content\\\/uploads\\\/2015\\\/01\\\/g_e2s8v4atv__Bovinos-pastando.jpg\",\"contentUrl\":\"https:\\\/\\\/proagrolab.com.ar\\\/wp-content\\\/uploads\\\/2015\\\/01\\\/g_e2s8v4atv__Bovinos-pastando.jpg\",\"width\":450,\"height\":208},{\"@type\":\"BreadcrumbList\",\"@id\":\"https:\\\/\\\/proagrolab.com.ar\\\/preven-que-sera-dificil-para-uruguay-seguir-creciendo-en-la-cuota-carnica-481\\\/#breadcrumb\",\"itemListElement\":[{\"@type\":\"ListItem\",\"position\":1,\"name\":\"Portada\",\"item\":\"https:\\\/\\\/proagrolab.com.ar\\\/\"},{\"@type\":\"ListItem\",\"position\":2,\"name\":\"Prev\u00e9n que ser\u00e1 dif\u00edcil para Uruguay seguir creciendo en la cuota c\u00e1rnica 481.\"}]},{\"@type\":\"WebSite\",\"@id\":\"https:\\\/\\\/proagrolab.com.ar\\\/#website\",\"url\":\"https:\\\/\\\/proagrolab.com.ar\\\/\",\"name\":\"Proagro Laboratorio Veterinario\",\"description\":\"Veterinary laboratory\",\"publisher\":{\"@id\":\"https:\\\/\\\/proagrolab.com.ar\\\/#organization\"},\"potentialAction\":[{\"@type\":\"SearchAction\",\"target\":{\"@type\":\"EntryPoint\",\"urlTemplate\":\"https:\\\/\\\/proagrolab.com.ar\\\/?s={search_term_string}\"},\"query-input\":{\"@type\":\"PropertyValueSpecification\",\"valueRequired\":true,\"valueName\":\"search_term_string\"}}],\"inLanguage\":\"en-US\"},{\"@type\":\"Organization\",\"@id\":\"https:\\\/\\\/proagrolab.com.ar\\\/#organization\",\"name\":\"Proagro\",\"url\":\"https:\\\/\\\/proagrolab.com.ar\\\/\",\"logo\":{\"@type\":\"ImageObject\",\"inLanguage\":\"en-US\",\"@id\":\"https:\\\/\\\/proagrolab.com.ar\\\/#\\\/schema\\\/logo\\\/image\\\/\",\"url\":\"https:\\\/\\\/proagrolab.com.ar\\\/wp-content\\\/uploads\\\/2020\\\/04\\\/logo-retina.png\",\"contentUrl\":\"https:\\\/\\\/proagrolab.com.ar\\\/wp-content\\\/uploads\\\/2020\\\/04\\\/logo-retina.png\",\"width\":478,\"height\":120,\"caption\":\"Proagro\"},\"image\":{\"@id\":\"https:\\\/\\\/proagrolab.com.ar\\\/#\\\/schema\\\/logo\\\/image\\\/\"},\"sameAs\":[\"http:\\\/\\\/www.facebook.com\\\/proagrolab\",\"https:\\\/\\\/www.instagram.com\\\/proagrolab\\\/\",\"https:\\\/\\\/www.linkedin.com\\\/company\\\/laboratorio-proagro-s-a\\\/\"]},{\"@type\":\"Person\",\"@id\":\"https:\\\/\\\/proagrolab.com.ar\\\/#\\\/schema\\\/person\\\/38003ff90bf80381f71c7d922d207444\",\"name\":\"proagrolab\"}]}<\/script>\n<!-- \/ Yoast SEO plugin. -->","yoast_head_json":{"title":"Prev\u00e9n que ser\u00e1 dif\u00edcil para Uruguay seguir creciendo en la cuota c\u00e1rnica 481. | Proagro","robots":{"index":"index","follow":"follow","max-snippet":"max-snippet:-1","max-image-preview":"max-image-preview:large","max-video-preview":"max-video-preview:-1"},"canonical":"https:\/\/proagrolab.com.ar\/en\/preven-que-sera-dificil-para-uruguay-seguir-creciendo-en-la-cuota-carnica-481\/","og_locale":"en_US","og_type":"article","og_title":"Prev\u00e9n que ser\u00e1 dif\u00edcil para Uruguay seguir creciendo en la cuota c\u00e1rnica 481. | Proagro","og_description":"Las expectativas de crecimiento en la participaci\u00f3n de Uruguay en la Cuota 481 de carnes para la Uni\u00f3n Europea (UE) para el pr\u00f3ximo ejercicio, que comienza en julio venidero, son inciertas, seg\u00fan inform\u00f3 ElObservador.com.uy. Este an\u00e1lisis viene tras el progreso alcanzado en el actual per\u00edodo donde se habr\u00e1n de superar las 9 mil toneladas de exportaci\u00f3n. En ese marco, se modificaron algunas disposiciones que facilitan la preparaci\u00f3n de los animales con ese destino. Se estima que los vol\u00famenes de ganado que se encerrar\u00e1n en los corrales de engorde para el pr\u00f3ximo ejercicio son similares o un poco superiores a los del actual, poco m\u00e1s de 100 mil vacunos, destac\u00f3 al diario el presidente de la Asociaci\u00f3n Uruguaya de Producci\u00f3n de Carne Intensiva Natural (Aupcin), Alvaro Ferr\u00e9s. A futuro ello depender\u00e1 de los negocios generados por la Cuota 481, ya que los informes indican que se estar\u00eda alcanzando casi el 90% de cumplimiento del volumen asignado para negociar de 45.000 toneladas peso embarque. Por lo tanto, el crecimiento de negocios depender\u00e1 de c\u00f3mo se comporten otros pa\u00edses proveedores de ese mercado y a su vez si Argentina ingresa o no en este nuevo per\u00edodo, lo que se estima estar\u00eda ocurriendo antes [&hellip;]","og_url":"https:\/\/proagrolab.com.ar\/preven-que-sera-dificil-para-uruguay-seguir-creciendo-en-la-cuota-carnica-481\/","og_site_name":"Proagro","article_publisher":"http:\/\/www.facebook.com\/proagrolab","article_published_time":"2014-06-17T00:00:01+00:00","article_modified_time":"2020-07-01T19:28:52+00:00","og_image":[{"width":450,"height":208,"url":"https:\/\/proagrolab.com.ar\/wp-content\/uploads\/2015\/01\/g_e2s8v4atv__Bovinos-pastando.jpg","type":"image\/jpeg"}],"author":"proagrolab","twitter_card":"summary_large_image","twitter_misc":{"Written by":"proagrolab","Est. reading time":"1 minute"},"schema":{"@context":"https:\/\/schema.org","@graph":[{"@type":"Article","@id":"https:\/\/proagrolab.com.ar\/preven-que-sera-dificil-para-uruguay-seguir-creciendo-en-la-cuota-carnica-481\/#article","isPartOf":{"@id":"https:\/\/proagrolab.com.ar\/preven-que-sera-dificil-para-uruguay-seguir-creciendo-en-la-cuota-carnica-481\/"},"author":{"name":"proagrolab","@id":"https:\/\/proagrolab.com.ar\/#\/schema\/person\/38003ff90bf80381f71c7d922d207444"},"headline":"Prev\u00e9n que ser\u00e1 dif\u00edcil para Uruguay seguir creciendo en la cuota c\u00e1rnica 481.","datePublished":"2014-06-17T00:00:01+00:00","dateModified":"2020-07-01T19:28:52+00:00","mainEntityOfPage":{"@id":"https:\/\/proagrolab.com.ar\/preven-que-sera-dificil-para-uruguay-seguir-creciendo-en-la-cuota-carnica-481\/"},"wordCount":289,"publisher":{"@id":"https:\/\/proagrolab.com.ar\/#organization"},"image":{"@id":"https:\/\/proagrolab.com.ar\/preven-que-sera-dificil-para-uruguay-seguir-creciendo-en-la-cuota-carnica-481\/#primaryimage"},"thumbnailUrl":"https:\/\/proagrolab.com.ar\/wp-content\/uploads\/2015\/01\/g_e2s8v4atv__Bovinos-pastando.jpg","articleSection":["News"],"inLanguage":"en-US"},{"@type":"WebPage","@id":"https:\/\/proagrolab.com.ar\/preven-que-sera-dificil-para-uruguay-seguir-creciendo-en-la-cuota-carnica-481\/","url":"https:\/\/proagrolab.com.ar\/preven-que-sera-dificil-para-uruguay-seguir-creciendo-en-la-cuota-carnica-481\/","name":"Prev\u00e9n que ser\u00e1 dif\u00edcil para Uruguay seguir creciendo en la cuota c\u00e1rnica 481. | Proagro","isPartOf":{"@id":"https:\/\/proagrolab.com.ar\/#website"},"primaryImageOfPage":{"@id":"https:\/\/proagrolab.com.ar\/preven-que-sera-dificil-para-uruguay-seguir-creciendo-en-la-cuota-carnica-481\/#primaryimage"},"image":{"@id":"https:\/\/proagrolab.com.ar\/preven-que-sera-dificil-para-uruguay-seguir-creciendo-en-la-cuota-carnica-481\/#primaryimage"},"thumbnailUrl":"https:\/\/proagrolab.com.ar\/wp-content\/uploads\/2015\/01\/g_e2s8v4atv__Bovinos-pastando.jpg","datePublished":"2014-06-17T00:00:01+00:00","dateModified":"2020-07-01T19:28:52+00:00","breadcrumb":{"@id":"https:\/\/proagrolab.com.ar\/preven-que-sera-dificil-para-uruguay-seguir-creciendo-en-la-cuota-carnica-481\/#breadcrumb"},"inLanguage":"en-US","potentialAction":[{"@type":"ReadAction","target":["https:\/\/proagrolab.com.ar\/preven-que-sera-dificil-para-uruguay-seguir-creciendo-en-la-cuota-carnica-481\/"]}]},{"@type":"ImageObject","inLanguage":"en-US","@id":"https:\/\/proagrolab.com.ar\/preven-que-sera-dificil-para-uruguay-seguir-creciendo-en-la-cuota-carnica-481\/#primaryimage","url":"https:\/\/proagrolab.com.ar\/wp-content\/uploads\/2015\/01\/g_e2s8v4atv__Bovinos-pastando.jpg","contentUrl":"https:\/\/proagrolab.com.ar\/wp-content\/uploads\/2015\/01\/g_e2s8v4atv__Bovinos-pastando.jpg","width":450,"height":208},{"@type":"BreadcrumbList","@id":"https:\/\/proagrolab.com.ar\/preven-que-sera-dificil-para-uruguay-seguir-creciendo-en-la-cuota-carnica-481\/#breadcrumb","itemListElement":[{"@type":"ListItem","position":1,"name":"Portada","item":"https:\/\/proagrolab.com.ar\/"},{"@type":"ListItem","position":2,"name":"Prev\u00e9n que ser\u00e1 dif\u00edcil para Uruguay seguir creciendo en la cuota c\u00e1rnica 481."}]},{"@type":"WebSite","@id":"https:\/\/proagrolab.com.ar\/#website","url":"https:\/\/proagrolab.com.ar\/","name":"Proagro Laboratorio Veterinario","description":"Veterinary laboratory","publisher":{"@id":"https:\/\/proagrolab.com.ar\/#organization"},"potentialAction":[{"@type":"SearchAction","target":{"@type":"EntryPoint","urlTemplate":"https:\/\/proagrolab.com.ar\/?s={search_term_string}"},"query-input":{"@type":"PropertyValueSpecification","valueRequired":true,"valueName":"search_term_string"}}],"inLanguage":"en-US"},{"@type":"Organization","@id":"https:\/\/proagrolab.com.ar\/#organization","name":"Proagro","url":"https:\/\/proagrolab.com.ar\/","logo":{"@type":"ImageObject","inLanguage":"en-US","@id":"https:\/\/proagrolab.com.ar\/#\/schema\/logo\/image\/","url":"https:\/\/proagrolab.com.ar\/wp-content\/uploads\/2020\/04\/logo-retina.png","contentUrl":"https:\/\/proagrolab.com.ar\/wp-content\/uploads\/2020\/04\/logo-retina.png","width":478,"height":120,"caption":"Proagro"},"image":{"@id":"https:\/\/proagrolab.com.ar\/#\/schema\/logo\/image\/"},"sameAs":["http:\/\/www.facebook.com\/proagrolab","https:\/\/www.instagram.com\/proagrolab\/","https:\/\/www.linkedin.com\/company\/laboratorio-proagro-s-a\/"]},{"@type":"Person","@id":"https:\/\/proagrolab.com.ar\/#\/schema\/person\/38003ff90bf80381f71c7d922d207444","name":"proagrolab"}]}},"_links":{"self":[{"href":"https:\/\/proagrolab.com.ar\/en\/wp-json\/wp\/v2\/posts\/6179","targetHints":{"allow":["GET"]}}],"collection":[{"href":"https:\/\/proagrolab.com.ar\/en\/wp-json\/wp\/v2\/posts"}],"about":[{"href":"https:\/\/proagrolab.com.ar\/en\/wp-json\/wp\/v2\/types\/post"}],"author":[{"embeddable":true,"href":"https:\/\/proagrolab.com.ar\/en\/wp-json\/wp\/v2\/users\/2"}],"replies":[{"embeddable":true,"href":"https:\/\/proagrolab.com.ar\/en\/wp-json\/wp\/v2\/comments?post=6179"}],"version-history":[{"count":1,"href":"https:\/\/proagrolab.com.ar\/en\/wp-json\/wp\/v2\/posts\/6179\/revisions"}],"predecessor-version":[{"id":14440,"href":"https:\/\/proagrolab.com.ar\/en\/wp-json\/wp\/v2\/posts\/6179\/revisions\/14440"}],"wp:featuredmedia":[{"embeddable":true,"href":"https:\/\/proagrolab.com.ar\/en\/wp-json\/wp\/v2\/media\/2666"}],"wp:attachment":[{"href":"https:\/\/proagrolab.com.ar\/en\/wp-json\/wp\/v2\/media?parent=6179"}],"wp:term":[{"taxonomy":"category","embeddable":true,"href":"https:\/\/proagrolab.com.ar\/en\/wp-json\/wp\/v2\/categories?post=6179"},{"taxonomy":"post_tag","embeddable":true,"href":"https:\/\/proagrolab.com.ar\/en\/wp-json\/wp\/v2\/tags?post=6179"}],"curies":[{"name":"wp","href":"https:\/\/api.w.org\/{rel}","templated":true}]}}